{"id":11024,"date":"2017-02-08T10:24:21","date_gmt":"2017-02-08T09:24:21","guid":{"rendered":"https:\/\/www.inovallee.com\/?p=11024\/"},"modified":"2017-02-08T10:24:21","modified_gmt":"2017-02-08T09:24:21","slug":"assemblee-generale-d-inovallee-14-mars-2017","status":"publish","type":"post","link":"http:\/\/www.inovallee.com\/en\/assemblee-generale-d-inovallee-14-mars-2017\/","title":{"rendered":"[mardi 14 mars] R\u00e9servez vos places pour l&#039;Assembl\u00e9e G\u00e9n\u00e9rale d&#039;inovall\u00e9e, qui promet cette ann\u00e9e encore son lot de surprises !"},"content":{"rendered":"<p><a href=\"https:\/\/www.inovallee.com\/wp-content\/uploads\/2016\/01\/DSC_2862.jpg\"><img fetchpriority=\"high\" decoding=\"async\" class=\"alignleft size-thumbnail wp-image-5237\" src=\"https:\/\/www.inovallee.com\/wp-content\/uploads\/2016\/01\/DSC_2862-300x199.jpg\" sizes=\"(max-width: 300px) 100vw, 300px\" srcset=\"https:\/\/www.inovallee.com\/wp-content\/uploads\/2016\/01\/DSC_2862-300x199.jpg 300w, https:\/\/www.inovallee.com\/wp-content\/uploads\/2016\/01\/DSC_2862.jpg 305w\" alt=\"\" width=\"300\" height=\"199\" \/><\/a>Inovall\u00e9e invite l\u2019ensemble des dirigeants de la technopole mais \u00e9galement \u00a0ses partenaires et les acteurs de l\u2019\u00e9cosyst\u00e8me \u00e0 une grande soir\u00e9e conviviale et festive le<strong>\u00a0mardi 14 mars de 17h \u00e0 20h dans l\u2019amphith\u00e9atre d\u2019OrangeLabs<\/strong>.<br \/>\nAu programme de cette assembl\u00e9e g\u00e9n\u00e9rale : pr\u00e9sentation du bilan de conjoncture, du rapport d\u2019activit\u00e9, du rapport financier et \u00e9lection du nouveau Conseil d\u2019Administration. La soir\u00e9e sera riche en surprises, comme chaque ann\u00e9e, et s\u2019ach\u00e8vera autour d\u2019un cocktail networking, afin de poursuivre les \u00e9changes en toute convivialit\u00e9\u2026<br \/>\n<strong>R\u00e9servez d\u00e8s maintenant vos places<\/strong> aupr\u00e8s de Christine Afonso par mail <a href=\"mailto:accueil@inovallee.com\">accueil@inovallee.com<\/a> ou au 04 76 90 41 57 (attention nombre de places limit\u00e9).<\/p>","protected":false},"excerpt":{"rendered":"<p>Inovall\u00e9e invite l\u2019ensemble des dirigeants de la technopole mais \u00e9galement \u00a0ses partenaires et les acteurs de l\u2019\u00e9cosyst\u00e8me \u00e0 une grande soir\u00e9e conviviale et festive le\u00a0mardi 14 mars de 17h \u00e0 20h dans l\u2019amphith\u00e9atre d\u2019OrangeLabs. Au programme de cette assembl\u00e9e g\u00e9n\u00e9rale : pr\u00e9sentation du bilan de conjoncture, du rapport d\u2019activit\u00e9, du rapport financier et \u00e9lection du [&hellip;]<\/p>\n","protected":false},"author":6,"featured_media":7970,"comment_status":"closed","ping_status":"open","sticky":false,"template":"","format":"standard","meta":{"footnotes":""},"categories":[35,29],"tags":[],"class_list":["post-11024","post","type-post","status-publish","format-standard","has-post-thumbnail","hentry","category-sports-loisirs-culture-inovallee","category-evenements"],"yoast_head":"<!-- This site is optimized with the Yoast SEO plugin v27.4 - https:\/\/yoast.com\/product\/yoast-seo-wordpress\/ -->\n<title>[mardi 14 mars] R\u00e9servez vos places pour l&#039;Assembl\u00e9e G\u00e9n\u00e9rale d&#039;inovall\u00e9e, qui promet cette ann\u00e9e encore son lot de surprises ! - inovall\u00e9e<\/title>\n<meta name=\"description\" content=\"L&#039;assembl\u00e9e g\u00e9n\u00e9rale d&#039;inovall\u00e9e aura lieu le 14 mars \u00e0 17h \u00e0 Orange Labs. R\u00e9servez d\u00e8s maintenant vos places pour une soir\u00e9e networking conviviale.\" \/>\n<meta name=\"robots\" content=\"index, follow, max-snippet:-1, max-image-preview:large, max-video-preview:-1\" \/>\n<link rel=\"canonical\" href=\"https:\/\/www.inovallee.com\/en\/assemblee-generale-d-inovallee-14-mars-2017\/\" \/>\n<meta property=\"og:locale\" content=\"en_GB\" \/>\n<meta property=\"og:type\" content=\"article\" \/>\n<meta property=\"og:title\" content=\"[mardi 14 mars] R\u00e9servez vos places pour l&#039;Assembl\u00e9e G\u00e9n\u00e9rale d&#039;inovall\u00e9e, qui promet cette ann\u00e9e encore son lot de surprises ! - inovall\u00e9e\" \/>\n<meta property=\"og:description\" content=\"L&#039;assembl\u00e9e g\u00e9n\u00e9rale d&#039;inovall\u00e9e aura lieu le 14 mars \u00e0 17h \u00e0 Orange Labs. R\u00e9servez d\u00e8s maintenant vos places pour une soir\u00e9e networking conviviale.\" \/>\n<meta property=\"og:url\" content=\"https:\/\/www.inovallee.com\/en\/assemblee-generale-d-inovallee-14-mars-2017\/\" \/>\n<meta property=\"og:site_name\" content=\"inovall\u00e9e\" \/>\n<meta property=\"article:publisher\" content=\"https:\/\/www.facebook.com\/technopoleinovallee\/\" \/>\n<meta property=\"article:published_time\" content=\"2017-02-08T09:24:21+00:00\" \/>\n<meta property=\"og:image\" content=\"https:\/\/www.inovallee.com\/wp-content\/uploads\/2016\/06\/assemblee-generale-2016_0080-e1486541185907.jpg\" \/>\n\t<meta property=\"og:image:width\" content=\"900\" \/>\n\t<meta property=\"og:image:height\" content=\"596\" \/>\n\t<meta property=\"og:image:type\" content=\"image\/jpeg\" \/>\n<meta name=\"author\" content=\"Inovallee\" \/>\n<meta name=\"twitter:card\" content=\"summary_large_image\" \/>\n<meta name=\"twitter:creator\" content=\"@inovallee\" \/>\n<meta name=\"twitter:site\" content=\"@inovallee\" \/>\n<meta name=\"twitter:label1\" content=\"Written by\" \/>\n\t<meta name=\"twitter:data1\" content=\"Inovallee\" \/>\n\t<meta name=\"twitter:label2\" content=\"Estimated reading time\" \/>\n\t<meta name=\"twitter:data2\" content=\"1 minute\" \/>\n<script type=\"application\/ld+json\" class=\"yoast-schema-graph\">{\"@context\":\"https:\\\/\\\/schema.org\",\"@graph\":[{\"@type\":\"Article\",\"@id\":\"https:\\\/\\\/www.inovallee.com\\\/assemblee-generale-d-inovallee-14-mars-2017\\\/#article\",\"isPartOf\":{\"@id\":\"https:\\\/\\\/www.inovallee.com\\\/assemblee-generale-d-inovallee-14-mars-2017\\\/\"},\"author\":{\"name\":\"Inovallee\",\"@id\":\"https:\\\/\\\/www.inovallee.com\\\/#\\\/schema\\\/person\\\/a45b15518aad3111b2d61d257a3e023b\"},\"headline\":\"[mardi 14 mars] R\u00e9servez vos places pour l&#039;Assembl\u00e9e G\u00e9n\u00e9rale d&#039;inovall\u00e9e, qui promet cette ann\u00e9e encore son lot de surprises !\",\"datePublished\":\"2017-02-08T09:24:21+00:00\",\"mainEntityOfPage\":{\"@id\":\"https:\\\/\\\/www.inovallee.com\\\/assemblee-generale-d-inovallee-14-mars-2017\\\/\"},\"wordCount\":147,\"publisher\":{\"@id\":\"https:\\\/\\\/www.inovallee.com\\\/#organization\"},\"image\":{\"@id\":\"https:\\\/\\\/www.inovallee.com\\\/assemblee-generale-d-inovallee-14-mars-2017\\\/#primaryimage\"},\"thumbnailUrl\":\"https:\\\/\\\/www.inovallee.com\\\/wp-content\\\/uploads\\\/2016\\\/06\\\/assemblee-generale-2016_0080-e1486541185907.jpg\",\"articleSection\":[\"Sports &amp; Loisirs\",\"Technopole inovall\u00e9e\"],\"inLanguage\":\"en-GB\"},{\"@type\":\"WebPage\",\"@id\":\"https:\\\/\\\/www.inovallee.com\\\/assemblee-generale-d-inovallee-14-mars-2017\\\/\",\"url\":\"https:\\\/\\\/www.inovallee.com\\\/assemblee-generale-d-inovallee-14-mars-2017\\\/\",\"name\":\"[mardi 14 mars] R\u00e9servez vos places pour l&#039;Assembl\u00e9e G\u00e9n\u00e9rale d&#039;inovall\u00e9e, qui promet cette ann\u00e9e encore son lot de surprises ! - inovall\u00e9e\",\"isPartOf\":{\"@id\":\"https:\\\/\\\/www.inovallee.com\\\/#website\"},\"primaryImageOfPage\":{\"@id\":\"https:\\\/\\\/www.inovallee.com\\\/assemblee-generale-d-inovallee-14-mars-2017\\\/#primaryimage\"},\"image\":{\"@id\":\"https:\\\/\\\/www.inovallee.com\\\/assemblee-generale-d-inovallee-14-mars-2017\\\/#primaryimage\"},\"thumbnailUrl\":\"https:\\\/\\\/www.inovallee.com\\\/wp-content\\\/uploads\\\/2016\\\/06\\\/assemblee-generale-2016_0080-e1486541185907.jpg\",\"datePublished\":\"2017-02-08T09:24:21+00:00\",\"description\":\"L'assembl\u00e9e g\u00e9n\u00e9rale d'inovall\u00e9e aura lieu le 14 mars \u00e0 17h \u00e0 Orange Labs. R\u00e9servez d\u00e8s maintenant vos places pour une soir\u00e9e networking conviviale.\",\"breadcrumb\":{\"@id\":\"https:\\\/\\\/www.inovallee.com\\\/assemblee-generale-d-inovallee-14-mars-2017\\\/#breadcrumb\"},\"inLanguage\":\"en-GB\",\"potentialAction\":[{\"@type\":\"ReadAction\",\"target\":[\"https:\\\/\\\/www.inovallee.com\\\/assemblee-generale-d-inovallee-14-mars-2017\\\/\"]}]},{\"@type\":\"ImageObject\",\"inLanguage\":\"en-GB\",\"@id\":\"https:\\\/\\\/www.inovallee.com\\\/assemblee-generale-d-inovallee-14-mars-2017\\\/#primaryimage\",\"url\":\"https:\\\/\\\/www.inovallee.com\\\/wp-content\\\/uploads\\\/2016\\\/06\\\/assemblee-generale-2016_0080-e1486541185907.jpg\",\"contentUrl\":\"https:\\\/\\\/www.inovallee.com\\\/wp-content\\\/uploads\\\/2016\\\/06\\\/assemblee-generale-2016_0080-e1486541185907.jpg\",\"width\":900,\"height\":596},{\"@type\":\"BreadcrumbList\",\"@id\":\"https:\\\/\\\/www.inovallee.com\\\/assemblee-generale-d-inovallee-14-mars-2017\\\/#breadcrumb\",\"itemListElement\":[{\"@type\":\"ListItem\",\"position\":1,\"name\":\"Accueil\",\"item\":\"https:\\\/\\\/www.inovallee.com\\\/\"},{\"@type\":\"ListItem\",\"position\":2,\"name\":\"[mardi 14 mars] R\u00e9servez vos places pour l&#039;Assembl\u00e9e G\u00e9n\u00e9rale d&#039;inovall\u00e9e, qui promet cette ann\u00e9e encore son lot de surprises !\"}]},{\"@type\":\"WebSite\",\"@id\":\"https:\\\/\\\/www.inovallee.com\\\/#website\",\"url\":\"https:\\\/\\\/www.inovallee.com\\\/\",\"name\":\"inovall\u00e9e technopole, Home to software & smart technologies\",\"description\":\"Home to software &amp; smart technologies\",\"publisher\":{\"@id\":\"https:\\\/\\\/www.inovallee.com\\\/#organization\"},\"potentialAction\":[{\"@type\":\"SearchAction\",\"target\":{\"@type\":\"EntryPoint\",\"urlTemplate\":\"https:\\\/\\\/www.inovallee.com\\\/?s={search_term_string}\"},\"query-input\":{\"@type\":\"PropertyValueSpecification\",\"valueRequired\":true,\"valueName\":\"search_term_string\"}}],\"inLanguage\":\"en-GB\"},{\"@type\":\"Organization\",\"@id\":\"https:\\\/\\\/www.inovallee.com\\\/#organization\",\"name\":\"inovall\u00e9e\",\"url\":\"https:\\\/\\\/www.inovallee.com\\\/\",\"logo\":{\"@type\":\"ImageObject\",\"inLanguage\":\"en-GB\",\"@id\":\"https:\\\/\\\/www.inovallee.com\\\/#\\\/schema\\\/logo\\\/image\\\/\",\"url\":\"https:\\\/\\\/www.inovallee.com\\\/wp-content\\\/uploads\\\/2023\\\/08\\\/inovallee_2022_GrenobleAlpes.png\",\"contentUrl\":\"https:\\\/\\\/www.inovallee.com\\\/wp-content\\\/uploads\\\/2023\\\/08\\\/inovallee_2022_GrenobleAlpes.png\",\"width\":945,\"height\":369,\"caption\":\"inovall\u00e9e\"},\"image\":{\"@id\":\"https:\\\/\\\/www.inovallee.com\\\/#\\\/schema\\\/logo\\\/image\\\/\"},\"sameAs\":[\"https:\\\/\\\/www.facebook.com\\\/technopoleinovallee\\\/\",\"https:\\\/\\\/x.com\\\/inovallee\",\"https:\\\/\\\/www.linkedin.com\\\/company\\\/inovall-e\\\/\",\"https:\\\/\\\/www.youtube.com\\\/user\\\/inovallee?reload=9\"]},{\"@type\":\"Person\",\"@id\":\"https:\\\/\\\/www.inovallee.com\\\/#\\\/schema\\\/person\\\/a45b15518aad3111b2d61d257a3e023b\",\"name\":\"Inovallee\"}]}<\/script>\n<!-- \/ Yoast SEO plugin. -->","yoast_head_json":{"title":"[mardi 14 mars] R\u00e9servez vos places pour l&#039;Assembl\u00e9e G\u00e9n\u00e9rale d&#039;inovall\u00e9e, qui promet cette ann\u00e9e encore son lot de surprises ! - inovall\u00e9e","description":"L'assembl\u00e9e g\u00e9n\u00e9rale d'inovall\u00e9e aura lieu le 14 mars \u00e0 17h \u00e0 Orange Labs. R\u00e9servez d\u00e8s maintenant vos places pour une soir\u00e9e networking conviviale.","robots":{"index":"index","follow":"follow","max-snippet":"max-snippet:-1","max-image-preview":"max-image-preview:large","max-video-preview":"max-video-preview:-1"},"canonical":"https:\/\/www.inovallee.com\/en\/assemblee-generale-d-inovallee-14-mars-2017\/","og_locale":"en_GB","og_type":"article","og_title":"[mardi 14 mars] R\u00e9servez vos places pour l&#039;Assembl\u00e9e G\u00e9n\u00e9rale d&#039;inovall\u00e9e, qui promet cette ann\u00e9e encore son lot de surprises ! - inovall\u00e9e","og_description":"L'assembl\u00e9e g\u00e9n\u00e9rale d'inovall\u00e9e aura lieu le 14 mars \u00e0 17h \u00e0 Orange Labs. R\u00e9servez d\u00e8s maintenant vos places pour une soir\u00e9e networking conviviale.","og_url":"https:\/\/www.inovallee.com\/en\/assemblee-generale-d-inovallee-14-mars-2017\/","og_site_name":"inovall\u00e9e","article_publisher":"https:\/\/www.facebook.com\/technopoleinovallee\/","article_published_time":"2017-02-08T09:24:21+00:00","og_image":[{"width":900,"height":596,"url":"https:\/\/www.inovallee.com\/wp-content\/uploads\/2016\/06\/assemblee-generale-2016_0080-e1486541185907.jpg","type":"image\/jpeg"}],"author":"Inovallee","twitter_card":"summary_large_image","twitter_creator":"@inovallee","twitter_site":"@inovallee","twitter_misc":{"Written by":"Inovallee","Estimated reading time":"1 minute"},"schema":{"@context":"https:\/\/schema.org","@graph":[{"@type":"Article","@id":"https:\/\/www.inovallee.com\/assemblee-generale-d-inovallee-14-mars-2017\/#article","isPartOf":{"@id":"https:\/\/www.inovallee.com\/assemblee-generale-d-inovallee-14-mars-2017\/"},"author":{"name":"Inovallee","@id":"https:\/\/www.inovallee.com\/#\/schema\/person\/a45b15518aad3111b2d61d257a3e023b"},"headline":"[mardi 14 mars] R\u00e9servez vos places pour l&#039;Assembl\u00e9e G\u00e9n\u00e9rale d&#039;inovall\u00e9e, qui promet cette ann\u00e9e encore son lot de surprises !","datePublished":"2017-02-08T09:24:21+00:00","mainEntityOfPage":{"@id":"https:\/\/www.inovallee.com\/assemblee-generale-d-inovallee-14-mars-2017\/"},"wordCount":147,"publisher":{"@id":"https:\/\/www.inovallee.com\/#organization"},"image":{"@id":"https:\/\/www.inovallee.com\/assemblee-generale-d-inovallee-14-mars-2017\/#primaryimage"},"thumbnailUrl":"https:\/\/www.inovallee.com\/wp-content\/uploads\/2016\/06\/assemblee-generale-2016_0080-e1486541185907.jpg","articleSection":["Sports &amp; Loisirs","Technopole inovall\u00e9e"],"inLanguage":"en-GB"},{"@type":"WebPage","@id":"https:\/\/www.inovallee.com\/assemblee-generale-d-inovallee-14-mars-2017\/","url":"https:\/\/www.inovallee.com\/assemblee-generale-d-inovallee-14-mars-2017\/","name":"[mardi 14 mars] R\u00e9servez vos places pour l&#039;Assembl\u00e9e G\u00e9n\u00e9rale d&#039;inovall\u00e9e, qui promet cette ann\u00e9e encore son lot de surprises ! - inovall\u00e9e","isPartOf":{"@id":"https:\/\/www.inovallee.com\/#website"},"primaryImageOfPage":{"@id":"https:\/\/www.inovallee.com\/assemblee-generale-d-inovallee-14-mars-2017\/#primaryimage"},"image":{"@id":"https:\/\/www.inovallee.com\/assemblee-generale-d-inovallee-14-mars-2017\/#primaryimage"},"thumbnailUrl":"https:\/\/www.inovallee.com\/wp-content\/uploads\/2016\/06\/assemblee-generale-2016_0080-e1486541185907.jpg","datePublished":"2017-02-08T09:24:21+00:00","description":"L'assembl\u00e9e g\u00e9n\u00e9rale d'inovall\u00e9e aura lieu le 14 mars \u00e0 17h \u00e0 Orange Labs. R\u00e9servez d\u00e8s maintenant vos places pour une soir\u00e9e networking conviviale.","breadcrumb":{"@id":"https:\/\/www.inovallee.com\/assemblee-generale-d-inovallee-14-mars-2017\/#breadcrumb"},"inLanguage":"en-GB","potentialAction":[{"@type":"ReadAction","target":["https:\/\/www.inovallee.com\/assemblee-generale-d-inovallee-14-mars-2017\/"]}]},{"@type":"ImageObject","inLanguage":"en-GB","@id":"https:\/\/www.inovallee.com\/assemblee-generale-d-inovallee-14-mars-2017\/#primaryimage","url":"https:\/\/www.inovallee.com\/wp-content\/uploads\/2016\/06\/assemblee-generale-2016_0080-e1486541185907.jpg","contentUrl":"https:\/\/www.inovallee.com\/wp-content\/uploads\/2016\/06\/assemblee-generale-2016_0080-e1486541185907.jpg","width":900,"height":596},{"@type":"BreadcrumbList","@id":"https:\/\/www.inovallee.com\/assemblee-generale-d-inovallee-14-mars-2017\/#breadcrumb","itemListElement":[{"@type":"ListItem","position":1,"name":"Accueil","item":"https:\/\/www.inovallee.com\/"},{"@type":"ListItem","position":2,"name":"[mardi 14 mars] R\u00e9servez vos places pour l&#039;Assembl\u00e9e G\u00e9n\u00e9rale d&#039;inovall\u00e9e, qui promet cette ann\u00e9e encore son lot de surprises !"}]},{"@type":"WebSite","@id":"https:\/\/www.inovallee.com\/#website","url":"https:\/\/www.inovallee.com\/","name":"inovall\u00e9e technopole, Home to software & smart technologies","description":"Home to software &amp; smart technologies","publisher":{"@id":"https:\/\/www.inovallee.com\/#organization"},"potentialAction":[{"@type":"SearchAction","target":{"@type":"EntryPoint","urlTemplate":"https:\/\/www.inovallee.com\/?s={search_term_string}"},"query-input":{"@type":"PropertyValueSpecification","valueRequired":true,"valueName":"search_term_string"}}],"inLanguage":"en-GB"},{"@type":"Organization","@id":"https:\/\/www.inovallee.com\/#organization","name":"inovall\u00e9e","url":"https:\/\/www.inovallee.com\/","logo":{"@type":"ImageObject","inLanguage":"en-GB","@id":"https:\/\/www.inovallee.com\/#\/schema\/logo\/image\/","url":"https:\/\/www.inovallee.com\/wp-content\/uploads\/2023\/08\/inovallee_2022_GrenobleAlpes.png","contentUrl":"https:\/\/www.inovallee.com\/wp-content\/uploads\/2023\/08\/inovallee_2022_GrenobleAlpes.png","width":945,"height":369,"caption":"inovall\u00e9e"},"image":{"@id":"https:\/\/www.inovallee.com\/#\/schema\/logo\/image\/"},"sameAs":["https:\/\/www.facebook.com\/technopoleinovallee\/","https:\/\/x.com\/inovallee","https:\/\/www.linkedin.com\/company\/inovall-e\/","https:\/\/www.youtube.com\/user\/inovallee?reload=9"]},{"@type":"Person","@id":"https:\/\/www.inovallee.com\/#\/schema\/person\/a45b15518aad3111b2d61d257a3e023b","name":"Inovallee"}]}},"_links":{"self":[{"href":"http:\/\/www.inovallee.com\/en\/wp-json\/wp\/v2\/posts\/11024","targetHints":{"allow":["GET"]}}],"collection":[{"href":"http:\/\/www.inovallee.com\/en\/wp-json\/wp\/v2\/posts"}],"about":[{"href":"http:\/\/www.inovallee.com\/en\/wp-json\/wp\/v2\/types\/post"}],"author":[{"embeddable":true,"href":"http:\/\/www.inovallee.com\/en\/wp-json\/wp\/v2\/users\/6"}],"replies":[{"embeddable":true,"href":"http:\/\/www.inovallee.com\/en\/wp-json\/wp\/v2\/comments?post=11024"}],"version-history":[{"count":0,"href":"http:\/\/www.inovallee.com\/en\/wp-json\/wp\/v2\/posts\/11024\/revisions"}],"wp:featuredmedia":[{"embeddable":true,"href":"http:\/\/www.inovallee.com\/en\/wp-json\/wp\/v2\/media\/7970"}],"wp:attachment":[{"href":"http:\/\/www.inovallee.com\/en\/wp-json\/wp\/v2\/media?parent=11024"}],"wp:term":[{"taxonomy":"category","embeddable":true,"href":"http:\/\/www.inovallee.com\/en\/wp-json\/wp\/v2\/categories?post=11024"},{"taxonomy":"post_tag","embeddable":true,"href":"http:\/\/www.inovallee.com\/en\/wp-json\/wp\/v2\/tags?post=11024"}],"curies":[{"name":"wp","href":"https:\/\/api.w.org\/{rel}","templated":true}]}}