{"id":1619,"date":"2014-03-10T10:43:00","date_gmt":"2014-03-10T09:43:00","guid":{"rendered":"https:\/\/www.inovallee.com\/un-bel-article-sur-lespace-de-coworking-inovallee\/"},"modified":"2014-03-10T10:43:00","modified_gmt":"2014-03-10T09:43:00","slug":"un-bel-article-sur-lespace-de-coworking-inovallee","status":"publish","type":"post","link":"http:\/\/www.inovallee.com\/en\/un-bel-article-sur-lespace-de-coworking-inovallee\/","title":{"rendered":"Un bel article sur l&#039;espace de coworking inovall\u00e9e !"},"content":{"rendered":"<div dir=\"ltr\" style=\"text-align: left;\">\n<div style=\"clear: both; text-align: center;\"><span style=\"font-family: Verdana,sans-serif;\"><a href=\"http:\/\/1.bp.blogspot.com\/-93bo0n6eAVM\/Ux2IraRnw4I\/AAAAAAAAKLo\/T8GE3DOBznE\/s1600\/article_dl_coworking.jpg\" style=\"clear: left; float: left; margin-bottom: 1em; margin-right: 1em;\"><img fetchpriority=\"high\" decoding=\"async\" border=\"0\" src=\"http:\/\/1.bp.blogspot.com\/-93bo0n6eAVM\/Ux2IraRnw4I\/AAAAAAAAKLo\/T8GE3DOBznE\/s1600\/article_dl_coworking.jpg\" height=\"633\" width=\"640\" \/><\/a><\/span><\/div>\n<p><span style=\"font-family: Verdana,sans-serif;\"><br \/><\/span><span style=\"font-family: Verdana,sans-serif;\"><br \/><\/span><span style=\"font-family: Verdana,sans-serif;\"><b><br \/><\/b><\/span><span style=\"font-family: Verdana,sans-serif;\"><b>Le Dauphin\u00e9 Lib\u00e9r\u00e9 met en lumi\u00e8re l&rsquo;espace de coworking qui vient d&rsquo;ouvrir ses portes aux ind\u00e9pendants, consultants et cr\u00e9ateurs sur inovall\u00e9e.<\/b><\/span><br \/><span style=\"font-family: Verdana,sans-serif;\"><br \/><\/span><span style=\"font-family: Verdana,sans-serif;\">\u00ab\u00a0Le 6 janvier dernier, inovall\u00e9e, la structure d\u2019animation de la technopole is\u00e9roise, emm\u00e9nageait dans ses nouveaux locaux au 29 chemin du vieux ch\u00eane, aux c\u00f4t\u00e9s des 14 start-up de la p\u00e9pini\u00e8re qu\u2019elle accompagne, et de la MIE-MIFE Sud Is\u00e8re qui doit rejoindre le b\u00e2timent d\u00e8s la semaine prochaine. Entreprises technologiques matures (inovall\u00e9e ne compte pas moins de 350 entreprises et pr\u00e8s de 12000 emplois, essentiellement dans les technologies num\u00e9riques), start-up de cr\u00e9ation r\u00e9cente ou en cours (avec le lancement du Tarmac), futurs cr\u00e9ateurs accompagn\u00e9s par la MIE, il ne manquait qu\u2019une corde \u00e0 l\u2019arc de \u00ab l\u2019a\u00e9rop\u00f4le entrepreneurial \u00bb d\u2019inovall\u00e9e : un espace de travail totalement souple pour permettre aux entrepreneurs, mais aussi aux ind\u00e9pendants et aux consultants de d\u00e9velopper leur activit\u00e9 dans un esprit nomade. Le coworking \u00e9tait n\u00e9 ! Gr\u00e2ce au partenariat r\u00e9cemment conclu avec la banque Populaire des Alpes, inovall\u00e9e a pu am\u00e9nager un bel espace de 60 m\u00b2, soit une quinzaine de postes de travail, pour accueillir \u00e0 la carte par demi-journ\u00e9e, ou en r\u00e9sidence (mi-temps ou plein temps), tous ceux qui recherchent un espace de travail convivial o\u00f9 ils trouveront tous les outils n\u00e9cessaires \u00e0 leur activit\u00e9 (Internet, reprographie partag\u00e9e, salles de RDV ou de r\u00e9union), mais o\u00f9 surtout, ils pourront int\u00e9grer une v\u00e9ritable communaut\u00e9 entrepreneuriale. \u00ab Nous organisons pr\u00e8s de 150 \u00e9v\u00e9nements par an \u00bb, souligne Annie Soufi, Directrice d\u2019inovall\u00e9e. \u00ab Professionnels \u00e9videmment : petits d\u00e9jeuners, workshops, conf\u00e9rences, portes ouvertes, formations\u2026), mais aussi conviviaux et festifs (arbre de No\u00ebl, cross, barbecue, d\u00e9jeuners et ap\u00e9ros de networking\u2026), et ce pour nourrir le r\u00e9seau des dirigeants et faciliter leur int\u00e9gration dans l\u2019\u00e9cosyst\u00e8me grenoblois \u00bb, poursuit-elle.  Un excellent moyen pour les coworkers de rencontrer sur place leurs futurs partenaires et\/ou clients potentiels. \u00abConsultant en mobilit\u00e9 des hommes, des organisations et des technologies, je r\u00e9side en Savoie mais je suis r\u00e9guli\u00e8rement amen\u00e9 \u00e0 travailler avec des entreprises et des institutions grenobloises et inovalliennes. Cet espace de coworking me permet de b\u00e9n\u00e9ficier d\u2019un pied-\u00e0-terre sur place au gr\u00e9 de mes besoins tout en me donnant la possibilit\u00e9 de me faire conna\u00eetre aupr\u00e8s des d\u00e9cideurs \u00bb, t\u00e9moigne R\u00e9gis Gautheron (RG Mobility).  Car ici comme dans tous les espaces de coworking, la souplesse est de rigueur : \u00ab pas de r\u00e9servation ni engagement de dur\u00e9e, chacun peut changer librement de formule d\u2019un mois sur l\u2018autre en alternant entre carnet de 10 demi-journ\u00e9es et abonnements mensuel, une vraie libert\u00e9 de travail qui correspond aux nouvelles attentes des digital native \u00bb, conclut Claire Chanterelle, responsable du Tarmac\u00a0\u00bb. <\/span><br \/><span style=\"font-family: Verdana,sans-serif;\"><b><br \/><\/b><\/span><span style=\"font-family: Verdana,sans-serif;\"><b>Avec le t\u00e9moignage d&rsquo;un coworker inovallien !&nbsp;<\/b><\/span><br \/><span style=\"font-family: Verdana,sans-serif;\">\u00ab\u00a0Antoine Joubert, un coworker heureux !&nbsp;<\/span><br \/><span style=\"font-family: Verdana,sans-serif;\">Depuis 8 ans, je partage mon temps entre la France et l\u2019\u00e9tranger (Espagne, P\u00e9rou, Equateur, Australie \u2026) avec une grosse activit\u00e9 professionnelle \u00e0 l\u2019\u00e9tranger o\u00f9 j\u2019ai construit toute ma dynamique de r\u00e9seau. Du coup, je vivais un vrai d\u00e9calage lors de mes retours en France o\u00f9 je me retrouvais isol\u00e9 en travaillant de chez moi. Il y a un an et demi, je cherchais un espace de coworking mais il n\u2019y avait rien encore sur Grenoble. Depuis, les choses ont pas mal boug\u00e9 puisque 3 espaces se sont ouverts en quelques mois. Et c\u2019est une vraie opportunit\u00e9 pour un porteur de projet comme moi de trouver un espace de travail professionnel, mais aussi et surtout une communaut\u00e9 d\u2019entrepreneurs o\u00f9 je peux \u00e9changer avec d\u2019autres cr\u00e9ateurs pour faire \u00e9voluer mon projet. Je travaille actuellement sur un projet d\u00e9velopp\u00e9 en partenariat avec une entreprise agro-alimentaire p\u00e9ruvienne pour lui ouvrir le march\u00e9 francophone en cr\u00e9ant un concept de contrat de fili\u00e8re pour des produits naturels et biologiques tels que les graines des Andes et d\u2019Amazonie (quinoa), des racines et des tubercules  (maca), des fruits natifs (camu camu)\u2026 Inovall\u00e9e pr\u00e9sentait beaucoup d\u2019avantages pour moi, par la proximit\u00e9 g\u00e9ographique (je suis meylanais), les tarifs attractifs, les facilit\u00e9s et la gratuit\u00e9 des parkings, les nombreux \u00e9v\u00e9nements propos\u00e9s, la mixit\u00e9 qu\u2019on trouve dans les lieux et les possibilit\u00e9s d\u2019\u00e9changes avec les start-up du Tarmac et les entrepreneurs d\u2019inovall\u00e9e, mais aussi les liens que nouent inovall\u00e9e avec l\u2019ensemble de l\u2019\u00e9cosyst\u00e8me grenoblois et qui sont autant de portes ouvertes ! <a href=\"mailto:Ajoubert.int@gmail.com\">Ajoubert.int@gmail.com<\/a>\u00ab\u00a0<\/span><\/div>","protected":false},"excerpt":{"rendered":"<p>Le Dauphin\u00e9 Lib\u00e9r\u00e9 met en lumi\u00e8re l&rsquo;espace de coworking qui vient d&rsquo;ouvrir ses portes aux ind\u00e9pendants, consultants et cr\u00e9ateurs sur inovall\u00e9e.\u00ab\u00a0Le 6 janvier dernier, inovall\u00e9e, la structure d\u2019animation de la technopole is\u00e9roise, emm\u00e9nageait dans ses nouveaux locaux au 29 chemin du vieux ch\u00eane, aux c\u00f4t\u00e9s des 14 start-up de la p\u00e9pini\u00e8re qu\u2019elle accompagne, et de [&hellip;]<\/p>\n","protected":false},"author":6,"featured_media":0,"comment_status":"closed","ping_status":"open","sticky":false,"template":"","format":"standard","meta":{"footnotes":""},"categories":[30],"tags":[],"class_list":["post-1619","post","type-post","status-publish","format-standard","hentry","category-revue-de-presse"],"yoast_head":"<!-- This site is optimized with the Yoast SEO plugin v27.4 - https:\/\/yoast.com\/product\/yoast-seo-wordpress\/ -->\n<title>Un bel article sur l&#039;espace de coworking inovall\u00e9e ! - inovall\u00e9e<\/title>\n<meta name=\"robots\" content=\"index, follow, max-snippet:-1, max-image-preview:large, max-video-preview:-1\" \/>\n<link rel=\"canonical\" href=\"https:\/\/www.inovallee.com\/en\/un-bel-article-sur-lespace-de-coworking-inovallee\/\" \/>\n<meta property=\"og:locale\" content=\"en_GB\" \/>\n<meta property=\"og:type\" content=\"article\" \/>\n<meta property=\"og:title\" content=\"Un bel article sur l&#039;espace de coworking inovall\u00e9e ! - inovall\u00e9e\" \/>\n<meta property=\"og:description\" content=\"Le Dauphin\u00e9 Lib\u00e9r\u00e9 met en lumi\u00e8re l&rsquo;espace de coworking qui vient d&rsquo;ouvrir ses portes aux ind\u00e9pendants, consultants et cr\u00e9ateurs sur inovall\u00e9e.\u00ab\u00a0Le 6 janvier dernier, inovall\u00e9e, la structure d\u2019animation de la technopole is\u00e9roise, emm\u00e9nageait dans ses nouveaux locaux au 29 chemin du vieux ch\u00eane, aux c\u00f4t\u00e9s des 14 start-up de la p\u00e9pini\u00e8re qu\u2019elle accompagne, et de [&hellip;]\" \/>\n<meta property=\"og:url\" content=\"https:\/\/www.inovallee.com\/en\/un-bel-article-sur-lespace-de-coworking-inovallee\/\" \/>\n<meta property=\"og:site_name\" content=\"inovall\u00e9e\" \/>\n<meta property=\"article:publisher\" content=\"https:\/\/www.facebook.com\/technopoleinovallee\/\" \/>\n<meta property=\"article:published_time\" content=\"2014-03-10T09:43:00+00:00\" \/>\n<meta property=\"og:image\" content=\"http:\/\/1.bp.blogspot.com\/-93bo0n6eAVM\/Ux2IraRnw4I\/AAAAAAAAKLo\/T8GE3DOBznE\/s1600\/article_dl_coworking.jpg\" \/>\n<meta name=\"author\" content=\"Inovallee\" \/>\n<meta name=\"twitter:card\" content=\"summary_large_image\" \/>\n<meta name=\"twitter:creator\" content=\"@inovallee\" \/>\n<meta name=\"twitter:site\" content=\"@inovallee\" \/>\n<meta name=\"twitter:label1\" content=\"Written by\" \/>\n\t<meta name=\"twitter:data1\" content=\"Inovallee\" \/>\n\t<meta name=\"twitter:label2\" content=\"Estimated reading time\" \/>\n\t<meta name=\"twitter:data2\" content=\"4 minutes\" \/>\n<script type=\"application\/ld+json\" class=\"yoast-schema-graph\">{\"@context\":\"https:\\\/\\\/schema.org\",\"@graph\":[{\"@type\":\"Article\",\"@id\":\"https:\\\/\\\/www.inovallee.com\\\/un-bel-article-sur-lespace-de-coworking-inovallee\\\/#article\",\"isPartOf\":{\"@id\":\"https:\\\/\\\/www.inovallee.com\\\/un-bel-article-sur-lespace-de-coworking-inovallee\\\/\"},\"author\":{\"name\":\"Inovallee\",\"@id\":\"https:\\\/\\\/www.inovallee.com\\\/#\\\/schema\\\/person\\\/a45b15518aad3111b2d61d257a3e023b\"},\"headline\":\"Un bel article sur l&#039;espace de coworking inovall\u00e9e !\",\"datePublished\":\"2014-03-10T09:43:00+00:00\",\"mainEntityOfPage\":{\"@id\":\"https:\\\/\\\/www.inovallee.com\\\/un-bel-article-sur-lespace-de-coworking-inovallee\\\/\"},\"wordCount\":795,\"publisher\":{\"@id\":\"https:\\\/\\\/www.inovallee.com\\\/#organization\"},\"image\":{\"@id\":\"https:\\\/\\\/www.inovallee.com\\\/un-bel-article-sur-lespace-de-coworking-inovallee\\\/#primaryimage\"},\"thumbnailUrl\":\"http:\\\/\\\/1.bp.blogspot.com\\\/-93bo0n6eAVM\\\/Ux2IraRnw4I\\\/AAAAAAAAKLo\\\/T8GE3DOBznE\\\/s1600\\\/article_dl_coworking.jpg\",\"articleSection\":[\"Revue de presse\"],\"inLanguage\":\"en-GB\"},{\"@type\":\"WebPage\",\"@id\":\"https:\\\/\\\/www.inovallee.com\\\/un-bel-article-sur-lespace-de-coworking-inovallee\\\/\",\"url\":\"https:\\\/\\\/www.inovallee.com\\\/un-bel-article-sur-lespace-de-coworking-inovallee\\\/\",\"name\":\"Un bel article sur l&#039;espace de coworking inovall\u00e9e ! - inovall\u00e9e\",\"isPartOf\":{\"@id\":\"https:\\\/\\\/www.inovallee.com\\\/#website\"},\"primaryImageOfPage\":{\"@id\":\"https:\\\/\\\/www.inovallee.com\\\/un-bel-article-sur-lespace-de-coworking-inovallee\\\/#primaryimage\"},\"image\":{\"@id\":\"https:\\\/\\\/www.inovallee.com\\\/un-bel-article-sur-lespace-de-coworking-inovallee\\\/#primaryimage\"},\"thumbnailUrl\":\"http:\\\/\\\/1.bp.blogspot.com\\\/-93bo0n6eAVM\\\/Ux2IraRnw4I\\\/AAAAAAAAKLo\\\/T8GE3DOBznE\\\/s1600\\\/article_dl_coworking.jpg\",\"datePublished\":\"2014-03-10T09:43:00+00:00\",\"breadcrumb\":{\"@id\":\"https:\\\/\\\/www.inovallee.com\\\/un-bel-article-sur-lespace-de-coworking-inovallee\\\/#breadcrumb\"},\"inLanguage\":\"en-GB\",\"potentialAction\":[{\"@type\":\"ReadAction\",\"target\":[\"https:\\\/\\\/www.inovallee.com\\\/un-bel-article-sur-lespace-de-coworking-inovallee\\\/\"]}]},{\"@type\":\"ImageObject\",\"inLanguage\":\"en-GB\",\"@id\":\"https:\\\/\\\/www.inovallee.com\\\/un-bel-article-sur-lespace-de-coworking-inovallee\\\/#primaryimage\",\"url\":\"http:\\\/\\\/1.bp.blogspot.com\\\/-93bo0n6eAVM\\\/Ux2IraRnw4I\\\/AAAAAAAAKLo\\\/T8GE3DOBznE\\\/s1600\\\/article_dl_coworking.jpg\",\"contentUrl\":\"http:\\\/\\\/1.bp.blogspot.com\\\/-93bo0n6eAVM\\\/Ux2IraRnw4I\\\/AAAAAAAAKLo\\\/T8GE3DOBznE\\\/s1600\\\/article_dl_coworking.jpg\"},{\"@type\":\"BreadcrumbList\",\"@id\":\"https:\\\/\\\/www.inovallee.com\\\/un-bel-article-sur-lespace-de-coworking-inovallee\\\/#breadcrumb\",\"itemListElement\":[{\"@type\":\"ListItem\",\"position\":1,\"name\":\"Accueil\",\"item\":\"https:\\\/\\\/www.inovallee.com\\\/\"},{\"@type\":\"ListItem\",\"position\":2,\"name\":\"Un bel article sur l&#039;espace de coworking inovall\u00e9e !\"}]},{\"@type\":\"WebSite\",\"@id\":\"https:\\\/\\\/www.inovallee.com\\\/#website\",\"url\":\"https:\\\/\\\/www.inovallee.com\\\/\",\"name\":\"inovall\u00e9e technopole, Home to software & smart technologies\",\"description\":\"Home to software &amp; smart technologies\",\"publisher\":{\"@id\":\"https:\\\/\\\/www.inovallee.com\\\/#organization\"},\"potentialAction\":[{\"@type\":\"SearchAction\",\"target\":{\"@type\":\"EntryPoint\",\"urlTemplate\":\"https:\\\/\\\/www.inovallee.com\\\/?s={search_term_string}\"},\"query-input\":{\"@type\":\"PropertyValueSpecification\",\"valueRequired\":true,\"valueName\":\"search_term_string\"}}],\"inLanguage\":\"en-GB\"},{\"@type\":\"Organization\",\"@id\":\"https:\\\/\\\/www.inovallee.com\\\/#organization\",\"name\":\"inovall\u00e9e\",\"url\":\"https:\\\/\\\/www.inovallee.com\\\/\",\"logo\":{\"@type\":\"ImageObject\",\"inLanguage\":\"en-GB\",\"@id\":\"https:\\\/\\\/www.inovallee.com\\\/#\\\/schema\\\/logo\\\/image\\\/\",\"url\":\"https:\\\/\\\/www.inovallee.com\\\/wp-content\\\/uploads\\\/2023\\\/08\\\/inovallee_2022_GrenobleAlpes.png\",\"contentUrl\":\"https:\\\/\\\/www.inovallee.com\\\/wp-content\\\/uploads\\\/2023\\\/08\\\/inovallee_2022_GrenobleAlpes.png\",\"width\":945,\"height\":369,\"caption\":\"inovall\u00e9e\"},\"image\":{\"@id\":\"https:\\\/\\\/www.inovallee.com\\\/#\\\/schema\\\/logo\\\/image\\\/\"},\"sameAs\":[\"https:\\\/\\\/www.facebook.com\\\/technopoleinovallee\\\/\",\"https:\\\/\\\/x.com\\\/inovallee\",\"https:\\\/\\\/www.linkedin.com\\\/company\\\/inovall-e\\\/\",\"https:\\\/\\\/www.youtube.com\\\/user\\\/inovallee?reload=9\"]},{\"@type\":\"Person\",\"@id\":\"https:\\\/\\\/www.inovallee.com\\\/#\\\/schema\\\/person\\\/a45b15518aad3111b2d61d257a3e023b\",\"name\":\"Inovallee\"}]}<\/script>\n<!-- \/ Yoast SEO plugin. -->","yoast_head_json":{"title":"Un bel article sur l&#039;espace de coworking inovall\u00e9e ! - inovall\u00e9e","robots":{"index":"index","follow":"follow","max-snippet":"max-snippet:-1","max-image-preview":"max-image-preview:large","max-video-preview":"max-video-preview:-1"},"canonical":"https:\/\/www.inovallee.com\/en\/un-bel-article-sur-lespace-de-coworking-inovallee\/","og_locale":"en_GB","og_type":"article","og_title":"Un bel article sur l&#039;espace de coworking inovall\u00e9e ! - inovall\u00e9e","og_description":"Le Dauphin\u00e9 Lib\u00e9r\u00e9 met en lumi\u00e8re l&rsquo;espace de coworking qui vient d&rsquo;ouvrir ses portes aux ind\u00e9pendants, consultants et cr\u00e9ateurs sur inovall\u00e9e.\u00ab\u00a0Le 6 janvier dernier, inovall\u00e9e, la structure d\u2019animation de la technopole is\u00e9roise, emm\u00e9nageait dans ses nouveaux locaux au 29 chemin du vieux ch\u00eane, aux c\u00f4t\u00e9s des 14 start-up de la p\u00e9pini\u00e8re qu\u2019elle accompagne, et de [&hellip;]","og_url":"https:\/\/www.inovallee.com\/en\/un-bel-article-sur-lespace-de-coworking-inovallee\/","og_site_name":"inovall\u00e9e","article_publisher":"https:\/\/www.facebook.com\/technopoleinovallee\/","article_published_time":"2014-03-10T09:43:00+00:00","og_image":[{"url":"http:\/\/1.bp.blogspot.com\/-93bo0n6eAVM\/Ux2IraRnw4I\/AAAAAAAAKLo\/T8GE3DOBznE\/s1600\/article_dl_coworking.jpg","type":"","width":"","height":""}],"author":"Inovallee","twitter_card":"summary_large_image","twitter_creator":"@inovallee","twitter_site":"@inovallee","twitter_misc":{"Written by":"Inovallee","Estimated reading time":"4 minutes"},"schema":{"@context":"https:\/\/schema.org","@graph":[{"@type":"Article","@id":"https:\/\/www.inovallee.com\/un-bel-article-sur-lespace-de-coworking-inovallee\/#article","isPartOf":{"@id":"https:\/\/www.inovallee.com\/un-bel-article-sur-lespace-de-coworking-inovallee\/"},"author":{"name":"Inovallee","@id":"https:\/\/www.inovallee.com\/#\/schema\/person\/a45b15518aad3111b2d61d257a3e023b"},"headline":"Un bel article sur l&#039;espace de coworking inovall\u00e9e !","datePublished":"2014-03-10T09:43:00+00:00","mainEntityOfPage":{"@id":"https:\/\/www.inovallee.com\/un-bel-article-sur-lespace-de-coworking-inovallee\/"},"wordCount":795,"publisher":{"@id":"https:\/\/www.inovallee.com\/#organization"},"image":{"@id":"https:\/\/www.inovallee.com\/un-bel-article-sur-lespace-de-coworking-inovallee\/#primaryimage"},"thumbnailUrl":"http:\/\/1.bp.blogspot.com\/-93bo0n6eAVM\/Ux2IraRnw4I\/AAAAAAAAKLo\/T8GE3DOBznE\/s1600\/article_dl_coworking.jpg","articleSection":["Revue de presse"],"inLanguage":"en-GB"},{"@type":"WebPage","@id":"https:\/\/www.inovallee.com\/un-bel-article-sur-lespace-de-coworking-inovallee\/","url":"https:\/\/www.inovallee.com\/un-bel-article-sur-lespace-de-coworking-inovallee\/","name":"Un bel article sur l&#039;espace de coworking inovall\u00e9e ! - inovall\u00e9e","isPartOf":{"@id":"https:\/\/www.inovallee.com\/#website"},"primaryImageOfPage":{"@id":"https:\/\/www.inovallee.com\/un-bel-article-sur-lespace-de-coworking-inovallee\/#primaryimage"},"image":{"@id":"https:\/\/www.inovallee.com\/un-bel-article-sur-lespace-de-coworking-inovallee\/#primaryimage"},"thumbnailUrl":"http:\/\/1.bp.blogspot.com\/-93bo0n6eAVM\/Ux2IraRnw4I\/AAAAAAAAKLo\/T8GE3DOBznE\/s1600\/article_dl_coworking.jpg","datePublished":"2014-03-10T09:43:00+00:00","breadcrumb":{"@id":"https:\/\/www.inovallee.com\/un-bel-article-sur-lespace-de-coworking-inovallee\/#breadcrumb"},"inLanguage":"en-GB","potentialAction":[{"@type":"ReadAction","target":["https:\/\/www.inovallee.com\/un-bel-article-sur-lespace-de-coworking-inovallee\/"]}]},{"@type":"ImageObject","inLanguage":"en-GB","@id":"https:\/\/www.inovallee.com\/un-bel-article-sur-lespace-de-coworking-inovallee\/#primaryimage","url":"http:\/\/1.bp.blogspot.com\/-93bo0n6eAVM\/Ux2IraRnw4I\/AAAAAAAAKLo\/T8GE3DOBznE\/s1600\/article_dl_coworking.jpg","contentUrl":"http:\/\/1.bp.blogspot.com\/-93bo0n6eAVM\/Ux2IraRnw4I\/AAAAAAAAKLo\/T8GE3DOBznE\/s1600\/article_dl_coworking.jpg"},{"@type":"BreadcrumbList","@id":"https:\/\/www.inovallee.com\/un-bel-article-sur-lespace-de-coworking-inovallee\/#breadcrumb","itemListElement":[{"@type":"ListItem","position":1,"name":"Accueil","item":"https:\/\/www.inovallee.com\/"},{"@type":"ListItem","position":2,"name":"Un bel article sur l&#039;espace de coworking inovall\u00e9e !"}]},{"@type":"WebSite","@id":"https:\/\/www.inovallee.com\/#website","url":"https:\/\/www.inovallee.com\/","name":"inovall\u00e9e technopole, Home to software & smart technologies","description":"Home to software &amp; smart technologies","publisher":{"@id":"https:\/\/www.inovallee.com\/#organization"},"potentialAction":[{"@type":"SearchAction","target":{"@type":"EntryPoint","urlTemplate":"https:\/\/www.inovallee.com\/?s={search_term_string}"},"query-input":{"@type":"PropertyValueSpecification","valueRequired":true,"valueName":"search_term_string"}}],"inLanguage":"en-GB"},{"@type":"Organization","@id":"https:\/\/www.inovallee.com\/#organization","name":"inovall\u00e9e","url":"https:\/\/www.inovallee.com\/","logo":{"@type":"ImageObject","inLanguage":"en-GB","@id":"https:\/\/www.inovallee.com\/#\/schema\/logo\/image\/","url":"https:\/\/www.inovallee.com\/wp-content\/uploads\/2023\/08\/inovallee_2022_GrenobleAlpes.png","contentUrl":"https:\/\/www.inovallee.com\/wp-content\/uploads\/2023\/08\/inovallee_2022_GrenobleAlpes.png","width":945,"height":369,"caption":"inovall\u00e9e"},"image":{"@id":"https:\/\/www.inovallee.com\/#\/schema\/logo\/image\/"},"sameAs":["https:\/\/www.facebook.com\/technopoleinovallee\/","https:\/\/x.com\/inovallee","https:\/\/www.linkedin.com\/company\/inovall-e\/","https:\/\/www.youtube.com\/user\/inovallee?reload=9"]},{"@type":"Person","@id":"https:\/\/www.inovallee.com\/#\/schema\/person\/a45b15518aad3111b2d61d257a3e023b","name":"Inovallee"}]}},"_links":{"self":[{"href":"http:\/\/www.inovallee.com\/en\/wp-json\/wp\/v2\/posts\/1619","targetHints":{"allow":["GET"]}}],"collection":[{"href":"http:\/\/www.inovallee.com\/en\/wp-json\/wp\/v2\/posts"}],"about":[{"href":"http:\/\/www.inovallee.com\/en\/wp-json\/wp\/v2\/types\/post"}],"author":[{"embeddable":true,"href":"http:\/\/www.inovallee.com\/en\/wp-json\/wp\/v2\/users\/6"}],"replies":[{"embeddable":true,"href":"http:\/\/www.inovallee.com\/en\/wp-json\/wp\/v2\/comments?post=1619"}],"version-history":[{"count":0,"href":"http:\/\/www.inovallee.com\/en\/wp-json\/wp\/v2\/posts\/1619\/revisions"}],"wp:attachment":[{"href":"http:\/\/www.inovallee.com\/en\/wp-json\/wp\/v2\/media?parent=1619"}],"wp:term":[{"taxonomy":"category","embeddable":true,"href":"http:\/\/www.inovallee.com\/en\/wp-json\/wp\/v2\/categories?post=1619"},{"taxonomy":"post_tag","embeddable":true,"href":"http:\/\/www.inovallee.com\/en\/wp-json\/wp\/v2\/tags?post=1619"}],"curies":[{"name":"wp","href":"https:\/\/api.w.org\/{rel}","templated":true}]}}