{"id":1628,"date":"2014-02-06T15:49:00","date_gmt":"2014-02-06T14:49:00","guid":{"rendered":"https:\/\/www.inovallee.com\/lycee-horticole-de-saint-ismier-start-up-avolla-et-inovallee-un-beau-projet-collaboratif-pour-vegetaliser-avec-intelligence-le-hall-du-tarmac\/"},"modified":"2014-02-06T15:49:00","modified_gmt":"2014-02-06T14:49:00","slug":"lycee-horticole-de-saint-ismier-start-up-avolla-et-inovallee-un-beau-projet-collaboratif-pour-vegetaliser-avec-intelligence-le-hall-du-tarmac","status":"publish","type":"post","link":"http:\/\/www.inovallee.com\/en\/lycee-horticole-de-saint-ismier-start-up-avolla-et-inovallee-un-beau-projet-collaboratif-pour-vegetaliser-avec-intelligence-le-hall-du-tarmac\/","title":{"rendered":"Lyc\u00e9e horticole de Saint Ismier, start-up Avolla et inovall\u00e9e : un beau projet collaboratif pour v\u00e9g\u00e9taliser avec intelligence le hall du Tarmac !"},"content":{"rendered":"<div dir=\"ltr\" style=\"text-align: left;\"><\/p>\n<div style=\"clear: both; text-align: center;\"><a href=\"http:\/\/4.bp.blogspot.com\/-ao2sPqpBzCc\/UvOffa4CdwI\/AAAAAAAAKEg\/HzX95YgcJJM\/s1600\/IMG_1511.JPG\" style=\"clear: left; float: left; margin-bottom: 1em; margin-right: 1em;\"><img fetchpriority=\"high\" decoding=\"async\" border=\"0\" src=\"http:\/\/4.bp.blogspot.com\/-ao2sPqpBzCc\/UvOffa4CdwI\/AAAAAAAAKEg\/HzX95YgcJJM\/s1600\/IMG_1511.JPG\" height=\"213\" width=\"320\" \/><\/a><\/div>\n<p><span style=\"font-family: Verdana,sans-serif;\">inovall\u00e9e inaugurait le 3 f\u00e9vrier dernier ses nouveaux locaux au 29 chemin du Vieux Ch\u00eane, o\u00f9 elle emm\u00e9nageait le 6 janvier aux c\u00f4t\u00e9s des start-up du Tarmac qu\u2019elle accompagne. Si le b\u00e2timent est en cours de r\u00e9habilitation par la SPLA, qui \u00e9chelonne les travaux en fonction de ses budgets pour redonner au b\u00e2timent tout son \u00e9clat, les plantes du hall d\u2019accueil n\u2019avaient connu aucun soin depuis plusieurs ann\u00e9es et il fallait absolument y rem\u00e9dier. <\/span><span style=\"font-family: Verdana,sans-serif;\">Pas question en effet pour Annie Soufi, Directrice d\u2019inovall\u00e9e, de renoncer \u00e0 l\u2019image de la technopole qu\u2019elle se bat jour apr\u00e8s jour pour d\u00e9fendre et faire valoir. Faute de moyens, il faut des id\u00e9es. Et des id\u00e9es, l\u2019\u00e9quipe d\u2019inovall\u00e9e n\u2019en manque pas. Laurence Bellicard, la derni\u00e8re recrue de l\u2019\u00e9quipe, a donc contact\u00e9 le lyc\u00e9e horticole de Saint Ismier fin d\u00e9cembre pour proposer aux enseignants de faire de ce lieu un v\u00e9ritable projet p\u00e9dagogique. L\u2019id\u00e9e a suscit\u00e9 imm\u00e9diatement l\u2019enthousiasme de deux enseignants, qui ont a rapidement leurs \u00e9l\u00e8ves au travail pour vider les bacs, et surtout agiter toute la cr\u00e9ativit\u00e9 collective dont ils sont capables pour concevoir un espace aussi harmonieux qu\u2019insolite. \u00ab Force est de constater qu\u2019ils ont remarquablement su s\u2019adapter \u00e0 notre environnement et la culture d\u2019inovall\u00e9e. Et le r\u00e9sultat d\u00e9passe toutes nos esp\u00e9rances \u00bb, souligne Laurence Bellicard, charg\u00e9e de mission \u00e0 inovall\u00e9e. <\/span><span style=\"font-family: Verdana,sans-serif;\">Mati\u00e8re grise et plantes vertes y ont au final trouv\u00e9 un merveilleux terrain d\u2019entente puisque c\u2019est au milieu des \u00e9crans, des souris et des CD que fleurissent plantes grasses et plantes grimpantes. <br \/><\/span><br \/><span style=\"font-family: Verdana,sans-serif;\"><a href=\"http:\/\/1.bp.blogspot.com\/-gvWkXfCTay0\/UvOfxlTuESI\/AAAAAAAAKE0\/r5Vhy6l8v0E\/s1600\/IMG_1515.JPG\" style=\"clear: left; float: left; margin-bottom: 1em; margin-right: 1em;\"><img decoding=\"async\" border=\"0\" src=\"http:\/\/1.bp.blogspot.com\/-gvWkXfCTay0\/UvOfxlTuESI\/AAAAAAAAKE0\/r5Vhy6l8v0E\/s1600\/IMG_1515.JPG\" height=\"320\" width=\"213\" \/><\/a>Et la technologie n\u2019y est pas seulement \u00e9voqu\u00e9e. Elle est physiquement pr\u00e9sente au c\u0153ur m\u00eame de la composition puisque Claire Chanterelle, responsable de la p\u00e9pini\u00e8re, a profit\u00e9 de l\u2019aventure pour permettre \u00e0 Etienne Henri, fondateur de la start-up Avolla, de d\u00e9ployer grandeur nature ses solutions d\u2019automatisation. \u00ab Un r\u00e9seau de capteurs a donc \u00e9t\u00e9 install\u00e9 au c\u0153ur de la plantation et notre boitier groWatch a \u00e9t\u00e9 install\u00e9 pour piloter l&rsquo;\u00e9clairage, surveiller la temp\u00e9rature et l&rsquo;humidit\u00e9 des plantes, et m\u00eame piloter l\u2019arrosage au goutte \u00e0 goutte en fonction des besoins\u00bb, note Etienne Henri, inventeur de la solution. Et cerise sur le g\u00e2teau, l\u2019ensemble de l\u2019installation peut \u00eatre pilot\u00e9e \u00e0 partir d\u2019un simple smartphone via l\u2019application groWatch, ou \u00e0 partir de n\u2019importe quel navigateur web, pour changer \u00e0 tout moment les plages horaires d\u2019\u00e9clairage ou le r\u00e9glage du goutte \u00e0 goutte selon les saisons. Il s\u2019agit d\u2019un v\u00e9ritable jardinier \u00e9lectronique qui veillera sur les plantes au quotidien.&nbsp;<\/span><br \/><span style=\"font-family: Verdana,sans-serif;\">\u00ab Mati\u00e8re grise pour zone verte \u00bb, le premier slogan de la technopole est donc plus que jamais d\u2019actualit\u00e9 et s\u2019incarne d\u00e9sormais dans la v\u00e9g\u00e9talisation intelligente du b\u00e2timent de l\u2019association et de la p\u00e9pini\u00e8re !&nbsp;<\/span><\/p>\n<div style=\"clear: both; text-align: center;\"><a href=\"http:\/\/1.bp.blogspot.com\/-gvWkXfCTay0\/UvOfxlTuESI\/AAAAAAAAKE0\/r5Vhy6l8v0E\/s1600\/IMG_1515.JPG\" style=\"margin-left: 1em; margin-right: 1em;\"><br \/><\/a><\/div>\n<p><\/p>\n<div style=\"clear: both; text-align: center;\"><a href=\"http:\/\/1.bp.blogspot.com\/-FJoGnm_Ip8E\/UvOglQ-mDsI\/AAAAAAAAKFU\/gKgnwqjEOpw\/s1600\/IMG_1531.JPG\" style=\"margin-left: 1em; margin-right: 1em;\"><img decoding=\"async\" border=\"0\" src=\"http:\/\/1.bp.blogspot.com\/-FJoGnm_Ip8E\/UvOglQ-mDsI\/AAAAAAAAKFU\/gKgnwqjEOpw\/s1600\/IMG_1531.JPG\" height=\"213\" width=\"320\" \/><\/a><\/div>\n<p><\/p>\n<div style=\"clear: both; text-align: center;\"><a href=\"http:\/\/1.bp.blogspot.com\/-5qa4wYRs9EM\/UvOfoFpM81I\/AAAAAAAAKEs\/wXjMwfJHWJY\/s1600\/IMG_1520.JPG\" style=\"margin-left: 1em; margin-right: 1em;\"><img loading=\"lazy\" decoding=\"async\" border=\"0\" src=\"http:\/\/1.bp.blogspot.com\/-5qa4wYRs9EM\/UvOfoFpM81I\/AAAAAAAAKEs\/wXjMwfJHWJY\/s1600\/IMG_1520.JPG\" height=\"213\" width=\"320\" \/><\/a><\/div>\n<p><\/p>\n<div style=\"clear: both; text-align: center;\"><a href=\"http:\/\/2.bp.blogspot.com\/-tpjmxJw3Sfs\/UvOgKeon5JI\/AAAAAAAAKFE\/1NyT9o45jac\/s1600\/IMG_1524.JPG\" style=\"margin-left: 1em; margin-right: 1em;\"><img loading=\"lazy\" decoding=\"async\" border=\"0\" src=\"http:\/\/2.bp.blogspot.com\/-tpjmxJw3Sfs\/UvOgKeon5JI\/AAAAAAAAKFE\/1NyT9o45jac\/s1600\/IMG_1524.JPG\" height=\"213\" width=\"320\" \/><\/a><\/div>\n<p><\/p>\n<div style=\"clear: both; text-align: center;\"><a href=\"http:\/\/1.bp.blogspot.com\/--AhgF1TaVFA\/UvOgDhwDvBI\/AAAAAAAAKE8\/dyNpsPtXBZU\/s1600\/IMG_1526.JPG\" style=\"margin-left: 1em; margin-right: 1em;\"><img loading=\"lazy\" decoding=\"async\" border=\"0\" src=\"http:\/\/1.bp.blogspot.com\/--AhgF1TaVFA\/UvOgDhwDvBI\/AAAAAAAAKE8\/dyNpsPtXBZU\/s1600\/IMG_1526.JPG\" height=\"213\" width=\"320\" \/><\/a><\/div>\n<p><\/p>\n<div style=\"clear: both; text-align: center;\"><a href=\"http:\/\/4.bp.blogspot.com\/-ub_usiTpKKg\/UvOgWci9kjI\/AAAAAAAAKFM\/QOhHlAmw0kg\/s1600\/IMG_1528.JPG\" style=\"margin-left: 1em; margin-right: 1em;\"><img loading=\"lazy\" decoding=\"async\" border=\"0\" src=\"http:\/\/4.bp.blogspot.com\/-ub_usiTpKKg\/UvOgWci9kjI\/AAAAAAAAKFM\/QOhHlAmw0kg\/s1600\/IMG_1528.JPG\" height=\"320\" width=\"213\" \/><\/a><\/div>\n<\/div>","protected":false},"excerpt":{"rendered":"<p>inovall\u00e9e inaugurait le 3 f\u00e9vrier dernier ses nouveaux locaux au 29 chemin du Vieux Ch\u00eane, o\u00f9 elle emm\u00e9nageait le 6 janvier aux c\u00f4t\u00e9s des start-up du Tarmac qu\u2019elle accompagne. Si le b\u00e2timent est en cours de r\u00e9habilitation par la SPLA, qui \u00e9chelonne les travaux en fonction de ses budgets pour redonner au b\u00e2timent tout son [&hellip;]<\/p>\n","protected":false},"author":6,"featured_media":0,"comment_status":"closed","ping_status":"open","sticky":false,"template":"","format":"standard","meta":{"footnotes":""},"categories":[45],"tags":[],"class_list":["post-1628","post","type-post","status-publish","format-standard","hentry","category-startup-tarmac"],"yoast_head":"<!-- This site is optimized with the Yoast SEO plugin v27.4 - https:\/\/yoast.com\/product\/yoast-seo-wordpress\/ -->\n<title>Lyc\u00e9e horticole de Saint Ismier, start-up Avolla et inovall\u00e9e : un beau projet collaboratif pour v\u00e9g\u00e9taliser avec intelligence le hall du Tarmac ! - inovall\u00e9e<\/title>\n<meta name=\"robots\" content=\"index, follow, max-snippet:-1, max-image-preview:large, max-video-preview:-1\" \/>\n<link rel=\"canonical\" href=\"https:\/\/www.inovallee.com\/en\/lycee-horticole-de-saint-ismier-start-up-avolla-et-inovallee-un-beau-projet-collaboratif-pour-vegetaliser-avec-intelligence-le-hall-du-tarmac\/\" \/>\n<meta property=\"og:locale\" content=\"en_GB\" \/>\n<meta property=\"og:type\" content=\"article\" \/>\n<meta property=\"og:title\" content=\"Lyc\u00e9e horticole de Saint Ismier, start-up Avolla et inovall\u00e9e : un beau projet collaboratif pour v\u00e9g\u00e9taliser avec intelligence le hall du Tarmac ! - inovall\u00e9e\" \/>\n<meta property=\"og:description\" content=\"inovall\u00e9e inaugurait le 3 f\u00e9vrier dernier ses nouveaux locaux au 29 chemin du Vieux Ch\u00eane, o\u00f9 elle emm\u00e9nageait le 6 janvier aux c\u00f4t\u00e9s des start-up du Tarmac qu\u2019elle accompagne. Si le b\u00e2timent est en cours de r\u00e9habilitation par la SPLA, qui \u00e9chelonne les travaux en fonction de ses budgets pour redonner au b\u00e2timent tout son [&hellip;]\" \/>\n<meta property=\"og:url\" content=\"https:\/\/www.inovallee.com\/en\/lycee-horticole-de-saint-ismier-start-up-avolla-et-inovallee-un-beau-projet-collaboratif-pour-vegetaliser-avec-intelligence-le-hall-du-tarmac\/\" \/>\n<meta property=\"og:site_name\" content=\"inovall\u00e9e\" \/>\n<meta property=\"article:publisher\" content=\"https:\/\/www.facebook.com\/technopoleinovallee\/\" \/>\n<meta property=\"article:published_time\" content=\"2014-02-06T14:49:00+00:00\" \/>\n<meta property=\"og:image\" content=\"http:\/\/4.bp.blogspot.com\/-ao2sPqpBzCc\/UvOffa4CdwI\/AAAAAAAAKEg\/HzX95YgcJJM\/s1600\/IMG_1511.JPG\" \/>\n<meta name=\"author\" content=\"Inovallee\" \/>\n<meta name=\"twitter:card\" content=\"summary_large_image\" \/>\n<meta name=\"twitter:creator\" content=\"@inovallee\" \/>\n<meta name=\"twitter:site\" content=\"@inovallee\" \/>\n<meta name=\"twitter:label1\" content=\"Written by\" \/>\n\t<meta name=\"twitter:data1\" content=\"Inovallee\" \/>\n\t<meta name=\"twitter:label2\" content=\"Estimated reading time\" \/>\n\t<meta name=\"twitter:data2\" content=\"3 minutes\" \/>\n<script type=\"application\/ld+json\" class=\"yoast-schema-graph\">{\"@context\":\"https:\\\/\\\/schema.org\",\"@graph\":[{\"@type\":\"Article\",\"@id\":\"https:\\\/\\\/www.inovallee.com\\\/lycee-horticole-de-saint-ismier-start-up-avolla-et-inovallee-un-beau-projet-collaboratif-pour-vegetaliser-avec-intelligence-le-hall-du-tarmac\\\/#article\",\"isPartOf\":{\"@id\":\"https:\\\/\\\/www.inovallee.com\\\/lycee-horticole-de-saint-ismier-start-up-avolla-et-inovallee-un-beau-projet-collaboratif-pour-vegetaliser-avec-intelligence-le-hall-du-tarmac\\\/\"},\"author\":{\"name\":\"Inovallee\",\"@id\":\"https:\\\/\\\/www.inovallee.com\\\/#\\\/schema\\\/person\\\/a45b15518aad3111b2d61d257a3e023b\"},\"headline\":\"Lyc\u00e9e horticole de Saint Ismier, start-up Avolla et inovall\u00e9e : un beau projet collaboratif pour v\u00e9g\u00e9taliser avec intelligence le hall du Tarmac !\",\"datePublished\":\"2014-02-06T14:49:00+00:00\",\"mainEntityOfPage\":{\"@id\":\"https:\\\/\\\/www.inovallee.com\\\/lycee-horticole-de-saint-ismier-start-up-avolla-et-inovallee-un-beau-projet-collaboratif-pour-vegetaliser-avec-intelligence-le-hall-du-tarmac\\\/\"},\"wordCount\":539,\"publisher\":{\"@id\":\"https:\\\/\\\/www.inovallee.com\\\/#organization\"},\"image\":{\"@id\":\"https:\\\/\\\/www.inovallee.com\\\/lycee-horticole-de-saint-ismier-start-up-avolla-et-inovallee-un-beau-projet-collaboratif-pour-vegetaliser-avec-intelligence-le-hall-du-tarmac\\\/#primaryimage\"},\"thumbnailUrl\":\"http:\\\/\\\/4.bp.blogspot.com\\\/-ao2sPqpBzCc\\\/UvOffa4CdwI\\\/AAAAAAAAKEg\\\/HzX95YgcJJM\\\/s1600\\\/IMG_1511.JPG\",\"articleSection\":[\"L'\u00e9cho des startups du Tarmac\"],\"inLanguage\":\"en-GB\"},{\"@type\":\"WebPage\",\"@id\":\"https:\\\/\\\/www.inovallee.com\\\/lycee-horticole-de-saint-ismier-start-up-avolla-et-inovallee-un-beau-projet-collaboratif-pour-vegetaliser-avec-intelligence-le-hall-du-tarmac\\\/\",\"url\":\"https:\\\/\\\/www.inovallee.com\\\/lycee-horticole-de-saint-ismier-start-up-avolla-et-inovallee-un-beau-projet-collaboratif-pour-vegetaliser-avec-intelligence-le-hall-du-tarmac\\\/\",\"name\":\"Lyc\u00e9e horticole de Saint Ismier, start-up Avolla et inovall\u00e9e : un beau projet collaboratif pour v\u00e9g\u00e9taliser avec intelligence le hall du Tarmac ! - inovall\u00e9e\",\"isPartOf\":{\"@id\":\"https:\\\/\\\/www.inovallee.com\\\/#website\"},\"primaryImageOfPage\":{\"@id\":\"https:\\\/\\\/www.inovallee.com\\\/lycee-horticole-de-saint-ismier-start-up-avolla-et-inovallee-un-beau-projet-collaboratif-pour-vegetaliser-avec-intelligence-le-hall-du-tarmac\\\/#primaryimage\"},\"image\":{\"@id\":\"https:\\\/\\\/www.inovallee.com\\\/lycee-horticole-de-saint-ismier-start-up-avolla-et-inovallee-un-beau-projet-collaboratif-pour-vegetaliser-avec-intelligence-le-hall-du-tarmac\\\/#primaryimage\"},\"thumbnailUrl\":\"http:\\\/\\\/4.bp.blogspot.com\\\/-ao2sPqpBzCc\\\/UvOffa4CdwI\\\/AAAAAAAAKEg\\\/HzX95YgcJJM\\\/s1600\\\/IMG_1511.JPG\",\"datePublished\":\"2014-02-06T14:49:00+00:00\",\"breadcrumb\":{\"@id\":\"https:\\\/\\\/www.inovallee.com\\\/lycee-horticole-de-saint-ismier-start-up-avolla-et-inovallee-un-beau-projet-collaboratif-pour-vegetaliser-avec-intelligence-le-hall-du-tarmac\\\/#breadcrumb\"},\"inLanguage\":\"en-GB\",\"potentialAction\":[{\"@type\":\"ReadAction\",\"target\":[\"https:\\\/\\\/www.inovallee.com\\\/lycee-horticole-de-saint-ismier-start-up-avolla-et-inovallee-un-beau-projet-collaboratif-pour-vegetaliser-avec-intelligence-le-hall-du-tarmac\\\/\"]}]},{\"@type\":\"ImageObject\",\"inLanguage\":\"en-GB\",\"@id\":\"https:\\\/\\\/www.inovallee.com\\\/lycee-horticole-de-saint-ismier-start-up-avolla-et-inovallee-un-beau-projet-collaboratif-pour-vegetaliser-avec-intelligence-le-hall-du-tarmac\\\/#primaryimage\",\"url\":\"http:\\\/\\\/4.bp.blogspot.com\\\/-ao2sPqpBzCc\\\/UvOffa4CdwI\\\/AAAAAAAAKEg\\\/HzX95YgcJJM\\\/s1600\\\/IMG_1511.JPG\",\"contentUrl\":\"http:\\\/\\\/4.bp.blogspot.com\\\/-ao2sPqpBzCc\\\/UvOffa4CdwI\\\/AAAAAAAAKEg\\\/HzX95YgcJJM\\\/s1600\\\/IMG_1511.JPG\"},{\"@type\":\"BreadcrumbList\",\"@id\":\"https:\\\/\\\/www.inovallee.com\\\/lycee-horticole-de-saint-ismier-start-up-avolla-et-inovallee-un-beau-projet-collaboratif-pour-vegetaliser-avec-intelligence-le-hall-du-tarmac\\\/#breadcrumb\",\"itemListElement\":[{\"@type\":\"ListItem\",\"position\":1,\"name\":\"Accueil\",\"item\":\"https:\\\/\\\/www.inovallee.com\\\/\"},{\"@type\":\"ListItem\",\"position\":2,\"name\":\"Lyc\u00e9e horticole de Saint Ismier, start-up Avolla et inovall\u00e9e : un beau projet collaboratif pour v\u00e9g\u00e9taliser avec intelligence le hall du Tarmac !\"}]},{\"@type\":\"WebSite\",\"@id\":\"https:\\\/\\\/www.inovallee.com\\\/#website\",\"url\":\"https:\\\/\\\/www.inovallee.com\\\/\",\"name\":\"inovall\u00e9e technopole, Home to software & smart technologies\",\"description\":\"Home to software &amp; smart technologies\",\"publisher\":{\"@id\":\"https:\\\/\\\/www.inovallee.com\\\/#organization\"},\"potentialAction\":[{\"@type\":\"SearchAction\",\"target\":{\"@type\":\"EntryPoint\",\"urlTemplate\":\"https:\\\/\\\/www.inovallee.com\\\/?s={search_term_string}\"},\"query-input\":{\"@type\":\"PropertyValueSpecification\",\"valueRequired\":true,\"valueName\":\"search_term_string\"}}],\"inLanguage\":\"en-GB\"},{\"@type\":\"Organization\",\"@id\":\"https:\\\/\\\/www.inovallee.com\\\/#organization\",\"name\":\"inovall\u00e9e\",\"url\":\"https:\\\/\\\/www.inovallee.com\\\/\",\"logo\":{\"@type\":\"ImageObject\",\"inLanguage\":\"en-GB\",\"@id\":\"https:\\\/\\\/www.inovallee.com\\\/#\\\/schema\\\/logo\\\/image\\\/\",\"url\":\"https:\\\/\\\/www.inovallee.com\\\/wp-content\\\/uploads\\\/2023\\\/08\\\/inovallee_2022_GrenobleAlpes.png\",\"contentUrl\":\"https:\\\/\\\/www.inovallee.com\\\/wp-content\\\/uploads\\\/2023\\\/08\\\/inovallee_2022_GrenobleAlpes.png\",\"width\":945,\"height\":369,\"caption\":\"inovall\u00e9e\"},\"image\":{\"@id\":\"https:\\\/\\\/www.inovallee.com\\\/#\\\/schema\\\/logo\\\/image\\\/\"},\"sameAs\":[\"https:\\\/\\\/www.facebook.com\\\/technopoleinovallee\\\/\",\"https:\\\/\\\/x.com\\\/inovallee\",\"https:\\\/\\\/www.linkedin.com\\\/company\\\/inovall-e\\\/\",\"https:\\\/\\\/www.youtube.com\\\/user\\\/inovallee?reload=9\"]},{\"@type\":\"Person\",\"@id\":\"https:\\\/\\\/www.inovallee.com\\\/#\\\/schema\\\/person\\\/a45b15518aad3111b2d61d257a3e023b\",\"name\":\"Inovallee\"}]}<\/script>\n<!-- \/ Yoast SEO plugin. -->","yoast_head_json":{"title":"Lyc\u00e9e horticole de Saint Ismier, start-up Avolla et inovall\u00e9e : un beau projet collaboratif pour v\u00e9g\u00e9taliser avec intelligence le hall du Tarmac ! - inovall\u00e9e","robots":{"index":"index","follow":"follow","max-snippet":"max-snippet:-1","max-image-preview":"max-image-preview:large","max-video-preview":"max-video-preview:-1"},"canonical":"https:\/\/www.inovallee.com\/en\/lycee-horticole-de-saint-ismier-start-up-avolla-et-inovallee-un-beau-projet-collaboratif-pour-vegetaliser-avec-intelligence-le-hall-du-tarmac\/","og_locale":"en_GB","og_type":"article","og_title":"Lyc\u00e9e horticole de Saint Ismier, start-up Avolla et inovall\u00e9e : un beau projet collaboratif pour v\u00e9g\u00e9taliser avec intelligence le hall du Tarmac ! - inovall\u00e9e","og_description":"inovall\u00e9e inaugurait le 3 f\u00e9vrier dernier ses nouveaux locaux au 29 chemin du Vieux Ch\u00eane, o\u00f9 elle emm\u00e9nageait le 6 janvier aux c\u00f4t\u00e9s des start-up du Tarmac qu\u2019elle accompagne. Si le b\u00e2timent est en cours de r\u00e9habilitation par la SPLA, qui \u00e9chelonne les travaux en fonction de ses budgets pour redonner au b\u00e2timent tout son [&hellip;]","og_url":"https:\/\/www.inovallee.com\/en\/lycee-horticole-de-saint-ismier-start-up-avolla-et-inovallee-un-beau-projet-collaboratif-pour-vegetaliser-avec-intelligence-le-hall-du-tarmac\/","og_site_name":"inovall\u00e9e","article_publisher":"https:\/\/www.facebook.com\/technopoleinovallee\/","article_published_time":"2014-02-06T14:49:00+00:00","og_image":[{"url":"http:\/\/4.bp.blogspot.com\/-ao2sPqpBzCc\/UvOffa4CdwI\/AAAAAAAAKEg\/HzX95YgcJJM\/s1600\/IMG_1511.JPG","type":"","width":"","height":""}],"author":"Inovallee","twitter_card":"summary_large_image","twitter_creator":"@inovallee","twitter_site":"@inovallee","twitter_misc":{"Written by":"Inovallee","Estimated reading time":"3 minutes"},"schema":{"@context":"https:\/\/schema.org","@graph":[{"@type":"Article","@id":"https:\/\/www.inovallee.com\/lycee-horticole-de-saint-ismier-start-up-avolla-et-inovallee-un-beau-projet-collaboratif-pour-vegetaliser-avec-intelligence-le-hall-du-tarmac\/#article","isPartOf":{"@id":"https:\/\/www.inovallee.com\/lycee-horticole-de-saint-ismier-start-up-avolla-et-inovallee-un-beau-projet-collaboratif-pour-vegetaliser-avec-intelligence-le-hall-du-tarmac\/"},"author":{"name":"Inovallee","@id":"https:\/\/www.inovallee.com\/#\/schema\/person\/a45b15518aad3111b2d61d257a3e023b"},"headline":"Lyc\u00e9e horticole de Saint Ismier, start-up Avolla et inovall\u00e9e : un beau projet collaboratif pour v\u00e9g\u00e9taliser avec intelligence le hall du Tarmac !","datePublished":"2014-02-06T14:49:00+00:00","mainEntityOfPage":{"@id":"https:\/\/www.inovallee.com\/lycee-horticole-de-saint-ismier-start-up-avolla-et-inovallee-un-beau-projet-collaboratif-pour-vegetaliser-avec-intelligence-le-hall-du-tarmac\/"},"wordCount":539,"publisher":{"@id":"https:\/\/www.inovallee.com\/#organization"},"image":{"@id":"https:\/\/www.inovallee.com\/lycee-horticole-de-saint-ismier-start-up-avolla-et-inovallee-un-beau-projet-collaboratif-pour-vegetaliser-avec-intelligence-le-hall-du-tarmac\/#primaryimage"},"thumbnailUrl":"http:\/\/4.bp.blogspot.com\/-ao2sPqpBzCc\/UvOffa4CdwI\/AAAAAAAAKEg\/HzX95YgcJJM\/s1600\/IMG_1511.JPG","articleSection":["L'\u00e9cho des startups du Tarmac"],"inLanguage":"en-GB"},{"@type":"WebPage","@id":"https:\/\/www.inovallee.com\/lycee-horticole-de-saint-ismier-start-up-avolla-et-inovallee-un-beau-projet-collaboratif-pour-vegetaliser-avec-intelligence-le-hall-du-tarmac\/","url":"https:\/\/www.inovallee.com\/lycee-horticole-de-saint-ismier-start-up-avolla-et-inovallee-un-beau-projet-collaboratif-pour-vegetaliser-avec-intelligence-le-hall-du-tarmac\/","name":"Lyc\u00e9e horticole de Saint Ismier, start-up Avolla et inovall\u00e9e : un beau projet collaboratif pour v\u00e9g\u00e9taliser avec intelligence le hall du Tarmac ! - inovall\u00e9e","isPartOf":{"@id":"https:\/\/www.inovallee.com\/#website"},"primaryImageOfPage":{"@id":"https:\/\/www.inovallee.com\/lycee-horticole-de-saint-ismier-start-up-avolla-et-inovallee-un-beau-projet-collaboratif-pour-vegetaliser-avec-intelligence-le-hall-du-tarmac\/#primaryimage"},"image":{"@id":"https:\/\/www.inovallee.com\/lycee-horticole-de-saint-ismier-start-up-avolla-et-inovallee-un-beau-projet-collaboratif-pour-vegetaliser-avec-intelligence-le-hall-du-tarmac\/#primaryimage"},"thumbnailUrl":"http:\/\/4.bp.blogspot.com\/-ao2sPqpBzCc\/UvOffa4CdwI\/AAAAAAAAKEg\/HzX95YgcJJM\/s1600\/IMG_1511.JPG","datePublished":"2014-02-06T14:49:00+00:00","breadcrumb":{"@id":"https:\/\/www.inovallee.com\/lycee-horticole-de-saint-ismier-start-up-avolla-et-inovallee-un-beau-projet-collaboratif-pour-vegetaliser-avec-intelligence-le-hall-du-tarmac\/#breadcrumb"},"inLanguage":"en-GB","potentialAction":[{"@type":"ReadAction","target":["https:\/\/www.inovallee.com\/lycee-horticole-de-saint-ismier-start-up-avolla-et-inovallee-un-beau-projet-collaboratif-pour-vegetaliser-avec-intelligence-le-hall-du-tarmac\/"]}]},{"@type":"ImageObject","inLanguage":"en-GB","@id":"https:\/\/www.inovallee.com\/lycee-horticole-de-saint-ismier-start-up-avolla-et-inovallee-un-beau-projet-collaboratif-pour-vegetaliser-avec-intelligence-le-hall-du-tarmac\/#primaryimage","url":"http:\/\/4.bp.blogspot.com\/-ao2sPqpBzCc\/UvOffa4CdwI\/AAAAAAAAKEg\/HzX95YgcJJM\/s1600\/IMG_1511.JPG","contentUrl":"http:\/\/4.bp.blogspot.com\/-ao2sPqpBzCc\/UvOffa4CdwI\/AAAAAAAAKEg\/HzX95YgcJJM\/s1600\/IMG_1511.JPG"},{"@type":"BreadcrumbList","@id":"https:\/\/www.inovallee.com\/lycee-horticole-de-saint-ismier-start-up-avolla-et-inovallee-un-beau-projet-collaboratif-pour-vegetaliser-avec-intelligence-le-hall-du-tarmac\/#breadcrumb","itemListElement":[{"@type":"ListItem","position":1,"name":"Accueil","item":"https:\/\/www.inovallee.com\/"},{"@type":"ListItem","position":2,"name":"Lyc\u00e9e horticole de Saint Ismier, start-up Avolla et inovall\u00e9e : un beau projet collaboratif pour v\u00e9g\u00e9taliser avec intelligence le hall du Tarmac !"}]},{"@type":"WebSite","@id":"https:\/\/www.inovallee.com\/#website","url":"https:\/\/www.inovallee.com\/","name":"inovall\u00e9e technopole, Home to software & smart technologies","description":"Home to software &amp; smart technologies","publisher":{"@id":"https:\/\/www.inovallee.com\/#organization"},"potentialAction":[{"@type":"SearchAction","target":{"@type":"EntryPoint","urlTemplate":"https:\/\/www.inovallee.com\/?s={search_term_string}"},"query-input":{"@type":"PropertyValueSpecification","valueRequired":true,"valueName":"search_term_string"}}],"inLanguage":"en-GB"},{"@type":"Organization","@id":"https:\/\/www.inovallee.com\/#organization","name":"inovall\u00e9e","url":"https:\/\/www.inovallee.com\/","logo":{"@type":"ImageObject","inLanguage":"en-GB","@id":"https:\/\/www.inovallee.com\/#\/schema\/logo\/image\/","url":"https:\/\/www.inovallee.com\/wp-content\/uploads\/2023\/08\/inovallee_2022_GrenobleAlpes.png","contentUrl":"https:\/\/www.inovallee.com\/wp-content\/uploads\/2023\/08\/inovallee_2022_GrenobleAlpes.png","width":945,"height":369,"caption":"inovall\u00e9e"},"image":{"@id":"https:\/\/www.inovallee.com\/#\/schema\/logo\/image\/"},"sameAs":["https:\/\/www.facebook.com\/technopoleinovallee\/","https:\/\/x.com\/inovallee","https:\/\/www.linkedin.com\/company\/inovall-e\/","https:\/\/www.youtube.com\/user\/inovallee?reload=9"]},{"@type":"Person","@id":"https:\/\/www.inovallee.com\/#\/schema\/person\/a45b15518aad3111b2d61d257a3e023b","name":"Inovallee"}]}},"_links":{"self":[{"href":"http:\/\/www.inovallee.com\/en\/wp-json\/wp\/v2\/posts\/1628","targetHints":{"allow":["GET"]}}],"collection":[{"href":"http:\/\/www.inovallee.com\/en\/wp-json\/wp\/v2\/posts"}],"about":[{"href":"http:\/\/www.inovallee.com\/en\/wp-json\/wp\/v2\/types\/post"}],"author":[{"embeddable":true,"href":"http:\/\/www.inovallee.com\/en\/wp-json\/wp\/v2\/users\/6"}],"replies":[{"embeddable":true,"href":"http:\/\/www.inovallee.com\/en\/wp-json\/wp\/v2\/comments?post=1628"}],"version-history":[{"count":0,"href":"http:\/\/www.inovallee.com\/en\/wp-json\/wp\/v2\/posts\/1628\/revisions"}],"wp:attachment":[{"href":"http:\/\/www.inovallee.com\/en\/wp-json\/wp\/v2\/media?parent=1628"}],"wp:term":[{"taxonomy":"category","embeddable":true,"href":"http:\/\/www.inovallee.com\/en\/wp-json\/wp\/v2\/categories?post=1628"},{"taxonomy":"post_tag","embeddable":true,"href":"http:\/\/www.inovallee.com\/en\/wp-json\/wp\/v2\/tags?post=1628"}],"curies":[{"name":"wp","href":"https:\/\/api.w.org\/{rel}","templated":true}]}}