{"id":1922,"date":"2015-04-29T14:51:00","date_gmt":"2015-04-29T12:51:00","guid":{"rendered":"https:\/\/www.inovallee.com\/inovallee-partenaire-de-la-saas-academy-participez-a-la-session-de-sensibilisation-du-mercredi-6-mai\/"},"modified":"2020-06-23T15:30:41","modified_gmt":"2020-06-23T13:30:41","slug":"inovallee-partenaire-de-la-saas-academy-participez-a-la-session-de-sensibilisation-du-mercredi-6-mai","status":"publish","type":"post","link":"http:\/\/www.inovallee.com\/en\/inovallee-partenaire-de-la-saas-academy-participez-a-la-session-de-sensibilisation-du-mercredi-6-mai\/","title":{"rendered":"inovall\u00e9e partenaire de la SAAS Academy : participez \u00e0 la session de sensibilisation du mercredi 6 mai"},"content":{"rendered":"<div dir=\"ltr\" style=\"text-align: left;\">\n<table border=\"0\" cellpadding=\"0\" cellspacing=\"0\" style=\"background: white; border-collapse: collapse; color: #333333; font-family: Arial, Tahoma, Helvetica, FreeSans, sans-serif; font-size: 14.8500003814697px; line-height: 20.7900009155273px; margin-left: 7.5pt;\">\n<tbody>\n<tr>\n<td style=\"padding: 3.75pt 0cm; width: 435pt;\" valign=\"top\" width=\"580\">\n<table border=\"0\" cellpadding=\"0\" cellspacing=\"0\" style=\"background-attachment: initial; background-clip: initial; background-image: initial; background-origin: initial; background-position: initial; background-repeat: initial; background-size: initial; border-collapse: collapse; width: 565px;\">\n<tbody>\n<tr>\n<td style=\"padding: 3.75pt 0cm 3.75pt 3.75pt;\">\n<div style=\"clear: both; text-align: center;\"><a href=\"http:\/\/4.bp.blogspot.com\/-QryMW06fwMY\/VPA_wBmDWpI\/AAAAAAAAPpE\/SjYrYfqAtPA\/s1600\/saas.png\" style=\"clear: left; color: #6699cc; float: left; margin-bottom: 1em; margin-right: 1em; text-decoration: none;\"><span style=\"font-family: Arial, Helvetica, sans-serif; font-size: xx-small;\"><\/span><\/a><\/div>\n<div style=\"clear: both; text-align: center;\"><a href=\"http:\/\/3.bp.blogspot.com\/-vvEEJ2ZDxLs\/VUDdS9La_9I\/AAAAAAAAQeU\/aF7wm34gqcE\/s1600\/saas.jpg\" style=\"clear: left; float: left; margin-bottom: 1em; margin-right: 1em;\"><img decoding=\"async\" border=\"0\" src=\"http:\/\/3.bp.blogspot.com\/-vvEEJ2ZDxLs\/VUDdS9La_9I\/AAAAAAAAQeU\/aF7wm34gqcE\/s1600\/saas.jpg\" height=\"200\" width=\"200\" \/><\/a><\/div>\n<div style=\"margin-bottom: 7.5pt;\">\n<div style=\"margin-bottom: 7.5pt;\"><b><span style=\"font-family: Arial, Helvetica, sans-serif; font-size: x-small;\">Mercredi 6 mai, la SAAS Academy, programme d&rsquo;accompagnement national d\u00e9di\u00e9 aux \u00e9diteurs de logiciels dont inovall\u00e9e est partenaire, vous propose une session de sensibilisation aux opportunit\u00e9s offertes par le Cloud et le SaaS.&nbsp;<\/span><\/b><\/div>\n<div style=\"margin-bottom: 7.5pt;\"><span style=\"font-family: Arial, Helvetica, sans-serif; font-size: x-small;\">Premi\u00e8re \u00e9tape d&rsquo;une d\u00e9marche incr\u00e9mentale. les sessions de sensibilisation visent \u00e0 appr\u00e9hender le processus de transition vers le SaaS en cr\u00e9ant un une rencontre propose \u00e0 l&rsquo;\u00e9change, notamment gr\u00e2ce aux retours d&rsquo;exp\u00e9riences d&rsquo;utilisateurs et d&rsquo;\u00e9l\u00e9ments structurants sur le contenu du&nbsp;<a href=\"http:\/\/saasacademy.fr\/programme\/\" style=\"color: #6699cc; text-decoration: none;\" target=\"_blank\" rel=\"noopener noreferrer\">programme<\/a>.&nbsp;<\/span><\/div>\n<div style=\"margin-bottom: 7.5pt;\"><b><span style=\"font-family: Arial, Helvetica, sans-serif; font-size: x-small;\">Quelles opportunit\u00e9s offrent le cloud et le SaaS ?&nbsp;<\/span><\/b><\/div>\n<div style=\"margin-bottom: 7.5pt;\"><b><span style=\"font-family: Arial, Helvetica, sans-serif; font-size: x-small;\">\u00c0 quelles probl\u00e9matiques les entreprises peuvent-elles \u00eatre confront\u00e9es ?&nbsp;<\/span><\/b><\/div>\n<div style=\"margin-bottom: 7.5pt;\"><b><span style=\"font-family: Arial, Helvetica, sans-serif; font-size: x-small;\">Quels sont les risques ?<\/span><\/b><\/div>\n<div style=\"margin-bottom: 7.5pt;\"><\/p>\n<div><span style=\"font-family: Arial, Helvetica, sans-serif; font-size: x-small;\"><span style=\"color: #444444; line-height: 20.7900009155273px;\">Ces sessions s&rsquo;adressent exclusivement aux dirigeants des \u00c9diteurs de Logiciels. La participation est gratuite, mais obligatoire. Pour favoriser les \u00e9changes, le nombre de places est<\/span><b style=\"color: #444444; line-height: 20.7900009155273px;\">&nbsp;limit\u00e9 \u00e0 10 personnes maximum<\/b><span style=\"color: #444444; line-height: 20.7900009155273px;\">. R\u00e9servez rapidement votre place !<\/span><\/span><\/div>\n<p><span style=\"font-family: Arial, Helvetica, sans-serif; font-size: x-small;\"><\/p>\n<div><span style=\"color: #444444;\"><br \/><\/span><\/div>\n<p><span style=\"color: #444444;\"><\/p>\n<div><b style=\"line-height: 20.7900009155273px;\">ATTENTION : cette session de sensibilisation est r\u00e9serv\u00e9e aux dirigeants des \u00e9diteurs de logiciels<\/b><\/div>\n<div><b style=\"line-height: 20.7900009155273px;\"><br \/><\/b><\/div>\n<div><b style=\"line-height: 20.7900009155273px;\">LIEU :&nbsp;<\/b><\/div>\n<div><span style=\"line-height: 20.7900009155273px;\">inovall\u00e9e<br \/>29, chemin du vieux ch\u00eane<\/span><\/div>\n<div><span style=\"line-height: 20.7900009155273px;\">38240 Meylan<\/span><\/div>\n<p><\/span><\/span><\/p>\n<div style=\"clear: both;\"><span style=\"font-family: Arial, Helvetica, sans-serif; font-size: x-small;\"><br \/><a href=\"http:\/\/saasacademy.fr\/\" style=\"color: #6699cc; line-height: 20.7900009155273px; text-decoration: none;\" target=\"_blank\" rel=\"noopener noreferrer\">En savoir plus<\/a><\/span><\/div>\n<\/div>\n<div style=\"margin-bottom: 7.5pt;\"><span style=\"font-family: Arial, Helvetica, sans-serif; font-size: x-small;\"><a href=\"http:\/\/saasacademy.fr\/inscriptions\/\" style=\"color: #6699cc; text-decoration: none;\" target=\"_blank\" rel=\"noopener noreferrer\">Vous inscrire<\/a><\/span><\/div>\n<\/div>\n<\/td>\n<\/tr>\n<\/tbody>\n<\/table>\n<\/td>\n<\/tr>\n<\/tbody>\n<\/table>\n<\/div>","protected":false},"excerpt":{"rendered":"<p>Mercredi 6 mai, la SAAS Academy, programme d&rsquo;accompagnement national d\u00e9di\u00e9 aux \u00e9diteurs de logiciels dont inovall\u00e9e est partenaire, vous propose une session de sensibilisation aux opportunit\u00e9s offertes par le Cloud et le SaaS.&nbsp; Premi\u00e8re \u00e9tape d&rsquo;une d\u00e9marche incr\u00e9mentale. les sessions de sensibilisation visent \u00e0 appr\u00e9hender le processus de transition vers le SaaS en cr\u00e9ant un [&hellip;]<\/p>\n","protected":false},"author":6,"featured_media":0,"comment_status":"closed","ping_status":"open","sticky":false,"template":"","format":"standard","meta":{"footnotes":""},"categories":[29],"tags":[],"class_list":["post-1922","post","type-post","status-publish","format-standard","hentry","category-evenements"],"yoast_head":"<!-- This site is optimized with the Yoast SEO plugin v27.4 - https:\/\/yoast.com\/product\/yoast-seo-wordpress\/ -->\n<title>inovall\u00e9e partenaire de la SAAS Academy : participez \u00e0 la session de sensibilisation du mercredi 6 mai - inovall\u00e9e<\/title>\n<meta name=\"robots\" content=\"index, follow, max-snippet:-1, max-image-preview:large, max-video-preview:-1\" \/>\n<link rel=\"canonical\" href=\"https:\/\/www.inovallee.com\/en\/inovallee-partenaire-de-la-saas-academy-participez-a-la-session-de-sensibilisation-du-mercredi-6-mai\/\" \/>\n<meta property=\"og:locale\" content=\"en_GB\" \/>\n<meta property=\"og:type\" content=\"article\" \/>\n<meta property=\"og:title\" content=\"inovall\u00e9e partenaire de la SAAS Academy : participez \u00e0 la session de sensibilisation du mercredi 6 mai - inovall\u00e9e\" \/>\n<meta property=\"og:description\" content=\"Mercredi 6 mai, la SAAS Academy, programme d&rsquo;accompagnement national d\u00e9di\u00e9 aux \u00e9diteurs de logiciels dont inovall\u00e9e est partenaire, vous propose une session de sensibilisation aux opportunit\u00e9s offertes par le Cloud et le SaaS.&nbsp; Premi\u00e8re \u00e9tape d&rsquo;une d\u00e9marche incr\u00e9mentale. les sessions de sensibilisation visent \u00e0 appr\u00e9hender le processus de transition vers le SaaS en cr\u00e9ant un [&hellip;]\" \/>\n<meta property=\"og:url\" content=\"https:\/\/www.inovallee.com\/en\/inovallee-partenaire-de-la-saas-academy-participez-a-la-session-de-sensibilisation-du-mercredi-6-mai\/\" \/>\n<meta property=\"og:site_name\" content=\"inovall\u00e9e\" \/>\n<meta property=\"article:publisher\" content=\"https:\/\/www.facebook.com\/technopoleinovallee\/\" \/>\n<meta property=\"article:published_time\" content=\"2015-04-29T12:51:00+00:00\" \/>\n<meta property=\"article:modified_time\" content=\"2020-06-23T13:30:41+00:00\" \/>\n<meta property=\"og:image\" content=\"http:\/\/3.bp.blogspot.com\/-vvEEJ2ZDxLs\/VUDdS9La_9I\/AAAAAAAAQeU\/aF7wm34gqcE\/s1600\/saas.jpg\" \/>\n<meta name=\"author\" content=\"Inovallee\" \/>\n<meta name=\"twitter:card\" content=\"summary_large_image\" \/>\n<meta name=\"twitter:creator\" content=\"@inovallee\" \/>\n<meta name=\"twitter:site\" content=\"@inovallee\" \/>\n<meta name=\"twitter:label1\" content=\"Written by\" \/>\n\t<meta name=\"twitter:data1\" content=\"Inovallee\" \/>\n\t<meta name=\"twitter:label2\" content=\"Estimated reading time\" \/>\n\t<meta name=\"twitter:data2\" content=\"1 minute\" \/>\n<script type=\"application\/ld+json\" class=\"yoast-schema-graph\">{\"@context\":\"https:\\\/\\\/schema.org\",\"@graph\":[{\"@type\":\"Article\",\"@id\":\"https:\\\/\\\/www.inovallee.com\\\/inovallee-partenaire-de-la-saas-academy-participez-a-la-session-de-sensibilisation-du-mercredi-6-mai\\\/#article\",\"isPartOf\":{\"@id\":\"https:\\\/\\\/www.inovallee.com\\\/inovallee-partenaire-de-la-saas-academy-participez-a-la-session-de-sensibilisation-du-mercredi-6-mai\\\/\"},\"author\":{\"name\":\"Inovallee\",\"@id\":\"https:\\\/\\\/www.inovallee.com\\\/#\\\/schema\\\/person\\\/a45b15518aad3111b2d61d257a3e023b\"},\"headline\":\"inovall\u00e9e partenaire de la SAAS Academy : participez \u00e0 la session de sensibilisation du mercredi 6 mai\",\"datePublished\":\"2015-04-29T12:51:00+00:00\",\"dateModified\":\"2020-06-23T13:30:41+00:00\",\"mainEntityOfPage\":{\"@id\":\"https:\\\/\\\/www.inovallee.com\\\/inovallee-partenaire-de-la-saas-academy-participez-a-la-session-de-sensibilisation-du-mercredi-6-mai\\\/\"},\"wordCount\":195,\"publisher\":{\"@id\":\"https:\\\/\\\/www.inovallee.com\\\/#organization\"},\"image\":{\"@id\":\"https:\\\/\\\/www.inovallee.com\\\/inovallee-partenaire-de-la-saas-academy-participez-a-la-session-de-sensibilisation-du-mercredi-6-mai\\\/#primaryimage\"},\"thumbnailUrl\":\"http:\\\/\\\/3.bp.blogspot.com\\\/-vvEEJ2ZDxLs\\\/VUDdS9La_9I\\\/AAAAAAAAQeU\\\/aF7wm34gqcE\\\/s1600\\\/saas.jpg\",\"articleSection\":[\"Technopole inovall\u00e9e\"],\"inLanguage\":\"en-GB\"},{\"@type\":\"WebPage\",\"@id\":\"https:\\\/\\\/www.inovallee.com\\\/inovallee-partenaire-de-la-saas-academy-participez-a-la-session-de-sensibilisation-du-mercredi-6-mai\\\/\",\"url\":\"https:\\\/\\\/www.inovallee.com\\\/inovallee-partenaire-de-la-saas-academy-participez-a-la-session-de-sensibilisation-du-mercredi-6-mai\\\/\",\"name\":\"inovall\u00e9e partenaire de la SAAS Academy : participez \u00e0 la session de sensibilisation du mercredi 6 mai - inovall\u00e9e\",\"isPartOf\":{\"@id\":\"https:\\\/\\\/www.inovallee.com\\\/#website\"},\"primaryImageOfPage\":{\"@id\":\"https:\\\/\\\/www.inovallee.com\\\/inovallee-partenaire-de-la-saas-academy-participez-a-la-session-de-sensibilisation-du-mercredi-6-mai\\\/#primaryimage\"},\"image\":{\"@id\":\"https:\\\/\\\/www.inovallee.com\\\/inovallee-partenaire-de-la-saas-academy-participez-a-la-session-de-sensibilisation-du-mercredi-6-mai\\\/#primaryimage\"},\"thumbnailUrl\":\"http:\\\/\\\/3.bp.blogspot.com\\\/-vvEEJ2ZDxLs\\\/VUDdS9La_9I\\\/AAAAAAAAQeU\\\/aF7wm34gqcE\\\/s1600\\\/saas.jpg\",\"datePublished\":\"2015-04-29T12:51:00+00:00\",\"dateModified\":\"2020-06-23T13:30:41+00:00\",\"breadcrumb\":{\"@id\":\"https:\\\/\\\/www.inovallee.com\\\/inovallee-partenaire-de-la-saas-academy-participez-a-la-session-de-sensibilisation-du-mercredi-6-mai\\\/#breadcrumb\"},\"inLanguage\":\"en-GB\",\"potentialAction\":[{\"@type\":\"ReadAction\",\"target\":[\"https:\\\/\\\/www.inovallee.com\\\/inovallee-partenaire-de-la-saas-academy-participez-a-la-session-de-sensibilisation-du-mercredi-6-mai\\\/\"]}]},{\"@type\":\"ImageObject\",\"inLanguage\":\"en-GB\",\"@id\":\"https:\\\/\\\/www.inovallee.com\\\/inovallee-partenaire-de-la-saas-academy-participez-a-la-session-de-sensibilisation-du-mercredi-6-mai\\\/#primaryimage\",\"url\":\"http:\\\/\\\/3.bp.blogspot.com\\\/-vvEEJ2ZDxLs\\\/VUDdS9La_9I\\\/AAAAAAAAQeU\\\/aF7wm34gqcE\\\/s1600\\\/saas.jpg\",\"contentUrl\":\"http:\\\/\\\/3.bp.blogspot.com\\\/-vvEEJ2ZDxLs\\\/VUDdS9La_9I\\\/AAAAAAAAQeU\\\/aF7wm34gqcE\\\/s1600\\\/saas.jpg\"},{\"@type\":\"BreadcrumbList\",\"@id\":\"https:\\\/\\\/www.inovallee.com\\\/inovallee-partenaire-de-la-saas-academy-participez-a-la-session-de-sensibilisation-du-mercredi-6-mai\\\/#breadcrumb\",\"itemListElement\":[{\"@type\":\"ListItem\",\"position\":1,\"name\":\"Accueil\",\"item\":\"https:\\\/\\\/www.inovallee.com\\\/\"},{\"@type\":\"ListItem\",\"position\":2,\"name\":\"inovall\u00e9e partenaire de la SAAS Academy : participez \u00e0 la session de sensibilisation du mercredi 6 mai\"}]},{\"@type\":\"WebSite\",\"@id\":\"https:\\\/\\\/www.inovallee.com\\\/#website\",\"url\":\"https:\\\/\\\/www.inovallee.com\\\/\",\"name\":\"inovall\u00e9e technopole, Home to software & smart technologies\",\"description\":\"Home to software &amp; smart technologies\",\"publisher\":{\"@id\":\"https:\\\/\\\/www.inovallee.com\\\/#organization\"},\"potentialAction\":[{\"@type\":\"SearchAction\",\"target\":{\"@type\":\"EntryPoint\",\"urlTemplate\":\"https:\\\/\\\/www.inovallee.com\\\/?s={search_term_string}\"},\"query-input\":{\"@type\":\"PropertyValueSpecification\",\"valueRequired\":true,\"valueName\":\"search_term_string\"}}],\"inLanguage\":\"en-GB\"},{\"@type\":\"Organization\",\"@id\":\"https:\\\/\\\/www.inovallee.com\\\/#organization\",\"name\":\"inovall\u00e9e\",\"url\":\"https:\\\/\\\/www.inovallee.com\\\/\",\"logo\":{\"@type\":\"ImageObject\",\"inLanguage\":\"en-GB\",\"@id\":\"https:\\\/\\\/www.inovallee.com\\\/#\\\/schema\\\/logo\\\/image\\\/\",\"url\":\"https:\\\/\\\/www.inovallee.com\\\/wp-content\\\/uploads\\\/2023\\\/08\\\/inovallee_2022_GrenobleAlpes.png\",\"contentUrl\":\"https:\\\/\\\/www.inovallee.com\\\/wp-content\\\/uploads\\\/2023\\\/08\\\/inovallee_2022_GrenobleAlpes.png\",\"width\":945,\"height\":369,\"caption\":\"inovall\u00e9e\"},\"image\":{\"@id\":\"https:\\\/\\\/www.inovallee.com\\\/#\\\/schema\\\/logo\\\/image\\\/\"},\"sameAs\":[\"https:\\\/\\\/www.facebook.com\\\/technopoleinovallee\\\/\",\"https:\\\/\\\/x.com\\\/inovallee\",\"https:\\\/\\\/www.linkedin.com\\\/company\\\/inovall-e\\\/\",\"https:\\\/\\\/www.youtube.com\\\/user\\\/inovallee?reload=9\"]},{\"@type\":\"Person\",\"@id\":\"https:\\\/\\\/www.inovallee.com\\\/#\\\/schema\\\/person\\\/a45b15518aad3111b2d61d257a3e023b\",\"name\":\"Inovallee\"}]}<\/script>\n<!-- \/ Yoast SEO plugin. -->","yoast_head_json":{"title":"inovall\u00e9e partenaire de la SAAS Academy : participez \u00e0 la session de sensibilisation du mercredi 6 mai - inovall\u00e9e","robots":{"index":"index","follow":"follow","max-snippet":"max-snippet:-1","max-image-preview":"max-image-preview:large","max-video-preview":"max-video-preview:-1"},"canonical":"https:\/\/www.inovallee.com\/en\/inovallee-partenaire-de-la-saas-academy-participez-a-la-session-de-sensibilisation-du-mercredi-6-mai\/","og_locale":"en_GB","og_type":"article","og_title":"inovall\u00e9e partenaire de la SAAS Academy : participez \u00e0 la session de sensibilisation du mercredi 6 mai - inovall\u00e9e","og_description":"Mercredi 6 mai, la SAAS Academy, programme d&rsquo;accompagnement national d\u00e9di\u00e9 aux \u00e9diteurs de logiciels dont inovall\u00e9e est partenaire, vous propose une session de sensibilisation aux opportunit\u00e9s offertes par le Cloud et le SaaS.&nbsp; Premi\u00e8re \u00e9tape d&rsquo;une d\u00e9marche incr\u00e9mentale. les sessions de sensibilisation visent \u00e0 appr\u00e9hender le processus de transition vers le SaaS en cr\u00e9ant un [&hellip;]","og_url":"https:\/\/www.inovallee.com\/en\/inovallee-partenaire-de-la-saas-academy-participez-a-la-session-de-sensibilisation-du-mercredi-6-mai\/","og_site_name":"inovall\u00e9e","article_publisher":"https:\/\/www.facebook.com\/technopoleinovallee\/","article_published_time":"2015-04-29T12:51:00+00:00","article_modified_time":"2020-06-23T13:30:41+00:00","og_image":[{"url":"http:\/\/3.bp.blogspot.com\/-vvEEJ2ZDxLs\/VUDdS9La_9I\/AAAAAAAAQeU\/aF7wm34gqcE\/s1600\/saas.jpg","type":"","width":"","height":""}],"author":"Inovallee","twitter_card":"summary_large_image","twitter_creator":"@inovallee","twitter_site":"@inovallee","twitter_misc":{"Written by":"Inovallee","Estimated reading time":"1 minute"},"schema":{"@context":"https:\/\/schema.org","@graph":[{"@type":"Article","@id":"https:\/\/www.inovallee.com\/inovallee-partenaire-de-la-saas-academy-participez-a-la-session-de-sensibilisation-du-mercredi-6-mai\/#article","isPartOf":{"@id":"https:\/\/www.inovallee.com\/inovallee-partenaire-de-la-saas-academy-participez-a-la-session-de-sensibilisation-du-mercredi-6-mai\/"},"author":{"name":"Inovallee","@id":"https:\/\/www.inovallee.com\/#\/schema\/person\/a45b15518aad3111b2d61d257a3e023b"},"headline":"inovall\u00e9e partenaire de la SAAS Academy : participez \u00e0 la session de sensibilisation du mercredi 6 mai","datePublished":"2015-04-29T12:51:00+00:00","dateModified":"2020-06-23T13:30:41+00:00","mainEntityOfPage":{"@id":"https:\/\/www.inovallee.com\/inovallee-partenaire-de-la-saas-academy-participez-a-la-session-de-sensibilisation-du-mercredi-6-mai\/"},"wordCount":195,"publisher":{"@id":"https:\/\/www.inovallee.com\/#organization"},"image":{"@id":"https:\/\/www.inovallee.com\/inovallee-partenaire-de-la-saas-academy-participez-a-la-session-de-sensibilisation-du-mercredi-6-mai\/#primaryimage"},"thumbnailUrl":"http:\/\/3.bp.blogspot.com\/-vvEEJ2ZDxLs\/VUDdS9La_9I\/AAAAAAAAQeU\/aF7wm34gqcE\/s1600\/saas.jpg","articleSection":["Technopole inovall\u00e9e"],"inLanguage":"en-GB"},{"@type":"WebPage","@id":"https:\/\/www.inovallee.com\/inovallee-partenaire-de-la-saas-academy-participez-a-la-session-de-sensibilisation-du-mercredi-6-mai\/","url":"https:\/\/www.inovallee.com\/inovallee-partenaire-de-la-saas-academy-participez-a-la-session-de-sensibilisation-du-mercredi-6-mai\/","name":"inovall\u00e9e partenaire de la SAAS Academy : participez \u00e0 la session de sensibilisation du mercredi 6 mai - inovall\u00e9e","isPartOf":{"@id":"https:\/\/www.inovallee.com\/#website"},"primaryImageOfPage":{"@id":"https:\/\/www.inovallee.com\/inovallee-partenaire-de-la-saas-academy-participez-a-la-session-de-sensibilisation-du-mercredi-6-mai\/#primaryimage"},"image":{"@id":"https:\/\/www.inovallee.com\/inovallee-partenaire-de-la-saas-academy-participez-a-la-session-de-sensibilisation-du-mercredi-6-mai\/#primaryimage"},"thumbnailUrl":"http:\/\/3.bp.blogspot.com\/-vvEEJ2ZDxLs\/VUDdS9La_9I\/AAAAAAAAQeU\/aF7wm34gqcE\/s1600\/saas.jpg","datePublished":"2015-04-29T12:51:00+00:00","dateModified":"2020-06-23T13:30:41+00:00","breadcrumb":{"@id":"https:\/\/www.inovallee.com\/inovallee-partenaire-de-la-saas-academy-participez-a-la-session-de-sensibilisation-du-mercredi-6-mai\/#breadcrumb"},"inLanguage":"en-GB","potentialAction":[{"@type":"ReadAction","target":["https:\/\/www.inovallee.com\/inovallee-partenaire-de-la-saas-academy-participez-a-la-session-de-sensibilisation-du-mercredi-6-mai\/"]}]},{"@type":"ImageObject","inLanguage":"en-GB","@id":"https:\/\/www.inovallee.com\/inovallee-partenaire-de-la-saas-academy-participez-a-la-session-de-sensibilisation-du-mercredi-6-mai\/#primaryimage","url":"http:\/\/3.bp.blogspot.com\/-vvEEJ2ZDxLs\/VUDdS9La_9I\/AAAAAAAAQeU\/aF7wm34gqcE\/s1600\/saas.jpg","contentUrl":"http:\/\/3.bp.blogspot.com\/-vvEEJ2ZDxLs\/VUDdS9La_9I\/AAAAAAAAQeU\/aF7wm34gqcE\/s1600\/saas.jpg"},{"@type":"BreadcrumbList","@id":"https:\/\/www.inovallee.com\/inovallee-partenaire-de-la-saas-academy-participez-a-la-session-de-sensibilisation-du-mercredi-6-mai\/#breadcrumb","itemListElement":[{"@type":"ListItem","position":1,"name":"Accueil","item":"https:\/\/www.inovallee.com\/"},{"@type":"ListItem","position":2,"name":"inovall\u00e9e partenaire de la SAAS Academy : participez \u00e0 la session de sensibilisation du mercredi 6 mai"}]},{"@type":"WebSite","@id":"https:\/\/www.inovallee.com\/#website","url":"https:\/\/www.inovallee.com\/","name":"inovall\u00e9e technopole, Home to software & smart technologies","description":"Home to software &amp; smart technologies","publisher":{"@id":"https:\/\/www.inovallee.com\/#organization"},"potentialAction":[{"@type":"SearchAction","target":{"@type":"EntryPoint","urlTemplate":"https:\/\/www.inovallee.com\/?s={search_term_string}"},"query-input":{"@type":"PropertyValueSpecification","valueRequired":true,"valueName":"search_term_string"}}],"inLanguage":"en-GB"},{"@type":"Organization","@id":"https:\/\/www.inovallee.com\/#organization","name":"inovall\u00e9e","url":"https:\/\/www.inovallee.com\/","logo":{"@type":"ImageObject","inLanguage":"en-GB","@id":"https:\/\/www.inovallee.com\/#\/schema\/logo\/image\/","url":"https:\/\/www.inovallee.com\/wp-content\/uploads\/2023\/08\/inovallee_2022_GrenobleAlpes.png","contentUrl":"https:\/\/www.inovallee.com\/wp-content\/uploads\/2023\/08\/inovallee_2022_GrenobleAlpes.png","width":945,"height":369,"caption":"inovall\u00e9e"},"image":{"@id":"https:\/\/www.inovallee.com\/#\/schema\/logo\/image\/"},"sameAs":["https:\/\/www.facebook.com\/technopoleinovallee\/","https:\/\/x.com\/inovallee","https:\/\/www.linkedin.com\/company\/inovall-e\/","https:\/\/www.youtube.com\/user\/inovallee?reload=9"]},{"@type":"Person","@id":"https:\/\/www.inovallee.com\/#\/schema\/person\/a45b15518aad3111b2d61d257a3e023b","name":"Inovallee"}]}},"_links":{"self":[{"href":"http:\/\/www.inovallee.com\/en\/wp-json\/wp\/v2\/posts\/1922","targetHints":{"allow":["GET"]}}],"collection":[{"href":"http:\/\/www.inovallee.com\/en\/wp-json\/wp\/v2\/posts"}],"about":[{"href":"http:\/\/www.inovallee.com\/en\/wp-json\/wp\/v2\/types\/post"}],"author":[{"embeddable":true,"href":"http:\/\/www.inovallee.com\/en\/wp-json\/wp\/v2\/users\/6"}],"replies":[{"embeddable":true,"href":"http:\/\/www.inovallee.com\/en\/wp-json\/wp\/v2\/comments?post=1922"}],"version-history":[{"count":0,"href":"http:\/\/www.inovallee.com\/en\/wp-json\/wp\/v2\/posts\/1922\/revisions"}],"wp:attachment":[{"href":"http:\/\/www.inovallee.com\/en\/wp-json\/wp\/v2\/media?parent=1922"}],"wp:term":[{"taxonomy":"category","embeddable":true,"href":"http:\/\/www.inovallee.com\/en\/wp-json\/wp\/v2\/categories?post=1922"},{"taxonomy":"post_tag","embeddable":true,"href":"http:\/\/www.inovallee.com\/en\/wp-json\/wp\/v2\/tags?post=1922"}],"curies":[{"name":"wp","href":"https:\/\/api.w.org\/{rel}","templated":true}]}}