{"id":1928,"date":"2015-04-28T13:19:00","date_gmt":"2015-04-28T12:19:00","guid":{"rendered":"https:\/\/www.inovallee.com\/lactualite-dinovallee-mini-conference-le-management-prochain-levier-de-succes-de-linnovation-le-9-juin-en-collaboration-avec-gem\/"},"modified":"2015-04-28T13:19:00","modified_gmt":"2015-04-28T12:19:00","slug":"lactualite-dinovallee-mini-conference-le-management-prochain-levier-de-succes-de-linnovation-le-9-juin-en-collaboration-avec-gem","status":"publish","type":"post","link":"http:\/\/www.inovallee.com\/en\/lactualite-dinovallee-mini-conference-le-management-prochain-levier-de-succes-de-linnovation-le-9-juin-en-collaboration-avec-gem\/","title":{"rendered":"L&#039;actualit\u00e9 d&#039;inovall\u00e9e : mini-conf\u00e9rence &quot;le management, prochain levier de succ\u00e8s de l&#039;innovation&quot; le 9 juin en collaboration avec GEM"},"content":{"rendered":"<div dir=\"ltr\" style=\"text-align: left;\">\n<div style=\"background: white; margin-bottom: 9.75pt;\">\n<div style=\"clear: both; text-align: center;\"><a href=\"http:\/\/1.bp.blogspot.com\/-U9prFASXwJY\/VT4uXj6L1NI\/AAAAAAAAQZI\/kpOFE_3NfXg\/s1600\/gem.tif\" style=\"clear: left; float: left; margin-bottom: 1em; margin-right: 1em;\"><img decoding=\"async\" border=\"0\" src=\"http:\/\/1.bp.blogspot.com\/-U9prFASXwJY\/VT4uXj6L1NI\/AAAAAAAAQZI\/kpOFE_3NfXg\/s1600\/gem.tif\" height=\"200\" width=\"143\" \/><\/a><\/div>\n<p><span style=\"color: #333333; font-family: Arial, Helvetica, sans-serif; font-size: x-small;\"><span style=\"line-height: 14px;\"><b>Dans le cadre de son partenariat avec Grenoble \u00c9cole de Management, inovall\u00e9e vous propose une mini-conf\u00e9rence sur le th\u00e8me \u00ab\u00a0le management, prochain levier de succ\u00e8s de l&rsquo;innovation\u00a0\u00bb mardi 9 juin.&nbsp;<\/b><\/span><\/span><br \/><span style=\"font-family: Arial, Helvetica, sans-serif; font-size: x-small;\"><span style=\"line-height: 1.4em;\"><br \/>Le progr\u00e8s technique comme facteur de croissance \u00e9conomique ferait-il d\u00e9sormais partie d&rsquo;une vision&nbsp;<\/span><span style=\"line-height: 22.4000015258789px;\">d\u00e9su\u00e8te<\/span><span style=\"line-height: 1.4em;\">&nbsp;? En effet, les limites de ce mod\u00e8le ont permis de faire \u00e9merger de nouvelles dynamiques, notamment par les pouvoirs publics. Quelles en sont les cons\u00e9quences ? L&rsquo;implication n\u00e9cessaire du top management pour pr\u00e9empter l&rsquo;action publique et transformer en continu les march\u00e9s et m\u00e9tiers pour ne pas passer \u00e0 c\u00f4t\u00e9 d&rsquo;un tournant strat\u00e9gique.&nbsp;<\/span><\/span><\/div>\n<div style=\"background: white; margin-bottom: 9.75pt;\">\n<div style=\"border: 0px; box-sizing: border-box; font-stretch: inherit; line-height: 1.4em; margin-bottom: 20px; padding: 0px; vertical-align: baseline;\"><span style=\"font-family: Arial, Helvetica, sans-serif; font-size: x-small;\">Mais comment se r\u00e9inventer en conciliant l&rsquo;excellence op\u00e9rationnelle et relationnelle avec le client tout en \u00e9tant confront\u00e9 \u00e0 la loi des KPI ? Autour de trois lignes directrices, voici plusieurs \u00e9bauches de solutions :&nbsp;<span style=\"line-height: 22.4000015258789px;\">&nbsp;<\/span><span style=\"line-height: 22.4000015258789px;\">la co-cr\u00e9ation de valeur pour voir les choses diff\u00e9remment&nbsp;; la collaboration ouverte et l&rsquo;exp\u00e9rience coop\u00e9rative dans de nouveaux lieux d&rsquo;innovation&nbsp;; la dynamisation des business models.<\/span><\/span><\/div>\n<\/div>\n<div style=\"background: white; margin-bottom: 9.75pt;\"><b style=\"line-height: 120%;\"><span style=\"line-height: 120%; text-transform: uppercase;\"><span style=\"color: #45818e; font-family: Arial, Helvetica, sans-serif; font-size: x-small;\">Principaux objectifs :&nbsp;<\/span><\/span><\/b><br \/><span style=\"line-height: 16.8pt; text-indent: -18pt;\"><span style=\"font-family: Arial, Helvetica, sans-serif; font-size: x-small;\">&#8211; Disposer d&rsquo;une lecture critique des dynamiques actuelles et des enjeux transformationnels de l&rsquo;innovation \u2013 elle-m\u00eame en pleine mutation;<\/span><\/span><br \/><span style=\"line-height: 16.8pt; text-indent: -18pt;\"><span style=\"font-family: Arial, Helvetica, sans-serif; font-size: x-small;\">&#8211; D\u00e9couvrir&nbsp;<\/span><span style=\"font-family: Arial, Helvetica, sans-serif; font-size: x-small; line-height: 22.4000015258789px;\">le r\u00f4le de levier accru et incontournable du management au 21\u00e8me si\u00e8cle pour r\u00e9ussir durablement par l&rsquo;innovation ;<\/span><\/span><br \/><span style=\"line-height: 16.8pt; text-indent: -18pt;\"><span style=\"font-family: Arial, Helvetica, sans-serif; font-size: x-small; line-height: 22.4000015258789px;\">&#8211; Partager&nbsp;<\/span><\/span><span style=\"font-family: Arial, Helvetica, sans-serif; font-size: x-small; line-height: 22.4000015258789px; text-indent: -24px;\">autour de l&rsquo;id\u00e9e de d\u00e9velopper une ambition de l&rsquo;innovation par et pour le management et les managers, de toutes fonctions et de tous niveaux.<\/span><\/p>\n<\/div>\n<div style=\"background-attachment: initial; background-clip: initial; background-image: initial; background-origin: initial; background-position: initial; background-repeat: initial; background-size: initial; line-height: 120%; margin-bottom: 9.75pt;\">\n<div style=\"background-color: white;\"><b><span style=\"line-height: 120%; text-transform: uppercase;\"><span style=\"color: #45818e; font-family: Arial, Helvetica, sans-serif; font-size: x-small;\">Principaux th\u00e8mes abord\u00e9s :<\/span><\/span><\/b><\/div>\n<div style=\"background-color: white;\"><span style=\"line-height: 16.8pt; text-indent: -18pt;\"><span style=\"font-family: Arial, Helvetica, sans-serif; font-size: x-small;\">&#8211; L&rsquo;innovation au 21\u00e8me si\u00e8cle&nbsp;: l&rsquo;imp\u00e9ratif d&rsquo;innover autrement&nbsp;: la transformation des mod\u00e8les d&rsquo;innovation&nbsp;;<\/span><\/span><\/div>\n<div style=\"background-color: white;\"><span style=\"line-height: 16.8pt; text-indent: -18pt;\"><span style=\"font-family: Arial, Helvetica, sans-serif; font-size: x-small;\">&#8211; Le management de l&rsquo;innovation pour les managers&nbsp;: les enjeux&nbsp; et le r\u00f4le du management dans la r\u00e9ussite de l&rsquo;innovation&nbsp;;<\/span><\/span><\/div>\n<div style=\"background-color: white;\"><span style=\"line-height: 16.8pt; text-indent: -18pt;\"><span style=\"font-family: Arial, Helvetica, sans-serif; font-size: x-small;\">&#8211; L&rsquo;ambition de l&rsquo;innovation comme levier de mobilisation des managers.&nbsp;<\/span><\/span><\/div>\n<div style=\"background-color: white;\"><span style=\"color: #45818e; font-family: Arial, Helvetica, sans-serif; font-size: x-small;\"><b>INTERVENANT :<\/b><\/span><\/div>\n<div style=\"background-color: white; clear: both; text-align: center;\"><a href=\"http:\/\/2.bp.blogspot.com\/-k9amNJcVOq0\/VT4x2okC6QI\/AAAAAAAAQZU\/dNGNHM-Fmq4\/s1600\/sylvie-blanco.jpg\" style=\"clear: left; float: left; margin-bottom: 1em; margin-right: 1em;\"><img decoding=\"async\" border=\"0\" src=\"http:\/\/2.bp.blogspot.com\/-k9amNJcVOq0\/VT4x2okC6QI\/AAAAAAAAQZU\/dNGNHM-Fmq4\/s1600\/sylvie-blanco.jpg\" \/><\/a><\/div>\n<div style=\"background-attachment: initial; background-clip: initial; background-image: initial; background-origin: initial; background-position: initial; background-repeat: initial; background-size: initial; line-height: 16.8pt; margin-bottom: 15pt;\"><span style=\"background-color: white; font-family: Arial, Helvetica, sans-serif; font-size: x-small;\"><b>Sylvie Blanco est Professeur et Directrice de la Valorisation en MTI \u00e0 Grenoble Ecole de Management.<\/b><\/span><\/div>\n<div style=\"text-indent: 0px;\"><span style=\"background-color: white; font-family: Arial, Helvetica, sans-serif; font-size: x-small;\"><span style=\"line-height: 16.8pt; text-indent: -18pt;\">&#8211; Docteur en Sciences de Gestion de l&rsquo;Universit\u00e9 de Grenoble, sur le sujet de l&rsquo;anticipation par les signaux faibles et la veille strat\u00e9gique&nbsp;;<\/span><\/span><\/div>\n<p><span style=\"background-color: white; font-family: Arial, Helvetica, sans-serif; font-size: x-small;\"><\/span><\/p>\n<div style=\"text-indent: 0px;\"><span style=\"background-color: white; font-family: Arial, Helvetica, sans-serif; font-size: x-small;\"><span style=\"line-height: 16.8pt; text-indent: -18pt;\">&#8211; Professeur en MTI, sp\u00e9cialis\u00e9e en management strat\u00e9gique de l&rsquo;innovation et anticipation face aux ruptures, techno-entrepreneuriat&nbsp;;<\/span><\/span><\/div>\n<p><span style=\"background-color: white; font-family: Arial, Helvetica, sans-serif; font-size: x-small;\"><\/span><span style=\"background-color: white; font-family: Arial, Helvetica, sans-serif; font-size: x-small;\"><\/span><\/p>\n<div style=\"text-indent: 0px;\"><span style=\"background-color: white; font-family: Arial, Helvetica, sans-serif; font-size: x-small;\"><span style=\"line-height: 16.8pt; text-indent: -18pt;\">&#8211; Directrice de la Recherche Partenariale (2009-2012), puis de la Valorisation MTI, la R&amp;D de l&rsquo;executive education en partenariat avec les experts entreprises&nbsp;;<\/span><span style=\"line-height: 16.8pt; text-indent: -18pt;\">&#8211; Membre du comit\u00e9 de coordination du campus d&rsquo;innovation GIANT, directrice scientifique des programmes MTI de l&rsquo;Institut de Recherche Technologique Nanoelec<\/span><span style=\"line-height: 16.8pt; text-indent: -18pt;\">&#8211; Plusieurs ann\u00e9es d&rsquo;exp\u00e9rience en tant que consultant en cr\u00e9ation et d\u00e9veloppement d&rsquo;activit\u00e9s high tech.<\/span><\/span><\/div>\n<p><span style=\"background-color: white; font-family: Arial, Helvetica, sans-serif; font-size: x-small;\"><\/span><span style=\"font-family: Arial, Helvetica, sans-serif;\"><\/span><\/p>\n<div style=\"background-color: white; text-indent: 0px;\"><span style=\"font-family: Arial, Helvetica, sans-serif;\"><span style=\"font-size: x-small;\"><span style=\"line-height: 16.8pt;\"><span lang=\"EN-US\">Auteur de <\/span><\/span><span style=\"line-height: 16.8pt;\"><span lang=\"EN-US\">\u00ab&nbsp;Innovation buy-in at Schneider Electric: the kibiz method&nbsp;\u00bb, in Discontinuous innovation, Imperial college press. <\/span><\/span><span style=\"line-height: 16.8pt;\">(2013).&nbsp;Management de l&rsquo;innovation, 2\u00e8me \u00e9dition, Pearson Education, 2012&nbsp;; co-\u00e9dit\u00e9 par S. Blanco et S. Le Loarne.<\/span><\/span><\/span><\/div>\n<p><span style=\"font-family: Arial, Helvetica, sans-serif;\"><\/span><\/p>\n<div style=\"background-color: white; font-size: small; text-indent: 0px;\"><span style=\"font-family: Arial, Helvetica, sans-serif;\"><span style=\"font-size: x-small; line-height: 16.8pt;\"><br \/><\/span><\/span><\/div>\n<p><span style=\"font-family: Arial, Helvetica, sans-serif;\"><\/span><\/p>\n<div style=\"background-color: white; font-size: small; text-indent: 0px;\"><span style=\"font-family: Arial, Helvetica, sans-serif;\"><span style=\"color: #45818e; font-size: x-small; line-height: 16.8pt;\"><b>HORAIRES :&nbsp;<\/b><\/span><\/span><\/div>\n<p><span style=\"font-family: Arial, Helvetica, sans-serif;\"><\/p>\n<div style=\"background-color: white; font-size: small; text-indent: 0px;\"><span style=\"font-size: x-small; line-height: 16.8pt;\">Mardi 9 juin de 12h \u00e0 14h<\/span><\/div>\n<div style=\"background-color: white; font-size: small; text-indent: 0px;\"><span style=\"font-size: x-small; line-height: 16.8pt;\"><br \/><\/span><\/div>\n<div style=\"background-color: white; font-size: small; text-indent: 0px;\"><span style=\"color: #45818e; font-size: x-small; line-height: 16.8pt;\"><b>LIEU :<\/b><\/span><\/div>\n<div style=\"background-color: white; font-size: small; text-indent: 0px;\"><span style=\"font-size: x-small; line-height: 16.8pt;\">Dans les locaux d&rsquo;inovall\u00e9e<\/span><\/div>\n<div style=\"background-color: white; font-size: small; text-indent: 0px;\"><span style=\"font-size: x-small; line-height: 16.8pt;\">29, chemin du Vieux Ch\u00eane<br \/>38240 Meylan<\/span><\/div>\n<div style=\"background-color: white; font-size: small; text-indent: 0px;\"><span style=\"font-size: x-small; line-height: 16.8pt;\"><br \/><\/span><\/div>\n<div style=\"background-color: white; font-size: small; text-indent: 0px;\"><span style=\"color: #45818e; font-size: x-small; line-height: 16.8pt;\"><b>INSCRIPTION :<\/b><\/span><\/div>\n<div style=\"background-color: white; font-size: small; text-indent: 0px;\"><span style=\"font-size: x-small; line-height: 16.8pt;\">Merci de bien vouloir contacter Christine Afonso <a href=\"mailto:accueil@inovallee.com\" target=\"_blank\" rel=\"noopener noreferrer\">par mail<\/a> ou par t\u00e9l\u00e9phone au 04 76 90 41 57<\/span><\/div>\n<div style=\"background-color: white; font-size: small; text-indent: 0px;\"><span style=\"font-size: x-small; line-height: 16.8pt;\"><br \/><\/span><\/div>\n<div style=\"text-align: center; text-indent: 0px;\"><span style=\"color: #45818e; line-height: 16.8pt;\"><b style=\"background-color: white;\"><i>Inscription gratuite mais obligatoire (un en-cas sera servi) <u>avant le 5 juin<\/u>.<\/i><\/b><\/span><br \/><span style=\"color: #45818e; line-height: 16.8pt;\"><b style=\"background-color: white;\"><i>Nombre de places limit\u00e9<\/i><\/b><\/span><br \/><span style=\"color: #45818e; line-height: 16.8pt;\"><b style=\"background-color: white;\"><i><br \/><\/i><\/b><\/span><\/div>\n<div style=\"font-size: small; text-align: center; text-indent: 0px;\"><span style=\"background-color: white; color: #134f5c; font-size: x-small; line-height: 16.8pt;\"><b><br \/><\/b><\/span><\/div>\n<div style=\"font-size: small; text-align: left; text-indent: 0px;\"><span style=\"background-color: white; font-size: x-small; line-height: 16.8pt;\">Pour plus d&rsquo;informations sur GEM, consultez son <a href=\"http:\/\/www.grenoble-em.com\/\" target=\"_blank\" rel=\"noopener noreferrer\">site Internet.&nbsp;<\/a><\/span><\/div>\n<p><\/span><\/div>\n<\/div>","protected":false},"excerpt":{"rendered":"<p>Dans le cadre de son partenariat avec Grenoble \u00c9cole de Management, inovall\u00e9e vous propose une mini-conf\u00e9rence sur le th\u00e8me \u00ab\u00a0le management, prochain levier de succ\u00e8s de l&rsquo;innovation\u00a0\u00bb mardi 9 juin.&nbsp;Le progr\u00e8s technique comme facteur de croissance \u00e9conomique ferait-il d\u00e9sormais partie d&rsquo;une vision&nbsp;d\u00e9su\u00e8te&nbsp;? En effet, les limites de ce mod\u00e8le ont permis de faire \u00e9merger de [&hellip;]<\/p>\n","protected":false},"author":6,"featured_media":0,"comment_status":"closed","ping_status":"open","sticky":false,"template":"","format":"standard","meta":{"footnotes":""},"categories":[38,37,56],"tags":[],"class_list":["post-1928","post","type-post","status-publish","format-standard","hentry","category-innovation-sociale","category-my-ino","category-bonnes-pratiques-rh-management"],"yoast_head":"<!-- This site is optimized with the Yoast SEO plugin v27.4 - https:\/\/yoast.com\/product\/yoast-seo-wordpress\/ -->\n<title>L&#039;actualit\u00e9 d&#039;inovall\u00e9e : mini-conf\u00e9rence &quot;le management, prochain levier de succ\u00e8s de l&#039;innovation&quot; le 9 juin en collaboration avec GEM - inovall\u00e9e<\/title>\n<meta name=\"robots\" content=\"index, follow, max-snippet:-1, max-image-preview:large, max-video-preview:-1\" \/>\n<link rel=\"canonical\" href=\"https:\/\/www.inovallee.com\/en\/lactualite-dinovallee-mini-conference-le-management-prochain-levier-de-succes-de-linnovation-le-9-juin-en-collaboration-avec-gem\/\" \/>\n<meta property=\"og:locale\" content=\"en_GB\" \/>\n<meta property=\"og:type\" content=\"article\" \/>\n<meta property=\"og:title\" content=\"L&#039;actualit\u00e9 d&#039;inovall\u00e9e : mini-conf\u00e9rence &quot;le management, prochain levier de succ\u00e8s de l&#039;innovation&quot; le 9 juin en collaboration avec GEM - inovall\u00e9e\" \/>\n<meta property=\"og:description\" content=\"Dans le cadre de son partenariat avec Grenoble \u00c9cole de Management, inovall\u00e9e vous propose une mini-conf\u00e9rence sur le th\u00e8me \u00ab\u00a0le management, prochain levier de succ\u00e8s de l&rsquo;innovation\u00a0\u00bb mardi 9 juin.&nbsp;Le progr\u00e8s technique comme facteur de croissance \u00e9conomique ferait-il d\u00e9sormais partie d&rsquo;une vision&nbsp;d\u00e9su\u00e8te&nbsp;? En effet, les limites de ce mod\u00e8le ont permis de faire \u00e9merger de [&hellip;]\" \/>\n<meta property=\"og:url\" content=\"https:\/\/www.inovallee.com\/en\/lactualite-dinovallee-mini-conference-le-management-prochain-levier-de-succes-de-linnovation-le-9-juin-en-collaboration-avec-gem\/\" \/>\n<meta property=\"og:site_name\" content=\"inovall\u00e9e\" \/>\n<meta property=\"article:publisher\" content=\"https:\/\/www.facebook.com\/technopoleinovallee\/\" \/>\n<meta property=\"article:published_time\" content=\"2015-04-28T12:19:00+00:00\" \/>\n<meta property=\"og:image\" content=\"http:\/\/1.bp.blogspot.com\/-U9prFASXwJY\/VT4uXj6L1NI\/AAAAAAAAQZI\/kpOFE_3NfXg\/s1600\/gem.tif\" \/>\n<meta name=\"author\" content=\"Inovallee\" \/>\n<meta name=\"twitter:card\" content=\"summary_large_image\" \/>\n<meta name=\"twitter:creator\" content=\"@inovallee\" \/>\n<meta name=\"twitter:site\" content=\"@inovallee\" \/>\n<meta name=\"twitter:label1\" content=\"Written by\" \/>\n\t<meta name=\"twitter:data1\" content=\"Inovallee\" \/>\n\t<meta name=\"twitter:label2\" content=\"Estimated reading time\" \/>\n\t<meta name=\"twitter:data2\" content=\"3 minutes\" \/>\n<script type=\"application\/ld+json\" class=\"yoast-schema-graph\">{\"@context\":\"https:\\\/\\\/schema.org\",\"@graph\":[{\"@type\":\"Article\",\"@id\":\"https:\\\/\\\/www.inovallee.com\\\/lactualite-dinovallee-mini-conference-le-management-prochain-levier-de-succes-de-linnovation-le-9-juin-en-collaboration-avec-gem\\\/#article\",\"isPartOf\":{\"@id\":\"https:\\\/\\\/www.inovallee.com\\\/lactualite-dinovallee-mini-conference-le-management-prochain-levier-de-succes-de-linnovation-le-9-juin-en-collaboration-avec-gem\\\/\"},\"author\":{\"name\":\"Inovallee\",\"@id\":\"https:\\\/\\\/www.inovallee.com\\\/#\\\/schema\\\/person\\\/a45b15518aad3111b2d61d257a3e023b\"},\"headline\":\"L&#039;actualit\u00e9 d&#039;inovall\u00e9e : mini-conf\u00e9rence &quot;le management, prochain levier de succ\u00e8s de l&#039;innovation&quot; le 9 juin en collaboration avec GEM\",\"datePublished\":\"2015-04-28T12:19:00+00:00\",\"mainEntityOfPage\":{\"@id\":\"https:\\\/\\\/www.inovallee.com\\\/lactualite-dinovallee-mini-conference-le-management-prochain-levier-de-succes-de-linnovation-le-9-juin-en-collaboration-avec-gem\\\/\"},\"wordCount\":595,\"publisher\":{\"@id\":\"https:\\\/\\\/www.inovallee.com\\\/#organization\"},\"image\":{\"@id\":\"https:\\\/\\\/www.inovallee.com\\\/lactualite-dinovallee-mini-conference-le-management-prochain-levier-de-succes-de-linnovation-le-9-juin-en-collaboration-avec-gem\\\/#primaryimage\"},\"thumbnailUrl\":\"http:\\\/\\\/1.bp.blogspot.com\\\/-U9prFASXwJY\\\/VT4uXj6L1NI\\\/AAAAAAAAQZI\\\/kpOFE_3NfXg\\\/s1600\\\/gem.tif\",\"articleSection\":[\"Innovation sociale\",\"My Ino : Vivre &amp; travailler sur inovall\u00e9e\",\"RH, \u00e9quipe et management\"],\"inLanguage\":\"en-GB\"},{\"@type\":\"WebPage\",\"@id\":\"https:\\\/\\\/www.inovallee.com\\\/lactualite-dinovallee-mini-conference-le-management-prochain-levier-de-succes-de-linnovation-le-9-juin-en-collaboration-avec-gem\\\/\",\"url\":\"https:\\\/\\\/www.inovallee.com\\\/lactualite-dinovallee-mini-conference-le-management-prochain-levier-de-succes-de-linnovation-le-9-juin-en-collaboration-avec-gem\\\/\",\"name\":\"L&#039;actualit\u00e9 d&#039;inovall\u00e9e : mini-conf\u00e9rence &quot;le management, prochain levier de succ\u00e8s de l&#039;innovation&quot; le 9 juin en collaboration avec GEM - inovall\u00e9e\",\"isPartOf\":{\"@id\":\"https:\\\/\\\/www.inovallee.com\\\/#website\"},\"primaryImageOfPage\":{\"@id\":\"https:\\\/\\\/www.inovallee.com\\\/lactualite-dinovallee-mini-conference-le-management-prochain-levier-de-succes-de-linnovation-le-9-juin-en-collaboration-avec-gem\\\/#primaryimage\"},\"image\":{\"@id\":\"https:\\\/\\\/www.inovallee.com\\\/lactualite-dinovallee-mini-conference-le-management-prochain-levier-de-succes-de-linnovation-le-9-juin-en-collaboration-avec-gem\\\/#primaryimage\"},\"thumbnailUrl\":\"http:\\\/\\\/1.bp.blogspot.com\\\/-U9prFASXwJY\\\/VT4uXj6L1NI\\\/AAAAAAAAQZI\\\/kpOFE_3NfXg\\\/s1600\\\/gem.tif\",\"datePublished\":\"2015-04-28T12:19:00+00:00\",\"breadcrumb\":{\"@id\":\"https:\\\/\\\/www.inovallee.com\\\/lactualite-dinovallee-mini-conference-le-management-prochain-levier-de-succes-de-linnovation-le-9-juin-en-collaboration-avec-gem\\\/#breadcrumb\"},\"inLanguage\":\"en-GB\",\"potentialAction\":[{\"@type\":\"ReadAction\",\"target\":[\"https:\\\/\\\/www.inovallee.com\\\/lactualite-dinovallee-mini-conference-le-management-prochain-levier-de-succes-de-linnovation-le-9-juin-en-collaboration-avec-gem\\\/\"]}]},{\"@type\":\"ImageObject\",\"inLanguage\":\"en-GB\",\"@id\":\"https:\\\/\\\/www.inovallee.com\\\/lactualite-dinovallee-mini-conference-le-management-prochain-levier-de-succes-de-linnovation-le-9-juin-en-collaboration-avec-gem\\\/#primaryimage\",\"url\":\"http:\\\/\\\/1.bp.blogspot.com\\\/-U9prFASXwJY\\\/VT4uXj6L1NI\\\/AAAAAAAAQZI\\\/kpOFE_3NfXg\\\/s1600\\\/gem.tif\",\"contentUrl\":\"http:\\\/\\\/1.bp.blogspot.com\\\/-U9prFASXwJY\\\/VT4uXj6L1NI\\\/AAAAAAAAQZI\\\/kpOFE_3NfXg\\\/s1600\\\/gem.tif\"},{\"@type\":\"BreadcrumbList\",\"@id\":\"https:\\\/\\\/www.inovallee.com\\\/lactualite-dinovallee-mini-conference-le-management-prochain-levier-de-succes-de-linnovation-le-9-juin-en-collaboration-avec-gem\\\/#breadcrumb\",\"itemListElement\":[{\"@type\":\"ListItem\",\"position\":1,\"name\":\"Accueil\",\"item\":\"https:\\\/\\\/www.inovallee.com\\\/\"},{\"@type\":\"ListItem\",\"position\":2,\"name\":\"L&#039;actualit\u00e9 d&#039;inovall\u00e9e : mini-conf\u00e9rence &quot;le management, prochain levier de succ\u00e8s de l&#039;innovation&quot; le 9 juin en collaboration avec GEM\"}]},{\"@type\":\"WebSite\",\"@id\":\"https:\\\/\\\/www.inovallee.com\\\/#website\",\"url\":\"https:\\\/\\\/www.inovallee.com\\\/\",\"name\":\"inovall\u00e9e technopole, Home to software & smart technologies\",\"description\":\"Home to software &amp; smart technologies\",\"publisher\":{\"@id\":\"https:\\\/\\\/www.inovallee.com\\\/#organization\"},\"potentialAction\":[{\"@type\":\"SearchAction\",\"target\":{\"@type\":\"EntryPoint\",\"urlTemplate\":\"https:\\\/\\\/www.inovallee.com\\\/?s={search_term_string}\"},\"query-input\":{\"@type\":\"PropertyValueSpecification\",\"valueRequired\":true,\"valueName\":\"search_term_string\"}}],\"inLanguage\":\"en-GB\"},{\"@type\":\"Organization\",\"@id\":\"https:\\\/\\\/www.inovallee.com\\\/#organization\",\"name\":\"inovall\u00e9e\",\"url\":\"https:\\\/\\\/www.inovallee.com\\\/\",\"logo\":{\"@type\":\"ImageObject\",\"inLanguage\":\"en-GB\",\"@id\":\"https:\\\/\\\/www.inovallee.com\\\/#\\\/schema\\\/logo\\\/image\\\/\",\"url\":\"https:\\\/\\\/www.inovallee.com\\\/wp-content\\\/uploads\\\/2023\\\/08\\\/inovallee_2022_GrenobleAlpes.png\",\"contentUrl\":\"https:\\\/\\\/www.inovallee.com\\\/wp-content\\\/uploads\\\/2023\\\/08\\\/inovallee_2022_GrenobleAlpes.png\",\"width\":945,\"height\":369,\"caption\":\"inovall\u00e9e\"},\"image\":{\"@id\":\"https:\\\/\\\/www.inovallee.com\\\/#\\\/schema\\\/logo\\\/image\\\/\"},\"sameAs\":[\"https:\\\/\\\/www.facebook.com\\\/technopoleinovallee\\\/\",\"https:\\\/\\\/x.com\\\/inovallee\",\"https:\\\/\\\/www.linkedin.com\\\/company\\\/inovall-e\\\/\",\"https:\\\/\\\/www.youtube.com\\\/user\\\/inovallee?reload=9\"]},{\"@type\":\"Person\",\"@id\":\"https:\\\/\\\/www.inovallee.com\\\/#\\\/schema\\\/person\\\/a45b15518aad3111b2d61d257a3e023b\",\"name\":\"Inovallee\"}]}<\/script>\n<!-- \/ Yoast SEO plugin. -->","yoast_head_json":{"title":"L&#039;actualit\u00e9 d&#039;inovall\u00e9e : mini-conf\u00e9rence &quot;le management, prochain levier de succ\u00e8s de l&#039;innovation&quot; le 9 juin en collaboration avec GEM - inovall\u00e9e","robots":{"index":"index","follow":"follow","max-snippet":"max-snippet:-1","max-image-preview":"max-image-preview:large","max-video-preview":"max-video-preview:-1"},"canonical":"https:\/\/www.inovallee.com\/en\/lactualite-dinovallee-mini-conference-le-management-prochain-levier-de-succes-de-linnovation-le-9-juin-en-collaboration-avec-gem\/","og_locale":"en_GB","og_type":"article","og_title":"L&#039;actualit\u00e9 d&#039;inovall\u00e9e : mini-conf\u00e9rence &quot;le management, prochain levier de succ\u00e8s de l&#039;innovation&quot; le 9 juin en collaboration avec GEM - inovall\u00e9e","og_description":"Dans le cadre de son partenariat avec Grenoble \u00c9cole de Management, inovall\u00e9e vous propose une mini-conf\u00e9rence sur le th\u00e8me \u00ab\u00a0le management, prochain levier de succ\u00e8s de l&rsquo;innovation\u00a0\u00bb mardi 9 juin.&nbsp;Le progr\u00e8s technique comme facteur de croissance \u00e9conomique ferait-il d\u00e9sormais partie d&rsquo;une vision&nbsp;d\u00e9su\u00e8te&nbsp;? En effet, les limites de ce mod\u00e8le ont permis de faire \u00e9merger de [&hellip;]","og_url":"https:\/\/www.inovallee.com\/en\/lactualite-dinovallee-mini-conference-le-management-prochain-levier-de-succes-de-linnovation-le-9-juin-en-collaboration-avec-gem\/","og_site_name":"inovall\u00e9e","article_publisher":"https:\/\/www.facebook.com\/technopoleinovallee\/","article_published_time":"2015-04-28T12:19:00+00:00","og_image":[{"url":"http:\/\/1.bp.blogspot.com\/-U9prFASXwJY\/VT4uXj6L1NI\/AAAAAAAAQZI\/kpOFE_3NfXg\/s1600\/gem.tif","type":"","width":"","height":""}],"author":"Inovallee","twitter_card":"summary_large_image","twitter_creator":"@inovallee","twitter_site":"@inovallee","twitter_misc":{"Written by":"Inovallee","Estimated reading time":"3 minutes"},"schema":{"@context":"https:\/\/schema.org","@graph":[{"@type":"Article","@id":"https:\/\/www.inovallee.com\/lactualite-dinovallee-mini-conference-le-management-prochain-levier-de-succes-de-linnovation-le-9-juin-en-collaboration-avec-gem\/#article","isPartOf":{"@id":"https:\/\/www.inovallee.com\/lactualite-dinovallee-mini-conference-le-management-prochain-levier-de-succes-de-linnovation-le-9-juin-en-collaboration-avec-gem\/"},"author":{"name":"Inovallee","@id":"https:\/\/www.inovallee.com\/#\/schema\/person\/a45b15518aad3111b2d61d257a3e023b"},"headline":"L&#039;actualit\u00e9 d&#039;inovall\u00e9e : mini-conf\u00e9rence &quot;le management, prochain levier de succ\u00e8s de l&#039;innovation&quot; le 9 juin en collaboration avec GEM","datePublished":"2015-04-28T12:19:00+00:00","mainEntityOfPage":{"@id":"https:\/\/www.inovallee.com\/lactualite-dinovallee-mini-conference-le-management-prochain-levier-de-succes-de-linnovation-le-9-juin-en-collaboration-avec-gem\/"},"wordCount":595,"publisher":{"@id":"https:\/\/www.inovallee.com\/#organization"},"image":{"@id":"https:\/\/www.inovallee.com\/lactualite-dinovallee-mini-conference-le-management-prochain-levier-de-succes-de-linnovation-le-9-juin-en-collaboration-avec-gem\/#primaryimage"},"thumbnailUrl":"http:\/\/1.bp.blogspot.com\/-U9prFASXwJY\/VT4uXj6L1NI\/AAAAAAAAQZI\/kpOFE_3NfXg\/s1600\/gem.tif","articleSection":["Innovation sociale","My Ino : Vivre &amp; travailler sur inovall\u00e9e","RH, \u00e9quipe et management"],"inLanguage":"en-GB"},{"@type":"WebPage","@id":"https:\/\/www.inovallee.com\/lactualite-dinovallee-mini-conference-le-management-prochain-levier-de-succes-de-linnovation-le-9-juin-en-collaboration-avec-gem\/","url":"https:\/\/www.inovallee.com\/lactualite-dinovallee-mini-conference-le-management-prochain-levier-de-succes-de-linnovation-le-9-juin-en-collaboration-avec-gem\/","name":"L&#039;actualit\u00e9 d&#039;inovall\u00e9e : mini-conf\u00e9rence &quot;le management, prochain levier de succ\u00e8s de l&#039;innovation&quot; le 9 juin en collaboration avec GEM - inovall\u00e9e","isPartOf":{"@id":"https:\/\/www.inovallee.com\/#website"},"primaryImageOfPage":{"@id":"https:\/\/www.inovallee.com\/lactualite-dinovallee-mini-conference-le-management-prochain-levier-de-succes-de-linnovation-le-9-juin-en-collaboration-avec-gem\/#primaryimage"},"image":{"@id":"https:\/\/www.inovallee.com\/lactualite-dinovallee-mini-conference-le-management-prochain-levier-de-succes-de-linnovation-le-9-juin-en-collaboration-avec-gem\/#primaryimage"},"thumbnailUrl":"http:\/\/1.bp.blogspot.com\/-U9prFASXwJY\/VT4uXj6L1NI\/AAAAAAAAQZI\/kpOFE_3NfXg\/s1600\/gem.tif","datePublished":"2015-04-28T12:19:00+00:00","breadcrumb":{"@id":"https:\/\/www.inovallee.com\/lactualite-dinovallee-mini-conference-le-management-prochain-levier-de-succes-de-linnovation-le-9-juin-en-collaboration-avec-gem\/#breadcrumb"},"inLanguage":"en-GB","potentialAction":[{"@type":"ReadAction","target":["https:\/\/www.inovallee.com\/lactualite-dinovallee-mini-conference-le-management-prochain-levier-de-succes-de-linnovation-le-9-juin-en-collaboration-avec-gem\/"]}]},{"@type":"ImageObject","inLanguage":"en-GB","@id":"https:\/\/www.inovallee.com\/lactualite-dinovallee-mini-conference-le-management-prochain-levier-de-succes-de-linnovation-le-9-juin-en-collaboration-avec-gem\/#primaryimage","url":"http:\/\/1.bp.blogspot.com\/-U9prFASXwJY\/VT4uXj6L1NI\/AAAAAAAAQZI\/kpOFE_3NfXg\/s1600\/gem.tif","contentUrl":"http:\/\/1.bp.blogspot.com\/-U9prFASXwJY\/VT4uXj6L1NI\/AAAAAAAAQZI\/kpOFE_3NfXg\/s1600\/gem.tif"},{"@type":"BreadcrumbList","@id":"https:\/\/www.inovallee.com\/lactualite-dinovallee-mini-conference-le-management-prochain-levier-de-succes-de-linnovation-le-9-juin-en-collaboration-avec-gem\/#breadcrumb","itemListElement":[{"@type":"ListItem","position":1,"name":"Accueil","item":"https:\/\/www.inovallee.com\/"},{"@type":"ListItem","position":2,"name":"L&#039;actualit\u00e9 d&#039;inovall\u00e9e : mini-conf\u00e9rence &quot;le management, prochain levier de succ\u00e8s de l&#039;innovation&quot; le 9 juin en collaboration avec GEM"}]},{"@type":"WebSite","@id":"https:\/\/www.inovallee.com\/#website","url":"https:\/\/www.inovallee.com\/","name":"inovall\u00e9e technopole, Home to software & smart technologies","description":"Home to software &amp; smart technologies","publisher":{"@id":"https:\/\/www.inovallee.com\/#organization"},"potentialAction":[{"@type":"SearchAction","target":{"@type":"EntryPoint","urlTemplate":"https:\/\/www.inovallee.com\/?s={search_term_string}"},"query-input":{"@type":"PropertyValueSpecification","valueRequired":true,"valueName":"search_term_string"}}],"inLanguage":"en-GB"},{"@type":"Organization","@id":"https:\/\/www.inovallee.com\/#organization","name":"inovall\u00e9e","url":"https:\/\/www.inovallee.com\/","logo":{"@type":"ImageObject","inLanguage":"en-GB","@id":"https:\/\/www.inovallee.com\/#\/schema\/logo\/image\/","url":"https:\/\/www.inovallee.com\/wp-content\/uploads\/2023\/08\/inovallee_2022_GrenobleAlpes.png","contentUrl":"https:\/\/www.inovallee.com\/wp-content\/uploads\/2023\/08\/inovallee_2022_GrenobleAlpes.png","width":945,"height":369,"caption":"inovall\u00e9e"},"image":{"@id":"https:\/\/www.inovallee.com\/#\/schema\/logo\/image\/"},"sameAs":["https:\/\/www.facebook.com\/technopoleinovallee\/","https:\/\/x.com\/inovallee","https:\/\/www.linkedin.com\/company\/inovall-e\/","https:\/\/www.youtube.com\/user\/inovallee?reload=9"]},{"@type":"Person","@id":"https:\/\/www.inovallee.com\/#\/schema\/person\/a45b15518aad3111b2d61d257a3e023b","name":"Inovallee"}]}},"_links":{"self":[{"href":"http:\/\/www.inovallee.com\/en\/wp-json\/wp\/v2\/posts\/1928","targetHints":{"allow":["GET"]}}],"collection":[{"href":"http:\/\/www.inovallee.com\/en\/wp-json\/wp\/v2\/posts"}],"about":[{"href":"http:\/\/www.inovallee.com\/en\/wp-json\/wp\/v2\/types\/post"}],"author":[{"embeddable":true,"href":"http:\/\/www.inovallee.com\/en\/wp-json\/wp\/v2\/users\/6"}],"replies":[{"embeddable":true,"href":"http:\/\/www.inovallee.com\/en\/wp-json\/wp\/v2\/comments?post=1928"}],"version-history":[{"count":0,"href":"http:\/\/www.inovallee.com\/en\/wp-json\/wp\/v2\/posts\/1928\/revisions"}],"wp:attachment":[{"href":"http:\/\/www.inovallee.com\/en\/wp-json\/wp\/v2\/media?parent=1928"}],"wp:term":[{"taxonomy":"category","embeddable":true,"href":"http:\/\/www.inovallee.com\/en\/wp-json\/wp\/v2\/categories?post=1928"},{"taxonomy":"post_tag","embeddable":true,"href":"http:\/\/www.inovallee.com\/en\/wp-json\/wp\/v2\/tags?post=1928"}],"curies":[{"name":"wp","href":"https:\/\/api.w.org\/{rel}","templated":true}]}}