{"id":1969,"date":"2015-03-26T11:02:00","date_gmt":"2015-03-26T10:02:00","guid":{"rendered":"https:\/\/www.inovallee.com\/mardi-31-mars-les-collegiens-et-lyceens-sinvitent-au-restaurant-o-chene-pour-un-evenement-vente\/"},"modified":"2015-03-26T11:02:00","modified_gmt":"2015-03-26T10:02:00","slug":"mardi-31-mars-les-collegiens-et-lyceens-sinvitent-au-restaurant-o-chene-pour-un-evenement-vente","status":"publish","type":"post","link":"http:\/\/www.inovallee.com\/en\/mardi-31-mars-les-collegiens-et-lyceens-sinvitent-au-restaurant-o-chene-pour-un-evenement-vente\/","title":{"rendered":"Mardi 31 mars, les coll\u00e9giens et lyc\u00e9ens s&#039;invitent au restaurant \u00d4 Ch\u00eane pour un \u00e9v\u00e9nement vente !"},"content":{"rendered":"<div dir=\"ltr\" style=\"text-align: left;\"><!--[if gte mso 9]><xml> <o:OfficeDocumentSettings>  <o:AllowPNG\/> <\/o:OfficeDocumentSettings><\/xml><![endif]--><a href=\"http:\/\/2.bp.blogspot.com\/-LHWyNY85YcI\/VQw19dKP2HI\/AAAAAAAAP5A\/GaZCJdA9kww\/s1600\/vente-inovallee.jpg\" style=\"clear: left; float: left; margin-bottom: 1em; margin-right: 1em;\"><img decoding=\"async\" border=\"0\" src=\"http:\/\/2.bp.blogspot.com\/-LHWyNY85YcI\/VQw19dKP2HI\/AAAAAAAAP5A\/GaZCJdA9kww\/s1600\/vente-inovallee.jpg\" height=\"148\" width=\"200\" \/><\/a><\/p>\n<div><b><span style=\"font-family: Arial, Helvetica, sans-serif; font-size: x-small;\">Dans le cadre du projet \u00ab\u00a0Entreprendre Pour Apprendre\u00a0\u00bb dont inovall\u00e9e est partenaire, les coll\u00e9giens et lyc\u00e9ens vous invitent \u00e0 leur \u00e9v\u00e9nement vente le mardi 31 mars au restaurant \u00d4 Ch\u00eane !<\/span><\/b><br \/><span style=\"font-family: Arial, Helvetica, sans-serif; font-size: x-small;\"><br \/>Entreprendre Pour Apprendre est une belle initiative qui vise \u00e0 offrir l&rsquo;opportunit\u00e9 aux jeunes de d\u00e9couvrir leurs centres d&rsquo;int\u00e9r\u00eat, d\u00e9passer leurs potentielles difficult\u00e9s et d\u00e9velopper leur cr\u00e9ativit\u00e9 afin que tous ces \u00e9l\u00e9ments se mat\u00e9rialisent sous la forme d&rsquo;un projet entrepreneurial. Chaque ann\u00e9e, le r\u00e9seau JA-YE auquel appartient Entreprendre pour Apprendre sensibilise plus de 5 millions de jeunes \u00e0 l\u2019entrepreneuriat !<\/span><\/div>\n<p><span style=\"font-family: Arial,Helvetica,sans-serif;\"><span style=\"font-size: x-small;\"> <\/span><\/span><\/p>\n<div><span style=\"font-family: Arial, Helvetica, sans-serif; font-size: x-small;\"><br \/>Avec des outils ludiques, r\u00e9pondant aux contraintes cl\u00e9s des programmes p\u00e9dagogiques, il est donn\u00e9 aux jeunes de d\u00e9voiler leur potentiel \u00ab\u00a0grand r\u00e9el\u00a0\u00bb. De la d\u00e9couverte du fonctionnement d&rsquo;une collectivit\u00e9, au travail en groupe et la prise de parole en public en passant par la prise de d\u00e9cision&#8230; les projets propos\u00e9s par le programme sont aussi riches que nombreux.<\/span><\/div>\n<p><span style=\"font-family: Arial,Helvetica,sans-serif;\"><span style=\"font-size: x-small;\"> <\/span><\/span><\/p>\n<div><span style=\"font-family: Arial, Helvetica, sans-serif; font-size: x-small;\"><br \/>Parce qu&rsquo;elle supporte les nouveaux talents et le dynamisme de cette initiative, port\u00e9e \u00e0 la fois par les chefs d&rsquo;entreprises et les enseignants, inovall\u00e9e est heureuse de soutenir les coll\u00e9giens et lyc\u00e9ens dans leur \u00e9v\u00e9nement vente du 31 mars prochain. Profitez de votre pause d\u00e9jeuner pour d\u00e9couvrir ces graines de chefs d&rsquo;entreprise&#8230; !<\/span><\/div>\n<div><span style=\"font-family: Arial,Helvetica,sans-serif;\"><span style=\"font-size: x-small;\"><br \/><\/span><\/span><\/div>\n<p><span style=\"font-family: Arial,Helvetica,sans-serif;\"><span style=\"color: #e69138; font-size: x-small;\"> <\/span><\/span><\/p>\n<div><span style=\"font-family: Arial,Helvetica,sans-serif;\"><span style=\"color: #e69138; font-size: x-small;\"><b style=\"background-color: white;\">HORAIRES :&nbsp;<\/b><\/span><\/span><span style=\"font-family: Arial, Helvetica, sans-serif; font-size: x-small;\">Le mardi 31 mars de 11H30 \u00e0 14H30<\/span><\/div>\n<p><span style=\"font-family: Arial,Helvetica,sans-serif;\"><span style=\"font-size: x-small;\"> <\/span><\/span><\/p>\n<div><span style=\"font-family: Arial, Helvetica, sans-serif; font-size: x-small;\"><br \/><\/span><\/div>\n<p><span style=\"font-family: Arial,Helvetica,sans-serif;\"><span style=\"font-size: x-small;\"> <\/span><\/span><\/p>\n<div><span style=\"font-family: Arial,Helvetica,sans-serif;\"><span style=\"color: #e69138; font-size: x-small;\"><b>LIEU :&nbsp;<\/b><\/span><\/span><span style=\"font-family: Arial, Helvetica, sans-serif; font-size: x-small;\">Restaurant \u00d4 Ch\u00eane &#8211;&nbsp;<\/span><span style=\"font-family: Arial, Helvetica, sans-serif; font-size: x-small;\">20, chemin du Vieux Ch\u00eane &#8211;&nbsp;<\/span><span style=\"font-family: Arial, Helvetica, sans-serif; font-size: x-small;\">38240 Meylan<\/span><\/div>\n<p><span style=\"font-family: Arial,Helvetica,sans-serif;\"><span style=\"font-size: x-small;\"> <\/span><\/span><\/p>\n<div><span style=\"font-family: Arial, Helvetica, sans-serif; font-size: x-small;\">Plus d&rsquo;infos sur le projet Entreprendre Pour Apprendre <\/span><a href=\"http:\/\/www.entreprendre-pour-apprendre.fr\/\" style=\"font-family: Arial, Helvetica, sans-serif; font-size: small;\" target=\"_blank\" rel=\"noopener noreferrer\">ici<\/a><\/div>\n<\/div>\n","protected":false},"excerpt":{"rendered":"<p>Dans le cadre du projet \u00ab\u00a0Entreprendre Pour Apprendre\u00a0\u00bb dont inovall\u00e9e est partenaire, les coll\u00e9giens et lyc\u00e9ens vous invitent \u00e0 leur \u00e9v\u00e9nement vente le mardi 31 mars au restaurant \u00d4 Ch\u00eane !Entreprendre Pour Apprendre est une belle initiative qui vise \u00e0 offrir l&rsquo;opportunit\u00e9 aux jeunes de d\u00e9couvrir leurs centres d&rsquo;int\u00e9r\u00eat, d\u00e9passer leurs potentielles difficult\u00e9s et d\u00e9velopper [&hellip;]<\/p>\n","protected":false},"author":6,"featured_media":0,"comment_status":"closed","ping_status":"open","sticky":false,"template":"","format":"standard","meta":{"footnotes":""},"categories":[61,29,31],"tags":[],"class_list":["post-1969","post","type-post","status-publish","format-standard","hentry","category-sensibilisation-entrepreneuriat","category-evenements","category-vie-technopole-inovallee"],"yoast_head":"<!-- This site is optimized with the Yoast SEO plugin v27.4 - https:\/\/yoast.com\/product\/yoast-seo-wordpress\/ -->\n<title>Mardi 31 mars, les coll\u00e9giens et lyc\u00e9ens s&#039;invitent au restaurant \u00d4 Ch\u00eane pour un \u00e9v\u00e9nement vente ! - inovall\u00e9e<\/title>\n<meta name=\"robots\" content=\"index, follow, max-snippet:-1, max-image-preview:large, max-video-preview:-1\" \/>\n<link rel=\"canonical\" href=\"https:\/\/www.inovallee.com\/en\/mardi-31-mars-les-collegiens-et-lyceens-sinvitent-au-restaurant-o-chene-pour-un-evenement-vente\/\" \/>\n<meta property=\"og:locale\" content=\"en_GB\" \/>\n<meta property=\"og:type\" content=\"article\" \/>\n<meta property=\"og:title\" content=\"Mardi 31 mars, les coll\u00e9giens et lyc\u00e9ens s&#039;invitent au restaurant \u00d4 Ch\u00eane pour un \u00e9v\u00e9nement vente ! - inovall\u00e9e\" \/>\n<meta property=\"og:description\" content=\"Dans le cadre du projet \u00ab\u00a0Entreprendre Pour Apprendre\u00a0\u00bb dont inovall\u00e9e est partenaire, les coll\u00e9giens et lyc\u00e9ens vous invitent \u00e0 leur \u00e9v\u00e9nement vente le mardi 31 mars au restaurant \u00d4 Ch\u00eane !Entreprendre Pour Apprendre est une belle initiative qui vise \u00e0 offrir l&rsquo;opportunit\u00e9 aux jeunes de d\u00e9couvrir leurs centres d&rsquo;int\u00e9r\u00eat, d\u00e9passer leurs potentielles difficult\u00e9s et d\u00e9velopper [&hellip;]\" \/>\n<meta property=\"og:url\" content=\"https:\/\/www.inovallee.com\/en\/mardi-31-mars-les-collegiens-et-lyceens-sinvitent-au-restaurant-o-chene-pour-un-evenement-vente\/\" \/>\n<meta property=\"og:site_name\" content=\"inovall\u00e9e\" \/>\n<meta property=\"article:publisher\" content=\"https:\/\/www.facebook.com\/technopoleinovallee\/\" \/>\n<meta property=\"article:published_time\" content=\"2015-03-26T10:02:00+00:00\" \/>\n<meta property=\"og:image\" content=\"http:\/\/2.bp.blogspot.com\/-LHWyNY85YcI\/VQw19dKP2HI\/AAAAAAAAP5A\/GaZCJdA9kww\/s1600\/vente-inovallee.jpg\" \/>\n<meta name=\"author\" content=\"Inovallee\" \/>\n<meta name=\"twitter:card\" content=\"summary_large_image\" \/>\n<meta name=\"twitter:creator\" content=\"@inovallee\" \/>\n<meta name=\"twitter:site\" content=\"@inovallee\" \/>\n<meta name=\"twitter:label1\" content=\"Written by\" \/>\n\t<meta name=\"twitter:data1\" content=\"Inovallee\" \/>\n\t<meta name=\"twitter:label2\" content=\"Estimated reading time\" \/>\n\t<meta name=\"twitter:data2\" content=\"1 minute\" \/>\n<script type=\"application\/ld+json\" class=\"yoast-schema-graph\">{\"@context\":\"https:\\\/\\\/schema.org\",\"@graph\":[{\"@type\":\"Article\",\"@id\":\"https:\\\/\\\/www.inovallee.com\\\/mardi-31-mars-les-collegiens-et-lyceens-sinvitent-au-restaurant-o-chene-pour-un-evenement-vente\\\/#article\",\"isPartOf\":{\"@id\":\"https:\\\/\\\/www.inovallee.com\\\/mardi-31-mars-les-collegiens-et-lyceens-sinvitent-au-restaurant-o-chene-pour-un-evenement-vente\\\/\"},\"author\":{\"name\":\"Inovallee\",\"@id\":\"https:\\\/\\\/www.inovallee.com\\\/#\\\/schema\\\/person\\\/a45b15518aad3111b2d61d257a3e023b\"},\"headline\":\"Mardi 31 mars, les coll\u00e9giens et lyc\u00e9ens s&#039;invitent au restaurant \u00d4 Ch\u00eane pour un \u00e9v\u00e9nement vente !\",\"datePublished\":\"2015-03-26T10:02:00+00:00\",\"mainEntityOfPage\":{\"@id\":\"https:\\\/\\\/www.inovallee.com\\\/mardi-31-mars-les-collegiens-et-lyceens-sinvitent-au-restaurant-o-chene-pour-un-evenement-vente\\\/\"},\"wordCount\":282,\"publisher\":{\"@id\":\"https:\\\/\\\/www.inovallee.com\\\/#organization\"},\"image\":{\"@id\":\"https:\\\/\\\/www.inovallee.com\\\/mardi-31-mars-les-collegiens-et-lyceens-sinvitent-au-restaurant-o-chene-pour-un-evenement-vente\\\/#primaryimage\"},\"thumbnailUrl\":\"http:\\\/\\\/2.bp.blogspot.com\\\/-LHWyNY85YcI\\\/VQw19dKP2HI\\\/AAAAAAAAP5A\\\/GaZCJdA9kww\\\/s1600\\\/vente-inovallee.jpg\",\"articleSection\":[\"Sensibilisation \u00e0 l'entrepreneuriat\",\"Technopole inovall\u00e9e\",\"Vie de la technopole inovall\u00e9e\"],\"inLanguage\":\"en-GB\"},{\"@type\":\"WebPage\",\"@id\":\"https:\\\/\\\/www.inovallee.com\\\/mardi-31-mars-les-collegiens-et-lyceens-sinvitent-au-restaurant-o-chene-pour-un-evenement-vente\\\/\",\"url\":\"https:\\\/\\\/www.inovallee.com\\\/mardi-31-mars-les-collegiens-et-lyceens-sinvitent-au-restaurant-o-chene-pour-un-evenement-vente\\\/\",\"name\":\"Mardi 31 mars, les coll\u00e9giens et lyc\u00e9ens s&#039;invitent au restaurant \u00d4 Ch\u00eane pour un \u00e9v\u00e9nement vente ! - inovall\u00e9e\",\"isPartOf\":{\"@id\":\"https:\\\/\\\/www.inovallee.com\\\/#website\"},\"primaryImageOfPage\":{\"@id\":\"https:\\\/\\\/www.inovallee.com\\\/mardi-31-mars-les-collegiens-et-lyceens-sinvitent-au-restaurant-o-chene-pour-un-evenement-vente\\\/#primaryimage\"},\"image\":{\"@id\":\"https:\\\/\\\/www.inovallee.com\\\/mardi-31-mars-les-collegiens-et-lyceens-sinvitent-au-restaurant-o-chene-pour-un-evenement-vente\\\/#primaryimage\"},\"thumbnailUrl\":\"http:\\\/\\\/2.bp.blogspot.com\\\/-LHWyNY85YcI\\\/VQw19dKP2HI\\\/AAAAAAAAP5A\\\/GaZCJdA9kww\\\/s1600\\\/vente-inovallee.jpg\",\"datePublished\":\"2015-03-26T10:02:00+00:00\",\"breadcrumb\":{\"@id\":\"https:\\\/\\\/www.inovallee.com\\\/mardi-31-mars-les-collegiens-et-lyceens-sinvitent-au-restaurant-o-chene-pour-un-evenement-vente\\\/#breadcrumb\"},\"inLanguage\":\"en-GB\",\"potentialAction\":[{\"@type\":\"ReadAction\",\"target\":[\"https:\\\/\\\/www.inovallee.com\\\/mardi-31-mars-les-collegiens-et-lyceens-sinvitent-au-restaurant-o-chene-pour-un-evenement-vente\\\/\"]}]},{\"@type\":\"ImageObject\",\"inLanguage\":\"en-GB\",\"@id\":\"https:\\\/\\\/www.inovallee.com\\\/mardi-31-mars-les-collegiens-et-lyceens-sinvitent-au-restaurant-o-chene-pour-un-evenement-vente\\\/#primaryimage\",\"url\":\"http:\\\/\\\/2.bp.blogspot.com\\\/-LHWyNY85YcI\\\/VQw19dKP2HI\\\/AAAAAAAAP5A\\\/GaZCJdA9kww\\\/s1600\\\/vente-inovallee.jpg\",\"contentUrl\":\"http:\\\/\\\/2.bp.blogspot.com\\\/-LHWyNY85YcI\\\/VQw19dKP2HI\\\/AAAAAAAAP5A\\\/GaZCJdA9kww\\\/s1600\\\/vente-inovallee.jpg\"},{\"@type\":\"BreadcrumbList\",\"@id\":\"https:\\\/\\\/www.inovallee.com\\\/mardi-31-mars-les-collegiens-et-lyceens-sinvitent-au-restaurant-o-chene-pour-un-evenement-vente\\\/#breadcrumb\",\"itemListElement\":[{\"@type\":\"ListItem\",\"position\":1,\"name\":\"Accueil\",\"item\":\"https:\\\/\\\/www.inovallee.com\\\/\"},{\"@type\":\"ListItem\",\"position\":2,\"name\":\"Mardi 31 mars, les coll\u00e9giens et lyc\u00e9ens s&#039;invitent au restaurant \u00d4 Ch\u00eane pour un \u00e9v\u00e9nement vente !\"}]},{\"@type\":\"WebSite\",\"@id\":\"https:\\\/\\\/www.inovallee.com\\\/#website\",\"url\":\"https:\\\/\\\/www.inovallee.com\\\/\",\"name\":\"inovall\u00e9e technopole, Home to software & smart technologies\",\"description\":\"Home to software &amp; smart technologies\",\"publisher\":{\"@id\":\"https:\\\/\\\/www.inovallee.com\\\/#organization\"},\"potentialAction\":[{\"@type\":\"SearchAction\",\"target\":{\"@type\":\"EntryPoint\",\"urlTemplate\":\"https:\\\/\\\/www.inovallee.com\\\/?s={search_term_string}\"},\"query-input\":{\"@type\":\"PropertyValueSpecification\",\"valueRequired\":true,\"valueName\":\"search_term_string\"}}],\"inLanguage\":\"en-GB\"},{\"@type\":\"Organization\",\"@id\":\"https:\\\/\\\/www.inovallee.com\\\/#organization\",\"name\":\"inovall\u00e9e\",\"url\":\"https:\\\/\\\/www.inovallee.com\\\/\",\"logo\":{\"@type\":\"ImageObject\",\"inLanguage\":\"en-GB\",\"@id\":\"https:\\\/\\\/www.inovallee.com\\\/#\\\/schema\\\/logo\\\/image\\\/\",\"url\":\"https:\\\/\\\/www.inovallee.com\\\/wp-content\\\/uploads\\\/2023\\\/08\\\/inovallee_2022_GrenobleAlpes.png\",\"contentUrl\":\"https:\\\/\\\/www.inovallee.com\\\/wp-content\\\/uploads\\\/2023\\\/08\\\/inovallee_2022_GrenobleAlpes.png\",\"width\":945,\"height\":369,\"caption\":\"inovall\u00e9e\"},\"image\":{\"@id\":\"https:\\\/\\\/www.inovallee.com\\\/#\\\/schema\\\/logo\\\/image\\\/\"},\"sameAs\":[\"https:\\\/\\\/www.facebook.com\\\/technopoleinovallee\\\/\",\"https:\\\/\\\/x.com\\\/inovallee\",\"https:\\\/\\\/www.linkedin.com\\\/company\\\/inovall-e\\\/\",\"https:\\\/\\\/www.youtube.com\\\/user\\\/inovallee?reload=9\"]},{\"@type\":\"Person\",\"@id\":\"https:\\\/\\\/www.inovallee.com\\\/#\\\/schema\\\/person\\\/a45b15518aad3111b2d61d257a3e023b\",\"name\":\"Inovallee\"}]}<\/script>\n<!-- \/ Yoast SEO plugin. -->","yoast_head_json":{"title":"Mardi 31 mars, les coll\u00e9giens et lyc\u00e9ens s&#039;invitent au restaurant \u00d4 Ch\u00eane pour un \u00e9v\u00e9nement vente ! - inovall\u00e9e","robots":{"index":"index","follow":"follow","max-snippet":"max-snippet:-1","max-image-preview":"max-image-preview:large","max-video-preview":"max-video-preview:-1"},"canonical":"https:\/\/www.inovallee.com\/en\/mardi-31-mars-les-collegiens-et-lyceens-sinvitent-au-restaurant-o-chene-pour-un-evenement-vente\/","og_locale":"en_GB","og_type":"article","og_title":"Mardi 31 mars, les coll\u00e9giens et lyc\u00e9ens s&#039;invitent au restaurant \u00d4 Ch\u00eane pour un \u00e9v\u00e9nement vente ! - inovall\u00e9e","og_description":"Dans le cadre du projet \u00ab\u00a0Entreprendre Pour Apprendre\u00a0\u00bb dont inovall\u00e9e est partenaire, les coll\u00e9giens et lyc\u00e9ens vous invitent \u00e0 leur \u00e9v\u00e9nement vente le mardi 31 mars au restaurant \u00d4 Ch\u00eane !Entreprendre Pour Apprendre est une belle initiative qui vise \u00e0 offrir l&rsquo;opportunit\u00e9 aux jeunes de d\u00e9couvrir leurs centres d&rsquo;int\u00e9r\u00eat, d\u00e9passer leurs potentielles difficult\u00e9s et d\u00e9velopper [&hellip;]","og_url":"https:\/\/www.inovallee.com\/en\/mardi-31-mars-les-collegiens-et-lyceens-sinvitent-au-restaurant-o-chene-pour-un-evenement-vente\/","og_site_name":"inovall\u00e9e","article_publisher":"https:\/\/www.facebook.com\/technopoleinovallee\/","article_published_time":"2015-03-26T10:02:00+00:00","og_image":[{"url":"http:\/\/2.bp.blogspot.com\/-LHWyNY85YcI\/VQw19dKP2HI\/AAAAAAAAP5A\/GaZCJdA9kww\/s1600\/vente-inovallee.jpg","type":"","width":"","height":""}],"author":"Inovallee","twitter_card":"summary_large_image","twitter_creator":"@inovallee","twitter_site":"@inovallee","twitter_misc":{"Written by":"Inovallee","Estimated reading time":"1 minute"},"schema":{"@context":"https:\/\/schema.org","@graph":[{"@type":"Article","@id":"https:\/\/www.inovallee.com\/mardi-31-mars-les-collegiens-et-lyceens-sinvitent-au-restaurant-o-chene-pour-un-evenement-vente\/#article","isPartOf":{"@id":"https:\/\/www.inovallee.com\/mardi-31-mars-les-collegiens-et-lyceens-sinvitent-au-restaurant-o-chene-pour-un-evenement-vente\/"},"author":{"name":"Inovallee","@id":"https:\/\/www.inovallee.com\/#\/schema\/person\/a45b15518aad3111b2d61d257a3e023b"},"headline":"Mardi 31 mars, les coll\u00e9giens et lyc\u00e9ens s&#039;invitent au restaurant \u00d4 Ch\u00eane pour un \u00e9v\u00e9nement vente !","datePublished":"2015-03-26T10:02:00+00:00","mainEntityOfPage":{"@id":"https:\/\/www.inovallee.com\/mardi-31-mars-les-collegiens-et-lyceens-sinvitent-au-restaurant-o-chene-pour-un-evenement-vente\/"},"wordCount":282,"publisher":{"@id":"https:\/\/www.inovallee.com\/#organization"},"image":{"@id":"https:\/\/www.inovallee.com\/mardi-31-mars-les-collegiens-et-lyceens-sinvitent-au-restaurant-o-chene-pour-un-evenement-vente\/#primaryimage"},"thumbnailUrl":"http:\/\/2.bp.blogspot.com\/-LHWyNY85YcI\/VQw19dKP2HI\/AAAAAAAAP5A\/GaZCJdA9kww\/s1600\/vente-inovallee.jpg","articleSection":["Sensibilisation \u00e0 l'entrepreneuriat","Technopole inovall\u00e9e","Vie de la technopole inovall\u00e9e"],"inLanguage":"en-GB"},{"@type":"WebPage","@id":"https:\/\/www.inovallee.com\/mardi-31-mars-les-collegiens-et-lyceens-sinvitent-au-restaurant-o-chene-pour-un-evenement-vente\/","url":"https:\/\/www.inovallee.com\/mardi-31-mars-les-collegiens-et-lyceens-sinvitent-au-restaurant-o-chene-pour-un-evenement-vente\/","name":"Mardi 31 mars, les coll\u00e9giens et lyc\u00e9ens s&#039;invitent au restaurant \u00d4 Ch\u00eane pour un \u00e9v\u00e9nement vente ! - inovall\u00e9e","isPartOf":{"@id":"https:\/\/www.inovallee.com\/#website"},"primaryImageOfPage":{"@id":"https:\/\/www.inovallee.com\/mardi-31-mars-les-collegiens-et-lyceens-sinvitent-au-restaurant-o-chene-pour-un-evenement-vente\/#primaryimage"},"image":{"@id":"https:\/\/www.inovallee.com\/mardi-31-mars-les-collegiens-et-lyceens-sinvitent-au-restaurant-o-chene-pour-un-evenement-vente\/#primaryimage"},"thumbnailUrl":"http:\/\/2.bp.blogspot.com\/-LHWyNY85YcI\/VQw19dKP2HI\/AAAAAAAAP5A\/GaZCJdA9kww\/s1600\/vente-inovallee.jpg","datePublished":"2015-03-26T10:02:00+00:00","breadcrumb":{"@id":"https:\/\/www.inovallee.com\/mardi-31-mars-les-collegiens-et-lyceens-sinvitent-au-restaurant-o-chene-pour-un-evenement-vente\/#breadcrumb"},"inLanguage":"en-GB","potentialAction":[{"@type":"ReadAction","target":["https:\/\/www.inovallee.com\/mardi-31-mars-les-collegiens-et-lyceens-sinvitent-au-restaurant-o-chene-pour-un-evenement-vente\/"]}]},{"@type":"ImageObject","inLanguage":"en-GB","@id":"https:\/\/www.inovallee.com\/mardi-31-mars-les-collegiens-et-lyceens-sinvitent-au-restaurant-o-chene-pour-un-evenement-vente\/#primaryimage","url":"http:\/\/2.bp.blogspot.com\/-LHWyNY85YcI\/VQw19dKP2HI\/AAAAAAAAP5A\/GaZCJdA9kww\/s1600\/vente-inovallee.jpg","contentUrl":"http:\/\/2.bp.blogspot.com\/-LHWyNY85YcI\/VQw19dKP2HI\/AAAAAAAAP5A\/GaZCJdA9kww\/s1600\/vente-inovallee.jpg"},{"@type":"BreadcrumbList","@id":"https:\/\/www.inovallee.com\/mardi-31-mars-les-collegiens-et-lyceens-sinvitent-au-restaurant-o-chene-pour-un-evenement-vente\/#breadcrumb","itemListElement":[{"@type":"ListItem","position":1,"name":"Accueil","item":"https:\/\/www.inovallee.com\/"},{"@type":"ListItem","position":2,"name":"Mardi 31 mars, les coll\u00e9giens et lyc\u00e9ens s&#039;invitent au restaurant \u00d4 Ch\u00eane pour un \u00e9v\u00e9nement vente !"}]},{"@type":"WebSite","@id":"https:\/\/www.inovallee.com\/#website","url":"https:\/\/www.inovallee.com\/","name":"inovall\u00e9e technopole, Home to software & smart technologies","description":"Home to software &amp; smart technologies","publisher":{"@id":"https:\/\/www.inovallee.com\/#organization"},"potentialAction":[{"@type":"SearchAction","target":{"@type":"EntryPoint","urlTemplate":"https:\/\/www.inovallee.com\/?s={search_term_string}"},"query-input":{"@type":"PropertyValueSpecification","valueRequired":true,"valueName":"search_term_string"}}],"inLanguage":"en-GB"},{"@type":"Organization","@id":"https:\/\/www.inovallee.com\/#organization","name":"inovall\u00e9e","url":"https:\/\/www.inovallee.com\/","logo":{"@type":"ImageObject","inLanguage":"en-GB","@id":"https:\/\/www.inovallee.com\/#\/schema\/logo\/image\/","url":"https:\/\/www.inovallee.com\/wp-content\/uploads\/2023\/08\/inovallee_2022_GrenobleAlpes.png","contentUrl":"https:\/\/www.inovallee.com\/wp-content\/uploads\/2023\/08\/inovallee_2022_GrenobleAlpes.png","width":945,"height":369,"caption":"inovall\u00e9e"},"image":{"@id":"https:\/\/www.inovallee.com\/#\/schema\/logo\/image\/"},"sameAs":["https:\/\/www.facebook.com\/technopoleinovallee\/","https:\/\/x.com\/inovallee","https:\/\/www.linkedin.com\/company\/inovall-e\/","https:\/\/www.youtube.com\/user\/inovallee?reload=9"]},{"@type":"Person","@id":"https:\/\/www.inovallee.com\/#\/schema\/person\/a45b15518aad3111b2d61d257a3e023b","name":"Inovallee"}]}},"_links":{"self":[{"href":"http:\/\/www.inovallee.com\/en\/wp-json\/wp\/v2\/posts\/1969","targetHints":{"allow":["GET"]}}],"collection":[{"href":"http:\/\/www.inovallee.com\/en\/wp-json\/wp\/v2\/posts"}],"about":[{"href":"http:\/\/www.inovallee.com\/en\/wp-json\/wp\/v2\/types\/post"}],"author":[{"embeddable":true,"href":"http:\/\/www.inovallee.com\/en\/wp-json\/wp\/v2\/users\/6"}],"replies":[{"embeddable":true,"href":"http:\/\/www.inovallee.com\/en\/wp-json\/wp\/v2\/comments?post=1969"}],"version-history":[{"count":0,"href":"http:\/\/www.inovallee.com\/en\/wp-json\/wp\/v2\/posts\/1969\/revisions"}],"wp:attachment":[{"href":"http:\/\/www.inovallee.com\/en\/wp-json\/wp\/v2\/media?parent=1969"}],"wp:term":[{"taxonomy":"category","embeddable":true,"href":"http:\/\/www.inovallee.com\/en\/wp-json\/wp\/v2\/categories?post=1969"},{"taxonomy":"post_tag","embeddable":true,"href":"http:\/\/www.inovallee.com\/en\/wp-json\/wp\/v2\/tags?post=1969"}],"curies":[{"name":"wp","href":"https:\/\/api.w.org\/{rel}","templated":true}]}}