{"id":23027,"date":"2019-10-22T08:11:52","date_gmt":"2019-10-22T06:11:52","guid":{"rendered":"https:\/\/www.inovallee.com\/?p=23027"},"modified":"2022-01-04T11:26:25","modified_gmt":"2022-01-04T10:26:25","slug":"quand-les-minimento-aident-les-entreprises-et-le-monde-a-changer","status":"publish","type":"post","link":"http:\/\/www.inovallee.com\/en\/quand-les-minimento-aident-les-entreprises-et-le-monde-a-changer\/","title":{"rendered":"Quand les minimento aident les entreprises et le monde \u00e0 changer\u2026"},"content":{"rendered":"<div class=\"wp-block-image\"><figure class=\"alignleft is-resized\"><img fetchpriority=\"high\" decoding=\"async\" src=\"https:\/\/www.inovallee.com\/wp-content\/uploads\/2019\/10\/2018-12-06_HEC_Challenge_plus_279-900x600.jpg\" alt=\"\" class=\"wp-image-23032\" width=\"450\" height=\"300\"\/><\/figure><\/div>\n\n\n<p><strong>Les neurosciences au service de la transformation des entreprises<\/strong><\/p>\n\n\n<p>On connaissait&nbsp;<a href=\"http:\/\/www.minimento.fr\/\" target=\"_blank\" rel=\"noreferrer noopener\">Minimento&nbsp;<\/a>pour son expertise en synth\u00e8se de messages complexes et son talent pour\nretransmettre, sous forme de vid\u00e9os en motion design, des informations\ncompr\u00e9hensibles et faciles \u00e0 retenir.<\/p>\n\n\n<p>Qui aurait pari\u00e9 sur le fait que ce triple talent, qu\u2019on pouvait penser\nintuitif, de comprendre, synth\u00e9tiser et retransmettre cachait un pouvoir\npuissant sur la capacit\u00e9 du cerveau \u00e0 g\u00e9rer positivement le changement&nbsp;? <\/p>\n\n\n<p>Pas grand monde sans doute en dehors du cercle assez ferm\u00e9 des sp\u00e9cialistes\nde la neuro-cognition avec lesquels les co-fondateurs de Minimento travaillent\ndepuis le d\u00e9but.<\/p>\n\n\n<p>Petit retour en arri\u00e8re pour comprendre l\u2019histoire d\u2019un succ\u00e8s pas comme\nles autres&#8230; Apr\u00e8s avoir fait ses premi\u00e8res armes aupr\u00e8s de startups et\nd\u2019acad\u00e9miques pour leur communication externe, Minimento a commenc\u00e9 \u00e0\ntravailler avec les grands groupes il y a plus de 3 ans au service de la\ncommunication interne. Diffuser une strat\u00e9gie d\u2019entreprise sur l\u2019ensemble des\ncollaborateurs et susciter l\u2019engagement commun autour de cette strat\u00e9gie est en\neffet un enjeu fort des grandes entreprises, a fortiori internationales.<\/p>\n\n\n<p>Et de la communication interne \u00e0 l\u2019accompagnement au changement, il n\u2019y a\nfinalement qu\u2019un pas, franchi avec un succ\u00e8s d\u00e9passant toutes les esp\u00e9rances au\nsein du groupe Roche. Dans un monde qui \u00e9volue tr\u00e8s vite, les grandes\nentreprises comme les autres sont oblig\u00e9es de repenser au plus haut niveau leur\nstrat\u00e9gie, et surtout d\u2019embarquer l\u2019ensemble de leurs \u00e9quipes dans un\nchangement qui peut \u00eatre profond. Or le changement, a fortiori quand il est mal\ncompris et du coup subi sans partage de sens, est g\u00e9n\u00e9rateur de r\u00e9sistance au\nchangement, d\u2019opposition, de stress, voire de burn-out. <\/p>\n\n\n<p><strong>Un taux d&rsquo;engagement des collaborateurs\nrecord pour le groupe Roche<\/strong><\/p>\n\n\n<p>Pour le groupe Roche, qui devait impulser une vraie dynamique de changement\ndans toutes ses filiales, Minimento a donc travaill\u00e9 \u00e0 la fois avec le comit\u00e9\nde direction et les collaborateurs de la Roche Diab\u00e8tes Care, pour concevoir\ndes vid\u00e9os de communication interne (les fameux minimentos) destin\u00e9es \u00e0 (1) partager\nla nouvelle vision de l\u2019entreprise et (2) engager les collaborateurs dans cette\ntransformation. <\/p>\n\n\n<p>Cons\u00e9quence&nbsp;: gr\u00e2ce au travail r\u00e9alis\u00e9 en \u00e9quipes (ascendantes et\ndescendantes), et \u00e0 la m\u00e9thodologie de conception des messages r\u00e9alis\u00e9s par\nMinimento, la filiale inovallienne a atteint un excellent score d\u2019engagement si\nbien que suite \u00e0 son succ\u00e8s, le programme sera pr\u00e9sent\u00e9 prochainement par Baptiste et Matthieu directement \u00e0 \u2026&nbsp;<a href=\"https:\/\/www.roche.com\/about\/governance\/executive_committee\/executive_committee_severin-schwan.htm\" target=\"_blank\" rel=\"noreferrer noopener\">Severin Schwan<\/a>&nbsp;directeur General du groupe\n(95.000 collaborateurs) ! Une belle reconnaissance !<\/p>\n\n\n<p>Surtout, les neurologues qui ont \u00e9tudi\u00e9 la m\u00e9thodologie mise en place, ont\nconfirm\u00e9 que les codes de communication des minimentos respectaient\nparfaitement les besoins cognitifs du cerveau pour comprendre et retenir\n(nombre de mots par minute, pouvoir des sch\u00e9mas, cadencement des images, nombre\nd\u2019\u00e9l\u00e9ments par slide, dur\u00e9e optimale des supports). Une synth\u00e8se des travaux\ndes neurologues est en cours. Elle permettra d\u2019expliciter les m\u00e9caniques\nneuroscientifiques \u00e0 l\u2019\u0153uvre dans les minimento et qui entrainent un impact\npositif, via un d\u2019un message clair, sur la capacit\u00e9 du cerveau humain \u00e0 vivre\nsereinement le changement.<\/p>\n\n\n<p>D\u2019ailleurs, le groupe Roche n\u2019a pas \u00e9t\u00e9 le seul \u00e0&nbsp;\u00eatre convaincu de la\nforce du mod\u00e8le et Minimento accompagnera prochainement plusieurs grands\ngroupes fran\u00e7ais et internationaux sur le m\u00eame type d\u2019enjeux.<\/p>\n\n\n<p><strong>Quand changer l\u2019entreprise permet de\nchanger le monde&nbsp;: de l\u2019impact social \u00e0 l\u2019impact soci\u00e9tal gr\u00e2ce \u00e0 HEC\nStand UP<\/strong><\/p>\n\n\n<p>\u00ab&nbsp;\u00catre en mesure d\u2019insuffler un changement doux, plus inclusif au sein\ndes entreprises, et d\u2019avoir donc un impact social fort est une vraie victoire\npour nous en tant qu\u2019entrepreneurs&nbsp;\u00bb, souligne Baptiste Vernier. Mais il\nfallait plus pour faire briller les yeux de nos entrepreneurs. Car depuis le\nd\u00e9but, avant m\u00eame que l\u2019entreprise ne soit cr\u00e9\u00e9e, ils \u00e9taient anim\u00e9s par un\nr\u00eave&nbsp;: faire en sorte que le savoir (dont on sous-estime encore trop le\npouvoir), puisse \u00eatre enfin accessible \u00e0 tous et pas seulement r\u00e9serv\u00e9 \u00e0 une\n\u00e9lite.<\/p>\n\n\n<p>\u00ab&nbsp;Le changement positif que nous sommes aujourd\u2019hui capables de\nr\u00e9aliser en entreprise devait pouvoir transfuser sur la soci\u00e9t\u00e9 dans son\nensemble&nbsp;\u00bb, rappelle Baptiste. L\u2019\u00e9ducation est donc au c\u0153ur de tout\nchangement&nbsp;et offrir le meilleur de la p\u00e9dagogie \u00e0 tout un chacun la vraie r\u00e9volution. Aussi, lorsque HEC (Minimento a fait partie des 3\nstartups du Tarmac \u00e0 \u00eatre retenues dans le tr\u00e8s select programme&nbsp;<a href=\"https:\/\/www.hec.edu\/fr\/faculte-et-recherche\/centres\/idea-center\/act\/hec-challenge-plus\" target=\"_blank\" rel=\"noreferrer noopener\">HEC Challenge +<\/a>) a lanc\u00e9 son programme&nbsp;<a href=\"https:\/\/www.hec.edu\/fr\/hec-stand-up\" target=\"_blank\" rel=\"noreferrer noopener\">HEC Stand Up<\/a>, Minimento s\u2019est forc\u00e9ment port\u00e9\nvolontaire&nbsp;! En effet, HEC Stand Up a \u00e9t\u00e9 fond\u00e9 par HEC pour aider les\nfemmes en situation pr\u00e9caire de la R\u00e9gion Ile de France \u00e0 cr\u00e9er leur entreprise\nen 10 jours, en mettant \u00e0 leur disposition les m\u00e9thodes p\u00e9dagogiques de\nl\u2019\u00e9cole.<\/p>\n\n\n<p>Et c\u2019est ainsi qu\u2019on peut retrouver sur le site de HEC StandUP les 3\npremi\u00e8res vid\u00e9os minimento d\u2019accompagnement \u00e0 la cr\u00e9ation d\u2019entreprise&nbsp;:&nbsp;<a href=\"https:\/\/www.hec.edu\/fr\/hec-stand-up\" target=\"_blank\" rel=\"noreferrer noopener\">https:\/\/www.hec.edu\/fr\/hec-stand-up<\/a><\/p>\n\n\n<figure class=\"wp-block-embed-youtube wp-block-embed\"><div class=\"wp-block-embed__wrapper\">\n<iframe title=\"HEC Stand Up #1 : La confiance en soi, le premier atout de l\u2019entrepreneur\" width=\"800\" height=\"450\" src=\"https:\/\/www.youtube.com\/embed\/EmeHhHBHndo?feature=oembed\" frameborder=\"0\" allow=\"accelerometer; autoplay; encrypted-media; gyroscope; picture-in-picture\" allowfullscreen><\/iframe>\n<\/div><\/figure>\n\n\n<p>A terme, Minimento ambitionne de pouvoir digitaliser d\u2019autres programmes\np\u00e9dagogiques, issus de diff\u00e9rentes universit\u00e9s Fran\u00e7aises.<\/p>","protected":false},"excerpt":{"rendered":"<p>Les neurosciences au service de la transformation des entreprises On connaissait&nbsp;Minimento&nbsp;pour son expertise en synth\u00e8se de messages complexes et son talent pour retransmettre, sous forme de vid\u00e9os en motion design, des informations compr\u00e9hensibles et faciles \u00e0 retenir. Qui aurait pari\u00e9 sur le fait que ce triple talent, qu\u2019on pouvait penser intuitif, de comprendre, synth\u00e9tiser et [&hellip;]<\/p>\n","protected":false},"author":6,"featured_media":23032,"comment_status":"closed","ping_status":"open","sticky":false,"template":"","format":"standard","meta":{"footnotes":""},"categories":[45,44],"tags":[138,925],"class_list":["post-23027","post","type-post","status-publish","format-standard","has-post-thumbnail","hentry","category-startup-tarmac","category-tarmac-incubator","tag-edtech","tag-minimento"],"yoast_head":"<!-- This site is optimized with the Yoast SEO plugin v27.4 - https:\/\/yoast.com\/product\/yoast-seo-wordpress\/ -->\n<title>Quand les minimento aident les entreprises et le monde \u00e0 changer\u2026 - inovall\u00e9e<\/title>\n<meta name=\"description\" content=\"Minimentos : Quand la cognition et la communication s&#039;unissent pour accompagner les entreprises au changement en engageant les salari\u00e9s dans la strat\u00e9gie\" \/>\n<meta name=\"robots\" content=\"index, follow, max-snippet:-1, max-image-preview:large, max-video-preview:-1\" \/>\n<link rel=\"canonical\" href=\"https:\/\/www.inovallee.com\/en\/quand-les-minimento-aident-les-entreprises-et-le-monde-a-changer\/\" \/>\n<meta property=\"og:locale\" content=\"en_GB\" \/>\n<meta property=\"og:type\" content=\"article\" \/>\n<meta property=\"og:title\" content=\"Quand les minimento aident les entreprises et le monde \u00e0 changer\u2026 - inovall\u00e9e\" \/>\n<meta property=\"og:description\" content=\"Minimentos : Quand la cognition et la communication s&#039;unissent pour accompagner les entreprises au changement en engageant les salari\u00e9s dans la strat\u00e9gie\" \/>\n<meta property=\"og:url\" content=\"https:\/\/www.inovallee.com\/en\/quand-les-minimento-aident-les-entreprises-et-le-monde-a-changer\/\" \/>\n<meta property=\"og:site_name\" content=\"inovall\u00e9e\" \/>\n<meta property=\"article:publisher\" content=\"https:\/\/www.facebook.com\/technopoleinovallee\/\" \/>\n<meta property=\"article:published_time\" content=\"2019-10-22T06:11:52+00:00\" \/>\n<meta property=\"article:modified_time\" content=\"2022-01-04T10:26:25+00:00\" \/>\n<meta property=\"og:image\" content=\"https:\/\/www.inovallee.com\/wp-content\/uploads\/2019\/10\/2018-12-06_HEC_Challenge_plus_279.jpg\" \/>\n\t<meta property=\"og:image:width\" content=\"3000\" \/>\n\t<meta property=\"og:image:height\" content=\"2000\" \/>\n\t<meta property=\"og:image:type\" content=\"image\/jpeg\" \/>\n<meta name=\"author\" content=\"Inovallee\" \/>\n<meta name=\"twitter:card\" content=\"summary_large_image\" \/>\n<meta name=\"twitter:creator\" content=\"@inovallee\" \/>\n<meta name=\"twitter:site\" content=\"@inovallee\" \/>\n<meta name=\"twitter:label1\" content=\"Written by\" \/>\n\t<meta name=\"twitter:data1\" content=\"Inovallee\" \/>\n\t<meta name=\"twitter:label2\" content=\"Estimated reading time\" \/>\n\t<meta name=\"twitter:data2\" content=\"5 minutes\" \/>\n<script type=\"application\/ld+json\" class=\"yoast-schema-graph\">{\"@context\":\"https:\\\/\\\/schema.org\",\"@graph\":[{\"@type\":\"Article\",\"@id\":\"https:\\\/\\\/www.inovallee.com\\\/quand-les-minimento-aident-les-entreprises-et-le-monde-a-changer\\\/#article\",\"isPartOf\":{\"@id\":\"https:\\\/\\\/www.inovallee.com\\\/quand-les-minimento-aident-les-entreprises-et-le-monde-a-changer\\\/\"},\"author\":{\"name\":\"Inovallee\",\"@id\":\"https:\\\/\\\/www.inovallee.com\\\/#\\\/schema\\\/person\\\/a45b15518aad3111b2d61d257a3e023b\"},\"headline\":\"Quand les minimento aident les entreprises et le monde \u00e0 changer\u2026\",\"datePublished\":\"2019-10-22T06:11:52+00:00\",\"dateModified\":\"2022-01-04T10:26:25+00:00\",\"mainEntityOfPage\":{\"@id\":\"https:\\\/\\\/www.inovallee.com\\\/quand-les-minimento-aident-les-entreprises-et-le-monde-a-changer\\\/\"},\"wordCount\":915,\"publisher\":{\"@id\":\"https:\\\/\\\/www.inovallee.com\\\/#organization\"},\"image\":{\"@id\":\"https:\\\/\\\/www.inovallee.com\\\/quand-les-minimento-aident-les-entreprises-et-le-monde-a-changer\\\/#primaryimage\"},\"thumbnailUrl\":\"https:\\\/\\\/www.inovallee.com\\\/wp-content\\\/uploads\\\/2019\\\/10\\\/2018-12-06_HEC_Challenge_plus_279.jpg\",\"keywords\":[\"EdTech\",\"MINIMENTO\"],\"articleSection\":[\"L'\u00e9cho des startups du Tarmac\",\"Tarmac incubator\"],\"inLanguage\":\"en-GB\"},{\"@type\":\"WebPage\",\"@id\":\"https:\\\/\\\/www.inovallee.com\\\/quand-les-minimento-aident-les-entreprises-et-le-monde-a-changer\\\/\",\"url\":\"https:\\\/\\\/www.inovallee.com\\\/quand-les-minimento-aident-les-entreprises-et-le-monde-a-changer\\\/\",\"name\":\"Quand les minimento aident les entreprises et le monde \u00e0 changer\u2026 - inovall\u00e9e\",\"isPartOf\":{\"@id\":\"https:\\\/\\\/www.inovallee.com\\\/#website\"},\"primaryImageOfPage\":{\"@id\":\"https:\\\/\\\/www.inovallee.com\\\/quand-les-minimento-aident-les-entreprises-et-le-monde-a-changer\\\/#primaryimage\"},\"image\":{\"@id\":\"https:\\\/\\\/www.inovallee.com\\\/quand-les-minimento-aident-les-entreprises-et-le-monde-a-changer\\\/#primaryimage\"},\"thumbnailUrl\":\"https:\\\/\\\/www.inovallee.com\\\/wp-content\\\/uploads\\\/2019\\\/10\\\/2018-12-06_HEC_Challenge_plus_279.jpg\",\"datePublished\":\"2019-10-22T06:11:52+00:00\",\"dateModified\":\"2022-01-04T10:26:25+00:00\",\"description\":\"Minimentos : Quand la cognition et la communication s'unissent pour accompagner les entreprises au changement en engageant les salari\u00e9s dans la strat\u00e9gie\",\"breadcrumb\":{\"@id\":\"https:\\\/\\\/www.inovallee.com\\\/quand-les-minimento-aident-les-entreprises-et-le-monde-a-changer\\\/#breadcrumb\"},\"inLanguage\":\"en-GB\",\"potentialAction\":[{\"@type\":\"ReadAction\",\"target\":[\"https:\\\/\\\/www.inovallee.com\\\/quand-les-minimento-aident-les-entreprises-et-le-monde-a-changer\\\/\"]}]},{\"@type\":\"ImageObject\",\"inLanguage\":\"en-GB\",\"@id\":\"https:\\\/\\\/www.inovallee.com\\\/quand-les-minimento-aident-les-entreprises-et-le-monde-a-changer\\\/#primaryimage\",\"url\":\"https:\\\/\\\/www.inovallee.com\\\/wp-content\\\/uploads\\\/2019\\\/10\\\/2018-12-06_HEC_Challenge_plus_279.jpg\",\"contentUrl\":\"https:\\\/\\\/www.inovallee.com\\\/wp-content\\\/uploads\\\/2019\\\/10\\\/2018-12-06_HEC_Challenge_plus_279.jpg\",\"width\":3000,\"height\":2000},{\"@type\":\"BreadcrumbList\",\"@id\":\"https:\\\/\\\/www.inovallee.com\\\/quand-les-minimento-aident-les-entreprises-et-le-monde-a-changer\\\/#breadcrumb\",\"itemListElement\":[{\"@type\":\"ListItem\",\"position\":1,\"name\":\"Accueil\",\"item\":\"https:\\\/\\\/www.inovallee.com\\\/\"},{\"@type\":\"ListItem\",\"position\":2,\"name\":\"Quand les minimento aident les entreprises et le monde \u00e0 changer\u2026\"}]},{\"@type\":\"WebSite\",\"@id\":\"https:\\\/\\\/www.inovallee.com\\\/#website\",\"url\":\"https:\\\/\\\/www.inovallee.com\\\/\",\"name\":\"inovall\u00e9e technopole, Home to software & smart technologies\",\"description\":\"Home to software &amp; smart technologies\",\"publisher\":{\"@id\":\"https:\\\/\\\/www.inovallee.com\\\/#organization\"},\"potentialAction\":[{\"@type\":\"SearchAction\",\"target\":{\"@type\":\"EntryPoint\",\"urlTemplate\":\"https:\\\/\\\/www.inovallee.com\\\/?s={search_term_string}\"},\"query-input\":{\"@type\":\"PropertyValueSpecification\",\"valueRequired\":true,\"valueName\":\"search_term_string\"}}],\"inLanguage\":\"en-GB\"},{\"@type\":\"Organization\",\"@id\":\"https:\\\/\\\/www.inovallee.com\\\/#organization\",\"name\":\"inovall\u00e9e\",\"url\":\"https:\\\/\\\/www.inovallee.com\\\/\",\"logo\":{\"@type\":\"ImageObject\",\"inLanguage\":\"en-GB\",\"@id\":\"https:\\\/\\\/www.inovallee.com\\\/#\\\/schema\\\/logo\\\/image\\\/\",\"url\":\"https:\\\/\\\/www.inovallee.com\\\/wp-content\\\/uploads\\\/2023\\\/08\\\/inovallee_2022_GrenobleAlpes.png\",\"contentUrl\":\"https:\\\/\\\/www.inovallee.com\\\/wp-content\\\/uploads\\\/2023\\\/08\\\/inovallee_2022_GrenobleAlpes.png\",\"width\":945,\"height\":369,\"caption\":\"inovall\u00e9e\"},\"image\":{\"@id\":\"https:\\\/\\\/www.inovallee.com\\\/#\\\/schema\\\/logo\\\/image\\\/\"},\"sameAs\":[\"https:\\\/\\\/www.facebook.com\\\/technopoleinovallee\\\/\",\"https:\\\/\\\/x.com\\\/inovallee\",\"https:\\\/\\\/www.linkedin.com\\\/company\\\/inovall-e\\\/\",\"https:\\\/\\\/www.youtube.com\\\/user\\\/inovallee?reload=9\"]},{\"@type\":\"Person\",\"@id\":\"https:\\\/\\\/www.inovallee.com\\\/#\\\/schema\\\/person\\\/a45b15518aad3111b2d61d257a3e023b\",\"name\":\"Inovallee\"}]}<\/script>\n<!-- \/ Yoast SEO plugin. -->","yoast_head_json":{"title":"Quand les minimento aident les entreprises et le monde \u00e0 changer\u2026 - inovall\u00e9e","description":"Minimentos : Quand la cognition et la communication s'unissent pour accompagner les entreprises au changement en engageant les salari\u00e9s dans la strat\u00e9gie","robots":{"index":"index","follow":"follow","max-snippet":"max-snippet:-1","max-image-preview":"max-image-preview:large","max-video-preview":"max-video-preview:-1"},"canonical":"https:\/\/www.inovallee.com\/en\/quand-les-minimento-aident-les-entreprises-et-le-monde-a-changer\/","og_locale":"en_GB","og_type":"article","og_title":"Quand les minimento aident les entreprises et le monde \u00e0 changer\u2026 - inovall\u00e9e","og_description":"Minimentos : Quand la cognition et la communication s'unissent pour accompagner les entreprises au changement en engageant les salari\u00e9s dans la strat\u00e9gie","og_url":"https:\/\/www.inovallee.com\/en\/quand-les-minimento-aident-les-entreprises-et-le-monde-a-changer\/","og_site_name":"inovall\u00e9e","article_publisher":"https:\/\/www.facebook.com\/technopoleinovallee\/","article_published_time":"2019-10-22T06:11:52+00:00","article_modified_time":"2022-01-04T10:26:25+00:00","og_image":[{"width":3000,"height":2000,"url":"https:\/\/www.inovallee.com\/wp-content\/uploads\/2019\/10\/2018-12-06_HEC_Challenge_plus_279.jpg","type":"image\/jpeg"}],"author":"Inovallee","twitter_card":"summary_large_image","twitter_creator":"@inovallee","twitter_site":"@inovallee","twitter_misc":{"Written by":"Inovallee","Estimated reading time":"5 minutes"},"schema":{"@context":"https:\/\/schema.org","@graph":[{"@type":"Article","@id":"https:\/\/www.inovallee.com\/quand-les-minimento-aident-les-entreprises-et-le-monde-a-changer\/#article","isPartOf":{"@id":"https:\/\/www.inovallee.com\/quand-les-minimento-aident-les-entreprises-et-le-monde-a-changer\/"},"author":{"name":"Inovallee","@id":"https:\/\/www.inovallee.com\/#\/schema\/person\/a45b15518aad3111b2d61d257a3e023b"},"headline":"Quand les minimento aident les entreprises et le monde \u00e0 changer\u2026","datePublished":"2019-10-22T06:11:52+00:00","dateModified":"2022-01-04T10:26:25+00:00","mainEntityOfPage":{"@id":"https:\/\/www.inovallee.com\/quand-les-minimento-aident-les-entreprises-et-le-monde-a-changer\/"},"wordCount":915,"publisher":{"@id":"https:\/\/www.inovallee.com\/#organization"},"image":{"@id":"https:\/\/www.inovallee.com\/quand-les-minimento-aident-les-entreprises-et-le-monde-a-changer\/#primaryimage"},"thumbnailUrl":"https:\/\/www.inovallee.com\/wp-content\/uploads\/2019\/10\/2018-12-06_HEC_Challenge_plus_279.jpg","keywords":["EdTech","MINIMENTO"],"articleSection":["L'\u00e9cho des startups du Tarmac","Tarmac incubator"],"inLanguage":"en-GB"},{"@type":"WebPage","@id":"https:\/\/www.inovallee.com\/quand-les-minimento-aident-les-entreprises-et-le-monde-a-changer\/","url":"https:\/\/www.inovallee.com\/quand-les-minimento-aident-les-entreprises-et-le-monde-a-changer\/","name":"Quand les minimento aident les entreprises et le monde \u00e0 changer\u2026 - inovall\u00e9e","isPartOf":{"@id":"https:\/\/www.inovallee.com\/#website"},"primaryImageOfPage":{"@id":"https:\/\/www.inovallee.com\/quand-les-minimento-aident-les-entreprises-et-le-monde-a-changer\/#primaryimage"},"image":{"@id":"https:\/\/www.inovallee.com\/quand-les-minimento-aident-les-entreprises-et-le-monde-a-changer\/#primaryimage"},"thumbnailUrl":"https:\/\/www.inovallee.com\/wp-content\/uploads\/2019\/10\/2018-12-06_HEC_Challenge_plus_279.jpg","datePublished":"2019-10-22T06:11:52+00:00","dateModified":"2022-01-04T10:26:25+00:00","description":"Minimentos : Quand la cognition et la communication s'unissent pour accompagner les entreprises au changement en engageant les salari\u00e9s dans la strat\u00e9gie","breadcrumb":{"@id":"https:\/\/www.inovallee.com\/quand-les-minimento-aident-les-entreprises-et-le-monde-a-changer\/#breadcrumb"},"inLanguage":"en-GB","potentialAction":[{"@type":"ReadAction","target":["https:\/\/www.inovallee.com\/quand-les-minimento-aident-les-entreprises-et-le-monde-a-changer\/"]}]},{"@type":"ImageObject","inLanguage":"en-GB","@id":"https:\/\/www.inovallee.com\/quand-les-minimento-aident-les-entreprises-et-le-monde-a-changer\/#primaryimage","url":"https:\/\/www.inovallee.com\/wp-content\/uploads\/2019\/10\/2018-12-06_HEC_Challenge_plus_279.jpg","contentUrl":"https:\/\/www.inovallee.com\/wp-content\/uploads\/2019\/10\/2018-12-06_HEC_Challenge_plus_279.jpg","width":3000,"height":2000},{"@type":"BreadcrumbList","@id":"https:\/\/www.inovallee.com\/quand-les-minimento-aident-les-entreprises-et-le-monde-a-changer\/#breadcrumb","itemListElement":[{"@type":"ListItem","position":1,"name":"Accueil","item":"https:\/\/www.inovallee.com\/"},{"@type":"ListItem","position":2,"name":"Quand les minimento aident les entreprises et le monde \u00e0 changer\u2026"}]},{"@type":"WebSite","@id":"https:\/\/www.inovallee.com\/#website","url":"https:\/\/www.inovallee.com\/","name":"inovall\u00e9e technopole, Home to software & smart technologies","description":"Home to software &amp; smart technologies","publisher":{"@id":"https:\/\/www.inovallee.com\/#organization"},"potentialAction":[{"@type":"SearchAction","target":{"@type":"EntryPoint","urlTemplate":"https:\/\/www.inovallee.com\/?s={search_term_string}"},"query-input":{"@type":"PropertyValueSpecification","valueRequired":true,"valueName":"search_term_string"}}],"inLanguage":"en-GB"},{"@type":"Organization","@id":"https:\/\/www.inovallee.com\/#organization","name":"inovall\u00e9e","url":"https:\/\/www.inovallee.com\/","logo":{"@type":"ImageObject","inLanguage":"en-GB","@id":"https:\/\/www.inovallee.com\/#\/schema\/logo\/image\/","url":"https:\/\/www.inovallee.com\/wp-content\/uploads\/2023\/08\/inovallee_2022_GrenobleAlpes.png","contentUrl":"https:\/\/www.inovallee.com\/wp-content\/uploads\/2023\/08\/inovallee_2022_GrenobleAlpes.png","width":945,"height":369,"caption":"inovall\u00e9e"},"image":{"@id":"https:\/\/www.inovallee.com\/#\/schema\/logo\/image\/"},"sameAs":["https:\/\/www.facebook.com\/technopoleinovallee\/","https:\/\/x.com\/inovallee","https:\/\/www.linkedin.com\/company\/inovall-e\/","https:\/\/www.youtube.com\/user\/inovallee?reload=9"]},{"@type":"Person","@id":"https:\/\/www.inovallee.com\/#\/schema\/person\/a45b15518aad3111b2d61d257a3e023b","name":"Inovallee"}]}},"_links":{"self":[{"href":"http:\/\/www.inovallee.com\/en\/wp-json\/wp\/v2\/posts\/23027","targetHints":{"allow":["GET"]}}],"collection":[{"href":"http:\/\/www.inovallee.com\/en\/wp-json\/wp\/v2\/posts"}],"about":[{"href":"http:\/\/www.inovallee.com\/en\/wp-json\/wp\/v2\/types\/post"}],"author":[{"embeddable":true,"href":"http:\/\/www.inovallee.com\/en\/wp-json\/wp\/v2\/users\/6"}],"replies":[{"embeddable":true,"href":"http:\/\/www.inovallee.com\/en\/wp-json\/wp\/v2\/comments?post=23027"}],"version-history":[{"count":0,"href":"http:\/\/www.inovallee.com\/en\/wp-json\/wp\/v2\/posts\/23027\/revisions"}],"wp:featuredmedia":[{"embeddable":true,"href":"http:\/\/www.inovallee.com\/en\/wp-json\/wp\/v2\/media\/23032"}],"wp:attachment":[{"href":"http:\/\/www.inovallee.com\/en\/wp-json\/wp\/v2\/media?parent=23027"}],"wp:term":[{"taxonomy":"category","embeddable":true,"href":"http:\/\/www.inovallee.com\/en\/wp-json\/wp\/v2\/categories?post=23027"},{"taxonomy":"post_tag","embeddable":true,"href":"http:\/\/www.inovallee.com\/en\/wp-json\/wp\/v2\/tags?post=23027"}],"curies":[{"name":"wp","href":"https:\/\/api.w.org\/{rel}","templated":true}]}}