{"id":28383,"date":"2014-10-17T08:02:00","date_gmt":"2014-10-17T07:02:00","guid":{"rendered":"https:\/\/www.inovallee.com\/de-lart-a-la-start-up-le-tarmac-voyage-au-coeur-de-la-demarche-creative\/"},"modified":"2014-10-17T08:02:00","modified_gmt":"2014-10-17T07:02:00","slug":"de-lart-a-la-start-up-le-tarmac-voyage-au-coeur-de-la-demarche-creative","status":"publish","type":"post","link":"http:\/\/www.inovallee.com\/en\/de-lart-a-la-start-up-le-tarmac-voyage-au-coeur-de-la-demarche-creative\/","title":{"rendered":"De l&#039;art \u00e0 la start-up : le Tarmac voyage au coeur de la d\u00e9marche cr\u00e9ative"},"content":{"rendered":"<div dir=\"ltr\" style=\"text-align: left;\">\n<div style=\"clear: both; text-align: center;\"><a href=\"http:\/\/1.bp.blogspot.com\/-zSr-8bfyqpQ\/VEC-b-CKlUI\/AAAAAAAAO5Q\/M1EC1ohzJ_k\/s1600\/IMG_4076.JPG\" style=\"clear: left; float: left; margin-bottom: 1em; margin-right: 1em;\"><img fetchpriority=\"high\" decoding=\"async\" border=\"0\" src=\"http:\/\/1.bp.blogspot.com\/-zSr-8bfyqpQ\/VEC-b-CKlUI\/AAAAAAAAO5Q\/M1EC1ohzJ_k\/s1600\/IMG_4076.JPG\" height=\"213\" width=\"320\" \/><\/a><\/div>\n<p><a href=\"http:\/\/3.bp.blogspot.com\/-HKfC07kjJv8\/VEC9qWZV3rI\/AAAAAAAAO5I\/CeCLz8kIW7U\/s1600\/IMG_4082.JPG\" style=\"clear: left; float: left; margin-bottom: 1em; margin-right: 1em;\"><\/a>L\u2019\u00e9quipage du Tarmac annon\u00e7ait le 16 octobre dernier le d\u00e9part imminent du prochain vol AI (Air inovall\u00e9e) 161014, \u00e0 destination de l\u2019Atelier Arts Sciences.   Au programme : une immersion dans les contr\u00e9es sauvages de la libre imagination pour parcourir le vaste champ des possibles de l\u2019improbable rencontre entre les artistes, les chercheurs et les entrepreneurs. Un peu d\u2019histoire : il \u00e9tait une fois un directeur d\u2019une sc\u00e8ne nationale (Antoine Conjard &#8211; l\u2019Hexagone) et un directeur de l\u2019innovation ouverte du CEA (Michel Ida &#8211; Idea\u2019s lab), qui s\u2019interrogent sur la cr\u00e9ativit\u00e9 artistique et scientifique, la technologie, l\u2019art, l\u2019imagination \u2026 et se mettent \u00e0 r\u00eaver d\u2019un espace de co-cr\u00e9ation o\u00f9 se m\u00ealeraient artistes, chercheurs et ferrus de technologies. Et parce qu\u2019ils ne savaient pas que c\u2019\u00e9tait impossible, comme bien d\u2019autres pionniers, eh bien, tout simplement, ils l\u2019ont fait : l\u2019atelier Arts Sciences \u00e9tait n\u00e9.<br \/>Un espace exp\u00e9rimental o\u00f9 la technologie tutoie la beaut\u00e9 et questionne les usages ; un espace o\u00f9 du terreau fertile de l\u2019imagination humaine collaborative sont n\u00e9es \u2026 quelques belles r\u00e9ussites entrepreneuriales, comme ISKN ou Movea (si, si !).<\/p>\n<p><a href=\"http:\/\/3.bp.blogspot.com\/-HKfC07kjJv8\/VEC9qWZV3rI\/AAAAAAAAO5I\/CeCLz8kIW7U\/s1600\/IMG_4082.JPG\" style=\"clear: left; float: left; margin-bottom: 1em; margin-right: 1em;\"><img decoding=\"async\" border=\"0\" src=\"http:\/\/3.bp.blogspot.com\/-HKfC07kjJv8\/VEC9qWZV3rI\/AAAAAAAAO5I\/CeCLz8kIW7U\/s1600\/IMG_4082.JPG\" height=\"213\" width=\"320\" \/><\/a>Ce jeudi, le Tarmac accueillait en effet pour son think drink hebdomadaire Michel Ida, Antoine Conjard et Eliane Sausse (Directrice de l\u2019atelier Arts Sciences), venus faire r\u00eaver aux cr\u00e9ateurs leur technologie autrement et leur faire partager, \u00e0 travers des t\u00e9moignages vid\u00e9os et des exp\u00e9riences artistiques in\u00e9dites, quelques unes de ces incroyables p\u00e9pites : ISKN et Movea bien s\u00fbr, mais aussi les m\u00e9caniques po\u00e9tiques d\u2019EZ3kiel, le pixel motion de Yann Ngu\u00e9ma, ou le gant sonore d\u2019EZRA.<br \/>Un pur moment de bonheur, de rires et d&rsquo;\u00e9motion, qui a su r\u00e9veiller en chacun des innovateurs inovalliens, cette petite flamme artistique qui fait de nous des hommes, avant d&rsquo;\u00eatre des entrepreneurs. Et ma petite voix me dit que l&rsquo;an prochain, quelques projets pourraient bien atterrir au Burning Man, Mecque de la cr\u00e9ation artistique technologique &#8230; Affaire \u00e0 suivre !<\/p>\n<div style=\"clear: both; text-align: center;\"><a href=\"http:\/\/1.bp.blogspot.com\/-fQYsnIFsF-M\/VEC-wV1XuII\/AAAAAAAAO5Y\/Zg558NYg8qE\/s1600\/IMG_4081.JPG\" style=\"margin-left: 1em; margin-right: 1em;\"><img decoding=\"async\" border=\"0\" src=\"http:\/\/1.bp.blogspot.com\/-fQYsnIFsF-M\/VEC-wV1XuII\/AAAAAAAAO5Y\/Zg558NYg8qE\/s1600\/IMG_4081.JPG\" height=\"213\" width=\"320\" \/><\/a><\/div>\n<p><\/p>\n<div style=\"clear: both; text-align: center;\"><a href=\"http:\/\/4.bp.blogspot.com\/-wj7UGkr0NUA\/VEC-7ohicdI\/AAAAAAAAO5g\/alQUCJZve3s\/s1600\/IMG_4084.JPG\" style=\"margin-left: 1em; margin-right: 1em;\"><img loading=\"lazy\" decoding=\"async\" border=\"0\" src=\"http:\/\/4.bp.blogspot.com\/-wj7UGkr0NUA\/VEC-7ohicdI\/AAAAAAAAO5g\/alQUCJZve3s\/s1600\/IMG_4084.JPG\" height=\"213\" width=\"320\" \/><\/a><\/div>\n<p><\/div>","protected":false},"excerpt":{"rendered":"<p>L\u2019\u00e9quipage du Tarmac annon\u00e7ait le 16 octobre dernier le d\u00e9part imminent du prochain vol AI (Air inovall\u00e9e) 161014, \u00e0 destination de l\u2019Atelier Arts Sciences. Au programme : une immersion dans les contr\u00e9es sauvages de la libre imagination pour parcourir le vaste champ des possibles de l\u2019improbable rencontre entre les artistes, les chercheurs et les entrepreneurs. [&hellip;]<\/p>\n","protected":false},"author":6,"featured_media":0,"comment_status":"closed","ping_status":"open","sticky":false,"template":"","format":"standard","meta":{"footnotes":""},"categories":[46,44],"tags":[],"class_list":["post-28383","post","type-post","status-publish","format-standard","hentry","category-vie-du-tarmac","category-tarmac-incubator"],"yoast_head":"<!-- This site is optimized with the Yoast SEO plugin v27.4 - https:\/\/yoast.com\/product\/yoast-seo-wordpress\/ -->\n<title>De l&#039;art \u00e0 la start-up : le Tarmac voyage au coeur de la d\u00e9marche cr\u00e9ative - inovall\u00e9e<\/title>\n<meta name=\"robots\" content=\"index, follow, max-snippet:-1, max-image-preview:large, max-video-preview:-1\" \/>\n<link rel=\"canonical\" href=\"https:\/\/www.inovallee.com\/en\/de-lart-a-la-start-up-le-tarmac-voyage-au-coeur-de-la-demarche-creative\/\" \/>\n<meta property=\"og:locale\" content=\"en_GB\" \/>\n<meta property=\"og:type\" content=\"article\" \/>\n<meta property=\"og:title\" content=\"De l&#039;art \u00e0 la start-up : le Tarmac voyage au coeur de la d\u00e9marche cr\u00e9ative - inovall\u00e9e\" \/>\n<meta property=\"og:description\" content=\"L\u2019\u00e9quipage du Tarmac annon\u00e7ait le 16 octobre dernier le d\u00e9part imminent du prochain vol AI (Air inovall\u00e9e) 161014, \u00e0 destination de l\u2019Atelier Arts Sciences. Au programme : une immersion dans les contr\u00e9es sauvages de la libre imagination pour parcourir le vaste champ des possibles de l\u2019improbable rencontre entre les artistes, les chercheurs et les entrepreneurs. [&hellip;]\" \/>\n<meta property=\"og:url\" content=\"https:\/\/www.inovallee.com\/en\/de-lart-a-la-start-up-le-tarmac-voyage-au-coeur-de-la-demarche-creative\/\" \/>\n<meta property=\"og:site_name\" content=\"inovall\u00e9e\" \/>\n<meta property=\"article:publisher\" content=\"https:\/\/www.facebook.com\/technopoleinovallee\/\" \/>\n<meta property=\"article:published_time\" content=\"2014-10-17T07:02:00+00:00\" \/>\n<meta property=\"og:image\" content=\"http:\/\/1.bp.blogspot.com\/-zSr-8bfyqpQ\/VEC-b-CKlUI\/AAAAAAAAO5Q\/M1EC1ohzJ_k\/s1600\/IMG_4076.JPG\" \/>\n<meta name=\"author\" content=\"Inovallee\" \/>\n<meta name=\"twitter:card\" content=\"summary_large_image\" \/>\n<meta name=\"twitter:creator\" content=\"@inovallee\" \/>\n<meta name=\"twitter:site\" content=\"@inovallee\" \/>\n<meta name=\"twitter:label1\" content=\"Written by\" \/>\n\t<meta name=\"twitter:data1\" content=\"Inovallee\" \/>\n\t<meta name=\"twitter:label2\" content=\"Estimated reading time\" \/>\n\t<meta name=\"twitter:data2\" content=\"2 minutes\" \/>\n<script type=\"application\/ld+json\" class=\"yoast-schema-graph\">{\"@context\":\"https:\\\/\\\/schema.org\",\"@graph\":[{\"@type\":\"Article\",\"@id\":\"https:\\\/\\\/www.inovallee.com\\\/de-lart-a-la-start-up-le-tarmac-voyage-au-coeur-de-la-demarche-creative\\\/#article\",\"isPartOf\":{\"@id\":\"https:\\\/\\\/www.inovallee.com\\\/de-lart-a-la-start-up-le-tarmac-voyage-au-coeur-de-la-demarche-creative\\\/\"},\"author\":{\"name\":\"Inovallee\",\"@id\":\"https:\\\/\\\/www.inovallee.com\\\/#\\\/schema\\\/person\\\/a45b15518aad3111b2d61d257a3e023b\"},\"headline\":\"De l&#039;art \u00e0 la start-up : le Tarmac voyage au coeur de la d\u00e9marche cr\u00e9ative\",\"datePublished\":\"2014-10-17T07:02:00+00:00\",\"mainEntityOfPage\":{\"@id\":\"https:\\\/\\\/www.inovallee.com\\\/de-lart-a-la-start-up-le-tarmac-voyage-au-coeur-de-la-demarche-creative\\\/\"},\"wordCount\":365,\"publisher\":{\"@id\":\"https:\\\/\\\/www.inovallee.com\\\/#organization\"},\"image\":{\"@id\":\"https:\\\/\\\/www.inovallee.com\\\/de-lart-a-la-start-up-le-tarmac-voyage-au-coeur-de-la-demarche-creative\\\/#primaryimage\"},\"thumbnailUrl\":\"http:\\\/\\\/1.bp.blogspot.com\\\/-zSr-8bfyqpQ\\\/VEC-b-CKlUI\\\/AAAAAAAAO5Q\\\/M1EC1ohzJ_k\\\/s1600\\\/IMG_4076.JPG\",\"articleSection\":[\"La vie du Tarmac\",\"Tarmac incubator\"],\"inLanguage\":\"en-GB\"},{\"@type\":\"WebPage\",\"@id\":\"https:\\\/\\\/www.inovallee.com\\\/de-lart-a-la-start-up-le-tarmac-voyage-au-coeur-de-la-demarche-creative\\\/\",\"url\":\"https:\\\/\\\/www.inovallee.com\\\/de-lart-a-la-start-up-le-tarmac-voyage-au-coeur-de-la-demarche-creative\\\/\",\"name\":\"De l&#039;art \u00e0 la start-up : le Tarmac voyage au coeur de la d\u00e9marche cr\u00e9ative - inovall\u00e9e\",\"isPartOf\":{\"@id\":\"https:\\\/\\\/www.inovallee.com\\\/#website\"},\"primaryImageOfPage\":{\"@id\":\"https:\\\/\\\/www.inovallee.com\\\/de-lart-a-la-start-up-le-tarmac-voyage-au-coeur-de-la-demarche-creative\\\/#primaryimage\"},\"image\":{\"@id\":\"https:\\\/\\\/www.inovallee.com\\\/de-lart-a-la-start-up-le-tarmac-voyage-au-coeur-de-la-demarche-creative\\\/#primaryimage\"},\"thumbnailUrl\":\"http:\\\/\\\/1.bp.blogspot.com\\\/-zSr-8bfyqpQ\\\/VEC-b-CKlUI\\\/AAAAAAAAO5Q\\\/M1EC1ohzJ_k\\\/s1600\\\/IMG_4076.JPG\",\"datePublished\":\"2014-10-17T07:02:00+00:00\",\"breadcrumb\":{\"@id\":\"https:\\\/\\\/www.inovallee.com\\\/de-lart-a-la-start-up-le-tarmac-voyage-au-coeur-de-la-demarche-creative\\\/#breadcrumb\"},\"inLanguage\":\"en-GB\",\"potentialAction\":[{\"@type\":\"ReadAction\",\"target\":[\"https:\\\/\\\/www.inovallee.com\\\/de-lart-a-la-start-up-le-tarmac-voyage-au-coeur-de-la-demarche-creative\\\/\"]}]},{\"@type\":\"ImageObject\",\"inLanguage\":\"en-GB\",\"@id\":\"https:\\\/\\\/www.inovallee.com\\\/de-lart-a-la-start-up-le-tarmac-voyage-au-coeur-de-la-demarche-creative\\\/#primaryimage\",\"url\":\"http:\\\/\\\/1.bp.blogspot.com\\\/-zSr-8bfyqpQ\\\/VEC-b-CKlUI\\\/AAAAAAAAO5Q\\\/M1EC1ohzJ_k\\\/s1600\\\/IMG_4076.JPG\",\"contentUrl\":\"http:\\\/\\\/1.bp.blogspot.com\\\/-zSr-8bfyqpQ\\\/VEC-b-CKlUI\\\/AAAAAAAAO5Q\\\/M1EC1ohzJ_k\\\/s1600\\\/IMG_4076.JPG\"},{\"@type\":\"BreadcrumbList\",\"@id\":\"https:\\\/\\\/www.inovallee.com\\\/de-lart-a-la-start-up-le-tarmac-voyage-au-coeur-de-la-demarche-creative\\\/#breadcrumb\",\"itemListElement\":[{\"@type\":\"ListItem\",\"position\":1,\"name\":\"Accueil\",\"item\":\"https:\\\/\\\/www.inovallee.com\\\/\"},{\"@type\":\"ListItem\",\"position\":2,\"name\":\"De l&#039;art \u00e0 la start-up : le Tarmac voyage au coeur de la d\u00e9marche cr\u00e9ative\"}]},{\"@type\":\"WebSite\",\"@id\":\"https:\\\/\\\/www.inovallee.com\\\/#website\",\"url\":\"https:\\\/\\\/www.inovallee.com\\\/\",\"name\":\"inovall\u00e9e technopole, Home to software & smart technologies\",\"description\":\"Home to software &amp; smart technologies\",\"publisher\":{\"@id\":\"https:\\\/\\\/www.inovallee.com\\\/#organization\"},\"potentialAction\":[{\"@type\":\"SearchAction\",\"target\":{\"@type\":\"EntryPoint\",\"urlTemplate\":\"https:\\\/\\\/www.inovallee.com\\\/?s={search_term_string}\"},\"query-input\":{\"@type\":\"PropertyValueSpecification\",\"valueRequired\":true,\"valueName\":\"search_term_string\"}}],\"inLanguage\":\"en-GB\"},{\"@type\":\"Organization\",\"@id\":\"https:\\\/\\\/www.inovallee.com\\\/#organization\",\"name\":\"inovall\u00e9e\",\"url\":\"https:\\\/\\\/www.inovallee.com\\\/\",\"logo\":{\"@type\":\"ImageObject\",\"inLanguage\":\"en-GB\",\"@id\":\"https:\\\/\\\/www.inovallee.com\\\/#\\\/schema\\\/logo\\\/image\\\/\",\"url\":\"https:\\\/\\\/www.inovallee.com\\\/wp-content\\\/uploads\\\/2023\\\/08\\\/inovallee_2022_GrenobleAlpes.png\",\"contentUrl\":\"https:\\\/\\\/www.inovallee.com\\\/wp-content\\\/uploads\\\/2023\\\/08\\\/inovallee_2022_GrenobleAlpes.png\",\"width\":945,\"height\":369,\"caption\":\"inovall\u00e9e\"},\"image\":{\"@id\":\"https:\\\/\\\/www.inovallee.com\\\/#\\\/schema\\\/logo\\\/image\\\/\"},\"sameAs\":[\"https:\\\/\\\/www.facebook.com\\\/technopoleinovallee\\\/\",\"https:\\\/\\\/x.com\\\/inovallee\",\"https:\\\/\\\/www.linkedin.com\\\/company\\\/inovall-e\\\/\",\"https:\\\/\\\/www.youtube.com\\\/user\\\/inovallee?reload=9\"]},{\"@type\":\"Person\",\"@id\":\"https:\\\/\\\/www.inovallee.com\\\/#\\\/schema\\\/person\\\/a45b15518aad3111b2d61d257a3e023b\",\"name\":\"Inovallee\"}]}<\/script>\n<!-- \/ Yoast SEO plugin. -->","yoast_head_json":{"title":"De l&#039;art \u00e0 la start-up : le Tarmac voyage au coeur de la d\u00e9marche cr\u00e9ative - inovall\u00e9e","robots":{"index":"index","follow":"follow","max-snippet":"max-snippet:-1","max-image-preview":"max-image-preview:large","max-video-preview":"max-video-preview:-1"},"canonical":"https:\/\/www.inovallee.com\/en\/de-lart-a-la-start-up-le-tarmac-voyage-au-coeur-de-la-demarche-creative\/","og_locale":"en_GB","og_type":"article","og_title":"De l&#039;art \u00e0 la start-up : le Tarmac voyage au coeur de la d\u00e9marche cr\u00e9ative - inovall\u00e9e","og_description":"L\u2019\u00e9quipage du Tarmac annon\u00e7ait le 16 octobre dernier le d\u00e9part imminent du prochain vol AI (Air inovall\u00e9e) 161014, \u00e0 destination de l\u2019Atelier Arts Sciences. Au programme : une immersion dans les contr\u00e9es sauvages de la libre imagination pour parcourir le vaste champ des possibles de l\u2019improbable rencontre entre les artistes, les chercheurs et les entrepreneurs. [&hellip;]","og_url":"https:\/\/www.inovallee.com\/en\/de-lart-a-la-start-up-le-tarmac-voyage-au-coeur-de-la-demarche-creative\/","og_site_name":"inovall\u00e9e","article_publisher":"https:\/\/www.facebook.com\/technopoleinovallee\/","article_published_time":"2014-10-17T07:02:00+00:00","og_image":[{"url":"http:\/\/1.bp.blogspot.com\/-zSr-8bfyqpQ\/VEC-b-CKlUI\/AAAAAAAAO5Q\/M1EC1ohzJ_k\/s1600\/IMG_4076.JPG","type":"","width":"","height":""}],"author":"Inovallee","twitter_card":"summary_large_image","twitter_creator":"@inovallee","twitter_site":"@inovallee","twitter_misc":{"Written by":"Inovallee","Estimated reading time":"2 minutes"},"schema":{"@context":"https:\/\/schema.org","@graph":[{"@type":"Article","@id":"https:\/\/www.inovallee.com\/de-lart-a-la-start-up-le-tarmac-voyage-au-coeur-de-la-demarche-creative\/#article","isPartOf":{"@id":"https:\/\/www.inovallee.com\/de-lart-a-la-start-up-le-tarmac-voyage-au-coeur-de-la-demarche-creative\/"},"author":{"name":"Inovallee","@id":"https:\/\/www.inovallee.com\/#\/schema\/person\/a45b15518aad3111b2d61d257a3e023b"},"headline":"De l&#039;art \u00e0 la start-up : le Tarmac voyage au coeur de la d\u00e9marche cr\u00e9ative","datePublished":"2014-10-17T07:02:00+00:00","mainEntityOfPage":{"@id":"https:\/\/www.inovallee.com\/de-lart-a-la-start-up-le-tarmac-voyage-au-coeur-de-la-demarche-creative\/"},"wordCount":365,"publisher":{"@id":"https:\/\/www.inovallee.com\/#organization"},"image":{"@id":"https:\/\/www.inovallee.com\/de-lart-a-la-start-up-le-tarmac-voyage-au-coeur-de-la-demarche-creative\/#primaryimage"},"thumbnailUrl":"http:\/\/1.bp.blogspot.com\/-zSr-8bfyqpQ\/VEC-b-CKlUI\/AAAAAAAAO5Q\/M1EC1ohzJ_k\/s1600\/IMG_4076.JPG","articleSection":["La vie du Tarmac","Tarmac incubator"],"inLanguage":"en-GB"},{"@type":"WebPage","@id":"https:\/\/www.inovallee.com\/de-lart-a-la-start-up-le-tarmac-voyage-au-coeur-de-la-demarche-creative\/","url":"https:\/\/www.inovallee.com\/de-lart-a-la-start-up-le-tarmac-voyage-au-coeur-de-la-demarche-creative\/","name":"De l&#039;art \u00e0 la start-up : le Tarmac voyage au coeur de la d\u00e9marche cr\u00e9ative - inovall\u00e9e","isPartOf":{"@id":"https:\/\/www.inovallee.com\/#website"},"primaryImageOfPage":{"@id":"https:\/\/www.inovallee.com\/de-lart-a-la-start-up-le-tarmac-voyage-au-coeur-de-la-demarche-creative\/#primaryimage"},"image":{"@id":"https:\/\/www.inovallee.com\/de-lart-a-la-start-up-le-tarmac-voyage-au-coeur-de-la-demarche-creative\/#primaryimage"},"thumbnailUrl":"http:\/\/1.bp.blogspot.com\/-zSr-8bfyqpQ\/VEC-b-CKlUI\/AAAAAAAAO5Q\/M1EC1ohzJ_k\/s1600\/IMG_4076.JPG","datePublished":"2014-10-17T07:02:00+00:00","breadcrumb":{"@id":"https:\/\/www.inovallee.com\/de-lart-a-la-start-up-le-tarmac-voyage-au-coeur-de-la-demarche-creative\/#breadcrumb"},"inLanguage":"en-GB","potentialAction":[{"@type":"ReadAction","target":["https:\/\/www.inovallee.com\/de-lart-a-la-start-up-le-tarmac-voyage-au-coeur-de-la-demarche-creative\/"]}]},{"@type":"ImageObject","inLanguage":"en-GB","@id":"https:\/\/www.inovallee.com\/de-lart-a-la-start-up-le-tarmac-voyage-au-coeur-de-la-demarche-creative\/#primaryimage","url":"http:\/\/1.bp.blogspot.com\/-zSr-8bfyqpQ\/VEC-b-CKlUI\/AAAAAAAAO5Q\/M1EC1ohzJ_k\/s1600\/IMG_4076.JPG","contentUrl":"http:\/\/1.bp.blogspot.com\/-zSr-8bfyqpQ\/VEC-b-CKlUI\/AAAAAAAAO5Q\/M1EC1ohzJ_k\/s1600\/IMG_4076.JPG"},{"@type":"BreadcrumbList","@id":"https:\/\/www.inovallee.com\/de-lart-a-la-start-up-le-tarmac-voyage-au-coeur-de-la-demarche-creative\/#breadcrumb","itemListElement":[{"@type":"ListItem","position":1,"name":"Accueil","item":"https:\/\/www.inovallee.com\/"},{"@type":"ListItem","position":2,"name":"De l&#039;art \u00e0 la start-up : le Tarmac voyage au coeur de la d\u00e9marche cr\u00e9ative"}]},{"@type":"WebSite","@id":"https:\/\/www.inovallee.com\/#website","url":"https:\/\/www.inovallee.com\/","name":"inovall\u00e9e technopole, Home to software & smart technologies","description":"Home to software &amp; smart technologies","publisher":{"@id":"https:\/\/www.inovallee.com\/#organization"},"potentialAction":[{"@type":"SearchAction","target":{"@type":"EntryPoint","urlTemplate":"https:\/\/www.inovallee.com\/?s={search_term_string}"},"query-input":{"@type":"PropertyValueSpecification","valueRequired":true,"valueName":"search_term_string"}}],"inLanguage":"en-GB"},{"@type":"Organization","@id":"https:\/\/www.inovallee.com\/#organization","name":"inovall\u00e9e","url":"https:\/\/www.inovallee.com\/","logo":{"@type":"ImageObject","inLanguage":"en-GB","@id":"https:\/\/www.inovallee.com\/#\/schema\/logo\/image\/","url":"https:\/\/www.inovallee.com\/wp-content\/uploads\/2023\/08\/inovallee_2022_GrenobleAlpes.png","contentUrl":"https:\/\/www.inovallee.com\/wp-content\/uploads\/2023\/08\/inovallee_2022_GrenobleAlpes.png","width":945,"height":369,"caption":"inovall\u00e9e"},"image":{"@id":"https:\/\/www.inovallee.com\/#\/schema\/logo\/image\/"},"sameAs":["https:\/\/www.facebook.com\/technopoleinovallee\/","https:\/\/x.com\/inovallee","https:\/\/www.linkedin.com\/company\/inovall-e\/","https:\/\/www.youtube.com\/user\/inovallee?reload=9"]},{"@type":"Person","@id":"https:\/\/www.inovallee.com\/#\/schema\/person\/a45b15518aad3111b2d61d257a3e023b","name":"Inovallee"}]}},"_links":{"self":[{"href":"http:\/\/www.inovallee.com\/en\/wp-json\/wp\/v2\/posts\/28383","targetHints":{"allow":["GET"]}}],"collection":[{"href":"http:\/\/www.inovallee.com\/en\/wp-json\/wp\/v2\/posts"}],"about":[{"href":"http:\/\/www.inovallee.com\/en\/wp-json\/wp\/v2\/types\/post"}],"author":[{"embeddable":true,"href":"http:\/\/www.inovallee.com\/en\/wp-json\/wp\/v2\/users\/6"}],"replies":[{"embeddable":true,"href":"http:\/\/www.inovallee.com\/en\/wp-json\/wp\/v2\/comments?post=28383"}],"version-history":[{"count":0,"href":"http:\/\/www.inovallee.com\/en\/wp-json\/wp\/v2\/posts\/28383\/revisions"}],"wp:attachment":[{"href":"http:\/\/www.inovallee.com\/en\/wp-json\/wp\/v2\/media?parent=28383"}],"wp:term":[{"taxonomy":"category","embeddable":true,"href":"http:\/\/www.inovallee.com\/en\/wp-json\/wp\/v2\/categories?post=28383"},{"taxonomy":"post_tag","embeddable":true,"href":"http:\/\/www.inovallee.com\/en\/wp-json\/wp\/v2\/tags?post=28383"}],"curies":[{"name":"wp","href":"https:\/\/api.w.org\/{rel}","templated":true}]}}