{"id":28412,"date":"2014-09-05T12:58:00","date_gmt":"2014-09-05T11:58:00","guid":{"rendered":"https:\/\/www.inovallee.com\/think-drink-tarmac-embarquement-immediat-pour-la-protection-sociale-du-dirigeant-avec-generali\/"},"modified":"2014-09-05T12:58:00","modified_gmt":"2014-09-05T11:58:00","slug":"think-drink-tarmac-embarquement-immediat-pour-la-protection-sociale-du-dirigeant-avec-generali","status":"publish","type":"post","link":"http:\/\/www.inovallee.com\/en\/think-drink-tarmac-embarquement-immediat-pour-la-protection-sociale-du-dirigeant-avec-generali\/","title":{"rendered":"Think drink Tarmac : embarquement imm\u00e9diat pour la protection sociale du dirigeant avec Generali !"},"content":{"rendered":"<div dir=\"ltr\" style=\"text-align: left;\">\n<div style=\"clear: both; text-align: center;\"><a href=\"http:\/\/2.bp.blogspot.com\/-QUYoztvz-OQ\/VAmjTFhLucI\/AAAAAAAAM4A\/cv52DGmwdPM\/s1600\/generali2.jpg\" style=\"clear: left; float: left; margin-bottom: 1em; margin-right: 1em;\"><img fetchpriority=\"high\" decoding=\"async\" border=\"0\" src=\"http:\/\/2.bp.blogspot.com\/-QUYoztvz-OQ\/VAmjTFhLucI\/AAAAAAAAM4A\/cv52DGmwdPM\/s1600\/generali2.jpg\" height=\"213\" width=\"320\" \/><\/a><\/div>\n<p>Le 4 septembre dernier, une quinzaine de cr\u00e9ateurs et dirigeants du tarmac \u00e9taient r\u00e9unis comme chaque semaine au point de ralliement hebdomadaire du \u00ab\u00a0think drink\u00a0\u00bb, l&rsquo;ap\u00e9ro entrepreneuriale de la p\u00e9pini\u00e8re,, pour un embarquement imm\u00e9diat \u00e0 bord des turbulences de la \u00ab\u00a0protection sociale\u00a0\u00bb.<br \/>Une th\u00e9matique complexe, pilot\u00e9e avec brio par Jean-Marie Stella, responsable de Generali sur inovall\u00e9e, qui a balay\u00e9 les grands enjeux du sujet : impact du choix du statut sur le taux de charge mais aussi les garanties propos\u00e9es, avantages fiscaux li\u00e9s aux diff\u00e9rents formes possibles de revenus imm\u00e9diats (salaires, dividendes, int\u00e9ressement ou participation), diff\u00e9r\u00e9s (\u00e9pargne salariale, int\u00e9ressement et participation), de retraite (par mutualisation et capitalisation), ou encore de compl\u00e9mentaire sant\u00e9 et de pr\u00e9voyance.<br \/>Et Jean-Marie Stella de rappeler qu&rsquo;au stade de start-up \u00ab\u00a0la pr\u00e9voyance est la protection la moins impactante sur le budget de l&rsquo;entreprise et la plus n\u00e9cessaire dans les premi\u00e8res ann\u00e9es de vie, o\u00f9 un banal accident de la vie peut tr\u00e8s vite venir \u00e0 bout d&rsquo;une tr\u00e9sorerie encore fragile et mettre fin \u00e0 l&rsquo;aventure\u00a0\u00bb.<br \/>Un voyage rapide donc \u00e0 travers les subtilit\u00e9s fiscales et l\u00e9gales de la protection sociale, mais qui a permis aux cr\u00e9ateurs de comprendre facilement les avantages et risques de toutes les options possibles.<br \/>Prochain RDV jeudi prochain avec le Grex pour une autre destination entrepreneuriale : l&rsquo;export !<\/p>\n<div style=\"clear: both; text-align: center;\"><a href=\"http:\/\/2.bp.blogspot.com\/-r9PTEhT2MPE\/VAmiBbK0uHI\/AAAAAAAAM3w\/E8z1b-ZSfXw\/s1600\/IMG_2900.JPG\" style=\"margin-left: 1em; margin-right: 1em;\"><img decoding=\"async\" border=\"0\" src=\"http:\/\/2.bp.blogspot.com\/-r9PTEhT2MPE\/VAmiBbK0uHI\/AAAAAAAAM3w\/E8z1b-ZSfXw\/s1600\/IMG_2900.JPG\" height=\"213\" width=\"320\" \/><\/a><\/div>\n<p><\/p>\n<div style=\"clear: both; text-align: center;\"><a href=\"http:\/\/1.bp.blogspot.com\/-Lh_qAA7HB8I\/VAmi_ylXLPI\/AAAAAAAAM34\/y62kRMZs8_M\/s1600\/IMG_2889.JPG\" style=\"margin-left: 1em; margin-right: 1em;\"><img decoding=\"async\" border=\"0\" src=\"http:\/\/1.bp.blogspot.com\/-Lh_qAA7HB8I\/VAmi_ylXLPI\/AAAAAAAAM34\/y62kRMZs8_M\/s1600\/IMG_2889.JPG\" height=\"213\" width=\"320\" \/><\/a><\/div>\n<div style=\"text-align: center;\"><a href=\"http:\/\/3.bp.blogspot.com\/-BJnP_P-Nbao\/VAmjWGSzfAI\/AAAAAAAAM4I\/78Hk4_P5D_U\/s1600\/generali.jpg\" style=\"margin-left: 1em; margin-right: 1em;\"><img loading=\"lazy\" decoding=\"async\" border=\"0\" src=\"http:\/\/3.bp.blogspot.com\/-BJnP_P-Nbao\/VAmjWGSzfAI\/AAAAAAAAM4I\/78Hk4_P5D_U\/s1600\/generali.jpg\" height=\"213\" width=\"320\" \/><\/a><\/div>\n<\/div>","protected":false},"excerpt":{"rendered":"<p>Le 4 septembre dernier, une quinzaine de cr\u00e9ateurs et dirigeants du tarmac \u00e9taient r\u00e9unis comme chaque semaine au point de ralliement hebdomadaire du \u00ab\u00a0think drink\u00a0\u00bb, l&rsquo;ap\u00e9ro entrepreneuriale de la p\u00e9pini\u00e8re,, pour un embarquement imm\u00e9diat \u00e0 bord des turbulences de la \u00ab\u00a0protection sociale\u00a0\u00bb.Une th\u00e9matique complexe, pilot\u00e9e avec brio par Jean-Marie Stella, responsable de Generali sur inovall\u00e9e, [&hellip;]<\/p>\n","protected":false},"author":6,"featured_media":0,"comment_status":"closed","ping_status":"open","sticky":false,"template":"","format":"standard","meta":{"footnotes":""},"categories":[41,55,56],"tags":[],"class_list":["post-28412","post","type-post","status-publish","format-standard","hentry","category-entrepreneur-competences","category-reglementation-juridique-pi","category-bonnes-pratiques-rh-management"],"yoast_head":"<!-- This site is optimized with the Yoast SEO plugin v27.4 - https:\/\/yoast.com\/product\/yoast-seo-wordpress\/ -->\n<title>Think drink Tarmac : embarquement imm\u00e9diat pour la protection sociale du dirigeant avec Generali ! - inovall\u00e9e<\/title>\n<meta name=\"robots\" content=\"index, follow, max-snippet:-1, max-image-preview:large, max-video-preview:-1\" \/>\n<link rel=\"canonical\" href=\"https:\/\/www.inovallee.com\/en\/think-drink-tarmac-embarquement-immediat-pour-la-protection-sociale-du-dirigeant-avec-generali\/\" \/>\n<meta property=\"og:locale\" content=\"en_GB\" \/>\n<meta property=\"og:type\" content=\"article\" \/>\n<meta property=\"og:title\" content=\"Think drink Tarmac : embarquement imm\u00e9diat pour la protection sociale du dirigeant avec Generali ! - inovall\u00e9e\" \/>\n<meta property=\"og:description\" content=\"Le 4 septembre dernier, une quinzaine de cr\u00e9ateurs et dirigeants du tarmac \u00e9taient r\u00e9unis comme chaque semaine au point de ralliement hebdomadaire du \u00ab\u00a0think drink\u00a0\u00bb, l&rsquo;ap\u00e9ro entrepreneuriale de la p\u00e9pini\u00e8re,, pour un embarquement imm\u00e9diat \u00e0 bord des turbulences de la \u00ab\u00a0protection sociale\u00a0\u00bb.Une th\u00e9matique complexe, pilot\u00e9e avec brio par Jean-Marie Stella, responsable de Generali sur inovall\u00e9e, [&hellip;]\" \/>\n<meta property=\"og:url\" content=\"https:\/\/www.inovallee.com\/en\/think-drink-tarmac-embarquement-immediat-pour-la-protection-sociale-du-dirigeant-avec-generali\/\" \/>\n<meta property=\"og:site_name\" content=\"inovall\u00e9e\" \/>\n<meta property=\"article:publisher\" content=\"https:\/\/www.facebook.com\/technopoleinovallee\/\" \/>\n<meta property=\"article:published_time\" content=\"2014-09-05T11:58:00+00:00\" \/>\n<meta property=\"og:image\" content=\"http:\/\/2.bp.blogspot.com\/-QUYoztvz-OQ\/VAmjTFhLucI\/AAAAAAAAM4A\/cv52DGmwdPM\/s1600\/generali2.jpg\" \/>\n<meta name=\"author\" content=\"Inovallee\" \/>\n<meta name=\"twitter:card\" content=\"summary_large_image\" \/>\n<meta name=\"twitter:creator\" content=\"@inovallee\" \/>\n<meta name=\"twitter:site\" content=\"@inovallee\" \/>\n<meta name=\"twitter:label1\" content=\"Written by\" \/>\n\t<meta name=\"twitter:data1\" content=\"Inovallee\" \/>\n\t<meta name=\"twitter:label2\" content=\"Estimated reading time\" \/>\n\t<meta name=\"twitter:data2\" content=\"1 minute\" \/>\n<script type=\"application\/ld+json\" class=\"yoast-schema-graph\">{\"@context\":\"https:\\\/\\\/schema.org\",\"@graph\":[{\"@type\":\"Article\",\"@id\":\"https:\\\/\\\/www.inovallee.com\\\/think-drink-tarmac-embarquement-immediat-pour-la-protection-sociale-du-dirigeant-avec-generali\\\/#article\",\"isPartOf\":{\"@id\":\"https:\\\/\\\/www.inovallee.com\\\/think-drink-tarmac-embarquement-immediat-pour-la-protection-sociale-du-dirigeant-avec-generali\\\/\"},\"author\":{\"name\":\"Inovallee\",\"@id\":\"https:\\\/\\\/www.inovallee.com\\\/#\\\/schema\\\/person\\\/a45b15518aad3111b2d61d257a3e023b\"},\"headline\":\"Think drink Tarmac : embarquement imm\u00e9diat pour la protection sociale du dirigeant avec Generali !\",\"datePublished\":\"2014-09-05T11:58:00+00:00\",\"mainEntityOfPage\":{\"@id\":\"https:\\\/\\\/www.inovallee.com\\\/think-drink-tarmac-embarquement-immediat-pour-la-protection-sociale-du-dirigeant-avec-generali\\\/\"},\"wordCount\":257,\"publisher\":{\"@id\":\"https:\\\/\\\/www.inovallee.com\\\/#organization\"},\"image\":{\"@id\":\"https:\\\/\\\/www.inovallee.com\\\/think-drink-tarmac-embarquement-immediat-pour-la-protection-sociale-du-dirigeant-avec-generali\\\/#primaryimage\"},\"thumbnailUrl\":\"http:\\\/\\\/2.bp.blogspot.com\\\/-QUYoztvz-OQ\\\/VAmjTFhLucI\\\/AAAAAAAAM4A\\\/cv52DGmwdPM\\\/s1600\\\/generali2.jpg\",\"articleSection\":[\"Entreprendre et d\u00e9velopper ses comp\u00e9tences\",\"R\u00e9glementaire et Juridique \\\/ Propri\u00e9t\u00e9 Intellectuelle\",\"RH, \u00e9quipe et management\"],\"inLanguage\":\"en-GB\"},{\"@type\":\"WebPage\",\"@id\":\"https:\\\/\\\/www.inovallee.com\\\/think-drink-tarmac-embarquement-immediat-pour-la-protection-sociale-du-dirigeant-avec-generali\\\/\",\"url\":\"https:\\\/\\\/www.inovallee.com\\\/think-drink-tarmac-embarquement-immediat-pour-la-protection-sociale-du-dirigeant-avec-generali\\\/\",\"name\":\"Think drink Tarmac : embarquement imm\u00e9diat pour la protection sociale du dirigeant avec Generali ! - inovall\u00e9e\",\"isPartOf\":{\"@id\":\"https:\\\/\\\/www.inovallee.com\\\/#website\"},\"primaryImageOfPage\":{\"@id\":\"https:\\\/\\\/www.inovallee.com\\\/think-drink-tarmac-embarquement-immediat-pour-la-protection-sociale-du-dirigeant-avec-generali\\\/#primaryimage\"},\"image\":{\"@id\":\"https:\\\/\\\/www.inovallee.com\\\/think-drink-tarmac-embarquement-immediat-pour-la-protection-sociale-du-dirigeant-avec-generali\\\/#primaryimage\"},\"thumbnailUrl\":\"http:\\\/\\\/2.bp.blogspot.com\\\/-QUYoztvz-OQ\\\/VAmjTFhLucI\\\/AAAAAAAAM4A\\\/cv52DGmwdPM\\\/s1600\\\/generali2.jpg\",\"datePublished\":\"2014-09-05T11:58:00+00:00\",\"breadcrumb\":{\"@id\":\"https:\\\/\\\/www.inovallee.com\\\/think-drink-tarmac-embarquement-immediat-pour-la-protection-sociale-du-dirigeant-avec-generali\\\/#breadcrumb\"},\"inLanguage\":\"en-GB\",\"potentialAction\":[{\"@type\":\"ReadAction\",\"target\":[\"https:\\\/\\\/www.inovallee.com\\\/think-drink-tarmac-embarquement-immediat-pour-la-protection-sociale-du-dirigeant-avec-generali\\\/\"]}]},{\"@type\":\"ImageObject\",\"inLanguage\":\"en-GB\",\"@id\":\"https:\\\/\\\/www.inovallee.com\\\/think-drink-tarmac-embarquement-immediat-pour-la-protection-sociale-du-dirigeant-avec-generali\\\/#primaryimage\",\"url\":\"http:\\\/\\\/2.bp.blogspot.com\\\/-QUYoztvz-OQ\\\/VAmjTFhLucI\\\/AAAAAAAAM4A\\\/cv52DGmwdPM\\\/s1600\\\/generali2.jpg\",\"contentUrl\":\"http:\\\/\\\/2.bp.blogspot.com\\\/-QUYoztvz-OQ\\\/VAmjTFhLucI\\\/AAAAAAAAM4A\\\/cv52DGmwdPM\\\/s1600\\\/generali2.jpg\"},{\"@type\":\"BreadcrumbList\",\"@id\":\"https:\\\/\\\/www.inovallee.com\\\/think-drink-tarmac-embarquement-immediat-pour-la-protection-sociale-du-dirigeant-avec-generali\\\/#breadcrumb\",\"itemListElement\":[{\"@type\":\"ListItem\",\"position\":1,\"name\":\"Accueil\",\"item\":\"https:\\\/\\\/www.inovallee.com\\\/\"},{\"@type\":\"ListItem\",\"position\":2,\"name\":\"Think drink Tarmac : embarquement imm\u00e9diat pour la protection sociale du dirigeant avec Generali !\"}]},{\"@type\":\"WebSite\",\"@id\":\"https:\\\/\\\/www.inovallee.com\\\/#website\",\"url\":\"https:\\\/\\\/www.inovallee.com\\\/\",\"name\":\"inovall\u00e9e technopole, Home to software & smart technologies\",\"description\":\"Home to software &amp; smart technologies\",\"publisher\":{\"@id\":\"https:\\\/\\\/www.inovallee.com\\\/#organization\"},\"potentialAction\":[{\"@type\":\"SearchAction\",\"target\":{\"@type\":\"EntryPoint\",\"urlTemplate\":\"https:\\\/\\\/www.inovallee.com\\\/?s={search_term_string}\"},\"query-input\":{\"@type\":\"PropertyValueSpecification\",\"valueRequired\":true,\"valueName\":\"search_term_string\"}}],\"inLanguage\":\"en-GB\"},{\"@type\":\"Organization\",\"@id\":\"https:\\\/\\\/www.inovallee.com\\\/#organization\",\"name\":\"inovall\u00e9e\",\"url\":\"https:\\\/\\\/www.inovallee.com\\\/\",\"logo\":{\"@type\":\"ImageObject\",\"inLanguage\":\"en-GB\",\"@id\":\"https:\\\/\\\/www.inovallee.com\\\/#\\\/schema\\\/logo\\\/image\\\/\",\"url\":\"https:\\\/\\\/www.inovallee.com\\\/wp-content\\\/uploads\\\/2023\\\/08\\\/inovallee_2022_GrenobleAlpes.png\",\"contentUrl\":\"https:\\\/\\\/www.inovallee.com\\\/wp-content\\\/uploads\\\/2023\\\/08\\\/inovallee_2022_GrenobleAlpes.png\",\"width\":945,\"height\":369,\"caption\":\"inovall\u00e9e\"},\"image\":{\"@id\":\"https:\\\/\\\/www.inovallee.com\\\/#\\\/schema\\\/logo\\\/image\\\/\"},\"sameAs\":[\"https:\\\/\\\/www.facebook.com\\\/technopoleinovallee\\\/\",\"https:\\\/\\\/x.com\\\/inovallee\",\"https:\\\/\\\/www.linkedin.com\\\/company\\\/inovall-e\\\/\",\"https:\\\/\\\/www.youtube.com\\\/user\\\/inovallee?reload=9\"]},{\"@type\":\"Person\",\"@id\":\"https:\\\/\\\/www.inovallee.com\\\/#\\\/schema\\\/person\\\/a45b15518aad3111b2d61d257a3e023b\",\"name\":\"Inovallee\"}]}<\/script>\n<!-- \/ Yoast SEO plugin. -->","yoast_head_json":{"title":"Think drink Tarmac : embarquement imm\u00e9diat pour la protection sociale du dirigeant avec Generali ! - inovall\u00e9e","robots":{"index":"index","follow":"follow","max-snippet":"max-snippet:-1","max-image-preview":"max-image-preview:large","max-video-preview":"max-video-preview:-1"},"canonical":"https:\/\/www.inovallee.com\/en\/think-drink-tarmac-embarquement-immediat-pour-la-protection-sociale-du-dirigeant-avec-generali\/","og_locale":"en_GB","og_type":"article","og_title":"Think drink Tarmac : embarquement imm\u00e9diat pour la protection sociale du dirigeant avec Generali ! - inovall\u00e9e","og_description":"Le 4 septembre dernier, une quinzaine de cr\u00e9ateurs et dirigeants du tarmac \u00e9taient r\u00e9unis comme chaque semaine au point de ralliement hebdomadaire du \u00ab\u00a0think drink\u00a0\u00bb, l&rsquo;ap\u00e9ro entrepreneuriale de la p\u00e9pini\u00e8re,, pour un embarquement imm\u00e9diat \u00e0 bord des turbulences de la \u00ab\u00a0protection sociale\u00a0\u00bb.Une th\u00e9matique complexe, pilot\u00e9e avec brio par Jean-Marie Stella, responsable de Generali sur inovall\u00e9e, [&hellip;]","og_url":"https:\/\/www.inovallee.com\/en\/think-drink-tarmac-embarquement-immediat-pour-la-protection-sociale-du-dirigeant-avec-generali\/","og_site_name":"inovall\u00e9e","article_publisher":"https:\/\/www.facebook.com\/technopoleinovallee\/","article_published_time":"2014-09-05T11:58:00+00:00","og_image":[{"url":"http:\/\/2.bp.blogspot.com\/-QUYoztvz-OQ\/VAmjTFhLucI\/AAAAAAAAM4A\/cv52DGmwdPM\/s1600\/generali2.jpg","type":"","width":"","height":""}],"author":"Inovallee","twitter_card":"summary_large_image","twitter_creator":"@inovallee","twitter_site":"@inovallee","twitter_misc":{"Written by":"Inovallee","Estimated reading time":"1 minute"},"schema":{"@context":"https:\/\/schema.org","@graph":[{"@type":"Article","@id":"https:\/\/www.inovallee.com\/think-drink-tarmac-embarquement-immediat-pour-la-protection-sociale-du-dirigeant-avec-generali\/#article","isPartOf":{"@id":"https:\/\/www.inovallee.com\/think-drink-tarmac-embarquement-immediat-pour-la-protection-sociale-du-dirigeant-avec-generali\/"},"author":{"name":"Inovallee","@id":"https:\/\/www.inovallee.com\/#\/schema\/person\/a45b15518aad3111b2d61d257a3e023b"},"headline":"Think drink Tarmac : embarquement imm\u00e9diat pour la protection sociale du dirigeant avec Generali !","datePublished":"2014-09-05T11:58:00+00:00","mainEntityOfPage":{"@id":"https:\/\/www.inovallee.com\/think-drink-tarmac-embarquement-immediat-pour-la-protection-sociale-du-dirigeant-avec-generali\/"},"wordCount":257,"publisher":{"@id":"https:\/\/www.inovallee.com\/#organization"},"image":{"@id":"https:\/\/www.inovallee.com\/think-drink-tarmac-embarquement-immediat-pour-la-protection-sociale-du-dirigeant-avec-generali\/#primaryimage"},"thumbnailUrl":"http:\/\/2.bp.blogspot.com\/-QUYoztvz-OQ\/VAmjTFhLucI\/AAAAAAAAM4A\/cv52DGmwdPM\/s1600\/generali2.jpg","articleSection":["Entreprendre et d\u00e9velopper ses comp\u00e9tences","R\u00e9glementaire et Juridique \/ Propri\u00e9t\u00e9 Intellectuelle","RH, \u00e9quipe et management"],"inLanguage":"en-GB"},{"@type":"WebPage","@id":"https:\/\/www.inovallee.com\/think-drink-tarmac-embarquement-immediat-pour-la-protection-sociale-du-dirigeant-avec-generali\/","url":"https:\/\/www.inovallee.com\/think-drink-tarmac-embarquement-immediat-pour-la-protection-sociale-du-dirigeant-avec-generali\/","name":"Think drink Tarmac : embarquement imm\u00e9diat pour la protection sociale du dirigeant avec Generali ! - inovall\u00e9e","isPartOf":{"@id":"https:\/\/www.inovallee.com\/#website"},"primaryImageOfPage":{"@id":"https:\/\/www.inovallee.com\/think-drink-tarmac-embarquement-immediat-pour-la-protection-sociale-du-dirigeant-avec-generali\/#primaryimage"},"image":{"@id":"https:\/\/www.inovallee.com\/think-drink-tarmac-embarquement-immediat-pour-la-protection-sociale-du-dirigeant-avec-generali\/#primaryimage"},"thumbnailUrl":"http:\/\/2.bp.blogspot.com\/-QUYoztvz-OQ\/VAmjTFhLucI\/AAAAAAAAM4A\/cv52DGmwdPM\/s1600\/generali2.jpg","datePublished":"2014-09-05T11:58:00+00:00","breadcrumb":{"@id":"https:\/\/www.inovallee.com\/think-drink-tarmac-embarquement-immediat-pour-la-protection-sociale-du-dirigeant-avec-generali\/#breadcrumb"},"inLanguage":"en-GB","potentialAction":[{"@type":"ReadAction","target":["https:\/\/www.inovallee.com\/think-drink-tarmac-embarquement-immediat-pour-la-protection-sociale-du-dirigeant-avec-generali\/"]}]},{"@type":"ImageObject","inLanguage":"en-GB","@id":"https:\/\/www.inovallee.com\/think-drink-tarmac-embarquement-immediat-pour-la-protection-sociale-du-dirigeant-avec-generali\/#primaryimage","url":"http:\/\/2.bp.blogspot.com\/-QUYoztvz-OQ\/VAmjTFhLucI\/AAAAAAAAM4A\/cv52DGmwdPM\/s1600\/generali2.jpg","contentUrl":"http:\/\/2.bp.blogspot.com\/-QUYoztvz-OQ\/VAmjTFhLucI\/AAAAAAAAM4A\/cv52DGmwdPM\/s1600\/generali2.jpg"},{"@type":"BreadcrumbList","@id":"https:\/\/www.inovallee.com\/think-drink-tarmac-embarquement-immediat-pour-la-protection-sociale-du-dirigeant-avec-generali\/#breadcrumb","itemListElement":[{"@type":"ListItem","position":1,"name":"Accueil","item":"https:\/\/www.inovallee.com\/"},{"@type":"ListItem","position":2,"name":"Think drink Tarmac : embarquement imm\u00e9diat pour la protection sociale du dirigeant avec Generali !"}]},{"@type":"WebSite","@id":"https:\/\/www.inovallee.com\/#website","url":"https:\/\/www.inovallee.com\/","name":"inovall\u00e9e technopole, Home to software & smart technologies","description":"Home to software &amp; smart technologies","publisher":{"@id":"https:\/\/www.inovallee.com\/#organization"},"potentialAction":[{"@type":"SearchAction","target":{"@type":"EntryPoint","urlTemplate":"https:\/\/www.inovallee.com\/?s={search_term_string}"},"query-input":{"@type":"PropertyValueSpecification","valueRequired":true,"valueName":"search_term_string"}}],"inLanguage":"en-GB"},{"@type":"Organization","@id":"https:\/\/www.inovallee.com\/#organization","name":"inovall\u00e9e","url":"https:\/\/www.inovallee.com\/","logo":{"@type":"ImageObject","inLanguage":"en-GB","@id":"https:\/\/www.inovallee.com\/#\/schema\/logo\/image\/","url":"https:\/\/www.inovallee.com\/wp-content\/uploads\/2023\/08\/inovallee_2022_GrenobleAlpes.png","contentUrl":"https:\/\/www.inovallee.com\/wp-content\/uploads\/2023\/08\/inovallee_2022_GrenobleAlpes.png","width":945,"height":369,"caption":"inovall\u00e9e"},"image":{"@id":"https:\/\/www.inovallee.com\/#\/schema\/logo\/image\/"},"sameAs":["https:\/\/www.facebook.com\/technopoleinovallee\/","https:\/\/x.com\/inovallee","https:\/\/www.linkedin.com\/company\/inovall-e\/","https:\/\/www.youtube.com\/user\/inovallee?reload=9"]},{"@type":"Person","@id":"https:\/\/www.inovallee.com\/#\/schema\/person\/a45b15518aad3111b2d61d257a3e023b","name":"Inovallee"}]}},"_links":{"self":[{"href":"http:\/\/www.inovallee.com\/en\/wp-json\/wp\/v2\/posts\/28412","targetHints":{"allow":["GET"]}}],"collection":[{"href":"http:\/\/www.inovallee.com\/en\/wp-json\/wp\/v2\/posts"}],"about":[{"href":"http:\/\/www.inovallee.com\/en\/wp-json\/wp\/v2\/types\/post"}],"author":[{"embeddable":true,"href":"http:\/\/www.inovallee.com\/en\/wp-json\/wp\/v2\/users\/6"}],"replies":[{"embeddable":true,"href":"http:\/\/www.inovallee.com\/en\/wp-json\/wp\/v2\/comments?post=28412"}],"version-history":[{"count":0,"href":"http:\/\/www.inovallee.com\/en\/wp-json\/wp\/v2\/posts\/28412\/revisions"}],"wp:attachment":[{"href":"http:\/\/www.inovallee.com\/en\/wp-json\/wp\/v2\/media?parent=28412"}],"wp:term":[{"taxonomy":"category","embeddable":true,"href":"http:\/\/www.inovallee.com\/en\/wp-json\/wp\/v2\/categories?post=28412"},{"taxonomy":"post_tag","embeddable":true,"href":"http:\/\/www.inovallee.com\/en\/wp-json\/wp\/v2\/tags?post=28412"}],"curies":[{"name":"wp","href":"https:\/\/api.w.org\/{rel}","templated":true}]}}