{"id":28563,"date":"2014-02-04T16:01:00","date_gmt":"2014-02-04T15:01:00","guid":{"rendered":"https:\/\/www.inovallee.com\/linauguration-des-nouveaux-locaux-dinovallee\/"},"modified":"2014-02-04T16:01:00","modified_gmt":"2014-02-04T15:01:00","slug":"linauguration-des-nouveaux-locaux-dinovallee","status":"publish","type":"post","link":"http:\/\/www.inovallee.com\/en\/linauguration-des-nouveaux-locaux-dinovallee\/","title":{"rendered":"L&#039;inauguration des nouveaux locaux d&#039;inovall\u00e9e"},"content":{"rendered":"<div dir=\"ltr\" style=\"text-align: left;\"><a href=\"http:\/\/1.bp.blogspot.com\/-Tva4Tp8FzgA\/UvD-JCdyY9I\/AAAAAAAAKDY\/qM6QyelYwnQ\/s1600\/IMG_1454.JPG\" style=\"clear: left; float: left; margin-bottom: 1em; margin-right: 1em;\"><img decoding=\"async\" border=\"0\" src=\"http:\/\/1.bp.blogspot.com\/-Tva4Tp8FzgA\/UvD-JCdyY9I\/AAAAAAAAKDY\/qM6QyelYwnQ\/s1600\/IMG_1454.JPG\" height=\"133\" width=\"200\" \/><\/a><span style=\"font-size: x-small;\"><span style=\"font-family: Verdana,sans-serif;\">Plus de 200 personnes issues de l&rsquo;\u00e9cosyst\u00e8me grenoblois ont assist\u00e9 ce lundi \u00e0 l&rsquo;inauguration des nouveaux locaux d&rsquo;inovall\u00e9e 29 chemin du Vieux Ch\u00eane ainsi qu&rsquo;\u00e0 la signature du partenariat entre inovall\u00e9e et la banque populaire.<\/span><\/span><br \/><span style=\"font-size: x-small;\"><span style=\"font-family: Verdana,sans-serif;\"><br \/><\/span><\/span><span style=\"font-size: x-small;\"><span style=\"font-family: Verdana,sans-serif;\">Dans son discours, le pr\u00e9sident, Christophe Mathevet, a soulign\u00e9 l&rsquo;excellent bilan de conjoncture d&rsquo;inovall\u00e9e avec plus de 1500 emplois suppl\u00e9mentaires cr\u00e9\u00e9s en 3 ans par les entreprises, les nouvelles perspectives et notamment celles li\u00e9es \u00e0 ces nouveaux locaux puisqu&rsquo;un espace de coworking est d\u00e9sormais disponible et bien \u00e9videmment la p\u00e9pini\u00e8re (Le Tarmac) dont l&rsquo;excellent taux de remplissage (100% d&rsquo;ici fin f\u00e9vrier) d\u00e9montre non seulement le besoin mais aussi la qualit\u00e9 de l&rsquo;offre propos\u00e9e.<\/span><\/span><br \/><span style=\"font-size: x-small;\"><span style=\"font-family: Verdana,sans-serif;\">Christophe Mathevet a \u00e9galement rappel\u00e9 le r\u00f4le strat\u00e9gique d&rsquo;inovall\u00e9e pr\u00e9sente dans de nombreux r\u00e9seaux (Cr\u00e9afil, Minalogic, SATT, &#8230;), les partenariats tiss\u00e9s avec les \u00e9coles (Grenoble INP, GEM, l&rsquo;IAE prochainement), les projets en cours comme l&rsquo;implantation du LAAS sur le Tarmac ou la candidature grenobloise \u00e0 French Tech.<\/span><\/span><br \/><span style=\"font-size: x-small;\"><span style=\"font-family: Verdana,sans-serif;\">Enfin, il a remerci\u00e9 la Banque populaire des Alpes repr\u00e9sent\u00e9e par son directeur g\u00e9n\u00e9ral, Pascal Marchetti, qui soutient financi\u00e8rement inovall\u00e9e depuis plusieurs ann\u00e9es en v\u00e9ritable partenaire de confiance et qui a permis de finaliser le<\/span><\/span><span style=\"font-family: &quot;Calibri&quot;,&quot;sans-serif&quot;; font-size: 12.0pt; line-height: 107%; mso-ansi-language: FR; mso-ascii-theme-font: minor-latin; mso-bidi-font-family: &quot;Times New Roman&quot;; mso-bidi-language: AR-SA; mso-bidi-theme-font: minor-bidi; mso-fareast-font-family: Calibri; mso-fareast-language: EN-US; mso-fareast-theme-font: minor-latin; mso-hansi-theme-font: minor-latin;\"><span style=\"font-size: x-small;\"><span style=\"font-family: Verdana,sans-serif;\"> projet portant sur les am\u00e9nagements des espaces communs d&rsquo;inovall\u00e9e et du Tarmac.<\/span><\/span><\/span><\/p>\n<p><span style=\"font-family: &quot;Calibri&quot;,&quot;sans-serif&quot;; font-size: 12.0pt; line-height: 107%; mso-ansi-language: FR; mso-ascii-theme-font: minor-latin; mso-bidi-font-family: &quot;Times New Roman&quot;; mso-bidi-language: AR-SA; mso-bidi-theme-font: minor-bidi; mso-fareast-font-family: Calibri; mso-fareast-language: EN-US; mso-fareast-theme-font: minor-latin; mso-hansi-theme-font: minor-latin;\"><span style=\"font-size: x-small;\"><span style=\"font-family: Verdana,sans-serif;\"><a href=\"https:\/\/www.inovallee.com\/en\/pdf\/blog\/Discours_inauguration_locaux_2014.pdf\/\" target=\"_blank\" rel=\"noopener noreferrer\">Le discours de Christophe Mathevet <\/a><\/span><\/span><\/span><\/p>\n<div style=\"clear: both; text-align: center;\"><a href=\"http:\/\/1.bp.blogspot.com\/-SNWoylqzOtU\/UvD95jibG_I\/AAAAAAAAKDM\/zRg8kgXXJBk\/s1600\/IMG_1422.JPG\" style=\"margin-left: 1em; margin-right: 1em;\"><img fetchpriority=\"high\" decoding=\"async\" border=\"0\" src=\"http:\/\/1.bp.blogspot.com\/-SNWoylqzOtU\/UvD95jibG_I\/AAAAAAAAKDM\/zRg8kgXXJBk\/s1600\/IMG_1422.JPG\" height=\"213\" width=\"320\" \/><\/a><\/div>\n<p><\/p>\n<div style=\"clear: both; text-align: center;\"><a href=\"http:\/\/4.bp.blogspot.com\/-lPOnpP7Fkmk\/UvD-IM4b-VI\/AAAAAAAAKDU\/KcH7BqQtxyE\/s1600\/IMG_1447.JPG\" style=\"margin-left: 1em; margin-right: 1em;\"><img decoding=\"async\" border=\"0\" src=\"http:\/\/4.bp.blogspot.com\/-lPOnpP7Fkmk\/UvD-IM4b-VI\/AAAAAAAAKDU\/KcH7BqQtxyE\/s1600\/IMG_1447.JPG\" height=\"213\" width=\"320\" \/><\/a><\/div>\n<div style=\"clear: both; text-align: center;\"><a href=\"http:\/\/1.bp.blogspot.com\/-HCyL9KxSOL0\/UvD-TIrWi-I\/AAAAAAAAKDk\/NQ1P00Cywpo\/s1600\/IMG_1462.JPG\" style=\"margin-left: 1em; margin-right: 1em;\"><img loading=\"lazy\" decoding=\"async\" border=\"0\" src=\"http:\/\/1.bp.blogspot.com\/-HCyL9KxSOL0\/UvD-TIrWi-I\/AAAAAAAAKDk\/NQ1P00Cywpo\/s1600\/IMG_1462.JPG\" height=\"213\" width=\"320\" \/><\/a><\/div>\n<p><\/p>\n<div style=\"clear: both; text-align: center;\"><a href=\"http:\/\/4.bp.blogspot.com\/-kwkU7n-DGuQ\/UvD-fNU3ujI\/AAAAAAAAKDs\/7eV3TZj6-BE\/s1600\/IMG_1474.JPG\" style=\"margin-left: 1em; margin-right: 1em;\"><img loading=\"lazy\" decoding=\"async\" border=\"0\" src=\"http:\/\/4.bp.blogspot.com\/-kwkU7n-DGuQ\/UvD-fNU3ujI\/AAAAAAAAKDs\/7eV3TZj6-BE\/s1600\/IMG_1474.JPG\" height=\"213\" width=\"320\" \/><\/a><\/div>\n<p><\/p>\n<div style=\"clear: both; text-align: center;\"><a href=\"http:\/\/1.bp.blogspot.com\/--bBzRJFV_fc\/UvD-nDDVp9I\/AAAAAAAAKD0\/HPwN2VXuW3c\/s1600\/IMG_1476.JPG\" style=\"margin-left: 1em; margin-right: 1em;\"><img loading=\"lazy\" decoding=\"async\" border=\"0\" src=\"http:\/\/1.bp.blogspot.com\/--bBzRJFV_fc\/UvD-nDDVp9I\/AAAAAAAAKD0\/HPwN2VXuW3c\/s1600\/IMG_1476.JPG\" height=\"213\" width=\"320\" \/><\/a><\/div>\n<\/div>","protected":false},"excerpt":{"rendered":"<p>Plus de 200 personnes issues de l&rsquo;\u00e9cosyst\u00e8me grenoblois ont assist\u00e9 ce lundi \u00e0 l&rsquo;inauguration des nouveaux locaux d&rsquo;inovall\u00e9e 29 chemin du Vieux Ch\u00eane ainsi qu&rsquo;\u00e0 la signature du partenariat entre inovall\u00e9e et la banque populaire.Dans son discours, le pr\u00e9sident, Christophe Mathevet, a soulign\u00e9 l&rsquo;excellent bilan de conjoncture d&rsquo;inovall\u00e9e avec plus de 1500 emplois suppl\u00e9mentaires cr\u00e9\u00e9s [&hellip;]<\/p>\n","protected":false},"author":6,"featured_media":0,"comment_status":"closed","ping_status":"open","sticky":false,"template":"","format":"standard","meta":{"footnotes":""},"categories":[30,29],"tags":[],"class_list":["post-28563","post","type-post","status-publish","format-standard","hentry","category-revue-de-presse","category-evenements"],"yoast_head":"<!-- This site is optimized with the Yoast SEO plugin v27.4 - https:\/\/yoast.com\/product\/yoast-seo-wordpress\/ -->\n<title>L&#039;inauguration des nouveaux locaux d&#039;inovall\u00e9e - inovall\u00e9e<\/title>\n<meta name=\"robots\" content=\"index, follow, max-snippet:-1, max-image-preview:large, max-video-preview:-1\" \/>\n<link rel=\"canonical\" href=\"https:\/\/www.inovallee.com\/en\/linauguration-des-nouveaux-locaux-dinovallee\/\" \/>\n<meta property=\"og:locale\" content=\"en_GB\" \/>\n<meta property=\"og:type\" content=\"article\" \/>\n<meta property=\"og:title\" content=\"L&#039;inauguration des nouveaux locaux d&#039;inovall\u00e9e - inovall\u00e9e\" \/>\n<meta property=\"og:description\" content=\"Plus de 200 personnes issues de l&rsquo;\u00e9cosyst\u00e8me grenoblois ont assist\u00e9 ce lundi \u00e0 l&rsquo;inauguration des nouveaux locaux d&rsquo;inovall\u00e9e 29 chemin du Vieux Ch\u00eane ainsi qu&rsquo;\u00e0 la signature du partenariat entre inovall\u00e9e et la banque populaire.Dans son discours, le pr\u00e9sident, Christophe Mathevet, a soulign\u00e9 l&rsquo;excellent bilan de conjoncture d&rsquo;inovall\u00e9e avec plus de 1500 emplois suppl\u00e9mentaires cr\u00e9\u00e9s [&hellip;]\" \/>\n<meta property=\"og:url\" content=\"https:\/\/www.inovallee.com\/en\/linauguration-des-nouveaux-locaux-dinovallee\/\" \/>\n<meta property=\"og:site_name\" content=\"inovall\u00e9e\" \/>\n<meta property=\"article:publisher\" content=\"https:\/\/www.facebook.com\/technopoleinovallee\/\" \/>\n<meta property=\"article:published_time\" content=\"2014-02-04T15:01:00+00:00\" \/>\n<meta property=\"og:image\" content=\"http:\/\/1.bp.blogspot.com\/-Tva4Tp8FzgA\/UvD-JCdyY9I\/AAAAAAAAKDY\/qM6QyelYwnQ\/s1600\/IMG_1454.JPG\" \/>\n<meta name=\"author\" content=\"Inovallee\" \/>\n<meta name=\"twitter:card\" content=\"summary_large_image\" \/>\n<meta name=\"twitter:creator\" content=\"@inovallee\" \/>\n<meta name=\"twitter:site\" content=\"@inovallee\" \/>\n<meta name=\"twitter:label1\" content=\"Written by\" \/>\n\t<meta name=\"twitter:data1\" content=\"Inovallee\" \/>\n\t<meta name=\"twitter:label2\" content=\"Estimated reading time\" \/>\n\t<meta name=\"twitter:data2\" content=\"1 minute\" \/>\n<script type=\"application\/ld+json\" class=\"yoast-schema-graph\">{\"@context\":\"https:\\\/\\\/schema.org\",\"@graph\":[{\"@type\":\"Article\",\"@id\":\"https:\\\/\\\/www.inovallee.com\\\/linauguration-des-nouveaux-locaux-dinovallee\\\/#article\",\"isPartOf\":{\"@id\":\"https:\\\/\\\/www.inovallee.com\\\/linauguration-des-nouveaux-locaux-dinovallee\\\/\"},\"author\":{\"name\":\"Inovallee\",\"@id\":\"https:\\\/\\\/www.inovallee.com\\\/#\\\/schema\\\/person\\\/a45b15518aad3111b2d61d257a3e023b\"},\"headline\":\"L&#039;inauguration des nouveaux locaux d&#039;inovall\u00e9e\",\"datePublished\":\"2014-02-04T15:01:00+00:00\",\"mainEntityOfPage\":{\"@id\":\"https:\\\/\\\/www.inovallee.com\\\/linauguration-des-nouveaux-locaux-dinovallee\\\/\"},\"wordCount\":251,\"publisher\":{\"@id\":\"https:\\\/\\\/www.inovallee.com\\\/#organization\"},\"image\":{\"@id\":\"https:\\\/\\\/www.inovallee.com\\\/linauguration-des-nouveaux-locaux-dinovallee\\\/#primaryimage\"},\"thumbnailUrl\":\"http:\\\/\\\/1.bp.blogspot.com\\\/-Tva4Tp8FzgA\\\/UvD-JCdyY9I\\\/AAAAAAAAKDY\\\/qM6QyelYwnQ\\\/s1600\\\/IMG_1454.JPG\",\"articleSection\":[\"Revue de presse\",\"Technopole inovall\u00e9e\"],\"inLanguage\":\"en-GB\"},{\"@type\":\"WebPage\",\"@id\":\"https:\\\/\\\/www.inovallee.com\\\/linauguration-des-nouveaux-locaux-dinovallee\\\/\",\"url\":\"https:\\\/\\\/www.inovallee.com\\\/linauguration-des-nouveaux-locaux-dinovallee\\\/\",\"name\":\"L&#039;inauguration des nouveaux locaux d&#039;inovall\u00e9e - inovall\u00e9e\",\"isPartOf\":{\"@id\":\"https:\\\/\\\/www.inovallee.com\\\/#website\"},\"primaryImageOfPage\":{\"@id\":\"https:\\\/\\\/www.inovallee.com\\\/linauguration-des-nouveaux-locaux-dinovallee\\\/#primaryimage\"},\"image\":{\"@id\":\"https:\\\/\\\/www.inovallee.com\\\/linauguration-des-nouveaux-locaux-dinovallee\\\/#primaryimage\"},\"thumbnailUrl\":\"http:\\\/\\\/1.bp.blogspot.com\\\/-Tva4Tp8FzgA\\\/UvD-JCdyY9I\\\/AAAAAAAAKDY\\\/qM6QyelYwnQ\\\/s1600\\\/IMG_1454.JPG\",\"datePublished\":\"2014-02-04T15:01:00+00:00\",\"breadcrumb\":{\"@id\":\"https:\\\/\\\/www.inovallee.com\\\/linauguration-des-nouveaux-locaux-dinovallee\\\/#breadcrumb\"},\"inLanguage\":\"en-GB\",\"potentialAction\":[{\"@type\":\"ReadAction\",\"target\":[\"https:\\\/\\\/www.inovallee.com\\\/linauguration-des-nouveaux-locaux-dinovallee\\\/\"]}]},{\"@type\":\"ImageObject\",\"inLanguage\":\"en-GB\",\"@id\":\"https:\\\/\\\/www.inovallee.com\\\/linauguration-des-nouveaux-locaux-dinovallee\\\/#primaryimage\",\"url\":\"http:\\\/\\\/1.bp.blogspot.com\\\/-Tva4Tp8FzgA\\\/UvD-JCdyY9I\\\/AAAAAAAAKDY\\\/qM6QyelYwnQ\\\/s1600\\\/IMG_1454.JPG\",\"contentUrl\":\"http:\\\/\\\/1.bp.blogspot.com\\\/-Tva4Tp8FzgA\\\/UvD-JCdyY9I\\\/AAAAAAAAKDY\\\/qM6QyelYwnQ\\\/s1600\\\/IMG_1454.JPG\"},{\"@type\":\"BreadcrumbList\",\"@id\":\"https:\\\/\\\/www.inovallee.com\\\/linauguration-des-nouveaux-locaux-dinovallee\\\/#breadcrumb\",\"itemListElement\":[{\"@type\":\"ListItem\",\"position\":1,\"name\":\"Accueil\",\"item\":\"https:\\\/\\\/www.inovallee.com\\\/\"},{\"@type\":\"ListItem\",\"position\":2,\"name\":\"L&#039;inauguration des nouveaux locaux d&#039;inovall\u00e9e\"}]},{\"@type\":\"WebSite\",\"@id\":\"https:\\\/\\\/www.inovallee.com\\\/#website\",\"url\":\"https:\\\/\\\/www.inovallee.com\\\/\",\"name\":\"inovall\u00e9e technopole, Home to software & smart technologies\",\"description\":\"Home to software &amp; smart technologies\",\"publisher\":{\"@id\":\"https:\\\/\\\/www.inovallee.com\\\/#organization\"},\"potentialAction\":[{\"@type\":\"SearchAction\",\"target\":{\"@type\":\"EntryPoint\",\"urlTemplate\":\"https:\\\/\\\/www.inovallee.com\\\/?s={search_term_string}\"},\"query-input\":{\"@type\":\"PropertyValueSpecification\",\"valueRequired\":true,\"valueName\":\"search_term_string\"}}],\"inLanguage\":\"en-GB\"},{\"@type\":\"Organization\",\"@id\":\"https:\\\/\\\/www.inovallee.com\\\/#organization\",\"name\":\"inovall\u00e9e\",\"url\":\"https:\\\/\\\/www.inovallee.com\\\/\",\"logo\":{\"@type\":\"ImageObject\",\"inLanguage\":\"en-GB\",\"@id\":\"https:\\\/\\\/www.inovallee.com\\\/#\\\/schema\\\/logo\\\/image\\\/\",\"url\":\"https:\\\/\\\/www.inovallee.com\\\/wp-content\\\/uploads\\\/2023\\\/08\\\/inovallee_2022_GrenobleAlpes.png\",\"contentUrl\":\"https:\\\/\\\/www.inovallee.com\\\/wp-content\\\/uploads\\\/2023\\\/08\\\/inovallee_2022_GrenobleAlpes.png\",\"width\":945,\"height\":369,\"caption\":\"inovall\u00e9e\"},\"image\":{\"@id\":\"https:\\\/\\\/www.inovallee.com\\\/#\\\/schema\\\/logo\\\/image\\\/\"},\"sameAs\":[\"https:\\\/\\\/www.facebook.com\\\/technopoleinovallee\\\/\",\"https:\\\/\\\/x.com\\\/inovallee\",\"https:\\\/\\\/www.linkedin.com\\\/company\\\/inovall-e\\\/\",\"https:\\\/\\\/www.youtube.com\\\/user\\\/inovallee?reload=9\"]},{\"@type\":\"Person\",\"@id\":\"https:\\\/\\\/www.inovallee.com\\\/#\\\/schema\\\/person\\\/a45b15518aad3111b2d61d257a3e023b\",\"name\":\"Inovallee\"}]}<\/script>\n<!-- \/ Yoast SEO plugin. -->","yoast_head_json":{"title":"L&#039;inauguration des nouveaux locaux d&#039;inovall\u00e9e - inovall\u00e9e","robots":{"index":"index","follow":"follow","max-snippet":"max-snippet:-1","max-image-preview":"max-image-preview:large","max-video-preview":"max-video-preview:-1"},"canonical":"https:\/\/www.inovallee.com\/en\/linauguration-des-nouveaux-locaux-dinovallee\/","og_locale":"en_GB","og_type":"article","og_title":"L&#039;inauguration des nouveaux locaux d&#039;inovall\u00e9e - inovall\u00e9e","og_description":"Plus de 200 personnes issues de l&rsquo;\u00e9cosyst\u00e8me grenoblois ont assist\u00e9 ce lundi \u00e0 l&rsquo;inauguration des nouveaux locaux d&rsquo;inovall\u00e9e 29 chemin du Vieux Ch\u00eane ainsi qu&rsquo;\u00e0 la signature du partenariat entre inovall\u00e9e et la banque populaire.Dans son discours, le pr\u00e9sident, Christophe Mathevet, a soulign\u00e9 l&rsquo;excellent bilan de conjoncture d&rsquo;inovall\u00e9e avec plus de 1500 emplois suppl\u00e9mentaires cr\u00e9\u00e9s [&hellip;]","og_url":"https:\/\/www.inovallee.com\/en\/linauguration-des-nouveaux-locaux-dinovallee\/","og_site_name":"inovall\u00e9e","article_publisher":"https:\/\/www.facebook.com\/technopoleinovallee\/","article_published_time":"2014-02-04T15:01:00+00:00","og_image":[{"url":"http:\/\/1.bp.blogspot.com\/-Tva4Tp8FzgA\/UvD-JCdyY9I\/AAAAAAAAKDY\/qM6QyelYwnQ\/s1600\/IMG_1454.JPG","type":"","width":"","height":""}],"author":"Inovallee","twitter_card":"summary_large_image","twitter_creator":"@inovallee","twitter_site":"@inovallee","twitter_misc":{"Written by":"Inovallee","Estimated reading time":"1 minute"},"schema":{"@context":"https:\/\/schema.org","@graph":[{"@type":"Article","@id":"https:\/\/www.inovallee.com\/linauguration-des-nouveaux-locaux-dinovallee\/#article","isPartOf":{"@id":"https:\/\/www.inovallee.com\/linauguration-des-nouveaux-locaux-dinovallee\/"},"author":{"name":"Inovallee","@id":"https:\/\/www.inovallee.com\/#\/schema\/person\/a45b15518aad3111b2d61d257a3e023b"},"headline":"L&#039;inauguration des nouveaux locaux d&#039;inovall\u00e9e","datePublished":"2014-02-04T15:01:00+00:00","mainEntityOfPage":{"@id":"https:\/\/www.inovallee.com\/linauguration-des-nouveaux-locaux-dinovallee\/"},"wordCount":251,"publisher":{"@id":"https:\/\/www.inovallee.com\/#organization"},"image":{"@id":"https:\/\/www.inovallee.com\/linauguration-des-nouveaux-locaux-dinovallee\/#primaryimage"},"thumbnailUrl":"http:\/\/1.bp.blogspot.com\/-Tva4Tp8FzgA\/UvD-JCdyY9I\/AAAAAAAAKDY\/qM6QyelYwnQ\/s1600\/IMG_1454.JPG","articleSection":["Revue de presse","Technopole inovall\u00e9e"],"inLanguage":"en-GB"},{"@type":"WebPage","@id":"https:\/\/www.inovallee.com\/linauguration-des-nouveaux-locaux-dinovallee\/","url":"https:\/\/www.inovallee.com\/linauguration-des-nouveaux-locaux-dinovallee\/","name":"L&#039;inauguration des nouveaux locaux d&#039;inovall\u00e9e - inovall\u00e9e","isPartOf":{"@id":"https:\/\/www.inovallee.com\/#website"},"primaryImageOfPage":{"@id":"https:\/\/www.inovallee.com\/linauguration-des-nouveaux-locaux-dinovallee\/#primaryimage"},"image":{"@id":"https:\/\/www.inovallee.com\/linauguration-des-nouveaux-locaux-dinovallee\/#primaryimage"},"thumbnailUrl":"http:\/\/1.bp.blogspot.com\/-Tva4Tp8FzgA\/UvD-JCdyY9I\/AAAAAAAAKDY\/qM6QyelYwnQ\/s1600\/IMG_1454.JPG","datePublished":"2014-02-04T15:01:00+00:00","breadcrumb":{"@id":"https:\/\/www.inovallee.com\/linauguration-des-nouveaux-locaux-dinovallee\/#breadcrumb"},"inLanguage":"en-GB","potentialAction":[{"@type":"ReadAction","target":["https:\/\/www.inovallee.com\/linauguration-des-nouveaux-locaux-dinovallee\/"]}]},{"@type":"ImageObject","inLanguage":"en-GB","@id":"https:\/\/www.inovallee.com\/linauguration-des-nouveaux-locaux-dinovallee\/#primaryimage","url":"http:\/\/1.bp.blogspot.com\/-Tva4Tp8FzgA\/UvD-JCdyY9I\/AAAAAAAAKDY\/qM6QyelYwnQ\/s1600\/IMG_1454.JPG","contentUrl":"http:\/\/1.bp.blogspot.com\/-Tva4Tp8FzgA\/UvD-JCdyY9I\/AAAAAAAAKDY\/qM6QyelYwnQ\/s1600\/IMG_1454.JPG"},{"@type":"BreadcrumbList","@id":"https:\/\/www.inovallee.com\/linauguration-des-nouveaux-locaux-dinovallee\/#breadcrumb","itemListElement":[{"@type":"ListItem","position":1,"name":"Accueil","item":"https:\/\/www.inovallee.com\/"},{"@type":"ListItem","position":2,"name":"L&#039;inauguration des nouveaux locaux d&#039;inovall\u00e9e"}]},{"@type":"WebSite","@id":"https:\/\/www.inovallee.com\/#website","url":"https:\/\/www.inovallee.com\/","name":"inovall\u00e9e technopole, Home to software & smart technologies","description":"Home to software &amp; smart technologies","publisher":{"@id":"https:\/\/www.inovallee.com\/#organization"},"potentialAction":[{"@type":"SearchAction","target":{"@type":"EntryPoint","urlTemplate":"https:\/\/www.inovallee.com\/?s={search_term_string}"},"query-input":{"@type":"PropertyValueSpecification","valueRequired":true,"valueName":"search_term_string"}}],"inLanguage":"en-GB"},{"@type":"Organization","@id":"https:\/\/www.inovallee.com\/#organization","name":"inovall\u00e9e","url":"https:\/\/www.inovallee.com\/","logo":{"@type":"ImageObject","inLanguage":"en-GB","@id":"https:\/\/www.inovallee.com\/#\/schema\/logo\/image\/","url":"https:\/\/www.inovallee.com\/wp-content\/uploads\/2023\/08\/inovallee_2022_GrenobleAlpes.png","contentUrl":"https:\/\/www.inovallee.com\/wp-content\/uploads\/2023\/08\/inovallee_2022_GrenobleAlpes.png","width":945,"height":369,"caption":"inovall\u00e9e"},"image":{"@id":"https:\/\/www.inovallee.com\/#\/schema\/logo\/image\/"},"sameAs":["https:\/\/www.facebook.com\/technopoleinovallee\/","https:\/\/x.com\/inovallee","https:\/\/www.linkedin.com\/company\/inovall-e\/","https:\/\/www.youtube.com\/user\/inovallee?reload=9"]},{"@type":"Person","@id":"https:\/\/www.inovallee.com\/#\/schema\/person\/a45b15518aad3111b2d61d257a3e023b","name":"Inovallee"}]}},"_links":{"self":[{"href":"http:\/\/www.inovallee.com\/en\/wp-json\/wp\/v2\/posts\/28563","targetHints":{"allow":["GET"]}}],"collection":[{"href":"http:\/\/www.inovallee.com\/en\/wp-json\/wp\/v2\/posts"}],"about":[{"href":"http:\/\/www.inovallee.com\/en\/wp-json\/wp\/v2\/types\/post"}],"author":[{"embeddable":true,"href":"http:\/\/www.inovallee.com\/en\/wp-json\/wp\/v2\/users\/6"}],"replies":[{"embeddable":true,"href":"http:\/\/www.inovallee.com\/en\/wp-json\/wp\/v2\/comments?post=28563"}],"version-history":[{"count":0,"href":"http:\/\/www.inovallee.com\/en\/wp-json\/wp\/v2\/posts\/28563\/revisions"}],"wp:attachment":[{"href":"http:\/\/www.inovallee.com\/en\/wp-json\/wp\/v2\/media?parent=28563"}],"wp:term":[{"taxonomy":"category","embeddable":true,"href":"http:\/\/www.inovallee.com\/en\/wp-json\/wp\/v2\/categories?post=28563"},{"taxonomy":"post_tag","embeddable":true,"href":"http:\/\/www.inovallee.com\/en\/wp-json\/wp\/v2\/tags?post=28563"}],"curies":[{"name":"wp","href":"https:\/\/api.w.org\/{rel}","templated":true}]}}