{"id":28718,"date":"2015-02-24T13:44:00","date_gmt":"2015-02-24T12:44:00","guid":{"rendered":"https:\/\/www.inovallee.com\/3d-printer-avenue-apporte-son-expertise-en-impression-3d-au-forum-pmi-le-26-mars-prochain\/"},"modified":"2015-02-24T13:44:00","modified_gmt":"2015-02-24T12:44:00","slug":"3d-printer-avenue-apporte-son-expertise-en-impression-3d-au-forum-pmi-le-26-mars-prochain","status":"publish","type":"post","link":"https:\/\/www.inovallee.com\/en\/3d-printer-avenue-apporte-son-expertise-en-impression-3d-au-forum-pmi-le-26-mars-prochain\/","title":{"rendered":"3D Printer Avenue apporte son expertise en impression 3D au forum PMI le 26 mars prochain"},"content":{"rendered":"<div dir=\"ltr\" style=\"text-align: left;\">\n<div dir=\"ltr\" style=\"text-align: left;\">\n<div style=\"clear: both; text-align: center;\"><a href=\"http:\/\/4.bp.blogspot.com\/-sjVgtfSrI5Y\/Uo9HV4YJpII\/AAAAAAAAJ30\/fjCDn6NP7ds\/s1600\/Steeve1%2B(NXPowerLite).jpg\" style=\"clear: left; float: left; margin-bottom: 1em; margin-right: 1em;\"><img fetchpriority=\"high\" decoding=\"async\" border=\"0\" src=\"http:\/\/4.bp.blogspot.com\/-sjVgtfSrI5Y\/Uo9HV4YJpII\/AAAAAAAAJ30\/fjCDn6NP7ds\/s1600\/Steeve1%2B%28NXPowerLite%29.jpg\" height=\"213\" width=\"320\" \/><\/a><\/div>\n<p><span style=\"font-family: Verdana,sans-serif;\">Steeve Becker, fondateur de 3D Printer Avenue, fait partie des conf\u00e9renciers qui animeront le <a href=\"http:\/\/pmi-france.org\/forum-accueil\" target=\"_blank\" rel=\"noopener noreferrer\">forum PMI<\/a>, o\u00f9 il apportera son regard d&rsquo;expert en mati\u00e8re d&rsquo;impression 3D. Le monde change : les \u00e9cosyst\u00e8mes \u00e9voluent, les technologies de l\u2019information et de la communication progressent tr\u00e8s rapidement, les individus ont de nouvelles attentes \u2026&nbsp;<\/span><br \/><span style=\"font-family: Verdana,sans-serif;\">Dans cet environnement, grandes et petites entreprises doivent se r\u00e9inventer, \u00eatre en permanence \u00e0 la pointe de l\u2019innovation, y compris dans leur mode de management.  L\u2019objectif de ces journ\u00e9es Forum PMI 2015 est de partager des exp\u00e9riences, des r\u00e9flexions et des pistes de r\u00e9ponses sur l\u2019innovation dans le Management de Projet \u00e0 partir du mercredi 25 mars apr\u00e8s-midi jusqu&rsquo;au jeudi 26 mars.&nbsp;<\/span><br \/><span style=\"font-family: Verdana,sans-serif;\">3D Printer Avenue apportera aux entreprises pr\u00e9sentes un pr\u00e9cieux r\u00f4le de conseil \/ accompagnement sur la place pr\u00e9sente&nbsp; et \u00e0 venir de l&rsquo;impression 3D dans la dynamique innovation.&nbsp;<\/span><br \/><span style=\"font-family: Verdana,sans-serif;\">Et pour en savoir plus, une petite vid\u00e9o de pr\u00e9sentation avec notre start-uper :&nbsp;<\/span><\/div>\n<p><span style=\"font-family: Verdana,sans-serif;\"><br \/><\/span><iframe allowfullscreen=\"\" frameborder=\"0\" height=\"315\" src=\"https:\/\/www.youtube.com\/embed\/cLQXdpCA2Dw\" width=\"560\"><\/iframe><\/div>","protected":false},"excerpt":{"rendered":"<p>Steeve Becker, fondateur de 3D Printer Avenue, fait partie des conf\u00e9renciers qui animeront le forum PMI, o\u00f9 il apportera son regard d&rsquo;expert en mati\u00e8re d&rsquo;impression 3D. Le monde change : les \u00e9cosyst\u00e8mes \u00e9voluent, les technologies de l\u2019information et de la communication progressent tr\u00e8s rapidement, les individus ont de nouvelles attentes \u2026&nbsp;Dans cet environnement, grandes et [&hellip;]<\/p>\n","protected":false},"author":6,"featured_media":0,"comment_status":"closed","ping_status":"open","sticky":false,"template":"","format":"standard","meta":{"footnotes":""},"categories":[45],"tags":[],"class_list":["post-28718","post","type-post","status-publish","format-standard","hentry","category-startup-tarmac"],"yoast_head":"<!-- This site is optimized with the Yoast SEO plugin v27.4 - https:\/\/yoast.com\/product\/yoast-seo-wordpress\/ -->\n<title>3D Printer Avenue apporte son expertise en impression 3D au forum PMI le 26 mars prochain - inovall\u00e9e<\/title>\n<meta name=\"robots\" content=\"index, follow, max-snippet:-1, max-image-preview:large, max-video-preview:-1\" \/>\n<link rel=\"canonical\" href=\"https:\/\/www.inovallee.com\/en\/3d-printer-avenue-apporte-son-expertise-en-impression-3d-au-forum-pmi-le-26-mars-prochain\/\" \/>\n<meta property=\"og:locale\" content=\"en_GB\" \/>\n<meta property=\"og:type\" content=\"article\" \/>\n<meta property=\"og:title\" content=\"3D Printer Avenue apporte son expertise en impression 3D au forum PMI le 26 mars prochain - inovall\u00e9e\" \/>\n<meta property=\"og:description\" content=\"Steeve Becker, fondateur de 3D Printer Avenue, fait partie des conf\u00e9renciers qui animeront le forum PMI, o\u00f9 il apportera son regard d&rsquo;expert en mati\u00e8re d&rsquo;impression 3D. Le monde change : les \u00e9cosyst\u00e8mes \u00e9voluent, les technologies de l\u2019information et de la communication progressent tr\u00e8s rapidement, les individus ont de nouvelles attentes \u2026&nbsp;Dans cet environnement, grandes et [&hellip;]\" \/>\n<meta property=\"og:url\" content=\"https:\/\/www.inovallee.com\/en\/3d-printer-avenue-apporte-son-expertise-en-impression-3d-au-forum-pmi-le-26-mars-prochain\/\" \/>\n<meta property=\"og:site_name\" content=\"inovall\u00e9e\" \/>\n<meta property=\"article:publisher\" content=\"https:\/\/www.facebook.com\/technopoleinovallee\/\" \/>\n<meta property=\"article:published_time\" content=\"2015-02-24T12:44:00+00:00\" \/>\n<meta property=\"og:image\" content=\"http:\/\/4.bp.blogspot.com\/-sjVgtfSrI5Y\/Uo9HV4YJpII\/AAAAAAAAJ30\/fjCDn6NP7ds\/s1600\/Steeve1%2B%28NXPowerLite%29.jpg\" \/>\n<meta name=\"author\" content=\"Inovallee\" \/>\n<meta name=\"twitter:card\" content=\"summary_large_image\" \/>\n<meta name=\"twitter:creator\" content=\"@inovallee\" \/>\n<meta name=\"twitter:site\" content=\"@inovallee\" \/>\n<meta name=\"twitter:label1\" content=\"Written by\" \/>\n\t<meta name=\"twitter:data1\" content=\"Inovallee\" \/>\n\t<meta name=\"twitter:label2\" content=\"Estimated reading time\" \/>\n\t<meta name=\"twitter:data2\" content=\"1 minute\" \/>\n<script type=\"application\/ld+json\" class=\"yoast-schema-graph\">{\"@context\":\"https:\\\/\\\/schema.org\",\"@graph\":[{\"@type\":\"Article\",\"@id\":\"https:\\\/\\\/www.inovallee.com\\\/3d-printer-avenue-apporte-son-expertise-en-impression-3d-au-forum-pmi-le-26-mars-prochain\\\/#article\",\"isPartOf\":{\"@id\":\"https:\\\/\\\/www.inovallee.com\\\/3d-printer-avenue-apporte-son-expertise-en-impression-3d-au-forum-pmi-le-26-mars-prochain\\\/\"},\"author\":{\"name\":\"Inovallee\",\"@id\":\"https:\\\/\\\/www.inovallee.com\\\/#\\\/schema\\\/person\\\/a45b15518aad3111b2d61d257a3e023b\"},\"headline\":\"3D Printer Avenue apporte son expertise en impression 3D au forum PMI le 26 mars prochain\",\"datePublished\":\"2015-02-24T12:44:00+00:00\",\"mainEntityOfPage\":{\"@id\":\"https:\\\/\\\/www.inovallee.com\\\/3d-printer-avenue-apporte-son-expertise-en-impression-3d-au-forum-pmi-le-26-mars-prochain\\\/\"},\"wordCount\":189,\"publisher\":{\"@id\":\"https:\\\/\\\/www.inovallee.com\\\/#organization\"},\"image\":{\"@id\":\"https:\\\/\\\/www.inovallee.com\\\/3d-printer-avenue-apporte-son-expertise-en-impression-3d-au-forum-pmi-le-26-mars-prochain\\\/#primaryimage\"},\"thumbnailUrl\":\"http:\\\/\\\/4.bp.blogspot.com\\\/-sjVgtfSrI5Y\\\/Uo9HV4YJpII\\\/AAAAAAAAJ30\\\/fjCDn6NP7ds\\\/s1600\\\/Steeve1%2B%28NXPowerLite%29.jpg\",\"articleSection\":[\"L'\u00e9cho des startups du Tarmac\"],\"inLanguage\":\"en-GB\"},{\"@type\":\"WebPage\",\"@id\":\"https:\\\/\\\/www.inovallee.com\\\/3d-printer-avenue-apporte-son-expertise-en-impression-3d-au-forum-pmi-le-26-mars-prochain\\\/\",\"url\":\"https:\\\/\\\/www.inovallee.com\\\/3d-printer-avenue-apporte-son-expertise-en-impression-3d-au-forum-pmi-le-26-mars-prochain\\\/\",\"name\":\"3D Printer Avenue apporte son expertise en impression 3D au forum PMI le 26 mars prochain - inovall\u00e9e\",\"isPartOf\":{\"@id\":\"https:\\\/\\\/www.inovallee.com\\\/#website\"},\"primaryImageOfPage\":{\"@id\":\"https:\\\/\\\/www.inovallee.com\\\/3d-printer-avenue-apporte-son-expertise-en-impression-3d-au-forum-pmi-le-26-mars-prochain\\\/#primaryimage\"},\"image\":{\"@id\":\"https:\\\/\\\/www.inovallee.com\\\/3d-printer-avenue-apporte-son-expertise-en-impression-3d-au-forum-pmi-le-26-mars-prochain\\\/#primaryimage\"},\"thumbnailUrl\":\"http:\\\/\\\/4.bp.blogspot.com\\\/-sjVgtfSrI5Y\\\/Uo9HV4YJpII\\\/AAAAAAAAJ30\\\/fjCDn6NP7ds\\\/s1600\\\/Steeve1%2B%28NXPowerLite%29.jpg\",\"datePublished\":\"2015-02-24T12:44:00+00:00\",\"breadcrumb\":{\"@id\":\"https:\\\/\\\/www.inovallee.com\\\/3d-printer-avenue-apporte-son-expertise-en-impression-3d-au-forum-pmi-le-26-mars-prochain\\\/#breadcrumb\"},\"inLanguage\":\"en-GB\",\"potentialAction\":[{\"@type\":\"ReadAction\",\"target\":[\"https:\\\/\\\/www.inovallee.com\\\/3d-printer-avenue-apporte-son-expertise-en-impression-3d-au-forum-pmi-le-26-mars-prochain\\\/\"]}]},{\"@type\":\"ImageObject\",\"inLanguage\":\"en-GB\",\"@id\":\"https:\\\/\\\/www.inovallee.com\\\/3d-printer-avenue-apporte-son-expertise-en-impression-3d-au-forum-pmi-le-26-mars-prochain\\\/#primaryimage\",\"url\":\"http:\\\/\\\/4.bp.blogspot.com\\\/-sjVgtfSrI5Y\\\/Uo9HV4YJpII\\\/AAAAAAAAJ30\\\/fjCDn6NP7ds\\\/s1600\\\/Steeve1%2B%28NXPowerLite%29.jpg\",\"contentUrl\":\"http:\\\/\\\/4.bp.blogspot.com\\\/-sjVgtfSrI5Y\\\/Uo9HV4YJpII\\\/AAAAAAAAJ30\\\/fjCDn6NP7ds\\\/s1600\\\/Steeve1%2B%28NXPowerLite%29.jpg\"},{\"@type\":\"BreadcrumbList\",\"@id\":\"https:\\\/\\\/www.inovallee.com\\\/3d-printer-avenue-apporte-son-expertise-en-impression-3d-au-forum-pmi-le-26-mars-prochain\\\/#breadcrumb\",\"itemListElement\":[{\"@type\":\"ListItem\",\"position\":1,\"name\":\"Accueil\",\"item\":\"https:\\\/\\\/www.inovallee.com\\\/\"},{\"@type\":\"ListItem\",\"position\":2,\"name\":\"3D Printer Avenue apporte son expertise en impression 3D au forum PMI le 26 mars prochain\"}]},{\"@type\":\"WebSite\",\"@id\":\"https:\\\/\\\/www.inovallee.com\\\/#website\",\"url\":\"https:\\\/\\\/www.inovallee.com\\\/\",\"name\":\"inovall\u00e9e technopole, Home to software & smart technologies\",\"description\":\"Home to software &amp; smart technologies\",\"publisher\":{\"@id\":\"https:\\\/\\\/www.inovallee.com\\\/#organization\"},\"potentialAction\":[{\"@type\":\"SearchAction\",\"target\":{\"@type\":\"EntryPoint\",\"urlTemplate\":\"https:\\\/\\\/www.inovallee.com\\\/?s={search_term_string}\"},\"query-input\":{\"@type\":\"PropertyValueSpecification\",\"valueRequired\":true,\"valueName\":\"search_term_string\"}}],\"inLanguage\":\"en-GB\"},{\"@type\":\"Organization\",\"@id\":\"https:\\\/\\\/www.inovallee.com\\\/#organization\",\"name\":\"inovall\u00e9e\",\"url\":\"https:\\\/\\\/www.inovallee.com\\\/\",\"logo\":{\"@type\":\"ImageObject\",\"inLanguage\":\"en-GB\",\"@id\":\"https:\\\/\\\/www.inovallee.com\\\/#\\\/schema\\\/logo\\\/image\\\/\",\"url\":\"https:\\\/\\\/www.inovallee.com\\\/wp-content\\\/uploads\\\/2023\\\/08\\\/inovallee_2022_GrenobleAlpes.png\",\"contentUrl\":\"https:\\\/\\\/www.inovallee.com\\\/wp-content\\\/uploads\\\/2023\\\/08\\\/inovallee_2022_GrenobleAlpes.png\",\"width\":945,\"height\":369,\"caption\":\"inovall\u00e9e\"},\"image\":{\"@id\":\"https:\\\/\\\/www.inovallee.com\\\/#\\\/schema\\\/logo\\\/image\\\/\"},\"sameAs\":[\"https:\\\/\\\/www.facebook.com\\\/technopoleinovallee\\\/\",\"https:\\\/\\\/x.com\\\/inovallee\",\"https:\\\/\\\/www.linkedin.com\\\/company\\\/inovall-e\\\/\",\"https:\\\/\\\/www.youtube.com\\\/user\\\/inovallee?reload=9\"]},{\"@type\":\"Person\",\"@id\":\"https:\\\/\\\/www.inovallee.com\\\/#\\\/schema\\\/person\\\/a45b15518aad3111b2d61d257a3e023b\",\"name\":\"Inovallee\"}]}<\/script>\n<!-- \/ Yoast SEO plugin. -->","yoast_head_json":{"title":"3D Printer Avenue apporte son expertise en impression 3D au forum PMI le 26 mars prochain - inovall\u00e9e","robots":{"index":"index","follow":"follow","max-snippet":"max-snippet:-1","max-image-preview":"max-image-preview:large","max-video-preview":"max-video-preview:-1"},"canonical":"https:\/\/www.inovallee.com\/en\/3d-printer-avenue-apporte-son-expertise-en-impression-3d-au-forum-pmi-le-26-mars-prochain\/","og_locale":"en_GB","og_type":"article","og_title":"3D Printer Avenue apporte son expertise en impression 3D au forum PMI le 26 mars prochain - inovall\u00e9e","og_description":"Steeve Becker, fondateur de 3D Printer Avenue, fait partie des conf\u00e9renciers qui animeront le forum PMI, o\u00f9 il apportera son regard d&rsquo;expert en mati\u00e8re d&rsquo;impression 3D. Le monde change : les \u00e9cosyst\u00e8mes \u00e9voluent, les technologies de l\u2019information et de la communication progressent tr\u00e8s rapidement, les individus ont de nouvelles attentes \u2026&nbsp;Dans cet environnement, grandes et [&hellip;]","og_url":"https:\/\/www.inovallee.com\/en\/3d-printer-avenue-apporte-son-expertise-en-impression-3d-au-forum-pmi-le-26-mars-prochain\/","og_site_name":"inovall\u00e9e","article_publisher":"https:\/\/www.facebook.com\/technopoleinovallee\/","article_published_time":"2015-02-24T12:44:00+00:00","og_image":[{"url":"http:\/\/4.bp.blogspot.com\/-sjVgtfSrI5Y\/Uo9HV4YJpII\/AAAAAAAAJ30\/fjCDn6NP7ds\/s1600\/Steeve1%2B%28NXPowerLite%29.jpg","type":"","width":"","height":""}],"author":"Inovallee","twitter_card":"summary_large_image","twitter_creator":"@inovallee","twitter_site":"@inovallee","twitter_misc":{"Written by":"Inovallee","Estimated reading time":"1 minute"},"schema":{"@context":"https:\/\/schema.org","@graph":[{"@type":"Article","@id":"https:\/\/www.inovallee.com\/3d-printer-avenue-apporte-son-expertise-en-impression-3d-au-forum-pmi-le-26-mars-prochain\/#article","isPartOf":{"@id":"https:\/\/www.inovallee.com\/3d-printer-avenue-apporte-son-expertise-en-impression-3d-au-forum-pmi-le-26-mars-prochain\/"},"author":{"name":"Inovallee","@id":"https:\/\/www.inovallee.com\/#\/schema\/person\/a45b15518aad3111b2d61d257a3e023b"},"headline":"3D Printer Avenue apporte son expertise en impression 3D au forum PMI le 26 mars prochain","datePublished":"2015-02-24T12:44:00+00:00","mainEntityOfPage":{"@id":"https:\/\/www.inovallee.com\/3d-printer-avenue-apporte-son-expertise-en-impression-3d-au-forum-pmi-le-26-mars-prochain\/"},"wordCount":189,"publisher":{"@id":"https:\/\/www.inovallee.com\/#organization"},"image":{"@id":"https:\/\/www.inovallee.com\/3d-printer-avenue-apporte-son-expertise-en-impression-3d-au-forum-pmi-le-26-mars-prochain\/#primaryimage"},"thumbnailUrl":"http:\/\/4.bp.blogspot.com\/-sjVgtfSrI5Y\/Uo9HV4YJpII\/AAAAAAAAJ30\/fjCDn6NP7ds\/s1600\/Steeve1%2B%28NXPowerLite%29.jpg","articleSection":["L'\u00e9cho des startups du Tarmac"],"inLanguage":"en-GB"},{"@type":"WebPage","@id":"https:\/\/www.inovallee.com\/3d-printer-avenue-apporte-son-expertise-en-impression-3d-au-forum-pmi-le-26-mars-prochain\/","url":"https:\/\/www.inovallee.com\/3d-printer-avenue-apporte-son-expertise-en-impression-3d-au-forum-pmi-le-26-mars-prochain\/","name":"3D Printer Avenue apporte son expertise en impression 3D au forum PMI le 26 mars prochain - inovall\u00e9e","isPartOf":{"@id":"https:\/\/www.inovallee.com\/#website"},"primaryImageOfPage":{"@id":"https:\/\/www.inovallee.com\/3d-printer-avenue-apporte-son-expertise-en-impression-3d-au-forum-pmi-le-26-mars-prochain\/#primaryimage"},"image":{"@id":"https:\/\/www.inovallee.com\/3d-printer-avenue-apporte-son-expertise-en-impression-3d-au-forum-pmi-le-26-mars-prochain\/#primaryimage"},"thumbnailUrl":"http:\/\/4.bp.blogspot.com\/-sjVgtfSrI5Y\/Uo9HV4YJpII\/AAAAAAAAJ30\/fjCDn6NP7ds\/s1600\/Steeve1%2B%28NXPowerLite%29.jpg","datePublished":"2015-02-24T12:44:00+00:00","breadcrumb":{"@id":"https:\/\/www.inovallee.com\/3d-printer-avenue-apporte-son-expertise-en-impression-3d-au-forum-pmi-le-26-mars-prochain\/#breadcrumb"},"inLanguage":"en-GB","potentialAction":[{"@type":"ReadAction","target":["https:\/\/www.inovallee.com\/3d-printer-avenue-apporte-son-expertise-en-impression-3d-au-forum-pmi-le-26-mars-prochain\/"]}]},{"@type":"ImageObject","inLanguage":"en-GB","@id":"https:\/\/www.inovallee.com\/3d-printer-avenue-apporte-son-expertise-en-impression-3d-au-forum-pmi-le-26-mars-prochain\/#primaryimage","url":"http:\/\/4.bp.blogspot.com\/-sjVgtfSrI5Y\/Uo9HV4YJpII\/AAAAAAAAJ30\/fjCDn6NP7ds\/s1600\/Steeve1%2B%28NXPowerLite%29.jpg","contentUrl":"http:\/\/4.bp.blogspot.com\/-sjVgtfSrI5Y\/Uo9HV4YJpII\/AAAAAAAAJ30\/fjCDn6NP7ds\/s1600\/Steeve1%2B%28NXPowerLite%29.jpg"},{"@type":"BreadcrumbList","@id":"https:\/\/www.inovallee.com\/3d-printer-avenue-apporte-son-expertise-en-impression-3d-au-forum-pmi-le-26-mars-prochain\/#breadcrumb","itemListElement":[{"@type":"ListItem","position":1,"name":"Accueil","item":"https:\/\/www.inovallee.com\/"},{"@type":"ListItem","position":2,"name":"3D Printer Avenue apporte son expertise en impression 3D au forum PMI le 26 mars prochain"}]},{"@type":"WebSite","@id":"https:\/\/www.inovallee.com\/#website","url":"https:\/\/www.inovallee.com\/","name":"inovall\u00e9e technopole, Home to software & smart technologies","description":"Home to software &amp; smart technologies","publisher":{"@id":"https:\/\/www.inovallee.com\/#organization"},"potentialAction":[{"@type":"SearchAction","target":{"@type":"EntryPoint","urlTemplate":"https:\/\/www.inovallee.com\/?s={search_term_string}"},"query-input":{"@type":"PropertyValueSpecification","valueRequired":true,"valueName":"search_term_string"}}],"inLanguage":"en-GB"},{"@type":"Organization","@id":"https:\/\/www.inovallee.com\/#organization","name":"inovall\u00e9e","url":"https:\/\/www.inovallee.com\/","logo":{"@type":"ImageObject","inLanguage":"en-GB","@id":"https:\/\/www.inovallee.com\/#\/schema\/logo\/image\/","url":"https:\/\/www.inovallee.com\/wp-content\/uploads\/2023\/08\/inovallee_2022_GrenobleAlpes.png","contentUrl":"https:\/\/www.inovallee.com\/wp-content\/uploads\/2023\/08\/inovallee_2022_GrenobleAlpes.png","width":945,"height":369,"caption":"inovall\u00e9e"},"image":{"@id":"https:\/\/www.inovallee.com\/#\/schema\/logo\/image\/"},"sameAs":["https:\/\/www.facebook.com\/technopoleinovallee\/","https:\/\/x.com\/inovallee","https:\/\/www.linkedin.com\/company\/inovall-e\/","https:\/\/www.youtube.com\/user\/inovallee?reload=9"]},{"@type":"Person","@id":"https:\/\/www.inovallee.com\/#\/schema\/person\/a45b15518aad3111b2d61d257a3e023b","name":"Inovallee"}]}},"_links":{"self":[{"href":"https:\/\/www.inovallee.com\/en\/wp-json\/wp\/v2\/posts\/28718","targetHints":{"allow":["GET"]}}],"collection":[{"href":"https:\/\/www.inovallee.com\/en\/wp-json\/wp\/v2\/posts"}],"about":[{"href":"https:\/\/www.inovallee.com\/en\/wp-json\/wp\/v2\/types\/post"}],"author":[{"embeddable":true,"href":"https:\/\/www.inovallee.com\/en\/wp-json\/wp\/v2\/users\/6"}],"replies":[{"embeddable":true,"href":"https:\/\/www.inovallee.com\/en\/wp-json\/wp\/v2\/comments?post=28718"}],"version-history":[{"count":0,"href":"https:\/\/www.inovallee.com\/en\/wp-json\/wp\/v2\/posts\/28718\/revisions"}],"wp:attachment":[{"href":"https:\/\/www.inovallee.com\/en\/wp-json\/wp\/v2\/media?parent=28718"}],"wp:term":[{"taxonomy":"category","embeddable":true,"href":"https:\/\/www.inovallee.com\/en\/wp-json\/wp\/v2\/categories?post=28718"},{"taxonomy":"post_tag","embeddable":true,"href":"https:\/\/www.inovallee.com\/en\/wp-json\/wp\/v2\/tags?post=28718"}],"curies":[{"name":"wp","href":"https:\/\/api.w.org\/{rel}","templated":true}]}}