{"id":28813,"date":"2015-03-11T14:54:00","date_gmt":"2015-03-11T13:54:00","guid":{"rendered":"https:\/\/www.inovallee.com\/jeudi-2-avril-2015-rendez-vous-au-forum-emploi-dinovallee\/"},"modified":"2015-03-11T14:54:00","modified_gmt":"2015-03-11T13:54:00","slug":"jeudi-2-avril-2015-rendez-vous-au-forum-emploi-dinovallee","status":"publish","type":"post","link":"http:\/\/www.inovallee.com\/en\/jeudi-2-avril-2015-rendez-vous-au-forum-emploi-dinovallee\/","title":{"rendered":"Jeudi 2 avril 2015, rendez-vous au Forum Emploi d&#039;inovall\u00e9e !"},"content":{"rendered":"<div dir=\"ltr\" style=\"text-align: left;\">\n<div style=\"clear: both; text-align: center;\"><\/div>\n<div style=\"clear: both; text-align: center;\"><\/div>\n<div style=\"clear: both; text-align: center;\"><a href=\"http:\/\/3.bp.blogspot.com\/-QdOqY-vDCH0\/VQBR0uuOyHI\/AAAAAAAAPzg\/j_427uqExRE\/s1600\/forum_emploi_afficheA3_1.jpg\" style=\"clear: left; float: left; margin-bottom: 1em; margin-right: 1em;\"><img fetchpriority=\"high\" decoding=\"async\" border=\"0\" src=\"http:\/\/3.bp.blogspot.com\/-QdOqY-vDCH0\/VQBR0uuOyHI\/AAAAAAAAPzg\/j_427uqExRE\/s1600\/forum_emploi_afficheA3_1.jpg\" height=\"320\" width=\"226\" \/><\/a><\/div>\n<p><b style=\"font-family: Arial, Helvetica, sans-serif; font-size: small;\">L&rsquo;\u00e9dition 2014 fut un v\u00e9ritable succ\u00e8s, avec plus de 600 participants, des rencontres fructueuses, des perspectives professionnelles, des emplois d\u00e9croch\u00e9s et des heureux \u00e0 la cl\u00e9 : inovall\u00e9e est donc ravie d&rsquo;organiser \u00e0 nouveau son Forum Emploi !<\/b><br \/><span style=\"font-family: Arial, Helvetica, sans-serif; font-size: x-small;\"><br \/>Le 2 avril 2015, en collaboration avec P\u00f4le Emploi, la nouvelle \u00e9dition du Forum Emploi se tiendra \u00e0 la Maison du Pr\u00e9 de l&rsquo;Eau de Montbonnot. Que vous soyez activement \u00e0 la recherche d&rsquo;un emploi, en veille ou \u00e0 la qu\u00eate d&rsquo;informations sur une \u00e9ventuelle \u00e9volution pro, imprimez vos CV et pr\u00e9parez-vous \u00e0 retenir l&rsquo;attention des&nbsp; recruteurs qui vous accueilleront sur place.&nbsp;<\/span><br \/><span style=\"font-family: Arial, Helvetica, sans-serif; font-size: x-small;\"><br \/>Les portes de la Maison du Pr\u00e9 de l&rsquo;eau ouvriront \u00e0 11h30 pour se refermer \u00e0 17h00. Vous aurez quatre heures pour convaincre !<\/span><br \/><span style=\"font-family: Arial, Helvetica, sans-serif; font-size: x-small;\"><br \/><\/span><span style=\"font-family: Arial, Helvetica, sans-serif; font-size: x-small;\">Avant cette date, n&rsquo;h\u00e9sitez pas \u00e0 participer \u00e0 <a href=\"http:\/\/inovallee.blogspot.fr\/2015\/03\/lactualite-dinovallee-5-minutes-pour.html\" target=\"_blank\" rel=\"noopener noreferrer\">l&rsquo;atelier \u00ab\u00a05 minutes pour convaincre\u00a0\u00bb <\/a>organis\u00e9 par P\u00f4le Emploi le 30 mars prochain dans les locaux d&rsquo;inovall\u00e9e.&nbsp;<\/span><br \/><span style=\"font-family: Arial, Helvetica, sans-serif; font-size: x-small;\"><br \/><\/span><span style=\"font-family: Arial, Helvetica, sans-serif; font-size: x-small;\"><b>INFORMATIONS PRATIQUES :&nbsp;<\/b><\/span><br \/><b><span style=\"font-family: Arial, Helvetica, sans-serif; font-size: x-small;\">Programme :&nbsp;<\/span><\/b><br \/><span style=\"font-family: Arial, Helvetica, sans-serif; font-size: x-small;\">&#8211;&nbsp;Un espace \u00ab\u00a0entreprises\u00a0\u00bb : Des stands permettront aux entreprises pr\u00e9alablement inscrites de recevoir les candidats int\u00e9ress\u00e9s par les offres d&#8217;emplois propos\u00e9es.<\/span><br \/><span style=\"font-family: Arial, Helvetica, sans-serif; font-size: x-small;\">&#8211;&nbsp;Un espace \u00ab\u00a0\u00e9volution professionnelle\u00a0\u00bb :&nbsp;ACT&rsquo;RMC&rsquo;, ARIES, CESI,&nbsp;EPSI,&nbsp;P\u00f4le Emploi,&nbsp;WALL STREET INSTITUTE,&nbsp;les \u00e9coles avec lesquelles inovall\u00e9e a sign\u00e9 un partenariat (GEM, IAE, Grenoble INP)<\/span><br \/><span style=\"font-family: Arial, Helvetica, sans-serif; font-size: x-small;\">&#8211; Un espace \u00ab\u00a0candidats\u00a0\u00bb : panneaux de pr\u00e9sentation des entreprises et des offres d&#8217;emplois propos\u00e9es.<\/span><br \/><span style=\"font-family: Arial, Helvetica, sans-serif; font-size: x-small;\"><br \/><\/span><span style=\"font-family: Arial, Helvetica, sans-serif; font-size: x-small;\"><b>Horaires &nbsp;:<\/b><\/span><br \/><span style=\"font-family: Arial, Helvetica, sans-serif; font-size: x-small;\">Jeudi 2 avril<\/span><br \/><span style=\"font-family: Arial, Helvetica, sans-serif; font-size: x-small;\">de 11h30 \u00e0 17h<\/span><br \/><span style=\"font-family: Arial, Helvetica, sans-serif; font-size: x-small;\"><b><br \/><\/b><\/span><span style=\"font-family: Arial, Helvetica, sans-serif; font-size: x-small;\"><b>Lieu :&nbsp;<\/b><\/span><br \/><span style=\"background-color: white;\"><span style=\"font-family: Arial, Helvetica, sans-serif; font-size: x-small;\">Maison du Pr\u00e9 de l\u2019Eau, route de la Doux \u00e0 Montbonnot&nbsp;<\/span><\/span><br \/><span style=\"background-color: white;\"><span style=\"font-family: Arial, Helvetica, sans-serif; font-size: x-small;\">(autoroute A41, sortie et direction Montbonnot, \u00e0 droite du rond point, en face de Botanic)<\/span><\/span><br \/><span style=\"background-color: white;\"><span style=\"font-family: Arial, Helvetica, sans-serif; font-size: x-small;\">Transports en commun : 6070, G61, Express Crolles Voiron<\/span><\/span><br \/><span style=\"background-color: white;\"><span style=\"font-family: Arial, Helvetica, sans-serif; font-size: x-small;\"><br \/><\/span><\/span><span style=\"font-family: Arial, Helvetica, sans-serif; font-size: x-small;\"><span style=\"background-color: white;\">Entr\u00e9e libre &#8211; pas d&rsquo;inscription au pr\u00e9alable : venez nombreux !<\/span><\/span><\/div>","protected":false},"excerpt":{"rendered":"<p>L&rsquo;\u00e9dition 2014 fut un v\u00e9ritable succ\u00e8s, avec plus de 600 participants, des rencontres fructueuses, des perspectives professionnelles, des emplois d\u00e9croch\u00e9s et des heureux \u00e0 la cl\u00e9 : inovall\u00e9e est donc ravie d&rsquo;organiser \u00e0 nouveau son Forum Emploi !Le 2 avril 2015, en collaboration avec P\u00f4le Emploi, la nouvelle \u00e9dition du Forum Emploi se tiendra \u00e0 [&hellip;]<\/p>\n","protected":false},"author":6,"featured_media":0,"comment_status":"closed","ping_status":"open","sticky":false,"template":"","format":"standard","meta":{"footnotes":""},"categories":[39,40],"tags":[],"class_list":["post-28813","post","type-post","status-publish","format-standard","hentry","category-recrutement-rh-job-dating","category-rh-recrutement"],"yoast_head":"<!-- This site is optimized with the Yoast SEO plugin v27.4 - https:\/\/yoast.com\/product\/yoast-seo-wordpress\/ -->\n<title>Jeudi 2 avril 2015, rendez-vous au Forum Emploi d&#039;inovall\u00e9e ! - inovall\u00e9e<\/title>\n<meta name=\"robots\" content=\"index, follow, max-snippet:-1, max-image-preview:large, max-video-preview:-1\" \/>\n<link rel=\"canonical\" href=\"https:\/\/www.inovallee.com\/en\/jeudi-2-avril-2015-rendez-vous-au-forum-emploi-dinovallee\/\" \/>\n<meta property=\"og:locale\" content=\"en_GB\" \/>\n<meta property=\"og:type\" content=\"article\" \/>\n<meta property=\"og:title\" content=\"Jeudi 2 avril 2015, rendez-vous au Forum Emploi d&#039;inovall\u00e9e ! - inovall\u00e9e\" \/>\n<meta property=\"og:description\" content=\"L&rsquo;\u00e9dition 2014 fut un v\u00e9ritable succ\u00e8s, avec plus de 600 participants, des rencontres fructueuses, des perspectives professionnelles, des emplois d\u00e9croch\u00e9s et des heureux \u00e0 la cl\u00e9 : inovall\u00e9e est donc ravie d&rsquo;organiser \u00e0 nouveau son Forum Emploi !Le 2 avril 2015, en collaboration avec P\u00f4le Emploi, la nouvelle \u00e9dition du Forum Emploi se tiendra \u00e0 [&hellip;]\" \/>\n<meta property=\"og:url\" content=\"https:\/\/www.inovallee.com\/en\/jeudi-2-avril-2015-rendez-vous-au-forum-emploi-dinovallee\/\" \/>\n<meta property=\"og:site_name\" content=\"inovall\u00e9e\" \/>\n<meta property=\"article:publisher\" content=\"https:\/\/www.facebook.com\/technopoleinovallee\/\" \/>\n<meta property=\"article:published_time\" content=\"2015-03-11T13:54:00+00:00\" \/>\n<meta property=\"og:image\" content=\"http:\/\/3.bp.blogspot.com\/-QdOqY-vDCH0\/VQBR0uuOyHI\/AAAAAAAAPzg\/j_427uqExRE\/s1600\/forum_emploi_afficheA3_1.jpg\" \/>\n<meta name=\"author\" content=\"Inovallee\" \/>\n<meta name=\"twitter:card\" content=\"summary_large_image\" \/>\n<meta name=\"twitter:creator\" content=\"@inovallee\" \/>\n<meta name=\"twitter:site\" content=\"@inovallee\" \/>\n<meta name=\"twitter:label1\" content=\"Written by\" \/>\n\t<meta name=\"twitter:data1\" content=\"Inovallee\" \/>\n\t<meta name=\"twitter:label2\" content=\"Estimated reading time\" \/>\n\t<meta name=\"twitter:data2\" content=\"1 minute\" \/>\n<script type=\"application\/ld+json\" class=\"yoast-schema-graph\">{\"@context\":\"https:\\\/\\\/schema.org\",\"@graph\":[{\"@type\":\"Article\",\"@id\":\"https:\\\/\\\/www.inovallee.com\\\/jeudi-2-avril-2015-rendez-vous-au-forum-emploi-dinovallee\\\/#article\",\"isPartOf\":{\"@id\":\"https:\\\/\\\/www.inovallee.com\\\/jeudi-2-avril-2015-rendez-vous-au-forum-emploi-dinovallee\\\/\"},\"author\":{\"name\":\"Inovallee\",\"@id\":\"https:\\\/\\\/www.inovallee.com\\\/#\\\/schema\\\/person\\\/a45b15518aad3111b2d61d257a3e023b\"},\"headline\":\"Jeudi 2 avril 2015, rendez-vous au Forum Emploi d&#039;inovall\u00e9e !\",\"datePublished\":\"2015-03-11T13:54:00+00:00\",\"mainEntityOfPage\":{\"@id\":\"https:\\\/\\\/www.inovallee.com\\\/jeudi-2-avril-2015-rendez-vous-au-forum-emploi-dinovallee\\\/\"},\"wordCount\":302,\"publisher\":{\"@id\":\"https:\\\/\\\/www.inovallee.com\\\/#organization\"},\"image\":{\"@id\":\"https:\\\/\\\/www.inovallee.com\\\/jeudi-2-avril-2015-rendez-vous-au-forum-emploi-dinovallee\\\/#primaryimage\"},\"thumbnailUrl\":\"http:\\\/\\\/3.bp.blogspot.com\\\/-QdOqY-vDCH0\\\/VQBR0uuOyHI\\\/AAAAAAAAPzg\\\/j_427uqExRE\\\/s1600\\\/forum_emploi_afficheA3_1.jpg\",\"articleSection\":[\"Recrutement &amp; Emploi (Job dating, Conf\u00e9rences...)\",\"RH \\\/ Recrutement\"],\"inLanguage\":\"en-GB\"},{\"@type\":\"WebPage\",\"@id\":\"https:\\\/\\\/www.inovallee.com\\\/jeudi-2-avril-2015-rendez-vous-au-forum-emploi-dinovallee\\\/\",\"url\":\"https:\\\/\\\/www.inovallee.com\\\/jeudi-2-avril-2015-rendez-vous-au-forum-emploi-dinovallee\\\/\",\"name\":\"Jeudi 2 avril 2015, rendez-vous au Forum Emploi d&#039;inovall\u00e9e ! - inovall\u00e9e\",\"isPartOf\":{\"@id\":\"https:\\\/\\\/www.inovallee.com\\\/#website\"},\"primaryImageOfPage\":{\"@id\":\"https:\\\/\\\/www.inovallee.com\\\/jeudi-2-avril-2015-rendez-vous-au-forum-emploi-dinovallee\\\/#primaryimage\"},\"image\":{\"@id\":\"https:\\\/\\\/www.inovallee.com\\\/jeudi-2-avril-2015-rendez-vous-au-forum-emploi-dinovallee\\\/#primaryimage\"},\"thumbnailUrl\":\"http:\\\/\\\/3.bp.blogspot.com\\\/-QdOqY-vDCH0\\\/VQBR0uuOyHI\\\/AAAAAAAAPzg\\\/j_427uqExRE\\\/s1600\\\/forum_emploi_afficheA3_1.jpg\",\"datePublished\":\"2015-03-11T13:54:00+00:00\",\"breadcrumb\":{\"@id\":\"https:\\\/\\\/www.inovallee.com\\\/jeudi-2-avril-2015-rendez-vous-au-forum-emploi-dinovallee\\\/#breadcrumb\"},\"inLanguage\":\"en-GB\",\"potentialAction\":[{\"@type\":\"ReadAction\",\"target\":[\"https:\\\/\\\/www.inovallee.com\\\/jeudi-2-avril-2015-rendez-vous-au-forum-emploi-dinovallee\\\/\"]}]},{\"@type\":\"ImageObject\",\"inLanguage\":\"en-GB\",\"@id\":\"https:\\\/\\\/www.inovallee.com\\\/jeudi-2-avril-2015-rendez-vous-au-forum-emploi-dinovallee\\\/#primaryimage\",\"url\":\"http:\\\/\\\/3.bp.blogspot.com\\\/-QdOqY-vDCH0\\\/VQBR0uuOyHI\\\/AAAAAAAAPzg\\\/j_427uqExRE\\\/s1600\\\/forum_emploi_afficheA3_1.jpg\",\"contentUrl\":\"http:\\\/\\\/3.bp.blogspot.com\\\/-QdOqY-vDCH0\\\/VQBR0uuOyHI\\\/AAAAAAAAPzg\\\/j_427uqExRE\\\/s1600\\\/forum_emploi_afficheA3_1.jpg\"},{\"@type\":\"BreadcrumbList\",\"@id\":\"https:\\\/\\\/www.inovallee.com\\\/jeudi-2-avril-2015-rendez-vous-au-forum-emploi-dinovallee\\\/#breadcrumb\",\"itemListElement\":[{\"@type\":\"ListItem\",\"position\":1,\"name\":\"Accueil\",\"item\":\"https:\\\/\\\/www.inovallee.com\\\/\"},{\"@type\":\"ListItem\",\"position\":2,\"name\":\"Jeudi 2 avril 2015, rendez-vous au Forum Emploi d&#039;inovall\u00e9e !\"}]},{\"@type\":\"WebSite\",\"@id\":\"https:\\\/\\\/www.inovallee.com\\\/#website\",\"url\":\"https:\\\/\\\/www.inovallee.com\\\/\",\"name\":\"inovall\u00e9e technopole, Home to software & smart technologies\",\"description\":\"Home to software &amp; smart technologies\",\"publisher\":{\"@id\":\"https:\\\/\\\/www.inovallee.com\\\/#organization\"},\"potentialAction\":[{\"@type\":\"SearchAction\",\"target\":{\"@type\":\"EntryPoint\",\"urlTemplate\":\"https:\\\/\\\/www.inovallee.com\\\/?s={search_term_string}\"},\"query-input\":{\"@type\":\"PropertyValueSpecification\",\"valueRequired\":true,\"valueName\":\"search_term_string\"}}],\"inLanguage\":\"en-GB\"},{\"@type\":\"Organization\",\"@id\":\"https:\\\/\\\/www.inovallee.com\\\/#organization\",\"name\":\"inovall\u00e9e\",\"url\":\"https:\\\/\\\/www.inovallee.com\\\/\",\"logo\":{\"@type\":\"ImageObject\",\"inLanguage\":\"en-GB\",\"@id\":\"https:\\\/\\\/www.inovallee.com\\\/#\\\/schema\\\/logo\\\/image\\\/\",\"url\":\"https:\\\/\\\/www.inovallee.com\\\/wp-content\\\/uploads\\\/2023\\\/08\\\/inovallee_2022_GrenobleAlpes.png\",\"contentUrl\":\"https:\\\/\\\/www.inovallee.com\\\/wp-content\\\/uploads\\\/2023\\\/08\\\/inovallee_2022_GrenobleAlpes.png\",\"width\":945,\"height\":369,\"caption\":\"inovall\u00e9e\"},\"image\":{\"@id\":\"https:\\\/\\\/www.inovallee.com\\\/#\\\/schema\\\/logo\\\/image\\\/\"},\"sameAs\":[\"https:\\\/\\\/www.facebook.com\\\/technopoleinovallee\\\/\",\"https:\\\/\\\/x.com\\\/inovallee\",\"https:\\\/\\\/www.linkedin.com\\\/company\\\/inovall-e\\\/\",\"https:\\\/\\\/www.youtube.com\\\/user\\\/inovallee?reload=9\"]},{\"@type\":\"Person\",\"@id\":\"https:\\\/\\\/www.inovallee.com\\\/#\\\/schema\\\/person\\\/a45b15518aad3111b2d61d257a3e023b\",\"name\":\"Inovallee\"}]}<\/script>\n<!-- \/ Yoast SEO plugin. -->","yoast_head_json":{"title":"Jeudi 2 avril 2015, rendez-vous au Forum Emploi d&#039;inovall\u00e9e ! - inovall\u00e9e","robots":{"index":"index","follow":"follow","max-snippet":"max-snippet:-1","max-image-preview":"max-image-preview:large","max-video-preview":"max-video-preview:-1"},"canonical":"https:\/\/www.inovallee.com\/en\/jeudi-2-avril-2015-rendez-vous-au-forum-emploi-dinovallee\/","og_locale":"en_GB","og_type":"article","og_title":"Jeudi 2 avril 2015, rendez-vous au Forum Emploi d&#039;inovall\u00e9e ! - inovall\u00e9e","og_description":"L&rsquo;\u00e9dition 2014 fut un v\u00e9ritable succ\u00e8s, avec plus de 600 participants, des rencontres fructueuses, des perspectives professionnelles, des emplois d\u00e9croch\u00e9s et des heureux \u00e0 la cl\u00e9 : inovall\u00e9e est donc ravie d&rsquo;organiser \u00e0 nouveau son Forum Emploi !Le 2 avril 2015, en collaboration avec P\u00f4le Emploi, la nouvelle \u00e9dition du Forum Emploi se tiendra \u00e0 [&hellip;]","og_url":"https:\/\/www.inovallee.com\/en\/jeudi-2-avril-2015-rendez-vous-au-forum-emploi-dinovallee\/","og_site_name":"inovall\u00e9e","article_publisher":"https:\/\/www.facebook.com\/technopoleinovallee\/","article_published_time":"2015-03-11T13:54:00+00:00","og_image":[{"url":"http:\/\/3.bp.blogspot.com\/-QdOqY-vDCH0\/VQBR0uuOyHI\/AAAAAAAAPzg\/j_427uqExRE\/s1600\/forum_emploi_afficheA3_1.jpg","type":"","width":"","height":""}],"author":"Inovallee","twitter_card":"summary_large_image","twitter_creator":"@inovallee","twitter_site":"@inovallee","twitter_misc":{"Written by":"Inovallee","Estimated reading time":"1 minute"},"schema":{"@context":"https:\/\/schema.org","@graph":[{"@type":"Article","@id":"https:\/\/www.inovallee.com\/jeudi-2-avril-2015-rendez-vous-au-forum-emploi-dinovallee\/#article","isPartOf":{"@id":"https:\/\/www.inovallee.com\/jeudi-2-avril-2015-rendez-vous-au-forum-emploi-dinovallee\/"},"author":{"name":"Inovallee","@id":"https:\/\/www.inovallee.com\/#\/schema\/person\/a45b15518aad3111b2d61d257a3e023b"},"headline":"Jeudi 2 avril 2015, rendez-vous au Forum Emploi d&#039;inovall\u00e9e !","datePublished":"2015-03-11T13:54:00+00:00","mainEntityOfPage":{"@id":"https:\/\/www.inovallee.com\/jeudi-2-avril-2015-rendez-vous-au-forum-emploi-dinovallee\/"},"wordCount":302,"publisher":{"@id":"https:\/\/www.inovallee.com\/#organization"},"image":{"@id":"https:\/\/www.inovallee.com\/jeudi-2-avril-2015-rendez-vous-au-forum-emploi-dinovallee\/#primaryimage"},"thumbnailUrl":"http:\/\/3.bp.blogspot.com\/-QdOqY-vDCH0\/VQBR0uuOyHI\/AAAAAAAAPzg\/j_427uqExRE\/s1600\/forum_emploi_afficheA3_1.jpg","articleSection":["Recrutement &amp; Emploi (Job dating, Conf\u00e9rences...)","RH \/ Recrutement"],"inLanguage":"en-GB"},{"@type":"WebPage","@id":"https:\/\/www.inovallee.com\/jeudi-2-avril-2015-rendez-vous-au-forum-emploi-dinovallee\/","url":"https:\/\/www.inovallee.com\/jeudi-2-avril-2015-rendez-vous-au-forum-emploi-dinovallee\/","name":"Jeudi 2 avril 2015, rendez-vous au Forum Emploi d&#039;inovall\u00e9e ! - inovall\u00e9e","isPartOf":{"@id":"https:\/\/www.inovallee.com\/#website"},"primaryImageOfPage":{"@id":"https:\/\/www.inovallee.com\/jeudi-2-avril-2015-rendez-vous-au-forum-emploi-dinovallee\/#primaryimage"},"image":{"@id":"https:\/\/www.inovallee.com\/jeudi-2-avril-2015-rendez-vous-au-forum-emploi-dinovallee\/#primaryimage"},"thumbnailUrl":"http:\/\/3.bp.blogspot.com\/-QdOqY-vDCH0\/VQBR0uuOyHI\/AAAAAAAAPzg\/j_427uqExRE\/s1600\/forum_emploi_afficheA3_1.jpg","datePublished":"2015-03-11T13:54:00+00:00","breadcrumb":{"@id":"https:\/\/www.inovallee.com\/jeudi-2-avril-2015-rendez-vous-au-forum-emploi-dinovallee\/#breadcrumb"},"inLanguage":"en-GB","potentialAction":[{"@type":"ReadAction","target":["https:\/\/www.inovallee.com\/jeudi-2-avril-2015-rendez-vous-au-forum-emploi-dinovallee\/"]}]},{"@type":"ImageObject","inLanguage":"en-GB","@id":"https:\/\/www.inovallee.com\/jeudi-2-avril-2015-rendez-vous-au-forum-emploi-dinovallee\/#primaryimage","url":"http:\/\/3.bp.blogspot.com\/-QdOqY-vDCH0\/VQBR0uuOyHI\/AAAAAAAAPzg\/j_427uqExRE\/s1600\/forum_emploi_afficheA3_1.jpg","contentUrl":"http:\/\/3.bp.blogspot.com\/-QdOqY-vDCH0\/VQBR0uuOyHI\/AAAAAAAAPzg\/j_427uqExRE\/s1600\/forum_emploi_afficheA3_1.jpg"},{"@type":"BreadcrumbList","@id":"https:\/\/www.inovallee.com\/jeudi-2-avril-2015-rendez-vous-au-forum-emploi-dinovallee\/#breadcrumb","itemListElement":[{"@type":"ListItem","position":1,"name":"Accueil","item":"https:\/\/www.inovallee.com\/"},{"@type":"ListItem","position":2,"name":"Jeudi 2 avril 2015, rendez-vous au Forum Emploi d&#039;inovall\u00e9e !"}]},{"@type":"WebSite","@id":"https:\/\/www.inovallee.com\/#website","url":"https:\/\/www.inovallee.com\/","name":"inovall\u00e9e technopole, Home to software & smart technologies","description":"Home to software &amp; smart technologies","publisher":{"@id":"https:\/\/www.inovallee.com\/#organization"},"potentialAction":[{"@type":"SearchAction","target":{"@type":"EntryPoint","urlTemplate":"https:\/\/www.inovallee.com\/?s={search_term_string}"},"query-input":{"@type":"PropertyValueSpecification","valueRequired":true,"valueName":"search_term_string"}}],"inLanguage":"en-GB"},{"@type":"Organization","@id":"https:\/\/www.inovallee.com\/#organization","name":"inovall\u00e9e","url":"https:\/\/www.inovallee.com\/","logo":{"@type":"ImageObject","inLanguage":"en-GB","@id":"https:\/\/www.inovallee.com\/#\/schema\/logo\/image\/","url":"https:\/\/www.inovallee.com\/wp-content\/uploads\/2023\/08\/inovallee_2022_GrenobleAlpes.png","contentUrl":"https:\/\/www.inovallee.com\/wp-content\/uploads\/2023\/08\/inovallee_2022_GrenobleAlpes.png","width":945,"height":369,"caption":"inovall\u00e9e"},"image":{"@id":"https:\/\/www.inovallee.com\/#\/schema\/logo\/image\/"},"sameAs":["https:\/\/www.facebook.com\/technopoleinovallee\/","https:\/\/x.com\/inovallee","https:\/\/www.linkedin.com\/company\/inovall-e\/","https:\/\/www.youtube.com\/user\/inovallee?reload=9"]},{"@type":"Person","@id":"https:\/\/www.inovallee.com\/#\/schema\/person\/a45b15518aad3111b2d61d257a3e023b","name":"Inovallee"}]}},"_links":{"self":[{"href":"http:\/\/www.inovallee.com\/en\/wp-json\/wp\/v2\/posts\/28813","targetHints":{"allow":["GET"]}}],"collection":[{"href":"http:\/\/www.inovallee.com\/en\/wp-json\/wp\/v2\/posts"}],"about":[{"href":"http:\/\/www.inovallee.com\/en\/wp-json\/wp\/v2\/types\/post"}],"author":[{"embeddable":true,"href":"http:\/\/www.inovallee.com\/en\/wp-json\/wp\/v2\/users\/6"}],"replies":[{"embeddable":true,"href":"http:\/\/www.inovallee.com\/en\/wp-json\/wp\/v2\/comments?post=28813"}],"version-history":[{"count":0,"href":"http:\/\/www.inovallee.com\/en\/wp-json\/wp\/v2\/posts\/28813\/revisions"}],"wp:attachment":[{"href":"http:\/\/www.inovallee.com\/en\/wp-json\/wp\/v2\/media?parent=28813"}],"wp:term":[{"taxonomy":"category","embeddable":true,"href":"http:\/\/www.inovallee.com\/en\/wp-json\/wp\/v2\/categories?post=28813"},{"taxonomy":"post_tag","embeddable":true,"href":"http:\/\/www.inovallee.com\/en\/wp-json\/wp\/v2\/tags?post=28813"}],"curies":[{"name":"wp","href":"https:\/\/api.w.org\/{rel}","templated":true}]}}