{"id":28839,"date":"2015-02-12T16:08:00","date_gmt":"2015-02-12T15:08:00","guid":{"rendered":"https:\/\/www.inovallee.com\/lactualite-dinovallee-lancement-de-la-table-ouverte-des-dirigeants-le-vendredi-20-mars\/"},"modified":"2020-06-23T15:35:46","modified_gmt":"2020-06-23T13:35:46","slug":"lactualite-dinovallee-lancement-de-la-table-ouverte-des-dirigeants-le-vendredi-20-mars","status":"publish","type":"post","link":"http:\/\/www.inovallee.com\/en\/lactualite-dinovallee-lancement-de-la-table-ouverte-des-dirigeants-le-vendredi-20-mars\/","title":{"rendered":"L&#039;actualit\u00e9 d&#039;inovall\u00e9e : Lancement de la table ouverte des dirigeants le vendredi 20 mars"},"content":{"rendered":"<div dir=\"ltr\" style=\"text-align: left;\"><span style=\"font-size: x-small;\"><span style=\"font-family: Arial,Helvetica,sans-serif;\">A la demande  de plusieurs dirigeants souhaitant pouvoir se retrouver dans un lieu  convivial le temps d&rsquo;un d\u00e9jeuner pour \u00e9changer avec d&rsquo;autres chefs  d&rsquo;entreprises, inovall\u00e9e lance sa \u00ab\u00a0table ouverte\u00a0\u00bb mensuelle.<\/span><\/span><\/p>\n<p><span style=\"font-size: x-small;\"><span style=\"font-family: Arial,Helvetica,sans-serif;\"><b>Exclusivement  r\u00e9serv\u00e9 aux dirigeants d&rsquo;entreprises adh\u00e9rant \u00e0 inovall\u00e9e<\/b>, cette  proposition a pour objectif de faire cohabiter business et convivialit\u00e9,  pour cr\u00e9er du lien, parler de probl\u00e9matiques communes et \u00e9changer tout  simplement, <\/span><\/span><span style=\"font-size: x-small;\"><span style=\"font-family: Arial,Helvetica,sans-serif;\"><span style=\"font-size: x-small;\"><span style=\"font-family: Arial,Helvetica,sans-serif;\">sans ordre du jour, sans intervenant ni animateur.<\/span><\/span><\/span><\/span><\/p>\n<p><span style=\"font-size: x-small;\"><span style=\"font-family: Arial,Helvetica,sans-serif;\"> Inovall\u00e9e organisera cette table ouverte chaque 3\u00e8me vendredi du mois \u00e0 compter du 20 mars prochain en mettant \u00e0 disposition une salle pour une quinzaine de personnes et en s&rsquo;occupant de la gestion des inscriptions et de la commande des repas.&nbsp;<\/span><\/span><\/p>\n<p><span style=\"font-size: x-small;\"><span style=\"font-family: Arial,Helvetica,sans-serif;\">La participation&nbsp; est de 20 euros comprenant repas (entr\u00e9e, plat, dessert) et boissons, inscription (<u><b>r\u00e9serv\u00e9e aux dirigeants d&rsquo;inovall\u00e9e<\/b><\/u>) et paiement pr\u00e9alable obligatoires sur le site d&rsquo;Eventbrite. Une facture vous sera remise le jour de la table ronde.<\/span><\/span><\/p>\n<p><span style=\"font-size: x-small;\"><span style=\"font-family: Arial,Helvetica,sans-serif;\">Pour plus d&rsquo;informations ou pour vous inscrire contacter <a href=\"mailto:c.paysantleroux@inovallee.com\" target=\"_blank\" rel=\"noopener noreferrer\">Caroline Paysant Le Roux&nbsp;<\/a><\/span><\/span><\/div>","protected":false},"excerpt":{"rendered":"<p>A la demande de plusieurs dirigeants souhaitant pouvoir se retrouver dans un lieu convivial le temps d&rsquo;un d\u00e9jeuner pour \u00e9changer avec d&rsquo;autres chefs d&rsquo;entreprises, inovall\u00e9e lance sa \u00ab\u00a0table ouverte\u00a0\u00bb mensuelle. Exclusivement r\u00e9serv\u00e9 aux dirigeants d&rsquo;entreprises adh\u00e9rant \u00e0 inovall\u00e9e, cette proposition a pour objectif de faire cohabiter business et convivialit\u00e9, pour cr\u00e9er du lien, parler de [&hellip;]<\/p>\n","protected":false},"author":6,"featured_media":0,"comment_status":"closed","ping_status":"open","sticky":false,"template":"","format":"standard","meta":{"footnotes":""},"categories":[29],"tags":[],"class_list":["post-28839","post","type-post","status-publish","format-standard","hentry","category-evenements"],"yoast_head":"<!-- This site is optimized with the Yoast SEO plugin v27.4 - https:\/\/yoast.com\/product\/yoast-seo-wordpress\/ -->\n<title>L&#039;actualit\u00e9 d&#039;inovall\u00e9e : Lancement de la table ouverte des dirigeants le vendredi 20 mars - inovall\u00e9e<\/title>\n<meta name=\"robots\" content=\"index, follow, max-snippet:-1, max-image-preview:large, max-video-preview:-1\" \/>\n<link rel=\"canonical\" href=\"https:\/\/www.inovallee.com\/en\/lactualite-dinovallee-lancement-de-la-table-ouverte-des-dirigeants-le-vendredi-20-mars\/\" \/>\n<meta property=\"og:locale\" content=\"en_GB\" \/>\n<meta property=\"og:type\" content=\"article\" \/>\n<meta property=\"og:title\" content=\"L&#039;actualit\u00e9 d&#039;inovall\u00e9e : Lancement de la table ouverte des dirigeants le vendredi 20 mars - inovall\u00e9e\" \/>\n<meta property=\"og:description\" content=\"A la demande de plusieurs dirigeants souhaitant pouvoir se retrouver dans un lieu convivial le temps d&rsquo;un d\u00e9jeuner pour \u00e9changer avec d&rsquo;autres chefs d&rsquo;entreprises, inovall\u00e9e lance sa \u00ab\u00a0table ouverte\u00a0\u00bb mensuelle. Exclusivement r\u00e9serv\u00e9 aux dirigeants d&rsquo;entreprises adh\u00e9rant \u00e0 inovall\u00e9e, cette proposition a pour objectif de faire cohabiter business et convivialit\u00e9, pour cr\u00e9er du lien, parler de [&hellip;]\" \/>\n<meta property=\"og:url\" content=\"https:\/\/www.inovallee.com\/en\/lactualite-dinovallee-lancement-de-la-table-ouverte-des-dirigeants-le-vendredi-20-mars\/\" \/>\n<meta property=\"og:site_name\" content=\"inovall\u00e9e\" \/>\n<meta property=\"article:publisher\" content=\"https:\/\/www.facebook.com\/technopoleinovallee\/\" \/>\n<meta property=\"article:published_time\" content=\"2015-02-12T15:08:00+00:00\" \/>\n<meta property=\"article:modified_time\" content=\"2020-06-23T13:35:46+00:00\" \/>\n<meta name=\"author\" content=\"Inovallee\" \/>\n<meta name=\"twitter:card\" content=\"summary_large_image\" \/>\n<meta name=\"twitter:creator\" content=\"@inovallee\" \/>\n<meta name=\"twitter:site\" content=\"@inovallee\" \/>\n<meta name=\"twitter:label1\" content=\"Written by\" \/>\n\t<meta name=\"twitter:data1\" content=\"Inovallee\" \/>\n\t<meta name=\"twitter:label2\" content=\"Estimated reading time\" \/>\n\t<meta name=\"twitter:data2\" content=\"1 minute\" \/>\n<script type=\"application\/ld+json\" class=\"yoast-schema-graph\">{\"@context\":\"https:\\\/\\\/schema.org\",\"@graph\":[{\"@type\":\"Article\",\"@id\":\"https:\\\/\\\/www.inovallee.com\\\/lactualite-dinovallee-lancement-de-la-table-ouverte-des-dirigeants-le-vendredi-20-mars\\\/#article\",\"isPartOf\":{\"@id\":\"https:\\\/\\\/www.inovallee.com\\\/lactualite-dinovallee-lancement-de-la-table-ouverte-des-dirigeants-le-vendredi-20-mars\\\/\"},\"author\":{\"name\":\"Inovallee\",\"@id\":\"https:\\\/\\\/www.inovallee.com\\\/#\\\/schema\\\/person\\\/a45b15518aad3111b2d61d257a3e023b\"},\"headline\":\"L&#039;actualit\u00e9 d&#039;inovall\u00e9e : Lancement de la table ouverte des dirigeants le vendredi 20 mars\",\"datePublished\":\"2015-02-12T15:08:00+00:00\",\"dateModified\":\"2020-06-23T13:35:46+00:00\",\"mainEntityOfPage\":{\"@id\":\"https:\\\/\\\/www.inovallee.com\\\/lactualite-dinovallee-lancement-de-la-table-ouverte-des-dirigeants-le-vendredi-20-mars\\\/\"},\"wordCount\":193,\"publisher\":{\"@id\":\"https:\\\/\\\/www.inovallee.com\\\/#organization\"},\"articleSection\":[\"Technopole inovall\u00e9e\"],\"inLanguage\":\"en-GB\"},{\"@type\":\"WebPage\",\"@id\":\"https:\\\/\\\/www.inovallee.com\\\/lactualite-dinovallee-lancement-de-la-table-ouverte-des-dirigeants-le-vendredi-20-mars\\\/\",\"url\":\"https:\\\/\\\/www.inovallee.com\\\/lactualite-dinovallee-lancement-de-la-table-ouverte-des-dirigeants-le-vendredi-20-mars\\\/\",\"name\":\"L&#039;actualit\u00e9 d&#039;inovall\u00e9e : Lancement de la table ouverte des dirigeants le vendredi 20 mars - inovall\u00e9e\",\"isPartOf\":{\"@id\":\"https:\\\/\\\/www.inovallee.com\\\/#website\"},\"datePublished\":\"2015-02-12T15:08:00+00:00\",\"dateModified\":\"2020-06-23T13:35:46+00:00\",\"breadcrumb\":{\"@id\":\"https:\\\/\\\/www.inovallee.com\\\/lactualite-dinovallee-lancement-de-la-table-ouverte-des-dirigeants-le-vendredi-20-mars\\\/#breadcrumb\"},\"inLanguage\":\"en-GB\",\"potentialAction\":[{\"@type\":\"ReadAction\",\"target\":[\"https:\\\/\\\/www.inovallee.com\\\/lactualite-dinovallee-lancement-de-la-table-ouverte-des-dirigeants-le-vendredi-20-mars\\\/\"]}]},{\"@type\":\"BreadcrumbList\",\"@id\":\"https:\\\/\\\/www.inovallee.com\\\/lactualite-dinovallee-lancement-de-la-table-ouverte-des-dirigeants-le-vendredi-20-mars\\\/#breadcrumb\",\"itemListElement\":[{\"@type\":\"ListItem\",\"position\":1,\"name\":\"Accueil\",\"item\":\"https:\\\/\\\/www.inovallee.com\\\/\"},{\"@type\":\"ListItem\",\"position\":2,\"name\":\"L&#039;actualit\u00e9 d&#039;inovall\u00e9e : Lancement de la table ouverte des dirigeants le vendredi 20 mars\"}]},{\"@type\":\"WebSite\",\"@id\":\"https:\\\/\\\/www.inovallee.com\\\/#website\",\"url\":\"https:\\\/\\\/www.inovallee.com\\\/\",\"name\":\"inovall\u00e9e technopole, Home to software & smart technologies\",\"description\":\"Home to software &amp; smart technologies\",\"publisher\":{\"@id\":\"https:\\\/\\\/www.inovallee.com\\\/#organization\"},\"potentialAction\":[{\"@type\":\"SearchAction\",\"target\":{\"@type\":\"EntryPoint\",\"urlTemplate\":\"https:\\\/\\\/www.inovallee.com\\\/?s={search_term_string}\"},\"query-input\":{\"@type\":\"PropertyValueSpecification\",\"valueRequired\":true,\"valueName\":\"search_term_string\"}}],\"inLanguage\":\"en-GB\"},{\"@type\":\"Organization\",\"@id\":\"https:\\\/\\\/www.inovallee.com\\\/#organization\",\"name\":\"inovall\u00e9e\",\"url\":\"https:\\\/\\\/www.inovallee.com\\\/\",\"logo\":{\"@type\":\"ImageObject\",\"inLanguage\":\"en-GB\",\"@id\":\"https:\\\/\\\/www.inovallee.com\\\/#\\\/schema\\\/logo\\\/image\\\/\",\"url\":\"https:\\\/\\\/www.inovallee.com\\\/wp-content\\\/uploads\\\/2023\\\/08\\\/inovallee_2022_GrenobleAlpes.png\",\"contentUrl\":\"https:\\\/\\\/www.inovallee.com\\\/wp-content\\\/uploads\\\/2023\\\/08\\\/inovallee_2022_GrenobleAlpes.png\",\"width\":945,\"height\":369,\"caption\":\"inovall\u00e9e\"},\"image\":{\"@id\":\"https:\\\/\\\/www.inovallee.com\\\/#\\\/schema\\\/logo\\\/image\\\/\"},\"sameAs\":[\"https:\\\/\\\/www.facebook.com\\\/technopoleinovallee\\\/\",\"https:\\\/\\\/x.com\\\/inovallee\",\"https:\\\/\\\/www.linkedin.com\\\/company\\\/inovall-e\\\/\",\"https:\\\/\\\/www.youtube.com\\\/user\\\/inovallee?reload=9\"]},{\"@type\":\"Person\",\"@id\":\"https:\\\/\\\/www.inovallee.com\\\/#\\\/schema\\\/person\\\/a45b15518aad3111b2d61d257a3e023b\",\"name\":\"Inovallee\"}]}<\/script>\n<!-- \/ Yoast SEO plugin. -->","yoast_head_json":{"title":"L&#039;actualit\u00e9 d&#039;inovall\u00e9e : Lancement de la table ouverte des dirigeants le vendredi 20 mars - inovall\u00e9e","robots":{"index":"index","follow":"follow","max-snippet":"max-snippet:-1","max-image-preview":"max-image-preview:large","max-video-preview":"max-video-preview:-1"},"canonical":"https:\/\/www.inovallee.com\/en\/lactualite-dinovallee-lancement-de-la-table-ouverte-des-dirigeants-le-vendredi-20-mars\/","og_locale":"en_GB","og_type":"article","og_title":"L&#039;actualit\u00e9 d&#039;inovall\u00e9e : Lancement de la table ouverte des dirigeants le vendredi 20 mars - inovall\u00e9e","og_description":"A la demande de plusieurs dirigeants souhaitant pouvoir se retrouver dans un lieu convivial le temps d&rsquo;un d\u00e9jeuner pour \u00e9changer avec d&rsquo;autres chefs d&rsquo;entreprises, inovall\u00e9e lance sa \u00ab\u00a0table ouverte\u00a0\u00bb mensuelle. Exclusivement r\u00e9serv\u00e9 aux dirigeants d&rsquo;entreprises adh\u00e9rant \u00e0 inovall\u00e9e, cette proposition a pour objectif de faire cohabiter business et convivialit\u00e9, pour cr\u00e9er du lien, parler de [&hellip;]","og_url":"https:\/\/www.inovallee.com\/en\/lactualite-dinovallee-lancement-de-la-table-ouverte-des-dirigeants-le-vendredi-20-mars\/","og_site_name":"inovall\u00e9e","article_publisher":"https:\/\/www.facebook.com\/technopoleinovallee\/","article_published_time":"2015-02-12T15:08:00+00:00","article_modified_time":"2020-06-23T13:35:46+00:00","author":"Inovallee","twitter_card":"summary_large_image","twitter_creator":"@inovallee","twitter_site":"@inovallee","twitter_misc":{"Written by":"Inovallee","Estimated reading time":"1 minute"},"schema":{"@context":"https:\/\/schema.org","@graph":[{"@type":"Article","@id":"https:\/\/www.inovallee.com\/lactualite-dinovallee-lancement-de-la-table-ouverte-des-dirigeants-le-vendredi-20-mars\/#article","isPartOf":{"@id":"https:\/\/www.inovallee.com\/lactualite-dinovallee-lancement-de-la-table-ouverte-des-dirigeants-le-vendredi-20-mars\/"},"author":{"name":"Inovallee","@id":"https:\/\/www.inovallee.com\/#\/schema\/person\/a45b15518aad3111b2d61d257a3e023b"},"headline":"L&#039;actualit\u00e9 d&#039;inovall\u00e9e : Lancement de la table ouverte des dirigeants le vendredi 20 mars","datePublished":"2015-02-12T15:08:00+00:00","dateModified":"2020-06-23T13:35:46+00:00","mainEntityOfPage":{"@id":"https:\/\/www.inovallee.com\/lactualite-dinovallee-lancement-de-la-table-ouverte-des-dirigeants-le-vendredi-20-mars\/"},"wordCount":193,"publisher":{"@id":"https:\/\/www.inovallee.com\/#organization"},"articleSection":["Technopole inovall\u00e9e"],"inLanguage":"en-GB"},{"@type":"WebPage","@id":"https:\/\/www.inovallee.com\/lactualite-dinovallee-lancement-de-la-table-ouverte-des-dirigeants-le-vendredi-20-mars\/","url":"https:\/\/www.inovallee.com\/lactualite-dinovallee-lancement-de-la-table-ouverte-des-dirigeants-le-vendredi-20-mars\/","name":"L&#039;actualit\u00e9 d&#039;inovall\u00e9e : Lancement de la table ouverte des dirigeants le vendredi 20 mars - inovall\u00e9e","isPartOf":{"@id":"https:\/\/www.inovallee.com\/#website"},"datePublished":"2015-02-12T15:08:00+00:00","dateModified":"2020-06-23T13:35:46+00:00","breadcrumb":{"@id":"https:\/\/www.inovallee.com\/lactualite-dinovallee-lancement-de-la-table-ouverte-des-dirigeants-le-vendredi-20-mars\/#breadcrumb"},"inLanguage":"en-GB","potentialAction":[{"@type":"ReadAction","target":["https:\/\/www.inovallee.com\/lactualite-dinovallee-lancement-de-la-table-ouverte-des-dirigeants-le-vendredi-20-mars\/"]}]},{"@type":"BreadcrumbList","@id":"https:\/\/www.inovallee.com\/lactualite-dinovallee-lancement-de-la-table-ouverte-des-dirigeants-le-vendredi-20-mars\/#breadcrumb","itemListElement":[{"@type":"ListItem","position":1,"name":"Accueil","item":"https:\/\/www.inovallee.com\/"},{"@type":"ListItem","position":2,"name":"L&#039;actualit\u00e9 d&#039;inovall\u00e9e : Lancement de la table ouverte des dirigeants le vendredi 20 mars"}]},{"@type":"WebSite","@id":"https:\/\/www.inovallee.com\/#website","url":"https:\/\/www.inovallee.com\/","name":"inovall\u00e9e technopole, Home to software & smart technologies","description":"Home to software &amp; smart technologies","publisher":{"@id":"https:\/\/www.inovallee.com\/#organization"},"potentialAction":[{"@type":"SearchAction","target":{"@type":"EntryPoint","urlTemplate":"https:\/\/www.inovallee.com\/?s={search_term_string}"},"query-input":{"@type":"PropertyValueSpecification","valueRequired":true,"valueName":"search_term_string"}}],"inLanguage":"en-GB"},{"@type":"Organization","@id":"https:\/\/www.inovallee.com\/#organization","name":"inovall\u00e9e","url":"https:\/\/www.inovallee.com\/","logo":{"@type":"ImageObject","inLanguage":"en-GB","@id":"https:\/\/www.inovallee.com\/#\/schema\/logo\/image\/","url":"https:\/\/www.inovallee.com\/wp-content\/uploads\/2023\/08\/inovallee_2022_GrenobleAlpes.png","contentUrl":"https:\/\/www.inovallee.com\/wp-content\/uploads\/2023\/08\/inovallee_2022_GrenobleAlpes.png","width":945,"height":369,"caption":"inovall\u00e9e"},"image":{"@id":"https:\/\/www.inovallee.com\/#\/schema\/logo\/image\/"},"sameAs":["https:\/\/www.facebook.com\/technopoleinovallee\/","https:\/\/x.com\/inovallee","https:\/\/www.linkedin.com\/company\/inovall-e\/","https:\/\/www.youtube.com\/user\/inovallee?reload=9"]},{"@type":"Person","@id":"https:\/\/www.inovallee.com\/#\/schema\/person\/a45b15518aad3111b2d61d257a3e023b","name":"Inovallee"}]}},"_links":{"self":[{"href":"http:\/\/www.inovallee.com\/en\/wp-json\/wp\/v2\/posts\/28839","targetHints":{"allow":["GET"]}}],"collection":[{"href":"http:\/\/www.inovallee.com\/en\/wp-json\/wp\/v2\/posts"}],"about":[{"href":"http:\/\/www.inovallee.com\/en\/wp-json\/wp\/v2\/types\/post"}],"author":[{"embeddable":true,"href":"http:\/\/www.inovallee.com\/en\/wp-json\/wp\/v2\/users\/6"}],"replies":[{"embeddable":true,"href":"http:\/\/www.inovallee.com\/en\/wp-json\/wp\/v2\/comments?post=28839"}],"version-history":[{"count":0,"href":"http:\/\/www.inovallee.com\/en\/wp-json\/wp\/v2\/posts\/28839\/revisions"}],"wp:attachment":[{"href":"http:\/\/www.inovallee.com\/en\/wp-json\/wp\/v2\/media?parent=28839"}],"wp:term":[{"taxonomy":"category","embeddable":true,"href":"http:\/\/www.inovallee.com\/en\/wp-json\/wp\/v2\/categories?post=28839"},{"taxonomy":"post_tag","embeddable":true,"href":"http:\/\/www.inovallee.com\/en\/wp-json\/wp\/v2\/tags?post=28839"}],"curies":[{"name":"wp","href":"https:\/\/api.w.org\/{rel}","templated":true}]}}