{"id":29026,"date":"2012-09-26T20:49:00","date_gmt":"2012-09-26T18:49:00","guid":{"rendered":"https:\/\/www.inovallee.com\/conference-aueg-sur-les-tiers-lieux-dactivite\/"},"modified":"2020-06-23T18:42:45","modified_gmt":"2020-06-23T16:42:45","slug":"conference-aueg-sur-les-tiers-lieux-dactivite","status":"publish","type":"post","link":"https:\/\/www.inovallee.com\/en\/conference-aueg-sur-les-tiers-lieux-dactivite\/","title":{"rendered":"Conf\u00e9rence AUEG sur les tiers lieux d&#039;activit\u00e9"},"content":{"rendered":"<div dir=\"ltr\" style=\"text-align: left;\">\n<div style=\"clear: both; text-align: center;\"><a href=\"http:\/\/www.aueg.org\/images\/news_slider\/Generic_AUEG.png\" style=\"clear: left; float: left; margin-bottom: 1em; margin-right: 1em;\"><span style=\"font-family: Verdana, sans-serif; font-size: x-small;\"><img decoding=\"async\" border=\"0\" height=\"200\" src=\"http:\/\/www.aueg.org\/images\/news_slider\/Generic_AUEG.png\" width=\"150\" \/><\/span><\/a><\/div>\n<p><span style=\"font-family: Verdana, sans-serif; font-size: x-small;\">Dans sa poursuite d\u2019une r\u00e9flexion sur le D\u00e9veloppement Durable, l\u2019AUEG vous invite \u00e0 une table ronde jeudi 11 octobre de 17h30 \u00e0 20h dans l&rsquo;amphith\u00e9atre d&rsquo;Orange Labs sur le th\u00e8me : Table ronde \u00ab\u00a0Tiers lieux d&rsquo;activit\u00e9, un nouvel outil du d\u00e9ploiement de la RSE\u00a0\u00bb. <a href=\"https:\/\/www.inovallee.com\/en\/pdf\/newsletter\/news_25.09.12\/aueg_table_ronde.pdf\/\">En savoir plus<\/a><\/span><\/div>","protected":false},"excerpt":{"rendered":"<p>Dans sa poursuite d\u2019une r\u00e9flexion sur le D\u00e9veloppement Durable, l\u2019AUEG vous invite \u00e0 une table ronde jeudi 11 octobre de 17h30 \u00e0 20h dans l&rsquo;amphith\u00e9atre d&rsquo;Orange Labs sur le th\u00e8me : Table ronde \u00ab\u00a0Tiers lieux d&rsquo;activit\u00e9, un nouvel outil du d\u00e9ploiement de la RSE\u00a0\u00bb. En savoir plus<\/p>","protected":false},"author":6,"featured_media":0,"comment_status":"closed","ping_status":"open","sticky":false,"template":"","format":"standard","meta":{"footnotes":""},"categories":[33],"tags":[],"class_list":["post-29026","post","type-post","status-publish","format-standard","hentry","category-transport-mobilite-durable"],"yoast_head":"<!-- This site is optimized with the Yoast SEO plugin v27.4 - https:\/\/yoast.com\/product\/yoast-seo-wordpress\/ -->\n<title>Conf\u00e9rence AUEG sur les tiers lieux d&#039;activit\u00e9 - inovall\u00e9e<\/title>\n<meta name=\"robots\" content=\"index, follow, max-snippet:-1, max-image-preview:large, max-video-preview:-1\" \/>\n<link rel=\"canonical\" href=\"https:\/\/www.inovallee.com\/en\/conference-aueg-sur-les-tiers-lieux-dactivite\/\" \/>\n<meta property=\"og:locale\" content=\"en_GB\" \/>\n<meta property=\"og:type\" content=\"article\" \/>\n<meta property=\"og:title\" content=\"Conf\u00e9rence AUEG sur les tiers lieux d&#039;activit\u00e9 - inovall\u00e9e\" \/>\n<meta property=\"og:description\" content=\"Dans sa poursuite d\u2019une r\u00e9flexion sur le D\u00e9veloppement Durable, l\u2019AUEG vous invite \u00e0 une table ronde jeudi 11 octobre de 17h30 \u00e0 20h dans l&rsquo;amphith\u00e9atre d&rsquo;Orange Labs sur le th\u00e8me : Table ronde \u00ab\u00a0Tiers lieux d&rsquo;activit\u00e9, un nouvel outil du d\u00e9ploiement de la RSE\u00a0\u00bb. En savoir plus\" \/>\n<meta property=\"og:url\" content=\"https:\/\/www.inovallee.com\/en\/conference-aueg-sur-les-tiers-lieux-dactivite\/\" \/>\n<meta property=\"og:site_name\" content=\"inovall\u00e9e\" \/>\n<meta property=\"article:publisher\" content=\"https:\/\/www.facebook.com\/technopoleinovallee\/\" \/>\n<meta property=\"article:published_time\" content=\"2012-09-26T18:49:00+00:00\" \/>\n<meta property=\"article:modified_time\" content=\"2020-06-23T16:42:45+00:00\" \/>\n<meta property=\"og:image\" content=\"http:\/\/www.aueg.org\/images\/news_slider\/Generic_AUEG.png\" \/>\n<meta name=\"author\" content=\"Inovallee\" \/>\n<meta name=\"twitter:card\" content=\"summary_large_image\" \/>\n<meta name=\"twitter:creator\" content=\"@inovallee\" \/>\n<meta name=\"twitter:site\" content=\"@inovallee\" \/>\n<meta name=\"twitter:label1\" content=\"Written by\" \/>\n\t<meta name=\"twitter:data1\" content=\"Inovallee\" \/>\n<script type=\"application\/ld+json\" class=\"yoast-schema-graph\">{\"@context\":\"https:\\\/\\\/schema.org\",\"@graph\":[{\"@type\":\"Article\",\"@id\":\"https:\\\/\\\/www.inovallee.com\\\/conference-aueg-sur-les-tiers-lieux-dactivite\\\/#article\",\"isPartOf\":{\"@id\":\"https:\\\/\\\/www.inovallee.com\\\/conference-aueg-sur-les-tiers-lieux-dactivite\\\/\"},\"author\":{\"name\":\"Inovallee\",\"@id\":\"https:\\\/\\\/www.inovallee.com\\\/#\\\/schema\\\/person\\\/a45b15518aad3111b2d61d257a3e023b\"},\"headline\":\"Conf\u00e9rence AUEG sur les tiers lieux d&#039;activit\u00e9\",\"datePublished\":\"2012-09-26T18:49:00+00:00\",\"dateModified\":\"2020-06-23T16:42:45+00:00\",\"mainEntityOfPage\":{\"@id\":\"https:\\\/\\\/www.inovallee.com\\\/conference-aueg-sur-les-tiers-lieux-dactivite\\\/\"},\"wordCount\":62,\"publisher\":{\"@id\":\"https:\\\/\\\/www.inovallee.com\\\/#organization\"},\"image\":{\"@id\":\"https:\\\/\\\/www.inovallee.com\\\/conference-aueg-sur-les-tiers-lieux-dactivite\\\/#primaryimage\"},\"thumbnailUrl\":\"http:\\\/\\\/www.aueg.org\\\/images\\\/news_slider\\\/Generic_AUEG.png\",\"articleSection\":[\"Transport et mobilit\u00e9 durable\"],\"inLanguage\":\"en-GB\"},{\"@type\":\"WebPage\",\"@id\":\"https:\\\/\\\/www.inovallee.com\\\/conference-aueg-sur-les-tiers-lieux-dactivite\\\/\",\"url\":\"https:\\\/\\\/www.inovallee.com\\\/conference-aueg-sur-les-tiers-lieux-dactivite\\\/\",\"name\":\"Conf\u00e9rence AUEG sur les tiers lieux d&#039;activit\u00e9 - inovall\u00e9e\",\"isPartOf\":{\"@id\":\"https:\\\/\\\/www.inovallee.com\\\/#website\"},\"primaryImageOfPage\":{\"@id\":\"https:\\\/\\\/www.inovallee.com\\\/conference-aueg-sur-les-tiers-lieux-dactivite\\\/#primaryimage\"},\"image\":{\"@id\":\"https:\\\/\\\/www.inovallee.com\\\/conference-aueg-sur-les-tiers-lieux-dactivite\\\/#primaryimage\"},\"thumbnailUrl\":\"http:\\\/\\\/www.aueg.org\\\/images\\\/news_slider\\\/Generic_AUEG.png\",\"datePublished\":\"2012-09-26T18:49:00+00:00\",\"dateModified\":\"2020-06-23T16:42:45+00:00\",\"breadcrumb\":{\"@id\":\"https:\\\/\\\/www.inovallee.com\\\/conference-aueg-sur-les-tiers-lieux-dactivite\\\/#breadcrumb\"},\"inLanguage\":\"en-GB\",\"potentialAction\":[{\"@type\":\"ReadAction\",\"target\":[\"https:\\\/\\\/www.inovallee.com\\\/conference-aueg-sur-les-tiers-lieux-dactivite\\\/\"]}]},{\"@type\":\"ImageObject\",\"inLanguage\":\"en-GB\",\"@id\":\"https:\\\/\\\/www.inovallee.com\\\/conference-aueg-sur-les-tiers-lieux-dactivite\\\/#primaryimage\",\"url\":\"http:\\\/\\\/www.aueg.org\\\/images\\\/news_slider\\\/Generic_AUEG.png\",\"contentUrl\":\"http:\\\/\\\/www.aueg.org\\\/images\\\/news_slider\\\/Generic_AUEG.png\"},{\"@type\":\"BreadcrumbList\",\"@id\":\"https:\\\/\\\/www.inovallee.com\\\/conference-aueg-sur-les-tiers-lieux-dactivite\\\/#breadcrumb\",\"itemListElement\":[{\"@type\":\"ListItem\",\"position\":1,\"name\":\"Accueil\",\"item\":\"https:\\\/\\\/www.inovallee.com\\\/\"},{\"@type\":\"ListItem\",\"position\":2,\"name\":\"Conf\u00e9rence AUEG sur les tiers lieux d&#039;activit\u00e9\"}]},{\"@type\":\"WebSite\",\"@id\":\"https:\\\/\\\/www.inovallee.com\\\/#website\",\"url\":\"https:\\\/\\\/www.inovallee.com\\\/\",\"name\":\"inovall\u00e9e technopole, Home to software & smart technologies\",\"description\":\"Home to software &amp; smart technologies\",\"publisher\":{\"@id\":\"https:\\\/\\\/www.inovallee.com\\\/#organization\"},\"potentialAction\":[{\"@type\":\"SearchAction\",\"target\":{\"@type\":\"EntryPoint\",\"urlTemplate\":\"https:\\\/\\\/www.inovallee.com\\\/?s={search_term_string}\"},\"query-input\":{\"@type\":\"PropertyValueSpecification\",\"valueRequired\":true,\"valueName\":\"search_term_string\"}}],\"inLanguage\":\"en-GB\"},{\"@type\":\"Organization\",\"@id\":\"https:\\\/\\\/www.inovallee.com\\\/#organization\",\"name\":\"inovall\u00e9e\",\"url\":\"https:\\\/\\\/www.inovallee.com\\\/\",\"logo\":{\"@type\":\"ImageObject\",\"inLanguage\":\"en-GB\",\"@id\":\"https:\\\/\\\/www.inovallee.com\\\/#\\\/schema\\\/logo\\\/image\\\/\",\"url\":\"https:\\\/\\\/www.inovallee.com\\\/wp-content\\\/uploads\\\/2023\\\/08\\\/inovallee_2022_GrenobleAlpes.png\",\"contentUrl\":\"https:\\\/\\\/www.inovallee.com\\\/wp-content\\\/uploads\\\/2023\\\/08\\\/inovallee_2022_GrenobleAlpes.png\",\"width\":945,\"height\":369,\"caption\":\"inovall\u00e9e\"},\"image\":{\"@id\":\"https:\\\/\\\/www.inovallee.com\\\/#\\\/schema\\\/logo\\\/image\\\/\"},\"sameAs\":[\"https:\\\/\\\/www.facebook.com\\\/technopoleinovallee\\\/\",\"https:\\\/\\\/x.com\\\/inovallee\",\"https:\\\/\\\/www.linkedin.com\\\/company\\\/inovall-e\\\/\",\"https:\\\/\\\/www.youtube.com\\\/user\\\/inovallee?reload=9\"]},{\"@type\":\"Person\",\"@id\":\"https:\\\/\\\/www.inovallee.com\\\/#\\\/schema\\\/person\\\/a45b15518aad3111b2d61d257a3e023b\",\"name\":\"Inovallee\"}]}<\/script>\n<!-- \/ Yoast SEO plugin. -->","yoast_head_json":{"title":"Conf\u00e9rence AUEG sur les tiers lieux d&#039;activit\u00e9 - inovall\u00e9e","robots":{"index":"index","follow":"follow","max-snippet":"max-snippet:-1","max-image-preview":"max-image-preview:large","max-video-preview":"max-video-preview:-1"},"canonical":"https:\/\/www.inovallee.com\/en\/conference-aueg-sur-les-tiers-lieux-dactivite\/","og_locale":"en_GB","og_type":"article","og_title":"Conf\u00e9rence AUEG sur les tiers lieux d&#039;activit\u00e9 - inovall\u00e9e","og_description":"Dans sa poursuite d\u2019une r\u00e9flexion sur le D\u00e9veloppement Durable, l\u2019AUEG vous invite \u00e0 une table ronde jeudi 11 octobre de 17h30 \u00e0 20h dans l&rsquo;amphith\u00e9atre d&rsquo;Orange Labs sur le th\u00e8me : Table ronde \u00ab\u00a0Tiers lieux d&rsquo;activit\u00e9, un nouvel outil du d\u00e9ploiement de la RSE\u00a0\u00bb. En savoir plus","og_url":"https:\/\/www.inovallee.com\/en\/conference-aueg-sur-les-tiers-lieux-dactivite\/","og_site_name":"inovall\u00e9e","article_publisher":"https:\/\/www.facebook.com\/technopoleinovallee\/","article_published_time":"2012-09-26T18:49:00+00:00","article_modified_time":"2020-06-23T16:42:45+00:00","og_image":[{"url":"http:\/\/www.aueg.org\/images\/news_slider\/Generic_AUEG.png","type":"","width":"","height":""}],"author":"Inovallee","twitter_card":"summary_large_image","twitter_creator":"@inovallee","twitter_site":"@inovallee","twitter_misc":{"Written by":"Inovallee"},"schema":{"@context":"https:\/\/schema.org","@graph":[{"@type":"Article","@id":"https:\/\/www.inovallee.com\/conference-aueg-sur-les-tiers-lieux-dactivite\/#article","isPartOf":{"@id":"https:\/\/www.inovallee.com\/conference-aueg-sur-les-tiers-lieux-dactivite\/"},"author":{"name":"Inovallee","@id":"https:\/\/www.inovallee.com\/#\/schema\/person\/a45b15518aad3111b2d61d257a3e023b"},"headline":"Conf\u00e9rence AUEG sur les tiers lieux d&#039;activit\u00e9","datePublished":"2012-09-26T18:49:00+00:00","dateModified":"2020-06-23T16:42:45+00:00","mainEntityOfPage":{"@id":"https:\/\/www.inovallee.com\/conference-aueg-sur-les-tiers-lieux-dactivite\/"},"wordCount":62,"publisher":{"@id":"https:\/\/www.inovallee.com\/#organization"},"image":{"@id":"https:\/\/www.inovallee.com\/conference-aueg-sur-les-tiers-lieux-dactivite\/#primaryimage"},"thumbnailUrl":"http:\/\/www.aueg.org\/images\/news_slider\/Generic_AUEG.png","articleSection":["Transport et mobilit\u00e9 durable"],"inLanguage":"en-GB"},{"@type":"WebPage","@id":"https:\/\/www.inovallee.com\/conference-aueg-sur-les-tiers-lieux-dactivite\/","url":"https:\/\/www.inovallee.com\/conference-aueg-sur-les-tiers-lieux-dactivite\/","name":"Conf\u00e9rence AUEG sur les tiers lieux d&#039;activit\u00e9 - inovall\u00e9e","isPartOf":{"@id":"https:\/\/www.inovallee.com\/#website"},"primaryImageOfPage":{"@id":"https:\/\/www.inovallee.com\/conference-aueg-sur-les-tiers-lieux-dactivite\/#primaryimage"},"image":{"@id":"https:\/\/www.inovallee.com\/conference-aueg-sur-les-tiers-lieux-dactivite\/#primaryimage"},"thumbnailUrl":"http:\/\/www.aueg.org\/images\/news_slider\/Generic_AUEG.png","datePublished":"2012-09-26T18:49:00+00:00","dateModified":"2020-06-23T16:42:45+00:00","breadcrumb":{"@id":"https:\/\/www.inovallee.com\/conference-aueg-sur-les-tiers-lieux-dactivite\/#breadcrumb"},"inLanguage":"en-GB","potentialAction":[{"@type":"ReadAction","target":["https:\/\/www.inovallee.com\/conference-aueg-sur-les-tiers-lieux-dactivite\/"]}]},{"@type":"ImageObject","inLanguage":"en-GB","@id":"https:\/\/www.inovallee.com\/conference-aueg-sur-les-tiers-lieux-dactivite\/#primaryimage","url":"http:\/\/www.aueg.org\/images\/news_slider\/Generic_AUEG.png","contentUrl":"http:\/\/www.aueg.org\/images\/news_slider\/Generic_AUEG.png"},{"@type":"BreadcrumbList","@id":"https:\/\/www.inovallee.com\/conference-aueg-sur-les-tiers-lieux-dactivite\/#breadcrumb","itemListElement":[{"@type":"ListItem","position":1,"name":"Accueil","item":"https:\/\/www.inovallee.com\/"},{"@type":"ListItem","position":2,"name":"Conf\u00e9rence AUEG sur les tiers lieux d&#039;activit\u00e9"}]},{"@type":"WebSite","@id":"https:\/\/www.inovallee.com\/#website","url":"https:\/\/www.inovallee.com\/","name":"inovall\u00e9e technopole, Home to software & smart technologies","description":"Home to software &amp; smart technologies","publisher":{"@id":"https:\/\/www.inovallee.com\/#organization"},"potentialAction":[{"@type":"SearchAction","target":{"@type":"EntryPoint","urlTemplate":"https:\/\/www.inovallee.com\/?s={search_term_string}"},"query-input":{"@type":"PropertyValueSpecification","valueRequired":true,"valueName":"search_term_string"}}],"inLanguage":"en-GB"},{"@type":"Organization","@id":"https:\/\/www.inovallee.com\/#organization","name":"inovall\u00e9e","url":"https:\/\/www.inovallee.com\/","logo":{"@type":"ImageObject","inLanguage":"en-GB","@id":"https:\/\/www.inovallee.com\/#\/schema\/logo\/image\/","url":"https:\/\/www.inovallee.com\/wp-content\/uploads\/2023\/08\/inovallee_2022_GrenobleAlpes.png","contentUrl":"https:\/\/www.inovallee.com\/wp-content\/uploads\/2023\/08\/inovallee_2022_GrenobleAlpes.png","width":945,"height":369,"caption":"inovall\u00e9e"},"image":{"@id":"https:\/\/www.inovallee.com\/#\/schema\/logo\/image\/"},"sameAs":["https:\/\/www.facebook.com\/technopoleinovallee\/","https:\/\/x.com\/inovallee","https:\/\/www.linkedin.com\/company\/inovall-e\/","https:\/\/www.youtube.com\/user\/inovallee?reload=9"]},{"@type":"Person","@id":"https:\/\/www.inovallee.com\/#\/schema\/person\/a45b15518aad3111b2d61d257a3e023b","name":"Inovallee"}]}},"_links":{"self":[{"href":"https:\/\/www.inovallee.com\/en\/wp-json\/wp\/v2\/posts\/29026","targetHints":{"allow":["GET"]}}],"collection":[{"href":"https:\/\/www.inovallee.com\/en\/wp-json\/wp\/v2\/posts"}],"about":[{"href":"https:\/\/www.inovallee.com\/en\/wp-json\/wp\/v2\/types\/post"}],"author":[{"embeddable":true,"href":"https:\/\/www.inovallee.com\/en\/wp-json\/wp\/v2\/users\/6"}],"replies":[{"embeddable":true,"href":"https:\/\/www.inovallee.com\/en\/wp-json\/wp\/v2\/comments?post=29026"}],"version-history":[{"count":0,"href":"https:\/\/www.inovallee.com\/en\/wp-json\/wp\/v2\/posts\/29026\/revisions"}],"wp:attachment":[{"href":"https:\/\/www.inovallee.com\/en\/wp-json\/wp\/v2\/media?parent=29026"}],"wp:term":[{"taxonomy":"category","embeddable":true,"href":"https:\/\/www.inovallee.com\/en\/wp-json\/wp\/v2\/categories?post=29026"},{"taxonomy":"post_tag","embeddable":true,"href":"https:\/\/www.inovallee.com\/en\/wp-json\/wp\/v2\/tags?post=29026"}],"curies":[{"name":"wp","href":"https:\/\/api.w.org\/{rel}","templated":true}]}}