{"id":37244,"date":"2021-10-13T18:10:36","date_gmt":"2021-10-13T16:10:36","guid":{"rendered":"https:\/\/www.inovallee.com\/?p=37244"},"modified":"2021-10-13T18:10:36","modified_gmt":"2021-10-13T16:10:36","slug":"rh-appartenance-comment-retrouver-le-sentiment-dappartenance-de-ses-collaborateurs-et-reactiver-le-sens-au-travail-en-post-covid-table-ronde-le-19-octobre-a-inovallee-animee-par-solus","status":"publish","type":"post","link":"http:\/\/www.inovallee.com\/en\/rh-appartenance-comment-retrouver-le-sentiment-dappartenance-de-ses-collaborateurs-et-reactiver-le-sens-au-travail-en-post-covid-table-ronde-le-19-octobre-a-inovallee-animee-par-solus\/","title":{"rendered":"[RH &#038; appartenance] : comment retrouver le sentiment d\u2019appartenance de ses collaborateurs et r\u00e9activer le sens au travail en post Covid ? Table ronde le 19 octobre \u00e0 inovall\u00e9e anim\u00e9e par Solusens"},"content":{"rendered":"<p>La crise Covid a subitement ramen\u00e9 chacun d\u2019entre nous \u00e0 ses questions existentielles et \u00e0 la gestion de ses priorit\u00e9s. Le t\u00e9l\u00e9travail a suscit\u00e9 un nouvel engouement et pour certains collaborateurs, le retour en entreprise est difficile. La g\u00e9n\u00e9ration Z (comme zapping\u00a0?) arrive sur le march\u00e9 du travail avec de nouvelles qu\u00eates (de sens, d\u2019\u00e9panouissement et de libert\u00e9). Et pour la premi\u00e8re fois depuis tr\u00e8s longtemps, les postes \u00e0 pourvoir sont plus nombreux que les talents sur le march\u00e9\u00a0!<\/p>\n<p>Face \u00e0 toutes ces nouvelles r\u00e9alit\u00e9s, les entreprises doivent repenser leurs modes de recrutement, de management, et globalement toute leur mani\u00e8re de r\u00e9-inventer l\u2019appartenance de leurs collaborateurs, et ce alors m\u00eame qu\u2019elles sont en forte croissance avec de nombreux postes \u00e0 pourvoir.<\/p>\n<p>Pour t\u00e2cher de comprendre les enjeux de ces mutations, Solusens organise en partenariat avec inovall\u00e9e une table ronde, anim\u00e9e par Muriel Passaro et V\u00e9ronique Brenner, avec les t\u00e9moignages et regards crois\u00e9s de\u00a0:<\/p>\n<ul>\n<li><a href=\"https:\/\/www.linkedin.com\/in\/dimitri-francois-a7b42920\/\">Dimitri FRANCOIS<\/a>\u00a0: dirigeant de ALPES FLEXIBLES<\/li>\n<li><a href=\"https:\/\/www.linkedin.com\/in\/carole-pilot-499a3749\/\">Carole PILOT<\/a>\u00a0: RRH de MHIKES<\/li>\n<li><a href=\"https:\/\/www.linkedin.com\/in\/jean-baptiste-reynaud-525a77156\/\">Jean-Baptiste REYNAUD<\/a>\u00a0: nouveau manager CERFRANCE<\/li>\n<li><a href=\"https:\/\/www.linkedin.com\/in\/jannotta\/\">Arnaud JANNOTTA<\/a> : entrepreneur de start up et Product manager en grand groupe<\/li>\n<\/ul>\n<p>Parmi les th\u00e8mes qui seront abord\u00e9s\u00a0:<\/p>\n<ul>\n<li>les RH en post-COVID.<\/li>\n<li>la fusion grand groupe \/ start up et ses impacts sur l\u2019\u00e9quipe<\/li>\n<li>l\u2019alignement valeurs personnelles et professionnelles<\/li>\n<li>Comment pr\u00e9parer l\u2019avenir pour que les entreprises et les collaborateurs trouvent des terrains de coop\u00e9ration communs dans une logique de progr\u00e8s de chacun\u00a0?<\/li>\n<li>Comment l\u2019entreprise entend et contribue \u00e0 l\u2019\u00e9panouissement des collaborateurs pour les fid\u00e9liser et \u00e9viter le d\u00e9part des meilleurs\u00a0?<\/li>\n<\/ul>\n<p>&nbsp;<\/p>\n<p>Modalit\u00e9s pratiques\u00a0: le mardi 19 octobre de 12h30 \u00e0 14h30 \u00e0 inovall\u00e9e<\/p>\n<p>Inscription gratuite obligatoire ici\u00a0: <a href=\"https:\/\/inovallee.agilybox.fr\/evenement\/detail\/13087\/table-ronde-innovation-sociale-quid-du-sens-et-de-lappartenance-en-entreprise-dans-un-monde-volatil\/\">https:\/\/inovallee.agilybox.fr\/evenement\/detail\/13087\/table-ronde-innovation-sociale-quid-du-sens-et-de-lappartenance-en-entreprise-dans-un-monde-volatil\/<\/a><\/p>","protected":false},"excerpt":{"rendered":"<p>La crise Covid a subitement ramen\u00e9 chacun d\u2019entre nous \u00e0 ses questions existentielles et \u00e0 la gestion de ses priorit\u00e9s. Le t\u00e9l\u00e9travail a suscit\u00e9 un nouvel engouement et pour certains collaborateurs, le retour en entreprise est difficile. La g\u00e9n\u00e9ration Z (comme zapping\u00a0?) arrive sur le march\u00e9 du travail avec de nouvelles qu\u00eates (de sens, d\u2019\u00e9panouissement [&hellip;]<\/p>\n","protected":false},"author":4,"featured_media":37245,"comment_status":"closed","ping_status":"open","sticky":false,"template":"","format":"standard","meta":{"footnotes":""},"categories":[41,56],"tags":[79],"class_list":["post-37244","post","type-post","status-publish","format-standard","has-post-thumbnail","hentry","category-entrepreneur-competences","category-bonnes-pratiques-rh-management","tag-rh"],"yoast_head":"<!-- This site is optimized with the Yoast SEO plugin v27.4 - https:\/\/yoast.com\/product\/yoast-seo-wordpress\/ -->\n<title>[RH &amp; appartenance] : comment retrouver le sentiment d\u2019appartenance de ses collaborateurs et r\u00e9activer le sens au travail en post Covid ? Table ronde le 19 octobre \u00e0 inovall\u00e9e anim\u00e9e par Solusens - inovall\u00e9e<\/title>\n<meta name=\"robots\" content=\"index, follow, max-snippet:-1, max-image-preview:large, max-video-preview:-1\" \/>\n<link rel=\"canonical\" href=\"https:\/\/www.inovallee.com\/en\/rh-appartenance-comment-retrouver-le-sentiment-dappartenance-de-ses-collaborateurs-et-reactiver-le-sens-au-travail-en-post-covid-table-ronde-le-19-octobre-a-inovallee-animee-par-solus\/\" \/>\n<meta property=\"og:locale\" content=\"en_GB\" \/>\n<meta property=\"og:type\" content=\"article\" \/>\n<meta property=\"og:title\" content=\"[RH &amp; appartenance] : comment retrouver le sentiment d\u2019appartenance de ses collaborateurs et r\u00e9activer le sens au travail en post Covid ? Table ronde le 19 octobre \u00e0 inovall\u00e9e anim\u00e9e par Solusens - inovall\u00e9e\" \/>\n<meta property=\"og:description\" content=\"La crise Covid a subitement ramen\u00e9 chacun d\u2019entre nous \u00e0 ses questions existentielles et \u00e0 la gestion de ses priorit\u00e9s. Le t\u00e9l\u00e9travail a suscit\u00e9 un nouvel engouement et pour certains collaborateurs, le retour en entreprise est difficile. La g\u00e9n\u00e9ration Z (comme zapping\u00a0?) arrive sur le march\u00e9 du travail avec de nouvelles qu\u00eates (de sens, d\u2019\u00e9panouissement [&hellip;]\" \/>\n<meta property=\"og:url\" content=\"https:\/\/www.inovallee.com\/en\/rh-appartenance-comment-retrouver-le-sentiment-dappartenance-de-ses-collaborateurs-et-reactiver-le-sens-au-travail-en-post-covid-table-ronde-le-19-octobre-a-inovallee-animee-par-solus\/\" \/>\n<meta property=\"og:site_name\" content=\"inovall\u00e9e\" \/>\n<meta property=\"article:publisher\" content=\"https:\/\/www.facebook.com\/technopoleinovallee\/\" \/>\n<meta property=\"article:published_time\" content=\"2021-10-13T16:10:36+00:00\" \/>\n<meta property=\"og:image\" content=\"https:\/\/www.inovallee.com\/wp-content\/uploads\/2021\/10\/innovation_sociale.jpg\" \/>\n\t<meta property=\"og:image:width\" content=\"745\" \/>\n\t<meta property=\"og:image:height\" content=\"497\" \/>\n\t<meta property=\"og:image:type\" content=\"image\/jpeg\" \/>\n<meta name=\"author\" content=\"Claire Chanterelle\" \/>\n<meta name=\"twitter:card\" content=\"summary_large_image\" \/>\n<meta name=\"twitter:creator\" content=\"@inovallee\" \/>\n<meta name=\"twitter:site\" content=\"@inovallee\" \/>\n<meta name=\"twitter:label1\" content=\"Written by\" \/>\n\t<meta name=\"twitter:data1\" content=\"Claire Chanterelle\" \/>\n\t<meta name=\"twitter:label2\" content=\"Estimated reading time\" \/>\n\t<meta name=\"twitter:data2\" content=\"2 minutes\" \/>\n<script type=\"application\/ld+json\" class=\"yoast-schema-graph\">{\"@context\":\"https:\\\/\\\/schema.org\",\"@graph\":[{\"@type\":\"Article\",\"@id\":\"https:\\\/\\\/www.inovallee.com\\\/rh-appartenance-comment-retrouver-le-sentiment-dappartenance-de-ses-collaborateurs-et-reactiver-le-sens-au-travail-en-post-covid-table-ronde-le-19-octobre-a-inovallee-animee-par-solus\\\/#article\",\"isPartOf\":{\"@id\":\"https:\\\/\\\/www.inovallee.com\\\/rh-appartenance-comment-retrouver-le-sentiment-dappartenance-de-ses-collaborateurs-et-reactiver-le-sens-au-travail-en-post-covid-table-ronde-le-19-octobre-a-inovallee-animee-par-solus\\\/\"},\"author\":{\"name\":\"Claire Chanterelle\",\"@id\":\"https:\\\/\\\/www.inovallee.com\\\/#\\\/schema\\\/person\\\/6cdcf0ed58ac3e1ef08041bdf7815902\"},\"headline\":\"[RH &#038; appartenance] : comment retrouver le sentiment d\u2019appartenance de ses collaborateurs et r\u00e9activer le sens au travail en post Covid ? Table ronde le 19 octobre \u00e0 inovall\u00e9e anim\u00e9e par Solusens\",\"datePublished\":\"2021-10-13T16:10:36+00:00\",\"mainEntityOfPage\":{\"@id\":\"https:\\\/\\\/www.inovallee.com\\\/rh-appartenance-comment-retrouver-le-sentiment-dappartenance-de-ses-collaborateurs-et-reactiver-le-sens-au-travail-en-post-covid-table-ronde-le-19-octobre-a-inovallee-animee-par-solus\\\/\"},\"wordCount\":331,\"publisher\":{\"@id\":\"https:\\\/\\\/www.inovallee.com\\\/#organization\"},\"image\":{\"@id\":\"https:\\\/\\\/www.inovallee.com\\\/rh-appartenance-comment-retrouver-le-sentiment-dappartenance-de-ses-collaborateurs-et-reactiver-le-sens-au-travail-en-post-covid-table-ronde-le-19-octobre-a-inovallee-animee-par-solus\\\/#primaryimage\"},\"thumbnailUrl\":\"https:\\\/\\\/www.inovallee.com\\\/wp-content\\\/uploads\\\/2021\\\/10\\\/innovation_sociale.jpg\",\"keywords\":[\"#RH\"],\"articleSection\":[\"Entreprendre et d\u00e9velopper ses comp\u00e9tences\",\"RH, \u00e9quipe et management\"],\"inLanguage\":\"en-GB\"},{\"@type\":\"WebPage\",\"@id\":\"https:\\\/\\\/www.inovallee.com\\\/rh-appartenance-comment-retrouver-le-sentiment-dappartenance-de-ses-collaborateurs-et-reactiver-le-sens-au-travail-en-post-covid-table-ronde-le-19-octobre-a-inovallee-animee-par-solus\\\/\",\"url\":\"https:\\\/\\\/www.inovallee.com\\\/rh-appartenance-comment-retrouver-le-sentiment-dappartenance-de-ses-collaborateurs-et-reactiver-le-sens-au-travail-en-post-covid-table-ronde-le-19-octobre-a-inovallee-animee-par-solus\\\/\",\"name\":\"[RH & appartenance] : comment retrouver le sentiment d\u2019appartenance de ses collaborateurs et r\u00e9activer le sens au travail en post Covid ? Table ronde le 19 octobre \u00e0 inovall\u00e9e anim\u00e9e par Solusens - inovall\u00e9e\",\"isPartOf\":{\"@id\":\"https:\\\/\\\/www.inovallee.com\\\/#website\"},\"primaryImageOfPage\":{\"@id\":\"https:\\\/\\\/www.inovallee.com\\\/rh-appartenance-comment-retrouver-le-sentiment-dappartenance-de-ses-collaborateurs-et-reactiver-le-sens-au-travail-en-post-covid-table-ronde-le-19-octobre-a-inovallee-animee-par-solus\\\/#primaryimage\"},\"image\":{\"@id\":\"https:\\\/\\\/www.inovallee.com\\\/rh-appartenance-comment-retrouver-le-sentiment-dappartenance-de-ses-collaborateurs-et-reactiver-le-sens-au-travail-en-post-covid-table-ronde-le-19-octobre-a-inovallee-animee-par-solus\\\/#primaryimage\"},\"thumbnailUrl\":\"https:\\\/\\\/www.inovallee.com\\\/wp-content\\\/uploads\\\/2021\\\/10\\\/innovation_sociale.jpg\",\"datePublished\":\"2021-10-13T16:10:36+00:00\",\"breadcrumb\":{\"@id\":\"https:\\\/\\\/www.inovallee.com\\\/rh-appartenance-comment-retrouver-le-sentiment-dappartenance-de-ses-collaborateurs-et-reactiver-le-sens-au-travail-en-post-covid-table-ronde-le-19-octobre-a-inovallee-animee-par-solus\\\/#breadcrumb\"},\"inLanguage\":\"en-GB\",\"potentialAction\":[{\"@type\":\"ReadAction\",\"target\":[\"https:\\\/\\\/www.inovallee.com\\\/rh-appartenance-comment-retrouver-le-sentiment-dappartenance-de-ses-collaborateurs-et-reactiver-le-sens-au-travail-en-post-covid-table-ronde-le-19-octobre-a-inovallee-animee-par-solus\\\/\"]}]},{\"@type\":\"ImageObject\",\"inLanguage\":\"en-GB\",\"@id\":\"https:\\\/\\\/www.inovallee.com\\\/rh-appartenance-comment-retrouver-le-sentiment-dappartenance-de-ses-collaborateurs-et-reactiver-le-sens-au-travail-en-post-covid-table-ronde-le-19-octobre-a-inovallee-animee-par-solus\\\/#primaryimage\",\"url\":\"https:\\\/\\\/www.inovallee.com\\\/wp-content\\\/uploads\\\/2021\\\/10\\\/innovation_sociale.jpg\",\"contentUrl\":\"https:\\\/\\\/www.inovallee.com\\\/wp-content\\\/uploads\\\/2021\\\/10\\\/innovation_sociale.jpg\",\"width\":745,\"height\":497},{\"@type\":\"BreadcrumbList\",\"@id\":\"https:\\\/\\\/www.inovallee.com\\\/rh-appartenance-comment-retrouver-le-sentiment-dappartenance-de-ses-collaborateurs-et-reactiver-le-sens-au-travail-en-post-covid-table-ronde-le-19-octobre-a-inovallee-animee-par-solus\\\/#breadcrumb\",\"itemListElement\":[{\"@type\":\"ListItem\",\"position\":1,\"name\":\"Accueil\",\"item\":\"https:\\\/\\\/www.inovallee.com\\\/\"},{\"@type\":\"ListItem\",\"position\":2,\"name\":\"[RH &#038; appartenance] : comment retrouver le sentiment d\u2019appartenance de ses collaborateurs et r\u00e9activer le sens au travail en post Covid ? Table ronde le 19 octobre \u00e0 inovall\u00e9e anim\u00e9e par Solusens\"}]},{\"@type\":\"WebSite\",\"@id\":\"https:\\\/\\\/www.inovallee.com\\\/#website\",\"url\":\"https:\\\/\\\/www.inovallee.com\\\/\",\"name\":\"inovall\u00e9e technopole, Home to software & smart technologies\",\"description\":\"Home to software &amp; smart technologies\",\"publisher\":{\"@id\":\"https:\\\/\\\/www.inovallee.com\\\/#organization\"},\"potentialAction\":[{\"@type\":\"SearchAction\",\"target\":{\"@type\":\"EntryPoint\",\"urlTemplate\":\"https:\\\/\\\/www.inovallee.com\\\/?s={search_term_string}\"},\"query-input\":{\"@type\":\"PropertyValueSpecification\",\"valueRequired\":true,\"valueName\":\"search_term_string\"}}],\"inLanguage\":\"en-GB\"},{\"@type\":\"Organization\",\"@id\":\"https:\\\/\\\/www.inovallee.com\\\/#organization\",\"name\":\"inovall\u00e9e\",\"url\":\"https:\\\/\\\/www.inovallee.com\\\/\",\"logo\":{\"@type\":\"ImageObject\",\"inLanguage\":\"en-GB\",\"@id\":\"https:\\\/\\\/www.inovallee.com\\\/#\\\/schema\\\/logo\\\/image\\\/\",\"url\":\"https:\\\/\\\/www.inovallee.com\\\/wp-content\\\/uploads\\\/2023\\\/08\\\/inovallee_2022_GrenobleAlpes.png\",\"contentUrl\":\"https:\\\/\\\/www.inovallee.com\\\/wp-content\\\/uploads\\\/2023\\\/08\\\/inovallee_2022_GrenobleAlpes.png\",\"width\":945,\"height\":369,\"caption\":\"inovall\u00e9e\"},\"image\":{\"@id\":\"https:\\\/\\\/www.inovallee.com\\\/#\\\/schema\\\/logo\\\/image\\\/\"},\"sameAs\":[\"https:\\\/\\\/www.facebook.com\\\/technopoleinovallee\\\/\",\"https:\\\/\\\/x.com\\\/inovallee\",\"https:\\\/\\\/www.linkedin.com\\\/company\\\/inovall-e\\\/\",\"https:\\\/\\\/www.youtube.com\\\/user\\\/inovallee?reload=9\"]},{\"@type\":\"Person\",\"@id\":\"https:\\\/\\\/www.inovallee.com\\\/#\\\/schema\\\/person\\\/6cdcf0ed58ac3e1ef08041bdf7815902\",\"name\":\"Claire Chanterelle\"}]}<\/script>\n<!-- \/ Yoast SEO plugin. -->","yoast_head_json":{"title":"[RH & appartenance] : comment retrouver le sentiment d\u2019appartenance de ses collaborateurs et r\u00e9activer le sens au travail en post Covid ? Table ronde le 19 octobre \u00e0 inovall\u00e9e anim\u00e9e par Solusens - inovall\u00e9e","robots":{"index":"index","follow":"follow","max-snippet":"max-snippet:-1","max-image-preview":"max-image-preview:large","max-video-preview":"max-video-preview:-1"},"canonical":"https:\/\/www.inovallee.com\/en\/rh-appartenance-comment-retrouver-le-sentiment-dappartenance-de-ses-collaborateurs-et-reactiver-le-sens-au-travail-en-post-covid-table-ronde-le-19-octobre-a-inovallee-animee-par-solus\/","og_locale":"en_GB","og_type":"article","og_title":"[RH & appartenance] : comment retrouver le sentiment d\u2019appartenance de ses collaborateurs et r\u00e9activer le sens au travail en post Covid ? Table ronde le 19 octobre \u00e0 inovall\u00e9e anim\u00e9e par Solusens - inovall\u00e9e","og_description":"La crise Covid a subitement ramen\u00e9 chacun d\u2019entre nous \u00e0 ses questions existentielles et \u00e0 la gestion de ses priorit\u00e9s. Le t\u00e9l\u00e9travail a suscit\u00e9 un nouvel engouement et pour certains collaborateurs, le retour en entreprise est difficile. La g\u00e9n\u00e9ration Z (comme zapping\u00a0?) arrive sur le march\u00e9 du travail avec de nouvelles qu\u00eates (de sens, d\u2019\u00e9panouissement [&hellip;]","og_url":"https:\/\/www.inovallee.com\/en\/rh-appartenance-comment-retrouver-le-sentiment-dappartenance-de-ses-collaborateurs-et-reactiver-le-sens-au-travail-en-post-covid-table-ronde-le-19-octobre-a-inovallee-animee-par-solus\/","og_site_name":"inovall\u00e9e","article_publisher":"https:\/\/www.facebook.com\/technopoleinovallee\/","article_published_time":"2021-10-13T16:10:36+00:00","og_image":[{"width":745,"height":497,"url":"https:\/\/www.inovallee.com\/wp-content\/uploads\/2021\/10\/innovation_sociale.jpg","type":"image\/jpeg"}],"author":"Claire Chanterelle","twitter_card":"summary_large_image","twitter_creator":"@inovallee","twitter_site":"@inovallee","twitter_misc":{"Written by":"Claire Chanterelle","Estimated reading time":"2 minutes"},"schema":{"@context":"https:\/\/schema.org","@graph":[{"@type":"Article","@id":"https:\/\/www.inovallee.com\/rh-appartenance-comment-retrouver-le-sentiment-dappartenance-de-ses-collaborateurs-et-reactiver-le-sens-au-travail-en-post-covid-table-ronde-le-19-octobre-a-inovallee-animee-par-solus\/#article","isPartOf":{"@id":"https:\/\/www.inovallee.com\/rh-appartenance-comment-retrouver-le-sentiment-dappartenance-de-ses-collaborateurs-et-reactiver-le-sens-au-travail-en-post-covid-table-ronde-le-19-octobre-a-inovallee-animee-par-solus\/"},"author":{"name":"Claire Chanterelle","@id":"https:\/\/www.inovallee.com\/#\/schema\/person\/6cdcf0ed58ac3e1ef08041bdf7815902"},"headline":"[RH &#038; appartenance] : comment retrouver le sentiment d\u2019appartenance de ses collaborateurs et r\u00e9activer le sens au travail en post Covid ? Table ronde le 19 octobre \u00e0 inovall\u00e9e anim\u00e9e par Solusens","datePublished":"2021-10-13T16:10:36+00:00","mainEntityOfPage":{"@id":"https:\/\/www.inovallee.com\/rh-appartenance-comment-retrouver-le-sentiment-dappartenance-de-ses-collaborateurs-et-reactiver-le-sens-au-travail-en-post-covid-table-ronde-le-19-octobre-a-inovallee-animee-par-solus\/"},"wordCount":331,"publisher":{"@id":"https:\/\/www.inovallee.com\/#organization"},"image":{"@id":"https:\/\/www.inovallee.com\/rh-appartenance-comment-retrouver-le-sentiment-dappartenance-de-ses-collaborateurs-et-reactiver-le-sens-au-travail-en-post-covid-table-ronde-le-19-octobre-a-inovallee-animee-par-solus\/#primaryimage"},"thumbnailUrl":"https:\/\/www.inovallee.com\/wp-content\/uploads\/2021\/10\/innovation_sociale.jpg","keywords":["#RH"],"articleSection":["Entreprendre et d\u00e9velopper ses comp\u00e9tences","RH, \u00e9quipe et management"],"inLanguage":"en-GB"},{"@type":"WebPage","@id":"https:\/\/www.inovallee.com\/rh-appartenance-comment-retrouver-le-sentiment-dappartenance-de-ses-collaborateurs-et-reactiver-le-sens-au-travail-en-post-covid-table-ronde-le-19-octobre-a-inovallee-animee-par-solus\/","url":"https:\/\/www.inovallee.com\/rh-appartenance-comment-retrouver-le-sentiment-dappartenance-de-ses-collaborateurs-et-reactiver-le-sens-au-travail-en-post-covid-table-ronde-le-19-octobre-a-inovallee-animee-par-solus\/","name":"[RH & appartenance] : comment retrouver le sentiment d\u2019appartenance de ses collaborateurs et r\u00e9activer le sens au travail en post Covid ? Table ronde le 19 octobre \u00e0 inovall\u00e9e anim\u00e9e par Solusens - inovall\u00e9e","isPartOf":{"@id":"https:\/\/www.inovallee.com\/#website"},"primaryImageOfPage":{"@id":"https:\/\/www.inovallee.com\/rh-appartenance-comment-retrouver-le-sentiment-dappartenance-de-ses-collaborateurs-et-reactiver-le-sens-au-travail-en-post-covid-table-ronde-le-19-octobre-a-inovallee-animee-par-solus\/#primaryimage"},"image":{"@id":"https:\/\/www.inovallee.com\/rh-appartenance-comment-retrouver-le-sentiment-dappartenance-de-ses-collaborateurs-et-reactiver-le-sens-au-travail-en-post-covid-table-ronde-le-19-octobre-a-inovallee-animee-par-solus\/#primaryimage"},"thumbnailUrl":"https:\/\/www.inovallee.com\/wp-content\/uploads\/2021\/10\/innovation_sociale.jpg","datePublished":"2021-10-13T16:10:36+00:00","breadcrumb":{"@id":"https:\/\/www.inovallee.com\/rh-appartenance-comment-retrouver-le-sentiment-dappartenance-de-ses-collaborateurs-et-reactiver-le-sens-au-travail-en-post-covid-table-ronde-le-19-octobre-a-inovallee-animee-par-solus\/#breadcrumb"},"inLanguage":"en-GB","potentialAction":[{"@type":"ReadAction","target":["https:\/\/www.inovallee.com\/rh-appartenance-comment-retrouver-le-sentiment-dappartenance-de-ses-collaborateurs-et-reactiver-le-sens-au-travail-en-post-covid-table-ronde-le-19-octobre-a-inovallee-animee-par-solus\/"]}]},{"@type":"ImageObject","inLanguage":"en-GB","@id":"https:\/\/www.inovallee.com\/rh-appartenance-comment-retrouver-le-sentiment-dappartenance-de-ses-collaborateurs-et-reactiver-le-sens-au-travail-en-post-covid-table-ronde-le-19-octobre-a-inovallee-animee-par-solus\/#primaryimage","url":"https:\/\/www.inovallee.com\/wp-content\/uploads\/2021\/10\/innovation_sociale.jpg","contentUrl":"https:\/\/www.inovallee.com\/wp-content\/uploads\/2021\/10\/innovation_sociale.jpg","width":745,"height":497},{"@type":"BreadcrumbList","@id":"https:\/\/www.inovallee.com\/rh-appartenance-comment-retrouver-le-sentiment-dappartenance-de-ses-collaborateurs-et-reactiver-le-sens-au-travail-en-post-covid-table-ronde-le-19-octobre-a-inovallee-animee-par-solus\/#breadcrumb","itemListElement":[{"@type":"ListItem","position":1,"name":"Accueil","item":"https:\/\/www.inovallee.com\/"},{"@type":"ListItem","position":2,"name":"[RH &#038; appartenance] : comment retrouver le sentiment d\u2019appartenance de ses collaborateurs et r\u00e9activer le sens au travail en post Covid ? Table ronde le 19 octobre \u00e0 inovall\u00e9e anim\u00e9e par Solusens"}]},{"@type":"WebSite","@id":"https:\/\/www.inovallee.com\/#website","url":"https:\/\/www.inovallee.com\/","name":"inovall\u00e9e technopole, Home to software & smart technologies","description":"Home to software &amp; smart technologies","publisher":{"@id":"https:\/\/www.inovallee.com\/#organization"},"potentialAction":[{"@type":"SearchAction","target":{"@type":"EntryPoint","urlTemplate":"https:\/\/www.inovallee.com\/?s={search_term_string}"},"query-input":{"@type":"PropertyValueSpecification","valueRequired":true,"valueName":"search_term_string"}}],"inLanguage":"en-GB"},{"@type":"Organization","@id":"https:\/\/www.inovallee.com\/#organization","name":"inovall\u00e9e","url":"https:\/\/www.inovallee.com\/","logo":{"@type":"ImageObject","inLanguage":"en-GB","@id":"https:\/\/www.inovallee.com\/#\/schema\/logo\/image\/","url":"https:\/\/www.inovallee.com\/wp-content\/uploads\/2023\/08\/inovallee_2022_GrenobleAlpes.png","contentUrl":"https:\/\/www.inovallee.com\/wp-content\/uploads\/2023\/08\/inovallee_2022_GrenobleAlpes.png","width":945,"height":369,"caption":"inovall\u00e9e"},"image":{"@id":"https:\/\/www.inovallee.com\/#\/schema\/logo\/image\/"},"sameAs":["https:\/\/www.facebook.com\/technopoleinovallee\/","https:\/\/x.com\/inovallee","https:\/\/www.linkedin.com\/company\/inovall-e\/","https:\/\/www.youtube.com\/user\/inovallee?reload=9"]},{"@type":"Person","@id":"https:\/\/www.inovallee.com\/#\/schema\/person\/6cdcf0ed58ac3e1ef08041bdf7815902","name":"Claire Chanterelle"}]}},"_links":{"self":[{"href":"http:\/\/www.inovallee.com\/en\/wp-json\/wp\/v2\/posts\/37244","targetHints":{"allow":["GET"]}}],"collection":[{"href":"http:\/\/www.inovallee.com\/en\/wp-json\/wp\/v2\/posts"}],"about":[{"href":"http:\/\/www.inovallee.com\/en\/wp-json\/wp\/v2\/types\/post"}],"author":[{"embeddable":true,"href":"http:\/\/www.inovallee.com\/en\/wp-json\/wp\/v2\/users\/4"}],"replies":[{"embeddable":true,"href":"http:\/\/www.inovallee.com\/en\/wp-json\/wp\/v2\/comments?post=37244"}],"version-history":[{"count":0,"href":"http:\/\/www.inovallee.com\/en\/wp-json\/wp\/v2\/posts\/37244\/revisions"}],"wp:featuredmedia":[{"embeddable":true,"href":"http:\/\/www.inovallee.com\/en\/wp-json\/wp\/v2\/media\/37245"}],"wp:attachment":[{"href":"http:\/\/www.inovallee.com\/en\/wp-json\/wp\/v2\/media?parent=37244"}],"wp:term":[{"taxonomy":"category","embeddable":true,"href":"http:\/\/www.inovallee.com\/en\/wp-json\/wp\/v2\/categories?post=37244"},{"taxonomy":"post_tag","embeddable":true,"href":"http:\/\/www.inovallee.com\/en\/wp-json\/wp\/v2\/tags?post=37244"}],"curies":[{"name":"wp","href":"https:\/\/api.w.org\/{rel}","templated":true}]}}