{"id":38131,"date":"2021-12-10T12:30:47","date_gmt":"2021-12-10T11:30:47","guid":{"rendered":"https:\/\/www.inovallee.com\/?p=38131"},"modified":"2021-12-10T23:38:34","modified_gmt":"2021-12-10T22:38:34","slug":"les-facteurs-cles-de-succes-de-linstallation-dune-borne-de-recharge-de-vehicules-electriques-dans-votre-entreprise","status":"publish","type":"post","link":"http:\/\/www.inovallee.com\/en\/les-facteurs-cles-de-succes-de-linstallation-dune-borne-de-recharge-de-vehicules-electriques-dans-votre-entreprise\/","title":{"rendered":"Les facteurs cl\u00e9s de succ\u00e8s de l\u2019installation d\u2019une borne de recharge de v\u00e9hicules \u00e9lectriques dans votre entreprise"},"content":{"rendered":"<p>En 2030, le parc de v\u00e9hicules \u00e9lectriques pourra repr\u00e9senter plus de 25% du parc automobile fran\u00e7ais. La disponibilit\u00e9 d\u2019une offre de recharge \u00e9lectrique est fondamentale pour encourager la transition vers le v\u00e9hicule \u00e9lectrique, et constitue un enjeu majeur d\u2019attractivit\u00e9 du territoire.<\/p>\n<p>Notre [RDV DECIDEURS] du 16 novembre dernier, a inform\u00e9 les adh\u00e9rents d\u2019inovall\u00e9e sur <strong>les facteurs cl\u00e9s de succ\u00e8s de l\u2019installation d\u2019une borne de recharge de v\u00e9hicules \u00e9lectriques dans leur entreprise.<\/strong><\/p>\n<p><em>Avec l\u2019intervention de Julien CLOT-GOUDARD Chef de Service Transition Energ\u00e9tique chez TE38, Beno\u00eet LYONNET Responsable d\u2019Affaires Easy Charge, et Antoine Jouve d\u2019AIRRIA.<\/em><\/p>\n<h5>Qui sont les interlocuteurs pour lancer un projet d\u2019installation de bornes \u00e9lectriques pour votre entreprise ? Quelles modalit\u00e9s techniques et financi\u00e8res pour l\u2019utilisation de ces bornes par vos collaborateurs ou des particuliers en libre-service\u00a0?<\/h5>\n<p>&nbsp;<\/p>\n<h2><strong>L\u2019installation des bornes \u00e9lectriques impuls\u00e9e depuis 2010 <\/strong><\/h2>\n<p>Depuis 2010, le d\u00e9veloppement des bornes \u00e9lectriques a \u00e9t\u00e9 impuls\u00e9 par la loi Grenelle. Soutenu ensuite par un appel \u00e0 projet de l\u2019Etat en 2014, invitant les collectivit\u00e9s \u00e0 intervenir pour fournir des r\u00e9seaux accessibles au public si l\u2019initiative priv\u00e9e manquait. Un nouvel appel \u00e0 projet en 2015\/2016 a \u00e9t\u00e9 lanc\u00e9 \u00e0 destination des op\u00e9rateurs priv\u00e9s pour \u00e9quiper le r\u00e9seau autoroutier. D\u2019autres offres priv\u00e9es se sont d\u00e9velopp\u00e9es comme dans la grande distribution, IKEA ou Leroy merlin. Bien que 95% des \u00a0charges se r\u00e9alisent \u00e0 domicile ou sur le lieu de travail, la recharge sur le domaine public est un facteur essentiel au d\u00e9collage des v\u00e9hicules \u00e9lectriques.<\/p>\n<p>&nbsp;<\/p>\n<h2><strong>Qui sont les interlocuteurs pour lancer un projet d\u2019installation de bornes \u00e9lectriques pour votre entreprise ?<\/strong><\/h2>\n<p><a href=\"https:\/\/www.easycharge-vinci.com\/\"><strong>Easy Charge<\/strong><\/a> accompagne l\u2019ensemble des acteurs de la mobilit\u00e9 \u00e9lectrique pour le d\u00e9ploiement d\u2019infrastructures de recharge. Il d\u00e9ploie et exploite des bornes de recharge sur voirie publique, \u00e0 co\u00fbt z\u00e9ro pour les collectivit\u00e9s et propose des projets cl\u00e9s en main, y compris leur financement (avec une pise en charge des investissements, des co\u00fbts d\u2019exploitation et le portage des risques d\u2019exploitation et de trafic).<\/p>\n<p>Les r\u00e9seaux d\u00e9ploy\u00e9s r\u00e9pondent aux besoins de recharge au sein de la collectivit\u00e9, depuis la recharge normale en centre-ville, jusqu\u2019\u00e0 la recharge tr\u00e8s rapide sur les axes urbains. En contrepartie de l\u2019autorisation de la collectivit\u00e9 pour d\u00e9ployer et exploiter un r\u00e9seau d\u2019infrastructures de recharge pour v\u00e9hicules \u00e9lectriques, Easy Charge s\u2019engage \u00e0 lui reverser une redevance d\u2019occupation du domaine public.<\/p>\n<p>Easy Charge met \u00e0 disposition des usagers des outils intuitifs et personnalisables aux couleurs du demandeur (application mobile, site internet, espace client\u2026), et r\u00e9alise la demande, l\u2019\u00e9tude, l\u2019installation et la gestion de ces bornes.<\/p>\n<p><em>Les contacter\u00a0: Beno\u00eet LYONNET, Responsable d\u2019Affaires au 07 60 76 43 95 ou benoit.lyonnet@easycharge-vinci.com<\/em><\/p>\n<p><em>\u00a0<\/em><\/p>\n<p><strong><a href=\"https:\/\/www.te38.fr\/\">TE38<\/a>,<\/strong> syndicat mixte qui installe des bornes sur le domaine public (hors Grenoble Alpes M\u00e9tropole), a vocation \u00e0 regrouper l\u2019ensemble des collectivit\u00e9s de l\u2019Is\u00e8re pour \u0153uvrer en faveur de la transition \u00e9nerg\u00e9tique dans une optique de mutualisation et de p\u00e9r\u00e9quation. TE38 intervient pour le domaine rural et ENEDIS son d\u00e9l\u00e9gataire, pour les villes. Grenoble Alpes M\u00e9tropole garde la comp\u00e9tence sur son territoire.<\/p>\n<p><em>Les contacter\u00a0: Julien CLOT-GOUDARD, Chef de Service Transition Energ\u00e9tique au 04-76-03-03-34<\/em><\/p>\n<p>&nbsp;<\/p>\n<h3><strong>Eborn, le grand r\u00e9seau public recharge \u00e9lectrique<\/strong><\/h3>\n<p>Cr\u00e9\u00e9 en 2015, le r\u00e9seau interd\u00e9partemental de recharge \u00e9lectrique <a href=\"https:\/\/www.eborn.fr\/#Services\"><strong>eborn<\/strong><\/a> regroupera d\u2019ici la fin de l\u2019ann\u00e9e, onze syndicats d\u2019\u00e9nergie du sud-est de la France. Il offre ainsi un seul et m\u00eame service de recharge pour v\u00e9hicules \u00e9lectriques et hybrides rechargeables, s\u2019adressant aux particuliers, aux entreprises et aux collectivit\u00e9s. Le r\u00e9seau eborn repr\u00e9sente plus de 1200 bornes r\u00e9parties dans les r\u00e9gions Auvergne-Rh\u00f4ne-Alpes et Provence-Alpes-C\u00f4te d\u2019Azur. Des bornes acc\u00e9l\u00e9r\u00e9es et rapides sont mises \u00e0 votre disposition, aussi bien en zone urbaine qu\u2019en zone rurale ! Les bornes de recharge acc\u00e9l\u00e9r\u00e9es permettent une recharge de 100 km du v\u00e9hicule en moins d\u2019une heure, sur la plupart des v\u00e9hicules acceptant une recharge acc\u00e9l\u00e9r\u00e9e \u00e0 22 kW. Les bornes de recharge rapide permettent une recharge de 100 km du v\u00e9hicule en environ 25 min, sur les v\u00e9hicules acceptant une recharge rapide \u00e0 50 kW.<\/p>\n<h3><\/h3>\n<h3><strong>Proposez l\u2019installation d\u2019une nouvelle borne sur le r\u00e9seau<\/strong><\/h3>\n<p>La plateforme \u00a0<a href=\"https:\/\/bornealademande.fr\/eborn\/\">borne\u00e0lademande <\/a>permet aux d\u00e9tenteurs d\u2019un v\u00e9hicule \u00e9lectrique de proposer l\u2019installation d\u2019une borne au plus pr\u00e8s de vos attentes, sur l\u2019ensemble du territoire couvert par le r\u00e9seau eborn.<\/p>\n<p><strong>\u00a0<\/strong><\/p>\n<h2>De quelles aides financi\u00e8res puis-je disposer ?<\/h2>\n<p><strong>\u00a0<\/strong>Pour les priv\u00e9s et les entreprises :<\/p>\n<ul>\n<li>\u00a0<a href=\"http:\/\/https :\/\/advenir.mobi\/montant\/\"><strong>Aide \u00ab Advenir \u00bb <\/strong><\/a>:pour les entreprises 30% (2021) puis 20% (2022) d\u2019aides sur l\u2019investissement plafonn\u00e9 \u00e0 960 \u20ac HT par PDC. Ces taux et plafonds peuvent augmenter si le service est accessible au public. Ils augmentent aussi avec la puissance des bornes (60% plafonn\u00e9 \u00e0 9000 \u20ac pour une borne rapide CC).<\/li>\n<li><strong>Taux de TVA r\u00e9duit <\/strong>\u00e0 5%<\/li>\n<li><strong>Aides de Grenoble Alpes M\u00e9tropole<\/strong> <a href=\"https:\/\/www.grenoblealpesmetropole.fr\/cms_viewFile.php?idtf=5027&amp;path=Depliant-Aide-a-l-achat-d-un-vehicule-moins-polluant-Professionnels.pdf\"><strong>\u00e0 retrouver ici.<\/strong><\/a><\/li>\n<\/ul>\n<p>Pour les collectivit\u00e9s :<\/p>\n<ul>\n<li><strong>Offre Collectivit\u00e9s Easy Charge: <\/strong>propose aux collectivit\u00e9s de plus de 5 000 habitants un accompagnement pour une prise en charge de 100 % de l\u2019installation d\u2019une borne sur la commune ainsi que la mise en place d\u2019une redevance en faveur de la commune. <strong><a href=\"https:\/\/www.inovallee.com\/wp-content\/uploads\/2021\/12\/FLYER_EASY_CHARGE_SD.pdf\">Plus d&rsquo;infos ici<\/a><\/strong><\/li>\n<\/ul>\n<p>&nbsp;<\/p>\n<h2>La mise en place d\u2019un projet d\u2019installation de bornes <strong>\u00e9lectriques<\/strong><strong><br \/>\n<\/strong><\/h2>\n<p>La mise en place d\u2019une borne ou plusieurs bornes est un processus long (4-6 mois), d\u2019autant plus pour les bornes \u00e0 chargement rapide de 50 kW. Pour une borne d\u00e9bit normal, les travaux sont simples mais le raccordement \u00e9lectrique avec Enedis est cons\u00e9quent (voirie, gros \u0153uvres.)<\/p>\n<p><strong>Concernant le raccordement \u00e9lectrique, plusieurs possibilit\u00e9s\u00a0:<\/strong><\/p>\n<ul>\n<li>Vous vous appuyez sur <strong>votre propre installation <\/strong>\u00e9lectrique existante (abonnement possible jusqu\u2019\u00e0 36kVA ) :<\/li>\n<\/ul>\n<ul>\n<li>Installez jusqu\u2019\u00e0 8 bornes simples (3kW) mais cela est limit\u00e9 d\u2019un point de vue capacit\u00e9 d\u2019administration externe et le temps de charge est long.<\/li>\n<\/ul>\n<ul>\n<li>Installez des bornes acc\u00e9l\u00e9r\u00e9es 2x 11kw id\u00e9al avec la plupart des voitures<\/li>\n<\/ul>\n<ul>\n<li>Vous r\u00e9alisez un raccordement d\u00e9di\u00e9 sur le r\u00e9seau public (un coffret et PDL d\u00e9di\u00e9) qui permet un suivi analytique de vos consommations. Cela implique <strong>l\u2019installation d\u2019un autre coffret \u00e9lectrique <\/strong>et les travaux en cons\u00e9quence.<\/li>\n<\/ul>\n<p>&nbsp;<\/p>\n<h2><strong>Antoine Jouve, co-fondateur de l\u2019entreprise AIRRIA, t\u00e9moigne de son installation de 4 bornes sur inovall\u00e9e<\/strong><\/h2>\n<p>AIRRIA, ESN leader en installation et maintenance d&rsquo;objets connect\u00e9s depuis sa cr\u00e9ation en 2005, s&rsquo;appuie sur un service relation clients et un r\u00e9seau europ\u00e9en d\u2019experts multi- technologies, pour accompagner en proximit\u00e9 ses clients dans la transition digitale. Gr\u00e2ce \u00e0 son ADN informatique et \u00e0 son exp\u00e9rience en conduite de projets, AIRRIA se positionne sur des march\u00e9s technologiques en pleine \u00e9volution : S\u00e9curit\u00e9, Domotique, Energie, E-sant\u00e9, Mobilit\u00e9&#8230; Le d\u00e9ploiement de ces IoT sont par exemple des capteurs de Temp\/Hum pour les bailleurs sociaux ou des actionneurs pour la lumi\u00e8re et le chauffage, des solutions visant \u00e0 l\u2019effacement \u00e9nerg\u00e9tique ainsi que des bornes de recharge pour les v\u00e9hicules \u00e9lectriques essentiellement sur le march\u00e9 des particuliers.<\/p>\n<p>En 2020, AIRRIA avait <strong>besoin d\u2019accompagner le changement et la transition vers l\u2019\u00e9lectrique de \u00a0leur flotte de v\u00e9hicules pour des raisons d\u2019engagement, sociales et fiscales, pour l\u2019entreprise \u00a0et ses collaborateurs. <\/strong>Leur projet a pris entre 5 et 7 mois de la n\u00e9gociation avec les syndics \u00e0 la finalisation \u00a0de l\u2019installation. Les travaux pour l\u2019approvisionnement du compteur EDF d\u00e9di\u00e9 prend 3-4 mois \u00e0 lui seul. Le co\u00fbt de la solution pour 4 bornes a \u00e9t\u00e9 de 15 K\u20ac HT avec une prime ADVENIR \u00a0de 8,4K\u20ac en raison de l\u2019acc\u00e8s des bornes ouvert au public. La maintenance annuelle co\u00fbte environ 1 000 \u20ac par an.<\/p>\n<p><em>\u00ab\u00a0Au-del\u00e0 des aides financi\u00e8res suppl\u00e9mentaires du fait que nos bornes sont ouvertes au public, nous pensons qu\u2019il est tr\u00e8s important d\u2019ouvrir l\u2019opportunit\u00e9 \u00e0 tous d\u2019utiliser nos bornes car les \u00a0habitants du voisinage les utilisent la nuit. Cela entre dans la philosophie de partage et de mobilit\u00e9 douce pour tous.\u00a0\u00bb <\/em>pr\u00e9cise Antoine Jouve.<\/p>\n<p>En compl\u00e9ment, <strong>le fait d\u2019avoir un raccordement d\u00e9di\u00e9 permettra \u00e0 terme de placer d\u2019autres bornes \u00a0et pourquoi pas en alliance avec d\u2019autres entreprises de Maupertuis<\/strong>, pour l\u2019optimisation des co\u00fbts et du rendement de la borne.<\/p>\n<p>En mars 2022 est pr\u00e9vue l\u2019installation de 2 bornes rapides dites \u00ab recharge d\u2019opportunit\u00e9 \u00bb proche des commerces \u00e0 Montbonnot, avenue de l\u2019Europe devant Union Primeur.<\/p>\n<p>&nbsp;<\/p>\n<p>&nbsp;<\/p>\n","protected":false},"excerpt":{"rendered":"<p>En 2030, le parc de v\u00e9hicules \u00e9lectriques pourra repr\u00e9senter plus de 25% du parc automobile fran\u00e7ais. La disponibilit\u00e9 d\u2019une offre de recharge \u00e9lectrique est fondamentale pour encourager la transition vers le v\u00e9hicule \u00e9lectrique, et constitue un enjeu majeur d\u2019attractivit\u00e9 du territoire. Notre [RDV DECIDEURS] du 16 novembre dernier, a inform\u00e9 les adh\u00e9rents d\u2019inovall\u00e9e sur les [&hellip;]<\/p>\n","protected":false},"author":18,"featured_media":36492,"comment_status":"closed","ping_status":"open","sticky":false,"template":"","format":"standard","meta":{"footnotes":""},"categories":[34,33],"tags":[1041],"class_list":["post-38131","post","type-post","status-publish","format-standard","has-post-thumbnail","hentry","category-territoire","category-transport-mobilite-durable","tag-bornes-electriques"],"yoast_head":"<!-- This site is optimized with the Yoast SEO plugin v27.4 - https:\/\/yoast.com\/product\/yoast-seo-wordpress\/ -->\n<title>Les facteurs cl\u00e9s de succ\u00e8s de l\u2019installation d\u2019une borne de recharge de v\u00e9hicules \u00e9lectriques dans votre entreprise - inovall\u00e9e<\/title>\n<meta name=\"description\" content=\"Les facteurs cl\u00e9s de succ\u00e8s de l\u2019installation d\u2019une borne de recharge de v\u00e9hicules \u00e9lectriques dans votre entreprise\" \/>\n<meta name=\"robots\" content=\"index, follow, max-snippet:-1, max-image-preview:large, max-video-preview:-1\" \/>\n<link rel=\"canonical\" href=\"https:\/\/www.inovallee.com\/en\/les-facteurs-cles-de-succes-de-linstallation-dune-borne-de-recharge-de-vehicules-electriques-dans-votre-entreprise\/\" \/>\n<meta property=\"og:locale\" content=\"en_GB\" \/>\n<meta property=\"og:type\" content=\"article\" \/>\n<meta property=\"og:title\" content=\"Les facteurs cl\u00e9s de succ\u00e8s de l\u2019installation d\u2019une borne de recharge de v\u00e9hicules \u00e9lectriques dans votre entreprise - inovall\u00e9e\" \/>\n<meta property=\"og:description\" content=\"Les facteurs cl\u00e9s de succ\u00e8s de l\u2019installation d\u2019une borne de recharge de v\u00e9hicules \u00e9lectriques dans votre entreprise\" \/>\n<meta property=\"og:url\" content=\"https:\/\/www.inovallee.com\/en\/les-facteurs-cles-de-succes-de-linstallation-dune-borne-de-recharge-de-vehicules-electriques-dans-votre-entreprise\/\" \/>\n<meta property=\"og:site_name\" content=\"inovall\u00e9e\" \/>\n<meta property=\"article:publisher\" content=\"https:\/\/www.facebook.com\/technopoleinovallee\/\" \/>\n<meta property=\"article:published_time\" content=\"2021-12-10T11:30:47+00:00\" \/>\n<meta property=\"article:modified_time\" content=\"2021-12-10T22:38:34+00:00\" \/>\n<meta property=\"og:image\" content=\"https:\/\/www.inovallee.com\/wp-content\/uploads\/2021\/09\/AdobeStock_228108255.jpeg\" \/>\n\t<meta property=\"og:image:width\" content=\"2048\" \/>\n\t<meta property=\"og:image:height\" content=\"1352\" \/>\n\t<meta property=\"og:image:type\" content=\"image\/jpeg\" \/>\n<meta name=\"author\" content=\"Margaux De la Fuente\" \/>\n<meta name=\"twitter:card\" content=\"summary_large_image\" \/>\n<meta name=\"twitter:creator\" content=\"@inovallee\" \/>\n<meta name=\"twitter:site\" content=\"@inovallee\" \/>\n<meta name=\"twitter:label1\" content=\"Written by\" \/>\n\t<meta name=\"twitter:data1\" content=\"Margaux De la Fuente\" \/>\n\t<meta name=\"twitter:label2\" content=\"Estimated reading time\" \/>\n\t<meta name=\"twitter:data2\" content=\"6 minutes\" \/>\n<script type=\"application\/ld+json\" class=\"yoast-schema-graph\">{\"@context\":\"https:\\\/\\\/schema.org\",\"@graph\":[{\"@type\":\"Article\",\"@id\":\"https:\\\/\\\/www.inovallee.com\\\/les-facteurs-cles-de-succes-de-linstallation-dune-borne-de-recharge-de-vehicules-electriques-dans-votre-entreprise\\\/#article\",\"isPartOf\":{\"@id\":\"https:\\\/\\\/www.inovallee.com\\\/les-facteurs-cles-de-succes-de-linstallation-dune-borne-de-recharge-de-vehicules-electriques-dans-votre-entreprise\\\/\"},\"author\":{\"name\":\"Margaux De la Fuente\",\"@id\":\"https:\\\/\\\/www.inovallee.com\\\/#\\\/schema\\\/person\\\/92dc7fd313568f5cc54aba72aba732fe\"},\"headline\":\"Les facteurs cl\u00e9s de succ\u00e8s de l\u2019installation d\u2019une borne de recharge de v\u00e9hicules \u00e9lectriques dans votre entreprise\",\"datePublished\":\"2021-12-10T11:30:47+00:00\",\"dateModified\":\"2021-12-10T22:38:34+00:00\",\"mainEntityOfPage\":{\"@id\":\"https:\\\/\\\/www.inovallee.com\\\/les-facteurs-cles-de-succes-de-linstallation-dune-borne-de-recharge-de-vehicules-electriques-dans-votre-entreprise\\\/\"},\"wordCount\":1466,\"publisher\":{\"@id\":\"https:\\\/\\\/www.inovallee.com\\\/#organization\"},\"image\":{\"@id\":\"https:\\\/\\\/www.inovallee.com\\\/les-facteurs-cles-de-succes-de-linstallation-dune-borne-de-recharge-de-vehicules-electriques-dans-votre-entreprise\\\/#primaryimage\"},\"thumbnailUrl\":\"https:\\\/\\\/www.inovallee.com\\\/wp-content\\\/uploads\\\/2021\\\/09\\\/AdobeStock_228108255.jpeg\",\"keywords\":[\"bornes \u00e9lectriques\"],\"articleSection\":[\"Territoire (fibre, s\u00e9curit\u00e9, gestion des d\u00e9chets...)\",\"Transport et mobilit\u00e9 durable\"],\"inLanguage\":\"en-GB\"},{\"@type\":\"WebPage\",\"@id\":\"https:\\\/\\\/www.inovallee.com\\\/les-facteurs-cles-de-succes-de-linstallation-dune-borne-de-recharge-de-vehicules-electriques-dans-votre-entreprise\\\/\",\"url\":\"https:\\\/\\\/www.inovallee.com\\\/les-facteurs-cles-de-succes-de-linstallation-dune-borne-de-recharge-de-vehicules-electriques-dans-votre-entreprise\\\/\",\"name\":\"Les facteurs cl\u00e9s de succ\u00e8s de l\u2019installation d\u2019une borne de recharge de v\u00e9hicules \u00e9lectriques dans votre entreprise - inovall\u00e9e\",\"isPartOf\":{\"@id\":\"https:\\\/\\\/www.inovallee.com\\\/#website\"},\"primaryImageOfPage\":{\"@id\":\"https:\\\/\\\/www.inovallee.com\\\/les-facteurs-cles-de-succes-de-linstallation-dune-borne-de-recharge-de-vehicules-electriques-dans-votre-entreprise\\\/#primaryimage\"},\"image\":{\"@id\":\"https:\\\/\\\/www.inovallee.com\\\/les-facteurs-cles-de-succes-de-linstallation-dune-borne-de-recharge-de-vehicules-electriques-dans-votre-entreprise\\\/#primaryimage\"},\"thumbnailUrl\":\"https:\\\/\\\/www.inovallee.com\\\/wp-content\\\/uploads\\\/2021\\\/09\\\/AdobeStock_228108255.jpeg\",\"datePublished\":\"2021-12-10T11:30:47+00:00\",\"dateModified\":\"2021-12-10T22:38:34+00:00\",\"description\":\"Les facteurs cl\u00e9s de succ\u00e8s de l\u2019installation d\u2019une borne de recharge de v\u00e9hicules \u00e9lectriques dans votre entreprise\",\"breadcrumb\":{\"@id\":\"https:\\\/\\\/www.inovallee.com\\\/les-facteurs-cles-de-succes-de-linstallation-dune-borne-de-recharge-de-vehicules-electriques-dans-votre-entreprise\\\/#breadcrumb\"},\"inLanguage\":\"en-GB\",\"potentialAction\":[{\"@type\":\"ReadAction\",\"target\":[\"https:\\\/\\\/www.inovallee.com\\\/les-facteurs-cles-de-succes-de-linstallation-dune-borne-de-recharge-de-vehicules-electriques-dans-votre-entreprise\\\/\"]}]},{\"@type\":\"ImageObject\",\"inLanguage\":\"en-GB\",\"@id\":\"https:\\\/\\\/www.inovallee.com\\\/les-facteurs-cles-de-succes-de-linstallation-dune-borne-de-recharge-de-vehicules-electriques-dans-votre-entreprise\\\/#primaryimage\",\"url\":\"https:\\\/\\\/www.inovallee.com\\\/wp-content\\\/uploads\\\/2021\\\/09\\\/AdobeStock_228108255.jpeg\",\"contentUrl\":\"https:\\\/\\\/www.inovallee.com\\\/wp-content\\\/uploads\\\/2021\\\/09\\\/AdobeStock_228108255.jpeg\",\"width\":2048,\"height\":1352},{\"@type\":\"BreadcrumbList\",\"@id\":\"https:\\\/\\\/www.inovallee.com\\\/les-facteurs-cles-de-succes-de-linstallation-dune-borne-de-recharge-de-vehicules-electriques-dans-votre-entreprise\\\/#breadcrumb\",\"itemListElement\":[{\"@type\":\"ListItem\",\"position\":1,\"name\":\"Accueil\",\"item\":\"https:\\\/\\\/www.inovallee.com\\\/\"},{\"@type\":\"ListItem\",\"position\":2,\"name\":\"Les facteurs cl\u00e9s de succ\u00e8s de l\u2019installation d\u2019une borne de recharge de v\u00e9hicules \u00e9lectriques dans votre entreprise\"}]},{\"@type\":\"WebSite\",\"@id\":\"https:\\\/\\\/www.inovallee.com\\\/#website\",\"url\":\"https:\\\/\\\/www.inovallee.com\\\/\",\"name\":\"inovall\u00e9e technopole, Home to software & smart technologies\",\"description\":\"Home to software &amp; smart technologies\",\"publisher\":{\"@id\":\"https:\\\/\\\/www.inovallee.com\\\/#organization\"},\"potentialAction\":[{\"@type\":\"SearchAction\",\"target\":{\"@type\":\"EntryPoint\",\"urlTemplate\":\"https:\\\/\\\/www.inovallee.com\\\/?s={search_term_string}\"},\"query-input\":{\"@type\":\"PropertyValueSpecification\",\"valueRequired\":true,\"valueName\":\"search_term_string\"}}],\"inLanguage\":\"en-GB\"},{\"@type\":\"Organization\",\"@id\":\"https:\\\/\\\/www.inovallee.com\\\/#organization\",\"name\":\"inovall\u00e9e\",\"url\":\"https:\\\/\\\/www.inovallee.com\\\/\",\"logo\":{\"@type\":\"ImageObject\",\"inLanguage\":\"en-GB\",\"@id\":\"https:\\\/\\\/www.inovallee.com\\\/#\\\/schema\\\/logo\\\/image\\\/\",\"url\":\"https:\\\/\\\/www.inovallee.com\\\/wp-content\\\/uploads\\\/2023\\\/08\\\/inovallee_2022_GrenobleAlpes.png\",\"contentUrl\":\"https:\\\/\\\/www.inovallee.com\\\/wp-content\\\/uploads\\\/2023\\\/08\\\/inovallee_2022_GrenobleAlpes.png\",\"width\":945,\"height\":369,\"caption\":\"inovall\u00e9e\"},\"image\":{\"@id\":\"https:\\\/\\\/www.inovallee.com\\\/#\\\/schema\\\/logo\\\/image\\\/\"},\"sameAs\":[\"https:\\\/\\\/www.facebook.com\\\/technopoleinovallee\\\/\",\"https:\\\/\\\/x.com\\\/inovallee\",\"https:\\\/\\\/www.linkedin.com\\\/company\\\/inovall-e\\\/\",\"https:\\\/\\\/www.youtube.com\\\/user\\\/inovallee?reload=9\"]},{\"@type\":\"Person\",\"@id\":\"https:\\\/\\\/www.inovallee.com\\\/#\\\/schema\\\/person\\\/92dc7fd313568f5cc54aba72aba732fe\",\"name\":\"Margaux De la Fuente\"}]}<\/script>\n<!-- \/ Yoast SEO plugin. -->","yoast_head_json":{"title":"Les facteurs cl\u00e9s de succ\u00e8s de l\u2019installation d\u2019une borne de recharge de v\u00e9hicules \u00e9lectriques dans votre entreprise - inovall\u00e9e","description":"Les facteurs cl\u00e9s de succ\u00e8s de l\u2019installation d\u2019une borne de recharge de v\u00e9hicules \u00e9lectriques dans votre entreprise","robots":{"index":"index","follow":"follow","max-snippet":"max-snippet:-1","max-image-preview":"max-image-preview:large","max-video-preview":"max-video-preview:-1"},"canonical":"https:\/\/www.inovallee.com\/en\/les-facteurs-cles-de-succes-de-linstallation-dune-borne-de-recharge-de-vehicules-electriques-dans-votre-entreprise\/","og_locale":"en_GB","og_type":"article","og_title":"Les facteurs cl\u00e9s de succ\u00e8s de l\u2019installation d\u2019une borne de recharge de v\u00e9hicules \u00e9lectriques dans votre entreprise - inovall\u00e9e","og_description":"Les facteurs cl\u00e9s de succ\u00e8s de l\u2019installation d\u2019une borne de recharge de v\u00e9hicules \u00e9lectriques dans votre entreprise","og_url":"https:\/\/www.inovallee.com\/en\/les-facteurs-cles-de-succes-de-linstallation-dune-borne-de-recharge-de-vehicules-electriques-dans-votre-entreprise\/","og_site_name":"inovall\u00e9e","article_publisher":"https:\/\/www.facebook.com\/technopoleinovallee\/","article_published_time":"2021-12-10T11:30:47+00:00","article_modified_time":"2021-12-10T22:38:34+00:00","og_image":[{"width":2048,"height":1352,"url":"https:\/\/www.inovallee.com\/wp-content\/uploads\/2021\/09\/AdobeStock_228108255.jpeg","type":"image\/jpeg"}],"author":"Margaux De la Fuente","twitter_card":"summary_large_image","twitter_creator":"@inovallee","twitter_site":"@inovallee","twitter_misc":{"Written by":"Margaux De la Fuente","Estimated reading time":"6 minutes"},"schema":{"@context":"https:\/\/schema.org","@graph":[{"@type":"Article","@id":"https:\/\/www.inovallee.com\/les-facteurs-cles-de-succes-de-linstallation-dune-borne-de-recharge-de-vehicules-electriques-dans-votre-entreprise\/#article","isPartOf":{"@id":"https:\/\/www.inovallee.com\/les-facteurs-cles-de-succes-de-linstallation-dune-borne-de-recharge-de-vehicules-electriques-dans-votre-entreprise\/"},"author":{"name":"Margaux De la Fuente","@id":"https:\/\/www.inovallee.com\/#\/schema\/person\/92dc7fd313568f5cc54aba72aba732fe"},"headline":"Les facteurs cl\u00e9s de succ\u00e8s de l\u2019installation d\u2019une borne de recharge de v\u00e9hicules \u00e9lectriques dans votre entreprise","datePublished":"2021-12-10T11:30:47+00:00","dateModified":"2021-12-10T22:38:34+00:00","mainEntityOfPage":{"@id":"https:\/\/www.inovallee.com\/les-facteurs-cles-de-succes-de-linstallation-dune-borne-de-recharge-de-vehicules-electriques-dans-votre-entreprise\/"},"wordCount":1466,"publisher":{"@id":"https:\/\/www.inovallee.com\/#organization"},"image":{"@id":"https:\/\/www.inovallee.com\/les-facteurs-cles-de-succes-de-linstallation-dune-borne-de-recharge-de-vehicules-electriques-dans-votre-entreprise\/#primaryimage"},"thumbnailUrl":"https:\/\/www.inovallee.com\/wp-content\/uploads\/2021\/09\/AdobeStock_228108255.jpeg","keywords":["bornes \u00e9lectriques"],"articleSection":["Territoire (fibre, s\u00e9curit\u00e9, gestion des d\u00e9chets...)","Transport et mobilit\u00e9 durable"],"inLanguage":"en-GB"},{"@type":"WebPage","@id":"https:\/\/www.inovallee.com\/les-facteurs-cles-de-succes-de-linstallation-dune-borne-de-recharge-de-vehicules-electriques-dans-votre-entreprise\/","url":"https:\/\/www.inovallee.com\/les-facteurs-cles-de-succes-de-linstallation-dune-borne-de-recharge-de-vehicules-electriques-dans-votre-entreprise\/","name":"Les facteurs cl\u00e9s de succ\u00e8s de l\u2019installation d\u2019une borne de recharge de v\u00e9hicules \u00e9lectriques dans votre entreprise - inovall\u00e9e","isPartOf":{"@id":"https:\/\/www.inovallee.com\/#website"},"primaryImageOfPage":{"@id":"https:\/\/www.inovallee.com\/les-facteurs-cles-de-succes-de-linstallation-dune-borne-de-recharge-de-vehicules-electriques-dans-votre-entreprise\/#primaryimage"},"image":{"@id":"https:\/\/www.inovallee.com\/les-facteurs-cles-de-succes-de-linstallation-dune-borne-de-recharge-de-vehicules-electriques-dans-votre-entreprise\/#primaryimage"},"thumbnailUrl":"https:\/\/www.inovallee.com\/wp-content\/uploads\/2021\/09\/AdobeStock_228108255.jpeg","datePublished":"2021-12-10T11:30:47+00:00","dateModified":"2021-12-10T22:38:34+00:00","description":"Les facteurs cl\u00e9s de succ\u00e8s de l\u2019installation d\u2019une borne de recharge de v\u00e9hicules \u00e9lectriques dans votre entreprise","breadcrumb":{"@id":"https:\/\/www.inovallee.com\/les-facteurs-cles-de-succes-de-linstallation-dune-borne-de-recharge-de-vehicules-electriques-dans-votre-entreprise\/#breadcrumb"},"inLanguage":"en-GB","potentialAction":[{"@type":"ReadAction","target":["https:\/\/www.inovallee.com\/les-facteurs-cles-de-succes-de-linstallation-dune-borne-de-recharge-de-vehicules-electriques-dans-votre-entreprise\/"]}]},{"@type":"ImageObject","inLanguage":"en-GB","@id":"https:\/\/www.inovallee.com\/les-facteurs-cles-de-succes-de-linstallation-dune-borne-de-recharge-de-vehicules-electriques-dans-votre-entreprise\/#primaryimage","url":"https:\/\/www.inovallee.com\/wp-content\/uploads\/2021\/09\/AdobeStock_228108255.jpeg","contentUrl":"https:\/\/www.inovallee.com\/wp-content\/uploads\/2021\/09\/AdobeStock_228108255.jpeg","width":2048,"height":1352},{"@type":"BreadcrumbList","@id":"https:\/\/www.inovallee.com\/les-facteurs-cles-de-succes-de-linstallation-dune-borne-de-recharge-de-vehicules-electriques-dans-votre-entreprise\/#breadcrumb","itemListElement":[{"@type":"ListItem","position":1,"name":"Accueil","item":"https:\/\/www.inovallee.com\/"},{"@type":"ListItem","position":2,"name":"Les facteurs cl\u00e9s de succ\u00e8s de l\u2019installation d\u2019une borne de recharge de v\u00e9hicules \u00e9lectriques dans votre entreprise"}]},{"@type":"WebSite","@id":"https:\/\/www.inovallee.com\/#website","url":"https:\/\/www.inovallee.com\/","name":"inovall\u00e9e technopole, Home to software & smart technologies","description":"Home to software &amp; smart technologies","publisher":{"@id":"https:\/\/www.inovallee.com\/#organization"},"potentialAction":[{"@type":"SearchAction","target":{"@type":"EntryPoint","urlTemplate":"https:\/\/www.inovallee.com\/?s={search_term_string}"},"query-input":{"@type":"PropertyValueSpecification","valueRequired":true,"valueName":"search_term_string"}}],"inLanguage":"en-GB"},{"@type":"Organization","@id":"https:\/\/www.inovallee.com\/#organization","name":"inovall\u00e9e","url":"https:\/\/www.inovallee.com\/","logo":{"@type":"ImageObject","inLanguage":"en-GB","@id":"https:\/\/www.inovallee.com\/#\/schema\/logo\/image\/","url":"https:\/\/www.inovallee.com\/wp-content\/uploads\/2023\/08\/inovallee_2022_GrenobleAlpes.png","contentUrl":"https:\/\/www.inovallee.com\/wp-content\/uploads\/2023\/08\/inovallee_2022_GrenobleAlpes.png","width":945,"height":369,"caption":"inovall\u00e9e"},"image":{"@id":"https:\/\/www.inovallee.com\/#\/schema\/logo\/image\/"},"sameAs":["https:\/\/www.facebook.com\/technopoleinovallee\/","https:\/\/x.com\/inovallee","https:\/\/www.linkedin.com\/company\/inovall-e\/","https:\/\/www.youtube.com\/user\/inovallee?reload=9"]},{"@type":"Person","@id":"https:\/\/www.inovallee.com\/#\/schema\/person\/92dc7fd313568f5cc54aba72aba732fe","name":"Margaux De la Fuente"}]}},"_links":{"self":[{"href":"http:\/\/www.inovallee.com\/en\/wp-json\/wp\/v2\/posts\/38131","targetHints":{"allow":["GET"]}}],"collection":[{"href":"http:\/\/www.inovallee.com\/en\/wp-json\/wp\/v2\/posts"}],"about":[{"href":"http:\/\/www.inovallee.com\/en\/wp-json\/wp\/v2\/types\/post"}],"author":[{"embeddable":true,"href":"http:\/\/www.inovallee.com\/en\/wp-json\/wp\/v2\/users\/18"}],"replies":[{"embeddable":true,"href":"http:\/\/www.inovallee.com\/en\/wp-json\/wp\/v2\/comments?post=38131"}],"version-history":[{"count":0,"href":"http:\/\/www.inovallee.com\/en\/wp-json\/wp\/v2\/posts\/38131\/revisions"}],"wp:featuredmedia":[{"embeddable":true,"href":"http:\/\/www.inovallee.com\/en\/wp-json\/wp\/v2\/media\/36492"}],"wp:attachment":[{"href":"http:\/\/www.inovallee.com\/en\/wp-json\/wp\/v2\/media?parent=38131"}],"wp:term":[{"taxonomy":"category","embeddable":true,"href":"http:\/\/www.inovallee.com\/en\/wp-json\/wp\/v2\/categories?post=38131"},{"taxonomy":"post_tag","embeddable":true,"href":"http:\/\/www.inovallee.com\/en\/wp-json\/wp\/v2\/tags?post=38131"}],"curies":[{"name":"wp","href":"https:\/\/api.w.org\/{rel}","templated":true}]}}