{"id":44813,"date":"2022-11-10T11:45:25","date_gmt":"2022-11-10T10:45:25","guid":{"rendered":"https:\/\/www.inovallee.com\/?p=44813"},"modified":"2025-01-09T13:36:18","modified_gmt":"2025-01-09T12:36:18","slug":"les-entreprises-dinovallee-engagee-dans-une-enquete-collective-sur-la-mobilite","status":"publish","type":"post","link":"http:\/\/www.inovallee.com\/en\/les-entreprises-dinovallee-engagee-dans-une-enquete-collective-sur-la-mobilite\/","title":{"rendered":"Les entreprises d\u2019inovall\u00e9e engag\u00e9es dans une enqu\u00eate collective sur la mobilit\u00e9"},"content":{"rendered":"<p>inovall\u00e9e poursuit son engagement dans la mobilit\u00e9 dans le cadre du Plan de Mobilit\u00e9 Employeur Commun lanc\u00e9 avec le SMMAG, Syndicat Mixte des Mobilit\u00e9s de l\u2019Aire Grenobloise en d\u00e9but d\u2019ann\u00e9e. De nombreuses entreprises ont rejoint la dynamique collective en mettant en place un plan de mobilit\u00e9 employeur pour leurs collaborateurs pour faciliter leurs d\u00e9placements domicile-travail et professionnels et les inciter \u00e0 laisser leur voiture chez eux. Elles b\u00e9n\u00e9ficient ainsi d\u2019un accompagnement gratuit pris en charge par le SMMAG avec le dispositif M\u2019PRO et de tarifs pr\u00e9f\u00e9rentiels. Ainsi sont mises en \u0153uvre toutes les actions pour encourager les collaborateurs \u00e0 aller au travail autrement, que ce soit \u00e0 v\u00e9lo, en trottinette, en bus, en marchant ou en covoiturant..<\/p>\n\n\n\n<h4 class=\"wp-block-heading\">Un diagnostic commun pour mieux conna\u00eetre les trajets des collaborateurs d&rsquo;inovall\u00e9e<\/h4>\n\n\n\n<p>Dans le cadre du PDMEC, les entreprises d\u2019inovall\u00e9e ont \u00e9t\u00e9 appel\u00e9es \u00e0 lancer une enqu\u00eate collective aupr\u00e8s de leurs collaborateurs afin de recueillir le plus grand nombre d&rsquo;informations sur leurs trajets domicile-travail et leurs besoins, dans le but de proposer une meilleure offre de transport pour une mobilit\u00e9 durable. <\/p>\n\n\n\n<p><strong>A ce jour, une quinzaine d&rsquo;entreprises d&rsquo;inovall\u00e9e ont lanc\u00e9 l&rsquo;enqu\u00eate aupr\u00e8s de leurs collaborateurs. Plus les entreprises se r\u00e9uniront dans cette d\u00e9marche collective, plus les solutions en mati\u00e8re de mobilit\u00e9 douce seront optimales et am\u00e9lioreront les trajets domicile-travail des collaborateurs. <\/strong><\/p>\n\n\n\n<p>inovall\u00e9e invite ainsi toutes les entreprises de la technopole \u00e0 rejoindre cette dynamique collective pour mutualiser nos actions mais aussi profiter d&rsquo;\u00e9v\u00e9n\u00e9ments, animations et offres de mobilit\u00e9 douce.  <\/p>","protected":false},"excerpt":{"rendered":"<p>inovall\u00e9e poursuit son engagement dans la mobilit\u00e9 dans le cadre du Plan de Mobilit\u00e9 Employeur Commun lanc\u00e9 avec le SMMAG, Syndicat Mixte des Mobilit\u00e9s de l\u2019Aire Grenobloise en d\u00e9but d\u2019ann\u00e9e. De nombreuses entreprises ont rejoint la dynamique collective en mettant en place un plan de mobilit\u00e9 employeur pour leurs collaborateurs pour faciliter leurs d\u00e9placements domicile-travail [&hellip;]<\/p>\n","protected":false},"author":18,"featured_media":44814,"comment_status":"closed","ping_status":"open","sticky":false,"template":"","format":"standard","meta":{"footnotes":""},"categories":[37,33],"tags":[1193],"class_list":["post-44813","post","type-post","status-publish","format-standard","has-post-thumbnail","hentry","category-my-ino","category-transport-mobilite-durable","tag-pdmec"],"yoast_head":"<!-- This site is optimized with the Yoast SEO plugin v27.4 - https:\/\/yoast.com\/product\/yoast-seo-wordpress\/ -->\n<title>Les entreprises d\u2019inovall\u00e9e engag\u00e9es dans une enqu\u00eate collective sur la mobilit\u00e9 - inovall\u00e9e<\/title>\n<meta name=\"robots\" content=\"index, follow, max-snippet:-1, max-image-preview:large, max-video-preview:-1\" \/>\n<link rel=\"canonical\" href=\"https:\/\/www.inovallee.com\/en\/les-entreprises-dinovallee-engagee-dans-une-enquete-collective-sur-la-mobilite\/\" \/>\n<meta property=\"og:locale\" content=\"en_GB\" \/>\n<meta property=\"og:type\" content=\"article\" \/>\n<meta property=\"og:title\" content=\"Les entreprises d\u2019inovall\u00e9e engag\u00e9es dans une enqu\u00eate collective sur la mobilit\u00e9 - inovall\u00e9e\" \/>\n<meta property=\"og:description\" content=\"inovall\u00e9e poursuit son engagement dans la mobilit\u00e9 dans le cadre du Plan de Mobilit\u00e9 Employeur Commun lanc\u00e9 avec le SMMAG, Syndicat Mixte des Mobilit\u00e9s de l\u2019Aire Grenobloise en d\u00e9but d\u2019ann\u00e9e. De nombreuses entreprises ont rejoint la dynamique collective en mettant en place un plan de mobilit\u00e9 employeur pour leurs collaborateurs pour faciliter leurs d\u00e9placements domicile-travail [&hellip;]\" \/>\n<meta property=\"og:url\" content=\"https:\/\/www.inovallee.com\/en\/les-entreprises-dinovallee-engagee-dans-une-enquete-collective-sur-la-mobilite\/\" \/>\n<meta property=\"og:site_name\" content=\"inovall\u00e9e\" \/>\n<meta property=\"article:publisher\" content=\"https:\/\/www.facebook.com\/technopoleinovallee\/\" \/>\n<meta property=\"article:published_time\" content=\"2022-11-10T10:45:25+00:00\" \/>\n<meta property=\"article:modified_time\" content=\"2025-01-09T12:36:18+00:00\" \/>\n<meta property=\"og:image\" content=\"https:\/\/www.inovallee.com\/wp-content\/uploads\/2022\/11\/enquete.png\" \/>\n\t<meta property=\"og:image:width\" content=\"585\" \/>\n\t<meta property=\"og:image:height\" content=\"315\" \/>\n\t<meta property=\"og:image:type\" content=\"image\/png\" \/>\n<meta name=\"author\" content=\"Margaux De la Fuente\" \/>\n<meta name=\"twitter:card\" content=\"summary_large_image\" \/>\n<meta name=\"twitter:creator\" content=\"@inovallee\" \/>\n<meta name=\"twitter:site\" content=\"@inovallee\" \/>\n<meta name=\"twitter:label1\" content=\"Written by\" \/>\n\t<meta name=\"twitter:data1\" content=\"Margaux De la Fuente\" \/>\n\t<meta name=\"twitter:label2\" content=\"Estimated reading time\" \/>\n\t<meta name=\"twitter:data2\" content=\"2 minutes\" \/>\n<script type=\"application\/ld+json\" class=\"yoast-schema-graph\">{\"@context\":\"https:\\\/\\\/schema.org\",\"@graph\":[{\"@type\":\"Article\",\"@id\":\"https:\\\/\\\/www.inovallee.com\\\/les-entreprises-dinovallee-engagee-dans-une-enquete-collective-sur-la-mobilite\\\/#article\",\"isPartOf\":{\"@id\":\"https:\\\/\\\/www.inovallee.com\\\/les-entreprises-dinovallee-engagee-dans-une-enquete-collective-sur-la-mobilite\\\/\"},\"author\":{\"name\":\"Margaux De la Fuente\",\"@id\":\"https:\\\/\\\/www.inovallee.com\\\/#\\\/schema\\\/person\\\/92dc7fd313568f5cc54aba72aba732fe\"},\"headline\":\"Les entreprises d\u2019inovall\u00e9e engag\u00e9es dans une enqu\u00eate collective sur la mobilit\u00e9\",\"datePublished\":\"2022-11-10T10:45:25+00:00\",\"dateModified\":\"2025-01-09T12:36:18+00:00\",\"mainEntityOfPage\":{\"@id\":\"https:\\\/\\\/www.inovallee.com\\\/les-entreprises-dinovallee-engagee-dans-une-enquete-collective-sur-la-mobilite\\\/\"},\"wordCount\":292,\"publisher\":{\"@id\":\"https:\\\/\\\/www.inovallee.com\\\/#organization\"},\"image\":{\"@id\":\"https:\\\/\\\/www.inovallee.com\\\/les-entreprises-dinovallee-engagee-dans-une-enquete-collective-sur-la-mobilite\\\/#primaryimage\"},\"thumbnailUrl\":\"https:\\\/\\\/www.inovallee.com\\\/wp-content\\\/uploads\\\/2022\\\/11\\\/enquete.png\",\"keywords\":[\"PDMEC\"],\"articleSection\":[\"My Ino : Vivre &amp; travailler sur inovall\u00e9e\",\"Transport et mobilit\u00e9 durable\"],\"inLanguage\":\"en-GB\"},{\"@type\":\"WebPage\",\"@id\":\"https:\\\/\\\/www.inovallee.com\\\/les-entreprises-dinovallee-engagee-dans-une-enquete-collective-sur-la-mobilite\\\/\",\"url\":\"https:\\\/\\\/www.inovallee.com\\\/les-entreprises-dinovallee-engagee-dans-une-enquete-collective-sur-la-mobilite\\\/\",\"name\":\"Les entreprises d\u2019inovall\u00e9e engag\u00e9es dans une enqu\u00eate collective sur la mobilit\u00e9 - inovall\u00e9e\",\"isPartOf\":{\"@id\":\"https:\\\/\\\/www.inovallee.com\\\/#website\"},\"primaryImageOfPage\":{\"@id\":\"https:\\\/\\\/www.inovallee.com\\\/les-entreprises-dinovallee-engagee-dans-une-enquete-collective-sur-la-mobilite\\\/#primaryimage\"},\"image\":{\"@id\":\"https:\\\/\\\/www.inovallee.com\\\/les-entreprises-dinovallee-engagee-dans-une-enquete-collective-sur-la-mobilite\\\/#primaryimage\"},\"thumbnailUrl\":\"https:\\\/\\\/www.inovallee.com\\\/wp-content\\\/uploads\\\/2022\\\/11\\\/enquete.png\",\"datePublished\":\"2022-11-10T10:45:25+00:00\",\"dateModified\":\"2025-01-09T12:36:18+00:00\",\"breadcrumb\":{\"@id\":\"https:\\\/\\\/www.inovallee.com\\\/les-entreprises-dinovallee-engagee-dans-une-enquete-collective-sur-la-mobilite\\\/#breadcrumb\"},\"inLanguage\":\"en-GB\",\"potentialAction\":[{\"@type\":\"ReadAction\",\"target\":[\"https:\\\/\\\/www.inovallee.com\\\/les-entreprises-dinovallee-engagee-dans-une-enquete-collective-sur-la-mobilite\\\/\"]}]},{\"@type\":\"ImageObject\",\"inLanguage\":\"en-GB\",\"@id\":\"https:\\\/\\\/www.inovallee.com\\\/les-entreprises-dinovallee-engagee-dans-une-enquete-collective-sur-la-mobilite\\\/#primaryimage\",\"url\":\"https:\\\/\\\/www.inovallee.com\\\/wp-content\\\/uploads\\\/2022\\\/11\\\/enquete.png\",\"contentUrl\":\"https:\\\/\\\/www.inovallee.com\\\/wp-content\\\/uploads\\\/2022\\\/11\\\/enquete.png\",\"width\":585,\"height\":315},{\"@type\":\"BreadcrumbList\",\"@id\":\"https:\\\/\\\/www.inovallee.com\\\/les-entreprises-dinovallee-engagee-dans-une-enquete-collective-sur-la-mobilite\\\/#breadcrumb\",\"itemListElement\":[{\"@type\":\"ListItem\",\"position\":1,\"name\":\"Accueil\",\"item\":\"https:\\\/\\\/www.inovallee.com\\\/\"},{\"@type\":\"ListItem\",\"position\":2,\"name\":\"Les entreprises d\u2019inovall\u00e9e engag\u00e9es dans une enqu\u00eate collective sur la mobilit\u00e9\"}]},{\"@type\":\"WebSite\",\"@id\":\"https:\\\/\\\/www.inovallee.com\\\/#website\",\"url\":\"https:\\\/\\\/www.inovallee.com\\\/\",\"name\":\"inovall\u00e9e technopole, Home to software & smart technologies\",\"description\":\"Home to software &amp; smart technologies\",\"publisher\":{\"@id\":\"https:\\\/\\\/www.inovallee.com\\\/#organization\"},\"potentialAction\":[{\"@type\":\"SearchAction\",\"target\":{\"@type\":\"EntryPoint\",\"urlTemplate\":\"https:\\\/\\\/www.inovallee.com\\\/?s={search_term_string}\"},\"query-input\":{\"@type\":\"PropertyValueSpecification\",\"valueRequired\":true,\"valueName\":\"search_term_string\"}}],\"inLanguage\":\"en-GB\"},{\"@type\":\"Organization\",\"@id\":\"https:\\\/\\\/www.inovallee.com\\\/#organization\",\"name\":\"inovall\u00e9e\",\"url\":\"https:\\\/\\\/www.inovallee.com\\\/\",\"logo\":{\"@type\":\"ImageObject\",\"inLanguage\":\"en-GB\",\"@id\":\"https:\\\/\\\/www.inovallee.com\\\/#\\\/schema\\\/logo\\\/image\\\/\",\"url\":\"https:\\\/\\\/www.inovallee.com\\\/wp-content\\\/uploads\\\/2023\\\/08\\\/inovallee_2022_GrenobleAlpes.png\",\"contentUrl\":\"https:\\\/\\\/www.inovallee.com\\\/wp-content\\\/uploads\\\/2023\\\/08\\\/inovallee_2022_GrenobleAlpes.png\",\"width\":945,\"height\":369,\"caption\":\"inovall\u00e9e\"},\"image\":{\"@id\":\"https:\\\/\\\/www.inovallee.com\\\/#\\\/schema\\\/logo\\\/image\\\/\"},\"sameAs\":[\"https:\\\/\\\/www.facebook.com\\\/technopoleinovallee\\\/\",\"https:\\\/\\\/x.com\\\/inovallee\",\"https:\\\/\\\/www.linkedin.com\\\/company\\\/inovall-e\\\/\",\"https:\\\/\\\/www.youtube.com\\\/user\\\/inovallee?reload=9\"]},{\"@type\":\"Person\",\"@id\":\"https:\\\/\\\/www.inovallee.com\\\/#\\\/schema\\\/person\\\/92dc7fd313568f5cc54aba72aba732fe\",\"name\":\"Margaux De la Fuente\"}]}<\/script>\n<!-- \/ Yoast SEO plugin. -->","yoast_head_json":{"title":"Les entreprises d\u2019inovall\u00e9e engag\u00e9es dans une enqu\u00eate collective sur la mobilit\u00e9 - inovall\u00e9e","robots":{"index":"index","follow":"follow","max-snippet":"max-snippet:-1","max-image-preview":"max-image-preview:large","max-video-preview":"max-video-preview:-1"},"canonical":"https:\/\/www.inovallee.com\/en\/les-entreprises-dinovallee-engagee-dans-une-enquete-collective-sur-la-mobilite\/","og_locale":"en_GB","og_type":"article","og_title":"Les entreprises d\u2019inovall\u00e9e engag\u00e9es dans une enqu\u00eate collective sur la mobilit\u00e9 - inovall\u00e9e","og_description":"inovall\u00e9e poursuit son engagement dans la mobilit\u00e9 dans le cadre du Plan de Mobilit\u00e9 Employeur Commun lanc\u00e9 avec le SMMAG, Syndicat Mixte des Mobilit\u00e9s de l\u2019Aire Grenobloise en d\u00e9but d\u2019ann\u00e9e. De nombreuses entreprises ont rejoint la dynamique collective en mettant en place un plan de mobilit\u00e9 employeur pour leurs collaborateurs pour faciliter leurs d\u00e9placements domicile-travail [&hellip;]","og_url":"https:\/\/www.inovallee.com\/en\/les-entreprises-dinovallee-engagee-dans-une-enquete-collective-sur-la-mobilite\/","og_site_name":"inovall\u00e9e","article_publisher":"https:\/\/www.facebook.com\/technopoleinovallee\/","article_published_time":"2022-11-10T10:45:25+00:00","article_modified_time":"2025-01-09T12:36:18+00:00","og_image":[{"width":585,"height":315,"url":"https:\/\/www.inovallee.com\/wp-content\/uploads\/2022\/11\/enquete.png","type":"image\/png"}],"author":"Margaux De la Fuente","twitter_card":"summary_large_image","twitter_creator":"@inovallee","twitter_site":"@inovallee","twitter_misc":{"Written by":"Margaux De la Fuente","Estimated reading time":"2 minutes"},"schema":{"@context":"https:\/\/schema.org","@graph":[{"@type":"Article","@id":"https:\/\/www.inovallee.com\/les-entreprises-dinovallee-engagee-dans-une-enquete-collective-sur-la-mobilite\/#article","isPartOf":{"@id":"https:\/\/www.inovallee.com\/les-entreprises-dinovallee-engagee-dans-une-enquete-collective-sur-la-mobilite\/"},"author":{"name":"Margaux De la Fuente","@id":"https:\/\/www.inovallee.com\/#\/schema\/person\/92dc7fd313568f5cc54aba72aba732fe"},"headline":"Les entreprises d\u2019inovall\u00e9e engag\u00e9es dans une enqu\u00eate collective sur la mobilit\u00e9","datePublished":"2022-11-10T10:45:25+00:00","dateModified":"2025-01-09T12:36:18+00:00","mainEntityOfPage":{"@id":"https:\/\/www.inovallee.com\/les-entreprises-dinovallee-engagee-dans-une-enquete-collective-sur-la-mobilite\/"},"wordCount":292,"publisher":{"@id":"https:\/\/www.inovallee.com\/#organization"},"image":{"@id":"https:\/\/www.inovallee.com\/les-entreprises-dinovallee-engagee-dans-une-enquete-collective-sur-la-mobilite\/#primaryimage"},"thumbnailUrl":"https:\/\/www.inovallee.com\/wp-content\/uploads\/2022\/11\/enquete.png","keywords":["PDMEC"],"articleSection":["My Ino : Vivre &amp; travailler sur inovall\u00e9e","Transport et mobilit\u00e9 durable"],"inLanguage":"en-GB"},{"@type":"WebPage","@id":"https:\/\/www.inovallee.com\/les-entreprises-dinovallee-engagee-dans-une-enquete-collective-sur-la-mobilite\/","url":"https:\/\/www.inovallee.com\/les-entreprises-dinovallee-engagee-dans-une-enquete-collective-sur-la-mobilite\/","name":"Les entreprises d\u2019inovall\u00e9e engag\u00e9es dans une enqu\u00eate collective sur la mobilit\u00e9 - inovall\u00e9e","isPartOf":{"@id":"https:\/\/www.inovallee.com\/#website"},"primaryImageOfPage":{"@id":"https:\/\/www.inovallee.com\/les-entreprises-dinovallee-engagee-dans-une-enquete-collective-sur-la-mobilite\/#primaryimage"},"image":{"@id":"https:\/\/www.inovallee.com\/les-entreprises-dinovallee-engagee-dans-une-enquete-collective-sur-la-mobilite\/#primaryimage"},"thumbnailUrl":"https:\/\/www.inovallee.com\/wp-content\/uploads\/2022\/11\/enquete.png","datePublished":"2022-11-10T10:45:25+00:00","dateModified":"2025-01-09T12:36:18+00:00","breadcrumb":{"@id":"https:\/\/www.inovallee.com\/les-entreprises-dinovallee-engagee-dans-une-enquete-collective-sur-la-mobilite\/#breadcrumb"},"inLanguage":"en-GB","potentialAction":[{"@type":"ReadAction","target":["https:\/\/www.inovallee.com\/les-entreprises-dinovallee-engagee-dans-une-enquete-collective-sur-la-mobilite\/"]}]},{"@type":"ImageObject","inLanguage":"en-GB","@id":"https:\/\/www.inovallee.com\/les-entreprises-dinovallee-engagee-dans-une-enquete-collective-sur-la-mobilite\/#primaryimage","url":"https:\/\/www.inovallee.com\/wp-content\/uploads\/2022\/11\/enquete.png","contentUrl":"https:\/\/www.inovallee.com\/wp-content\/uploads\/2022\/11\/enquete.png","width":585,"height":315},{"@type":"BreadcrumbList","@id":"https:\/\/www.inovallee.com\/les-entreprises-dinovallee-engagee-dans-une-enquete-collective-sur-la-mobilite\/#breadcrumb","itemListElement":[{"@type":"ListItem","position":1,"name":"Accueil","item":"https:\/\/www.inovallee.com\/"},{"@type":"ListItem","position":2,"name":"Les entreprises d\u2019inovall\u00e9e engag\u00e9es dans une enqu\u00eate collective sur la mobilit\u00e9"}]},{"@type":"WebSite","@id":"https:\/\/www.inovallee.com\/#website","url":"https:\/\/www.inovallee.com\/","name":"inovall\u00e9e technopole, Home to software & smart technologies","description":"Home to software &amp; smart technologies","publisher":{"@id":"https:\/\/www.inovallee.com\/#organization"},"potentialAction":[{"@type":"SearchAction","target":{"@type":"EntryPoint","urlTemplate":"https:\/\/www.inovallee.com\/?s={search_term_string}"},"query-input":{"@type":"PropertyValueSpecification","valueRequired":true,"valueName":"search_term_string"}}],"inLanguage":"en-GB"},{"@type":"Organization","@id":"https:\/\/www.inovallee.com\/#organization","name":"inovall\u00e9e","url":"https:\/\/www.inovallee.com\/","logo":{"@type":"ImageObject","inLanguage":"en-GB","@id":"https:\/\/www.inovallee.com\/#\/schema\/logo\/image\/","url":"https:\/\/www.inovallee.com\/wp-content\/uploads\/2023\/08\/inovallee_2022_GrenobleAlpes.png","contentUrl":"https:\/\/www.inovallee.com\/wp-content\/uploads\/2023\/08\/inovallee_2022_GrenobleAlpes.png","width":945,"height":369,"caption":"inovall\u00e9e"},"image":{"@id":"https:\/\/www.inovallee.com\/#\/schema\/logo\/image\/"},"sameAs":["https:\/\/www.facebook.com\/technopoleinovallee\/","https:\/\/x.com\/inovallee","https:\/\/www.linkedin.com\/company\/inovall-e\/","https:\/\/www.youtube.com\/user\/inovallee?reload=9"]},{"@type":"Person","@id":"https:\/\/www.inovallee.com\/#\/schema\/person\/92dc7fd313568f5cc54aba72aba732fe","name":"Margaux De la Fuente"}]}},"_links":{"self":[{"href":"http:\/\/www.inovallee.com\/en\/wp-json\/wp\/v2\/posts\/44813","targetHints":{"allow":["GET"]}}],"collection":[{"href":"http:\/\/www.inovallee.com\/en\/wp-json\/wp\/v2\/posts"}],"about":[{"href":"http:\/\/www.inovallee.com\/en\/wp-json\/wp\/v2\/types\/post"}],"author":[{"embeddable":true,"href":"http:\/\/www.inovallee.com\/en\/wp-json\/wp\/v2\/users\/18"}],"replies":[{"embeddable":true,"href":"http:\/\/www.inovallee.com\/en\/wp-json\/wp\/v2\/comments?post=44813"}],"version-history":[{"count":1,"href":"http:\/\/www.inovallee.com\/en\/wp-json\/wp\/v2\/posts\/44813\/revisions"}],"predecessor-version":[{"id":57568,"href":"http:\/\/www.inovallee.com\/en\/wp-json\/wp\/v2\/posts\/44813\/revisions\/57568"}],"wp:featuredmedia":[{"embeddable":true,"href":"http:\/\/www.inovallee.com\/en\/wp-json\/wp\/v2\/media\/44814"}],"wp:attachment":[{"href":"http:\/\/www.inovallee.com\/en\/wp-json\/wp\/v2\/media?parent=44813"}],"wp:term":[{"taxonomy":"category","embeddable":true,"href":"http:\/\/www.inovallee.com\/en\/wp-json\/wp\/v2\/categories?post=44813"},{"taxonomy":"post_tag","embeddable":true,"href":"http:\/\/www.inovallee.com\/en\/wp-json\/wp\/v2\/tags?post=44813"}],"curies":[{"name":"wp","href":"https:\/\/api.w.org\/{rel}","templated":true}]}}