{"id":45016,"date":"2022-12-14T15:12:26","date_gmt":"2022-12-14T14:12:26","guid":{"rendered":"https:\/\/www.inovallee.com\/?p=45016"},"modified":"2022-12-15T14:46:47","modified_gmt":"2022-12-15T13:46:47","slug":"forum-oser-lentreprise-le-tarmac-a-la-rencontre-des-futurs-entrepreneurs","status":"publish","type":"post","link":"http:\/\/www.inovallee.com\/en\/forum-oser-lentreprise-le-tarmac-a-la-rencontre-des-futurs-entrepreneurs\/","title":{"rendered":"Forum Oser l\u2019entreprise\u00a0: Le tarmac \u00e0 la rencontre des futurs entrepreneurs"},"content":{"rendered":"<p>Le 22 novembre dernier, Le Tarmac \u00e9tait au c\u00f4t\u00e9 de la Poussada pour l\u2019\u00e9dition annuelle du Forum \u00ab&nbsp;Oser l\u2019entreprise&nbsp;\u00bb organis\u00e9 par la <a href=\"https:\/\/www.grenoble.cci.fr\/\">CCI<\/a>.<\/p>\n\n\n\n<p>Ce sont pr\u00e8s de pr\u00e8s de 400 personnes qui ont r\u00e9pondu \u00e0 l\u2019appel et ont pu profiter des 22 conf\u00e9rences et ateliers sur diff\u00e9rentes th\u00e9matiques de la cr\u00e9ation et reprise d&rsquo;entreprises. Plus de 40 exposants \u00e9taient pr\u00e9sents pour r\u00e9pondre \u00e0 leurs questions.<\/p>\n\n\n\n<figure class=\"wp-block-embed is-type-video is-provider-youtube wp-block-embed-youtube wp-embed-aspect-16-9 wp-has-aspect-ratio\"><div class=\"wp-block-embed__wrapper\">\n<iframe title=\"Forum Osez l&#039;entreperise 2022\" width=\"800\" height=\"450\" src=\"https:\/\/www.youtube.com\/embed\/YUh0ot5lzOE?feature=oembed\" frameborder=\"0\" allow=\"accelerometer; autoplay; clipboard-write; encrypted-media; gyroscope; picture-in-picture\" allowfullscreen><\/iframe>\n<\/div><\/figure>\n\n\n\n<p>Le Tarmac et la <a href=\"https:\/\/www.lapousada.org\/\">Pousada<\/a> ont \u00e0 cette occasion anim\u00e9 un atelier pr\u00e9sentant les b\u00e9n\u00e9fices de se faire accompagner lors de la cr\u00e9ation de son entreprise.<\/p>\n\n\n\n<h3 class=\"wp-block-heading\">Mais d\u2019ailleurs, \u00e0 quoi \u00e7a sert une p\u00e9pini\u00e8re\u00a0?<\/h3>\n\n\n\n<p>Les chiffres parlent d\u2019eux-m\u00eames puisque 80% des entreprises qui se font accompagner p\u00e9rennisent leur activit\u00e9 \u00e0 5 ans contre 50 % sans accompagnement. De plus, int\u00e9grer une p\u00e9pini\u00e8re rev\u00eat plusieurs avantages pour un entrepreneur&nbsp;:<\/p>\n\n\n\n<ol class=\"wp-block-list\" type=\"1\"><li><strong>Un h\u00e9bergement sur mesure&nbsp;:<\/strong> de petites surfaces \u00e9volutives en fonction du d\u00e9veloppement de son activit\u00e9s, des bureaux meubl\u00e9s, des loyers mod\u00e9r\u00e9s et progressifs et surtout des baux pr\u00e9caires avec d\u00e9dite de 1 \u00e0 2 mois (pas besoin de s\u2019engager sur plusieurs ann\u00e9es) qui peuvent se p\u00e9renniser dans certains cas \u00e0 l\u2018issue de l\u2019incubation.<\/li><li><strong>Un accompagnement individuel et collectif<\/strong>&nbsp;: des suivis individuels, des formations et des animations th\u00e9matiques qui permettent d\u2019\u00eatre accompagn\u00e9 \u00e0 chaque \u00e9tape.<\/li><li><strong>Une communaut\u00e9 d\u2019entrepreneurs&nbsp;: <\/strong>un groupe de pairs pour \u00e9changer, s\u2019entraider, s\u2019inspirer<\/li><li><strong>Des services mutualis\u00e9s<\/strong> qui facilitent le quotidien (ex&nbsp;: connexion Internet, copieur, achat de fournitures, gardiennage, etc.)<\/li><\/ol>\n\n\n\n<p>Pour finir, rejoindre une p\u00e9pini\u00e8re c\u2019est aussi pouvoir b\u00e9n\u00e9ficier de son r\u00e9seau et de mises en relations souvent d\u00e9cisives. <a href=\"https:\/\/www.inovallee.com\/en\/\">Inovall\u00e9e<\/a> et ses 350 entreprises sont une vraie ressource pour les startups incub\u00e9es au Tarmac.<\/p>\n\n\n\n<p>Et puis, il y a aussi tout ce qui se passe \u00ab&nbsp;off the record&nbsp;\u00bb, mais \u00e7a il faut y entrer pour en profiter&nbsp;!<\/p>\n\n\n\n<p>En conclusion, le mieux est de laisser la parole \u00e0 ceux avec qui nous partageons notre quotidien, nos startups&nbsp;!<\/p>\n\n\n\n<figure class=\"wp-block-image size-large\"><img fetchpriority=\"high\" decoding=\"async\" width=\"1024\" height=\"1024\" src=\"https:\/\/www.inovallee.com\/wp-content\/uploads\/2022\/12\/Sans-titre-1024x1024.png\" alt=\"\" class=\"wp-image-45018\" srcset=\"https:\/\/www.inovallee.com\/wp-content\/uploads\/2022\/12\/Sans-titre-1024x1024.png 1024w, https:\/\/www.inovallee.com\/wp-content\/uploads\/2022\/12\/Sans-titre-300x300.png 300w, https:\/\/www.inovallee.com\/wp-content\/uploads\/2022\/12\/Sans-titre-150x150.png 150w, https:\/\/www.inovallee.com\/wp-content\/uploads\/2022\/12\/Sans-titre-768x768.png 768w, https:\/\/www.inovallee.com\/wp-content\/uploads\/2022\/12\/Sans-titre.png 1080w\" sizes=\"(max-width: 1024px) 100vw, 1024px\" \/><\/figure>","protected":false},"excerpt":{"rendered":"<p>Le 22 novembre dernier, Le Tarmac \u00e9tait au c\u00f4t\u00e9 de la Poussada pour l\u2019\u00e9dition annuelle du Forum \u00ab&nbsp;Oser l\u2019entreprise&nbsp;\u00bb organis\u00e9 par la CCI. Ce sont pr\u00e8s de pr\u00e8s de 400 personnes qui ont r\u00e9pondu \u00e0 l\u2019appel et ont pu profiter des 22 conf\u00e9rences et ateliers sur diff\u00e9rentes th\u00e9matiques de la cr\u00e9ation et reprise d&rsquo;entreprises. Plus [&hellip;]<\/p>\n","protected":false},"author":37,"featured_media":45019,"comment_status":"closed","ping_status":"open","sticky":false,"template":"","format":"standard","meta":{"footnotes":""},"categories":[46,44],"tags":[],"class_list":["post-45016","post","type-post","status-publish","format-standard","has-post-thumbnail","hentry","category-vie-du-tarmac","category-tarmac-incubator"],"yoast_head":"<!-- This site is optimized with the Yoast SEO plugin v27.4 - https:\/\/yoast.com\/product\/yoast-seo-wordpress\/ -->\n<title>Forum Oser l\u2019entreprise\u00a0: Le tarmac \u00e0 la rencontre des futurs entrepreneurs - inovall\u00e9e<\/title>\n<meta name=\"description\" content=\"Le Tarmac et la Poussada ont anim\u00e9 \u00e0 l&#039;occasion du forum &quot;Oser l&#039;entreprise&quot; un atelier pr\u00e9sentant les b\u00e9n\u00e9fices de se faire accompagner lors de la cr\u00e9ation de son entreprise. Mais d\u2019ailleurs, \u00e0 quoi \u00e7a sert une p\u00e9pini\u00e8re ?\" \/>\n<meta name=\"robots\" content=\"index, follow, max-snippet:-1, max-image-preview:large, max-video-preview:-1\" \/>\n<link rel=\"canonical\" href=\"https:\/\/www.inovallee.com\/en\/forum-oser-lentreprise-le-tarmac-a-la-rencontre-des-futurs-entrepreneurs\/\" \/>\n<meta property=\"og:locale\" content=\"en_GB\" \/>\n<meta property=\"og:type\" content=\"article\" \/>\n<meta property=\"og:title\" content=\"Forum Oser l\u2019entreprise\u00a0: Le tarmac \u00e0 la rencontre des futurs entrepreneurs - inovall\u00e9e\" \/>\n<meta property=\"og:description\" content=\"Le Tarmac et la Poussada ont anim\u00e9 \u00e0 l&#039;occasion du forum &quot;Oser l&#039;entreprise&quot; un atelier pr\u00e9sentant les b\u00e9n\u00e9fices de se faire accompagner lors de la cr\u00e9ation de son entreprise. Mais d\u2019ailleurs, \u00e0 quoi \u00e7a sert une p\u00e9pini\u00e8re ?\" \/>\n<meta property=\"og:url\" content=\"https:\/\/www.inovallee.com\/en\/forum-oser-lentreprise-le-tarmac-a-la-rencontre-des-futurs-entrepreneurs\/\" \/>\n<meta property=\"og:site_name\" content=\"inovall\u00e9e\" \/>\n<meta property=\"article:publisher\" content=\"https:\/\/www.facebook.com\/technopoleinovallee\/\" \/>\n<meta property=\"article:published_time\" content=\"2022-12-14T14:12:26+00:00\" \/>\n<meta property=\"article:modified_time\" content=\"2022-12-15T13:46:47+00:00\" \/>\n<meta property=\"og:image\" content=\"https:\/\/www.inovallee.com\/wp-content\/uploads\/2022\/12\/Forum-oser-2022.jpg\" \/>\n\t<meta property=\"og:image:width\" content=\"605\" \/>\n\t<meta property=\"og:image:height\" content=\"285\" \/>\n\t<meta property=\"og:image:type\" content=\"image\/jpeg\" \/>\n<meta name=\"author\" content=\"Emmanuelle Vouriot\" \/>\n<meta name=\"twitter:card\" content=\"summary_large_image\" \/>\n<meta name=\"twitter:creator\" content=\"@inovallee\" \/>\n<meta name=\"twitter:site\" content=\"@inovallee\" \/>\n<meta name=\"twitter:label1\" content=\"Written by\" \/>\n\t<meta name=\"twitter:data1\" content=\"Emmanuelle Vouriot\" \/>\n\t<meta name=\"twitter:label2\" content=\"Estimated reading time\" \/>\n\t<meta name=\"twitter:data2\" content=\"2 minutes\" \/>\n<script type=\"application\/ld+json\" class=\"yoast-schema-graph\">{\"@context\":\"https:\\\/\\\/schema.org\",\"@graph\":[{\"@type\":\"Article\",\"@id\":\"https:\\\/\\\/www.inovallee.com\\\/forum-oser-lentreprise-le-tarmac-a-la-rencontre-des-futurs-entrepreneurs\\\/#article\",\"isPartOf\":{\"@id\":\"https:\\\/\\\/www.inovallee.com\\\/forum-oser-lentreprise-le-tarmac-a-la-rencontre-des-futurs-entrepreneurs\\\/\"},\"author\":{\"name\":\"Emmanuelle Vouriot\",\"@id\":\"https:\\\/\\\/www.inovallee.com\\\/#\\\/schema\\\/person\\\/1e7259f9e965ec516d83fdc8ddebbe90\"},\"headline\":\"Forum Oser l\u2019entreprise\u00a0: Le tarmac \u00e0 la rencontre des futurs entrepreneurs\",\"datePublished\":\"2022-12-14T14:12:26+00:00\",\"dateModified\":\"2022-12-15T13:46:47+00:00\",\"mainEntityOfPage\":{\"@id\":\"https:\\\/\\\/www.inovallee.com\\\/forum-oser-lentreprise-le-tarmac-a-la-rencontre-des-futurs-entrepreneurs\\\/\"},\"wordCount\":374,\"publisher\":{\"@id\":\"https:\\\/\\\/www.inovallee.com\\\/#organization\"},\"image\":{\"@id\":\"https:\\\/\\\/www.inovallee.com\\\/forum-oser-lentreprise-le-tarmac-a-la-rencontre-des-futurs-entrepreneurs\\\/#primaryimage\"},\"thumbnailUrl\":\"https:\\\/\\\/www.inovallee.com\\\/wp-content\\\/uploads\\\/2022\\\/12\\\/Forum-oser-2022.jpg\",\"articleSection\":[\"La vie du Tarmac\",\"Tarmac incubator\"],\"inLanguage\":\"en-GB\"},{\"@type\":\"WebPage\",\"@id\":\"https:\\\/\\\/www.inovallee.com\\\/forum-oser-lentreprise-le-tarmac-a-la-rencontre-des-futurs-entrepreneurs\\\/\",\"url\":\"https:\\\/\\\/www.inovallee.com\\\/forum-oser-lentreprise-le-tarmac-a-la-rencontre-des-futurs-entrepreneurs\\\/\",\"name\":\"Forum Oser l\u2019entreprise\u00a0: Le tarmac \u00e0 la rencontre des futurs entrepreneurs - inovall\u00e9e\",\"isPartOf\":{\"@id\":\"https:\\\/\\\/www.inovallee.com\\\/#website\"},\"primaryImageOfPage\":{\"@id\":\"https:\\\/\\\/www.inovallee.com\\\/forum-oser-lentreprise-le-tarmac-a-la-rencontre-des-futurs-entrepreneurs\\\/#primaryimage\"},\"image\":{\"@id\":\"https:\\\/\\\/www.inovallee.com\\\/forum-oser-lentreprise-le-tarmac-a-la-rencontre-des-futurs-entrepreneurs\\\/#primaryimage\"},\"thumbnailUrl\":\"https:\\\/\\\/www.inovallee.com\\\/wp-content\\\/uploads\\\/2022\\\/12\\\/Forum-oser-2022.jpg\",\"datePublished\":\"2022-12-14T14:12:26+00:00\",\"dateModified\":\"2022-12-15T13:46:47+00:00\",\"description\":\"Le Tarmac et la Poussada ont anim\u00e9 \u00e0 l'occasion du forum \\\"Oser l'entreprise\\\" un atelier pr\u00e9sentant les b\u00e9n\u00e9fices de se faire accompagner lors de la cr\u00e9ation de son entreprise. Mais d\u2019ailleurs, \u00e0 quoi \u00e7a sert une p\u00e9pini\u00e8re ?\",\"breadcrumb\":{\"@id\":\"https:\\\/\\\/www.inovallee.com\\\/forum-oser-lentreprise-le-tarmac-a-la-rencontre-des-futurs-entrepreneurs\\\/#breadcrumb\"},\"inLanguage\":\"en-GB\",\"potentialAction\":[{\"@type\":\"ReadAction\",\"target\":[\"https:\\\/\\\/www.inovallee.com\\\/forum-oser-lentreprise-le-tarmac-a-la-rencontre-des-futurs-entrepreneurs\\\/\"]}]},{\"@type\":\"ImageObject\",\"inLanguage\":\"en-GB\",\"@id\":\"https:\\\/\\\/www.inovallee.com\\\/forum-oser-lentreprise-le-tarmac-a-la-rencontre-des-futurs-entrepreneurs\\\/#primaryimage\",\"url\":\"https:\\\/\\\/www.inovallee.com\\\/wp-content\\\/uploads\\\/2022\\\/12\\\/Forum-oser-2022.jpg\",\"contentUrl\":\"https:\\\/\\\/www.inovallee.com\\\/wp-content\\\/uploads\\\/2022\\\/12\\\/Forum-oser-2022.jpg\",\"width\":605,\"height\":285},{\"@type\":\"BreadcrumbList\",\"@id\":\"https:\\\/\\\/www.inovallee.com\\\/forum-oser-lentreprise-le-tarmac-a-la-rencontre-des-futurs-entrepreneurs\\\/#breadcrumb\",\"itemListElement\":[{\"@type\":\"ListItem\",\"position\":1,\"name\":\"Accueil\",\"item\":\"https:\\\/\\\/www.inovallee.com\\\/\"},{\"@type\":\"ListItem\",\"position\":2,\"name\":\"Forum Oser l\u2019entreprise\u00a0: Le tarmac \u00e0 la rencontre des futurs entrepreneurs\"}]},{\"@type\":\"WebSite\",\"@id\":\"https:\\\/\\\/www.inovallee.com\\\/#website\",\"url\":\"https:\\\/\\\/www.inovallee.com\\\/\",\"name\":\"inovall\u00e9e technopole, Home to software & smart technologies\",\"description\":\"Home to software &amp; smart technologies\",\"publisher\":{\"@id\":\"https:\\\/\\\/www.inovallee.com\\\/#organization\"},\"potentialAction\":[{\"@type\":\"SearchAction\",\"target\":{\"@type\":\"EntryPoint\",\"urlTemplate\":\"https:\\\/\\\/www.inovallee.com\\\/?s={search_term_string}\"},\"query-input\":{\"@type\":\"PropertyValueSpecification\",\"valueRequired\":true,\"valueName\":\"search_term_string\"}}],\"inLanguage\":\"en-GB\"},{\"@type\":\"Organization\",\"@id\":\"https:\\\/\\\/www.inovallee.com\\\/#organization\",\"name\":\"inovall\u00e9e\",\"url\":\"https:\\\/\\\/www.inovallee.com\\\/\",\"logo\":{\"@type\":\"ImageObject\",\"inLanguage\":\"en-GB\",\"@id\":\"https:\\\/\\\/www.inovallee.com\\\/#\\\/schema\\\/logo\\\/image\\\/\",\"url\":\"https:\\\/\\\/www.inovallee.com\\\/wp-content\\\/uploads\\\/2023\\\/08\\\/inovallee_2022_GrenobleAlpes.png\",\"contentUrl\":\"https:\\\/\\\/www.inovallee.com\\\/wp-content\\\/uploads\\\/2023\\\/08\\\/inovallee_2022_GrenobleAlpes.png\",\"width\":945,\"height\":369,\"caption\":\"inovall\u00e9e\"},\"image\":{\"@id\":\"https:\\\/\\\/www.inovallee.com\\\/#\\\/schema\\\/logo\\\/image\\\/\"},\"sameAs\":[\"https:\\\/\\\/www.facebook.com\\\/technopoleinovallee\\\/\",\"https:\\\/\\\/x.com\\\/inovallee\",\"https:\\\/\\\/www.linkedin.com\\\/company\\\/inovall-e\\\/\",\"https:\\\/\\\/www.youtube.com\\\/user\\\/inovallee?reload=9\"]},{\"@type\":\"Person\",\"@id\":\"https:\\\/\\\/www.inovallee.com\\\/#\\\/schema\\\/person\\\/1e7259f9e965ec516d83fdc8ddebbe90\",\"name\":\"Emmanuelle Vouriot\"}]}<\/script>\n<!-- \/ Yoast SEO plugin. -->","yoast_head_json":{"title":"Forum Oser l\u2019entreprise\u00a0: Le tarmac \u00e0 la rencontre des futurs entrepreneurs - inovall\u00e9e","description":"Le Tarmac et la Poussada ont anim\u00e9 \u00e0 l'occasion du forum \"Oser l'entreprise\" un atelier pr\u00e9sentant les b\u00e9n\u00e9fices de se faire accompagner lors de la cr\u00e9ation de son entreprise. Mais d\u2019ailleurs, \u00e0 quoi \u00e7a sert une p\u00e9pini\u00e8re ?","robots":{"index":"index","follow":"follow","max-snippet":"max-snippet:-1","max-image-preview":"max-image-preview:large","max-video-preview":"max-video-preview:-1"},"canonical":"https:\/\/www.inovallee.com\/en\/forum-oser-lentreprise-le-tarmac-a-la-rencontre-des-futurs-entrepreneurs\/","og_locale":"en_GB","og_type":"article","og_title":"Forum Oser l\u2019entreprise\u00a0: Le tarmac \u00e0 la rencontre des futurs entrepreneurs - inovall\u00e9e","og_description":"Le Tarmac et la Poussada ont anim\u00e9 \u00e0 l'occasion du forum \"Oser l'entreprise\" un atelier pr\u00e9sentant les b\u00e9n\u00e9fices de se faire accompagner lors de la cr\u00e9ation de son entreprise. Mais d\u2019ailleurs, \u00e0 quoi \u00e7a sert une p\u00e9pini\u00e8re ?","og_url":"https:\/\/www.inovallee.com\/en\/forum-oser-lentreprise-le-tarmac-a-la-rencontre-des-futurs-entrepreneurs\/","og_site_name":"inovall\u00e9e","article_publisher":"https:\/\/www.facebook.com\/technopoleinovallee\/","article_published_time":"2022-12-14T14:12:26+00:00","article_modified_time":"2022-12-15T13:46:47+00:00","og_image":[{"width":605,"height":285,"url":"https:\/\/www.inovallee.com\/wp-content\/uploads\/2022\/12\/Forum-oser-2022.jpg","type":"image\/jpeg"}],"author":"Emmanuelle Vouriot","twitter_card":"summary_large_image","twitter_creator":"@inovallee","twitter_site":"@inovallee","twitter_misc":{"Written by":"Emmanuelle Vouriot","Estimated reading time":"2 minutes"},"schema":{"@context":"https:\/\/schema.org","@graph":[{"@type":"Article","@id":"https:\/\/www.inovallee.com\/forum-oser-lentreprise-le-tarmac-a-la-rencontre-des-futurs-entrepreneurs\/#article","isPartOf":{"@id":"https:\/\/www.inovallee.com\/forum-oser-lentreprise-le-tarmac-a-la-rencontre-des-futurs-entrepreneurs\/"},"author":{"name":"Emmanuelle Vouriot","@id":"https:\/\/www.inovallee.com\/#\/schema\/person\/1e7259f9e965ec516d83fdc8ddebbe90"},"headline":"Forum Oser l\u2019entreprise\u00a0: Le tarmac \u00e0 la rencontre des futurs entrepreneurs","datePublished":"2022-12-14T14:12:26+00:00","dateModified":"2022-12-15T13:46:47+00:00","mainEntityOfPage":{"@id":"https:\/\/www.inovallee.com\/forum-oser-lentreprise-le-tarmac-a-la-rencontre-des-futurs-entrepreneurs\/"},"wordCount":374,"publisher":{"@id":"https:\/\/www.inovallee.com\/#organization"},"image":{"@id":"https:\/\/www.inovallee.com\/forum-oser-lentreprise-le-tarmac-a-la-rencontre-des-futurs-entrepreneurs\/#primaryimage"},"thumbnailUrl":"https:\/\/www.inovallee.com\/wp-content\/uploads\/2022\/12\/Forum-oser-2022.jpg","articleSection":["La vie du Tarmac","Tarmac incubator"],"inLanguage":"en-GB"},{"@type":"WebPage","@id":"https:\/\/www.inovallee.com\/forum-oser-lentreprise-le-tarmac-a-la-rencontre-des-futurs-entrepreneurs\/","url":"https:\/\/www.inovallee.com\/forum-oser-lentreprise-le-tarmac-a-la-rencontre-des-futurs-entrepreneurs\/","name":"Forum Oser l\u2019entreprise\u00a0: Le tarmac \u00e0 la rencontre des futurs entrepreneurs - inovall\u00e9e","isPartOf":{"@id":"https:\/\/www.inovallee.com\/#website"},"primaryImageOfPage":{"@id":"https:\/\/www.inovallee.com\/forum-oser-lentreprise-le-tarmac-a-la-rencontre-des-futurs-entrepreneurs\/#primaryimage"},"image":{"@id":"https:\/\/www.inovallee.com\/forum-oser-lentreprise-le-tarmac-a-la-rencontre-des-futurs-entrepreneurs\/#primaryimage"},"thumbnailUrl":"https:\/\/www.inovallee.com\/wp-content\/uploads\/2022\/12\/Forum-oser-2022.jpg","datePublished":"2022-12-14T14:12:26+00:00","dateModified":"2022-12-15T13:46:47+00:00","description":"Le Tarmac et la Poussada ont anim\u00e9 \u00e0 l'occasion du forum \"Oser l'entreprise\" un atelier pr\u00e9sentant les b\u00e9n\u00e9fices de se faire accompagner lors de la cr\u00e9ation de son entreprise. Mais d\u2019ailleurs, \u00e0 quoi \u00e7a sert une p\u00e9pini\u00e8re ?","breadcrumb":{"@id":"https:\/\/www.inovallee.com\/forum-oser-lentreprise-le-tarmac-a-la-rencontre-des-futurs-entrepreneurs\/#breadcrumb"},"inLanguage":"en-GB","potentialAction":[{"@type":"ReadAction","target":["https:\/\/www.inovallee.com\/forum-oser-lentreprise-le-tarmac-a-la-rencontre-des-futurs-entrepreneurs\/"]}]},{"@type":"ImageObject","inLanguage":"en-GB","@id":"https:\/\/www.inovallee.com\/forum-oser-lentreprise-le-tarmac-a-la-rencontre-des-futurs-entrepreneurs\/#primaryimage","url":"https:\/\/www.inovallee.com\/wp-content\/uploads\/2022\/12\/Forum-oser-2022.jpg","contentUrl":"https:\/\/www.inovallee.com\/wp-content\/uploads\/2022\/12\/Forum-oser-2022.jpg","width":605,"height":285},{"@type":"BreadcrumbList","@id":"https:\/\/www.inovallee.com\/forum-oser-lentreprise-le-tarmac-a-la-rencontre-des-futurs-entrepreneurs\/#breadcrumb","itemListElement":[{"@type":"ListItem","position":1,"name":"Accueil","item":"https:\/\/www.inovallee.com\/"},{"@type":"ListItem","position":2,"name":"Forum Oser l\u2019entreprise\u00a0: Le tarmac \u00e0 la rencontre des futurs entrepreneurs"}]},{"@type":"WebSite","@id":"https:\/\/www.inovallee.com\/#website","url":"https:\/\/www.inovallee.com\/","name":"inovall\u00e9e technopole, Home to software & smart technologies","description":"Home to software &amp; smart technologies","publisher":{"@id":"https:\/\/www.inovallee.com\/#organization"},"potentialAction":[{"@type":"SearchAction","target":{"@type":"EntryPoint","urlTemplate":"https:\/\/www.inovallee.com\/?s={search_term_string}"},"query-input":{"@type":"PropertyValueSpecification","valueRequired":true,"valueName":"search_term_string"}}],"inLanguage":"en-GB"},{"@type":"Organization","@id":"https:\/\/www.inovallee.com\/#organization","name":"inovall\u00e9e","url":"https:\/\/www.inovallee.com\/","logo":{"@type":"ImageObject","inLanguage":"en-GB","@id":"https:\/\/www.inovallee.com\/#\/schema\/logo\/image\/","url":"https:\/\/www.inovallee.com\/wp-content\/uploads\/2023\/08\/inovallee_2022_GrenobleAlpes.png","contentUrl":"https:\/\/www.inovallee.com\/wp-content\/uploads\/2023\/08\/inovallee_2022_GrenobleAlpes.png","width":945,"height":369,"caption":"inovall\u00e9e"},"image":{"@id":"https:\/\/www.inovallee.com\/#\/schema\/logo\/image\/"},"sameAs":["https:\/\/www.facebook.com\/technopoleinovallee\/","https:\/\/x.com\/inovallee","https:\/\/www.linkedin.com\/company\/inovall-e\/","https:\/\/www.youtube.com\/user\/inovallee?reload=9"]},{"@type":"Person","@id":"https:\/\/www.inovallee.com\/#\/schema\/person\/1e7259f9e965ec516d83fdc8ddebbe90","name":"Emmanuelle Vouriot"}]}},"_links":{"self":[{"href":"http:\/\/www.inovallee.com\/en\/wp-json\/wp\/v2\/posts\/45016","targetHints":{"allow":["GET"]}}],"collection":[{"href":"http:\/\/www.inovallee.com\/en\/wp-json\/wp\/v2\/posts"}],"about":[{"href":"http:\/\/www.inovallee.com\/en\/wp-json\/wp\/v2\/types\/post"}],"author":[{"embeddable":true,"href":"http:\/\/www.inovallee.com\/en\/wp-json\/wp\/v2\/users\/37"}],"replies":[{"embeddable":true,"href":"http:\/\/www.inovallee.com\/en\/wp-json\/wp\/v2\/comments?post=45016"}],"version-history":[{"count":0,"href":"http:\/\/www.inovallee.com\/en\/wp-json\/wp\/v2\/posts\/45016\/revisions"}],"wp:featuredmedia":[{"embeddable":true,"href":"http:\/\/www.inovallee.com\/en\/wp-json\/wp\/v2\/media\/45019"}],"wp:attachment":[{"href":"http:\/\/www.inovallee.com\/en\/wp-json\/wp\/v2\/media?parent=45016"}],"wp:term":[{"taxonomy":"category","embeddable":true,"href":"http:\/\/www.inovallee.com\/en\/wp-json\/wp\/v2\/categories?post=45016"},{"taxonomy":"post_tag","embeddable":true,"href":"http:\/\/www.inovallee.com\/en\/wp-json\/wp\/v2\/tags?post=45016"}],"curies":[{"name":"wp","href":"https:\/\/api.w.org\/{rel}","templated":true}]}}