{"id":55816,"date":"2024-10-01T18:05:45","date_gmt":"2024-10-01T16:05:45","guid":{"rendered":"https:\/\/www.inovallee.com\/?p=55816"},"modified":"2024-10-01T18:14:52","modified_gmt":"2024-10-01T16:14:52","slug":"vivre-et-travailler-ensemble-sur-inovallee-une-communaute-dynamique-au-coeur-de-notre-technopole","status":"publish","type":"post","link":"http:\/\/www.inovallee.com\/en\/vivre-et-travailler-ensemble-sur-inovallee-une-communaute-dynamique-au-coeur-de-notre-technopole\/","title":{"rendered":"Vivre et Travailler ensemble sur inovall\u00e9e : Une communaut\u00e9 dynamique au c\u0153ur de notre technopole\u00a0"},"content":{"rendered":"<p>Notre technopole est bien plus qu\u2019un simple lieu de travail. C&rsquo;est une v\u00e9ritable communaut\u00e9 de collaborateurs qui, chaque jour, \u00e9volue dans un environnement stimulant et convivial. La vie professionnelle au sein de notre technopole est rythm\u00e9e par des initiatives qui visent \u00e0 promouvoir non seulement la performance et l\u2019excellence professionnelle, mais aussi le bien-\u00eatre et la coh\u00e9sion au sein des \u00e9quipes. &nbsp;<\/p>\n\n\n\n<p>Nous sommes convaincus que pour travailler efficacement, il est essentiel de se sentir bien, et c\u2019est dans cette optique que notre association s\u2019efforce de cr\u00e9er un cadre de vie et de travail \u00e9panouissant.&nbsp;<\/p>\n\n\n\n<h4 class=\"wp-block-heading\"><strong>Un environnement dynamique et favorable au bien-\u00eatre\u00a0<\/strong><\/h4>\n\n\n\n<p>Travailler sur notre technopole, c\u2019est profiter d\u2019un cadre verdoyant, d\u2019infrastructures modernes et d\u2019une atmosph\u00e8re collaborative unique. Chaque collaborateur b\u00e9n\u00e9ficie d\u2019un \u00e9cosyst\u00e8me favorable au d\u00e9veloppement personnel et professionnel. Notre technopole est un lieu o\u00f9 la technologie et l\u2019innovation se rencontrent, mais aussi o\u00f9 l\u2019humain est plac\u00e9 au c\u0153ur de toutes les pr\u00e9occupations.&nbsp;<\/p>\n\n\n\n<h4 class=\"wp-block-heading\"><strong>Des ateliers, formations et services : avancer ensemble\u00a0tout en boostant ses comp\u00e9tenses &amp; son r\u00e9seau<\/strong><\/h4>\n\n\n\n<p>Afin de renforcer les comp\u00e9tences de chacun et de favoriser les \u00e9changes, notre association inovall\u00e9e propose une multitude d&rsquo;ateliers, de rencontres et de formations tout au long de l&rsquo;ann\u00e9e. Ces \u00e9v\u00e9nements permettent aux collaborateurs d\u2019acqu\u00e9rir de nouvelles connaissances et d\u2019\u00e9largir leur r\u00e9seau professionnel dans un cadre convivial et constructif. Qu&rsquo;il s&rsquo;agisse de nos RDV D\u00e9cideurs, nos clubs m\u00e9tiers, nos visites d\u2019entreprises, rencontres Mobilit\u00e9, chaque collaborateurs d&rsquo;inovall\u00e9e a l&rsquo;opportunit\u00e9 de progresser et de s\u2019\u00e9panouir.\u00a0<\/p>\n\n\n\n<p>Ci-dessous, notre dernier Bonjour Startup o\u00f9 nous avons invit\u00e9 les entreprises \u00e0 d\u00e9couvrir le Hub 545, h\u00e9bergeur de 5 startups, un mod\u00e8le de Product Studio\u00a0install\u00e9 \u00e0 inovall\u00e9e. Une nouvelle opportunit\u00e9 pour elles, de se rencontrer, visiter une nouvelle entreprise et d&rsquo;\u00e9changer et apprendre sur une nouvelle th\u00e9matique. <\/p>\n\n\n\n<figure class=\"wp-block-image size-large\"><img fetchpriority=\"high\" decoding=\"async\" width=\"1024\" height=\"768\" src=\"https:\/\/www.inovallee.com\/wp-content\/uploads\/2024\/10\/20240927_084742-1024x768.jpg\" alt=\"\" class=\"wp-image-55820\" srcset=\"https:\/\/www.inovallee.com\/wp-content\/uploads\/2024\/10\/20240927_084742-1024x768.jpg 1024w, https:\/\/www.inovallee.com\/wp-content\/uploads\/2024\/10\/20240927_084742-300x225.jpg 300w, https:\/\/www.inovallee.com\/wp-content\/uploads\/2024\/10\/20240927_084742-768x576.jpg 768w, https:\/\/www.inovallee.com\/wp-content\/uploads\/2024\/10\/20240927_084742-1536x1152.jpg 1536w, https:\/\/www.inovallee.com\/wp-content\/uploads\/2024\/10\/20240927_084742-scaled.jpg 2048w, https:\/\/www.inovallee.com\/wp-content\/uploads\/2024\/10\/20240927_084742-16x12.jpg 16w, https:\/\/www.inovallee.com\/wp-content\/uploads\/2024\/10\/20240927_084742-150x113.jpg 150w, https:\/\/www.inovallee.com\/wp-content\/uploads\/2024\/10\/20240927_084742-400x300.jpg 400w, https:\/\/www.inovallee.com\/wp-content\/uploads\/2024\/10\/20240927_084742-1320x990.jpg 1320w\" sizes=\"(max-width: 1024px) 100vw, 1024px\" \/><\/figure>\n\n\n\n<h4 class=\"wp-block-heading\"><strong>Des \u00e9v\u00e9nements + festifs pour favoriser les rencontres et les partages\u00a0<\/strong><\/h4>\n\n\n\n<p>La coh\u00e9sion au sein de notre communaut\u00e9 est renforc\u00e9e par une programmation riche d\u2019\u00e9v\u00e9nements qui rythment l\u2019ann\u00e9e. Nos afterworks compl\u00e9tent notre offre et permettent aux collaborateurs de se retrouver dans une ambiance d\u00e9tendue et conviviale, et de rencontrer les autres entreprises de la technopole. L\u2019occasion id\u00e9ale pour \u00e9changer, partager des exp\u00e9riences et tisser des liens au-del\u00e0 du cadre professionnel.\u00a0<\/p>\n\n\n\n<p>Le premier afterwork de cette rentr\u00e9e, qui a eu lieu jeudi 26 septembre dernier, a marqu\u00e9 un nouveau d\u00e9part pour cette belle ann\u00e9e qui s&rsquo;annonce. Dans une ambiance chaleureuse et conviviale, les participants ont pu se rencontrer, discuter de leurs projets, et simplement profiter d\u2019un moment de d\u00e9tente avec un petit concert qui est venu animer cette soir\u00e9e. Cet \u00e9v\u00e9nement est la promesse d\u2019une ann\u00e9e riche en rencontres et en opportunit\u00e9s.&nbsp;<\/p>\n\n\n\n<h4 class=\"wp-block-heading\"><strong>Des animations et Olympiades pour cr\u00e9er des souvenirs inoubliables\u00a0<\/strong><\/h4>\n\n\n\n<p>Notre association met \u00e9galement en place des animations tout au long de l&rsquo;ann\u00e9e pour rendre la vie sur la technopole plus vivante et dynamique. Parmi ces initiatives, l\u2019ino\u2019challenge, qui est devenu\u00a0un rendez-vous incontournable. Nos olympiades renforcent l&rsquo;esprit d\u2019\u00e9quipe et stimulent le sentiment d\u2019appartenance \u00e0 notre communaut\u00e9. Que ce soit \u00e0 travers des \u00e9preuves sportives ou des d\u00e9fis plus ludiques, chaque participant repart avec des souvenirs marquants et de bons moments partag\u00e9s.\u00a0<\/p>\n\n\n\n<p>Ensemble, nous construisons chaque jour une communaut\u00e9 forte, solidaire et tourn\u00e9e vers l&rsquo;avenir.&nbsp;Chaque collaborateur trouve sa place et contribue \u00e0 faire de notre technopole un lieu unique o\u00f9 il fait bon vivre et travailler.&nbsp;<\/p>\n\n\n\n<p>Vous retrouverez toute l\u2019ann\u00e9e nos RDV D\u00e9cideurs, Bonjour Voisin, Club M\u00e9tiers, Pause D\u00e8j de la Transition, rencontres Mobilit\u00e9, afterworks et nos olympiades au mois de juin. &nbsp;<\/p>\n\n\n\n<p>Restez inform\u00e9s de tous nos \u00e9v\u00e9nements <a href=\"https:\/\/inovallee.assoconnect.com\/page\/1807406-agenda\">en allant sur notre agenda<\/a>, ou <a href=\"mailto:accueil@inovallee.com\">en demandant votre inscription sur nos listes de diffusion. \u00a0\u00a0<\/a><\/p>","protected":false},"excerpt":{"rendered":"<p>Notre technopole est bien plus qu\u2019un simple lieu de travail. C&rsquo;est une v\u00e9ritable communaut\u00e9 de collaborateurs qui, chaque jour, \u00e9volue dans un environnement stimulant et convivial. La vie professionnelle au sein de notre technopole est rythm\u00e9e par des initiatives qui visent \u00e0 promouvoir non seulement la performance et l\u2019excellence professionnelle, mais aussi le bien-\u00eatre et [&hellip;]<\/p>\n","protected":false},"author":18,"featured_media":55818,"comment_status":"closed","ping_status":"open","sticky":false,"template":"","format":"standard","meta":{"footnotes":""},"categories":[37],"tags":[1195],"class_list":["post-55816","post","type-post","status-publish","format-standard","has-post-thumbnail","hentry","category-my-ino","tag-qvt"],"yoast_head":"<!-- This site is optimized with the Yoast SEO plugin v27.4 - https:\/\/yoast.com\/product\/yoast-seo-wordpress\/ -->\n<title>Vivre et Travailler ensemble sur inovall\u00e9e : Une communaut\u00e9 dynamique au c\u0153ur de notre technopole\u00a0 - inovall\u00e9e<\/title>\n<meta name=\"description\" content=\"inovall\u00e9e ne cesse de d\u00e9velopper sa culture du bien vivre et travailler aupr\u00e8s de ses entreprises et de leur garantir une meilleure QVT.\" \/>\n<meta name=\"robots\" content=\"index, follow, max-snippet:-1, max-image-preview:large, max-video-preview:-1\" \/>\n<link rel=\"canonical\" href=\"https:\/\/www.inovallee.com\/en\/vivre-et-travailler-ensemble-sur-inovallee-une-communaute-dynamique-au-coeur-de-notre-technopole\/\" \/>\n<meta property=\"og:locale\" content=\"en_GB\" \/>\n<meta property=\"og:type\" content=\"article\" \/>\n<meta property=\"og:title\" content=\"Vivre et Travailler ensemble sur inovall\u00e9e : Une communaut\u00e9 dynamique au c\u0153ur de notre technopole\u00a0 - inovall\u00e9e\" \/>\n<meta property=\"og:description\" content=\"inovall\u00e9e ne cesse de d\u00e9velopper sa culture du bien vivre et travailler aupr\u00e8s de ses entreprises et de leur garantir une meilleure QVT.\" \/>\n<meta property=\"og:url\" content=\"https:\/\/www.inovallee.com\/en\/vivre-et-travailler-ensemble-sur-inovallee-une-communaute-dynamique-au-coeur-de-notre-technopole\/\" \/>\n<meta property=\"og:site_name\" content=\"inovall\u00e9e\" \/>\n<meta property=\"article:publisher\" content=\"https:\/\/www.facebook.com\/technopoleinovallee\/\" \/>\n<meta property=\"article:published_time\" content=\"2024-10-01T16:05:45+00:00\" \/>\n<meta property=\"article:modified_time\" content=\"2024-10-01T16:14:52+00:00\" \/>\n<meta property=\"og:image\" content=\"https:\/\/www.inovallee.com\/wp-content\/uploads\/2024\/10\/image00011-scaled.jpeg\" \/>\n\t<meta property=\"og:image:width\" content=\"2048\" \/>\n\t<meta property=\"og:image:height\" content=\"1536\" \/>\n\t<meta property=\"og:image:type\" content=\"image\/jpeg\" \/>\n<meta name=\"author\" content=\"Margaux De la Fuente\" \/>\n<meta name=\"twitter:card\" content=\"summary_large_image\" \/>\n<meta name=\"twitter:creator\" content=\"@inovallee\" \/>\n<meta name=\"twitter:site\" content=\"@inovallee\" \/>\n<meta name=\"twitter:label1\" content=\"Written by\" \/>\n\t<meta name=\"twitter:data1\" content=\"Margaux De la Fuente\" \/>\n\t<meta name=\"twitter:label2\" content=\"Estimated reading time\" \/>\n\t<meta name=\"twitter:data2\" content=\"4 minutes\" \/>\n<script type=\"application\/ld+json\" class=\"yoast-schema-graph\">{\"@context\":\"https:\\\/\\\/schema.org\",\"@graph\":[{\"@type\":\"Article\",\"@id\":\"https:\\\/\\\/www.inovallee.com\\\/vivre-et-travailler-ensemble-sur-inovallee-une-communaute-dynamique-au-coeur-de-notre-technopole\\\/#article\",\"isPartOf\":{\"@id\":\"https:\\\/\\\/www.inovallee.com\\\/vivre-et-travailler-ensemble-sur-inovallee-une-communaute-dynamique-au-coeur-de-notre-technopole\\\/\"},\"author\":{\"name\":\"Margaux De la Fuente\",\"@id\":\"https:\\\/\\\/www.inovallee.com\\\/#\\\/schema\\\/person\\\/92dc7fd313568f5cc54aba72aba732fe\"},\"headline\":\"Vivre et Travailler ensemble sur inovall\u00e9e : Une communaut\u00e9 dynamique au c\u0153ur de notre technopole\u00a0\",\"datePublished\":\"2024-10-01T16:05:45+00:00\",\"dateModified\":\"2024-10-01T16:14:52+00:00\",\"mainEntityOfPage\":{\"@id\":\"https:\\\/\\\/www.inovallee.com\\\/vivre-et-travailler-ensemble-sur-inovallee-une-communaute-dynamique-au-coeur-de-notre-technopole\\\/\"},\"wordCount\":699,\"publisher\":{\"@id\":\"https:\\\/\\\/www.inovallee.com\\\/#organization\"},\"image\":{\"@id\":\"https:\\\/\\\/www.inovallee.com\\\/vivre-et-travailler-ensemble-sur-inovallee-une-communaute-dynamique-au-coeur-de-notre-technopole\\\/#primaryimage\"},\"thumbnailUrl\":\"https:\\\/\\\/www.inovallee.com\\\/wp-content\\\/uploads\\\/2024\\\/10\\\/image00011-scaled.jpeg\",\"keywords\":[\"QVT\"],\"articleSection\":[\"My Ino : Vivre &amp; travailler sur inovall\u00e9e\"],\"inLanguage\":\"en-GB\"},{\"@type\":\"WebPage\",\"@id\":\"https:\\\/\\\/www.inovallee.com\\\/vivre-et-travailler-ensemble-sur-inovallee-une-communaute-dynamique-au-coeur-de-notre-technopole\\\/\",\"url\":\"https:\\\/\\\/www.inovallee.com\\\/vivre-et-travailler-ensemble-sur-inovallee-une-communaute-dynamique-au-coeur-de-notre-technopole\\\/\",\"name\":\"Vivre et Travailler ensemble sur inovall\u00e9e : Une communaut\u00e9 dynamique au c\u0153ur de notre technopole\u00a0 - inovall\u00e9e\",\"isPartOf\":{\"@id\":\"https:\\\/\\\/www.inovallee.com\\\/#website\"},\"primaryImageOfPage\":{\"@id\":\"https:\\\/\\\/www.inovallee.com\\\/vivre-et-travailler-ensemble-sur-inovallee-une-communaute-dynamique-au-coeur-de-notre-technopole\\\/#primaryimage\"},\"image\":{\"@id\":\"https:\\\/\\\/www.inovallee.com\\\/vivre-et-travailler-ensemble-sur-inovallee-une-communaute-dynamique-au-coeur-de-notre-technopole\\\/#primaryimage\"},\"thumbnailUrl\":\"https:\\\/\\\/www.inovallee.com\\\/wp-content\\\/uploads\\\/2024\\\/10\\\/image00011-scaled.jpeg\",\"datePublished\":\"2024-10-01T16:05:45+00:00\",\"dateModified\":\"2024-10-01T16:14:52+00:00\",\"description\":\"inovall\u00e9e ne cesse de d\u00e9velopper sa culture du bien vivre et travailler aupr\u00e8s de ses entreprises et de leur garantir une meilleure QVT.\",\"breadcrumb\":{\"@id\":\"https:\\\/\\\/www.inovallee.com\\\/vivre-et-travailler-ensemble-sur-inovallee-une-communaute-dynamique-au-coeur-de-notre-technopole\\\/#breadcrumb\"},\"inLanguage\":\"en-GB\",\"potentialAction\":[{\"@type\":\"ReadAction\",\"target\":[\"https:\\\/\\\/www.inovallee.com\\\/vivre-et-travailler-ensemble-sur-inovallee-une-communaute-dynamique-au-coeur-de-notre-technopole\\\/\"]}]},{\"@type\":\"ImageObject\",\"inLanguage\":\"en-GB\",\"@id\":\"https:\\\/\\\/www.inovallee.com\\\/vivre-et-travailler-ensemble-sur-inovallee-une-communaute-dynamique-au-coeur-de-notre-technopole\\\/#primaryimage\",\"url\":\"https:\\\/\\\/www.inovallee.com\\\/wp-content\\\/uploads\\\/2024\\\/10\\\/image00011-scaled.jpeg\",\"contentUrl\":\"https:\\\/\\\/www.inovallee.com\\\/wp-content\\\/uploads\\\/2024\\\/10\\\/image00011-scaled.jpeg\",\"width\":2048,\"height\":1536},{\"@type\":\"BreadcrumbList\",\"@id\":\"https:\\\/\\\/www.inovallee.com\\\/vivre-et-travailler-ensemble-sur-inovallee-une-communaute-dynamique-au-coeur-de-notre-technopole\\\/#breadcrumb\",\"itemListElement\":[{\"@type\":\"ListItem\",\"position\":1,\"name\":\"Accueil\",\"item\":\"https:\\\/\\\/www.inovallee.com\\\/\"},{\"@type\":\"ListItem\",\"position\":2,\"name\":\"Vivre et Travailler ensemble sur inovall\u00e9e : Une communaut\u00e9 dynamique au c\u0153ur de notre technopole\u00a0\"}]},{\"@type\":\"WebSite\",\"@id\":\"https:\\\/\\\/www.inovallee.com\\\/#website\",\"url\":\"https:\\\/\\\/www.inovallee.com\\\/\",\"name\":\"inovall\u00e9e technopole, Home to software & smart technologies\",\"description\":\"Home to software &amp; smart technologies\",\"publisher\":{\"@id\":\"https:\\\/\\\/www.inovallee.com\\\/#organization\"},\"potentialAction\":[{\"@type\":\"SearchAction\",\"target\":{\"@type\":\"EntryPoint\",\"urlTemplate\":\"https:\\\/\\\/www.inovallee.com\\\/?s={search_term_string}\"},\"query-input\":{\"@type\":\"PropertyValueSpecification\",\"valueRequired\":true,\"valueName\":\"search_term_string\"}}],\"inLanguage\":\"en-GB\"},{\"@type\":\"Organization\",\"@id\":\"https:\\\/\\\/www.inovallee.com\\\/#organization\",\"name\":\"inovall\u00e9e\",\"url\":\"https:\\\/\\\/www.inovallee.com\\\/\",\"logo\":{\"@type\":\"ImageObject\",\"inLanguage\":\"en-GB\",\"@id\":\"https:\\\/\\\/www.inovallee.com\\\/#\\\/schema\\\/logo\\\/image\\\/\",\"url\":\"https:\\\/\\\/www.inovallee.com\\\/wp-content\\\/uploads\\\/2023\\\/08\\\/inovallee_2022_GrenobleAlpes.png\",\"contentUrl\":\"https:\\\/\\\/www.inovallee.com\\\/wp-content\\\/uploads\\\/2023\\\/08\\\/inovallee_2022_GrenobleAlpes.png\",\"width\":945,\"height\":369,\"caption\":\"inovall\u00e9e\"},\"image\":{\"@id\":\"https:\\\/\\\/www.inovallee.com\\\/#\\\/schema\\\/logo\\\/image\\\/\"},\"sameAs\":[\"https:\\\/\\\/www.facebook.com\\\/technopoleinovallee\\\/\",\"https:\\\/\\\/x.com\\\/inovallee\",\"https:\\\/\\\/www.linkedin.com\\\/company\\\/inovall-e\\\/\",\"https:\\\/\\\/www.youtube.com\\\/user\\\/inovallee?reload=9\"]},{\"@type\":\"Person\",\"@id\":\"https:\\\/\\\/www.inovallee.com\\\/#\\\/schema\\\/person\\\/92dc7fd313568f5cc54aba72aba732fe\",\"name\":\"Margaux De la Fuente\"}]}<\/script>\n<!-- \/ Yoast SEO plugin. -->","yoast_head_json":{"title":"Vivre et Travailler ensemble sur inovall\u00e9e : Une communaut\u00e9 dynamique au c\u0153ur de notre technopole\u00a0 - inovall\u00e9e","description":"inovall\u00e9e ne cesse de d\u00e9velopper sa culture du bien vivre et travailler aupr\u00e8s de ses entreprises et de leur garantir une meilleure QVT.","robots":{"index":"index","follow":"follow","max-snippet":"max-snippet:-1","max-image-preview":"max-image-preview:large","max-video-preview":"max-video-preview:-1"},"canonical":"https:\/\/www.inovallee.com\/en\/vivre-et-travailler-ensemble-sur-inovallee-une-communaute-dynamique-au-coeur-de-notre-technopole\/","og_locale":"en_GB","og_type":"article","og_title":"Vivre et Travailler ensemble sur inovall\u00e9e : Une communaut\u00e9 dynamique au c\u0153ur de notre technopole\u00a0 - inovall\u00e9e","og_description":"inovall\u00e9e ne cesse de d\u00e9velopper sa culture du bien vivre et travailler aupr\u00e8s de ses entreprises et de leur garantir une meilleure QVT.","og_url":"https:\/\/www.inovallee.com\/en\/vivre-et-travailler-ensemble-sur-inovallee-une-communaute-dynamique-au-coeur-de-notre-technopole\/","og_site_name":"inovall\u00e9e","article_publisher":"https:\/\/www.facebook.com\/technopoleinovallee\/","article_published_time":"2024-10-01T16:05:45+00:00","article_modified_time":"2024-10-01T16:14:52+00:00","og_image":[{"width":2048,"height":1536,"url":"https:\/\/www.inovallee.com\/wp-content\/uploads\/2024\/10\/image00011-scaled.jpeg","type":"image\/jpeg"}],"author":"Margaux De la Fuente","twitter_card":"summary_large_image","twitter_creator":"@inovallee","twitter_site":"@inovallee","twitter_misc":{"Written by":"Margaux De la Fuente","Estimated reading time":"4 minutes"},"schema":{"@context":"https:\/\/schema.org","@graph":[{"@type":"Article","@id":"https:\/\/www.inovallee.com\/vivre-et-travailler-ensemble-sur-inovallee-une-communaute-dynamique-au-coeur-de-notre-technopole\/#article","isPartOf":{"@id":"https:\/\/www.inovallee.com\/vivre-et-travailler-ensemble-sur-inovallee-une-communaute-dynamique-au-coeur-de-notre-technopole\/"},"author":{"name":"Margaux De la Fuente","@id":"https:\/\/www.inovallee.com\/#\/schema\/person\/92dc7fd313568f5cc54aba72aba732fe"},"headline":"Vivre et Travailler ensemble sur inovall\u00e9e : Une communaut\u00e9 dynamique au c\u0153ur de notre technopole\u00a0","datePublished":"2024-10-01T16:05:45+00:00","dateModified":"2024-10-01T16:14:52+00:00","mainEntityOfPage":{"@id":"https:\/\/www.inovallee.com\/vivre-et-travailler-ensemble-sur-inovallee-une-communaute-dynamique-au-coeur-de-notre-technopole\/"},"wordCount":699,"publisher":{"@id":"https:\/\/www.inovallee.com\/#organization"},"image":{"@id":"https:\/\/www.inovallee.com\/vivre-et-travailler-ensemble-sur-inovallee-une-communaute-dynamique-au-coeur-de-notre-technopole\/#primaryimage"},"thumbnailUrl":"https:\/\/www.inovallee.com\/wp-content\/uploads\/2024\/10\/image00011-scaled.jpeg","keywords":["QVT"],"articleSection":["My Ino : Vivre &amp; travailler sur inovall\u00e9e"],"inLanguage":"en-GB"},{"@type":"WebPage","@id":"https:\/\/www.inovallee.com\/vivre-et-travailler-ensemble-sur-inovallee-une-communaute-dynamique-au-coeur-de-notre-technopole\/","url":"https:\/\/www.inovallee.com\/vivre-et-travailler-ensemble-sur-inovallee-une-communaute-dynamique-au-coeur-de-notre-technopole\/","name":"Vivre et Travailler ensemble sur inovall\u00e9e : Une communaut\u00e9 dynamique au c\u0153ur de notre technopole\u00a0 - inovall\u00e9e","isPartOf":{"@id":"https:\/\/www.inovallee.com\/#website"},"primaryImageOfPage":{"@id":"https:\/\/www.inovallee.com\/vivre-et-travailler-ensemble-sur-inovallee-une-communaute-dynamique-au-coeur-de-notre-technopole\/#primaryimage"},"image":{"@id":"https:\/\/www.inovallee.com\/vivre-et-travailler-ensemble-sur-inovallee-une-communaute-dynamique-au-coeur-de-notre-technopole\/#primaryimage"},"thumbnailUrl":"https:\/\/www.inovallee.com\/wp-content\/uploads\/2024\/10\/image00011-scaled.jpeg","datePublished":"2024-10-01T16:05:45+00:00","dateModified":"2024-10-01T16:14:52+00:00","description":"inovall\u00e9e ne cesse de d\u00e9velopper sa culture du bien vivre et travailler aupr\u00e8s de ses entreprises et de leur garantir une meilleure QVT.","breadcrumb":{"@id":"https:\/\/www.inovallee.com\/vivre-et-travailler-ensemble-sur-inovallee-une-communaute-dynamique-au-coeur-de-notre-technopole\/#breadcrumb"},"inLanguage":"en-GB","potentialAction":[{"@type":"ReadAction","target":["https:\/\/www.inovallee.com\/vivre-et-travailler-ensemble-sur-inovallee-une-communaute-dynamique-au-coeur-de-notre-technopole\/"]}]},{"@type":"ImageObject","inLanguage":"en-GB","@id":"https:\/\/www.inovallee.com\/vivre-et-travailler-ensemble-sur-inovallee-une-communaute-dynamique-au-coeur-de-notre-technopole\/#primaryimage","url":"https:\/\/www.inovallee.com\/wp-content\/uploads\/2024\/10\/image00011-scaled.jpeg","contentUrl":"https:\/\/www.inovallee.com\/wp-content\/uploads\/2024\/10\/image00011-scaled.jpeg","width":2048,"height":1536},{"@type":"BreadcrumbList","@id":"https:\/\/www.inovallee.com\/vivre-et-travailler-ensemble-sur-inovallee-une-communaute-dynamique-au-coeur-de-notre-technopole\/#breadcrumb","itemListElement":[{"@type":"ListItem","position":1,"name":"Accueil","item":"https:\/\/www.inovallee.com\/"},{"@type":"ListItem","position":2,"name":"Vivre et Travailler ensemble sur inovall\u00e9e : Une communaut\u00e9 dynamique au c\u0153ur de notre technopole\u00a0"}]},{"@type":"WebSite","@id":"https:\/\/www.inovallee.com\/#website","url":"https:\/\/www.inovallee.com\/","name":"inovall\u00e9e technopole, Home to software & smart technologies","description":"Home to software &amp; smart technologies","publisher":{"@id":"https:\/\/www.inovallee.com\/#organization"},"potentialAction":[{"@type":"SearchAction","target":{"@type":"EntryPoint","urlTemplate":"https:\/\/www.inovallee.com\/?s={search_term_string}"},"query-input":{"@type":"PropertyValueSpecification","valueRequired":true,"valueName":"search_term_string"}}],"inLanguage":"en-GB"},{"@type":"Organization","@id":"https:\/\/www.inovallee.com\/#organization","name":"inovall\u00e9e","url":"https:\/\/www.inovallee.com\/","logo":{"@type":"ImageObject","inLanguage":"en-GB","@id":"https:\/\/www.inovallee.com\/#\/schema\/logo\/image\/","url":"https:\/\/www.inovallee.com\/wp-content\/uploads\/2023\/08\/inovallee_2022_GrenobleAlpes.png","contentUrl":"https:\/\/www.inovallee.com\/wp-content\/uploads\/2023\/08\/inovallee_2022_GrenobleAlpes.png","width":945,"height":369,"caption":"inovall\u00e9e"},"image":{"@id":"https:\/\/www.inovallee.com\/#\/schema\/logo\/image\/"},"sameAs":["https:\/\/www.facebook.com\/technopoleinovallee\/","https:\/\/x.com\/inovallee","https:\/\/www.linkedin.com\/company\/inovall-e\/","https:\/\/www.youtube.com\/user\/inovallee?reload=9"]},{"@type":"Person","@id":"https:\/\/www.inovallee.com\/#\/schema\/person\/92dc7fd313568f5cc54aba72aba732fe","name":"Margaux De la Fuente"}]}},"_links":{"self":[{"href":"http:\/\/www.inovallee.com\/en\/wp-json\/wp\/v2\/posts\/55816","targetHints":{"allow":["GET"]}}],"collection":[{"href":"http:\/\/www.inovallee.com\/en\/wp-json\/wp\/v2\/posts"}],"about":[{"href":"http:\/\/www.inovallee.com\/en\/wp-json\/wp\/v2\/types\/post"}],"author":[{"embeddable":true,"href":"http:\/\/www.inovallee.com\/en\/wp-json\/wp\/v2\/users\/18"}],"replies":[{"embeddable":true,"href":"http:\/\/www.inovallee.com\/en\/wp-json\/wp\/v2\/comments?post=55816"}],"version-history":[{"count":4,"href":"http:\/\/www.inovallee.com\/en\/wp-json\/wp\/v2\/posts\/55816\/revisions"}],"predecessor-version":[{"id":55822,"href":"http:\/\/www.inovallee.com\/en\/wp-json\/wp\/v2\/posts\/55816\/revisions\/55822"}],"wp:featuredmedia":[{"embeddable":true,"href":"http:\/\/www.inovallee.com\/en\/wp-json\/wp\/v2\/media\/55818"}],"wp:attachment":[{"href":"http:\/\/www.inovallee.com\/en\/wp-json\/wp\/v2\/media?parent=55816"}],"wp:term":[{"taxonomy":"category","embeddable":true,"href":"http:\/\/www.inovallee.com\/en\/wp-json\/wp\/v2\/categories?post=55816"},{"taxonomy":"post_tag","embeddable":true,"href":"http:\/\/www.inovallee.com\/en\/wp-json\/wp\/v2\/tags?post=55816"}],"curies":[{"name":"wp","href":"https:\/\/api.w.org\/{rel}","templated":true}]}}