{"id":56586,"date":"2024-11-05T17:44:54","date_gmt":"2024-11-05T16:44:54","guid":{"rendered":"https:\/\/www.inovallee.com\/?p=56586"},"modified":"2024-11-07T09:51:59","modified_gmt":"2024-11-07T08:51:59","slug":"aeroscale-une-levee-de-fonds-reussie-pour-democratiser-laerodynamisme-dans-le-cyclisme-amateur","status":"publish","type":"post","link":"http:\/\/www.inovallee.com\/en\/aeroscale-une-levee-de-fonds-reussie-pour-democratiser-laerodynamisme-dans-le-cyclisme-amateur\/","title":{"rendered":"Aeroscale : une lev\u00e9e de fonds r\u00e9ussie pour d\u00e9mocratiser l&rsquo;a\u00e9rodynamisme dans le cyclisme amateur"},"content":{"rendered":"<p>La start-up is\u00e9roise Aeroscale vient de franchir une \u00e9tape cruciale dans son d\u00e9veloppement en bouclant avec succ\u00e8s sa premi\u00e8re lev\u00e9e de fonds. Cette op\u00e9ration marque un tournant d\u00e9cisif pour l&rsquo;entreprise, qui se pr\u00e9pare \u00e0 conqu\u00e9rir le march\u00e9 grand public tout en consolidant sa position dans le cyclisme professionnel.<\/p>\n\n\n\n<h3 class=\"wp-block-heading\"><strong>Une lev\u00e9e de fonds communautaire<\/strong><\/h3>\n\n\n\n<p>Aeroscale a r\u00e9ussi \u00e0 lever <strong>315 000 \u20ac gr\u00e2ce \u00e0 la plateforme \u00ab\u00a0Stand with Founders\u00a0\u00bb<\/strong>, en collaboration avec Rainmakers. Cette nouvelle plateforme de lev\u00e9e communautaire a permis \u00e0 39 investisseurs, dont de nombreux professionnels du sport et du cyclisme, de rejoindre l&rsquo;aventure Aeroscale. Simple et efficace, elle permet de proposer un projet d\u2019investissement directement \u00e0 une communaut\u00e9 d\u2019investisseurs cibl\u00e9s par le fondateur. \u00a0La plateforme \u00ab\u00a0Stand with Founders\u00a0\u00bb a jou\u00e9 un r\u00f4le cl\u00e9 en prenant en charge tout le parcours administratif de la lev\u00e9e, permettant ainsi \u00e0 l&rsquo;\u00e9quipe dirigeante de se concentrer sur la recherche d&rsquo;investisseurs<a href=\"https:\/\/www.moonshotlabs.com\/startups\/stand-with-founders\" target=\"_blank\" rel=\"noreferrer noopener\"><\/a>. Un bon moyen d&rsquo;acc\u00e9l\u00e9rer et simplifier sa lev\u00e9e de fonds\u00a0!<\/p>\n\n\n\n<h3 class=\"wp-block-heading\"><strong>Objectifs et d\u00e9veloppements futurs<\/strong><\/h3>\n\n\n\n<p>L&rsquo;objectif principal de cette lev\u00e9e de fonds est de <strong>d\u00e9velopper le premier prototype de produit destin\u00e9 aux cyclistes amateurs.<\/strong> Ce capteur innovant permettra aux cyclistes d&rsquo;\u00e9valuer de mani\u00e8re autonome l&rsquo;efficacit\u00e9 a\u00e9rodynamique de leur position sur le v\u00e9lo<a href=\"https:\/\/www.ledauphine.com\/economie\/2024\/04\/08\/la-start-up-aeroscale-prepare-sa-premiere-levee-de-fonds\" target=\"_blank\" rel=\"noreferrer noopener\"><\/a>. Aeroscale pr\u00e9voit une pr\u00e9-vente de ce produit r\u00e9volutionnaire d\u00e8s le milieu de l&rsquo;ann\u00e9e prochaine.<\/p>\n\n\n\n<h3 class=\"wp-block-heading\"><strong>Renforcement de l&rsquo;\u00e9quipe<\/strong><\/h3>\n\n\n\n<p>Pour soutenir sa croissance, Aeroscale a \u00e9galement renforc\u00e9 son \u00e9quipe :<\/p>\n\n\n\n<ul class=\"wp-block-list\">\n<li>Mathieu Huchard a rejoint l&rsquo;entreprise en tant que CTO \u00e0 temps plein depuis le 1er octobre.<\/li>\n\n\n\n<li>Bruno Remond apporte son expertise en \u00e9lectronique.<\/li>\n\n\n\n<li><strong>Un partenariat strat\u00e9gique a \u00e9t\u00e9 conclu avec Samu\u00ebl Bellnoue, ex-directeur de la performance chez Cofidis, pour acc\u00e9l\u00e9rer le d\u00e9ploiement du service Aeroscale dans le cyclisme professionnel.<\/strong><\/li>\n<\/ul>\n\n\n\n<h3 class=\"wp-block-heading\"><strong>Une cons\u00e9cration chez les professionnels du cyclisme lors du championnat du monde et des JO<\/strong><\/h3>\n\n\n\n<p>Aeroscale a d\u00e9j\u00e0 fait ses preuves au plus haut niveau du cyclisme :<\/p>\n\n\n\n<ul class=\"wp-block-list\">\n<li>L&rsquo;\u00e9quipe <strong>D\u00e9cathlon AG2R<\/strong> a fait appel \u00e0 Aeroscale pour la pr\u00e9paration de <strong>Paul Seixas<\/strong> au championnat du monde du contre-la-montre junior, aboutissant \u00e0 une victoire (<a href=\"https:\/\/velo.ffc.fr\/paul-seixas-et-la-revolution-culturelle-du-contre-la-montre\/\">https:\/\/velo.ffc.fr\/paul-seixas-et-la-revolution-culturelle-du-contre-la-montre\/<\/a>).<\/li>\n\n\n\n<li>Depuis ses d\u00e9buts, Aeroscale a accompagn\u00e9 45 athl\u00e8tes professionnels, dont 10 coureurs du Tour de France, 4 champions du monde et <strong>9 m\u00e9daill\u00e9s olympiques\/paralympiques au dernier JO de Paris.<\/strong><\/li>\n<\/ul>\n\n\n\n<h3 class=\"wp-block-heading\"><strong>Perspectives d&rsquo;avenir<\/strong><\/h3>\n\n\n\n<p>Fort de ce succ\u00e8s initial, Aeroscale pr\u00e9pare d\u00e9j\u00e0 <strong>un deuxi\u00e8me tour de lev\u00e9e de fonds visant 300 000 \u20ac suppl\u00e9mentaires<\/strong> <strong>pour r\u00e9pondre \u00e0 de nouvelles demandes d&rsquo;investisseurs, notamment des Business Angels<a href=\"https:\/\/fr.linkedin.com\/company\/aeroscale\" target=\"_blank\" rel=\"noreferrer noopener\"><\/a>.<\/strong> Avec cette lev\u00e9e de fonds r\u00e9ussie et ses projets ambitieux, Aeroscale s&rsquo;affirme comme un acteur incontournable de l&rsquo;innovation dans le cyclisme, pr\u00eat \u00e0 r\u00e9volutionner l&rsquo;approche de l&rsquo;a\u00e9rodynamisme tant pour les professionnels que pour les amateurs passionn\u00e9s.<\/p>","protected":false},"excerpt":{"rendered":"<p>La start-up is\u00e9roise Aeroscale vient de franchir une \u00e9tape cruciale dans son d\u00e9veloppement en bouclant avec succ\u00e8s sa premi\u00e8re lev\u00e9e de fonds. Cette op\u00e9ration marque un tournant d\u00e9cisif pour l&rsquo;entreprise, qui se pr\u00e9pare \u00e0 conqu\u00e9rir le march\u00e9 grand public tout en consolidant sa position dans le cyclisme professionnel. Une lev\u00e9e de fonds communautaire Aeroscale a [&hellip;]<\/p>\n","protected":false},"author":37,"featured_media":56587,"comment_status":"closed","ping_status":"open","sticky":false,"template":"","format":"standard","meta":{"footnotes":""},"categories":[45,44],"tags":[67,255],"class_list":["post-56586","post","type-post","status-publish","format-standard","has-post-thumbnail","hentry","category-startup-tarmac","category-tarmac-incubator","tag-iot","tag-sportech"],"yoast_head":"<!-- This site is optimized with the Yoast SEO plugin v27.4 - https:\/\/yoast.com\/product\/yoast-seo-wordpress\/ -->\n<title>Aeroscale : une lev\u00e9e de fonds r\u00e9ussie pour d\u00e9mocratiser l&#039;a\u00e9rodynamisme dans le cyclisme amateur - inovall\u00e9e<\/title>\n<meta name=\"description\" content=\"Cette op\u00e9ration marque un tournant d\u00e9cisif pour la startup is\u00e9roise, qui se pr\u00e9pare \u00e0 conqu\u00e9rir le march\u00e9 grand public tout en consolidant sa position dans le cyclisme professionnel.\" \/>\n<meta name=\"robots\" content=\"index, follow, max-snippet:-1, max-image-preview:large, max-video-preview:-1\" \/>\n<link rel=\"canonical\" href=\"https:\/\/www.inovallee.com\/en\/aeroscale-une-levee-de-fonds-reussie-pour-democratiser-laerodynamisme-dans-le-cyclisme-amateur\/\" \/>\n<meta property=\"og:locale\" content=\"en_GB\" \/>\n<meta property=\"og:type\" content=\"article\" \/>\n<meta property=\"og:title\" content=\"Aeroscale : une lev\u00e9e de fonds r\u00e9ussie pour d\u00e9mocratiser l&#039;a\u00e9rodynamisme dans le cyclisme amateur - inovall\u00e9e\" \/>\n<meta property=\"og:description\" content=\"Cette op\u00e9ration marque un tournant d\u00e9cisif pour la startup is\u00e9roise, qui se pr\u00e9pare \u00e0 conqu\u00e9rir le march\u00e9 grand public tout en consolidant sa position dans le cyclisme professionnel.\" \/>\n<meta property=\"og:url\" content=\"https:\/\/www.inovallee.com\/en\/aeroscale-une-levee-de-fonds-reussie-pour-democratiser-laerodynamisme-dans-le-cyclisme-amateur\/\" \/>\n<meta property=\"og:site_name\" content=\"inovall\u00e9e\" \/>\n<meta property=\"article:publisher\" content=\"https:\/\/www.facebook.com\/technopoleinovallee\/\" \/>\n<meta property=\"article:published_time\" content=\"2024-11-05T16:44:54+00:00\" \/>\n<meta property=\"article:modified_time\" content=\"2024-11-07T08:51:59+00:00\" \/>\n<meta property=\"og:image\" content=\"https:\/\/www.inovallee.com\/wp-content\/uploads\/2024\/11\/Capture-decran-2024-11-05-174024.png\" \/>\n\t<meta property=\"og:image:width\" content=\"1360\" \/>\n\t<meta property=\"og:image:height\" content=\"568\" \/>\n\t<meta property=\"og:image:type\" content=\"image\/png\" \/>\n<meta name=\"author\" content=\"Emmanuelle Vouriot\" \/>\n<meta name=\"twitter:card\" content=\"summary_large_image\" \/>\n<meta name=\"twitter:creator\" content=\"@inovallee\" \/>\n<meta name=\"twitter:site\" content=\"@inovallee\" \/>\n<meta name=\"twitter:label1\" content=\"Written by\" \/>\n\t<meta name=\"twitter:data1\" content=\"Emmanuelle Vouriot\" \/>\n\t<meta name=\"twitter:label2\" content=\"Estimated reading time\" \/>\n\t<meta name=\"twitter:data2\" content=\"3 minutes\" \/>\n<script type=\"application\/ld+json\" class=\"yoast-schema-graph\">{\"@context\":\"https:\\\/\\\/schema.org\",\"@graph\":[{\"@type\":\"Article\",\"@id\":\"https:\\\/\\\/www.inovallee.com\\\/aeroscale-une-levee-de-fonds-reussie-pour-democratiser-laerodynamisme-dans-le-cyclisme-amateur\\\/#article\",\"isPartOf\":{\"@id\":\"https:\\\/\\\/www.inovallee.com\\\/aeroscale-une-levee-de-fonds-reussie-pour-democratiser-laerodynamisme-dans-le-cyclisme-amateur\\\/\"},\"author\":{\"name\":\"Emmanuelle Vouriot\",\"@id\":\"https:\\\/\\\/www.inovallee.com\\\/#\\\/schema\\\/person\\\/1e7259f9e965ec516d83fdc8ddebbe90\"},\"headline\":\"Aeroscale : une lev\u00e9e de fonds r\u00e9ussie pour d\u00e9mocratiser l&rsquo;a\u00e9rodynamisme dans le cyclisme amateur\",\"datePublished\":\"2024-11-05T16:44:54+00:00\",\"dateModified\":\"2024-11-07T08:51:59+00:00\",\"mainEntityOfPage\":{\"@id\":\"https:\\\/\\\/www.inovallee.com\\\/aeroscale-une-levee-de-fonds-reussie-pour-democratiser-laerodynamisme-dans-le-cyclisme-amateur\\\/\"},\"wordCount\":504,\"publisher\":{\"@id\":\"https:\\\/\\\/www.inovallee.com\\\/#organization\"},\"image\":{\"@id\":\"https:\\\/\\\/www.inovallee.com\\\/aeroscale-une-levee-de-fonds-reussie-pour-democratiser-laerodynamisme-dans-le-cyclisme-amateur\\\/#primaryimage\"},\"thumbnailUrl\":\"https:\\\/\\\/www.inovallee.com\\\/wp-content\\\/uploads\\\/2024\\\/11\\\/Capture-decran-2024-11-05-174024.png\",\"keywords\":[\"IoT\",\"Sportech\"],\"articleSection\":[\"L'\u00e9cho des startups du Tarmac\",\"Tarmac incubator\"],\"inLanguage\":\"en-GB\"},{\"@type\":\"WebPage\",\"@id\":\"https:\\\/\\\/www.inovallee.com\\\/aeroscale-une-levee-de-fonds-reussie-pour-democratiser-laerodynamisme-dans-le-cyclisme-amateur\\\/\",\"url\":\"https:\\\/\\\/www.inovallee.com\\\/aeroscale-une-levee-de-fonds-reussie-pour-democratiser-laerodynamisme-dans-le-cyclisme-amateur\\\/\",\"name\":\"Aeroscale : une lev\u00e9e de fonds r\u00e9ussie pour d\u00e9mocratiser l'a\u00e9rodynamisme dans le cyclisme amateur - inovall\u00e9e\",\"isPartOf\":{\"@id\":\"https:\\\/\\\/www.inovallee.com\\\/#website\"},\"primaryImageOfPage\":{\"@id\":\"https:\\\/\\\/www.inovallee.com\\\/aeroscale-une-levee-de-fonds-reussie-pour-democratiser-laerodynamisme-dans-le-cyclisme-amateur\\\/#primaryimage\"},\"image\":{\"@id\":\"https:\\\/\\\/www.inovallee.com\\\/aeroscale-une-levee-de-fonds-reussie-pour-democratiser-laerodynamisme-dans-le-cyclisme-amateur\\\/#primaryimage\"},\"thumbnailUrl\":\"https:\\\/\\\/www.inovallee.com\\\/wp-content\\\/uploads\\\/2024\\\/11\\\/Capture-decran-2024-11-05-174024.png\",\"datePublished\":\"2024-11-05T16:44:54+00:00\",\"dateModified\":\"2024-11-07T08:51:59+00:00\",\"description\":\"Cette op\u00e9ration marque un tournant d\u00e9cisif pour la startup is\u00e9roise, qui se pr\u00e9pare \u00e0 conqu\u00e9rir le march\u00e9 grand public tout en consolidant sa position dans le cyclisme professionnel.\",\"breadcrumb\":{\"@id\":\"https:\\\/\\\/www.inovallee.com\\\/aeroscale-une-levee-de-fonds-reussie-pour-democratiser-laerodynamisme-dans-le-cyclisme-amateur\\\/#breadcrumb\"},\"inLanguage\":\"en-GB\",\"potentialAction\":[{\"@type\":\"ReadAction\",\"target\":[\"https:\\\/\\\/www.inovallee.com\\\/aeroscale-une-levee-de-fonds-reussie-pour-democratiser-laerodynamisme-dans-le-cyclisme-amateur\\\/\"]}]},{\"@type\":\"ImageObject\",\"inLanguage\":\"en-GB\",\"@id\":\"https:\\\/\\\/www.inovallee.com\\\/aeroscale-une-levee-de-fonds-reussie-pour-democratiser-laerodynamisme-dans-le-cyclisme-amateur\\\/#primaryimage\",\"url\":\"https:\\\/\\\/www.inovallee.com\\\/wp-content\\\/uploads\\\/2024\\\/11\\\/Capture-decran-2024-11-05-174024.png\",\"contentUrl\":\"https:\\\/\\\/www.inovallee.com\\\/wp-content\\\/uploads\\\/2024\\\/11\\\/Capture-decran-2024-11-05-174024.png\",\"width\":1360,\"height\":568},{\"@type\":\"BreadcrumbList\",\"@id\":\"https:\\\/\\\/www.inovallee.com\\\/aeroscale-une-levee-de-fonds-reussie-pour-democratiser-laerodynamisme-dans-le-cyclisme-amateur\\\/#breadcrumb\",\"itemListElement\":[{\"@type\":\"ListItem\",\"position\":1,\"name\":\"Accueil\",\"item\":\"https:\\\/\\\/www.inovallee.com\\\/\"},{\"@type\":\"ListItem\",\"position\":2,\"name\":\"Aeroscale : une lev\u00e9e de fonds r\u00e9ussie pour d\u00e9mocratiser l&rsquo;a\u00e9rodynamisme dans le cyclisme amateur\"}]},{\"@type\":\"WebSite\",\"@id\":\"https:\\\/\\\/www.inovallee.com\\\/#website\",\"url\":\"https:\\\/\\\/www.inovallee.com\\\/\",\"name\":\"inovall\u00e9e technopole, Home to software & smart technologies\",\"description\":\"Home to software &amp; smart technologies\",\"publisher\":{\"@id\":\"https:\\\/\\\/www.inovallee.com\\\/#organization\"},\"potentialAction\":[{\"@type\":\"SearchAction\",\"target\":{\"@type\":\"EntryPoint\",\"urlTemplate\":\"https:\\\/\\\/www.inovallee.com\\\/?s={search_term_string}\"},\"query-input\":{\"@type\":\"PropertyValueSpecification\",\"valueRequired\":true,\"valueName\":\"search_term_string\"}}],\"inLanguage\":\"en-GB\"},{\"@type\":\"Organization\",\"@id\":\"https:\\\/\\\/www.inovallee.com\\\/#organization\",\"name\":\"inovall\u00e9e\",\"url\":\"https:\\\/\\\/www.inovallee.com\\\/\",\"logo\":{\"@type\":\"ImageObject\",\"inLanguage\":\"en-GB\",\"@id\":\"https:\\\/\\\/www.inovallee.com\\\/#\\\/schema\\\/logo\\\/image\\\/\",\"url\":\"https:\\\/\\\/www.inovallee.com\\\/wp-content\\\/uploads\\\/2023\\\/08\\\/inovallee_2022_GrenobleAlpes.png\",\"contentUrl\":\"https:\\\/\\\/www.inovallee.com\\\/wp-content\\\/uploads\\\/2023\\\/08\\\/inovallee_2022_GrenobleAlpes.png\",\"width\":945,\"height\":369,\"caption\":\"inovall\u00e9e\"},\"image\":{\"@id\":\"https:\\\/\\\/www.inovallee.com\\\/#\\\/schema\\\/logo\\\/image\\\/\"},\"sameAs\":[\"https:\\\/\\\/www.facebook.com\\\/technopoleinovallee\\\/\",\"https:\\\/\\\/x.com\\\/inovallee\",\"https:\\\/\\\/www.linkedin.com\\\/company\\\/inovall-e\\\/\",\"https:\\\/\\\/www.youtube.com\\\/user\\\/inovallee?reload=9\"]},{\"@type\":\"Person\",\"@id\":\"https:\\\/\\\/www.inovallee.com\\\/#\\\/schema\\\/person\\\/1e7259f9e965ec516d83fdc8ddebbe90\",\"name\":\"Emmanuelle Vouriot\"}]}<\/script>\n<!-- \/ Yoast SEO plugin. -->","yoast_head_json":{"title":"Aeroscale : une lev\u00e9e de fonds r\u00e9ussie pour d\u00e9mocratiser l'a\u00e9rodynamisme dans le cyclisme amateur - inovall\u00e9e","description":"Cette op\u00e9ration marque un tournant d\u00e9cisif pour la startup is\u00e9roise, qui se pr\u00e9pare \u00e0 conqu\u00e9rir le march\u00e9 grand public tout en consolidant sa position dans le cyclisme professionnel.","robots":{"index":"index","follow":"follow","max-snippet":"max-snippet:-1","max-image-preview":"max-image-preview:large","max-video-preview":"max-video-preview:-1"},"canonical":"https:\/\/www.inovallee.com\/en\/aeroscale-une-levee-de-fonds-reussie-pour-democratiser-laerodynamisme-dans-le-cyclisme-amateur\/","og_locale":"en_GB","og_type":"article","og_title":"Aeroscale : une lev\u00e9e de fonds r\u00e9ussie pour d\u00e9mocratiser l'a\u00e9rodynamisme dans le cyclisme amateur - inovall\u00e9e","og_description":"Cette op\u00e9ration marque un tournant d\u00e9cisif pour la startup is\u00e9roise, qui se pr\u00e9pare \u00e0 conqu\u00e9rir le march\u00e9 grand public tout en consolidant sa position dans le cyclisme professionnel.","og_url":"https:\/\/www.inovallee.com\/en\/aeroscale-une-levee-de-fonds-reussie-pour-democratiser-laerodynamisme-dans-le-cyclisme-amateur\/","og_site_name":"inovall\u00e9e","article_publisher":"https:\/\/www.facebook.com\/technopoleinovallee\/","article_published_time":"2024-11-05T16:44:54+00:00","article_modified_time":"2024-11-07T08:51:59+00:00","og_image":[{"width":1360,"height":568,"url":"https:\/\/www.inovallee.com\/wp-content\/uploads\/2024\/11\/Capture-decran-2024-11-05-174024.png","type":"image\/png"}],"author":"Emmanuelle Vouriot","twitter_card":"summary_large_image","twitter_creator":"@inovallee","twitter_site":"@inovallee","twitter_misc":{"Written by":"Emmanuelle Vouriot","Estimated reading time":"3 minutes"},"schema":{"@context":"https:\/\/schema.org","@graph":[{"@type":"Article","@id":"https:\/\/www.inovallee.com\/aeroscale-une-levee-de-fonds-reussie-pour-democratiser-laerodynamisme-dans-le-cyclisme-amateur\/#article","isPartOf":{"@id":"https:\/\/www.inovallee.com\/aeroscale-une-levee-de-fonds-reussie-pour-democratiser-laerodynamisme-dans-le-cyclisme-amateur\/"},"author":{"name":"Emmanuelle Vouriot","@id":"https:\/\/www.inovallee.com\/#\/schema\/person\/1e7259f9e965ec516d83fdc8ddebbe90"},"headline":"Aeroscale : une lev\u00e9e de fonds r\u00e9ussie pour d\u00e9mocratiser l&rsquo;a\u00e9rodynamisme dans le cyclisme amateur","datePublished":"2024-11-05T16:44:54+00:00","dateModified":"2024-11-07T08:51:59+00:00","mainEntityOfPage":{"@id":"https:\/\/www.inovallee.com\/aeroscale-une-levee-de-fonds-reussie-pour-democratiser-laerodynamisme-dans-le-cyclisme-amateur\/"},"wordCount":504,"publisher":{"@id":"https:\/\/www.inovallee.com\/#organization"},"image":{"@id":"https:\/\/www.inovallee.com\/aeroscale-une-levee-de-fonds-reussie-pour-democratiser-laerodynamisme-dans-le-cyclisme-amateur\/#primaryimage"},"thumbnailUrl":"https:\/\/www.inovallee.com\/wp-content\/uploads\/2024\/11\/Capture-decran-2024-11-05-174024.png","keywords":["IoT","Sportech"],"articleSection":["L'\u00e9cho des startups du Tarmac","Tarmac incubator"],"inLanguage":"en-GB"},{"@type":"WebPage","@id":"https:\/\/www.inovallee.com\/aeroscale-une-levee-de-fonds-reussie-pour-democratiser-laerodynamisme-dans-le-cyclisme-amateur\/","url":"https:\/\/www.inovallee.com\/aeroscale-une-levee-de-fonds-reussie-pour-democratiser-laerodynamisme-dans-le-cyclisme-amateur\/","name":"Aeroscale : une lev\u00e9e de fonds r\u00e9ussie pour d\u00e9mocratiser l'a\u00e9rodynamisme dans le cyclisme amateur - inovall\u00e9e","isPartOf":{"@id":"https:\/\/www.inovallee.com\/#website"},"primaryImageOfPage":{"@id":"https:\/\/www.inovallee.com\/aeroscale-une-levee-de-fonds-reussie-pour-democratiser-laerodynamisme-dans-le-cyclisme-amateur\/#primaryimage"},"image":{"@id":"https:\/\/www.inovallee.com\/aeroscale-une-levee-de-fonds-reussie-pour-democratiser-laerodynamisme-dans-le-cyclisme-amateur\/#primaryimage"},"thumbnailUrl":"https:\/\/www.inovallee.com\/wp-content\/uploads\/2024\/11\/Capture-decran-2024-11-05-174024.png","datePublished":"2024-11-05T16:44:54+00:00","dateModified":"2024-11-07T08:51:59+00:00","description":"Cette op\u00e9ration marque un tournant d\u00e9cisif pour la startup is\u00e9roise, qui se pr\u00e9pare \u00e0 conqu\u00e9rir le march\u00e9 grand public tout en consolidant sa position dans le cyclisme professionnel.","breadcrumb":{"@id":"https:\/\/www.inovallee.com\/aeroscale-une-levee-de-fonds-reussie-pour-democratiser-laerodynamisme-dans-le-cyclisme-amateur\/#breadcrumb"},"inLanguage":"en-GB","potentialAction":[{"@type":"ReadAction","target":["https:\/\/www.inovallee.com\/aeroscale-une-levee-de-fonds-reussie-pour-democratiser-laerodynamisme-dans-le-cyclisme-amateur\/"]}]},{"@type":"ImageObject","inLanguage":"en-GB","@id":"https:\/\/www.inovallee.com\/aeroscale-une-levee-de-fonds-reussie-pour-democratiser-laerodynamisme-dans-le-cyclisme-amateur\/#primaryimage","url":"https:\/\/www.inovallee.com\/wp-content\/uploads\/2024\/11\/Capture-decran-2024-11-05-174024.png","contentUrl":"https:\/\/www.inovallee.com\/wp-content\/uploads\/2024\/11\/Capture-decran-2024-11-05-174024.png","width":1360,"height":568},{"@type":"BreadcrumbList","@id":"https:\/\/www.inovallee.com\/aeroscale-une-levee-de-fonds-reussie-pour-democratiser-laerodynamisme-dans-le-cyclisme-amateur\/#breadcrumb","itemListElement":[{"@type":"ListItem","position":1,"name":"Accueil","item":"https:\/\/www.inovallee.com\/"},{"@type":"ListItem","position":2,"name":"Aeroscale : une lev\u00e9e de fonds r\u00e9ussie pour d\u00e9mocratiser l&rsquo;a\u00e9rodynamisme dans le cyclisme amateur"}]},{"@type":"WebSite","@id":"https:\/\/www.inovallee.com\/#website","url":"https:\/\/www.inovallee.com\/","name":"inovall\u00e9e technopole, Home to software & smart technologies","description":"Home to software &amp; smart technologies","publisher":{"@id":"https:\/\/www.inovallee.com\/#organization"},"potentialAction":[{"@type":"SearchAction","target":{"@type":"EntryPoint","urlTemplate":"https:\/\/www.inovallee.com\/?s={search_term_string}"},"query-input":{"@type":"PropertyValueSpecification","valueRequired":true,"valueName":"search_term_string"}}],"inLanguage":"en-GB"},{"@type":"Organization","@id":"https:\/\/www.inovallee.com\/#organization","name":"inovall\u00e9e","url":"https:\/\/www.inovallee.com\/","logo":{"@type":"ImageObject","inLanguage":"en-GB","@id":"https:\/\/www.inovallee.com\/#\/schema\/logo\/image\/","url":"https:\/\/www.inovallee.com\/wp-content\/uploads\/2023\/08\/inovallee_2022_GrenobleAlpes.png","contentUrl":"https:\/\/www.inovallee.com\/wp-content\/uploads\/2023\/08\/inovallee_2022_GrenobleAlpes.png","width":945,"height":369,"caption":"inovall\u00e9e"},"image":{"@id":"https:\/\/www.inovallee.com\/#\/schema\/logo\/image\/"},"sameAs":["https:\/\/www.facebook.com\/technopoleinovallee\/","https:\/\/x.com\/inovallee","https:\/\/www.linkedin.com\/company\/inovall-e\/","https:\/\/www.youtube.com\/user\/inovallee?reload=9"]},{"@type":"Person","@id":"https:\/\/www.inovallee.com\/#\/schema\/person\/1e7259f9e965ec516d83fdc8ddebbe90","name":"Emmanuelle Vouriot"}]}},"_links":{"self":[{"href":"http:\/\/www.inovallee.com\/en\/wp-json\/wp\/v2\/posts\/56586","targetHints":{"allow":["GET"]}}],"collection":[{"href":"http:\/\/www.inovallee.com\/en\/wp-json\/wp\/v2\/posts"}],"about":[{"href":"http:\/\/www.inovallee.com\/en\/wp-json\/wp\/v2\/types\/post"}],"author":[{"embeddable":true,"href":"http:\/\/www.inovallee.com\/en\/wp-json\/wp\/v2\/users\/37"}],"replies":[{"embeddable":true,"href":"http:\/\/www.inovallee.com\/en\/wp-json\/wp\/v2\/comments?post=56586"}],"version-history":[{"count":2,"href":"http:\/\/www.inovallee.com\/en\/wp-json\/wp\/v2\/posts\/56586\/revisions"}],"predecessor-version":[{"id":56603,"href":"http:\/\/www.inovallee.com\/en\/wp-json\/wp\/v2\/posts\/56586\/revisions\/56603"}],"wp:featuredmedia":[{"embeddable":true,"href":"http:\/\/www.inovallee.com\/en\/wp-json\/wp\/v2\/media\/56587"}],"wp:attachment":[{"href":"http:\/\/www.inovallee.com\/en\/wp-json\/wp\/v2\/media?parent=56586"}],"wp:term":[{"taxonomy":"category","embeddable":true,"href":"http:\/\/www.inovallee.com\/en\/wp-json\/wp\/v2\/categories?post=56586"},{"taxonomy":"post_tag","embeddable":true,"href":"http:\/\/www.inovallee.com\/en\/wp-json\/wp\/v2\/tags?post=56586"}],"curies":[{"name":"wp","href":"https:\/\/api.w.org\/{rel}","templated":true}]}}