{"id":60424,"date":"2025-06-27T10:54:27","date_gmt":"2025-06-27T08:54:27","guid":{"rendered":"https:\/\/www.inovallee.com\/?p=60424"},"modified":"2025-06-27T10:54:28","modified_gmt":"2025-06-27T08:54:28","slug":"inovallee-partenaire-historique-du-collectif-sesame-solidaire-qui-fetait-ses-2-ans-au-stade-lesdiguieres","status":"publish","type":"post","link":"http:\/\/www.inovallee.com\/en\/inovallee-partenaire-historique-du-collectif-sesame-solidaire-qui-fetait-ses-2-ans-au-stade-lesdiguieres\/","title":{"rendered":"Inovall\u00e9e partenaire historique du collectif Sesame Solidaire qui f\u00eatait ses 2 ans au stade Lesdigui\u00e8res"},"content":{"rendered":"<h3 class=\"wp-block-heading\">2 ans d\u00e9j\u00e0 pour le collectif Sesame et 423 K\u20ac de projets sociaux financ\u00e9s<\/h3>\n\n\n\n<p>Fond\u00e9e en 2023 par Camille Gaillard Minier, le collectif <a href=\"https:\/\/www.sesame-solidaire.org\/\">Sesame <\/a>dresse un pont entre les entreprises en qu\u00eate de contenus pour le S de leur RSE, et les 80 associations qui maillent le territoire grenoblois en faveur des plus fragiles et des plus d\u00e9munis.<\/p>\n\n\n\n<p>Le 17 juin dernier, pour son 2<sup>\u00e8me<\/sup> anniversaire,&nbsp; Sesame invitait l\u2019ensemble de ses partenaires au stade Lesdigui\u00e8res pour dresser le bilan chiffr\u00e9 des actions men\u00e9es, soit&nbsp;:<\/p>\n\n\n\n<ul class=\"wp-block-list\">\n<li>423\u00a0000 \u20ac distribu\u00e9s aux associations pour mener 60 projets sociaux sur le territoire<\/li>\n\n\n\n<li>2000 collaborateurs d\u2019entreprises engag\u00e9s dans des collectes (alimentaires et autres)<\/li>\n\n\n\n<li>1000 dons de mat\u00e9riel.<\/li>\n<\/ul>\n\n\n\n<p>Et un objectif clair \u00e9nonc\u00e9 par son Pr\u00e9sident Cyril Menu, PDG de Soitec&nbsp;: \u00ab&nbsp;doubler notre impact \u00e0 horizon 2030&nbsp;!&nbsp;\u00bb.<\/p>\n\n\n\n<p>Parmi les projets laur\u00e9ats, deux ont \u00e9t\u00e9 appel\u00e9s \u00e0 t\u00e9moigner&nbsp;:<\/p>\n\n\n\n<ul class=\"wp-block-list\">\n<li>Le GEFLUC ( Groupement des Entreprises Fran\u00e7aises dans la Lutte contre le Cancer), qui a pu organiser avec son succ\u00e8s son 24D avec 48\u00a0000 kms parcourus en courant par les collaborateurs des entreprises<\/li>\n\n\n\n<li>Et ADN (Accueil de Nuit), laur\u00e9at de l\u2019appel \u00e0 projet 3, qui pourra gr\u00e2ce au financement obtenu r\u00e9aliser des travaux dans son lieu d\u2019accueil et de r\u00e9pit pour les femmes et les enfants sans abri (ils \u00e9taient 1700 enfants \u00e0 en avoir b\u00e9n\u00e9fici\u00e9 l\u2019an dernier \u2026)<\/li>\n<\/ul>\n\n\n\n<h3 class=\"wp-block-heading\">Inovall\u00e9e partenaire engag\u00e9 de la premi\u00e8re heure\u00a0<\/h3>\n\n\n\n<p>D\u00e8s 2023, l\u2019association inovall\u00e9e a fait le choix de soutenir l\u2019association&nbsp;: financi\u00e8rement (\u00e0 la hauteur de ses moyens), mais aussi et surtout sur le terrain, par la mise en \u0153uvre d\u2019actions de solidarit\u00e9.<\/p>\n\n\n\n<p>Ainsi, gr\u00e2ce au collectif Sesame et \u00e0 son r\u00e9seau, elle a pu faire travailler sur certains \u00e9v\u00e9nements des traiteurs inclusifs, faire le choix d\u2019Elise pour la collecte de ses d\u00e9chets dans la b\u00e2timent du Tarmac, ou encore opter pour Caf\u00e9 joyeux dans ses salles de r\u00e9union.<\/p>\n\n\n\n<p>Mais inovall\u00e9e est \u00e9galement relais des actions de collecte aupr\u00e8s de ses entreprises, notamment pour la banque alimentaire ou les boites de No\u00ebl.<\/p>\n\n\n\n<p>De petits gestes, mais comme le rappelait Marie Barrot, d\u00e9l\u00e9gu\u00e9e g\u00e9n\u00e9rale de Sesame, \u00ab&nbsp;du plus petit engagement de 10 mn pour pr\u00e9parer un carton de denr\u00e9es au m\u00e9c\u00e9nat de plusieurs mois dans une association, en passant par le don d\u00e9fiscalis\u00e9, chaque action compte et la solidarit\u00e9 est \u00e0 la port\u00e9e de tous&nbsp;!&nbsp;\u00bb.<\/p>\n\n\n\n<h3 class=\"wp-block-heading\">\u2026 Tout comme ses entreprises<\/h3>\n\n\n\n<p>Plusieurs entreprises inovalliennes sont d\u2019ailleurs engag\u00e9es dans le collectif Sesame, dont Capgemini, Bertin Alpao, Synapcell, Sobioda, ou encore Numans, qui h\u00e9berge m\u00eame l\u2019\u00e9quipe du collectif Sesame Solidaire dans ses locaux sur inovall\u00e9e Montbonnot, et bien d\u2019autres&nbsp;!<\/p>","protected":false},"excerpt":{"rendered":"<p>2 ans d\u00e9j\u00e0 pour le collectif Sesame et 423 K\u20ac de projets sociaux financ\u00e9s Fond\u00e9e en 2023 par Camille Gaillard Minier, le collectif Sesame dresse un pont entre les entreprises en qu\u00eate de contenus pour le S de leur RSE, et les 80 associations qui maillent le territoire grenoblois en faveur des plus fragiles et [&hellip;]<\/p>\n","protected":false},"author":4,"featured_media":60425,"comment_status":"closed","ping_status":"open","sticky":false,"template":"","format":"standard","meta":{"footnotes":""},"categories":[29,31],"tags":[2989,2990],"class_list":["post-60424","post","type-post","status-publish","format-standard","has-post-thumbnail","hentry","category-evenements","category-vie-technopole-inovallee","tag-sesame","tag-solidarite"],"yoast_head":"<!-- This site is optimized with the Yoast SEO plugin v27.4 - https:\/\/yoast.com\/product\/yoast-seo-wordpress\/ -->\n<title>Inovall\u00e9e partenaire historique du collectif Sesame Solidaire qui f\u00eatait ses 2 ans au stade Lesdigui\u00e8res - inovall\u00e9e<\/title>\n<meta name=\"robots\" content=\"index, follow, max-snippet:-1, max-image-preview:large, max-video-preview:-1\" \/>\n<link rel=\"canonical\" href=\"https:\/\/www.inovallee.com\/en\/inovallee-partenaire-historique-du-collectif-sesame-solidaire-qui-fetait-ses-2-ans-au-stade-lesdiguieres\/\" \/>\n<meta property=\"og:locale\" content=\"en_GB\" \/>\n<meta property=\"og:type\" content=\"article\" \/>\n<meta property=\"og:title\" content=\"Inovall\u00e9e partenaire historique du collectif Sesame Solidaire qui f\u00eatait ses 2 ans au stade Lesdigui\u00e8res - inovall\u00e9e\" \/>\n<meta property=\"og:description\" content=\"2 ans d\u00e9j\u00e0 pour le collectif Sesame et 423 K\u20ac de projets sociaux financ\u00e9s Fond\u00e9e en 2023 par Camille Gaillard Minier, le collectif Sesame dresse un pont entre les entreprises en qu\u00eate de contenus pour le S de leur RSE, et les 80 associations qui maillent le territoire grenoblois en faveur des plus fragiles et [&hellip;]\" \/>\n<meta property=\"og:url\" content=\"https:\/\/www.inovallee.com\/en\/inovallee-partenaire-historique-du-collectif-sesame-solidaire-qui-fetait-ses-2-ans-au-stade-lesdiguieres\/\" \/>\n<meta property=\"og:site_name\" content=\"inovall\u00e9e\" \/>\n<meta property=\"article:publisher\" content=\"https:\/\/www.facebook.com\/technopoleinovallee\/\" \/>\n<meta property=\"article:published_time\" content=\"2025-06-27T08:54:27+00:00\" \/>\n<meta property=\"article:modified_time\" content=\"2025-06-27T08:54:28+00:00\" \/>\n<meta property=\"og:image\" content=\"https:\/\/www.inovallee.com\/wp-content\/uploads\/2025\/06\/image.png\" \/>\n\t<meta property=\"og:image:width\" content=\"566\" \/>\n\t<meta property=\"og:image:height\" content=\"344\" \/>\n\t<meta property=\"og:image:type\" content=\"image\/png\" \/>\n<meta name=\"author\" content=\"Claire Chanterelle\" \/>\n<meta name=\"twitter:card\" content=\"summary_large_image\" \/>\n<meta name=\"twitter:creator\" content=\"@inovallee\" \/>\n<meta name=\"twitter:site\" content=\"@inovallee\" \/>\n<meta name=\"twitter:label1\" content=\"Written by\" \/>\n\t<meta name=\"twitter:data1\" content=\"Claire Chanterelle\" \/>\n\t<meta name=\"twitter:label2\" content=\"Estimated reading time\" \/>\n\t<meta name=\"twitter:data2\" content=\"3 minutes\" \/>\n<script type=\"application\/ld+json\" class=\"yoast-schema-graph\">{\"@context\":\"https:\\\/\\\/schema.org\",\"@graph\":[{\"@type\":\"Article\",\"@id\":\"https:\\\/\\\/www.inovallee.com\\\/inovallee-partenaire-historique-du-collectif-sesame-solidaire-qui-fetait-ses-2-ans-au-stade-lesdiguieres\\\/#article\",\"isPartOf\":{\"@id\":\"https:\\\/\\\/www.inovallee.com\\\/inovallee-partenaire-historique-du-collectif-sesame-solidaire-qui-fetait-ses-2-ans-au-stade-lesdiguieres\\\/\"},\"author\":{\"name\":\"Claire Chanterelle\",\"@id\":\"https:\\\/\\\/www.inovallee.com\\\/#\\\/schema\\\/person\\\/6cdcf0ed58ac3e1ef08041bdf7815902\"},\"headline\":\"Inovall\u00e9e partenaire historique du collectif Sesame Solidaire qui f\u00eatait ses 2 ans au stade Lesdigui\u00e8res\",\"datePublished\":\"2025-06-27T08:54:27+00:00\",\"dateModified\":\"2025-06-27T08:54:28+00:00\",\"mainEntityOfPage\":{\"@id\":\"https:\\\/\\\/www.inovallee.com\\\/inovallee-partenaire-historique-du-collectif-sesame-solidaire-qui-fetait-ses-2-ans-au-stade-lesdiguieres\\\/\"},\"wordCount\":487,\"publisher\":{\"@id\":\"https:\\\/\\\/www.inovallee.com\\\/#organization\"},\"image\":{\"@id\":\"https:\\\/\\\/www.inovallee.com\\\/inovallee-partenaire-historique-du-collectif-sesame-solidaire-qui-fetait-ses-2-ans-au-stade-lesdiguieres\\\/#primaryimage\"},\"thumbnailUrl\":\"https:\\\/\\\/www.inovallee.com\\\/wp-content\\\/uploads\\\/2025\\\/06\\\/image.png\",\"keywords\":[\"Sesame\",\"solidarit\u00e9\"],\"articleSection\":[\"Technopole inovall\u00e9e\",\"Vie de la technopole inovall\u00e9e\"],\"inLanguage\":\"en-GB\"},{\"@type\":\"WebPage\",\"@id\":\"https:\\\/\\\/www.inovallee.com\\\/inovallee-partenaire-historique-du-collectif-sesame-solidaire-qui-fetait-ses-2-ans-au-stade-lesdiguieres\\\/\",\"url\":\"https:\\\/\\\/www.inovallee.com\\\/inovallee-partenaire-historique-du-collectif-sesame-solidaire-qui-fetait-ses-2-ans-au-stade-lesdiguieres\\\/\",\"name\":\"Inovall\u00e9e partenaire historique du collectif Sesame Solidaire qui f\u00eatait ses 2 ans au stade Lesdigui\u00e8res - inovall\u00e9e\",\"isPartOf\":{\"@id\":\"https:\\\/\\\/www.inovallee.com\\\/#website\"},\"primaryImageOfPage\":{\"@id\":\"https:\\\/\\\/www.inovallee.com\\\/inovallee-partenaire-historique-du-collectif-sesame-solidaire-qui-fetait-ses-2-ans-au-stade-lesdiguieres\\\/#primaryimage\"},\"image\":{\"@id\":\"https:\\\/\\\/www.inovallee.com\\\/inovallee-partenaire-historique-du-collectif-sesame-solidaire-qui-fetait-ses-2-ans-au-stade-lesdiguieres\\\/#primaryimage\"},\"thumbnailUrl\":\"https:\\\/\\\/www.inovallee.com\\\/wp-content\\\/uploads\\\/2025\\\/06\\\/image.png\",\"datePublished\":\"2025-06-27T08:54:27+00:00\",\"dateModified\":\"2025-06-27T08:54:28+00:00\",\"breadcrumb\":{\"@id\":\"https:\\\/\\\/www.inovallee.com\\\/inovallee-partenaire-historique-du-collectif-sesame-solidaire-qui-fetait-ses-2-ans-au-stade-lesdiguieres\\\/#breadcrumb\"},\"inLanguage\":\"en-GB\",\"potentialAction\":[{\"@type\":\"ReadAction\",\"target\":[\"https:\\\/\\\/www.inovallee.com\\\/inovallee-partenaire-historique-du-collectif-sesame-solidaire-qui-fetait-ses-2-ans-au-stade-lesdiguieres\\\/\"]}]},{\"@type\":\"ImageObject\",\"inLanguage\":\"en-GB\",\"@id\":\"https:\\\/\\\/www.inovallee.com\\\/inovallee-partenaire-historique-du-collectif-sesame-solidaire-qui-fetait-ses-2-ans-au-stade-lesdiguieres\\\/#primaryimage\",\"url\":\"https:\\\/\\\/www.inovallee.com\\\/wp-content\\\/uploads\\\/2025\\\/06\\\/image.png\",\"contentUrl\":\"https:\\\/\\\/www.inovallee.com\\\/wp-content\\\/uploads\\\/2025\\\/06\\\/image.png\",\"width\":566,\"height\":344},{\"@type\":\"BreadcrumbList\",\"@id\":\"https:\\\/\\\/www.inovallee.com\\\/inovallee-partenaire-historique-du-collectif-sesame-solidaire-qui-fetait-ses-2-ans-au-stade-lesdiguieres\\\/#breadcrumb\",\"itemListElement\":[{\"@type\":\"ListItem\",\"position\":1,\"name\":\"Accueil\",\"item\":\"https:\\\/\\\/www.inovallee.com\\\/\"},{\"@type\":\"ListItem\",\"position\":2,\"name\":\"Inovall\u00e9e partenaire historique du collectif Sesame Solidaire qui f\u00eatait ses 2 ans au stade Lesdigui\u00e8res\"}]},{\"@type\":\"WebSite\",\"@id\":\"https:\\\/\\\/www.inovallee.com\\\/#website\",\"url\":\"https:\\\/\\\/www.inovallee.com\\\/\",\"name\":\"inovall\u00e9e technopole, Home to software & smart technologies\",\"description\":\"Home to software &amp; smart technologies\",\"publisher\":{\"@id\":\"https:\\\/\\\/www.inovallee.com\\\/#organization\"},\"potentialAction\":[{\"@type\":\"SearchAction\",\"target\":{\"@type\":\"EntryPoint\",\"urlTemplate\":\"https:\\\/\\\/www.inovallee.com\\\/?s={search_term_string}\"},\"query-input\":{\"@type\":\"PropertyValueSpecification\",\"valueRequired\":true,\"valueName\":\"search_term_string\"}}],\"inLanguage\":\"en-GB\"},{\"@type\":\"Organization\",\"@id\":\"https:\\\/\\\/www.inovallee.com\\\/#organization\",\"name\":\"inovall\u00e9e\",\"url\":\"https:\\\/\\\/www.inovallee.com\\\/\",\"logo\":{\"@type\":\"ImageObject\",\"inLanguage\":\"en-GB\",\"@id\":\"https:\\\/\\\/www.inovallee.com\\\/#\\\/schema\\\/logo\\\/image\\\/\",\"url\":\"https:\\\/\\\/www.inovallee.com\\\/wp-content\\\/uploads\\\/2023\\\/08\\\/inovallee_2022_GrenobleAlpes.png\",\"contentUrl\":\"https:\\\/\\\/www.inovallee.com\\\/wp-content\\\/uploads\\\/2023\\\/08\\\/inovallee_2022_GrenobleAlpes.png\",\"width\":945,\"height\":369,\"caption\":\"inovall\u00e9e\"},\"image\":{\"@id\":\"https:\\\/\\\/www.inovallee.com\\\/#\\\/schema\\\/logo\\\/image\\\/\"},\"sameAs\":[\"https:\\\/\\\/www.facebook.com\\\/technopoleinovallee\\\/\",\"https:\\\/\\\/x.com\\\/inovallee\",\"https:\\\/\\\/www.linkedin.com\\\/company\\\/inovall-e\\\/\",\"https:\\\/\\\/www.youtube.com\\\/user\\\/inovallee?reload=9\"]},{\"@type\":\"Person\",\"@id\":\"https:\\\/\\\/www.inovallee.com\\\/#\\\/schema\\\/person\\\/6cdcf0ed58ac3e1ef08041bdf7815902\",\"name\":\"Claire Chanterelle\"}]}<\/script>\n<!-- \/ Yoast SEO plugin. -->","yoast_head_json":{"title":"Inovall\u00e9e partenaire historique du collectif Sesame Solidaire qui f\u00eatait ses 2 ans au stade Lesdigui\u00e8res - inovall\u00e9e","robots":{"index":"index","follow":"follow","max-snippet":"max-snippet:-1","max-image-preview":"max-image-preview:large","max-video-preview":"max-video-preview:-1"},"canonical":"https:\/\/www.inovallee.com\/en\/inovallee-partenaire-historique-du-collectif-sesame-solidaire-qui-fetait-ses-2-ans-au-stade-lesdiguieres\/","og_locale":"en_GB","og_type":"article","og_title":"Inovall\u00e9e partenaire historique du collectif Sesame Solidaire qui f\u00eatait ses 2 ans au stade Lesdigui\u00e8res - inovall\u00e9e","og_description":"2 ans d\u00e9j\u00e0 pour le collectif Sesame et 423 K\u20ac de projets sociaux financ\u00e9s Fond\u00e9e en 2023 par Camille Gaillard Minier, le collectif Sesame dresse un pont entre les entreprises en qu\u00eate de contenus pour le S de leur RSE, et les 80 associations qui maillent le territoire grenoblois en faveur des plus fragiles et [&hellip;]","og_url":"https:\/\/www.inovallee.com\/en\/inovallee-partenaire-historique-du-collectif-sesame-solidaire-qui-fetait-ses-2-ans-au-stade-lesdiguieres\/","og_site_name":"inovall\u00e9e","article_publisher":"https:\/\/www.facebook.com\/technopoleinovallee\/","article_published_time":"2025-06-27T08:54:27+00:00","article_modified_time":"2025-06-27T08:54:28+00:00","og_image":[{"width":566,"height":344,"url":"https:\/\/www.inovallee.com\/wp-content\/uploads\/2025\/06\/image.png","type":"image\/png"}],"author":"Claire Chanterelle","twitter_card":"summary_large_image","twitter_creator":"@inovallee","twitter_site":"@inovallee","twitter_misc":{"Written by":"Claire Chanterelle","Estimated reading time":"3 minutes"},"schema":{"@context":"https:\/\/schema.org","@graph":[{"@type":"Article","@id":"https:\/\/www.inovallee.com\/inovallee-partenaire-historique-du-collectif-sesame-solidaire-qui-fetait-ses-2-ans-au-stade-lesdiguieres\/#article","isPartOf":{"@id":"https:\/\/www.inovallee.com\/inovallee-partenaire-historique-du-collectif-sesame-solidaire-qui-fetait-ses-2-ans-au-stade-lesdiguieres\/"},"author":{"name":"Claire Chanterelle","@id":"https:\/\/www.inovallee.com\/#\/schema\/person\/6cdcf0ed58ac3e1ef08041bdf7815902"},"headline":"Inovall\u00e9e partenaire historique du collectif Sesame Solidaire qui f\u00eatait ses 2 ans au stade Lesdigui\u00e8res","datePublished":"2025-06-27T08:54:27+00:00","dateModified":"2025-06-27T08:54:28+00:00","mainEntityOfPage":{"@id":"https:\/\/www.inovallee.com\/inovallee-partenaire-historique-du-collectif-sesame-solidaire-qui-fetait-ses-2-ans-au-stade-lesdiguieres\/"},"wordCount":487,"publisher":{"@id":"https:\/\/www.inovallee.com\/#organization"},"image":{"@id":"https:\/\/www.inovallee.com\/inovallee-partenaire-historique-du-collectif-sesame-solidaire-qui-fetait-ses-2-ans-au-stade-lesdiguieres\/#primaryimage"},"thumbnailUrl":"https:\/\/www.inovallee.com\/wp-content\/uploads\/2025\/06\/image.png","keywords":["Sesame","solidarit\u00e9"],"articleSection":["Technopole inovall\u00e9e","Vie de la technopole inovall\u00e9e"],"inLanguage":"en-GB"},{"@type":"WebPage","@id":"https:\/\/www.inovallee.com\/inovallee-partenaire-historique-du-collectif-sesame-solidaire-qui-fetait-ses-2-ans-au-stade-lesdiguieres\/","url":"https:\/\/www.inovallee.com\/inovallee-partenaire-historique-du-collectif-sesame-solidaire-qui-fetait-ses-2-ans-au-stade-lesdiguieres\/","name":"Inovall\u00e9e partenaire historique du collectif Sesame Solidaire qui f\u00eatait ses 2 ans au stade Lesdigui\u00e8res - inovall\u00e9e","isPartOf":{"@id":"https:\/\/www.inovallee.com\/#website"},"primaryImageOfPage":{"@id":"https:\/\/www.inovallee.com\/inovallee-partenaire-historique-du-collectif-sesame-solidaire-qui-fetait-ses-2-ans-au-stade-lesdiguieres\/#primaryimage"},"image":{"@id":"https:\/\/www.inovallee.com\/inovallee-partenaire-historique-du-collectif-sesame-solidaire-qui-fetait-ses-2-ans-au-stade-lesdiguieres\/#primaryimage"},"thumbnailUrl":"https:\/\/www.inovallee.com\/wp-content\/uploads\/2025\/06\/image.png","datePublished":"2025-06-27T08:54:27+00:00","dateModified":"2025-06-27T08:54:28+00:00","breadcrumb":{"@id":"https:\/\/www.inovallee.com\/inovallee-partenaire-historique-du-collectif-sesame-solidaire-qui-fetait-ses-2-ans-au-stade-lesdiguieres\/#breadcrumb"},"inLanguage":"en-GB","potentialAction":[{"@type":"ReadAction","target":["https:\/\/www.inovallee.com\/inovallee-partenaire-historique-du-collectif-sesame-solidaire-qui-fetait-ses-2-ans-au-stade-lesdiguieres\/"]}]},{"@type":"ImageObject","inLanguage":"en-GB","@id":"https:\/\/www.inovallee.com\/inovallee-partenaire-historique-du-collectif-sesame-solidaire-qui-fetait-ses-2-ans-au-stade-lesdiguieres\/#primaryimage","url":"https:\/\/www.inovallee.com\/wp-content\/uploads\/2025\/06\/image.png","contentUrl":"https:\/\/www.inovallee.com\/wp-content\/uploads\/2025\/06\/image.png","width":566,"height":344},{"@type":"BreadcrumbList","@id":"https:\/\/www.inovallee.com\/inovallee-partenaire-historique-du-collectif-sesame-solidaire-qui-fetait-ses-2-ans-au-stade-lesdiguieres\/#breadcrumb","itemListElement":[{"@type":"ListItem","position":1,"name":"Accueil","item":"https:\/\/www.inovallee.com\/"},{"@type":"ListItem","position":2,"name":"Inovall\u00e9e partenaire historique du collectif Sesame Solidaire qui f\u00eatait ses 2 ans au stade Lesdigui\u00e8res"}]},{"@type":"WebSite","@id":"https:\/\/www.inovallee.com\/#website","url":"https:\/\/www.inovallee.com\/","name":"inovall\u00e9e technopole, Home to software & smart technologies","description":"Home to software &amp; smart technologies","publisher":{"@id":"https:\/\/www.inovallee.com\/#organization"},"potentialAction":[{"@type":"SearchAction","target":{"@type":"EntryPoint","urlTemplate":"https:\/\/www.inovallee.com\/?s={search_term_string}"},"query-input":{"@type":"PropertyValueSpecification","valueRequired":true,"valueName":"search_term_string"}}],"inLanguage":"en-GB"},{"@type":"Organization","@id":"https:\/\/www.inovallee.com\/#organization","name":"inovall\u00e9e","url":"https:\/\/www.inovallee.com\/","logo":{"@type":"ImageObject","inLanguage":"en-GB","@id":"https:\/\/www.inovallee.com\/#\/schema\/logo\/image\/","url":"https:\/\/www.inovallee.com\/wp-content\/uploads\/2023\/08\/inovallee_2022_GrenobleAlpes.png","contentUrl":"https:\/\/www.inovallee.com\/wp-content\/uploads\/2023\/08\/inovallee_2022_GrenobleAlpes.png","width":945,"height":369,"caption":"inovall\u00e9e"},"image":{"@id":"https:\/\/www.inovallee.com\/#\/schema\/logo\/image\/"},"sameAs":["https:\/\/www.facebook.com\/technopoleinovallee\/","https:\/\/x.com\/inovallee","https:\/\/www.linkedin.com\/company\/inovall-e\/","https:\/\/www.youtube.com\/user\/inovallee?reload=9"]},{"@type":"Person","@id":"https:\/\/www.inovallee.com\/#\/schema\/person\/6cdcf0ed58ac3e1ef08041bdf7815902","name":"Claire Chanterelle"}]}},"_links":{"self":[{"href":"http:\/\/www.inovallee.com\/en\/wp-json\/wp\/v2\/posts\/60424","targetHints":{"allow":["GET"]}}],"collection":[{"href":"http:\/\/www.inovallee.com\/en\/wp-json\/wp\/v2\/posts"}],"about":[{"href":"http:\/\/www.inovallee.com\/en\/wp-json\/wp\/v2\/types\/post"}],"author":[{"embeddable":true,"href":"http:\/\/www.inovallee.com\/en\/wp-json\/wp\/v2\/users\/4"}],"replies":[{"embeddable":true,"href":"http:\/\/www.inovallee.com\/en\/wp-json\/wp\/v2\/comments?post=60424"}],"version-history":[{"count":1,"href":"http:\/\/www.inovallee.com\/en\/wp-json\/wp\/v2\/posts\/60424\/revisions"}],"predecessor-version":[{"id":60426,"href":"http:\/\/www.inovallee.com\/en\/wp-json\/wp\/v2\/posts\/60424\/revisions\/60426"}],"wp:featuredmedia":[{"embeddable":true,"href":"http:\/\/www.inovallee.com\/en\/wp-json\/wp\/v2\/media\/60425"}],"wp:attachment":[{"href":"http:\/\/www.inovallee.com\/en\/wp-json\/wp\/v2\/media?parent=60424"}],"wp:term":[{"taxonomy":"category","embeddable":true,"href":"http:\/\/www.inovallee.com\/en\/wp-json\/wp\/v2\/categories?post=60424"},{"taxonomy":"post_tag","embeddable":true,"href":"http:\/\/www.inovallee.com\/en\/wp-json\/wp\/v2\/tags?post=60424"}],"curies":[{"name":"wp","href":"https:\/\/api.w.org\/{rel}","templated":true}]}}