{"id":60429,"date":"2025-06-27T11:01:48","date_gmt":"2025-06-27T09:01:48","guid":{"rendered":"https:\/\/www.inovallee.com\/?p=60429"},"modified":"2025-06-27T11:01:50","modified_gmt":"2025-06-27T09:01:50","slug":"grenke-inaugure-ses-nouveaux-locaux-a-inovallee-pour-renforcer-sa-presence-locale","status":"publish","type":"post","link":"http:\/\/www.inovallee.com\/en\/grenke-inaugure-ses-nouveaux-locaux-a-inovallee-pour-renforcer-sa-presence-locale\/","title":{"rendered":"Grenke inaugure ses nouveaux locaux \u00e0 Inovall\u00e9e pour renforcer sa pr\u00e9sence locale"},"content":{"rendered":"<h3 class=\"wp-block-heading\">Un \u00e9v\u00e9nement \u00e0 la hauteur de l\u2019ambition<\/h3>\n\n\n\n<p>Grenke, sp\u00e9cialiste de la location financi\u00e8re d\u2019\u00e9quipements professionnels, inaugurait ses nouveaux locaux sur le campus Artea d\u2019Inovall\u00e9e \u00e0 Meylan le vendredi 20 juin dernier.<\/p>\n\n\n\n<p>Install\u00e9e \u00e0 Grenoble depuis 2011, l\u2019entreprise regroupe d\u00e9sormais sept collaborateurs de l\u2019agence locale et trois au si\u00e8ge r\u00e9gional dans cet espace moderne, pens\u00e9 pour accro\u00eetre la r\u00e9activit\u00e9 et la proximit\u00e9 avec les clients.<\/p>\n\n\n\n<p>Et Grenke a su faire de cette inauguration un tr\u00e8s beau moment de partage et d\u2019\u00e9changes\u00a0: intervention d\u2019une star du Trail, <a href=\"https:\/\/share.google\/xT1PAEDDq0xDziEm0\">Martin Kern<\/a> , pour prendre de la hauteur, buffet original, ambiance festive, musique, soleil \u2026 tout \u00e9tait fait pour permettre aux invit\u00e9s venus de l\u2019Is\u00e8re, la Savoie et la Haute Savoie de profiter, se rencontrer et discuter\u00a0!<\/p>\n\n\n\n<figure class=\"wp-block-image size-full\"><img fetchpriority=\"high\" decoding=\"async\" width=\"755\" height=\"566\" src=\"https:\/\/www.inovallee.com\/wp-content\/uploads\/2025\/06\/image-5.jpeg\" alt=\"\" class=\"wp-image-60431\" srcset=\"https:\/\/www.inovallee.com\/wp-content\/uploads\/2025\/06\/image-5.jpeg 755w, https:\/\/www.inovallee.com\/wp-content\/uploads\/2025\/06\/image-5-300x225.jpeg 300w, https:\/\/www.inovallee.com\/wp-content\/uploads\/2025\/06\/image-5-16x12.jpeg 16w\" sizes=\"(max-width: 755px) 100vw, 755px\" \/><\/figure>\n\n\n\n<h3 class=\"wp-block-heading\">Une installation strat\u00e9gique<\/h3>\n\n\n\n<p>Pour <a href=\"https:\/\/www.linkedin.com\/in\/amaury-dubost-747ba1199\/\">Amaury Dubost<\/a>, directeur de l\u2019agence grenobloise, la d\u00e9cision de d\u00e9m\u00e9nager s\u2019est impos\u00e9e : \u00ab\u202fLe pouvoir de d\u00e9cision est d\u00e9centralis\u00e9 pour rester proches de nos clients et de nos partenaires \u00bb, explique-t-il. Ce nouveau si\u00e8ge, id\u00e9alement situ\u00e9 \u00e0 Meylan avec un acc\u00e8s facilit\u00e9 aux infrastructures routi\u00e8res, dessert l\u2019Is\u00e8re et les d\u00e9partements de la Savoie<\/p>\n\n\n\n<h3 class=\"wp-block-heading\">Un positionnement aff\u00fbt\u00e9 aupr\u00e8s des PME locales et une croissance locale ancr\u00e9e<\/h3>\n\n\n\n<p>Grenke propose aux entreprises une alternative au financement traditionnel, leur permettant de louer du mat\u00e9riel \u2013 mobilier, machine-outil, \u00e9quipements bureautiques \u2013 sans impacter leurs tr\u00e9soreries.<\/p>\n\n\n\n<p>Ce mod\u00e8le s\u00e9duit particuli\u00e8rement dans le contexte actuel, marqu\u00e9 par le remboursement des PGE et une forte pression sur les investissements.<\/p>\n\n\n\n<p>En 2024, l\u2019agence grenobloise a financ\u00e9 31\u202fM\u20ac de contrats, t\u00e9moignant de son dynamisme.<\/p>\n\n\n\n<p><\/p>","protected":false},"excerpt":{"rendered":"<p>Un \u00e9v\u00e9nement \u00e0 la hauteur de l\u2019ambition Grenke, sp\u00e9cialiste de la location financi\u00e8re d\u2019\u00e9quipements professionnels, inaugurait ses nouveaux locaux sur le campus Artea d\u2019Inovall\u00e9e \u00e0 Meylan le vendredi 20 juin dernier. Install\u00e9e \u00e0 Grenoble depuis 2011, l\u2019entreprise regroupe d\u00e9sormais sept collaborateurs de l\u2019agence locale et trois au si\u00e8ge r\u00e9gional dans cet espace moderne, pens\u00e9 pour [&hellip;]<\/p>\n","protected":false},"author":4,"featured_media":60430,"comment_status":"closed","ping_status":"open","sticky":false,"template":"","format":"standard","meta":{"footnotes":""},"categories":[63,29],"tags":[2992,649,2993,2994],"class_list":["post-60429","post","type-post","status-publish","format-standard","has-post-thumbnail","hentry","category-implantations","category-evenements","tag-grenke","tag-implantation","tag-inauguration","tag-leasing"],"yoast_head":"<!-- This site is optimized with the Yoast SEO plugin v27.4 - https:\/\/yoast.com\/product\/yoast-seo-wordpress\/ -->\n<title>Grenke inaugure ses nouveaux locaux \u00e0 Inovall\u00e9e pour renforcer sa pr\u00e9sence locale - inovall\u00e9e<\/title>\n<meta name=\"robots\" content=\"index, follow, max-snippet:-1, max-image-preview:large, max-video-preview:-1\" \/>\n<link rel=\"canonical\" href=\"https:\/\/www.inovallee.com\/en\/grenke-inaugure-ses-nouveaux-locaux-a-inovallee-pour-renforcer-sa-presence-locale\/\" \/>\n<meta property=\"og:locale\" content=\"en_GB\" \/>\n<meta property=\"og:type\" content=\"article\" \/>\n<meta property=\"og:title\" content=\"Grenke inaugure ses nouveaux locaux \u00e0 Inovall\u00e9e pour renforcer sa pr\u00e9sence locale - inovall\u00e9e\" \/>\n<meta property=\"og:description\" content=\"Un \u00e9v\u00e9nement \u00e0 la hauteur de l\u2019ambition Grenke, sp\u00e9cialiste de la location financi\u00e8re d\u2019\u00e9quipements professionnels, inaugurait ses nouveaux locaux sur le campus Artea d\u2019Inovall\u00e9e \u00e0 Meylan le vendredi 20 juin dernier. Install\u00e9e \u00e0 Grenoble depuis 2011, l\u2019entreprise regroupe d\u00e9sormais sept collaborateurs de l\u2019agence locale et trois au si\u00e8ge r\u00e9gional dans cet espace moderne, pens\u00e9 pour [&hellip;]\" \/>\n<meta property=\"og:url\" content=\"https:\/\/www.inovallee.com\/en\/grenke-inaugure-ses-nouveaux-locaux-a-inovallee-pour-renforcer-sa-presence-locale\/\" \/>\n<meta property=\"og:site_name\" content=\"inovall\u00e9e\" \/>\n<meta property=\"article:publisher\" content=\"https:\/\/www.facebook.com\/technopoleinovallee\/\" \/>\n<meta property=\"article:published_time\" content=\"2025-06-27T09:01:48+00:00\" \/>\n<meta property=\"article:modified_time\" content=\"2025-06-27T09:01:50+00:00\" \/>\n<meta property=\"og:image\" content=\"https:\/\/www.inovallee.com\/wp-content\/uploads\/2025\/06\/image-4.jpeg\" \/>\n\t<meta property=\"og:image:width\" content=\"755\" \/>\n\t<meta property=\"og:image:height\" content=\"566\" \/>\n\t<meta property=\"og:image:type\" content=\"image\/jpeg\" \/>\n<meta name=\"author\" content=\"Claire Chanterelle\" \/>\n<meta name=\"twitter:card\" content=\"summary_large_image\" \/>\n<meta name=\"twitter:creator\" content=\"@inovallee\" \/>\n<meta name=\"twitter:site\" content=\"@inovallee\" \/>\n<meta name=\"twitter:label1\" content=\"Written by\" \/>\n\t<meta name=\"twitter:data1\" content=\"Claire Chanterelle\" \/>\n\t<meta name=\"twitter:label2\" content=\"Estimated reading time\" \/>\n\t<meta name=\"twitter:data2\" content=\"2 minutes\" \/>\n<script type=\"application\/ld+json\" class=\"yoast-schema-graph\">{\"@context\":\"https:\\\/\\\/schema.org\",\"@graph\":[{\"@type\":\"Article\",\"@id\":\"https:\\\/\\\/www.inovallee.com\\\/grenke-inaugure-ses-nouveaux-locaux-a-inovallee-pour-renforcer-sa-presence-locale\\\/#article\",\"isPartOf\":{\"@id\":\"https:\\\/\\\/www.inovallee.com\\\/grenke-inaugure-ses-nouveaux-locaux-a-inovallee-pour-renforcer-sa-presence-locale\\\/\"},\"author\":{\"name\":\"Claire Chanterelle\",\"@id\":\"https:\\\/\\\/www.inovallee.com\\\/#\\\/schema\\\/person\\\/6cdcf0ed58ac3e1ef08041bdf7815902\"},\"headline\":\"Grenke inaugure ses nouveaux locaux \u00e0 Inovall\u00e9e pour renforcer sa pr\u00e9sence locale\",\"datePublished\":\"2025-06-27T09:01:48+00:00\",\"dateModified\":\"2025-06-27T09:01:50+00:00\",\"mainEntityOfPage\":{\"@id\":\"https:\\\/\\\/www.inovallee.com\\\/grenke-inaugure-ses-nouveaux-locaux-a-inovallee-pour-renforcer-sa-presence-locale\\\/\"},\"wordCount\":297,\"publisher\":{\"@id\":\"https:\\\/\\\/www.inovallee.com\\\/#organization\"},\"image\":{\"@id\":\"https:\\\/\\\/www.inovallee.com\\\/grenke-inaugure-ses-nouveaux-locaux-a-inovallee-pour-renforcer-sa-presence-locale\\\/#primaryimage\"},\"thumbnailUrl\":\"https:\\\/\\\/www.inovallee.com\\\/wp-content\\\/uploads\\\/2025\\\/06\\\/image-4.jpeg\",\"keywords\":[\"Grenke\",\"implantation\",\"Inauguration\",\"leasing\"],\"articleSection\":[\"Arriv\u00e9es \\\/ d\u00e9parts (Implantations)\",\"Technopole inovall\u00e9e\"],\"inLanguage\":\"en-GB\"},{\"@type\":\"WebPage\",\"@id\":\"https:\\\/\\\/www.inovallee.com\\\/grenke-inaugure-ses-nouveaux-locaux-a-inovallee-pour-renforcer-sa-presence-locale\\\/\",\"url\":\"https:\\\/\\\/www.inovallee.com\\\/grenke-inaugure-ses-nouveaux-locaux-a-inovallee-pour-renforcer-sa-presence-locale\\\/\",\"name\":\"Grenke inaugure ses nouveaux locaux \u00e0 Inovall\u00e9e pour renforcer sa pr\u00e9sence locale - inovall\u00e9e\",\"isPartOf\":{\"@id\":\"https:\\\/\\\/www.inovallee.com\\\/#website\"},\"primaryImageOfPage\":{\"@id\":\"https:\\\/\\\/www.inovallee.com\\\/grenke-inaugure-ses-nouveaux-locaux-a-inovallee-pour-renforcer-sa-presence-locale\\\/#primaryimage\"},\"image\":{\"@id\":\"https:\\\/\\\/www.inovallee.com\\\/grenke-inaugure-ses-nouveaux-locaux-a-inovallee-pour-renforcer-sa-presence-locale\\\/#primaryimage\"},\"thumbnailUrl\":\"https:\\\/\\\/www.inovallee.com\\\/wp-content\\\/uploads\\\/2025\\\/06\\\/image-4.jpeg\",\"datePublished\":\"2025-06-27T09:01:48+00:00\",\"dateModified\":\"2025-06-27T09:01:50+00:00\",\"breadcrumb\":{\"@id\":\"https:\\\/\\\/www.inovallee.com\\\/grenke-inaugure-ses-nouveaux-locaux-a-inovallee-pour-renforcer-sa-presence-locale\\\/#breadcrumb\"},\"inLanguage\":\"en-GB\",\"potentialAction\":[{\"@type\":\"ReadAction\",\"target\":[\"https:\\\/\\\/www.inovallee.com\\\/grenke-inaugure-ses-nouveaux-locaux-a-inovallee-pour-renforcer-sa-presence-locale\\\/\"]}]},{\"@type\":\"ImageObject\",\"inLanguage\":\"en-GB\",\"@id\":\"https:\\\/\\\/www.inovallee.com\\\/grenke-inaugure-ses-nouveaux-locaux-a-inovallee-pour-renforcer-sa-presence-locale\\\/#primaryimage\",\"url\":\"https:\\\/\\\/www.inovallee.com\\\/wp-content\\\/uploads\\\/2025\\\/06\\\/image-4.jpeg\",\"contentUrl\":\"https:\\\/\\\/www.inovallee.com\\\/wp-content\\\/uploads\\\/2025\\\/06\\\/image-4.jpeg\",\"width\":755,\"height\":566},{\"@type\":\"BreadcrumbList\",\"@id\":\"https:\\\/\\\/www.inovallee.com\\\/grenke-inaugure-ses-nouveaux-locaux-a-inovallee-pour-renforcer-sa-presence-locale\\\/#breadcrumb\",\"itemListElement\":[{\"@type\":\"ListItem\",\"position\":1,\"name\":\"Accueil\",\"item\":\"https:\\\/\\\/www.inovallee.com\\\/\"},{\"@type\":\"ListItem\",\"position\":2,\"name\":\"Grenke inaugure ses nouveaux locaux \u00e0 Inovall\u00e9e pour renforcer sa pr\u00e9sence locale\"}]},{\"@type\":\"WebSite\",\"@id\":\"https:\\\/\\\/www.inovallee.com\\\/#website\",\"url\":\"https:\\\/\\\/www.inovallee.com\\\/\",\"name\":\"inovall\u00e9e technopole, Home to software & smart technologies\",\"description\":\"Home to software &amp; smart technologies\",\"publisher\":{\"@id\":\"https:\\\/\\\/www.inovallee.com\\\/#organization\"},\"potentialAction\":[{\"@type\":\"SearchAction\",\"target\":{\"@type\":\"EntryPoint\",\"urlTemplate\":\"https:\\\/\\\/www.inovallee.com\\\/?s={search_term_string}\"},\"query-input\":{\"@type\":\"PropertyValueSpecification\",\"valueRequired\":true,\"valueName\":\"search_term_string\"}}],\"inLanguage\":\"en-GB\"},{\"@type\":\"Organization\",\"@id\":\"https:\\\/\\\/www.inovallee.com\\\/#organization\",\"name\":\"inovall\u00e9e\",\"url\":\"https:\\\/\\\/www.inovallee.com\\\/\",\"logo\":{\"@type\":\"ImageObject\",\"inLanguage\":\"en-GB\",\"@id\":\"https:\\\/\\\/www.inovallee.com\\\/#\\\/schema\\\/logo\\\/image\\\/\",\"url\":\"https:\\\/\\\/www.inovallee.com\\\/wp-content\\\/uploads\\\/2023\\\/08\\\/inovallee_2022_GrenobleAlpes.png\",\"contentUrl\":\"https:\\\/\\\/www.inovallee.com\\\/wp-content\\\/uploads\\\/2023\\\/08\\\/inovallee_2022_GrenobleAlpes.png\",\"width\":945,\"height\":369,\"caption\":\"inovall\u00e9e\"},\"image\":{\"@id\":\"https:\\\/\\\/www.inovallee.com\\\/#\\\/schema\\\/logo\\\/image\\\/\"},\"sameAs\":[\"https:\\\/\\\/www.facebook.com\\\/technopoleinovallee\\\/\",\"https:\\\/\\\/x.com\\\/inovallee\",\"https:\\\/\\\/www.linkedin.com\\\/company\\\/inovall-e\\\/\",\"https:\\\/\\\/www.youtube.com\\\/user\\\/inovallee?reload=9\"]},{\"@type\":\"Person\",\"@id\":\"https:\\\/\\\/www.inovallee.com\\\/#\\\/schema\\\/person\\\/6cdcf0ed58ac3e1ef08041bdf7815902\",\"name\":\"Claire Chanterelle\"}]}<\/script>\n<!-- \/ Yoast SEO plugin. -->","yoast_head_json":{"title":"Grenke inaugure ses nouveaux locaux \u00e0 Inovall\u00e9e pour renforcer sa pr\u00e9sence locale - inovall\u00e9e","robots":{"index":"index","follow":"follow","max-snippet":"max-snippet:-1","max-image-preview":"max-image-preview:large","max-video-preview":"max-video-preview:-1"},"canonical":"https:\/\/www.inovallee.com\/en\/grenke-inaugure-ses-nouveaux-locaux-a-inovallee-pour-renforcer-sa-presence-locale\/","og_locale":"en_GB","og_type":"article","og_title":"Grenke inaugure ses nouveaux locaux \u00e0 Inovall\u00e9e pour renforcer sa pr\u00e9sence locale - inovall\u00e9e","og_description":"Un \u00e9v\u00e9nement \u00e0 la hauteur de l\u2019ambition Grenke, sp\u00e9cialiste de la location financi\u00e8re d\u2019\u00e9quipements professionnels, inaugurait ses nouveaux locaux sur le campus Artea d\u2019Inovall\u00e9e \u00e0 Meylan le vendredi 20 juin dernier. Install\u00e9e \u00e0 Grenoble depuis 2011, l\u2019entreprise regroupe d\u00e9sormais sept collaborateurs de l\u2019agence locale et trois au si\u00e8ge r\u00e9gional dans cet espace moderne, pens\u00e9 pour [&hellip;]","og_url":"https:\/\/www.inovallee.com\/en\/grenke-inaugure-ses-nouveaux-locaux-a-inovallee-pour-renforcer-sa-presence-locale\/","og_site_name":"inovall\u00e9e","article_publisher":"https:\/\/www.facebook.com\/technopoleinovallee\/","article_published_time":"2025-06-27T09:01:48+00:00","article_modified_time":"2025-06-27T09:01:50+00:00","og_image":[{"width":755,"height":566,"url":"https:\/\/www.inovallee.com\/wp-content\/uploads\/2025\/06\/image-4.jpeg","type":"image\/jpeg"}],"author":"Claire Chanterelle","twitter_card":"summary_large_image","twitter_creator":"@inovallee","twitter_site":"@inovallee","twitter_misc":{"Written by":"Claire Chanterelle","Estimated reading time":"2 minutes"},"schema":{"@context":"https:\/\/schema.org","@graph":[{"@type":"Article","@id":"https:\/\/www.inovallee.com\/grenke-inaugure-ses-nouveaux-locaux-a-inovallee-pour-renforcer-sa-presence-locale\/#article","isPartOf":{"@id":"https:\/\/www.inovallee.com\/grenke-inaugure-ses-nouveaux-locaux-a-inovallee-pour-renforcer-sa-presence-locale\/"},"author":{"name":"Claire Chanterelle","@id":"https:\/\/www.inovallee.com\/#\/schema\/person\/6cdcf0ed58ac3e1ef08041bdf7815902"},"headline":"Grenke inaugure ses nouveaux locaux \u00e0 Inovall\u00e9e pour renforcer sa pr\u00e9sence locale","datePublished":"2025-06-27T09:01:48+00:00","dateModified":"2025-06-27T09:01:50+00:00","mainEntityOfPage":{"@id":"https:\/\/www.inovallee.com\/grenke-inaugure-ses-nouveaux-locaux-a-inovallee-pour-renforcer-sa-presence-locale\/"},"wordCount":297,"publisher":{"@id":"https:\/\/www.inovallee.com\/#organization"},"image":{"@id":"https:\/\/www.inovallee.com\/grenke-inaugure-ses-nouveaux-locaux-a-inovallee-pour-renforcer-sa-presence-locale\/#primaryimage"},"thumbnailUrl":"https:\/\/www.inovallee.com\/wp-content\/uploads\/2025\/06\/image-4.jpeg","keywords":["Grenke","implantation","Inauguration","leasing"],"articleSection":["Arriv\u00e9es \/ d\u00e9parts (Implantations)","Technopole inovall\u00e9e"],"inLanguage":"en-GB"},{"@type":"WebPage","@id":"https:\/\/www.inovallee.com\/grenke-inaugure-ses-nouveaux-locaux-a-inovallee-pour-renforcer-sa-presence-locale\/","url":"https:\/\/www.inovallee.com\/grenke-inaugure-ses-nouveaux-locaux-a-inovallee-pour-renforcer-sa-presence-locale\/","name":"Grenke inaugure ses nouveaux locaux \u00e0 Inovall\u00e9e pour renforcer sa pr\u00e9sence locale - inovall\u00e9e","isPartOf":{"@id":"https:\/\/www.inovallee.com\/#website"},"primaryImageOfPage":{"@id":"https:\/\/www.inovallee.com\/grenke-inaugure-ses-nouveaux-locaux-a-inovallee-pour-renforcer-sa-presence-locale\/#primaryimage"},"image":{"@id":"https:\/\/www.inovallee.com\/grenke-inaugure-ses-nouveaux-locaux-a-inovallee-pour-renforcer-sa-presence-locale\/#primaryimage"},"thumbnailUrl":"https:\/\/www.inovallee.com\/wp-content\/uploads\/2025\/06\/image-4.jpeg","datePublished":"2025-06-27T09:01:48+00:00","dateModified":"2025-06-27T09:01:50+00:00","breadcrumb":{"@id":"https:\/\/www.inovallee.com\/grenke-inaugure-ses-nouveaux-locaux-a-inovallee-pour-renforcer-sa-presence-locale\/#breadcrumb"},"inLanguage":"en-GB","potentialAction":[{"@type":"ReadAction","target":["https:\/\/www.inovallee.com\/grenke-inaugure-ses-nouveaux-locaux-a-inovallee-pour-renforcer-sa-presence-locale\/"]}]},{"@type":"ImageObject","inLanguage":"en-GB","@id":"https:\/\/www.inovallee.com\/grenke-inaugure-ses-nouveaux-locaux-a-inovallee-pour-renforcer-sa-presence-locale\/#primaryimage","url":"https:\/\/www.inovallee.com\/wp-content\/uploads\/2025\/06\/image-4.jpeg","contentUrl":"https:\/\/www.inovallee.com\/wp-content\/uploads\/2025\/06\/image-4.jpeg","width":755,"height":566},{"@type":"BreadcrumbList","@id":"https:\/\/www.inovallee.com\/grenke-inaugure-ses-nouveaux-locaux-a-inovallee-pour-renforcer-sa-presence-locale\/#breadcrumb","itemListElement":[{"@type":"ListItem","position":1,"name":"Accueil","item":"https:\/\/www.inovallee.com\/"},{"@type":"ListItem","position":2,"name":"Grenke inaugure ses nouveaux locaux \u00e0 Inovall\u00e9e pour renforcer sa pr\u00e9sence locale"}]},{"@type":"WebSite","@id":"https:\/\/www.inovallee.com\/#website","url":"https:\/\/www.inovallee.com\/","name":"inovall\u00e9e technopole, Home to software & smart technologies","description":"Home to software &amp; smart technologies","publisher":{"@id":"https:\/\/www.inovallee.com\/#organization"},"potentialAction":[{"@type":"SearchAction","target":{"@type":"EntryPoint","urlTemplate":"https:\/\/www.inovallee.com\/?s={search_term_string}"},"query-input":{"@type":"PropertyValueSpecification","valueRequired":true,"valueName":"search_term_string"}}],"inLanguage":"en-GB"},{"@type":"Organization","@id":"https:\/\/www.inovallee.com\/#organization","name":"inovall\u00e9e","url":"https:\/\/www.inovallee.com\/","logo":{"@type":"ImageObject","inLanguage":"en-GB","@id":"https:\/\/www.inovallee.com\/#\/schema\/logo\/image\/","url":"https:\/\/www.inovallee.com\/wp-content\/uploads\/2023\/08\/inovallee_2022_GrenobleAlpes.png","contentUrl":"https:\/\/www.inovallee.com\/wp-content\/uploads\/2023\/08\/inovallee_2022_GrenobleAlpes.png","width":945,"height":369,"caption":"inovall\u00e9e"},"image":{"@id":"https:\/\/www.inovallee.com\/#\/schema\/logo\/image\/"},"sameAs":["https:\/\/www.facebook.com\/technopoleinovallee\/","https:\/\/x.com\/inovallee","https:\/\/www.linkedin.com\/company\/inovall-e\/","https:\/\/www.youtube.com\/user\/inovallee?reload=9"]},{"@type":"Person","@id":"https:\/\/www.inovallee.com\/#\/schema\/person\/6cdcf0ed58ac3e1ef08041bdf7815902","name":"Claire Chanterelle"}]}},"_links":{"self":[{"href":"http:\/\/www.inovallee.com\/en\/wp-json\/wp\/v2\/posts\/60429","targetHints":{"allow":["GET"]}}],"collection":[{"href":"http:\/\/www.inovallee.com\/en\/wp-json\/wp\/v2\/posts"}],"about":[{"href":"http:\/\/www.inovallee.com\/en\/wp-json\/wp\/v2\/types\/post"}],"author":[{"embeddable":true,"href":"http:\/\/www.inovallee.com\/en\/wp-json\/wp\/v2\/users\/4"}],"replies":[{"embeddable":true,"href":"http:\/\/www.inovallee.com\/en\/wp-json\/wp\/v2\/comments?post=60429"}],"version-history":[{"count":1,"href":"http:\/\/www.inovallee.com\/en\/wp-json\/wp\/v2\/posts\/60429\/revisions"}],"predecessor-version":[{"id":60432,"href":"http:\/\/www.inovallee.com\/en\/wp-json\/wp\/v2\/posts\/60429\/revisions\/60432"}],"wp:featuredmedia":[{"embeddable":true,"href":"http:\/\/www.inovallee.com\/en\/wp-json\/wp\/v2\/media\/60430"}],"wp:attachment":[{"href":"http:\/\/www.inovallee.com\/en\/wp-json\/wp\/v2\/media?parent=60429"}],"wp:term":[{"taxonomy":"category","embeddable":true,"href":"http:\/\/www.inovallee.com\/en\/wp-json\/wp\/v2\/categories?post=60429"},{"taxonomy":"post_tag","embeddable":true,"href":"http:\/\/www.inovallee.com\/en\/wp-json\/wp\/v2\/tags?post=60429"}],"curies":[{"name":"wp","href":"https:\/\/api.w.org\/{rel}","templated":true}]}}