{"id":61243,"date":"2025-09-23T11:04:32","date_gmt":"2025-09-23T09:04:32","guid":{"rendered":"https:\/\/www.inovallee.com\/?p=61243"},"modified":"2025-09-23T11:04:37","modified_gmt":"2025-09-23T09:04:37","slug":"cegelec-alpes-isere-filiale-du-groupe-vinci-energies-simplante-sur-inovallee-et-ouvre-ainsi-une-nouvelle-entreprise-tertiaire-sur-le-bassin-grenoblois","status":"publish","type":"post","link":"http:\/\/www.inovallee.com\/en\/cegelec-alpes-isere-filiale-du-groupe-vinci-energies-simplante-sur-inovallee-et-ouvre-ainsi-une-nouvelle-entreprise-tertiaire-sur-le-bassin-grenoblois\/","title":{"rendered":"Cegelec Alpes Is\u00e8re, filiale du groupe VINCI Energies, s\u2019implante sur inovall\u00e9e et ouvre ainsi une nouvelle entreprise tertiaire sur le bassin grenoblois"},"content":{"rendered":"<p>Filiale du groupe VINCI Energies, <a href=\"https:\/\/www.cegelec-alpes-isere.com\/\" target=\"_blank\" rel=\"noreferrer noopener\">Cegelec Alpes Is\u00e8re<\/a> a choisi inovall\u00e9e pour implanter sa nouvelle entit\u00e9 tertiaire. Dirig\u00e9e par <a href=\"https:\/\/www.linkedin.com\/in\/remi-durix-9917a089\/\">R\u00e9mi Durix,<\/a> l\u2019entreprise a d\u00e9marr\u00e9 son activit\u00e9 en janvier 2024 avec l\u2019ambition de devenir un acteur majeur du secteur en Is\u00e8re.<\/p>\n\n\n\n<h4 class=\"wp-block-heading\"><strong>Une implantation strat\u00e9gique sur un territoire dynamique<\/strong><\/h4>\n\n\n\n<p>D\u00e9j\u00e0 pr\u00e9sente dans les deux Savoies avec une entreprise \u00e0 Chamb\u00e9ry, Cegelec poursuit son d\u00e9veloppement en s\u2019implantant en Is\u00e8re. Si les branches industrielles, maintenance, r\u00e9seaux et nucl\u00e9aire de VINCI Energies \u00e9taient d\u00e9j\u00e0 bien repr\u00e9sent\u00e9es \u00e0 Grenoble, l\u2019expertise tertiaire et b\u00e2timent manquait encore \u00e0 l\u2019appel. Ce nouvel \u00e9tablissement secondaire vient donc combler ce vide, avec une activit\u00e9 centr\u00e9e sur les projets tertiaires, h\u00f4teliers, commerces, et de bureaux.<\/p>\n\n\n\n<p>\u00ab Nous avons cr\u00e9\u00e9 cette entreprise de toutes pi\u00e8ces, avec un SIRET et une totale autonomie de gestion, tout en b\u00e9n\u00e9ficiant du support de Chamb\u00e9ry \u00bb, explique <strong>R\u00e9mi Durix<\/strong>, qui a fait toute sa carri\u00e8re au sein de Cegelec depuis son stage de fin d\u2019\u00e9tudes en ing\u00e9nierie \u00e9lectrique.<\/p>\n\n\n\n<h4 class=\"wp-block-heading\"><strong>R\u00e9mi Durix, \u00ab&nbsp;\u00e9lev\u00e9 au biberon de Cegelec&nbsp;\u00bb&nbsp;:&nbsp;un parcours fid\u00e8le et engag\u00e9<\/strong><\/h4>\n\n\n\n<p>Entr\u00e9 chez Cegelec en 2007 en stage de fin d\u2019\u00e9tudes, R\u00e9mi Durix a rapidement gravi les \u00e9chelons en s\u2019impliquant sur divers projets. Il d\u00e9bute dans la branche industrielle, puis rejoint le secteur du photovolta\u00efque, avant de revenir \u00e0 Chamb\u00e9ry en 2010 pour piloter des projets tertiaires et immobiliers en montagne \u2013 notamment des <strong>r\u00e9sidences de tourisme et des h\u00f4tels<\/strong>.<\/p>\n\n\n\n<p>Responsable d\u2019affaires, il y d\u00e9veloppe une v\u00e9ritable expertise en gestion autonome de portefeuilles clients et en pilotage de chantiers d\u2019envergure.<br>\u00ab J\u2019ai \u00e9t\u00e9 \u00e9lev\u00e9 au biberon de Cegelec \u00bb, aime-t-il rappeler, soulignant son attachement \u00e0 une entreprise dans laquelle il a construit tout son parcours professionnel.<\/p>\n\n\n\n<h4 class=\"wp-block-heading\"><strong>Une autonomie d\u2019entrepreneurs dans un grand groupe<\/strong><\/h4>\n\n\n\n<p>Chez VINCI Energies, chaque agence fonctionne comme une <strong>v\u00e9ritable PME<\/strong> : les dirigeants disposent d\u2019une autonomie cons\u00e9quente pour g\u00e9rer leurs activit\u00e9s, d\u00e9velopper leurs portefeuilles clients et b\u00e2tir leurs \u00e9quipes. Cette philosophie, qui conjugue la solidit\u00e9 d\u2019un grand groupe et l\u2019agilit\u00e9 d\u2019une structure entrepreneuriale, permet aux entreprises d\u2019\u00eatre <strong>r\u00e9actives, proches de leurs clients et de leur territoire<\/strong>.<br>\u00ab Nous b\u00e9n\u00e9ficions d\u2019une grande autonomie dans la gestion de notre structure, nos projets et notre organisation, ce qui nous donne une vraie libert\u00e9 pour innover et nous d\u00e9velopper \u00bb, souligne R\u00e9mi Durix.<\/p>\n\n\n\n<h4 class=\"wp-block-heading\"><strong>Des ambitions fortes pour les dix prochaines ann\u00e9es<\/strong><\/h4>\n\n\n\n<p>Au premier jour, compos\u00e9e de trois collaborateurs, l\u2019entreprise vise une croissance rapide. \u00ab Dans dix ans, notre objectif est d\u2019atteindre <strong>40 \u00e0 60 collaborateurs et un chiffre d\u2019affaires de 6 \u00e0 10 M\u20ac<\/strong> \u00bb, pr\u00e9cise R\u00e9mi Durix.<br>D\u00e8s son lancement, Cegelec Alpes Is\u00e8re a d\u00e9j\u00e0 d\u00e9croch\u00e9 de beaux chantiers, dont la r\u00e9alisation du groupe scolaire de Pontcharra, men\u00e9 en collaboration avec l\u2019entreprise de Chamb\u00e9ry.<\/p>\n\n\n\n<h4 class=\"wp-block-heading\"><strong>Des expertises multiples et un engagement environnemental affirm\u00e9<\/strong><\/h4>\n\n\n\n<p>L\u2019entreprise intervient sur un large spectre de m\u00e9tiers : <strong>courants forts et faibles, photovolta\u00efque, relamping, gestion technique du b\u00e2timent (GTB), bornes de recharge \u00e9lectrique<\/strong>\u2026 Autant de comp\u00e9tences qui lui permettent d\u2019accompagner ses clients dans la construction et la r\u00e9novation de b\u00e2timents tertiaires et industriels.<\/p>\n\n\n\n<p>Tr\u00e8s engag\u00e9e dans la transition \u00e9nerg\u00e9tique, Cegelec Alpes Is\u00e8re mise sur la sobri\u00e9t\u00e9 et l\u2019efficacit\u00e9 \u00e9nerg\u00e9tique : v\u00e9hicules de chantier 100 % \u00e9lectriques, optimisation des consommations, et innovations autour du <strong>courant continu (DC)<\/strong>, plus performant pour les b\u00e2timents \u00e9quip\u00e9s en photovolta\u00efque.<\/p>\n\n\n\n<h4 class=\"wp-block-heading\"><strong>Un ancrage dans l\u2019\u00e9cosyst\u00e8me VINCI Energies, son Acad\u00e9mie de formations et son acc\u00e9l\u00e9rateur d\u2019innovation Leonard<\/strong><\/h4>\n\n\n\n<p>L\u2019entreprise b\u00e9n\u00e9ficie \u00e9galement de la force d\u2019innovation du groupe VINCI Energies. Ses collaborateurs peuvent acc\u00e9der aux <strong>120 formations de l\u2019Acad\u00e9mie VINCI Energies<\/strong>, et participer aux initiatives port\u00e9es par <strong>Leonard<\/strong>, l\u2019acc\u00e9l\u00e9rateur interne du groupe qui accompagne startups et intrapreneurs dans les domaines de la construction, de l\u2019\u00e9nergie et des mobilit\u00e9s.<\/p>\n\n\n\n<p>\u00ab Notre esprit d\u2019entreprendre est notre ADN : m\u00eame si nous exer\u00e7ons un m\u00e9tier traditionnel, nous restons attentifs aux innovations qui feront bouger le secteur \u00bb, conclut R\u00e9mi Durix.<\/p>\n\n\n\n<p>Avec cette implantation, Cegelec Alpes Is\u00e8re affirme sa volont\u00e9 d\u2019\u00eatre <strong>au plus pr\u00e8s des entreprises et collectivit\u00e9s du territoire<\/strong>, tout en inscrivant son d\u00e9veloppement dans une logique durable et innovante.<\/p>","protected":false},"excerpt":{"rendered":"<p>Filiale du groupe VINCI Energies, Cegelec Alpes Is\u00e8re a choisi inovall\u00e9e pour implanter sa nouvelle entit\u00e9 tertiaire. Dirig\u00e9e par R\u00e9mi Durix, l\u2019entreprise a d\u00e9marr\u00e9 son activit\u00e9 en janvier 2024 avec l\u2019ambition de devenir un acteur majeur du secteur en Is\u00e8re. Une implantation strat\u00e9gique sur un territoire dynamique D\u00e9j\u00e0 pr\u00e9sente dans les deux Savoies avec une [&hellip;]<\/p>\n","protected":false},"author":18,"featured_media":61244,"comment_status":"closed","ping_status":"open","sticky":false,"template":"","format":"standard","meta":{"footnotes":""},"categories":[63,29],"tags":[3166],"class_list":["post-61243","post","type-post","status-publish","format-standard","has-post-thumbnail","hentry","category-implantations","category-evenements","tag-cegelec"],"yoast_head":"<!-- This site is optimized with the Yoast SEO plugin v27.4 - https:\/\/yoast.com\/product\/yoast-seo-wordpress\/ -->\n<title>Cegelec Alpes Is\u00e8re, filiale du groupe VINCI Energies, s\u2019implante sur inovall\u00e9e et ouvre ainsi une nouvelle entreprise tertiaire sur le bassin grenoblois - inovall\u00e9e<\/title>\n<meta name=\"description\" content=\"Filiale du groupe VINCI Energies, Cegelec Alpes Is\u00e8re a choisi inovall\u00e9e pour implanter sa nouvelle entit\u00e9 tertiaire, Dirig\u00e9e par R\u00e9mi Durix.\" \/>\n<meta name=\"robots\" content=\"index, follow, max-snippet:-1, max-image-preview:large, max-video-preview:-1\" \/>\n<link rel=\"canonical\" href=\"https:\/\/www.inovallee.com\/en\/cegelec-alpes-isere-filiale-du-groupe-vinci-energies-simplante-sur-inovallee-et-ouvre-ainsi-une-nouvelle-entreprise-tertiaire-sur-le-bassin-grenoblois\/\" \/>\n<meta property=\"og:locale\" content=\"en_GB\" \/>\n<meta property=\"og:type\" content=\"article\" \/>\n<meta property=\"og:title\" content=\"Cegelec Alpes Is\u00e8re, filiale du groupe VINCI Energies, s\u2019implante sur inovall\u00e9e et ouvre ainsi une nouvelle entreprise tertiaire sur le bassin grenoblois - inovall\u00e9e\" \/>\n<meta property=\"og:description\" content=\"Filiale du groupe VINCI Energies, Cegelec Alpes Is\u00e8re a choisi inovall\u00e9e pour implanter sa nouvelle entit\u00e9 tertiaire, Dirig\u00e9e par R\u00e9mi Durix.\" \/>\n<meta property=\"og:url\" content=\"https:\/\/www.inovallee.com\/en\/cegelec-alpes-isere-filiale-du-groupe-vinci-energies-simplante-sur-inovallee-et-ouvre-ainsi-une-nouvelle-entreprise-tertiaire-sur-le-bassin-grenoblois\/\" \/>\n<meta property=\"og:site_name\" content=\"inovall\u00e9e\" \/>\n<meta property=\"article:publisher\" content=\"https:\/\/www.facebook.com\/technopoleinovallee\/\" \/>\n<meta property=\"article:published_time\" content=\"2025-09-23T09:04:32+00:00\" \/>\n<meta property=\"article:modified_time\" content=\"2025-09-23T09:04:37+00:00\" \/>\n<meta property=\"og:image\" content=\"https:\/\/www.inovallee.com\/wp-content\/uploads\/2025\/09\/XB-Cegelec-2015_05-Hopital_Chambery-60-scaled-1-scaled.webp\" \/>\n\t<meta property=\"og:image:width\" content=\"2048\" \/>\n\t<meta property=\"og:image:height\" content=\"1366\" \/>\n\t<meta property=\"og:image:type\" content=\"image\/webp\" \/>\n<meta name=\"author\" content=\"Margaux De la Fuente\" \/>\n<meta name=\"twitter:card\" content=\"summary_large_image\" \/>\n<meta name=\"twitter:creator\" content=\"@inovallee\" \/>\n<meta name=\"twitter:site\" content=\"@inovallee\" \/>\n<meta name=\"twitter:label1\" content=\"Written by\" \/>\n\t<meta name=\"twitter:data1\" content=\"Margaux De la Fuente\" \/>\n\t<meta name=\"twitter:label2\" content=\"Estimated reading time\" \/>\n\t<meta name=\"twitter:data2\" content=\"4 minutes\" \/>\n<script type=\"application\/ld+json\" class=\"yoast-schema-graph\">{\"@context\":\"https:\\\/\\\/schema.org\",\"@graph\":[{\"@type\":\"Article\",\"@id\":\"https:\\\/\\\/www.inovallee.com\\\/cegelec-alpes-isere-filiale-du-groupe-vinci-energies-simplante-sur-inovallee-et-ouvre-ainsi-une-nouvelle-entreprise-tertiaire-sur-le-bassin-grenoblois\\\/#article\",\"isPartOf\":{\"@id\":\"https:\\\/\\\/www.inovallee.com\\\/cegelec-alpes-isere-filiale-du-groupe-vinci-energies-simplante-sur-inovallee-et-ouvre-ainsi-une-nouvelle-entreprise-tertiaire-sur-le-bassin-grenoblois\\\/\"},\"author\":{\"name\":\"Margaux De la Fuente\",\"@id\":\"https:\\\/\\\/www.inovallee.com\\\/#\\\/schema\\\/person\\\/92dc7fd313568f5cc54aba72aba732fe\"},\"headline\":\"Cegelec Alpes Is\u00e8re, filiale du groupe VINCI Energies, s\u2019implante sur inovall\u00e9e et ouvre ainsi une nouvelle entreprise tertiaire sur le bassin grenoblois\",\"datePublished\":\"2025-09-23T09:04:32+00:00\",\"dateModified\":\"2025-09-23T09:04:37+00:00\",\"mainEntityOfPage\":{\"@id\":\"https:\\\/\\\/www.inovallee.com\\\/cegelec-alpes-isere-filiale-du-groupe-vinci-energies-simplante-sur-inovallee-et-ouvre-ainsi-une-nouvelle-entreprise-tertiaire-sur-le-bassin-grenoblois\\\/\"},\"wordCount\":787,\"publisher\":{\"@id\":\"https:\\\/\\\/www.inovallee.com\\\/#organization\"},\"image\":{\"@id\":\"https:\\\/\\\/www.inovallee.com\\\/cegelec-alpes-isere-filiale-du-groupe-vinci-energies-simplante-sur-inovallee-et-ouvre-ainsi-une-nouvelle-entreprise-tertiaire-sur-le-bassin-grenoblois\\\/#primaryimage\"},\"thumbnailUrl\":\"https:\\\/\\\/www.inovallee.com\\\/wp-content\\\/uploads\\\/2025\\\/09\\\/XB-Cegelec-2015_05-Hopital_Chambery-60-scaled-1-scaled.webp\",\"keywords\":[\"cegelec\"],\"articleSection\":[\"Arriv\u00e9es \\\/ d\u00e9parts (Implantations)\",\"Technopole inovall\u00e9e\"],\"inLanguage\":\"en-GB\"},{\"@type\":\"WebPage\",\"@id\":\"https:\\\/\\\/www.inovallee.com\\\/cegelec-alpes-isere-filiale-du-groupe-vinci-energies-simplante-sur-inovallee-et-ouvre-ainsi-une-nouvelle-entreprise-tertiaire-sur-le-bassin-grenoblois\\\/\",\"url\":\"https:\\\/\\\/www.inovallee.com\\\/cegelec-alpes-isere-filiale-du-groupe-vinci-energies-simplante-sur-inovallee-et-ouvre-ainsi-une-nouvelle-entreprise-tertiaire-sur-le-bassin-grenoblois\\\/\",\"name\":\"Cegelec Alpes Is\u00e8re, filiale du groupe VINCI Energies, s\u2019implante sur inovall\u00e9e et ouvre ainsi une nouvelle entreprise tertiaire sur le bassin grenoblois - inovall\u00e9e\",\"isPartOf\":{\"@id\":\"https:\\\/\\\/www.inovallee.com\\\/#website\"},\"primaryImageOfPage\":{\"@id\":\"https:\\\/\\\/www.inovallee.com\\\/cegelec-alpes-isere-filiale-du-groupe-vinci-energies-simplante-sur-inovallee-et-ouvre-ainsi-une-nouvelle-entreprise-tertiaire-sur-le-bassin-grenoblois\\\/#primaryimage\"},\"image\":{\"@id\":\"https:\\\/\\\/www.inovallee.com\\\/cegelec-alpes-isere-filiale-du-groupe-vinci-energies-simplante-sur-inovallee-et-ouvre-ainsi-une-nouvelle-entreprise-tertiaire-sur-le-bassin-grenoblois\\\/#primaryimage\"},\"thumbnailUrl\":\"https:\\\/\\\/www.inovallee.com\\\/wp-content\\\/uploads\\\/2025\\\/09\\\/XB-Cegelec-2015_05-Hopital_Chambery-60-scaled-1-scaled.webp\",\"datePublished\":\"2025-09-23T09:04:32+00:00\",\"dateModified\":\"2025-09-23T09:04:37+00:00\",\"description\":\"Filiale du groupe VINCI Energies, Cegelec Alpes Is\u00e8re a choisi inovall\u00e9e pour implanter sa nouvelle entit\u00e9 tertiaire, Dirig\u00e9e par R\u00e9mi Durix.\",\"breadcrumb\":{\"@id\":\"https:\\\/\\\/www.inovallee.com\\\/cegelec-alpes-isere-filiale-du-groupe-vinci-energies-simplante-sur-inovallee-et-ouvre-ainsi-une-nouvelle-entreprise-tertiaire-sur-le-bassin-grenoblois\\\/#breadcrumb\"},\"inLanguage\":\"en-GB\",\"potentialAction\":[{\"@type\":\"ReadAction\",\"target\":[\"https:\\\/\\\/www.inovallee.com\\\/cegelec-alpes-isere-filiale-du-groupe-vinci-energies-simplante-sur-inovallee-et-ouvre-ainsi-une-nouvelle-entreprise-tertiaire-sur-le-bassin-grenoblois\\\/\"]}]},{\"@type\":\"ImageObject\",\"inLanguage\":\"en-GB\",\"@id\":\"https:\\\/\\\/www.inovallee.com\\\/cegelec-alpes-isere-filiale-du-groupe-vinci-energies-simplante-sur-inovallee-et-ouvre-ainsi-une-nouvelle-entreprise-tertiaire-sur-le-bassin-grenoblois\\\/#primaryimage\",\"url\":\"https:\\\/\\\/www.inovallee.com\\\/wp-content\\\/uploads\\\/2025\\\/09\\\/XB-Cegelec-2015_05-Hopital_Chambery-60-scaled-1-scaled.webp\",\"contentUrl\":\"https:\\\/\\\/www.inovallee.com\\\/wp-content\\\/uploads\\\/2025\\\/09\\\/XB-Cegelec-2015_05-Hopital_Chambery-60-scaled-1-scaled.webp\",\"width\":2048,\"height\":1366},{\"@type\":\"BreadcrumbList\",\"@id\":\"https:\\\/\\\/www.inovallee.com\\\/cegelec-alpes-isere-filiale-du-groupe-vinci-energies-simplante-sur-inovallee-et-ouvre-ainsi-une-nouvelle-entreprise-tertiaire-sur-le-bassin-grenoblois\\\/#breadcrumb\",\"itemListElement\":[{\"@type\":\"ListItem\",\"position\":1,\"name\":\"Accueil\",\"item\":\"https:\\\/\\\/www.inovallee.com\\\/\"},{\"@type\":\"ListItem\",\"position\":2,\"name\":\"Cegelec Alpes Is\u00e8re, filiale du groupe VINCI Energies, s\u2019implante sur inovall\u00e9e et ouvre ainsi une nouvelle entreprise tertiaire sur le bassin grenoblois\"}]},{\"@type\":\"WebSite\",\"@id\":\"https:\\\/\\\/www.inovallee.com\\\/#website\",\"url\":\"https:\\\/\\\/www.inovallee.com\\\/\",\"name\":\"inovall\u00e9e technopole, Home to software & smart technologies\",\"description\":\"Home to software &amp; smart technologies\",\"publisher\":{\"@id\":\"https:\\\/\\\/www.inovallee.com\\\/#organization\"},\"potentialAction\":[{\"@type\":\"SearchAction\",\"target\":{\"@type\":\"EntryPoint\",\"urlTemplate\":\"https:\\\/\\\/www.inovallee.com\\\/?s={search_term_string}\"},\"query-input\":{\"@type\":\"PropertyValueSpecification\",\"valueRequired\":true,\"valueName\":\"search_term_string\"}}],\"inLanguage\":\"en-GB\"},{\"@type\":\"Organization\",\"@id\":\"https:\\\/\\\/www.inovallee.com\\\/#organization\",\"name\":\"inovall\u00e9e\",\"url\":\"https:\\\/\\\/www.inovallee.com\\\/\",\"logo\":{\"@type\":\"ImageObject\",\"inLanguage\":\"en-GB\",\"@id\":\"https:\\\/\\\/www.inovallee.com\\\/#\\\/schema\\\/logo\\\/image\\\/\",\"url\":\"https:\\\/\\\/www.inovallee.com\\\/wp-content\\\/uploads\\\/2023\\\/08\\\/inovallee_2022_GrenobleAlpes.png\",\"contentUrl\":\"https:\\\/\\\/www.inovallee.com\\\/wp-content\\\/uploads\\\/2023\\\/08\\\/inovallee_2022_GrenobleAlpes.png\",\"width\":945,\"height\":369,\"caption\":\"inovall\u00e9e\"},\"image\":{\"@id\":\"https:\\\/\\\/www.inovallee.com\\\/#\\\/schema\\\/logo\\\/image\\\/\"},\"sameAs\":[\"https:\\\/\\\/www.facebook.com\\\/technopoleinovallee\\\/\",\"https:\\\/\\\/x.com\\\/inovallee\",\"https:\\\/\\\/www.linkedin.com\\\/company\\\/inovall-e\\\/\",\"https:\\\/\\\/www.youtube.com\\\/user\\\/inovallee?reload=9\"]},{\"@type\":\"Person\",\"@id\":\"https:\\\/\\\/www.inovallee.com\\\/#\\\/schema\\\/person\\\/92dc7fd313568f5cc54aba72aba732fe\",\"name\":\"Margaux De la Fuente\"}]}<\/script>\n<!-- \/ Yoast SEO plugin. -->","yoast_head_json":{"title":"Cegelec Alpes Is\u00e8re, filiale du groupe VINCI Energies, s\u2019implante sur inovall\u00e9e et ouvre ainsi une nouvelle entreprise tertiaire sur le bassin grenoblois - inovall\u00e9e","description":"Filiale du groupe VINCI Energies, Cegelec Alpes Is\u00e8re a choisi inovall\u00e9e pour implanter sa nouvelle entit\u00e9 tertiaire, Dirig\u00e9e par R\u00e9mi Durix.","robots":{"index":"index","follow":"follow","max-snippet":"max-snippet:-1","max-image-preview":"max-image-preview:large","max-video-preview":"max-video-preview:-1"},"canonical":"https:\/\/www.inovallee.com\/en\/cegelec-alpes-isere-filiale-du-groupe-vinci-energies-simplante-sur-inovallee-et-ouvre-ainsi-une-nouvelle-entreprise-tertiaire-sur-le-bassin-grenoblois\/","og_locale":"en_GB","og_type":"article","og_title":"Cegelec Alpes Is\u00e8re, filiale du groupe VINCI Energies, s\u2019implante sur inovall\u00e9e et ouvre ainsi une nouvelle entreprise tertiaire sur le bassin grenoblois - inovall\u00e9e","og_description":"Filiale du groupe VINCI Energies, Cegelec Alpes Is\u00e8re a choisi inovall\u00e9e pour implanter sa nouvelle entit\u00e9 tertiaire, Dirig\u00e9e par R\u00e9mi Durix.","og_url":"https:\/\/www.inovallee.com\/en\/cegelec-alpes-isere-filiale-du-groupe-vinci-energies-simplante-sur-inovallee-et-ouvre-ainsi-une-nouvelle-entreprise-tertiaire-sur-le-bassin-grenoblois\/","og_site_name":"inovall\u00e9e","article_publisher":"https:\/\/www.facebook.com\/technopoleinovallee\/","article_published_time":"2025-09-23T09:04:32+00:00","article_modified_time":"2025-09-23T09:04:37+00:00","og_image":[{"width":2048,"height":1366,"url":"https:\/\/www.inovallee.com\/wp-content\/uploads\/2025\/09\/XB-Cegelec-2015_05-Hopital_Chambery-60-scaled-1-scaled.webp","type":"image\/webp"}],"author":"Margaux De la Fuente","twitter_card":"summary_large_image","twitter_creator":"@inovallee","twitter_site":"@inovallee","twitter_misc":{"Written by":"Margaux De la Fuente","Estimated reading time":"4 minutes"},"schema":{"@context":"https:\/\/schema.org","@graph":[{"@type":"Article","@id":"https:\/\/www.inovallee.com\/cegelec-alpes-isere-filiale-du-groupe-vinci-energies-simplante-sur-inovallee-et-ouvre-ainsi-une-nouvelle-entreprise-tertiaire-sur-le-bassin-grenoblois\/#article","isPartOf":{"@id":"https:\/\/www.inovallee.com\/cegelec-alpes-isere-filiale-du-groupe-vinci-energies-simplante-sur-inovallee-et-ouvre-ainsi-une-nouvelle-entreprise-tertiaire-sur-le-bassin-grenoblois\/"},"author":{"name":"Margaux De la Fuente","@id":"https:\/\/www.inovallee.com\/#\/schema\/person\/92dc7fd313568f5cc54aba72aba732fe"},"headline":"Cegelec Alpes Is\u00e8re, filiale du groupe VINCI Energies, s\u2019implante sur inovall\u00e9e et ouvre ainsi une nouvelle entreprise tertiaire sur le bassin grenoblois","datePublished":"2025-09-23T09:04:32+00:00","dateModified":"2025-09-23T09:04:37+00:00","mainEntityOfPage":{"@id":"https:\/\/www.inovallee.com\/cegelec-alpes-isere-filiale-du-groupe-vinci-energies-simplante-sur-inovallee-et-ouvre-ainsi-une-nouvelle-entreprise-tertiaire-sur-le-bassin-grenoblois\/"},"wordCount":787,"publisher":{"@id":"https:\/\/www.inovallee.com\/#organization"},"image":{"@id":"https:\/\/www.inovallee.com\/cegelec-alpes-isere-filiale-du-groupe-vinci-energies-simplante-sur-inovallee-et-ouvre-ainsi-une-nouvelle-entreprise-tertiaire-sur-le-bassin-grenoblois\/#primaryimage"},"thumbnailUrl":"https:\/\/www.inovallee.com\/wp-content\/uploads\/2025\/09\/XB-Cegelec-2015_05-Hopital_Chambery-60-scaled-1-scaled.webp","keywords":["cegelec"],"articleSection":["Arriv\u00e9es \/ d\u00e9parts (Implantations)","Technopole inovall\u00e9e"],"inLanguage":"en-GB"},{"@type":"WebPage","@id":"https:\/\/www.inovallee.com\/cegelec-alpes-isere-filiale-du-groupe-vinci-energies-simplante-sur-inovallee-et-ouvre-ainsi-une-nouvelle-entreprise-tertiaire-sur-le-bassin-grenoblois\/","url":"https:\/\/www.inovallee.com\/cegelec-alpes-isere-filiale-du-groupe-vinci-energies-simplante-sur-inovallee-et-ouvre-ainsi-une-nouvelle-entreprise-tertiaire-sur-le-bassin-grenoblois\/","name":"Cegelec Alpes Is\u00e8re, filiale du groupe VINCI Energies, s\u2019implante sur inovall\u00e9e et ouvre ainsi une nouvelle entreprise tertiaire sur le bassin grenoblois - inovall\u00e9e","isPartOf":{"@id":"https:\/\/www.inovallee.com\/#website"},"primaryImageOfPage":{"@id":"https:\/\/www.inovallee.com\/cegelec-alpes-isere-filiale-du-groupe-vinci-energies-simplante-sur-inovallee-et-ouvre-ainsi-une-nouvelle-entreprise-tertiaire-sur-le-bassin-grenoblois\/#primaryimage"},"image":{"@id":"https:\/\/www.inovallee.com\/cegelec-alpes-isere-filiale-du-groupe-vinci-energies-simplante-sur-inovallee-et-ouvre-ainsi-une-nouvelle-entreprise-tertiaire-sur-le-bassin-grenoblois\/#primaryimage"},"thumbnailUrl":"https:\/\/www.inovallee.com\/wp-content\/uploads\/2025\/09\/XB-Cegelec-2015_05-Hopital_Chambery-60-scaled-1-scaled.webp","datePublished":"2025-09-23T09:04:32+00:00","dateModified":"2025-09-23T09:04:37+00:00","description":"Filiale du groupe VINCI Energies, Cegelec Alpes Is\u00e8re a choisi inovall\u00e9e pour implanter sa nouvelle entit\u00e9 tertiaire, Dirig\u00e9e par R\u00e9mi Durix.","breadcrumb":{"@id":"https:\/\/www.inovallee.com\/cegelec-alpes-isere-filiale-du-groupe-vinci-energies-simplante-sur-inovallee-et-ouvre-ainsi-une-nouvelle-entreprise-tertiaire-sur-le-bassin-grenoblois\/#breadcrumb"},"inLanguage":"en-GB","potentialAction":[{"@type":"ReadAction","target":["https:\/\/www.inovallee.com\/cegelec-alpes-isere-filiale-du-groupe-vinci-energies-simplante-sur-inovallee-et-ouvre-ainsi-une-nouvelle-entreprise-tertiaire-sur-le-bassin-grenoblois\/"]}]},{"@type":"ImageObject","inLanguage":"en-GB","@id":"https:\/\/www.inovallee.com\/cegelec-alpes-isere-filiale-du-groupe-vinci-energies-simplante-sur-inovallee-et-ouvre-ainsi-une-nouvelle-entreprise-tertiaire-sur-le-bassin-grenoblois\/#primaryimage","url":"https:\/\/www.inovallee.com\/wp-content\/uploads\/2025\/09\/XB-Cegelec-2015_05-Hopital_Chambery-60-scaled-1-scaled.webp","contentUrl":"https:\/\/www.inovallee.com\/wp-content\/uploads\/2025\/09\/XB-Cegelec-2015_05-Hopital_Chambery-60-scaled-1-scaled.webp","width":2048,"height":1366},{"@type":"BreadcrumbList","@id":"https:\/\/www.inovallee.com\/cegelec-alpes-isere-filiale-du-groupe-vinci-energies-simplante-sur-inovallee-et-ouvre-ainsi-une-nouvelle-entreprise-tertiaire-sur-le-bassin-grenoblois\/#breadcrumb","itemListElement":[{"@type":"ListItem","position":1,"name":"Accueil","item":"https:\/\/www.inovallee.com\/"},{"@type":"ListItem","position":2,"name":"Cegelec Alpes Is\u00e8re, filiale du groupe VINCI Energies, s\u2019implante sur inovall\u00e9e et ouvre ainsi une nouvelle entreprise tertiaire sur le bassin grenoblois"}]},{"@type":"WebSite","@id":"https:\/\/www.inovallee.com\/#website","url":"https:\/\/www.inovallee.com\/","name":"inovall\u00e9e technopole, Home to software & smart technologies","description":"Home to software &amp; smart technologies","publisher":{"@id":"https:\/\/www.inovallee.com\/#organization"},"potentialAction":[{"@type":"SearchAction","target":{"@type":"EntryPoint","urlTemplate":"https:\/\/www.inovallee.com\/?s={search_term_string}"},"query-input":{"@type":"PropertyValueSpecification","valueRequired":true,"valueName":"search_term_string"}}],"inLanguage":"en-GB"},{"@type":"Organization","@id":"https:\/\/www.inovallee.com\/#organization","name":"inovall\u00e9e","url":"https:\/\/www.inovallee.com\/","logo":{"@type":"ImageObject","inLanguage":"en-GB","@id":"https:\/\/www.inovallee.com\/#\/schema\/logo\/image\/","url":"https:\/\/www.inovallee.com\/wp-content\/uploads\/2023\/08\/inovallee_2022_GrenobleAlpes.png","contentUrl":"https:\/\/www.inovallee.com\/wp-content\/uploads\/2023\/08\/inovallee_2022_GrenobleAlpes.png","width":945,"height":369,"caption":"inovall\u00e9e"},"image":{"@id":"https:\/\/www.inovallee.com\/#\/schema\/logo\/image\/"},"sameAs":["https:\/\/www.facebook.com\/technopoleinovallee\/","https:\/\/x.com\/inovallee","https:\/\/www.linkedin.com\/company\/inovall-e\/","https:\/\/www.youtube.com\/user\/inovallee?reload=9"]},{"@type":"Person","@id":"https:\/\/www.inovallee.com\/#\/schema\/person\/92dc7fd313568f5cc54aba72aba732fe","name":"Margaux De la Fuente"}]}},"_links":{"self":[{"href":"http:\/\/www.inovallee.com\/en\/wp-json\/wp\/v2\/posts\/61243","targetHints":{"allow":["GET"]}}],"collection":[{"href":"http:\/\/www.inovallee.com\/en\/wp-json\/wp\/v2\/posts"}],"about":[{"href":"http:\/\/www.inovallee.com\/en\/wp-json\/wp\/v2\/types\/post"}],"author":[{"embeddable":true,"href":"http:\/\/www.inovallee.com\/en\/wp-json\/wp\/v2\/users\/18"}],"replies":[{"embeddable":true,"href":"http:\/\/www.inovallee.com\/en\/wp-json\/wp\/v2\/comments?post=61243"}],"version-history":[{"count":1,"href":"http:\/\/www.inovallee.com\/en\/wp-json\/wp\/v2\/posts\/61243\/revisions"}],"predecessor-version":[{"id":61245,"href":"http:\/\/www.inovallee.com\/en\/wp-json\/wp\/v2\/posts\/61243\/revisions\/61245"}],"wp:featuredmedia":[{"embeddable":true,"href":"http:\/\/www.inovallee.com\/en\/wp-json\/wp\/v2\/media\/61244"}],"wp:attachment":[{"href":"http:\/\/www.inovallee.com\/en\/wp-json\/wp\/v2\/media?parent=61243"}],"wp:term":[{"taxonomy":"category","embeddable":true,"href":"http:\/\/www.inovallee.com\/en\/wp-json\/wp\/v2\/categories?post=61243"},{"taxonomy":"post_tag","embeddable":true,"href":"http:\/\/www.inovallee.com\/en\/wp-json\/wp\/v2\/tags?post=61243"}],"curies":[{"name":"wp","href":"https:\/\/api.w.org\/{rel}","templated":true}]}}