{"id":61504,"date":"2025-10-27T14:59:04","date_gmt":"2025-10-27T13:59:04","guid":{"rendered":"https:\/\/www.inovallee.com\/?p=61504"},"modified":"2025-10-27T15:05:24","modified_gmt":"2025-10-27T14:05:24","slug":"cdi-flex-celebre-5-ans-daventure-humaine-au-service-de-lemployabilite-durable","status":"publish","type":"post","link":"http:\/\/www.inovallee.com\/en\/cdi-flex-celebre-5-ans-daventure-humaine-au-service-de-lemployabilite-durable\/","title":{"rendered":"CDI Flex c\u00e9l\u00e8bre 5 ans d\u2019aventure humaine au service de l\u2019employabilit\u00e9 durable"},"content":{"rendered":"<h3 class=\"wp-block-heading\"><strong>Une belle r\u00e9ussite n\u00e9e d\u2019une intuition visionnaire du groupe ACE<\/strong><\/h3>\n\n\n\n<p>Cinq ans d\u00e9j\u00e0 ! <a href=\"https:\/\/www.cdiflex.fr\/\">CDI Flex<\/a>, la filiale du groupe ACE Emploi d\u00e9di\u00e9e \u00e0 la flexibilit\u00e9 durable, a c\u00e9l\u00e9br\u00e9 son anniversaire ce jeudi soir au Saint Augustin, entour\u00e9e d\u2019une cinquantaine de clients, partenaires et collaborateurs. Une soir\u00e9e plac\u00e9e sous le signe de la simplicit\u00e9 et de la convivialit\u00e9 \u2014 \u00e0 l\u2019image des valeurs humaines qui font la force de cette entreprise familiale is\u00e9roise.<\/p>\n\n\n\n<h3 class=\"wp-block-heading\"><strong>Une aventure n\u00e9e juste avant la temp\u00eate Covid<\/strong><\/h3>\n\n\n\n<p>\u00ab Cinq ans d\u2019une aventure humaine et professionnelle incroyable ! \u00bb a rappel\u00e9 Caroline Malerba, pr\u00e9sidente du groupe ACE. Lanc\u00e9e en mars 2020, \u00e0 la veille du confinement, CDI Flex na\u00eet dans un contexte pour le moins incertain. Mais son id\u00e9e fondatrice, elle, s\u2019impose avec \u00e9vidence : s\u00e9curiser l\u2019emploi des int\u00e9rimaires tout en offrant souplesse et agilit\u00e9 aux entreprises.<\/p>\n\n\n\n<p>\u00ab L\u2019employabilit\u00e9 durable, c\u2019est le c\u0153ur de notre mission \u00bb, souligne Caroline Malerba. Avec ses 8 agences en Is\u00e8re, une nouvelle implantation dans la Dr\u00f4me et son organisme de formation Prodefi, le groupe ACE a su b\u00e2tir un \u00e9cosyst\u00e8me complet au service du recrutement : sourcing et int\u00e9rim avec ACE Emploi, s\u00e9curisation des parcours avec CDI Flex, et formation des talents de demain avec Prodefi.<\/p>\n\n\n\n<h3 class=\"wp-block-heading\"><strong>Une success story port\u00e9e par la confiance et la proximit\u00e9<\/strong><\/h3>\n\n\n\n<p>\u00c0 la t\u00eate de CDI Flex, Patrick F\u00e9aud a tenu \u00e0 remercier \u00ab les clients, les partenaires et toute l\u2019\u00e9quipe du groupe ACE qui nous soutient depuis le d\u00e9but \u00bb. Aux c\u00f4t\u00e9s de Jos\u00e9phine et Laurine, il forme une \u00e9quipe soud\u00e9e qui a su relever tous les d\u00e9fis : cr\u00e9er une activit\u00e9 nouvelle, en pleine crise sanitaire, et convaincre par une solution innovante et flexible qui r\u00e9pond aux besoins r\u00e9els du terrain.<\/p>\n\n\n\n<p>En cinq ans, CDI Flex a connu une croissance soutenue, port\u00e9e par la confiance de ses clients et des valeurs humaines fortes : engagement, confiance, accompagnement.<br>Un t\u00e9moignage \u00e9loquent est venu de Fabienne, collaboratrice d\u2019Air Liquide : \u00ab Nous travaillons ensemble depuis 2003\u2026 et aujourd\u2019hui, c\u2019est bien plus qu\u2019un partenariat professionnel, c\u2019est une amiti\u00e9. \u00bb<\/p>\n\n\n\n<h3 class=\"wp-block-heading\"><strong>La \u201cFlex S\u00e9curit\u00e9 \u00e0 la fran\u00e7aise\u201d<\/strong><\/h3>\n\n\n\n<figure class=\"wp-block-image size-full\"><img fetchpriority=\"high\" decoding=\"async\" width=\"756\" height=\"567\" src=\"https:\/\/www.inovallee.com\/wp-content\/uploads\/2025\/10\/image-15.jpeg\" alt=\"\" class=\"wp-image-61506\" srcset=\"https:\/\/www.inovallee.com\/wp-content\/uploads\/2025\/10\/image-15.jpeg 756w, https:\/\/www.inovallee.com\/wp-content\/uploads\/2025\/10\/image-15-300x225.jpeg 300w, https:\/\/www.inovallee.com\/wp-content\/uploads\/2025\/10\/image-15-16x12.jpeg 16w\" sizes=\"(max-width: 756px) 100vw, 756px\" \/><\/figure>\n\n\n\n<p>Pour Jacques Malerba, fondateur visionnaire du groupe ACE, CDI Flex incarne une r\u00e9ussite \u00e0 la fran\u00e7aise : \u00ab La flex s\u00e9curit\u00e9 ! \u00bb. Il se souvient des d\u00e9buts : \u00ab Ce n\u2019\u00e9tait pas toujours facile de r\u00e9pondre aux demandes des clients, mais nous avons toujours trouv\u00e9 un terrain d\u2019entente. \u00bb Et de rendre hommage \u00e0 sa fille Caroline, pour son engagement dans l\u2019\u00e9volution de la r\u00e9glementation au sein du syndicat des entreprises durables, qui a permis de lancer l\u2019exp\u00e9rimentation du CDI \u00e0 des fins d\u2019employabilit\u00e9.<br>\u00ab Soyez forts ! \u00bb, a-t-il lanc\u00e9 en conclusion, saluant la pers\u00e9v\u00e9rance et la passion des \u00e9quipes.<\/p>\n\n\n\n<h3 class=\"wp-block-heading\"><strong>5 ans d\u2019une belle histoire\u2026 et d\u00e9j\u00e0 tourn\u00e9s vers l\u2019avenir<\/strong><\/h3>\n\n\n\n<p>Cinq ans apr\u00e8s sa cr\u00e9ation, CDI Flex incarne plus que jamais l\u2019esprit d\u2019innovation sociale et d\u2019ancrage humain du groupe ACE. Une r\u00e9ussite collective, construite sur la proximit\u00e9, la confiance et l\u2019envie sinc\u00e8re d\u2019accompagner durablement les talents et les entreprises du territoire.<\/p>\n\n\n\n<p>Et comme l\u2019a joliment r\u00e9sum\u00e9 Patrick F\u00e9aud : \u00ab Ce soir, on c\u00e9l\u00e8bre une belle histoire\u2026 mais surtout, on regarde d\u00e9j\u00e0 devant. \u00bb<\/p>","protected":false},"excerpt":{"rendered":"<p>Une belle r\u00e9ussite n\u00e9e d\u2019une intuition visionnaire du groupe ACE Cinq ans d\u00e9j\u00e0 ! CDI Flex, la filiale du groupe ACE Emploi d\u00e9di\u00e9e \u00e0 la flexibilit\u00e9 durable, a c\u00e9l\u00e9br\u00e9 son anniversaire ce jeudi soir au Saint Augustin, entour\u00e9e d\u2019une cinquantaine de clients, partenaires et collaborateurs. Une soir\u00e9e plac\u00e9e sous le signe de la simplicit\u00e9 et [&hellip;]<\/p>\n","protected":false},"author":18,"featured_media":61505,"comment_status":"closed","ping_status":"open","sticky":false,"template":"","format":"standard","meta":{"footnotes":""},"categories":[31],"tags":[3089],"class_list":["post-61504","post","type-post","status-publish","format-standard","has-post-thumbnail","hentry","category-vie-technopole-inovallee","tag-cdiflex"],"yoast_head":"<!-- This site is optimized with the Yoast SEO plugin v27.4 - https:\/\/yoast.com\/product\/yoast-seo-wordpress\/ -->\n<title>CDI Flex c\u00e9l\u00e8bre 5 ans d\u2019aventure humaine au service de l\u2019employabilit\u00e9 durable - inovall\u00e9e<\/title>\n<meta name=\"description\" content=\"CDI Flex, la filiale du groupe ACE Emploi d\u00e9di\u00e9e \u00e0 la flexibilit\u00e9 durable, a c\u00e9l\u00e9br\u00e9 son anniversaire ce jeudi soir.\" \/>\n<meta name=\"robots\" content=\"index, follow, max-snippet:-1, max-image-preview:large, max-video-preview:-1\" \/>\n<link rel=\"canonical\" href=\"https:\/\/www.inovallee.com\/en\/cdi-flex-celebre-5-ans-daventure-humaine-au-service-de-lemployabilite-durable\/\" \/>\n<meta property=\"og:locale\" content=\"en_GB\" \/>\n<meta property=\"og:type\" content=\"article\" \/>\n<meta property=\"og:title\" content=\"CDI Flex c\u00e9l\u00e8bre 5 ans d\u2019aventure humaine au service de l\u2019employabilit\u00e9 durable - inovall\u00e9e\" \/>\n<meta property=\"og:description\" content=\"CDI Flex, la filiale du groupe ACE Emploi d\u00e9di\u00e9e \u00e0 la flexibilit\u00e9 durable, a c\u00e9l\u00e9br\u00e9 son anniversaire ce jeudi soir.\" \/>\n<meta property=\"og:url\" content=\"https:\/\/www.inovallee.com\/en\/cdi-flex-celebre-5-ans-daventure-humaine-au-service-de-lemployabilite-durable\/\" \/>\n<meta property=\"og:site_name\" content=\"inovall\u00e9e\" \/>\n<meta property=\"article:publisher\" content=\"https:\/\/www.facebook.com\/technopoleinovallee\/\" \/>\n<meta property=\"article:published_time\" content=\"2025-10-27T13:59:04+00:00\" \/>\n<meta property=\"article:modified_time\" content=\"2025-10-27T14:05:24+00:00\" \/>\n<meta property=\"og:image\" content=\"https:\/\/www.inovallee.com\/wp-content\/uploads\/2025\/10\/image-14.jpeg\" \/>\n\t<meta property=\"og:image:width\" content=\"756\" \/>\n\t<meta property=\"og:image:height\" content=\"567\" \/>\n\t<meta property=\"og:image:type\" content=\"image\/jpeg\" \/>\n<meta name=\"author\" content=\"Margaux De la Fuente\" \/>\n<meta name=\"twitter:card\" content=\"summary_large_image\" \/>\n<meta name=\"twitter:creator\" content=\"@inovallee\" \/>\n<meta name=\"twitter:site\" content=\"@inovallee\" \/>\n<meta name=\"twitter:label1\" content=\"Written by\" \/>\n\t<meta name=\"twitter:data1\" content=\"Margaux De la Fuente\" \/>\n\t<meta name=\"twitter:label2\" content=\"Estimated reading time\" \/>\n\t<meta name=\"twitter:data2\" content=\"3 minutes\" \/>\n<script type=\"application\/ld+json\" class=\"yoast-schema-graph\">{\"@context\":\"https:\\\/\\\/schema.org\",\"@graph\":[{\"@type\":\"Article\",\"@id\":\"https:\\\/\\\/www.inovallee.com\\\/cdi-flex-celebre-5-ans-daventure-humaine-au-service-de-lemployabilite-durable\\\/#article\",\"isPartOf\":{\"@id\":\"https:\\\/\\\/www.inovallee.com\\\/cdi-flex-celebre-5-ans-daventure-humaine-au-service-de-lemployabilite-durable\\\/\"},\"author\":{\"name\":\"Margaux De la Fuente\",\"@id\":\"https:\\\/\\\/www.inovallee.com\\\/#\\\/schema\\\/person\\\/92dc7fd313568f5cc54aba72aba732fe\"},\"headline\":\"CDI Flex c\u00e9l\u00e8bre 5 ans d\u2019aventure humaine au service de l\u2019employabilit\u00e9 durable\",\"datePublished\":\"2025-10-27T13:59:04+00:00\",\"dateModified\":\"2025-10-27T14:05:24+00:00\",\"mainEntityOfPage\":{\"@id\":\"https:\\\/\\\/www.inovallee.com\\\/cdi-flex-celebre-5-ans-daventure-humaine-au-service-de-lemployabilite-durable\\\/\"},\"wordCount\":586,\"publisher\":{\"@id\":\"https:\\\/\\\/www.inovallee.com\\\/#organization\"},\"image\":{\"@id\":\"https:\\\/\\\/www.inovallee.com\\\/cdi-flex-celebre-5-ans-daventure-humaine-au-service-de-lemployabilite-durable\\\/#primaryimage\"},\"thumbnailUrl\":\"https:\\\/\\\/www.inovallee.com\\\/wp-content\\\/uploads\\\/2025\\\/10\\\/image-14.jpeg\",\"keywords\":[\"cdiflex\"],\"articleSection\":[\"Vie de la technopole inovall\u00e9e\"],\"inLanguage\":\"en-GB\"},{\"@type\":\"WebPage\",\"@id\":\"https:\\\/\\\/www.inovallee.com\\\/cdi-flex-celebre-5-ans-daventure-humaine-au-service-de-lemployabilite-durable\\\/\",\"url\":\"https:\\\/\\\/www.inovallee.com\\\/cdi-flex-celebre-5-ans-daventure-humaine-au-service-de-lemployabilite-durable\\\/\",\"name\":\"CDI Flex c\u00e9l\u00e8bre 5 ans d\u2019aventure humaine au service de l\u2019employabilit\u00e9 durable - inovall\u00e9e\",\"isPartOf\":{\"@id\":\"https:\\\/\\\/www.inovallee.com\\\/#website\"},\"primaryImageOfPage\":{\"@id\":\"https:\\\/\\\/www.inovallee.com\\\/cdi-flex-celebre-5-ans-daventure-humaine-au-service-de-lemployabilite-durable\\\/#primaryimage\"},\"image\":{\"@id\":\"https:\\\/\\\/www.inovallee.com\\\/cdi-flex-celebre-5-ans-daventure-humaine-au-service-de-lemployabilite-durable\\\/#primaryimage\"},\"thumbnailUrl\":\"https:\\\/\\\/www.inovallee.com\\\/wp-content\\\/uploads\\\/2025\\\/10\\\/image-14.jpeg\",\"datePublished\":\"2025-10-27T13:59:04+00:00\",\"dateModified\":\"2025-10-27T14:05:24+00:00\",\"description\":\"CDI Flex, la filiale du groupe ACE Emploi d\u00e9di\u00e9e \u00e0 la flexibilit\u00e9 durable, a c\u00e9l\u00e9br\u00e9 son anniversaire ce jeudi soir.\",\"breadcrumb\":{\"@id\":\"https:\\\/\\\/www.inovallee.com\\\/cdi-flex-celebre-5-ans-daventure-humaine-au-service-de-lemployabilite-durable\\\/#breadcrumb\"},\"inLanguage\":\"en-GB\",\"potentialAction\":[{\"@type\":\"ReadAction\",\"target\":[\"https:\\\/\\\/www.inovallee.com\\\/cdi-flex-celebre-5-ans-daventure-humaine-au-service-de-lemployabilite-durable\\\/\"]}]},{\"@type\":\"ImageObject\",\"inLanguage\":\"en-GB\",\"@id\":\"https:\\\/\\\/www.inovallee.com\\\/cdi-flex-celebre-5-ans-daventure-humaine-au-service-de-lemployabilite-durable\\\/#primaryimage\",\"url\":\"https:\\\/\\\/www.inovallee.com\\\/wp-content\\\/uploads\\\/2025\\\/10\\\/image-14.jpeg\",\"contentUrl\":\"https:\\\/\\\/www.inovallee.com\\\/wp-content\\\/uploads\\\/2025\\\/10\\\/image-14.jpeg\",\"width\":756,\"height\":567},{\"@type\":\"BreadcrumbList\",\"@id\":\"https:\\\/\\\/www.inovallee.com\\\/cdi-flex-celebre-5-ans-daventure-humaine-au-service-de-lemployabilite-durable\\\/#breadcrumb\",\"itemListElement\":[{\"@type\":\"ListItem\",\"position\":1,\"name\":\"Accueil\",\"item\":\"https:\\\/\\\/www.inovallee.com\\\/\"},{\"@type\":\"ListItem\",\"position\":2,\"name\":\"CDI Flex c\u00e9l\u00e8bre 5 ans d\u2019aventure humaine au service de l\u2019employabilit\u00e9 durable\"}]},{\"@type\":\"WebSite\",\"@id\":\"https:\\\/\\\/www.inovallee.com\\\/#website\",\"url\":\"https:\\\/\\\/www.inovallee.com\\\/\",\"name\":\"inovall\u00e9e technopole, Home to software & smart technologies\",\"description\":\"Home to software &amp; smart technologies\",\"publisher\":{\"@id\":\"https:\\\/\\\/www.inovallee.com\\\/#organization\"},\"potentialAction\":[{\"@type\":\"SearchAction\",\"target\":{\"@type\":\"EntryPoint\",\"urlTemplate\":\"https:\\\/\\\/www.inovallee.com\\\/?s={search_term_string}\"},\"query-input\":{\"@type\":\"PropertyValueSpecification\",\"valueRequired\":true,\"valueName\":\"search_term_string\"}}],\"inLanguage\":\"en-GB\"},{\"@type\":\"Organization\",\"@id\":\"https:\\\/\\\/www.inovallee.com\\\/#organization\",\"name\":\"inovall\u00e9e\",\"url\":\"https:\\\/\\\/www.inovallee.com\\\/\",\"logo\":{\"@type\":\"ImageObject\",\"inLanguage\":\"en-GB\",\"@id\":\"https:\\\/\\\/www.inovallee.com\\\/#\\\/schema\\\/logo\\\/image\\\/\",\"url\":\"https:\\\/\\\/www.inovallee.com\\\/wp-content\\\/uploads\\\/2023\\\/08\\\/inovallee_2022_GrenobleAlpes.png\",\"contentUrl\":\"https:\\\/\\\/www.inovallee.com\\\/wp-content\\\/uploads\\\/2023\\\/08\\\/inovallee_2022_GrenobleAlpes.png\",\"width\":945,\"height\":369,\"caption\":\"inovall\u00e9e\"},\"image\":{\"@id\":\"https:\\\/\\\/www.inovallee.com\\\/#\\\/schema\\\/logo\\\/image\\\/\"},\"sameAs\":[\"https:\\\/\\\/www.facebook.com\\\/technopoleinovallee\\\/\",\"https:\\\/\\\/x.com\\\/inovallee\",\"https:\\\/\\\/www.linkedin.com\\\/company\\\/inovall-e\\\/\",\"https:\\\/\\\/www.youtube.com\\\/user\\\/inovallee?reload=9\"]},{\"@type\":\"Person\",\"@id\":\"https:\\\/\\\/www.inovallee.com\\\/#\\\/schema\\\/person\\\/92dc7fd313568f5cc54aba72aba732fe\",\"name\":\"Margaux De la Fuente\"}]}<\/script>\n<!-- \/ Yoast SEO plugin. -->","yoast_head_json":{"title":"CDI Flex c\u00e9l\u00e8bre 5 ans d\u2019aventure humaine au service de l\u2019employabilit\u00e9 durable - inovall\u00e9e","description":"CDI Flex, la filiale du groupe ACE Emploi d\u00e9di\u00e9e \u00e0 la flexibilit\u00e9 durable, a c\u00e9l\u00e9br\u00e9 son anniversaire ce jeudi soir.","robots":{"index":"index","follow":"follow","max-snippet":"max-snippet:-1","max-image-preview":"max-image-preview:large","max-video-preview":"max-video-preview:-1"},"canonical":"https:\/\/www.inovallee.com\/en\/cdi-flex-celebre-5-ans-daventure-humaine-au-service-de-lemployabilite-durable\/","og_locale":"en_GB","og_type":"article","og_title":"CDI Flex c\u00e9l\u00e8bre 5 ans d\u2019aventure humaine au service de l\u2019employabilit\u00e9 durable - inovall\u00e9e","og_description":"CDI Flex, la filiale du groupe ACE Emploi d\u00e9di\u00e9e \u00e0 la flexibilit\u00e9 durable, a c\u00e9l\u00e9br\u00e9 son anniversaire ce jeudi soir.","og_url":"https:\/\/www.inovallee.com\/en\/cdi-flex-celebre-5-ans-daventure-humaine-au-service-de-lemployabilite-durable\/","og_site_name":"inovall\u00e9e","article_publisher":"https:\/\/www.facebook.com\/technopoleinovallee\/","article_published_time":"2025-10-27T13:59:04+00:00","article_modified_time":"2025-10-27T14:05:24+00:00","og_image":[{"width":756,"height":567,"url":"https:\/\/www.inovallee.com\/wp-content\/uploads\/2025\/10\/image-14.jpeg","type":"image\/jpeg"}],"author":"Margaux De la Fuente","twitter_card":"summary_large_image","twitter_creator":"@inovallee","twitter_site":"@inovallee","twitter_misc":{"Written by":"Margaux De la Fuente","Estimated reading time":"3 minutes"},"schema":{"@context":"https:\/\/schema.org","@graph":[{"@type":"Article","@id":"https:\/\/www.inovallee.com\/cdi-flex-celebre-5-ans-daventure-humaine-au-service-de-lemployabilite-durable\/#article","isPartOf":{"@id":"https:\/\/www.inovallee.com\/cdi-flex-celebre-5-ans-daventure-humaine-au-service-de-lemployabilite-durable\/"},"author":{"name":"Margaux De la Fuente","@id":"https:\/\/www.inovallee.com\/#\/schema\/person\/92dc7fd313568f5cc54aba72aba732fe"},"headline":"CDI Flex c\u00e9l\u00e8bre 5 ans d\u2019aventure humaine au service de l\u2019employabilit\u00e9 durable","datePublished":"2025-10-27T13:59:04+00:00","dateModified":"2025-10-27T14:05:24+00:00","mainEntityOfPage":{"@id":"https:\/\/www.inovallee.com\/cdi-flex-celebre-5-ans-daventure-humaine-au-service-de-lemployabilite-durable\/"},"wordCount":586,"publisher":{"@id":"https:\/\/www.inovallee.com\/#organization"},"image":{"@id":"https:\/\/www.inovallee.com\/cdi-flex-celebre-5-ans-daventure-humaine-au-service-de-lemployabilite-durable\/#primaryimage"},"thumbnailUrl":"https:\/\/www.inovallee.com\/wp-content\/uploads\/2025\/10\/image-14.jpeg","keywords":["cdiflex"],"articleSection":["Vie de la technopole inovall\u00e9e"],"inLanguage":"en-GB"},{"@type":"WebPage","@id":"https:\/\/www.inovallee.com\/cdi-flex-celebre-5-ans-daventure-humaine-au-service-de-lemployabilite-durable\/","url":"https:\/\/www.inovallee.com\/cdi-flex-celebre-5-ans-daventure-humaine-au-service-de-lemployabilite-durable\/","name":"CDI Flex c\u00e9l\u00e8bre 5 ans d\u2019aventure humaine au service de l\u2019employabilit\u00e9 durable - inovall\u00e9e","isPartOf":{"@id":"https:\/\/www.inovallee.com\/#website"},"primaryImageOfPage":{"@id":"https:\/\/www.inovallee.com\/cdi-flex-celebre-5-ans-daventure-humaine-au-service-de-lemployabilite-durable\/#primaryimage"},"image":{"@id":"https:\/\/www.inovallee.com\/cdi-flex-celebre-5-ans-daventure-humaine-au-service-de-lemployabilite-durable\/#primaryimage"},"thumbnailUrl":"https:\/\/www.inovallee.com\/wp-content\/uploads\/2025\/10\/image-14.jpeg","datePublished":"2025-10-27T13:59:04+00:00","dateModified":"2025-10-27T14:05:24+00:00","description":"CDI Flex, la filiale du groupe ACE Emploi d\u00e9di\u00e9e \u00e0 la flexibilit\u00e9 durable, a c\u00e9l\u00e9br\u00e9 son anniversaire ce jeudi soir.","breadcrumb":{"@id":"https:\/\/www.inovallee.com\/cdi-flex-celebre-5-ans-daventure-humaine-au-service-de-lemployabilite-durable\/#breadcrumb"},"inLanguage":"en-GB","potentialAction":[{"@type":"ReadAction","target":["https:\/\/www.inovallee.com\/cdi-flex-celebre-5-ans-daventure-humaine-au-service-de-lemployabilite-durable\/"]}]},{"@type":"ImageObject","inLanguage":"en-GB","@id":"https:\/\/www.inovallee.com\/cdi-flex-celebre-5-ans-daventure-humaine-au-service-de-lemployabilite-durable\/#primaryimage","url":"https:\/\/www.inovallee.com\/wp-content\/uploads\/2025\/10\/image-14.jpeg","contentUrl":"https:\/\/www.inovallee.com\/wp-content\/uploads\/2025\/10\/image-14.jpeg","width":756,"height":567},{"@type":"BreadcrumbList","@id":"https:\/\/www.inovallee.com\/cdi-flex-celebre-5-ans-daventure-humaine-au-service-de-lemployabilite-durable\/#breadcrumb","itemListElement":[{"@type":"ListItem","position":1,"name":"Accueil","item":"https:\/\/www.inovallee.com\/"},{"@type":"ListItem","position":2,"name":"CDI Flex c\u00e9l\u00e8bre 5 ans d\u2019aventure humaine au service de l\u2019employabilit\u00e9 durable"}]},{"@type":"WebSite","@id":"https:\/\/www.inovallee.com\/#website","url":"https:\/\/www.inovallee.com\/","name":"inovall\u00e9e technopole, Home to software & smart technologies","description":"Home to software &amp; smart technologies","publisher":{"@id":"https:\/\/www.inovallee.com\/#organization"},"potentialAction":[{"@type":"SearchAction","target":{"@type":"EntryPoint","urlTemplate":"https:\/\/www.inovallee.com\/?s={search_term_string}"},"query-input":{"@type":"PropertyValueSpecification","valueRequired":true,"valueName":"search_term_string"}}],"inLanguage":"en-GB"},{"@type":"Organization","@id":"https:\/\/www.inovallee.com\/#organization","name":"inovall\u00e9e","url":"https:\/\/www.inovallee.com\/","logo":{"@type":"ImageObject","inLanguage":"en-GB","@id":"https:\/\/www.inovallee.com\/#\/schema\/logo\/image\/","url":"https:\/\/www.inovallee.com\/wp-content\/uploads\/2023\/08\/inovallee_2022_GrenobleAlpes.png","contentUrl":"https:\/\/www.inovallee.com\/wp-content\/uploads\/2023\/08\/inovallee_2022_GrenobleAlpes.png","width":945,"height":369,"caption":"inovall\u00e9e"},"image":{"@id":"https:\/\/www.inovallee.com\/#\/schema\/logo\/image\/"},"sameAs":["https:\/\/www.facebook.com\/technopoleinovallee\/","https:\/\/x.com\/inovallee","https:\/\/www.linkedin.com\/company\/inovall-e\/","https:\/\/www.youtube.com\/user\/inovallee?reload=9"]},{"@type":"Person","@id":"https:\/\/www.inovallee.com\/#\/schema\/person\/92dc7fd313568f5cc54aba72aba732fe","name":"Margaux De la Fuente"}]}},"_links":{"self":[{"href":"http:\/\/www.inovallee.com\/en\/wp-json\/wp\/v2\/posts\/61504","targetHints":{"allow":["GET"]}}],"collection":[{"href":"http:\/\/www.inovallee.com\/en\/wp-json\/wp\/v2\/posts"}],"about":[{"href":"http:\/\/www.inovallee.com\/en\/wp-json\/wp\/v2\/types\/post"}],"author":[{"embeddable":true,"href":"http:\/\/www.inovallee.com\/en\/wp-json\/wp\/v2\/users\/18"}],"replies":[{"embeddable":true,"href":"http:\/\/www.inovallee.com\/en\/wp-json\/wp\/v2\/comments?post=61504"}],"version-history":[{"count":2,"href":"http:\/\/www.inovallee.com\/en\/wp-json\/wp\/v2\/posts\/61504\/revisions"}],"predecessor-version":[{"id":61511,"href":"http:\/\/www.inovallee.com\/en\/wp-json\/wp\/v2\/posts\/61504\/revisions\/61511"}],"wp:featuredmedia":[{"embeddable":true,"href":"http:\/\/www.inovallee.com\/en\/wp-json\/wp\/v2\/media\/61505"}],"wp:attachment":[{"href":"http:\/\/www.inovallee.com\/en\/wp-json\/wp\/v2\/media?parent=61504"}],"wp:term":[{"taxonomy":"category","embeddable":true,"href":"http:\/\/www.inovallee.com\/en\/wp-json\/wp\/v2\/categories?post=61504"},{"taxonomy":"post_tag","embeddable":true,"href":"http:\/\/www.inovallee.com\/en\/wp-json\/wp\/v2\/tags?post=61504"}],"curies":[{"name":"wp","href":"https:\/\/api.w.org\/{rel}","templated":true}]}}