{"id":61524,"date":"2025-10-27T16:21:09","date_gmt":"2025-10-27T15:21:09","guid":{"rendered":"https:\/\/www.inovallee.com\/?p=61524"},"modified":"2025-10-27T16:21:11","modified_gmt":"2025-10-27T15:21:11","slug":"retour-de-lorange-open-day-sur-le-site-dinovallee-meylan-le-4-decembre-prochain-une-journee-ouverte-a-tous-pour-interroger-linnovation-sous-tous-ses-angles","status":"publish","type":"post","link":"http:\/\/www.inovallee.com\/en\/retour-de-lorange-open-day-sur-le-site-dinovallee-meylan-le-4-decembre-prochain-une-journee-ouverte-a-tous-pour-interroger-linnovation-sous-tous-ses-angles\/","title":{"rendered":"Retour de l\u2019Orange Open Day\u00a0sur le site d\u2019inovall\u00e9e Meylan\u00a0le 4 d\u00e9cembre prochain : une journ\u00e9e ouverte \u00e0 tous pour interroger l\u2019innovation sous tous ses angles"},"content":{"rendered":"<p>Fort du succ\u00e8s de la premi\u00e8re \u00e9dition, les \u00e9quipes innovation du site Orange 3 massifs \u00e0 Meylan r\u00e9unit de nouveau des experts et expertes de tous horizons le 4 d\u00e9cembre prochain pour partager connaissances et exp\u00e9riences.<\/p>\n\n\n\n<p>Orange accueillera notamment Norbert Alter, sociologue, conf\u00e9rencier, professeur des universit\u00e9s et auteur de nombreux ouvrages pour une keynote inspirante sur l\u2019innovation.<\/p>\n\n\n\n<p>S\u2019en suivra un programme riche en surprises qui permettront d\u2019explorer des sujets aussi divers que&nbsp;:<\/p>\n\n\n\n<ul class=\"wp-block-list\">\n<li>Le Scrum Master dans toutes ses postures,<\/li>\n\n\n\n<li>Cultiver son Backlog<\/li>\n\n\n\n<li>OS Embarqu\u00e9s : Les coulisses des objets connect\u00e9s<\/li>\n\n\n\n<li>R\u00e9v\u00e9ler son potentiel int\u00e9rieur : un voyage entre conscience, \u00e9nergie et action<\/li>\n\n\n\n<li>DevSecOps Journey to the Summit &#8211; Rapport d&rsquo;exp\u00e9ditions<\/li>\n\n\n\n<li>Trunk Based Development\u00a0: all\u00e9gez votre Git<\/li>\n\n\n\n<li>Ma\u00eetriser le typage Typescript par la pratique<\/li>\n<\/ul>\n\n\n\n<p>Et bien d\u2019autres encore \u00e0 d\u00e9couvrir dans le programme d\u00e9taill\u00e9 \u00e0 venir, pour aborder aussi bien des sujets techniques (d\u00e9veloppement, tests, int\u00e9gration) qu\u2019organisationnels (agilit\u00e9, management) ou transverses\u00a0(s\u00e9curit\u00e9, RSE \u2026) !<br>Pour toute information, n\u2019h\u00e9sitez pas \u00e0 contacter\u00a0: <a href=\"mailto:ooday.3massifs@orange.com\" target=\"_blank\" rel=\"noreferrer noopener\">ooday.3massifs@orange.com<\/a><\/p>","protected":false},"excerpt":{"rendered":"<p>Fort du succ\u00e8s de la premi\u00e8re \u00e9dition, les \u00e9quipes innovation du site Orange 3 massifs \u00e0 Meylan r\u00e9unit de nouveau des experts et expertes de tous horizons le 4 d\u00e9cembre prochain pour partager connaissances et exp\u00e9riences. Orange accueillera notamment Norbert Alter, sociologue, conf\u00e9rencier, professeur des universit\u00e9s et auteur de nombreux ouvrages pour une keynote inspirante [&hellip;]<\/p>\n","protected":false},"author":18,"featured_media":61525,"comment_status":"closed","ping_status":"open","sticky":false,"template":"","format":"standard","meta":{"footnotes":""},"categories":[31],"tags":[1345],"class_list":["post-61524","post","type-post","status-publish","format-standard","has-post-thumbnail","hentry","category-vie-technopole-inovallee","tag-orange"],"yoast_head":"<!-- This site is optimized with the Yoast SEO plugin v27.4 - https:\/\/yoast.com\/product\/yoast-seo-wordpress\/ -->\n<title>Retour de l\u2019Orange Open Day\u00a0sur le site d\u2019inovall\u00e9e Meylan\u00a0le 4 d\u00e9cembre prochain : une journ\u00e9e ouverte \u00e0 tous pour interroger l\u2019innovation sous tous ses angles - inovall\u00e9e<\/title>\n<meta name=\"robots\" content=\"index, follow, max-snippet:-1, max-image-preview:large, max-video-preview:-1\" \/>\n<link rel=\"canonical\" href=\"https:\/\/www.inovallee.com\/en\/retour-de-lorange-open-day-sur-le-site-dinovallee-meylan-le-4-decembre-prochain-une-journee-ouverte-a-tous-pour-interroger-linnovation-sous-tous-ses-angles\/\" \/>\n<meta property=\"og:locale\" content=\"en_GB\" \/>\n<meta property=\"og:type\" content=\"article\" \/>\n<meta property=\"og:title\" content=\"Retour de l\u2019Orange Open Day\u00a0sur le site d\u2019inovall\u00e9e Meylan\u00a0le 4 d\u00e9cembre prochain : une journ\u00e9e ouverte \u00e0 tous pour interroger l\u2019innovation sous tous ses angles - inovall\u00e9e\" \/>\n<meta property=\"og:description\" content=\"Fort du succ\u00e8s de la premi\u00e8re \u00e9dition, les \u00e9quipes innovation du site Orange 3 massifs \u00e0 Meylan r\u00e9unit de nouveau des experts et expertes de tous horizons le 4 d\u00e9cembre prochain pour partager connaissances et exp\u00e9riences. Orange accueillera notamment Norbert Alter, sociologue, conf\u00e9rencier, professeur des universit\u00e9s et auteur de nombreux ouvrages pour une keynote inspirante [&hellip;]\" \/>\n<meta property=\"og:url\" content=\"https:\/\/www.inovallee.com\/en\/retour-de-lorange-open-day-sur-le-site-dinovallee-meylan-le-4-decembre-prochain-une-journee-ouverte-a-tous-pour-interroger-linnovation-sous-tous-ses-angles\/\" \/>\n<meta property=\"og:site_name\" content=\"inovall\u00e9e\" \/>\n<meta property=\"article:publisher\" content=\"https:\/\/www.facebook.com\/technopoleinovallee\/\" \/>\n<meta property=\"article:published_time\" content=\"2025-10-27T15:21:09+00:00\" \/>\n<meta property=\"article:modified_time\" content=\"2025-10-27T15:21:11+00:00\" \/>\n<meta property=\"og:image\" content=\"https:\/\/www.inovallee.com\/wp-content\/uploads\/2025\/10\/Capture-decran-2025-10-27-171745.png\" \/>\n\t<meta property=\"og:image:width\" content=\"323\" \/>\n\t<meta property=\"og:image:height\" content=\"245\" \/>\n\t<meta property=\"og:image:type\" content=\"image\/png\" \/>\n<meta name=\"author\" content=\"Margaux De la Fuente\" \/>\n<meta name=\"twitter:card\" content=\"summary_large_image\" \/>\n<meta name=\"twitter:creator\" content=\"@inovallee\" \/>\n<meta name=\"twitter:site\" content=\"@inovallee\" \/>\n<meta name=\"twitter:label1\" content=\"Written by\" \/>\n\t<meta name=\"twitter:data1\" content=\"Margaux De la Fuente\" \/>\n\t<meta name=\"twitter:label2\" content=\"Estimated reading time\" \/>\n\t<meta name=\"twitter:data2\" content=\"2 minutes\" \/>\n<script type=\"application\/ld+json\" class=\"yoast-schema-graph\">{\"@context\":\"https:\\\/\\\/schema.org\",\"@graph\":[{\"@type\":\"Article\",\"@id\":\"https:\\\/\\\/www.inovallee.com\\\/retour-de-lorange-open-day-sur-le-site-dinovallee-meylan-le-4-decembre-prochain-une-journee-ouverte-a-tous-pour-interroger-linnovation-sous-tous-ses-angles\\\/#article\",\"isPartOf\":{\"@id\":\"https:\\\/\\\/www.inovallee.com\\\/retour-de-lorange-open-day-sur-le-site-dinovallee-meylan-le-4-decembre-prochain-une-journee-ouverte-a-tous-pour-interroger-linnovation-sous-tous-ses-angles\\\/\"},\"author\":{\"name\":\"Margaux De la Fuente\",\"@id\":\"https:\\\/\\\/www.inovallee.com\\\/#\\\/schema\\\/person\\\/92dc7fd313568f5cc54aba72aba732fe\"},\"headline\":\"Retour de l\u2019Orange Open Day\u00a0sur le site d\u2019inovall\u00e9e Meylan\u00a0le 4 d\u00e9cembre prochain : une journ\u00e9e ouverte \u00e0 tous pour interroger l\u2019innovation sous tous ses angles\",\"datePublished\":\"2025-10-27T15:21:09+00:00\",\"dateModified\":\"2025-10-27T15:21:11+00:00\",\"mainEntityOfPage\":{\"@id\":\"https:\\\/\\\/www.inovallee.com\\\/retour-de-lorange-open-day-sur-le-site-dinovallee-meylan-le-4-decembre-prochain-une-journee-ouverte-a-tous-pour-interroger-linnovation-sous-tous-ses-angles\\\/\"},\"wordCount\":214,\"publisher\":{\"@id\":\"https:\\\/\\\/www.inovallee.com\\\/#organization\"},\"image\":{\"@id\":\"https:\\\/\\\/www.inovallee.com\\\/retour-de-lorange-open-day-sur-le-site-dinovallee-meylan-le-4-decembre-prochain-une-journee-ouverte-a-tous-pour-interroger-linnovation-sous-tous-ses-angles\\\/#primaryimage\"},\"thumbnailUrl\":\"https:\\\/\\\/www.inovallee.com\\\/wp-content\\\/uploads\\\/2025\\\/10\\\/Capture-decran-2025-10-27-171745.png\",\"keywords\":[\"ORANGE\"],\"articleSection\":[\"Vie de la technopole inovall\u00e9e\"],\"inLanguage\":\"en-GB\"},{\"@type\":\"WebPage\",\"@id\":\"https:\\\/\\\/www.inovallee.com\\\/retour-de-lorange-open-day-sur-le-site-dinovallee-meylan-le-4-decembre-prochain-une-journee-ouverte-a-tous-pour-interroger-linnovation-sous-tous-ses-angles\\\/\",\"url\":\"https:\\\/\\\/www.inovallee.com\\\/retour-de-lorange-open-day-sur-le-site-dinovallee-meylan-le-4-decembre-prochain-une-journee-ouverte-a-tous-pour-interroger-linnovation-sous-tous-ses-angles\\\/\",\"name\":\"Retour de l\u2019Orange Open Day\u00a0sur le site d\u2019inovall\u00e9e Meylan\u00a0le 4 d\u00e9cembre prochain : une journ\u00e9e ouverte \u00e0 tous pour interroger l\u2019innovation sous tous ses angles - inovall\u00e9e\",\"isPartOf\":{\"@id\":\"https:\\\/\\\/www.inovallee.com\\\/#website\"},\"primaryImageOfPage\":{\"@id\":\"https:\\\/\\\/www.inovallee.com\\\/retour-de-lorange-open-day-sur-le-site-dinovallee-meylan-le-4-decembre-prochain-une-journee-ouverte-a-tous-pour-interroger-linnovation-sous-tous-ses-angles\\\/#primaryimage\"},\"image\":{\"@id\":\"https:\\\/\\\/www.inovallee.com\\\/retour-de-lorange-open-day-sur-le-site-dinovallee-meylan-le-4-decembre-prochain-une-journee-ouverte-a-tous-pour-interroger-linnovation-sous-tous-ses-angles\\\/#primaryimage\"},\"thumbnailUrl\":\"https:\\\/\\\/www.inovallee.com\\\/wp-content\\\/uploads\\\/2025\\\/10\\\/Capture-decran-2025-10-27-171745.png\",\"datePublished\":\"2025-10-27T15:21:09+00:00\",\"dateModified\":\"2025-10-27T15:21:11+00:00\",\"breadcrumb\":{\"@id\":\"https:\\\/\\\/www.inovallee.com\\\/retour-de-lorange-open-day-sur-le-site-dinovallee-meylan-le-4-decembre-prochain-une-journee-ouverte-a-tous-pour-interroger-linnovation-sous-tous-ses-angles\\\/#breadcrumb\"},\"inLanguage\":\"en-GB\",\"potentialAction\":[{\"@type\":\"ReadAction\",\"target\":[\"https:\\\/\\\/www.inovallee.com\\\/retour-de-lorange-open-day-sur-le-site-dinovallee-meylan-le-4-decembre-prochain-une-journee-ouverte-a-tous-pour-interroger-linnovation-sous-tous-ses-angles\\\/\"]}]},{\"@type\":\"ImageObject\",\"inLanguage\":\"en-GB\",\"@id\":\"https:\\\/\\\/www.inovallee.com\\\/retour-de-lorange-open-day-sur-le-site-dinovallee-meylan-le-4-decembre-prochain-une-journee-ouverte-a-tous-pour-interroger-linnovation-sous-tous-ses-angles\\\/#primaryimage\",\"url\":\"https:\\\/\\\/www.inovallee.com\\\/wp-content\\\/uploads\\\/2025\\\/10\\\/Capture-decran-2025-10-27-171745.png\",\"contentUrl\":\"https:\\\/\\\/www.inovallee.com\\\/wp-content\\\/uploads\\\/2025\\\/10\\\/Capture-decran-2025-10-27-171745.png\",\"width\":323,\"height\":245},{\"@type\":\"BreadcrumbList\",\"@id\":\"https:\\\/\\\/www.inovallee.com\\\/retour-de-lorange-open-day-sur-le-site-dinovallee-meylan-le-4-decembre-prochain-une-journee-ouverte-a-tous-pour-interroger-linnovation-sous-tous-ses-angles\\\/#breadcrumb\",\"itemListElement\":[{\"@type\":\"ListItem\",\"position\":1,\"name\":\"Accueil\",\"item\":\"https:\\\/\\\/www.inovallee.com\\\/\"},{\"@type\":\"ListItem\",\"position\":2,\"name\":\"Retour de l\u2019Orange Open Day\u00a0sur le site d\u2019inovall\u00e9e Meylan\u00a0le 4 d\u00e9cembre prochain : une journ\u00e9e ouverte \u00e0 tous pour interroger l\u2019innovation sous tous ses angles\"}]},{\"@type\":\"WebSite\",\"@id\":\"https:\\\/\\\/www.inovallee.com\\\/#website\",\"url\":\"https:\\\/\\\/www.inovallee.com\\\/\",\"name\":\"inovall\u00e9e technopole, Home to software & smart technologies\",\"description\":\"Home to software &amp; smart technologies\",\"publisher\":{\"@id\":\"https:\\\/\\\/www.inovallee.com\\\/#organization\"},\"potentialAction\":[{\"@type\":\"SearchAction\",\"target\":{\"@type\":\"EntryPoint\",\"urlTemplate\":\"https:\\\/\\\/www.inovallee.com\\\/?s={search_term_string}\"},\"query-input\":{\"@type\":\"PropertyValueSpecification\",\"valueRequired\":true,\"valueName\":\"search_term_string\"}}],\"inLanguage\":\"en-GB\"},{\"@type\":\"Organization\",\"@id\":\"https:\\\/\\\/www.inovallee.com\\\/#organization\",\"name\":\"inovall\u00e9e\",\"url\":\"https:\\\/\\\/www.inovallee.com\\\/\",\"logo\":{\"@type\":\"ImageObject\",\"inLanguage\":\"en-GB\",\"@id\":\"https:\\\/\\\/www.inovallee.com\\\/#\\\/schema\\\/logo\\\/image\\\/\",\"url\":\"https:\\\/\\\/www.inovallee.com\\\/wp-content\\\/uploads\\\/2023\\\/08\\\/inovallee_2022_GrenobleAlpes.png\",\"contentUrl\":\"https:\\\/\\\/www.inovallee.com\\\/wp-content\\\/uploads\\\/2023\\\/08\\\/inovallee_2022_GrenobleAlpes.png\",\"width\":945,\"height\":369,\"caption\":\"inovall\u00e9e\"},\"image\":{\"@id\":\"https:\\\/\\\/www.inovallee.com\\\/#\\\/schema\\\/logo\\\/image\\\/\"},\"sameAs\":[\"https:\\\/\\\/www.facebook.com\\\/technopoleinovallee\\\/\",\"https:\\\/\\\/x.com\\\/inovallee\",\"https:\\\/\\\/www.linkedin.com\\\/company\\\/inovall-e\\\/\",\"https:\\\/\\\/www.youtube.com\\\/user\\\/inovallee?reload=9\"]},{\"@type\":\"Person\",\"@id\":\"https:\\\/\\\/www.inovallee.com\\\/#\\\/schema\\\/person\\\/92dc7fd313568f5cc54aba72aba732fe\",\"name\":\"Margaux De la Fuente\"}]}<\/script>\n<!-- \/ Yoast SEO plugin. -->","yoast_head_json":{"title":"Retour de l\u2019Orange Open Day\u00a0sur le site d\u2019inovall\u00e9e Meylan\u00a0le 4 d\u00e9cembre prochain : une journ\u00e9e ouverte \u00e0 tous pour interroger l\u2019innovation sous tous ses angles - inovall\u00e9e","robots":{"index":"index","follow":"follow","max-snippet":"max-snippet:-1","max-image-preview":"max-image-preview:large","max-video-preview":"max-video-preview:-1"},"canonical":"https:\/\/www.inovallee.com\/en\/retour-de-lorange-open-day-sur-le-site-dinovallee-meylan-le-4-decembre-prochain-une-journee-ouverte-a-tous-pour-interroger-linnovation-sous-tous-ses-angles\/","og_locale":"en_GB","og_type":"article","og_title":"Retour de l\u2019Orange Open Day\u00a0sur le site d\u2019inovall\u00e9e Meylan\u00a0le 4 d\u00e9cembre prochain : une journ\u00e9e ouverte \u00e0 tous pour interroger l\u2019innovation sous tous ses angles - inovall\u00e9e","og_description":"Fort du succ\u00e8s de la premi\u00e8re \u00e9dition, les \u00e9quipes innovation du site Orange 3 massifs \u00e0 Meylan r\u00e9unit de nouveau des experts et expertes de tous horizons le 4 d\u00e9cembre prochain pour partager connaissances et exp\u00e9riences. Orange accueillera notamment Norbert Alter, sociologue, conf\u00e9rencier, professeur des universit\u00e9s et auteur de nombreux ouvrages pour une keynote inspirante [&hellip;]","og_url":"https:\/\/www.inovallee.com\/en\/retour-de-lorange-open-day-sur-le-site-dinovallee-meylan-le-4-decembre-prochain-une-journee-ouverte-a-tous-pour-interroger-linnovation-sous-tous-ses-angles\/","og_site_name":"inovall\u00e9e","article_publisher":"https:\/\/www.facebook.com\/technopoleinovallee\/","article_published_time":"2025-10-27T15:21:09+00:00","article_modified_time":"2025-10-27T15:21:11+00:00","og_image":[{"width":323,"height":245,"url":"https:\/\/www.inovallee.com\/wp-content\/uploads\/2025\/10\/Capture-decran-2025-10-27-171745.png","type":"image\/png"}],"author":"Margaux De la Fuente","twitter_card":"summary_large_image","twitter_creator":"@inovallee","twitter_site":"@inovallee","twitter_misc":{"Written by":"Margaux De la Fuente","Estimated reading time":"2 minutes"},"schema":{"@context":"https:\/\/schema.org","@graph":[{"@type":"Article","@id":"https:\/\/www.inovallee.com\/retour-de-lorange-open-day-sur-le-site-dinovallee-meylan-le-4-decembre-prochain-une-journee-ouverte-a-tous-pour-interroger-linnovation-sous-tous-ses-angles\/#article","isPartOf":{"@id":"https:\/\/www.inovallee.com\/retour-de-lorange-open-day-sur-le-site-dinovallee-meylan-le-4-decembre-prochain-une-journee-ouverte-a-tous-pour-interroger-linnovation-sous-tous-ses-angles\/"},"author":{"name":"Margaux De la Fuente","@id":"https:\/\/www.inovallee.com\/#\/schema\/person\/92dc7fd313568f5cc54aba72aba732fe"},"headline":"Retour de l\u2019Orange Open Day\u00a0sur le site d\u2019inovall\u00e9e Meylan\u00a0le 4 d\u00e9cembre prochain : une journ\u00e9e ouverte \u00e0 tous pour interroger l\u2019innovation sous tous ses angles","datePublished":"2025-10-27T15:21:09+00:00","dateModified":"2025-10-27T15:21:11+00:00","mainEntityOfPage":{"@id":"https:\/\/www.inovallee.com\/retour-de-lorange-open-day-sur-le-site-dinovallee-meylan-le-4-decembre-prochain-une-journee-ouverte-a-tous-pour-interroger-linnovation-sous-tous-ses-angles\/"},"wordCount":214,"publisher":{"@id":"https:\/\/www.inovallee.com\/#organization"},"image":{"@id":"https:\/\/www.inovallee.com\/retour-de-lorange-open-day-sur-le-site-dinovallee-meylan-le-4-decembre-prochain-une-journee-ouverte-a-tous-pour-interroger-linnovation-sous-tous-ses-angles\/#primaryimage"},"thumbnailUrl":"https:\/\/www.inovallee.com\/wp-content\/uploads\/2025\/10\/Capture-decran-2025-10-27-171745.png","keywords":["ORANGE"],"articleSection":["Vie de la technopole inovall\u00e9e"],"inLanguage":"en-GB"},{"@type":"WebPage","@id":"https:\/\/www.inovallee.com\/retour-de-lorange-open-day-sur-le-site-dinovallee-meylan-le-4-decembre-prochain-une-journee-ouverte-a-tous-pour-interroger-linnovation-sous-tous-ses-angles\/","url":"https:\/\/www.inovallee.com\/retour-de-lorange-open-day-sur-le-site-dinovallee-meylan-le-4-decembre-prochain-une-journee-ouverte-a-tous-pour-interroger-linnovation-sous-tous-ses-angles\/","name":"Retour de l\u2019Orange Open Day\u00a0sur le site d\u2019inovall\u00e9e Meylan\u00a0le 4 d\u00e9cembre prochain : une journ\u00e9e ouverte \u00e0 tous pour interroger l\u2019innovation sous tous ses angles - inovall\u00e9e","isPartOf":{"@id":"https:\/\/www.inovallee.com\/#website"},"primaryImageOfPage":{"@id":"https:\/\/www.inovallee.com\/retour-de-lorange-open-day-sur-le-site-dinovallee-meylan-le-4-decembre-prochain-une-journee-ouverte-a-tous-pour-interroger-linnovation-sous-tous-ses-angles\/#primaryimage"},"image":{"@id":"https:\/\/www.inovallee.com\/retour-de-lorange-open-day-sur-le-site-dinovallee-meylan-le-4-decembre-prochain-une-journee-ouverte-a-tous-pour-interroger-linnovation-sous-tous-ses-angles\/#primaryimage"},"thumbnailUrl":"https:\/\/www.inovallee.com\/wp-content\/uploads\/2025\/10\/Capture-decran-2025-10-27-171745.png","datePublished":"2025-10-27T15:21:09+00:00","dateModified":"2025-10-27T15:21:11+00:00","breadcrumb":{"@id":"https:\/\/www.inovallee.com\/retour-de-lorange-open-day-sur-le-site-dinovallee-meylan-le-4-decembre-prochain-une-journee-ouverte-a-tous-pour-interroger-linnovation-sous-tous-ses-angles\/#breadcrumb"},"inLanguage":"en-GB","potentialAction":[{"@type":"ReadAction","target":["https:\/\/www.inovallee.com\/retour-de-lorange-open-day-sur-le-site-dinovallee-meylan-le-4-decembre-prochain-une-journee-ouverte-a-tous-pour-interroger-linnovation-sous-tous-ses-angles\/"]}]},{"@type":"ImageObject","inLanguage":"en-GB","@id":"https:\/\/www.inovallee.com\/retour-de-lorange-open-day-sur-le-site-dinovallee-meylan-le-4-decembre-prochain-une-journee-ouverte-a-tous-pour-interroger-linnovation-sous-tous-ses-angles\/#primaryimage","url":"https:\/\/www.inovallee.com\/wp-content\/uploads\/2025\/10\/Capture-decran-2025-10-27-171745.png","contentUrl":"https:\/\/www.inovallee.com\/wp-content\/uploads\/2025\/10\/Capture-decran-2025-10-27-171745.png","width":323,"height":245},{"@type":"BreadcrumbList","@id":"https:\/\/www.inovallee.com\/retour-de-lorange-open-day-sur-le-site-dinovallee-meylan-le-4-decembre-prochain-une-journee-ouverte-a-tous-pour-interroger-linnovation-sous-tous-ses-angles\/#breadcrumb","itemListElement":[{"@type":"ListItem","position":1,"name":"Accueil","item":"https:\/\/www.inovallee.com\/"},{"@type":"ListItem","position":2,"name":"Retour de l\u2019Orange Open Day\u00a0sur le site d\u2019inovall\u00e9e Meylan\u00a0le 4 d\u00e9cembre prochain : une journ\u00e9e ouverte \u00e0 tous pour interroger l\u2019innovation sous tous ses angles"}]},{"@type":"WebSite","@id":"https:\/\/www.inovallee.com\/#website","url":"https:\/\/www.inovallee.com\/","name":"inovall\u00e9e technopole, Home to software & smart technologies","description":"Home to software &amp; smart technologies","publisher":{"@id":"https:\/\/www.inovallee.com\/#organization"},"potentialAction":[{"@type":"SearchAction","target":{"@type":"EntryPoint","urlTemplate":"https:\/\/www.inovallee.com\/?s={search_term_string}"},"query-input":{"@type":"PropertyValueSpecification","valueRequired":true,"valueName":"search_term_string"}}],"inLanguage":"en-GB"},{"@type":"Organization","@id":"https:\/\/www.inovallee.com\/#organization","name":"inovall\u00e9e","url":"https:\/\/www.inovallee.com\/","logo":{"@type":"ImageObject","inLanguage":"en-GB","@id":"https:\/\/www.inovallee.com\/#\/schema\/logo\/image\/","url":"https:\/\/www.inovallee.com\/wp-content\/uploads\/2023\/08\/inovallee_2022_GrenobleAlpes.png","contentUrl":"https:\/\/www.inovallee.com\/wp-content\/uploads\/2023\/08\/inovallee_2022_GrenobleAlpes.png","width":945,"height":369,"caption":"inovall\u00e9e"},"image":{"@id":"https:\/\/www.inovallee.com\/#\/schema\/logo\/image\/"},"sameAs":["https:\/\/www.facebook.com\/technopoleinovallee\/","https:\/\/x.com\/inovallee","https:\/\/www.linkedin.com\/company\/inovall-e\/","https:\/\/www.youtube.com\/user\/inovallee?reload=9"]},{"@type":"Person","@id":"https:\/\/www.inovallee.com\/#\/schema\/person\/92dc7fd313568f5cc54aba72aba732fe","name":"Margaux De la Fuente"}]}},"_links":{"self":[{"href":"http:\/\/www.inovallee.com\/en\/wp-json\/wp\/v2\/posts\/61524","targetHints":{"allow":["GET"]}}],"collection":[{"href":"http:\/\/www.inovallee.com\/en\/wp-json\/wp\/v2\/posts"}],"about":[{"href":"http:\/\/www.inovallee.com\/en\/wp-json\/wp\/v2\/types\/post"}],"author":[{"embeddable":true,"href":"http:\/\/www.inovallee.com\/en\/wp-json\/wp\/v2\/users\/18"}],"replies":[{"embeddable":true,"href":"http:\/\/www.inovallee.com\/en\/wp-json\/wp\/v2\/comments?post=61524"}],"version-history":[{"count":1,"href":"http:\/\/www.inovallee.com\/en\/wp-json\/wp\/v2\/posts\/61524\/revisions"}],"predecessor-version":[{"id":61526,"href":"http:\/\/www.inovallee.com\/en\/wp-json\/wp\/v2\/posts\/61524\/revisions\/61526"}],"wp:featuredmedia":[{"embeddable":true,"href":"http:\/\/www.inovallee.com\/en\/wp-json\/wp\/v2\/media\/61525"}],"wp:attachment":[{"href":"http:\/\/www.inovallee.com\/en\/wp-json\/wp\/v2\/media?parent=61524"}],"wp:term":[{"taxonomy":"category","embeddable":true,"href":"http:\/\/www.inovallee.com\/en\/wp-json\/wp\/v2\/categories?post=61524"},{"taxonomy":"post_tag","embeddable":true,"href":"http:\/\/www.inovallee.com\/en\/wp-json\/wp\/v2\/tags?post=61524"}],"curies":[{"name":"wp","href":"https:\/\/api.w.org\/{rel}","templated":true}]}}