{"id":61531,"date":"2025-10-27T16:34:53","date_gmt":"2025-10-27T15:34:53","guid":{"rendered":"https:\/\/www.inovallee.com\/?p=61531"},"modified":"2025-10-27T16:36:06","modified_gmt":"2025-10-27T15:36:06","slug":"expedition-2035-une-journee-pour-explorer-les-nouvelles-voies-dune-economie-resiliente-organisee-le-13-novembre-prochain-par-le-departement-formation-pro-de-grenoble-inp-uga","status":"publish","type":"post","link":"http:\/\/www.inovallee.com\/en\/expedition-2035-une-journee-pour-explorer-les-nouvelles-voies-dune-economie-resiliente-organisee-le-13-novembre-prochain-par-le-departement-formation-pro-de-grenoble-inp-uga\/","title":{"rendered":"Exp\u00e9dition 2035\u00a0: une journ\u00e9e pour explorer les nouvelles voies d\u2019une \u00e9conomie r\u00e9siliente, organis\u00e9e le 13 novembre prochain par le d\u00e9partement formation pro de Grenoble INP -UGA"},"content":{"rendered":"<p><strong>Dans un contexte de crises \u00e9conomiques, environnementales et sociales, les entreprises doivent renforcer leur r\u00e9silience pour assurer leur p\u00e9rennit\u00e9. Celles qui sauront cr\u00e9er de la valeur tout en respectant le vivant \u2014 humain et non humain \u2014 seront les mieux arm\u00e9es pour relever les d\u00e9fis \u00e0 venir.\u00a0<\/strong><\/p>\n\n\n\n<p>Le D\u00e9partement de Formation Pro de Grenoble INP-UGA et la Chaire Transitions en Action de Grenoble IAE proposent aux dirigeant\u00b7es de PME, PMI et ETI de la r\u00e9gion AURA une journ\u00e9e pour prendre du recul, anticiper les transformations \u00e0 venir et rencontrer des partenaires locaux partageant les m\u00eames enjeux.<\/p>\n\n\n\n<h5 class=\"wp-block-heading\">Au programme :&nbsp;des&nbsp;ateliers collaboratifs, exp\u00e9rimentations, t\u00e9moignages\u2026 Une journ\u00e9e immersive pour s\u2019inspirer, explorer des solutions concr\u00e8tes pour renforcer la robustesse des organisations.<\/h5>\n\n\n\n<p><br>Un temps fort pour comprendre, imaginer et construire <strong>collectivement<\/strong> l\u2019entreprise de demain.<\/p>\n\n\n\n<p>Une <strong>table ronde<\/strong> donnera la parole \u00e0 des experts, dirigeant\u00b7es et entreprises engag\u00e9es du territoire des Alpes, qui partageront leurs exp\u00e9riences et visions d\u2019avenir.&nbsp;<\/p>\n\n\n\n<p>&nbsp;<br>Puis, place \u00e0 l\u2019action pour cette EXP\u00c9DITION 2035 avec <strong>trois ateliers au choix<\/strong> pour explorer <strong>des voies concr\u00e8tes<\/strong>, \u00e9changer entre pairs et repartir avec des leviers mobilisables.<\/p>\n\n\n\n<p>Les ateliers&nbsp;:<\/p>\n\n\n\n<ul class=\"wp-block-list\">\n<li><strong>Construire une strat\u00e9gie robuste pour assurer sa p\u00e9rennit\u00e9<\/strong>&nbsp;: Co-anim\u00e9 par Julie Dalban-Canassy, Grenoble INP-UGA et Daniel Jennepin, Weepackup &#8211; Comment assurer la p\u00e9rennit\u00e9 de son activit\u00e9 dans un contexte d\u2019instabilit\u00e9 ? Choisir la voie de la robustesse. Venez explorer les multiples incertitudes et risques qui mettent en jeu la robustesse et la soutenabilit\u00e9 de votre mod\u00e8le \u00e9conomique. Bas\u00e9 sur le jeu <strong>Tumulte<\/strong>.<\/li>\n\n\n\n<li><strong>D\u00e9jouer les paradoxes des transitions<\/strong>&nbsp;: Co-anim\u00e9 par Marie-Anne Le Dain, Grenoble INP-UGA et Victor Sabourin, Decathlon Outdoor &#8211; De quels outils se doter pour concilier les injonctions contradictoires ? Choisir la voie de la r\u00e9solution des paradoxes de transitions. Venez mettre en balance performance \u00e9conomique et soutenabilit\u00e9 par le concept des paradoxes et amener une strat\u00e9gie de r\u00e9solution.<br>Bas\u00e9 sur <strong>une \u00e9tude de cas<\/strong><\/li>\n\n\n\n<li><strong>D\u00e9couvrir l\u2019entreprise \u00e0 vis\u00e9e r\u00e9g\u00e9n\u00e9rative&nbsp;<\/strong>: Co-anim\u00e9 par Val\u00e9ry Merminod, Grenoble INP-UGA et Laure Jarlaud, Rossignol &#8211; A quoi ressemblera l\u2019entreprise r\u00e9siliente de demain ? Choisir la voie de l&rsquo;entreprise \u00e0 vis\u00e9e r\u00e9g\u00e9n\u00e9rative &#8211; Venez partager une vision syst\u00e9mique par une immersion dans la chaine de valeur d\u2019une entreprise, identification des d\u00e9pendances et impacts et actions concr\u00e8tes pour la mise en mouvement des entreprises. Bas\u00e9 sur<strong> la fresque de l\u2019entreprise r\u00e9g\u00e9n\u00e9rative.<\/strong><\/li>\n\n\n\n<li><strong>Imaginer un mod\u00e8le d\u2019affaires dans une \u00e9conomie de l\u2019usage<\/strong>&nbsp;: Co-anim\u00e9 par Boris Descombes, IUT Valence-UGA et co-animateur.ice en cours de validation &#8211; Comment passer \u00e0 un mod\u00e8le \u00e9conomique plus sobre en ressources ? Choisir la voie de l&rsquo;\u00e9conomie de la fonctionnalit\u00e9 et de la coop\u00e9ration. Venez analyser un mod\u00e8le \u00e9conomique industriel existant et simuler son \u00e9volution vers un mod\u00e8le de services num\u00e9riques plus innovant et soutenable.<br>Bas\u00e9 sur <strong>une \u00e9tude de cas.<\/strong><\/li>\n\n\n\n<li><strong>F\u00e9d\u00e9rer et dynamiser ses parties prenantes<\/strong>&nbsp;: Co-anim\u00e9 par Olivier Favier, intervenant ext\u00e9rieur Grenoble INP-UGA et Peggy Deuscht, Conductix Wampfler &#8211; Comment embarquer et fid\u00e9liser ses parties prenantes internes et externes ? Choisir la voie de la coop\u00e9ration- Venez explorer de nouvelles approches afin de renforcer les relations avec vos partenaires internes et externes et cr\u00e9er ainsi un \u00e9cosyst\u00e8me collaboratif et propice \u00e0 l\u2019innovation. Bas\u00e9 sur <strong>une \u00e9tude de cas.<\/strong><\/li>\n\n\n\n<li><strong>Jouer la carte du num\u00e9rique responsable&nbsp;: <\/strong>Co-anim\u00e9 par Marie-Laurence Caron, Grenoble INP-UGA et St\u00e9phane Bacconnier, AfB France &#8211; Quelles solutions pour diminuer son empreinte num\u00e9rique ? Choisir la voie du num\u00e9rique responsable.<br>Venez identifier des actions num\u00e9riques \u00e0 mettre en place pour un num\u00e9rique plus responsable en termes notamment de Gaz \u00e0 effet de serre et d&rsquo;inclusion.<br>Bas\u00e9 sur le jeu s\u00e9rieux \u00ab\u00a0CAP Num\u00e9rique Responsable\u00a0\u00bb<\/li>\n<\/ul>\n\n\n\n<p><br><strong>En savoir plus et s\u2019inscrire&nbsp;: <\/strong><a href=\"https:\/\/formation-pro.grenoble-inp.fr\/qui-sommes-nous\/expedition-2035\"><strong>https:\/\/formation-pro.grenoble-inp.fr\/qui-sommes-nous\/expedition-2035<\/strong><\/a><\/p>","protected":false},"excerpt":{"rendered":"<p>Dans un contexte de crises \u00e9conomiques, environnementales et sociales, les entreprises doivent renforcer leur r\u00e9silience pour assurer leur p\u00e9rennit\u00e9. Celles qui sauront cr\u00e9er de la valeur tout en respectant le vivant \u2014 humain et non humain \u2014 seront les mieux arm\u00e9es pour relever les d\u00e9fis \u00e0 venir.\u00a0 Le D\u00e9partement de Formation Pro de Grenoble INP-UGA [&hellip;]<\/p>\n","protected":false},"author":18,"featured_media":60585,"comment_status":"closed","ping_status":"open","sticky":false,"template":"","format":"standard","meta":{"footnotes":""},"categories":[51],"tags":[3216,3217,1694],"class_list":["post-61531","post","type-post","status-publish","format-standard","has-post-thumbnail","hentry","category-ecosysteme-innovation","tag-expedition2035","tag-inp","tag-uga"],"yoast_head":"<!-- This site is optimized with the Yoast SEO plugin v27.4 - https:\/\/yoast.com\/product\/yoast-seo-wordpress\/ -->\n<title>Exp\u00e9dition 2035\u00a0: une journ\u00e9e pour explorer les nouvelles voies d\u2019une \u00e9conomie r\u00e9siliente, organis\u00e9e le 13 novembre prochain par le d\u00e9partement formation pro de Grenoble INP -UGA - inovall\u00e9e<\/title>\n<meta name=\"description\" content=\"une journ\u00e9e pour prendre du recul, anticiper les transformations \u00e0 venir et rencontrer des partenaires locaux partageant les m\u00eames enjeux.\" \/>\n<meta name=\"robots\" content=\"index, follow, max-snippet:-1, max-image-preview:large, max-video-preview:-1\" \/>\n<link rel=\"canonical\" href=\"https:\/\/www.inovallee.com\/en\/expedition-2035-une-journee-pour-explorer-les-nouvelles-voies-dune-economie-resiliente-organisee-le-13-novembre-prochain-par-le-departement-formation-pro-de-grenoble-inp-uga\/\" \/>\n<meta property=\"og:locale\" content=\"en_GB\" \/>\n<meta property=\"og:type\" content=\"article\" \/>\n<meta property=\"og:title\" content=\"Exp\u00e9dition 2035\u00a0: une journ\u00e9e pour explorer les nouvelles voies d\u2019une \u00e9conomie r\u00e9siliente, organis\u00e9e le 13 novembre prochain par le d\u00e9partement formation pro de Grenoble INP -UGA - inovall\u00e9e\" \/>\n<meta property=\"og:description\" content=\"une journ\u00e9e pour prendre du recul, anticiper les transformations \u00e0 venir et rencontrer des partenaires locaux partageant les m\u00eames enjeux.\" \/>\n<meta property=\"og:url\" content=\"https:\/\/www.inovallee.com\/en\/expedition-2035-une-journee-pour-explorer-les-nouvelles-voies-dune-economie-resiliente-organisee-le-13-novembre-prochain-par-le-departement-formation-pro-de-grenoble-inp-uga\/\" \/>\n<meta property=\"og:site_name\" content=\"inovall\u00e9e\" \/>\n<meta property=\"article:publisher\" content=\"https:\/\/www.facebook.com\/technopoleinovallee\/\" \/>\n<meta property=\"article:published_time\" content=\"2025-10-27T15:34:53+00:00\" \/>\n<meta property=\"article:modified_time\" content=\"2025-10-27T15:36:06+00:00\" \/>\n<meta property=\"og:image\" content=\"https:\/\/www.inovallee.com\/wp-content\/uploads\/2025\/07\/expedition2035.png\" \/>\n\t<meta property=\"og:image:width\" content=\"800\" \/>\n\t<meta property=\"og:image:height\" content=\"500\" \/>\n\t<meta property=\"og:image:type\" content=\"image\/png\" \/>\n<meta name=\"author\" content=\"Margaux De la Fuente\" \/>\n<meta name=\"twitter:card\" content=\"summary_large_image\" \/>\n<meta name=\"twitter:creator\" content=\"@inovallee\" \/>\n<meta name=\"twitter:site\" content=\"@inovallee\" \/>\n<meta name=\"twitter:label1\" content=\"Written by\" \/>\n\t<meta name=\"twitter:data1\" content=\"Margaux De la Fuente\" \/>\n\t<meta name=\"twitter:label2\" content=\"Estimated reading time\" \/>\n\t<meta name=\"twitter:data2\" content=\"4 minutes\" \/>\n<script type=\"application\/ld+json\" class=\"yoast-schema-graph\">{\"@context\":\"https:\\\/\\\/schema.org\",\"@graph\":[{\"@type\":\"Article\",\"@id\":\"https:\\\/\\\/www.inovallee.com\\\/expedition-2035-une-journee-pour-explorer-les-nouvelles-voies-dune-economie-resiliente-organisee-le-13-novembre-prochain-par-le-departement-formation-pro-de-grenoble-inp-uga\\\/#article\",\"isPartOf\":{\"@id\":\"https:\\\/\\\/www.inovallee.com\\\/expedition-2035-une-journee-pour-explorer-les-nouvelles-voies-dune-economie-resiliente-organisee-le-13-novembre-prochain-par-le-departement-formation-pro-de-grenoble-inp-uga\\\/\"},\"author\":{\"name\":\"Margaux De la Fuente\",\"@id\":\"https:\\\/\\\/www.inovallee.com\\\/#\\\/schema\\\/person\\\/92dc7fd313568f5cc54aba72aba732fe\"},\"headline\":\"Exp\u00e9dition 2035\u00a0: une journ\u00e9e pour explorer les nouvelles voies d\u2019une \u00e9conomie r\u00e9siliente, organis\u00e9e le 13 novembre prochain par le d\u00e9partement formation pro de Grenoble INP -UGA\",\"datePublished\":\"2025-10-27T15:34:53+00:00\",\"dateModified\":\"2025-10-27T15:36:06+00:00\",\"mainEntityOfPage\":{\"@id\":\"https:\\\/\\\/www.inovallee.com\\\/expedition-2035-une-journee-pour-explorer-les-nouvelles-voies-dune-economie-resiliente-organisee-le-13-novembre-prochain-par-le-departement-formation-pro-de-grenoble-inp-uga\\\/\"},\"wordCount\":701,\"publisher\":{\"@id\":\"https:\\\/\\\/www.inovallee.com\\\/#organization\"},\"image\":{\"@id\":\"https:\\\/\\\/www.inovallee.com\\\/expedition-2035-une-journee-pour-explorer-les-nouvelles-voies-dune-economie-resiliente-organisee-le-13-novembre-prochain-par-le-departement-formation-pro-de-grenoble-inp-uga\\\/#primaryimage\"},\"thumbnailUrl\":\"https:\\\/\\\/www.inovallee.com\\\/wp-content\\\/uploads\\\/2025\\\/07\\\/expedition2035.png\",\"keywords\":[\"expedition2035\",\"inp\",\"UGA\"],\"articleSection\":[\"Ecosyst\u00e8me de l'innovation\"],\"inLanguage\":\"en-GB\"},{\"@type\":\"WebPage\",\"@id\":\"https:\\\/\\\/www.inovallee.com\\\/expedition-2035-une-journee-pour-explorer-les-nouvelles-voies-dune-economie-resiliente-organisee-le-13-novembre-prochain-par-le-departement-formation-pro-de-grenoble-inp-uga\\\/\",\"url\":\"https:\\\/\\\/www.inovallee.com\\\/expedition-2035-une-journee-pour-explorer-les-nouvelles-voies-dune-economie-resiliente-organisee-le-13-novembre-prochain-par-le-departement-formation-pro-de-grenoble-inp-uga\\\/\",\"name\":\"Exp\u00e9dition 2035\u00a0: une journ\u00e9e pour explorer les nouvelles voies d\u2019une \u00e9conomie r\u00e9siliente, organis\u00e9e le 13 novembre prochain par le d\u00e9partement formation pro de Grenoble INP -UGA - inovall\u00e9e\",\"isPartOf\":{\"@id\":\"https:\\\/\\\/www.inovallee.com\\\/#website\"},\"primaryImageOfPage\":{\"@id\":\"https:\\\/\\\/www.inovallee.com\\\/expedition-2035-une-journee-pour-explorer-les-nouvelles-voies-dune-economie-resiliente-organisee-le-13-novembre-prochain-par-le-departement-formation-pro-de-grenoble-inp-uga\\\/#primaryimage\"},\"image\":{\"@id\":\"https:\\\/\\\/www.inovallee.com\\\/expedition-2035-une-journee-pour-explorer-les-nouvelles-voies-dune-economie-resiliente-organisee-le-13-novembre-prochain-par-le-departement-formation-pro-de-grenoble-inp-uga\\\/#primaryimage\"},\"thumbnailUrl\":\"https:\\\/\\\/www.inovallee.com\\\/wp-content\\\/uploads\\\/2025\\\/07\\\/expedition2035.png\",\"datePublished\":\"2025-10-27T15:34:53+00:00\",\"dateModified\":\"2025-10-27T15:36:06+00:00\",\"description\":\"une journ\u00e9e pour prendre du recul, anticiper les transformations \u00e0 venir et rencontrer des partenaires locaux partageant les m\u00eames enjeux.\",\"breadcrumb\":{\"@id\":\"https:\\\/\\\/www.inovallee.com\\\/expedition-2035-une-journee-pour-explorer-les-nouvelles-voies-dune-economie-resiliente-organisee-le-13-novembre-prochain-par-le-departement-formation-pro-de-grenoble-inp-uga\\\/#breadcrumb\"},\"inLanguage\":\"en-GB\",\"potentialAction\":[{\"@type\":\"ReadAction\",\"target\":[\"https:\\\/\\\/www.inovallee.com\\\/expedition-2035-une-journee-pour-explorer-les-nouvelles-voies-dune-economie-resiliente-organisee-le-13-novembre-prochain-par-le-departement-formation-pro-de-grenoble-inp-uga\\\/\"]}]},{\"@type\":\"ImageObject\",\"inLanguage\":\"en-GB\",\"@id\":\"https:\\\/\\\/www.inovallee.com\\\/expedition-2035-une-journee-pour-explorer-les-nouvelles-voies-dune-economie-resiliente-organisee-le-13-novembre-prochain-par-le-departement-formation-pro-de-grenoble-inp-uga\\\/#primaryimage\",\"url\":\"https:\\\/\\\/www.inovallee.com\\\/wp-content\\\/uploads\\\/2025\\\/07\\\/expedition2035.png\",\"contentUrl\":\"https:\\\/\\\/www.inovallee.com\\\/wp-content\\\/uploads\\\/2025\\\/07\\\/expedition2035.png\",\"width\":800,\"height\":500},{\"@type\":\"BreadcrumbList\",\"@id\":\"https:\\\/\\\/www.inovallee.com\\\/expedition-2035-une-journee-pour-explorer-les-nouvelles-voies-dune-economie-resiliente-organisee-le-13-novembre-prochain-par-le-departement-formation-pro-de-grenoble-inp-uga\\\/#breadcrumb\",\"itemListElement\":[{\"@type\":\"ListItem\",\"position\":1,\"name\":\"Accueil\",\"item\":\"https:\\\/\\\/www.inovallee.com\\\/\"},{\"@type\":\"ListItem\",\"position\":2,\"name\":\"Exp\u00e9dition 2035\u00a0: une journ\u00e9e pour explorer les nouvelles voies d\u2019une \u00e9conomie r\u00e9siliente, organis\u00e9e le 13 novembre prochain par le d\u00e9partement formation pro de Grenoble INP -UGA\"}]},{\"@type\":\"WebSite\",\"@id\":\"https:\\\/\\\/www.inovallee.com\\\/#website\",\"url\":\"https:\\\/\\\/www.inovallee.com\\\/\",\"name\":\"inovall\u00e9e technopole, Home to software & smart technologies\",\"description\":\"Home to software &amp; smart technologies\",\"publisher\":{\"@id\":\"https:\\\/\\\/www.inovallee.com\\\/#organization\"},\"potentialAction\":[{\"@type\":\"SearchAction\",\"target\":{\"@type\":\"EntryPoint\",\"urlTemplate\":\"https:\\\/\\\/www.inovallee.com\\\/?s={search_term_string}\"},\"query-input\":{\"@type\":\"PropertyValueSpecification\",\"valueRequired\":true,\"valueName\":\"search_term_string\"}}],\"inLanguage\":\"en-GB\"},{\"@type\":\"Organization\",\"@id\":\"https:\\\/\\\/www.inovallee.com\\\/#organization\",\"name\":\"inovall\u00e9e\",\"url\":\"https:\\\/\\\/www.inovallee.com\\\/\",\"logo\":{\"@type\":\"ImageObject\",\"inLanguage\":\"en-GB\",\"@id\":\"https:\\\/\\\/www.inovallee.com\\\/#\\\/schema\\\/logo\\\/image\\\/\",\"url\":\"https:\\\/\\\/www.inovallee.com\\\/wp-content\\\/uploads\\\/2023\\\/08\\\/inovallee_2022_GrenobleAlpes.png\",\"contentUrl\":\"https:\\\/\\\/www.inovallee.com\\\/wp-content\\\/uploads\\\/2023\\\/08\\\/inovallee_2022_GrenobleAlpes.png\",\"width\":945,\"height\":369,\"caption\":\"inovall\u00e9e\"},\"image\":{\"@id\":\"https:\\\/\\\/www.inovallee.com\\\/#\\\/schema\\\/logo\\\/image\\\/\"},\"sameAs\":[\"https:\\\/\\\/www.facebook.com\\\/technopoleinovallee\\\/\",\"https:\\\/\\\/x.com\\\/inovallee\",\"https:\\\/\\\/www.linkedin.com\\\/company\\\/inovall-e\\\/\",\"https:\\\/\\\/www.youtube.com\\\/user\\\/inovallee?reload=9\"]},{\"@type\":\"Person\",\"@id\":\"https:\\\/\\\/www.inovallee.com\\\/#\\\/schema\\\/person\\\/92dc7fd313568f5cc54aba72aba732fe\",\"name\":\"Margaux De la Fuente\"}]}<\/script>\n<!-- \/ Yoast SEO plugin. -->","yoast_head_json":{"title":"Exp\u00e9dition 2035\u00a0: une journ\u00e9e pour explorer les nouvelles voies d\u2019une \u00e9conomie r\u00e9siliente, organis\u00e9e le 13 novembre prochain par le d\u00e9partement formation pro de Grenoble INP -UGA - inovall\u00e9e","description":"une journ\u00e9e pour prendre du recul, anticiper les transformations \u00e0 venir et rencontrer des partenaires locaux partageant les m\u00eames enjeux.","robots":{"index":"index","follow":"follow","max-snippet":"max-snippet:-1","max-image-preview":"max-image-preview:large","max-video-preview":"max-video-preview:-1"},"canonical":"https:\/\/www.inovallee.com\/en\/expedition-2035-une-journee-pour-explorer-les-nouvelles-voies-dune-economie-resiliente-organisee-le-13-novembre-prochain-par-le-departement-formation-pro-de-grenoble-inp-uga\/","og_locale":"en_GB","og_type":"article","og_title":"Exp\u00e9dition 2035\u00a0: une journ\u00e9e pour explorer les nouvelles voies d\u2019une \u00e9conomie r\u00e9siliente, organis\u00e9e le 13 novembre prochain par le d\u00e9partement formation pro de Grenoble INP -UGA - inovall\u00e9e","og_description":"une journ\u00e9e pour prendre du recul, anticiper les transformations \u00e0 venir et rencontrer des partenaires locaux partageant les m\u00eames enjeux.","og_url":"https:\/\/www.inovallee.com\/en\/expedition-2035-une-journee-pour-explorer-les-nouvelles-voies-dune-economie-resiliente-organisee-le-13-novembre-prochain-par-le-departement-formation-pro-de-grenoble-inp-uga\/","og_site_name":"inovall\u00e9e","article_publisher":"https:\/\/www.facebook.com\/technopoleinovallee\/","article_published_time":"2025-10-27T15:34:53+00:00","article_modified_time":"2025-10-27T15:36:06+00:00","og_image":[{"width":800,"height":500,"url":"https:\/\/www.inovallee.com\/wp-content\/uploads\/2025\/07\/expedition2035.png","type":"image\/png"}],"author":"Margaux De la Fuente","twitter_card":"summary_large_image","twitter_creator":"@inovallee","twitter_site":"@inovallee","twitter_misc":{"Written by":"Margaux De la Fuente","Estimated reading time":"4 minutes"},"schema":{"@context":"https:\/\/schema.org","@graph":[{"@type":"Article","@id":"https:\/\/www.inovallee.com\/expedition-2035-une-journee-pour-explorer-les-nouvelles-voies-dune-economie-resiliente-organisee-le-13-novembre-prochain-par-le-departement-formation-pro-de-grenoble-inp-uga\/#article","isPartOf":{"@id":"https:\/\/www.inovallee.com\/expedition-2035-une-journee-pour-explorer-les-nouvelles-voies-dune-economie-resiliente-organisee-le-13-novembre-prochain-par-le-departement-formation-pro-de-grenoble-inp-uga\/"},"author":{"name":"Margaux De la Fuente","@id":"https:\/\/www.inovallee.com\/#\/schema\/person\/92dc7fd313568f5cc54aba72aba732fe"},"headline":"Exp\u00e9dition 2035\u00a0: une journ\u00e9e pour explorer les nouvelles voies d\u2019une \u00e9conomie r\u00e9siliente, organis\u00e9e le 13 novembre prochain par le d\u00e9partement formation pro de Grenoble INP -UGA","datePublished":"2025-10-27T15:34:53+00:00","dateModified":"2025-10-27T15:36:06+00:00","mainEntityOfPage":{"@id":"https:\/\/www.inovallee.com\/expedition-2035-une-journee-pour-explorer-les-nouvelles-voies-dune-economie-resiliente-organisee-le-13-novembre-prochain-par-le-departement-formation-pro-de-grenoble-inp-uga\/"},"wordCount":701,"publisher":{"@id":"https:\/\/www.inovallee.com\/#organization"},"image":{"@id":"https:\/\/www.inovallee.com\/expedition-2035-une-journee-pour-explorer-les-nouvelles-voies-dune-economie-resiliente-organisee-le-13-novembre-prochain-par-le-departement-formation-pro-de-grenoble-inp-uga\/#primaryimage"},"thumbnailUrl":"https:\/\/www.inovallee.com\/wp-content\/uploads\/2025\/07\/expedition2035.png","keywords":["expedition2035","inp","UGA"],"articleSection":["Ecosyst\u00e8me de l'innovation"],"inLanguage":"en-GB"},{"@type":"WebPage","@id":"https:\/\/www.inovallee.com\/expedition-2035-une-journee-pour-explorer-les-nouvelles-voies-dune-economie-resiliente-organisee-le-13-novembre-prochain-par-le-departement-formation-pro-de-grenoble-inp-uga\/","url":"https:\/\/www.inovallee.com\/expedition-2035-une-journee-pour-explorer-les-nouvelles-voies-dune-economie-resiliente-organisee-le-13-novembre-prochain-par-le-departement-formation-pro-de-grenoble-inp-uga\/","name":"Exp\u00e9dition 2035\u00a0: une journ\u00e9e pour explorer les nouvelles voies d\u2019une \u00e9conomie r\u00e9siliente, organis\u00e9e le 13 novembre prochain par le d\u00e9partement formation pro de Grenoble INP -UGA - inovall\u00e9e","isPartOf":{"@id":"https:\/\/www.inovallee.com\/#website"},"primaryImageOfPage":{"@id":"https:\/\/www.inovallee.com\/expedition-2035-une-journee-pour-explorer-les-nouvelles-voies-dune-economie-resiliente-organisee-le-13-novembre-prochain-par-le-departement-formation-pro-de-grenoble-inp-uga\/#primaryimage"},"image":{"@id":"https:\/\/www.inovallee.com\/expedition-2035-une-journee-pour-explorer-les-nouvelles-voies-dune-economie-resiliente-organisee-le-13-novembre-prochain-par-le-departement-formation-pro-de-grenoble-inp-uga\/#primaryimage"},"thumbnailUrl":"https:\/\/www.inovallee.com\/wp-content\/uploads\/2025\/07\/expedition2035.png","datePublished":"2025-10-27T15:34:53+00:00","dateModified":"2025-10-27T15:36:06+00:00","description":"une journ\u00e9e pour prendre du recul, anticiper les transformations \u00e0 venir et rencontrer des partenaires locaux partageant les m\u00eames enjeux.","breadcrumb":{"@id":"https:\/\/www.inovallee.com\/expedition-2035-une-journee-pour-explorer-les-nouvelles-voies-dune-economie-resiliente-organisee-le-13-novembre-prochain-par-le-departement-formation-pro-de-grenoble-inp-uga\/#breadcrumb"},"inLanguage":"en-GB","potentialAction":[{"@type":"ReadAction","target":["https:\/\/www.inovallee.com\/expedition-2035-une-journee-pour-explorer-les-nouvelles-voies-dune-economie-resiliente-organisee-le-13-novembre-prochain-par-le-departement-formation-pro-de-grenoble-inp-uga\/"]}]},{"@type":"ImageObject","inLanguage":"en-GB","@id":"https:\/\/www.inovallee.com\/expedition-2035-une-journee-pour-explorer-les-nouvelles-voies-dune-economie-resiliente-organisee-le-13-novembre-prochain-par-le-departement-formation-pro-de-grenoble-inp-uga\/#primaryimage","url":"https:\/\/www.inovallee.com\/wp-content\/uploads\/2025\/07\/expedition2035.png","contentUrl":"https:\/\/www.inovallee.com\/wp-content\/uploads\/2025\/07\/expedition2035.png","width":800,"height":500},{"@type":"BreadcrumbList","@id":"https:\/\/www.inovallee.com\/expedition-2035-une-journee-pour-explorer-les-nouvelles-voies-dune-economie-resiliente-organisee-le-13-novembre-prochain-par-le-departement-formation-pro-de-grenoble-inp-uga\/#breadcrumb","itemListElement":[{"@type":"ListItem","position":1,"name":"Accueil","item":"https:\/\/www.inovallee.com\/"},{"@type":"ListItem","position":2,"name":"Exp\u00e9dition 2035\u00a0: une journ\u00e9e pour explorer les nouvelles voies d\u2019une \u00e9conomie r\u00e9siliente, organis\u00e9e le 13 novembre prochain par le d\u00e9partement formation pro de Grenoble INP -UGA"}]},{"@type":"WebSite","@id":"https:\/\/www.inovallee.com\/#website","url":"https:\/\/www.inovallee.com\/","name":"inovall\u00e9e technopole, Home to software & smart technologies","description":"Home to software &amp; smart technologies","publisher":{"@id":"https:\/\/www.inovallee.com\/#organization"},"potentialAction":[{"@type":"SearchAction","target":{"@type":"EntryPoint","urlTemplate":"https:\/\/www.inovallee.com\/?s={search_term_string}"},"query-input":{"@type":"PropertyValueSpecification","valueRequired":true,"valueName":"search_term_string"}}],"inLanguage":"en-GB"},{"@type":"Organization","@id":"https:\/\/www.inovallee.com\/#organization","name":"inovall\u00e9e","url":"https:\/\/www.inovallee.com\/","logo":{"@type":"ImageObject","inLanguage":"en-GB","@id":"https:\/\/www.inovallee.com\/#\/schema\/logo\/image\/","url":"https:\/\/www.inovallee.com\/wp-content\/uploads\/2023\/08\/inovallee_2022_GrenobleAlpes.png","contentUrl":"https:\/\/www.inovallee.com\/wp-content\/uploads\/2023\/08\/inovallee_2022_GrenobleAlpes.png","width":945,"height":369,"caption":"inovall\u00e9e"},"image":{"@id":"https:\/\/www.inovallee.com\/#\/schema\/logo\/image\/"},"sameAs":["https:\/\/www.facebook.com\/technopoleinovallee\/","https:\/\/x.com\/inovallee","https:\/\/www.linkedin.com\/company\/inovall-e\/","https:\/\/www.youtube.com\/user\/inovallee?reload=9"]},{"@type":"Person","@id":"https:\/\/www.inovallee.com\/#\/schema\/person\/92dc7fd313568f5cc54aba72aba732fe","name":"Margaux De la Fuente"}]}},"_links":{"self":[{"href":"http:\/\/www.inovallee.com\/en\/wp-json\/wp\/v2\/posts\/61531","targetHints":{"allow":["GET"]}}],"collection":[{"href":"http:\/\/www.inovallee.com\/en\/wp-json\/wp\/v2\/posts"}],"about":[{"href":"http:\/\/www.inovallee.com\/en\/wp-json\/wp\/v2\/types\/post"}],"author":[{"embeddable":true,"href":"http:\/\/www.inovallee.com\/en\/wp-json\/wp\/v2\/users\/18"}],"replies":[{"embeddable":true,"href":"http:\/\/www.inovallee.com\/en\/wp-json\/wp\/v2\/comments?post=61531"}],"version-history":[{"count":2,"href":"http:\/\/www.inovallee.com\/en\/wp-json\/wp\/v2\/posts\/61531\/revisions"}],"predecessor-version":[{"id":61533,"href":"http:\/\/www.inovallee.com\/en\/wp-json\/wp\/v2\/posts\/61531\/revisions\/61533"}],"wp:featuredmedia":[{"embeddable":true,"href":"http:\/\/www.inovallee.com\/en\/wp-json\/wp\/v2\/media\/60585"}],"wp:attachment":[{"href":"http:\/\/www.inovallee.com\/en\/wp-json\/wp\/v2\/media?parent=61531"}],"wp:term":[{"taxonomy":"category","embeddable":true,"href":"http:\/\/www.inovallee.com\/en\/wp-json\/wp\/v2\/categories?post=61531"},{"taxonomy":"post_tag","embeddable":true,"href":"http:\/\/www.inovallee.com\/en\/wp-json\/wp\/v2\/tags?post=61531"}],"curies":[{"name":"wp","href":"https:\/\/api.w.org\/{rel}","templated":true}]}}