{"id":61541,"date":"2025-10-28T10:20:58","date_gmt":"2025-10-28T09:20:58","guid":{"rendered":"https:\/\/www.inovallee.com\/?p=61541"},"modified":"2025-10-30T09:06:16","modified_gmt":"2025-10-30T08:06:16","slug":"talentia-accelere-sa-transformation-strategique-avec-la-nomination-dolivier-lemaitre-au-poste-de-directeur-general-cette-nomination-sinscrit-dans-la-volonte-du-groupe-daccompagner-les-eti-face","status":"publish","type":"post","link":"http:\/\/www.inovallee.com\/en\/talentia-accelere-sa-transformation-strategique-avec-la-nomination-dolivier-lemaitre-au-poste-de-directeur-general-cette-nomination-sinscrit-dans-la-volonte-du-groupe-daccompagner-les-eti-face\/","title":{"rendered":"Talentia acc\u00e9l\u00e8re sa transformation strat\u00e9gique avec la nomination d&rsquo;Olivier Lemaitre au poste de Directeur G\u00e9n\u00e9ral. Cette nomination s&rsquo;inscrit dans la volont\u00e9 du groupe d&rsquo;accompagner les ETI face aux d\u00e9fis de souverainet\u00e9 num\u00e9rique et d&rsquo;int\u00e9gration de l&rsquo;intelligence artificielle dans leurs solutions de gestion RH et financi\u00e8re."},"content":{"rendered":"<p>\u00c0 l\u2019heure o\u00f9 les enjeux de souverainet\u00e9 num\u00e9rique et d\u2019intelligence artificielle redessinent les contours de la performance des entreprises en g\u00e9n\u00e9ral et des ETI en particulier, Talentia ouvre un nouveau chapitre de son d\u00e9veloppement.<\/p>\n\n\n\n<p>En effet, le 1er octobre dernier, Olivier Lemaitre a pris la direction g\u00e9n\u00e9rale de l\u2019\u00e9diteur europ\u00e9en de logiciels, avec une mission claire : faire de Talentia le leader europ\u00e9en des solutions RH (paie, gestion des talents, gestion administrative des collaborateurs) et Finance (comptabilit\u00e9, consolisation, reporting et \u00e9laboration budg\u00e9taire) pour les ETI.<\/p>\n\n\n\n<h3 class=\"wp-block-heading\"><strong>Un dirigeant au parcours technologique solide<\/strong><\/h3>\n\n\n\n<p>Ing\u00e9nieur de formation, Olivier Lemaitre cumule plus de 25 ans d\u2019exp\u00e9rience dans l\u2019univers des logiciels d\u2019entreprise. Pass\u00e9 par SAP, Blue Yonder et Oracle France, o\u00f9 il pilotait les offres SaaS ERP et Finance, il s\u2019est forg\u00e9 une r\u00e9putation de strat\u00e8ge capable d\u2019accompagner les transformations num\u00e9riques \u00e0 grande \u00e9chelle.<br>\u00ab Je suis honor\u00e9 de rejoindre Talentia pour renforcer notre pr\u00e9sence europ\u00e9enne et b\u00e2tir une v\u00e9ritable alternative souveraine face aux \u00e9diteurs am\u00e9ricains \u00bb, d\u00e9clare-t-il.<\/p>\n\n\n\n<h3 class=\"wp-block-heading\"><strong>IA, souverainet\u00e9 et croissance ma\u00eetris\u00e9e : la vision Talentia<\/strong><\/h3>\n\n\n\n<p>Entreprise fran\u00e7aise \u00e0 ancrage europ\u00e9en, Talentia compte plus de 2 400 clients ETI et 410 collaborateurs r\u00e9partis dans 11 bureaux \u00e0 travers le continent.<br><br>L\u2019\u00e9diteur s\u2019impose comme un acteur cl\u00e9 de la transformation num\u00e9rique des ETI, avec des solutions modulaires alliant expertise m\u00e9tier et technologie avanc\u00e9e, pour simplifier les complexit\u00e9s RH et financi\u00e8res.<br><br><strong>Sa strat\u00e9gie repose d\u00e9sormais sur trois axes :<\/strong><\/p>\n\n\n\n<ul class=\"wp-block-list\">\n<li><strong>Int\u00e9grer l\u2019intelligence artificielle<\/strong> dans toutes ses solutions (d\u00e9tection d\u2019anomalies comptables, analyses RH intelligentes, reporting automatis\u00e9\u2026),<\/li>\n\n\n\n<li><strong>Acc\u00e9l\u00e9rer la croissance organique<\/strong> et conqu\u00e9rir de nouveaux march\u00e9s europ\u00e9ens,<\/li>\n\n\n\n<li><strong>Mener des acquisitions cibl\u00e9es<\/strong> pour enrichir son portefeuille technologique.<\/li>\n<\/ul>\n\n\n\n<h3 class=\"wp-block-heading\"><strong>Un ancrage m\u00e9tier fort sur inovall\u00e9e<\/strong><\/h3>\n\n\n\n<p>L\u2019implantation grenobloise de Talentia, situ\u00e9e sur Inovall\u00e9e \u00e0 Meylan, joue un r\u00f4le strat\u00e9gique dans cette expansion malgr\u00e9 sa petite \u00e9quipe. Le site rassemble en effet des experts en D\u00e9claration Sociale Nominative (DSN) et en conseil m\u00e9tier, illustrant la volont\u00e9 de l\u2019entreprise de combiner proximit\u00e9 terrain et excellence technique.<\/p>\n\n\n\n<h3 class=\"wp-block-heading\"><br><strong>Des solutions modulaires de gestion Finance et RH pour des organisations complexes<\/strong><\/h3>\n\n\n\n<p>Dans un paysage num\u00e9rique en constante \u00e9volution, les Entreprises de Taille Interm\u00e9diaire (ETI) doivent relever des d\u00e9fis complexes avec des moyens souvent limit\u00e9s. C\u2019est pr\u00e9cis\u00e9ment sur ce segment que Talentia a choisi de concentrer son expertise, en proposant des solutions RH et Finance con\u00e7ues pour r\u00e9pondre aux enjeux sp\u00e9cifiques de ces organisations.<\/p>\n\n\n\n<p>Entre les solutions standards trop rigides et les ERP lourds et co\u00fbteux, Talentia propose une voie interm\u00e9diaire : des solutions modulaires, param\u00e9trables et pragmatiques, capables de s\u2019adapter aux processus m\u00e9tiers sp\u00e9cifiques de chaque entreprise.<\/p>\n\n\n\n<p>Sa suite RH couvre l\u2019ensemble du cycle de vie des collaborateurs \u2013 de la paie \u00e0 la gestion des talents et des carri\u00e8res \u2013 tandis que sa suite Finance permet d\u2019automatiser les processus comptables, budg\u00e9taires et r\u00e9glementaires avec pr\u00e9cision.<\/p>\n\n\n\n<figure class=\"wp-block-image size-full\"><img fetchpriority=\"high\" decoding=\"async\" width=\"756\" height=\"662\" src=\"https:\/\/www.inovallee.com\/wp-content\/uploads\/2025\/10\/image-20.jpeg\" alt=\"\" class=\"wp-image-61542\" srcset=\"https:\/\/www.inovallee.com\/wp-content\/uploads\/2025\/10\/image-20.jpeg 756w, https:\/\/www.inovallee.com\/wp-content\/uploads\/2025\/10\/image-20-300x263.jpeg 300w, https:\/\/www.inovallee.com\/wp-content\/uploads\/2025\/10\/image-20-14x12.jpeg 14w\" sizes=\"(max-width: 756px) 100vw, 756px\" \/><\/figure>\n\n\n\n<h3 class=\"wp-block-heading\"><strong>Une croissance ma\u00eetris\u00e9e et reconnue<\/strong><\/h3>\n\n\n\n<p>Avec 61,4 M\u20ac de chiffre d\u2019affaires en 2024, dont 12,8 % r\u00e9investis en R&amp;D, Talentia affiche une croissance soutenue depuis trois ans, port\u00e9e par la mont\u00e9e en puissance du SaaS.<br><br>Reconnue par des analystes tels que Fosway, Markess et BARC, la soci\u00e9t\u00e9 confirme sa place parmi les \u00e9diteurs europ\u00e9ens de r\u00e9f\u00e9rence pour les ETI.<\/p>\n\n\n\n<h4 class=\"wp-block-heading\"><strong>Chiffres cl\u00e9s<\/strong><\/h4>\n\n\n\n<ul class=\"wp-block-list\">\n<li>410 collaborateurs<\/li>\n\n\n\n<li>11 bureaux en Europe<\/li>\n\n\n\n<li>2 421 clients ETI<\/li>\n\n\n\n<li>61,4 M\u20ac de chiffre d\u2019affaires (2024)<\/li>\n\n\n\n<li>12,8 % du revenu investi en R&amp;D<\/li>\n\n\n\n<li>40 % de l\u2019activit\u00e9 RH, 60 % Finance<\/li>\n<\/ul>","protected":false},"excerpt":{"rendered":"<p>\u00c0 l\u2019heure o\u00f9 les enjeux de souverainet\u00e9 num\u00e9rique et d\u2019intelligence artificielle redessinent les contours de la performance des entreprises en g\u00e9n\u00e9ral et des ETI en particulier, Talentia ouvre un nouveau chapitre de son d\u00e9veloppement. En effet, le 1er octobre dernier, Olivier Lemaitre a pris la direction g\u00e9n\u00e9rale de l\u2019\u00e9diteur europ\u00e9en de logiciels, avec une mission [&hellip;]<\/p>\n","protected":false},"author":18,"featured_media":61543,"comment_status":"closed","ping_status":"open","sticky":false,"template":"","format":"standard","meta":{"footnotes":""},"categories":[31],"tags":[3222],"class_list":["post-61541","post","type-post","status-publish","format-standard","has-post-thumbnail","hentry","category-vie-technopole-inovallee","tag-talentia"],"yoast_head":"<!-- This site is optimized with the Yoast SEO plugin v27.4 - https:\/\/yoast.com\/product\/yoast-seo-wordpress\/ -->\n<title>Talentia acc\u00e9l\u00e8re sa transformation strat\u00e9gique avec la nomination d&#039;Olivier Lemaitre au poste de Directeur G\u00e9n\u00e9ral. Cette nomination s&#039;inscrit dans la volont\u00e9 du groupe d&#039;accompagner les ETI face aux d\u00e9fis de souverainet\u00e9 num\u00e9rique et d&#039;int\u00e9gration de l&#039;intelligence artificielle dans leurs solutions de gestion RH et financi\u00e8re. - inovall\u00e9e<\/title>\n<meta name=\"description\" content=\"L\u2019implantation grenobloise de Talentia, situ\u00e9e sur Inovall\u00e9e \u00e0 Meylan, joue un r\u00f4le strat\u00e9gique dans cette expansion malgr\u00e9 sa petite \u00e9quipe.\" \/>\n<meta name=\"robots\" content=\"index, follow, max-snippet:-1, max-image-preview:large, max-video-preview:-1\" \/>\n<link rel=\"canonical\" href=\"https:\/\/www.inovallee.com\/en\/talentia-accelere-sa-transformation-strategique-avec-la-nomination-dolivier-lemaitre-au-poste-de-directeur-general-cette-nomination-sinscrit-dans-la-volonte-du-groupe-daccompagner-les-eti-face\/\" \/>\n<meta property=\"og:locale\" content=\"en_GB\" \/>\n<meta property=\"og:type\" content=\"article\" \/>\n<meta property=\"og:title\" content=\"Talentia acc\u00e9l\u00e8re sa transformation strat\u00e9gique avec la nomination d&#039;Olivier Lemaitre au poste de Directeur G\u00e9n\u00e9ral. Cette nomination s&#039;inscrit dans la volont\u00e9 du groupe d&#039;accompagner les ETI face aux d\u00e9fis de souverainet\u00e9 num\u00e9rique et d&#039;int\u00e9gration de l&#039;intelligence artificielle dans leurs solutions de gestion RH et financi\u00e8re. - inovall\u00e9e\" \/>\n<meta property=\"og:description\" content=\"L\u2019implantation grenobloise de Talentia, situ\u00e9e sur Inovall\u00e9e \u00e0 Meylan, joue un r\u00f4le strat\u00e9gique dans cette expansion malgr\u00e9 sa petite \u00e9quipe.\" \/>\n<meta property=\"og:url\" content=\"https:\/\/www.inovallee.com\/en\/talentia-accelere-sa-transformation-strategique-avec-la-nomination-dolivier-lemaitre-au-poste-de-directeur-general-cette-nomination-sinscrit-dans-la-volonte-du-groupe-daccompagner-les-eti-face\/\" \/>\n<meta property=\"og:site_name\" content=\"inovall\u00e9e\" \/>\n<meta property=\"article:publisher\" content=\"https:\/\/www.facebook.com\/technopoleinovallee\/\" \/>\n<meta property=\"article:published_time\" content=\"2025-10-28T09:20:58+00:00\" \/>\n<meta property=\"article:modified_time\" content=\"2025-10-30T08:06:16+00:00\" \/>\n<meta property=\"og:image\" content=\"https:\/\/www.inovallee.com\/wp-content\/uploads\/2025\/10\/image-1.png\" \/>\n\t<meta property=\"og:image:width\" content=\"945\" \/>\n\t<meta property=\"og:image:height\" content=\"609\" \/>\n\t<meta property=\"og:image:type\" content=\"image\/png\" \/>\n<meta name=\"author\" content=\"Margaux De la Fuente\" \/>\n<meta name=\"twitter:card\" content=\"summary_large_image\" \/>\n<meta name=\"twitter:creator\" content=\"@inovallee\" \/>\n<meta name=\"twitter:site\" content=\"@inovallee\" \/>\n<meta name=\"twitter:label1\" content=\"Written by\" \/>\n\t<meta name=\"twitter:data1\" content=\"Margaux De la Fuente\" \/>\n\t<meta name=\"twitter:label2\" content=\"Estimated reading time\" \/>\n\t<meta name=\"twitter:data2\" content=\"4 minutes\" \/>\n<script type=\"application\/ld+json\" class=\"yoast-schema-graph\">{\"@context\":\"https:\\\/\\\/schema.org\",\"@graph\":[{\"@type\":\"Article\",\"@id\":\"https:\\\/\\\/www.inovallee.com\\\/talentia-accelere-sa-transformation-strategique-avec-la-nomination-dolivier-lemaitre-au-poste-de-directeur-general-cette-nomination-sinscrit-dans-la-volonte-du-groupe-daccompagner-les-eti-face\\\/#article\",\"isPartOf\":{\"@id\":\"https:\\\/\\\/www.inovallee.com\\\/talentia-accelere-sa-transformation-strategique-avec-la-nomination-dolivier-lemaitre-au-poste-de-directeur-general-cette-nomination-sinscrit-dans-la-volonte-du-groupe-daccompagner-les-eti-face\\\/\"},\"author\":{\"name\":\"Margaux De la Fuente\",\"@id\":\"https:\\\/\\\/www.inovallee.com\\\/#\\\/schema\\\/person\\\/92dc7fd313568f5cc54aba72aba732fe\"},\"headline\":\"Talentia acc\u00e9l\u00e8re sa transformation strat\u00e9gique avec la nomination d&rsquo;Olivier Lemaitre au poste de Directeur G\u00e9n\u00e9ral. Cette nomination s&rsquo;inscrit dans la volont\u00e9 du groupe d&rsquo;accompagner les ETI face aux d\u00e9fis de souverainet\u00e9 num\u00e9rique et d&rsquo;int\u00e9gration de l&rsquo;intelligence artificielle dans leurs solutions de gestion RH et financi\u00e8re.\",\"datePublished\":\"2025-10-28T09:20:58+00:00\",\"dateModified\":\"2025-10-30T08:06:16+00:00\",\"mainEntityOfPage\":{\"@id\":\"https:\\\/\\\/www.inovallee.com\\\/talentia-accelere-sa-transformation-strategique-avec-la-nomination-dolivier-lemaitre-au-poste-de-directeur-general-cette-nomination-sinscrit-dans-la-volonte-du-groupe-daccompagner-les-eti-face\\\/\"},\"wordCount\":675,\"publisher\":{\"@id\":\"https:\\\/\\\/www.inovallee.com\\\/#organization\"},\"image\":{\"@id\":\"https:\\\/\\\/www.inovallee.com\\\/talentia-accelere-sa-transformation-strategique-avec-la-nomination-dolivier-lemaitre-au-poste-de-directeur-general-cette-nomination-sinscrit-dans-la-volonte-du-groupe-daccompagner-les-eti-face\\\/#primaryimage\"},\"thumbnailUrl\":\"https:\\\/\\\/www.inovallee.com\\\/wp-content\\\/uploads\\\/2025\\\/10\\\/image-1.png\",\"keywords\":[\"TALENTIA\"],\"articleSection\":[\"Vie de la technopole inovall\u00e9e\"],\"inLanguage\":\"en-GB\"},{\"@type\":\"WebPage\",\"@id\":\"https:\\\/\\\/www.inovallee.com\\\/talentia-accelere-sa-transformation-strategique-avec-la-nomination-dolivier-lemaitre-au-poste-de-directeur-general-cette-nomination-sinscrit-dans-la-volonte-du-groupe-daccompagner-les-eti-face\\\/\",\"url\":\"https:\\\/\\\/www.inovallee.com\\\/talentia-accelere-sa-transformation-strategique-avec-la-nomination-dolivier-lemaitre-au-poste-de-directeur-general-cette-nomination-sinscrit-dans-la-volonte-du-groupe-daccompagner-les-eti-face\\\/\",\"name\":\"Talentia acc\u00e9l\u00e8re sa transformation strat\u00e9gique avec la nomination d'Olivier Lemaitre au poste de Directeur G\u00e9n\u00e9ral. Cette nomination s'inscrit dans la volont\u00e9 du groupe d'accompagner les ETI face aux d\u00e9fis de souverainet\u00e9 num\u00e9rique et d'int\u00e9gration de l'intelligence artificielle dans leurs solutions de gestion RH et financi\u00e8re. - inovall\u00e9e\",\"isPartOf\":{\"@id\":\"https:\\\/\\\/www.inovallee.com\\\/#website\"},\"primaryImageOfPage\":{\"@id\":\"https:\\\/\\\/www.inovallee.com\\\/talentia-accelere-sa-transformation-strategique-avec-la-nomination-dolivier-lemaitre-au-poste-de-directeur-general-cette-nomination-sinscrit-dans-la-volonte-du-groupe-daccompagner-les-eti-face\\\/#primaryimage\"},\"image\":{\"@id\":\"https:\\\/\\\/www.inovallee.com\\\/talentia-accelere-sa-transformation-strategique-avec-la-nomination-dolivier-lemaitre-au-poste-de-directeur-general-cette-nomination-sinscrit-dans-la-volonte-du-groupe-daccompagner-les-eti-face\\\/#primaryimage\"},\"thumbnailUrl\":\"https:\\\/\\\/www.inovallee.com\\\/wp-content\\\/uploads\\\/2025\\\/10\\\/image-1.png\",\"datePublished\":\"2025-10-28T09:20:58+00:00\",\"dateModified\":\"2025-10-30T08:06:16+00:00\",\"description\":\"L\u2019implantation grenobloise de Talentia, situ\u00e9e sur Inovall\u00e9e \u00e0 Meylan, joue un r\u00f4le strat\u00e9gique dans cette expansion malgr\u00e9 sa petite \u00e9quipe.\",\"breadcrumb\":{\"@id\":\"https:\\\/\\\/www.inovallee.com\\\/talentia-accelere-sa-transformation-strategique-avec-la-nomination-dolivier-lemaitre-au-poste-de-directeur-general-cette-nomination-sinscrit-dans-la-volonte-du-groupe-daccompagner-les-eti-face\\\/#breadcrumb\"},\"inLanguage\":\"en-GB\",\"potentialAction\":[{\"@type\":\"ReadAction\",\"target\":[\"https:\\\/\\\/www.inovallee.com\\\/talentia-accelere-sa-transformation-strategique-avec-la-nomination-dolivier-lemaitre-au-poste-de-directeur-general-cette-nomination-sinscrit-dans-la-volonte-du-groupe-daccompagner-les-eti-face\\\/\"]}]},{\"@type\":\"ImageObject\",\"inLanguage\":\"en-GB\",\"@id\":\"https:\\\/\\\/www.inovallee.com\\\/talentia-accelere-sa-transformation-strategique-avec-la-nomination-dolivier-lemaitre-au-poste-de-directeur-general-cette-nomination-sinscrit-dans-la-volonte-du-groupe-daccompagner-les-eti-face\\\/#primaryimage\",\"url\":\"https:\\\/\\\/www.inovallee.com\\\/wp-content\\\/uploads\\\/2025\\\/10\\\/image-1.png\",\"contentUrl\":\"https:\\\/\\\/www.inovallee.com\\\/wp-content\\\/uploads\\\/2025\\\/10\\\/image-1.png\",\"width\":945,\"height\":609},{\"@type\":\"BreadcrumbList\",\"@id\":\"https:\\\/\\\/www.inovallee.com\\\/talentia-accelere-sa-transformation-strategique-avec-la-nomination-dolivier-lemaitre-au-poste-de-directeur-general-cette-nomination-sinscrit-dans-la-volonte-du-groupe-daccompagner-les-eti-face\\\/#breadcrumb\",\"itemListElement\":[{\"@type\":\"ListItem\",\"position\":1,\"name\":\"Accueil\",\"item\":\"https:\\\/\\\/www.inovallee.com\\\/\"},{\"@type\":\"ListItem\",\"position\":2,\"name\":\"Talentia acc\u00e9l\u00e8re sa transformation strat\u00e9gique avec la nomination d&rsquo;Olivier Lemaitre au poste de Directeur G\u00e9n\u00e9ral. Cette nomination s&rsquo;inscrit dans la volont\u00e9 du groupe d&rsquo;accompagner les ETI face aux d\u00e9fis de souverainet\u00e9 num\u00e9rique et d&rsquo;int\u00e9gration de l&rsquo;intelligence artificielle dans leurs solutions de gestion RH et financi\u00e8re.\"}]},{\"@type\":\"WebSite\",\"@id\":\"https:\\\/\\\/www.inovallee.com\\\/#website\",\"url\":\"https:\\\/\\\/www.inovallee.com\\\/\",\"name\":\"inovall\u00e9e technopole, Home to software & smart technologies\",\"description\":\"Home to software &amp; smart technologies\",\"publisher\":{\"@id\":\"https:\\\/\\\/www.inovallee.com\\\/#organization\"},\"potentialAction\":[{\"@type\":\"SearchAction\",\"target\":{\"@type\":\"EntryPoint\",\"urlTemplate\":\"https:\\\/\\\/www.inovallee.com\\\/?s={search_term_string}\"},\"query-input\":{\"@type\":\"PropertyValueSpecification\",\"valueRequired\":true,\"valueName\":\"search_term_string\"}}],\"inLanguage\":\"en-GB\"},{\"@type\":\"Organization\",\"@id\":\"https:\\\/\\\/www.inovallee.com\\\/#organization\",\"name\":\"inovall\u00e9e\",\"url\":\"https:\\\/\\\/www.inovallee.com\\\/\",\"logo\":{\"@type\":\"ImageObject\",\"inLanguage\":\"en-GB\",\"@id\":\"https:\\\/\\\/www.inovallee.com\\\/#\\\/schema\\\/logo\\\/image\\\/\",\"url\":\"https:\\\/\\\/www.inovallee.com\\\/wp-content\\\/uploads\\\/2023\\\/08\\\/inovallee_2022_GrenobleAlpes.png\",\"contentUrl\":\"https:\\\/\\\/www.inovallee.com\\\/wp-content\\\/uploads\\\/2023\\\/08\\\/inovallee_2022_GrenobleAlpes.png\",\"width\":945,\"height\":369,\"caption\":\"inovall\u00e9e\"},\"image\":{\"@id\":\"https:\\\/\\\/www.inovallee.com\\\/#\\\/schema\\\/logo\\\/image\\\/\"},\"sameAs\":[\"https:\\\/\\\/www.facebook.com\\\/technopoleinovallee\\\/\",\"https:\\\/\\\/x.com\\\/inovallee\",\"https:\\\/\\\/www.linkedin.com\\\/company\\\/inovall-e\\\/\",\"https:\\\/\\\/www.youtube.com\\\/user\\\/inovallee?reload=9\"]},{\"@type\":\"Person\",\"@id\":\"https:\\\/\\\/www.inovallee.com\\\/#\\\/schema\\\/person\\\/92dc7fd313568f5cc54aba72aba732fe\",\"name\":\"Margaux De la Fuente\"}]}<\/script>\n<!-- \/ Yoast SEO plugin. -->","yoast_head_json":{"title":"Talentia acc\u00e9l\u00e8re sa transformation strat\u00e9gique avec la nomination d'Olivier Lemaitre au poste de Directeur G\u00e9n\u00e9ral. Cette nomination s'inscrit dans la volont\u00e9 du groupe d'accompagner les ETI face aux d\u00e9fis de souverainet\u00e9 num\u00e9rique et d'int\u00e9gration de l'intelligence artificielle dans leurs solutions de gestion RH et financi\u00e8re. - inovall\u00e9e","description":"L\u2019implantation grenobloise de Talentia, situ\u00e9e sur Inovall\u00e9e \u00e0 Meylan, joue un r\u00f4le strat\u00e9gique dans cette expansion malgr\u00e9 sa petite \u00e9quipe.","robots":{"index":"index","follow":"follow","max-snippet":"max-snippet:-1","max-image-preview":"max-image-preview:large","max-video-preview":"max-video-preview:-1"},"canonical":"https:\/\/www.inovallee.com\/en\/talentia-accelere-sa-transformation-strategique-avec-la-nomination-dolivier-lemaitre-au-poste-de-directeur-general-cette-nomination-sinscrit-dans-la-volonte-du-groupe-daccompagner-les-eti-face\/","og_locale":"en_GB","og_type":"article","og_title":"Talentia acc\u00e9l\u00e8re sa transformation strat\u00e9gique avec la nomination d'Olivier Lemaitre au poste de Directeur G\u00e9n\u00e9ral. Cette nomination s'inscrit dans la volont\u00e9 du groupe d'accompagner les ETI face aux d\u00e9fis de souverainet\u00e9 num\u00e9rique et d'int\u00e9gration de l'intelligence artificielle dans leurs solutions de gestion RH et financi\u00e8re. - inovall\u00e9e","og_description":"L\u2019implantation grenobloise de Talentia, situ\u00e9e sur Inovall\u00e9e \u00e0 Meylan, joue un r\u00f4le strat\u00e9gique dans cette expansion malgr\u00e9 sa petite \u00e9quipe.","og_url":"https:\/\/www.inovallee.com\/en\/talentia-accelere-sa-transformation-strategique-avec-la-nomination-dolivier-lemaitre-au-poste-de-directeur-general-cette-nomination-sinscrit-dans-la-volonte-du-groupe-daccompagner-les-eti-face\/","og_site_name":"inovall\u00e9e","article_publisher":"https:\/\/www.facebook.com\/technopoleinovallee\/","article_published_time":"2025-10-28T09:20:58+00:00","article_modified_time":"2025-10-30T08:06:16+00:00","og_image":[{"width":945,"height":609,"url":"https:\/\/www.inovallee.com\/wp-content\/uploads\/2025\/10\/image-1.png","type":"image\/png"}],"author":"Margaux De la Fuente","twitter_card":"summary_large_image","twitter_creator":"@inovallee","twitter_site":"@inovallee","twitter_misc":{"Written by":"Margaux De la Fuente","Estimated reading time":"4 minutes"},"schema":{"@context":"https:\/\/schema.org","@graph":[{"@type":"Article","@id":"https:\/\/www.inovallee.com\/talentia-accelere-sa-transformation-strategique-avec-la-nomination-dolivier-lemaitre-au-poste-de-directeur-general-cette-nomination-sinscrit-dans-la-volonte-du-groupe-daccompagner-les-eti-face\/#article","isPartOf":{"@id":"https:\/\/www.inovallee.com\/talentia-accelere-sa-transformation-strategique-avec-la-nomination-dolivier-lemaitre-au-poste-de-directeur-general-cette-nomination-sinscrit-dans-la-volonte-du-groupe-daccompagner-les-eti-face\/"},"author":{"name":"Margaux De la Fuente","@id":"https:\/\/www.inovallee.com\/#\/schema\/person\/92dc7fd313568f5cc54aba72aba732fe"},"headline":"Talentia acc\u00e9l\u00e8re sa transformation strat\u00e9gique avec la nomination d&rsquo;Olivier Lemaitre au poste de Directeur G\u00e9n\u00e9ral. Cette nomination s&rsquo;inscrit dans la volont\u00e9 du groupe d&rsquo;accompagner les ETI face aux d\u00e9fis de souverainet\u00e9 num\u00e9rique et d&rsquo;int\u00e9gration de l&rsquo;intelligence artificielle dans leurs solutions de gestion RH et financi\u00e8re.","datePublished":"2025-10-28T09:20:58+00:00","dateModified":"2025-10-30T08:06:16+00:00","mainEntityOfPage":{"@id":"https:\/\/www.inovallee.com\/talentia-accelere-sa-transformation-strategique-avec-la-nomination-dolivier-lemaitre-au-poste-de-directeur-general-cette-nomination-sinscrit-dans-la-volonte-du-groupe-daccompagner-les-eti-face\/"},"wordCount":675,"publisher":{"@id":"https:\/\/www.inovallee.com\/#organization"},"image":{"@id":"https:\/\/www.inovallee.com\/talentia-accelere-sa-transformation-strategique-avec-la-nomination-dolivier-lemaitre-au-poste-de-directeur-general-cette-nomination-sinscrit-dans-la-volonte-du-groupe-daccompagner-les-eti-face\/#primaryimage"},"thumbnailUrl":"https:\/\/www.inovallee.com\/wp-content\/uploads\/2025\/10\/image-1.png","keywords":["TALENTIA"],"articleSection":["Vie de la technopole inovall\u00e9e"],"inLanguage":"en-GB"},{"@type":"WebPage","@id":"https:\/\/www.inovallee.com\/talentia-accelere-sa-transformation-strategique-avec-la-nomination-dolivier-lemaitre-au-poste-de-directeur-general-cette-nomination-sinscrit-dans-la-volonte-du-groupe-daccompagner-les-eti-face\/","url":"https:\/\/www.inovallee.com\/talentia-accelere-sa-transformation-strategique-avec-la-nomination-dolivier-lemaitre-au-poste-de-directeur-general-cette-nomination-sinscrit-dans-la-volonte-du-groupe-daccompagner-les-eti-face\/","name":"Talentia acc\u00e9l\u00e8re sa transformation strat\u00e9gique avec la nomination d'Olivier Lemaitre au poste de Directeur G\u00e9n\u00e9ral. Cette nomination s'inscrit dans la volont\u00e9 du groupe d'accompagner les ETI face aux d\u00e9fis de souverainet\u00e9 num\u00e9rique et d'int\u00e9gration de l'intelligence artificielle dans leurs solutions de gestion RH et financi\u00e8re. - inovall\u00e9e","isPartOf":{"@id":"https:\/\/www.inovallee.com\/#website"},"primaryImageOfPage":{"@id":"https:\/\/www.inovallee.com\/talentia-accelere-sa-transformation-strategique-avec-la-nomination-dolivier-lemaitre-au-poste-de-directeur-general-cette-nomination-sinscrit-dans-la-volonte-du-groupe-daccompagner-les-eti-face\/#primaryimage"},"image":{"@id":"https:\/\/www.inovallee.com\/talentia-accelere-sa-transformation-strategique-avec-la-nomination-dolivier-lemaitre-au-poste-de-directeur-general-cette-nomination-sinscrit-dans-la-volonte-du-groupe-daccompagner-les-eti-face\/#primaryimage"},"thumbnailUrl":"https:\/\/www.inovallee.com\/wp-content\/uploads\/2025\/10\/image-1.png","datePublished":"2025-10-28T09:20:58+00:00","dateModified":"2025-10-30T08:06:16+00:00","description":"L\u2019implantation grenobloise de Talentia, situ\u00e9e sur Inovall\u00e9e \u00e0 Meylan, joue un r\u00f4le strat\u00e9gique dans cette expansion malgr\u00e9 sa petite \u00e9quipe.","breadcrumb":{"@id":"https:\/\/www.inovallee.com\/talentia-accelere-sa-transformation-strategique-avec-la-nomination-dolivier-lemaitre-au-poste-de-directeur-general-cette-nomination-sinscrit-dans-la-volonte-du-groupe-daccompagner-les-eti-face\/#breadcrumb"},"inLanguage":"en-GB","potentialAction":[{"@type":"ReadAction","target":["https:\/\/www.inovallee.com\/talentia-accelere-sa-transformation-strategique-avec-la-nomination-dolivier-lemaitre-au-poste-de-directeur-general-cette-nomination-sinscrit-dans-la-volonte-du-groupe-daccompagner-les-eti-face\/"]}]},{"@type":"ImageObject","inLanguage":"en-GB","@id":"https:\/\/www.inovallee.com\/talentia-accelere-sa-transformation-strategique-avec-la-nomination-dolivier-lemaitre-au-poste-de-directeur-general-cette-nomination-sinscrit-dans-la-volonte-du-groupe-daccompagner-les-eti-face\/#primaryimage","url":"https:\/\/www.inovallee.com\/wp-content\/uploads\/2025\/10\/image-1.png","contentUrl":"https:\/\/www.inovallee.com\/wp-content\/uploads\/2025\/10\/image-1.png","width":945,"height":609},{"@type":"BreadcrumbList","@id":"https:\/\/www.inovallee.com\/talentia-accelere-sa-transformation-strategique-avec-la-nomination-dolivier-lemaitre-au-poste-de-directeur-general-cette-nomination-sinscrit-dans-la-volonte-du-groupe-daccompagner-les-eti-face\/#breadcrumb","itemListElement":[{"@type":"ListItem","position":1,"name":"Accueil","item":"https:\/\/www.inovallee.com\/"},{"@type":"ListItem","position":2,"name":"Talentia acc\u00e9l\u00e8re sa transformation strat\u00e9gique avec la nomination d&rsquo;Olivier Lemaitre au poste de Directeur G\u00e9n\u00e9ral. Cette nomination s&rsquo;inscrit dans la volont\u00e9 du groupe d&rsquo;accompagner les ETI face aux d\u00e9fis de souverainet\u00e9 num\u00e9rique et d&rsquo;int\u00e9gration de l&rsquo;intelligence artificielle dans leurs solutions de gestion RH et financi\u00e8re."}]},{"@type":"WebSite","@id":"https:\/\/www.inovallee.com\/#website","url":"https:\/\/www.inovallee.com\/","name":"inovall\u00e9e technopole, Home to software & smart technologies","description":"Home to software &amp; smart technologies","publisher":{"@id":"https:\/\/www.inovallee.com\/#organization"},"potentialAction":[{"@type":"SearchAction","target":{"@type":"EntryPoint","urlTemplate":"https:\/\/www.inovallee.com\/?s={search_term_string}"},"query-input":{"@type":"PropertyValueSpecification","valueRequired":true,"valueName":"search_term_string"}}],"inLanguage":"en-GB"},{"@type":"Organization","@id":"https:\/\/www.inovallee.com\/#organization","name":"inovall\u00e9e","url":"https:\/\/www.inovallee.com\/","logo":{"@type":"ImageObject","inLanguage":"en-GB","@id":"https:\/\/www.inovallee.com\/#\/schema\/logo\/image\/","url":"https:\/\/www.inovallee.com\/wp-content\/uploads\/2023\/08\/inovallee_2022_GrenobleAlpes.png","contentUrl":"https:\/\/www.inovallee.com\/wp-content\/uploads\/2023\/08\/inovallee_2022_GrenobleAlpes.png","width":945,"height":369,"caption":"inovall\u00e9e"},"image":{"@id":"https:\/\/www.inovallee.com\/#\/schema\/logo\/image\/"},"sameAs":["https:\/\/www.facebook.com\/technopoleinovallee\/","https:\/\/x.com\/inovallee","https:\/\/www.linkedin.com\/company\/inovall-e\/","https:\/\/www.youtube.com\/user\/inovallee?reload=9"]},{"@type":"Person","@id":"https:\/\/www.inovallee.com\/#\/schema\/person\/92dc7fd313568f5cc54aba72aba732fe","name":"Margaux De la Fuente"}]}},"_links":{"self":[{"href":"http:\/\/www.inovallee.com\/en\/wp-json\/wp\/v2\/posts\/61541","targetHints":{"allow":["GET"]}}],"collection":[{"href":"http:\/\/www.inovallee.com\/en\/wp-json\/wp\/v2\/posts"}],"about":[{"href":"http:\/\/www.inovallee.com\/en\/wp-json\/wp\/v2\/types\/post"}],"author":[{"embeddable":true,"href":"http:\/\/www.inovallee.com\/en\/wp-json\/wp\/v2\/users\/18"}],"replies":[{"embeddable":true,"href":"http:\/\/www.inovallee.com\/en\/wp-json\/wp\/v2\/comments?post=61541"}],"version-history":[{"count":3,"href":"http:\/\/www.inovallee.com\/en\/wp-json\/wp\/v2\/posts\/61541\/revisions"}],"predecessor-version":[{"id":61546,"href":"http:\/\/www.inovallee.com\/en\/wp-json\/wp\/v2\/posts\/61541\/revisions\/61546"}],"wp:featuredmedia":[{"embeddable":true,"href":"http:\/\/www.inovallee.com\/en\/wp-json\/wp\/v2\/media\/61543"}],"wp:attachment":[{"href":"http:\/\/www.inovallee.com\/en\/wp-json\/wp\/v2\/media?parent=61541"}],"wp:term":[{"taxonomy":"category","embeddable":true,"href":"http:\/\/www.inovallee.com\/en\/wp-json\/wp\/v2\/categories?post=61541"},{"taxonomy":"post_tag","embeddable":true,"href":"http:\/\/www.inovallee.com\/en\/wp-json\/wp\/v2\/tags?post=61541"}],"curies":[{"name":"wp","href":"https:\/\/api.w.org\/{rel}","templated":true}]}}