{"id":7761,"date":"2016-06-02T11:50:09","date_gmt":"2016-06-02T10:50:09","guid":{"rendered":"https:\/\/www.inovallee.com\/?p=7761"},"modified":"2016-06-02T11:50:09","modified_gmt":"2016-06-02T10:50:09","slug":"entretien-avec-patrick-gros-directeur-du-centre-de-recherche-inria","status":"publish","type":"post","link":"http:\/\/www.inovallee.com\/en\/entretien-avec-patrick-gros-directeur-du-centre-de-recherche-inria\/","title":{"rendered":"Entretien avec Patrick Gros &#8211; Directeur du Centre de Recherche INRIA"},"content":{"rendered":"<p><a href=\"https:\/\/www.inovallee.com\/wp-content\/uploads\/2016\/06\/blog_une-article-Patrick-Gros-INRIA.png\"><img fetchpriority=\"high\" decoding=\"async\" class=\"size-thumbnail wp-image-7762 alignleft\" src=\"https:\/\/www.inovallee.com\/wp-content\/uploads\/2016\/06\/blog_une-article-Patrick-Gros-INRIA-300x202.png\" alt=\"blog_une-article Patrick Gros INRIA\" width=\"300\" height=\"202\" srcset=\"https:\/\/www.inovallee.com\/wp-content\/uploads\/2016\/06\/blog_une-article-Patrick-Gros-INRIA-300x202.png 300w, https:\/\/www.inovallee.com\/wp-content\/uploads\/2016\/06\/blog_une-article-Patrick-Gros-INRIA.png 305w\" sizes=\"(max-width: 300px) 100vw, 300px\" \/><\/a><\/p>\n<ul>\n<li><strong>Comment \u00ab\u00a0votre histoire\u00a0\u00bb avec l&rsquo;INRIA a commenc\u00e9 ?<\/strong><\/li>\n<\/ul>\n<p style=\"text-align: justify;\">Disons que c\u2019est Inria qui est venu \u00e0 moi\u00a0! Je suis titulaire d\u2019un doctorat en informatique et c\u2019est durant ma th\u00e8se que l\u2019\u00e9quipe o\u00f9 je travaillais est devenue une des quatre premi\u00e8res \u00e9quipes Inria de Grenoble.\u00a0 J\u2019ai \u00e9t\u00e9 recrut\u00e9 comme chercheur au CNRS et j\u2019ai ensuite eu l\u2019opportunit\u00e9 d\u2019aller \u00e0 travailler au sein de l\u2019IRISA et du centre Inria Rennes Bretagne Atlantique, pour y diriger pendant 12 ans (de 2002 \u00e0 2014) une \u00e9quipe de recherche. Ce n\u2019est qu\u2019en d\u00e9cembre 2014 que je suis revenu \u00e0\u00a0 Grenoble pour prendre les fonctions de directeur du centre Inria Grenoble \u2013 Rh\u00f4ne-Alpes. J\u2019ai donc toujours eu un fort ADN avec le CNRS et Inria\u00a0!<\/p>\n<ul>\n<li>\u00a0<strong>Si vous aviez<\/strong> <strong>3 mots pour pr\u00e9senter les activit\u00e9s de l\u2019INRIA \u2026<\/strong><\/li>\n<\/ul>\n<p style=\"text-align: justify;\">Le premier mot serait CONNAISSANCE\u00a0car la premi\u00e8re mission d\u2019un centre de recherche est de d\u00e9velopper des connaissances nouvelles (via des logiciels, des algorithmes et des exp\u00e9riences). Nous voulons trouver des choses qui marchent, mais aussi comprendre pourquoi elles marchent, ce qui est souvent plus difficile. R\u00e9flexion et connaissance intellectuelle sont donc les fondements de notre d\u00e9marche de recherche, qui nous permettent de d\u00e9velopper de nouvelles id\u00e9es puis de nouvelles applications.<\/p>\n<p style=\"text-align: justify;\">Ensuite, ce serait le mot NUM\u00c9RIQUE\u00a0puisque c\u2019est le c\u0153ur m\u00eame de notre activit\u00e9. Notre domaine de recherche, ce sont les sciences du num\u00e9rique (informatique, maths appliqu\u00e9es etc.). Mais nous nous int\u00e9ressons aussi aux sciences num\u00e9riques comme la biologie num\u00e9rique par exemple.<\/p>\n<p style=\"text-align: justify;\">Et enfin, je dirais UTILIT\u00c9 et IMPACT\u00a0car nous souhaitons avant tout que nos connaissances soient utiles. Nous nous inspirons de ce qui se passe dans le monde r\u00e9el pour d\u00e9velopper \u00a0des recherches qui soient ensuite diffus\u00e9es et utilis\u00e9es au-del\u00e0 de la communaut\u00e9 scientifique car nos utilisateurs finaux sont aussi la soci\u00e9t\u00e9 et l\u2019industrie.<\/p>\n<ul>\n<li>\u00a0<strong>Quelle visibilit\u00e9 avez-vous sur l\u2019avenir, notamment\u00a0 par rapport \u00e0 ce que vous avez connu\u00a0?<\/strong><\/li>\n<\/ul>\n<p style=\"text-align: justify;\">Il y a environ 10 \u2013 15 ans, nous avions fortement investis dans les domaines des sciences de la vie et de la sant\u00e9. A l\u2019heure actuelle, de nouveaux enjeux apparaissent vers les sciences humaines et sociales, l\u2019environnement et l\u2019\u00e9ducation. Ce sont des enjeux forts\u00a0! D\u2019ailleurs, pour reprendre la citation de Barack Obama\u00a0: \u00ab\u00a0nous devrions apprendre \u00e0 nos enfants \u00e0 lire, \u00e9crire et programmer d\u00e8s l\u2019\u00e9cole primaire\u00a0\u00bb. L\u2019enseignement du num\u00e9rique comme un des fondements de l\u2019\u00e9ducation\u2026 c\u2019est un des grands enjeux de demain.<\/p>\n<ul>\n<li>\u00a0<strong>\u00c9tait-ce le m\u00e9tier dont vous r\u00eaviez \u00e9tant plus jeune ?<\/strong><\/li>\n<\/ul>\n<p style=\"text-align: justify;\">Le monde de la recherche ne m\u2019\u00e9tait pas familier au d\u00e9part. C\u2019est lors de mon stage de fin d\u2019\u00e9tude, aux c\u00f4t\u00e9s d\u2019un chercheur en astrophysique, que j\u2019ai commenc\u00e9 \u00e0 d\u00e9velopper un int\u00e9r\u00eat pour ce monde-l\u00e0. Quant au management, c\u2019est un domaine que j\u2019ai exp\u00e9riment\u00e9 bien plus tard\u00a0!<\/p>\n<ul>\n<li>\u00a0<strong>Qu\u2019est-ce qui vous pla\u00eet le plus dans votre m\u00e9tier\u00a0? Quel est votre meilleur souvenir\u00a0?<\/strong><\/li>\n<\/ul>\n<p style=\"text-align: justify;\">Beaucoup de choses me plaisent dans mon m\u00e9tier mais si je ne dois retenir qu\u2019un souvenir ce serait l\u2019\u00e9motion procur\u00e9e lorsque l\u2019on commence la recherche et que l\u2019on obtient ses premiers r\u00e9sultats. Nous mettons des mois, voire des ann\u00e9es, \u00e0 obtenir certaines donn\u00e9es, certains graphiques et la sensation que l\u2019on \u00e9prouve au moment o\u00f9 tout \u00ab\u00a0devient clair\u00a0\u00bb est un sentiment fort d\u2019aboutissement\u00a0!<\/p>\n<ul>\n<li>\u00a0<strong>Que conseilleriez-vous \u00e0 de jeunes cr\u00e9ateurs\u00a0?<\/strong><\/li>\n<\/ul>\n<p style=\"text-align: justify;\">J\u2019ai \u00e0 plusieurs reprises particip\u00e9 \u00e0 des accompagnements de cr\u00e9ations de start-up et j\u2019y ai pris beaucoup de plaisir. La cr\u00e9ation est une exp\u00e9rience tr\u00e8s positive, tr\u00e8s formatrice. Il y a beaucoup de choses \u00e0 en retirer. C\u2019est en faisant qu\u2019on apprend car personne n\u2019est jamais compl\u00e8tement pr\u00e9par\u00e9 \u00e0 une telle aventure\u00a0! Pour les cr\u00e9ateurs scientifiques, leur \u00ab\u00a0let motive\u00a0\u00bb c\u2019est leur science\u00a0! Certaines notions ne sont pas intuitives chez eux (comme la notion de service au client par exemple), il faut donc les aider \u00e0 changer de point de vue. Il y a d\u2019ailleurs une v\u00e9ritable \u00e9volution ces derni\u00e8res ann\u00e9es car on voit de plus en plus de scientifiques et de chercheurs s\u2019orienter vers l\u2019entrepreneuriat, ce qui est tr\u00e8s encourageant pour le d\u00e9veloppement des technologies du futur !<\/p>\n<p><a href=\"http:\/\/www.inria.fr\/centre\/grenoble\/actualites\/patrick-gros-nouveau-directeur-inria-grenoble-rhone-alpes\" target=\"_blank\" rel=\"noopener noreferrer\">Pour en savoir plus sur l&rsquo;INRIA <\/a><br \/>\n&nbsp;<br \/>\n&nbsp;<\/p>","protected":false},"excerpt":{"rendered":"<p>Comment \u00ab\u00a0votre histoire\u00a0\u00bb avec l&rsquo;INRIA a commenc\u00e9 ? Disons que c\u2019est Inria qui est venu \u00e0 moi\u00a0! Je suis titulaire d\u2019un doctorat en informatique et c\u2019est durant ma th\u00e8se que l\u2019\u00e9quipe o\u00f9 je travaillais est devenue une des quatre premi\u00e8res \u00e9quipes Inria de Grenoble.\u00a0 J\u2019ai \u00e9t\u00e9 recrut\u00e9 comme chercheur au CNRS et j\u2019ai ensuite eu [&hellip;]<\/p>\n","protected":false},"author":6,"featured_media":7762,"comment_status":"closed","ping_status":"open","sticky":false,"template":"","format":"standard","meta":{"footnotes":""},"categories":[62,40],"tags":[],"class_list":["post-7761","post","type-post","status-publish","format-standard","has-post-thumbnail","hentry","category-paroles-de-dirigeants","category-rh-recrutement"],"yoast_head":"<!-- This site is optimized with the Yoast SEO plugin v27.4 - https:\/\/yoast.com\/product\/yoast-seo-wordpress\/ -->\n<title>Entretien avec Patrick Gros - Directeur du Centre de Recherche INRIA - inovall\u00e9e<\/title>\n<meta name=\"robots\" content=\"index, follow, max-snippet:-1, max-image-preview:large, max-video-preview:-1\" \/>\n<link rel=\"canonical\" href=\"https:\/\/www.inovallee.com\/en\/entretien-avec-patrick-gros-directeur-du-centre-de-recherche-inria\/\" \/>\n<meta property=\"og:locale\" content=\"en_GB\" \/>\n<meta property=\"og:type\" content=\"article\" \/>\n<meta property=\"og:title\" content=\"Entretien avec Patrick Gros - Directeur du Centre de Recherche INRIA - inovall\u00e9e\" \/>\n<meta property=\"og:description\" content=\"Comment \u00ab\u00a0votre histoire\u00a0\u00bb avec l&rsquo;INRIA a commenc\u00e9 ? Disons que c\u2019est Inria qui est venu \u00e0 moi\u00a0! Je suis titulaire d\u2019un doctorat en informatique et c\u2019est durant ma th\u00e8se que l\u2019\u00e9quipe o\u00f9 je travaillais est devenue une des quatre premi\u00e8res \u00e9quipes Inria de Grenoble.\u00a0 J\u2019ai \u00e9t\u00e9 recrut\u00e9 comme chercheur au CNRS et j\u2019ai ensuite eu [&hellip;]\" \/>\n<meta property=\"og:url\" content=\"https:\/\/www.inovallee.com\/en\/entretien-avec-patrick-gros-directeur-du-centre-de-recherche-inria\/\" \/>\n<meta property=\"og:site_name\" content=\"inovall\u00e9e\" \/>\n<meta property=\"article:publisher\" content=\"https:\/\/www.facebook.com\/technopoleinovallee\/\" \/>\n<meta property=\"article:published_time\" content=\"2016-06-02T10:50:09+00:00\" \/>\n<meta property=\"og:image\" content=\"https:\/\/www.inovallee.com\/wp-content\/uploads\/2016\/06\/blog_une-article-Patrick-Gros-INRIA.png\" \/>\n\t<meta property=\"og:image:width\" content=\"305\" \/>\n\t<meta property=\"og:image:height\" content=\"205\" \/>\n\t<meta property=\"og:image:type\" content=\"image\/png\" \/>\n<meta name=\"author\" content=\"Inovallee\" \/>\n<meta name=\"twitter:card\" content=\"summary_large_image\" \/>\n<meta name=\"twitter:creator\" content=\"@inovallee\" \/>\n<meta name=\"twitter:site\" content=\"@inovallee\" \/>\n<meta name=\"twitter:label1\" content=\"Written by\" \/>\n\t<meta name=\"twitter:data1\" content=\"Inovallee\" \/>\n\t<meta name=\"twitter:label2\" content=\"Estimated reading time\" \/>\n\t<meta name=\"twitter:data2\" content=\"4 minutes\" \/>\n<script type=\"application\/ld+json\" class=\"yoast-schema-graph\">{\"@context\":\"https:\\\/\\\/schema.org\",\"@graph\":[{\"@type\":\"Article\",\"@id\":\"https:\\\/\\\/www.inovallee.com\\\/entretien-avec-patrick-gros-directeur-du-centre-de-recherche-inria\\\/#article\",\"isPartOf\":{\"@id\":\"https:\\\/\\\/www.inovallee.com\\\/entretien-avec-patrick-gros-directeur-du-centre-de-recherche-inria\\\/\"},\"author\":{\"name\":\"Inovallee\",\"@id\":\"https:\\\/\\\/www.inovallee.com\\\/#\\\/schema\\\/person\\\/a45b15518aad3111b2d61d257a3e023b\"},\"headline\":\"Entretien avec Patrick Gros &#8211; Directeur du Centre de Recherche INRIA\",\"datePublished\":\"2016-06-02T10:50:09+00:00\",\"mainEntityOfPage\":{\"@id\":\"https:\\\/\\\/www.inovallee.com\\\/entretien-avec-patrick-gros-directeur-du-centre-de-recherche-inria\\\/\"},\"wordCount\":761,\"publisher\":{\"@id\":\"https:\\\/\\\/www.inovallee.com\\\/#organization\"},\"image\":{\"@id\":\"https:\\\/\\\/www.inovallee.com\\\/entretien-avec-patrick-gros-directeur-du-centre-de-recherche-inria\\\/#primaryimage\"},\"thumbnailUrl\":\"https:\\\/\\\/www.inovallee.com\\\/wp-content\\\/uploads\\\/2016\\\/06\\\/blog_une-article-Patrick-Gros-INRIA.png\",\"articleSection\":[\"Leaders inspirants\",\"RH \\\/ Recrutement\"],\"inLanguage\":\"en-GB\"},{\"@type\":\"WebPage\",\"@id\":\"https:\\\/\\\/www.inovallee.com\\\/entretien-avec-patrick-gros-directeur-du-centre-de-recherche-inria\\\/\",\"url\":\"https:\\\/\\\/www.inovallee.com\\\/entretien-avec-patrick-gros-directeur-du-centre-de-recherche-inria\\\/\",\"name\":\"Entretien avec Patrick Gros - Directeur du Centre de Recherche INRIA - inovall\u00e9e\",\"isPartOf\":{\"@id\":\"https:\\\/\\\/www.inovallee.com\\\/#website\"},\"primaryImageOfPage\":{\"@id\":\"https:\\\/\\\/www.inovallee.com\\\/entretien-avec-patrick-gros-directeur-du-centre-de-recherche-inria\\\/#primaryimage\"},\"image\":{\"@id\":\"https:\\\/\\\/www.inovallee.com\\\/entretien-avec-patrick-gros-directeur-du-centre-de-recherche-inria\\\/#primaryimage\"},\"thumbnailUrl\":\"https:\\\/\\\/www.inovallee.com\\\/wp-content\\\/uploads\\\/2016\\\/06\\\/blog_une-article-Patrick-Gros-INRIA.png\",\"datePublished\":\"2016-06-02T10:50:09+00:00\",\"breadcrumb\":{\"@id\":\"https:\\\/\\\/www.inovallee.com\\\/entretien-avec-patrick-gros-directeur-du-centre-de-recherche-inria\\\/#breadcrumb\"},\"inLanguage\":\"en-GB\",\"potentialAction\":[{\"@type\":\"ReadAction\",\"target\":[\"https:\\\/\\\/www.inovallee.com\\\/entretien-avec-patrick-gros-directeur-du-centre-de-recherche-inria\\\/\"]}]},{\"@type\":\"ImageObject\",\"inLanguage\":\"en-GB\",\"@id\":\"https:\\\/\\\/www.inovallee.com\\\/entretien-avec-patrick-gros-directeur-du-centre-de-recherche-inria\\\/#primaryimage\",\"url\":\"https:\\\/\\\/www.inovallee.com\\\/wp-content\\\/uploads\\\/2016\\\/06\\\/blog_une-article-Patrick-Gros-INRIA.png\",\"contentUrl\":\"https:\\\/\\\/www.inovallee.com\\\/wp-content\\\/uploads\\\/2016\\\/06\\\/blog_une-article-Patrick-Gros-INRIA.png\",\"width\":305,\"height\":205},{\"@type\":\"BreadcrumbList\",\"@id\":\"https:\\\/\\\/www.inovallee.com\\\/entretien-avec-patrick-gros-directeur-du-centre-de-recherche-inria\\\/#breadcrumb\",\"itemListElement\":[{\"@type\":\"ListItem\",\"position\":1,\"name\":\"Accueil\",\"item\":\"https:\\\/\\\/www.inovallee.com\\\/\"},{\"@type\":\"ListItem\",\"position\":2,\"name\":\"Entretien avec Patrick Gros &#8211; Directeur du Centre de Recherche INRIA\"}]},{\"@type\":\"WebSite\",\"@id\":\"https:\\\/\\\/www.inovallee.com\\\/#website\",\"url\":\"https:\\\/\\\/www.inovallee.com\\\/\",\"name\":\"inovall\u00e9e technopole, Home to software & smart technologies\",\"description\":\"Home to software &amp; smart technologies\",\"publisher\":{\"@id\":\"https:\\\/\\\/www.inovallee.com\\\/#organization\"},\"potentialAction\":[{\"@type\":\"SearchAction\",\"target\":{\"@type\":\"EntryPoint\",\"urlTemplate\":\"https:\\\/\\\/www.inovallee.com\\\/?s={search_term_string}\"},\"query-input\":{\"@type\":\"PropertyValueSpecification\",\"valueRequired\":true,\"valueName\":\"search_term_string\"}}],\"inLanguage\":\"en-GB\"},{\"@type\":\"Organization\",\"@id\":\"https:\\\/\\\/www.inovallee.com\\\/#organization\",\"name\":\"inovall\u00e9e\",\"url\":\"https:\\\/\\\/www.inovallee.com\\\/\",\"logo\":{\"@type\":\"ImageObject\",\"inLanguage\":\"en-GB\",\"@id\":\"https:\\\/\\\/www.inovallee.com\\\/#\\\/schema\\\/logo\\\/image\\\/\",\"url\":\"https:\\\/\\\/www.inovallee.com\\\/wp-content\\\/uploads\\\/2023\\\/08\\\/inovallee_2022_GrenobleAlpes.png\",\"contentUrl\":\"https:\\\/\\\/www.inovallee.com\\\/wp-content\\\/uploads\\\/2023\\\/08\\\/inovallee_2022_GrenobleAlpes.png\",\"width\":945,\"height\":369,\"caption\":\"inovall\u00e9e\"},\"image\":{\"@id\":\"https:\\\/\\\/www.inovallee.com\\\/#\\\/schema\\\/logo\\\/image\\\/\"},\"sameAs\":[\"https:\\\/\\\/www.facebook.com\\\/technopoleinovallee\\\/\",\"https:\\\/\\\/x.com\\\/inovallee\",\"https:\\\/\\\/www.linkedin.com\\\/company\\\/inovall-e\\\/\",\"https:\\\/\\\/www.youtube.com\\\/user\\\/inovallee?reload=9\"]},{\"@type\":\"Person\",\"@id\":\"https:\\\/\\\/www.inovallee.com\\\/#\\\/schema\\\/person\\\/a45b15518aad3111b2d61d257a3e023b\",\"name\":\"Inovallee\"}]}<\/script>\n<!-- \/ Yoast SEO plugin. -->","yoast_head_json":{"title":"Entretien avec Patrick Gros - Directeur du Centre de Recherche INRIA - inovall\u00e9e","robots":{"index":"index","follow":"follow","max-snippet":"max-snippet:-1","max-image-preview":"max-image-preview:large","max-video-preview":"max-video-preview:-1"},"canonical":"https:\/\/www.inovallee.com\/en\/entretien-avec-patrick-gros-directeur-du-centre-de-recherche-inria\/","og_locale":"en_GB","og_type":"article","og_title":"Entretien avec Patrick Gros - Directeur du Centre de Recherche INRIA - inovall\u00e9e","og_description":"Comment \u00ab\u00a0votre histoire\u00a0\u00bb avec l&rsquo;INRIA a commenc\u00e9 ? Disons que c\u2019est Inria qui est venu \u00e0 moi\u00a0! Je suis titulaire d\u2019un doctorat en informatique et c\u2019est durant ma th\u00e8se que l\u2019\u00e9quipe o\u00f9 je travaillais est devenue une des quatre premi\u00e8res \u00e9quipes Inria de Grenoble.\u00a0 J\u2019ai \u00e9t\u00e9 recrut\u00e9 comme chercheur au CNRS et j\u2019ai ensuite eu [&hellip;]","og_url":"https:\/\/www.inovallee.com\/en\/entretien-avec-patrick-gros-directeur-du-centre-de-recherche-inria\/","og_site_name":"inovall\u00e9e","article_publisher":"https:\/\/www.facebook.com\/technopoleinovallee\/","article_published_time":"2016-06-02T10:50:09+00:00","og_image":[{"width":305,"height":205,"url":"https:\/\/www.inovallee.com\/wp-content\/uploads\/2016\/06\/blog_une-article-Patrick-Gros-INRIA.png","type":"image\/png"}],"author":"Inovallee","twitter_card":"summary_large_image","twitter_creator":"@inovallee","twitter_site":"@inovallee","twitter_misc":{"Written by":"Inovallee","Estimated reading time":"4 minutes"},"schema":{"@context":"https:\/\/schema.org","@graph":[{"@type":"Article","@id":"https:\/\/www.inovallee.com\/entretien-avec-patrick-gros-directeur-du-centre-de-recherche-inria\/#article","isPartOf":{"@id":"https:\/\/www.inovallee.com\/entretien-avec-patrick-gros-directeur-du-centre-de-recherche-inria\/"},"author":{"name":"Inovallee","@id":"https:\/\/www.inovallee.com\/#\/schema\/person\/a45b15518aad3111b2d61d257a3e023b"},"headline":"Entretien avec Patrick Gros &#8211; Directeur du Centre de Recherche INRIA","datePublished":"2016-06-02T10:50:09+00:00","mainEntityOfPage":{"@id":"https:\/\/www.inovallee.com\/entretien-avec-patrick-gros-directeur-du-centre-de-recherche-inria\/"},"wordCount":761,"publisher":{"@id":"https:\/\/www.inovallee.com\/#organization"},"image":{"@id":"https:\/\/www.inovallee.com\/entretien-avec-patrick-gros-directeur-du-centre-de-recherche-inria\/#primaryimage"},"thumbnailUrl":"https:\/\/www.inovallee.com\/wp-content\/uploads\/2016\/06\/blog_une-article-Patrick-Gros-INRIA.png","articleSection":["Leaders inspirants","RH \/ Recrutement"],"inLanguage":"en-GB"},{"@type":"WebPage","@id":"https:\/\/www.inovallee.com\/entretien-avec-patrick-gros-directeur-du-centre-de-recherche-inria\/","url":"https:\/\/www.inovallee.com\/entretien-avec-patrick-gros-directeur-du-centre-de-recherche-inria\/","name":"Entretien avec Patrick Gros - Directeur du Centre de Recherche INRIA - inovall\u00e9e","isPartOf":{"@id":"https:\/\/www.inovallee.com\/#website"},"primaryImageOfPage":{"@id":"https:\/\/www.inovallee.com\/entretien-avec-patrick-gros-directeur-du-centre-de-recherche-inria\/#primaryimage"},"image":{"@id":"https:\/\/www.inovallee.com\/entretien-avec-patrick-gros-directeur-du-centre-de-recherche-inria\/#primaryimage"},"thumbnailUrl":"https:\/\/www.inovallee.com\/wp-content\/uploads\/2016\/06\/blog_une-article-Patrick-Gros-INRIA.png","datePublished":"2016-06-02T10:50:09+00:00","breadcrumb":{"@id":"https:\/\/www.inovallee.com\/entretien-avec-patrick-gros-directeur-du-centre-de-recherche-inria\/#breadcrumb"},"inLanguage":"en-GB","potentialAction":[{"@type":"ReadAction","target":["https:\/\/www.inovallee.com\/entretien-avec-patrick-gros-directeur-du-centre-de-recherche-inria\/"]}]},{"@type":"ImageObject","inLanguage":"en-GB","@id":"https:\/\/www.inovallee.com\/entretien-avec-patrick-gros-directeur-du-centre-de-recherche-inria\/#primaryimage","url":"https:\/\/www.inovallee.com\/wp-content\/uploads\/2016\/06\/blog_une-article-Patrick-Gros-INRIA.png","contentUrl":"https:\/\/www.inovallee.com\/wp-content\/uploads\/2016\/06\/blog_une-article-Patrick-Gros-INRIA.png","width":305,"height":205},{"@type":"BreadcrumbList","@id":"https:\/\/www.inovallee.com\/entretien-avec-patrick-gros-directeur-du-centre-de-recherche-inria\/#breadcrumb","itemListElement":[{"@type":"ListItem","position":1,"name":"Accueil","item":"https:\/\/www.inovallee.com\/"},{"@type":"ListItem","position":2,"name":"Entretien avec Patrick Gros &#8211; Directeur du Centre de Recherche INRIA"}]},{"@type":"WebSite","@id":"https:\/\/www.inovallee.com\/#website","url":"https:\/\/www.inovallee.com\/","name":"inovall\u00e9e technopole, Home to software & smart technologies","description":"Home to software &amp; smart technologies","publisher":{"@id":"https:\/\/www.inovallee.com\/#organization"},"potentialAction":[{"@type":"SearchAction","target":{"@type":"EntryPoint","urlTemplate":"https:\/\/www.inovallee.com\/?s={search_term_string}"},"query-input":{"@type":"PropertyValueSpecification","valueRequired":true,"valueName":"search_term_string"}}],"inLanguage":"en-GB"},{"@type":"Organization","@id":"https:\/\/www.inovallee.com\/#organization","name":"inovall\u00e9e","url":"https:\/\/www.inovallee.com\/","logo":{"@type":"ImageObject","inLanguage":"en-GB","@id":"https:\/\/www.inovallee.com\/#\/schema\/logo\/image\/","url":"https:\/\/www.inovallee.com\/wp-content\/uploads\/2023\/08\/inovallee_2022_GrenobleAlpes.png","contentUrl":"https:\/\/www.inovallee.com\/wp-content\/uploads\/2023\/08\/inovallee_2022_GrenobleAlpes.png","width":945,"height":369,"caption":"inovall\u00e9e"},"image":{"@id":"https:\/\/www.inovallee.com\/#\/schema\/logo\/image\/"},"sameAs":["https:\/\/www.facebook.com\/technopoleinovallee\/","https:\/\/x.com\/inovallee","https:\/\/www.linkedin.com\/company\/inovall-e\/","https:\/\/www.youtube.com\/user\/inovallee?reload=9"]},{"@type":"Person","@id":"https:\/\/www.inovallee.com\/#\/schema\/person\/a45b15518aad3111b2d61d257a3e023b","name":"Inovallee"}]}},"_links":{"self":[{"href":"http:\/\/www.inovallee.com\/en\/wp-json\/wp\/v2\/posts\/7761","targetHints":{"allow":["GET"]}}],"collection":[{"href":"http:\/\/www.inovallee.com\/en\/wp-json\/wp\/v2\/posts"}],"about":[{"href":"http:\/\/www.inovallee.com\/en\/wp-json\/wp\/v2\/types\/post"}],"author":[{"embeddable":true,"href":"http:\/\/www.inovallee.com\/en\/wp-json\/wp\/v2\/users\/6"}],"replies":[{"embeddable":true,"href":"http:\/\/www.inovallee.com\/en\/wp-json\/wp\/v2\/comments?post=7761"}],"version-history":[{"count":0,"href":"http:\/\/www.inovallee.com\/en\/wp-json\/wp\/v2\/posts\/7761\/revisions"}],"wp:featuredmedia":[{"embeddable":true,"href":"http:\/\/www.inovallee.com\/en\/wp-json\/wp\/v2\/media\/7762"}],"wp:attachment":[{"href":"http:\/\/www.inovallee.com\/en\/wp-json\/wp\/v2\/media?parent=7761"}],"wp:term":[{"taxonomy":"category","embeddable":true,"href":"http:\/\/www.inovallee.com\/en\/wp-json\/wp\/v2\/categories?post=7761"},{"taxonomy":"post_tag","embeddable":true,"href":"http:\/\/www.inovallee.com\/en\/wp-json\/wp\/v2\/tags?post=7761"}],"curies":[{"name":"wp","href":"https:\/\/api.w.org\/{rel}","templated":true}]}}