{"id":9033,"date":"2016-09-16T13:37:36","date_gmt":"2016-09-16T12:37:36","guid":{"rendered":"https:\/\/www.inovallee.com\/?p=9033"},"modified":"2016-09-16T13:37:36","modified_gmt":"2016-09-16T12:37:36","slug":"lhistoire-incroyable-dolivier-belpalme-recordman-du-tour-de-france-en-metrovelo","status":"publish","type":"post","link":"http:\/\/www.inovallee.com\/en\/lhistoire-incroyable-dolivier-belpalme-recordman-du-tour-de-france-en-metrovelo\/","title":{"rendered":"L&#039;histoire incroyable d&#039;Olivier Belpalme, recordman du Tour de France en M\u00e9troV\u00e9lo !"},"content":{"rendered":"<figure id=\"attachment_9044\" aria-describedby=\"caption-attachment-9044\" style=\"width: 300px\" class=\"wp-caption alignleft\"><a href=\"https:\/\/www.inovallee.com\/wp-content\/uploads\/2016\/09\/blog_une_article-Olivier-Belpalme.png\"><img fetchpriority=\"high\" decoding=\"async\" class=\"size-thumbnail wp-image-9044\" src=\"https:\/\/www.inovallee.com\/wp-content\/uploads\/2016\/09\/blog_une_article-Olivier-Belpalme-300x202.png\" alt=\"Olivier Belpalme\" width=\"300\" height=\"202\" srcset=\"https:\/\/www.inovallee.com\/wp-content\/uploads\/2016\/09\/blog_une_article-Olivier-Belpalme-300x202.png 300w, https:\/\/www.inovallee.com\/wp-content\/uploads\/2016\/09\/blog_une_article-Olivier-Belpalme-768x516.png 768w, https:\/\/www.inovallee.com\/wp-content\/uploads\/2016\/09\/blog_une_article-Olivier-Belpalme.png 800w\" sizes=\"(max-width: 300px) 100vw, 300px\" \/><\/a><figcaption id=\"caption-attachment-9044\" class=\"wp-caption-text\">Olivier Belpalme<\/figcaption><\/figure>\n<p style=\"text-align: justify;\">Parti en juin 2015 pour faire le Tour de la France avec une bicyclette jaune de la M\u00e9tro, Olivier Belpalme a parcouru plus de 5500 kilom\u00e8tres avec pour seule devise\u00a0: <em>\u00ab\u00a0<\/em><em>montrer aux automobilistes que l\u2019on peut faire beaucoup de bornes \u00e0 v\u00e9lo et que 3 \u00e0 4 kms pour aller au boulot en p\u00e9dalant, c\u2019est marrant et revigorant\u00a0!\u00a0\u00bb <\/em><\/p>\n<p style=\"text-align: justify;\">Grand sportif et adepte des marathons, il s\u2019est engag\u00e9 dans ce pari fou suite \u00e0 un constat, que vivent beaucoup d\u2019automobilistes chaque jour : <em>\u00ab\u00a0Coinc\u00e9 en bus dans un bouchon sur la presqu\u2019\u00eele de Grenoble, je me suis dit que tous ces gens seuls au volant et furieux dans les embouteillages seraient d\u00e9j\u00e0 arriv\u00e9s s\u2019ils utilisaient la bicyclette&#8230;\u00a0\u00bb<\/em><\/p>\n<p style=\"text-align: justify;\">Durant 42 jours, ce chauffeur de bus de la TAG de 45 ans a port\u00e9 le maillot jaune sur un v\u00e9lo de 34kg et a travers\u00e9 au cours de son p\u00e9riple les villes de S\u00e8te, Bordeaux, Nantes, Caen, Douai, Verdun, Strasbourg, Metz, Nancy&#8230; etc..<\/p>\n<p style=\"text-align: justify;\">Il a d\u00e9sormais un nouveau projet en t\u00eate\u00a0: traverser les USA de San Francisco \u00e0 Boston, en passant pas New-York\u00a0!<\/p>\n<p style=\"text-align: justify;\">Vous pourrez \u00e9changer avec Olivier Belpalme lors de la remise des prix du cross d&rsquo;inovall\u00e9e le 1er octobre 2016 (\u00e0 Montbonnot &#8211; RIE Champ de l&rsquo;Etoile &#8211; 11h).<\/p>\n<p>Pour en savoir plus sur son extraordinaire aventure\u00a0: <a href=\"https:\/\/www.facebook.com\/olivier11031\">https:\/\/www.facebook.com\/olivier11031<\/a><\/p>","protected":false},"excerpt":{"rendered":"<p>Parti en juin 2015 pour faire le Tour de la France avec une bicyclette jaune de la M\u00e9tro, Olivier Belpalme a parcouru plus de 5500 kilom\u00e8tres avec pour seule devise\u00a0: \u00ab\u00a0montrer aux automobilistes que l\u2019on peut faire beaucoup de bornes \u00e0 v\u00e9lo et que 3 \u00e0 4 kms pour aller au boulot en p\u00e9dalant, c\u2019est [&hellip;]<\/p>\n","protected":false},"author":6,"featured_media":9044,"comment_status":"closed","ping_status":"open","sticky":false,"template":"","format":"standard","meta":{"footnotes":""},"categories":[29],"tags":[],"class_list":["post-9033","post","type-post","status-publish","format-standard","has-post-thumbnail","hentry","category-evenements"],"yoast_head":"<!-- This site is optimized with the Yoast SEO plugin v27.4 - https:\/\/yoast.com\/product\/yoast-seo-wordpress\/ -->\n<title>L&#039;histoire incroyable d&#039;Olivier Belpalme, recordman du Tour de France en M\u00e9troV\u00e9lo ! - inovall\u00e9e<\/title>\n<meta name=\"robots\" content=\"index, follow, max-snippet:-1, max-image-preview:large, max-video-preview:-1\" \/>\n<link rel=\"canonical\" href=\"https:\/\/www.inovallee.com\/en\/lhistoire-incroyable-dolivier-belpalme-recordman-du-tour-de-france-en-metrovelo\/\" \/>\n<meta property=\"og:locale\" content=\"en_GB\" \/>\n<meta property=\"og:type\" content=\"article\" \/>\n<meta property=\"og:title\" content=\"L&#039;histoire incroyable d&#039;Olivier Belpalme, recordman du Tour de France en M\u00e9troV\u00e9lo ! - inovall\u00e9e\" \/>\n<meta property=\"og:description\" content=\"Parti en juin 2015 pour faire le Tour de la France avec une bicyclette jaune de la M\u00e9tro, Olivier Belpalme a parcouru plus de 5500 kilom\u00e8tres avec pour seule devise\u00a0: \u00ab\u00a0montrer aux automobilistes que l\u2019on peut faire beaucoup de bornes \u00e0 v\u00e9lo et que 3 \u00e0 4 kms pour aller au boulot en p\u00e9dalant, c\u2019est [&hellip;]\" \/>\n<meta property=\"og:url\" content=\"https:\/\/www.inovallee.com\/en\/lhistoire-incroyable-dolivier-belpalme-recordman-du-tour-de-france-en-metrovelo\/\" \/>\n<meta property=\"og:site_name\" content=\"inovall\u00e9e\" \/>\n<meta property=\"article:publisher\" content=\"https:\/\/www.facebook.com\/technopoleinovallee\/\" \/>\n<meta property=\"article:published_time\" content=\"2016-09-16T12:37:36+00:00\" \/>\n<meta property=\"og:image\" content=\"https:\/\/www.inovallee.com\/wp-content\/uploads\/2016\/09\/blog_une_article-Olivier-Belpalme.png\" \/>\n\t<meta property=\"og:image:width\" content=\"800\" \/>\n\t<meta property=\"og:image:height\" content=\"538\" \/>\n\t<meta property=\"og:image:type\" content=\"image\/png\" \/>\n<meta name=\"author\" content=\"Inovallee\" \/>\n<meta name=\"twitter:card\" content=\"summary_large_image\" \/>\n<meta name=\"twitter:creator\" content=\"@inovallee\" \/>\n<meta name=\"twitter:site\" content=\"@inovallee\" \/>\n<meta name=\"twitter:label1\" content=\"Written by\" \/>\n\t<meta name=\"twitter:data1\" content=\"Inovallee\" \/>\n\t<meta name=\"twitter:label2\" content=\"Estimated reading time\" \/>\n\t<meta name=\"twitter:data2\" content=\"1 minute\" \/>\n<script type=\"application\/ld+json\" class=\"yoast-schema-graph\">{\"@context\":\"https:\\\/\\\/schema.org\",\"@graph\":[{\"@type\":\"Article\",\"@id\":\"https:\\\/\\\/www.inovallee.com\\\/lhistoire-incroyable-dolivier-belpalme-recordman-du-tour-de-france-en-metrovelo\\\/#article\",\"isPartOf\":{\"@id\":\"https:\\\/\\\/www.inovallee.com\\\/lhistoire-incroyable-dolivier-belpalme-recordman-du-tour-de-france-en-metrovelo\\\/\"},\"author\":{\"name\":\"Inovallee\",\"@id\":\"https:\\\/\\\/www.inovallee.com\\\/#\\\/schema\\\/person\\\/a45b15518aad3111b2d61d257a3e023b\"},\"headline\":\"L&#039;histoire incroyable d&#039;Olivier Belpalme, recordman du Tour de France en M\u00e9troV\u00e9lo !\",\"datePublished\":\"2016-09-16T12:37:36+00:00\",\"mainEntityOfPage\":{\"@id\":\"https:\\\/\\\/www.inovallee.com\\\/lhistoire-incroyable-dolivier-belpalme-recordman-du-tour-de-france-en-metrovelo\\\/\"},\"wordCount\":252,\"publisher\":{\"@id\":\"https:\\\/\\\/www.inovallee.com\\\/#organization\"},\"image\":{\"@id\":\"https:\\\/\\\/www.inovallee.com\\\/lhistoire-incroyable-dolivier-belpalme-recordman-du-tour-de-france-en-metrovelo\\\/#primaryimage\"},\"thumbnailUrl\":\"https:\\\/\\\/www.inovallee.com\\\/wp-content\\\/uploads\\\/2016\\\/09\\\/blog_une_article-Olivier-Belpalme.png\",\"articleSection\":[\"Technopole inovall\u00e9e\"],\"inLanguage\":\"en-GB\"},{\"@type\":\"WebPage\",\"@id\":\"https:\\\/\\\/www.inovallee.com\\\/lhistoire-incroyable-dolivier-belpalme-recordman-du-tour-de-france-en-metrovelo\\\/\",\"url\":\"https:\\\/\\\/www.inovallee.com\\\/lhistoire-incroyable-dolivier-belpalme-recordman-du-tour-de-france-en-metrovelo\\\/\",\"name\":\"L&#039;histoire incroyable d&#039;Olivier Belpalme, recordman du Tour de France en M\u00e9troV\u00e9lo ! - inovall\u00e9e\",\"isPartOf\":{\"@id\":\"https:\\\/\\\/www.inovallee.com\\\/#website\"},\"primaryImageOfPage\":{\"@id\":\"https:\\\/\\\/www.inovallee.com\\\/lhistoire-incroyable-dolivier-belpalme-recordman-du-tour-de-france-en-metrovelo\\\/#primaryimage\"},\"image\":{\"@id\":\"https:\\\/\\\/www.inovallee.com\\\/lhistoire-incroyable-dolivier-belpalme-recordman-du-tour-de-france-en-metrovelo\\\/#primaryimage\"},\"thumbnailUrl\":\"https:\\\/\\\/www.inovallee.com\\\/wp-content\\\/uploads\\\/2016\\\/09\\\/blog_une_article-Olivier-Belpalme.png\",\"datePublished\":\"2016-09-16T12:37:36+00:00\",\"breadcrumb\":{\"@id\":\"https:\\\/\\\/www.inovallee.com\\\/lhistoire-incroyable-dolivier-belpalme-recordman-du-tour-de-france-en-metrovelo\\\/#breadcrumb\"},\"inLanguage\":\"en-GB\",\"potentialAction\":[{\"@type\":\"ReadAction\",\"target\":[\"https:\\\/\\\/www.inovallee.com\\\/lhistoire-incroyable-dolivier-belpalme-recordman-du-tour-de-france-en-metrovelo\\\/\"]}]},{\"@type\":\"ImageObject\",\"inLanguage\":\"en-GB\",\"@id\":\"https:\\\/\\\/www.inovallee.com\\\/lhistoire-incroyable-dolivier-belpalme-recordman-du-tour-de-france-en-metrovelo\\\/#primaryimage\",\"url\":\"https:\\\/\\\/www.inovallee.com\\\/wp-content\\\/uploads\\\/2016\\\/09\\\/blog_une_article-Olivier-Belpalme.png\",\"contentUrl\":\"https:\\\/\\\/www.inovallee.com\\\/wp-content\\\/uploads\\\/2016\\\/09\\\/blog_une_article-Olivier-Belpalme.png\",\"width\":800,\"height\":538,\"caption\":\"Olivier Belpalme sur son M\u00e9troV\u00e9lo\"},{\"@type\":\"BreadcrumbList\",\"@id\":\"https:\\\/\\\/www.inovallee.com\\\/lhistoire-incroyable-dolivier-belpalme-recordman-du-tour-de-france-en-metrovelo\\\/#breadcrumb\",\"itemListElement\":[{\"@type\":\"ListItem\",\"position\":1,\"name\":\"Accueil\",\"item\":\"https:\\\/\\\/www.inovallee.com\\\/\"},{\"@type\":\"ListItem\",\"position\":2,\"name\":\"L&#039;histoire incroyable d&#039;Olivier Belpalme, recordman du Tour de France en M\u00e9troV\u00e9lo !\"}]},{\"@type\":\"WebSite\",\"@id\":\"https:\\\/\\\/www.inovallee.com\\\/#website\",\"url\":\"https:\\\/\\\/www.inovallee.com\\\/\",\"name\":\"inovall\u00e9e technopole, Home to software & smart technologies\",\"description\":\"Home to software &amp; smart technologies\",\"publisher\":{\"@id\":\"https:\\\/\\\/www.inovallee.com\\\/#organization\"},\"potentialAction\":[{\"@type\":\"SearchAction\",\"target\":{\"@type\":\"EntryPoint\",\"urlTemplate\":\"https:\\\/\\\/www.inovallee.com\\\/?s={search_term_string}\"},\"query-input\":{\"@type\":\"PropertyValueSpecification\",\"valueRequired\":true,\"valueName\":\"search_term_string\"}}],\"inLanguage\":\"en-GB\"},{\"@type\":\"Organization\",\"@id\":\"https:\\\/\\\/www.inovallee.com\\\/#organization\",\"name\":\"inovall\u00e9e\",\"url\":\"https:\\\/\\\/www.inovallee.com\\\/\",\"logo\":{\"@type\":\"ImageObject\",\"inLanguage\":\"en-GB\",\"@id\":\"https:\\\/\\\/www.inovallee.com\\\/#\\\/schema\\\/logo\\\/image\\\/\",\"url\":\"https:\\\/\\\/www.inovallee.com\\\/wp-content\\\/uploads\\\/2023\\\/08\\\/inovallee_2022_GrenobleAlpes.png\",\"contentUrl\":\"https:\\\/\\\/www.inovallee.com\\\/wp-content\\\/uploads\\\/2023\\\/08\\\/inovallee_2022_GrenobleAlpes.png\",\"width\":945,\"height\":369,\"caption\":\"inovall\u00e9e\"},\"image\":{\"@id\":\"https:\\\/\\\/www.inovallee.com\\\/#\\\/schema\\\/logo\\\/image\\\/\"},\"sameAs\":[\"https:\\\/\\\/www.facebook.com\\\/technopoleinovallee\\\/\",\"https:\\\/\\\/x.com\\\/inovallee\",\"https:\\\/\\\/www.linkedin.com\\\/company\\\/inovall-e\\\/\",\"https:\\\/\\\/www.youtube.com\\\/user\\\/inovallee?reload=9\"]},{\"@type\":\"Person\",\"@id\":\"https:\\\/\\\/www.inovallee.com\\\/#\\\/schema\\\/person\\\/a45b15518aad3111b2d61d257a3e023b\",\"name\":\"Inovallee\"}]}<\/script>\n<!-- \/ Yoast SEO plugin. -->","yoast_head_json":{"title":"L&#039;histoire incroyable d&#039;Olivier Belpalme, recordman du Tour de France en M\u00e9troV\u00e9lo ! - inovall\u00e9e","robots":{"index":"index","follow":"follow","max-snippet":"max-snippet:-1","max-image-preview":"max-image-preview:large","max-video-preview":"max-video-preview:-1"},"canonical":"https:\/\/www.inovallee.com\/en\/lhistoire-incroyable-dolivier-belpalme-recordman-du-tour-de-france-en-metrovelo\/","og_locale":"en_GB","og_type":"article","og_title":"L&#039;histoire incroyable d&#039;Olivier Belpalme, recordman du Tour de France en M\u00e9troV\u00e9lo ! - inovall\u00e9e","og_description":"Parti en juin 2015 pour faire le Tour de la France avec une bicyclette jaune de la M\u00e9tro, Olivier Belpalme a parcouru plus de 5500 kilom\u00e8tres avec pour seule devise\u00a0: \u00ab\u00a0montrer aux automobilistes que l\u2019on peut faire beaucoup de bornes \u00e0 v\u00e9lo et que 3 \u00e0 4 kms pour aller au boulot en p\u00e9dalant, c\u2019est [&hellip;]","og_url":"https:\/\/www.inovallee.com\/en\/lhistoire-incroyable-dolivier-belpalme-recordman-du-tour-de-france-en-metrovelo\/","og_site_name":"inovall\u00e9e","article_publisher":"https:\/\/www.facebook.com\/technopoleinovallee\/","article_published_time":"2016-09-16T12:37:36+00:00","og_image":[{"width":800,"height":538,"url":"https:\/\/www.inovallee.com\/wp-content\/uploads\/2016\/09\/blog_une_article-Olivier-Belpalme.png","type":"image\/png"}],"author":"Inovallee","twitter_card":"summary_large_image","twitter_creator":"@inovallee","twitter_site":"@inovallee","twitter_misc":{"Written by":"Inovallee","Estimated reading time":"1 minute"},"schema":{"@context":"https:\/\/schema.org","@graph":[{"@type":"Article","@id":"https:\/\/www.inovallee.com\/lhistoire-incroyable-dolivier-belpalme-recordman-du-tour-de-france-en-metrovelo\/#article","isPartOf":{"@id":"https:\/\/www.inovallee.com\/lhistoire-incroyable-dolivier-belpalme-recordman-du-tour-de-france-en-metrovelo\/"},"author":{"name":"Inovallee","@id":"https:\/\/www.inovallee.com\/#\/schema\/person\/a45b15518aad3111b2d61d257a3e023b"},"headline":"L&#039;histoire incroyable d&#039;Olivier Belpalme, recordman du Tour de France en M\u00e9troV\u00e9lo !","datePublished":"2016-09-16T12:37:36+00:00","mainEntityOfPage":{"@id":"https:\/\/www.inovallee.com\/lhistoire-incroyable-dolivier-belpalme-recordman-du-tour-de-france-en-metrovelo\/"},"wordCount":252,"publisher":{"@id":"https:\/\/www.inovallee.com\/#organization"},"image":{"@id":"https:\/\/www.inovallee.com\/lhistoire-incroyable-dolivier-belpalme-recordman-du-tour-de-france-en-metrovelo\/#primaryimage"},"thumbnailUrl":"https:\/\/www.inovallee.com\/wp-content\/uploads\/2016\/09\/blog_une_article-Olivier-Belpalme.png","articleSection":["Technopole inovall\u00e9e"],"inLanguage":"en-GB"},{"@type":"WebPage","@id":"https:\/\/www.inovallee.com\/lhistoire-incroyable-dolivier-belpalme-recordman-du-tour-de-france-en-metrovelo\/","url":"https:\/\/www.inovallee.com\/lhistoire-incroyable-dolivier-belpalme-recordman-du-tour-de-france-en-metrovelo\/","name":"L&#039;histoire incroyable d&#039;Olivier Belpalme, recordman du Tour de France en M\u00e9troV\u00e9lo ! - inovall\u00e9e","isPartOf":{"@id":"https:\/\/www.inovallee.com\/#website"},"primaryImageOfPage":{"@id":"https:\/\/www.inovallee.com\/lhistoire-incroyable-dolivier-belpalme-recordman-du-tour-de-france-en-metrovelo\/#primaryimage"},"image":{"@id":"https:\/\/www.inovallee.com\/lhistoire-incroyable-dolivier-belpalme-recordman-du-tour-de-france-en-metrovelo\/#primaryimage"},"thumbnailUrl":"https:\/\/www.inovallee.com\/wp-content\/uploads\/2016\/09\/blog_une_article-Olivier-Belpalme.png","datePublished":"2016-09-16T12:37:36+00:00","breadcrumb":{"@id":"https:\/\/www.inovallee.com\/lhistoire-incroyable-dolivier-belpalme-recordman-du-tour-de-france-en-metrovelo\/#breadcrumb"},"inLanguage":"en-GB","potentialAction":[{"@type":"ReadAction","target":["https:\/\/www.inovallee.com\/lhistoire-incroyable-dolivier-belpalme-recordman-du-tour-de-france-en-metrovelo\/"]}]},{"@type":"ImageObject","inLanguage":"en-GB","@id":"https:\/\/www.inovallee.com\/lhistoire-incroyable-dolivier-belpalme-recordman-du-tour-de-france-en-metrovelo\/#primaryimage","url":"https:\/\/www.inovallee.com\/wp-content\/uploads\/2016\/09\/blog_une_article-Olivier-Belpalme.png","contentUrl":"https:\/\/www.inovallee.com\/wp-content\/uploads\/2016\/09\/blog_une_article-Olivier-Belpalme.png","width":800,"height":538,"caption":"Olivier Belpalme sur son M\u00e9troV\u00e9lo"},{"@type":"BreadcrumbList","@id":"https:\/\/www.inovallee.com\/lhistoire-incroyable-dolivier-belpalme-recordman-du-tour-de-france-en-metrovelo\/#breadcrumb","itemListElement":[{"@type":"ListItem","position":1,"name":"Accueil","item":"https:\/\/www.inovallee.com\/"},{"@type":"ListItem","position":2,"name":"L&#039;histoire incroyable d&#039;Olivier Belpalme, recordman du Tour de France en M\u00e9troV\u00e9lo !"}]},{"@type":"WebSite","@id":"https:\/\/www.inovallee.com\/#website","url":"https:\/\/www.inovallee.com\/","name":"inovall\u00e9e technopole, Home to software & smart technologies","description":"Home to software &amp; smart technologies","publisher":{"@id":"https:\/\/www.inovallee.com\/#organization"},"potentialAction":[{"@type":"SearchAction","target":{"@type":"EntryPoint","urlTemplate":"https:\/\/www.inovallee.com\/?s={search_term_string}"},"query-input":{"@type":"PropertyValueSpecification","valueRequired":true,"valueName":"search_term_string"}}],"inLanguage":"en-GB"},{"@type":"Organization","@id":"https:\/\/www.inovallee.com\/#organization","name":"inovall\u00e9e","url":"https:\/\/www.inovallee.com\/","logo":{"@type":"ImageObject","inLanguage":"en-GB","@id":"https:\/\/www.inovallee.com\/#\/schema\/logo\/image\/","url":"https:\/\/www.inovallee.com\/wp-content\/uploads\/2023\/08\/inovallee_2022_GrenobleAlpes.png","contentUrl":"https:\/\/www.inovallee.com\/wp-content\/uploads\/2023\/08\/inovallee_2022_GrenobleAlpes.png","width":945,"height":369,"caption":"inovall\u00e9e"},"image":{"@id":"https:\/\/www.inovallee.com\/#\/schema\/logo\/image\/"},"sameAs":["https:\/\/www.facebook.com\/technopoleinovallee\/","https:\/\/x.com\/inovallee","https:\/\/www.linkedin.com\/company\/inovall-e\/","https:\/\/www.youtube.com\/user\/inovallee?reload=9"]},{"@type":"Person","@id":"https:\/\/www.inovallee.com\/#\/schema\/person\/a45b15518aad3111b2d61d257a3e023b","name":"Inovallee"}]}},"_links":{"self":[{"href":"http:\/\/www.inovallee.com\/en\/wp-json\/wp\/v2\/posts\/9033","targetHints":{"allow":["GET"]}}],"collection":[{"href":"http:\/\/www.inovallee.com\/en\/wp-json\/wp\/v2\/posts"}],"about":[{"href":"http:\/\/www.inovallee.com\/en\/wp-json\/wp\/v2\/types\/post"}],"author":[{"embeddable":true,"href":"http:\/\/www.inovallee.com\/en\/wp-json\/wp\/v2\/users\/6"}],"replies":[{"embeddable":true,"href":"http:\/\/www.inovallee.com\/en\/wp-json\/wp\/v2\/comments?post=9033"}],"version-history":[{"count":0,"href":"http:\/\/www.inovallee.com\/en\/wp-json\/wp\/v2\/posts\/9033\/revisions"}],"wp:featuredmedia":[{"embeddable":true,"href":"http:\/\/www.inovallee.com\/en\/wp-json\/wp\/v2\/media\/9044"}],"wp:attachment":[{"href":"http:\/\/www.inovallee.com\/en\/wp-json\/wp\/v2\/media?parent=9033"}],"wp:term":[{"taxonomy":"category","embeddable":true,"href":"http:\/\/www.inovallee.com\/en\/wp-json\/wp\/v2\/categories?post=9033"},{"taxonomy":"post_tag","embeddable":true,"href":"http:\/\/www.inovallee.com\/en\/wp-json\/wp\/v2\/tags?post=9033"}],"curies":[{"name":"wp","href":"https:\/\/api.w.org\/{rel}","templated":true}]}}