{"id":11368,"date":"2017-03-02T08:54:12","date_gmt":"2017-03-02T07:54:12","guid":{"rendered":"https:\/\/www.inovallee.com\/?p=11368\/"},"modified":"2017-03-02T08:54:12","modified_gmt":"2017-03-02T07:54:12","slug":"debut-dannee-chapeaux-de-pales-meteoswift-a-deja-travaille-3-parc-eolien-francais-attaque-linternational","status":"publish","type":"post","link":"https:\/\/www.inovallee.com\/en\/debut-dannee-chapeaux-de-pales-meteoswift-a-deja-travaille-3-parc-eolien-francais-attaque-linternational\/","title":{"rendered":"Un d\u00e9but d\u2019ann\u00e9e sur les chapeaux de pales pour @meteo*swift qui a d\u00e9j\u00e0 travaill\u00e9 sur 3% du parc \u00e9olien fran\u00e7ais et attaque l\u2019international"},"content":{"rendered":"<p><img fetchpriority=\"high\" decoding=\"async\" class=\"size-thumbnail wp-image-11369 alignleft\" src=\"https:\/\/www.inovallee.com\/wp-content\/uploads\/2017\/03\/blog_une_meteoswift3-300x225.png\" alt=\"\" width=\"300\" height=\"225\" srcset=\"https:\/\/www.inovallee.com\/wp-content\/uploads\/2017\/03\/blog_une_meteoswift3-300x225.png 300w, https:\/\/www.inovallee.com\/wp-content\/uploads\/2017\/03\/blog_une_meteoswift3-768x576.png 768w, https:\/\/www.inovallee.com\/wp-content\/uploads\/2017\/03\/blog_une_meteoswift3.png 800w\" sizes=\"(max-width: 300px) 100vw, 300px\" \/>meteo*swift, qui a d\u00e9j\u00e0 test\u00e9 sa solution sur plus de 150 \u00e9oliennes en France (3% du parc), vient de signer un contrat-partenariat avec un gros agr\u00e9gateur europ\u00e9en et m\u00e8ne plusieurs discussions pour des contrats qui pourraient lui ouvrir les portes de l\u2019international sur des parcs de grande envergure, .<br \/>\nSp\u00e9cialis\u00e9e dans la pr\u00e9vision de production \u00e9olienne \u00e0 partir d\u2019algorithmes d&rsquo;intelligence artificielle, qui combinent de mani\u00e8re auto-apprenante des donn\u00e9es m\u00e9t\u00e9o avec des mod\u00e8les de m\u00e9canique des fluides et de statistiques, meteo*swift pilote un programme collaboratif de R&amp;D EASYNOV, pour int\u00e9grer d\u00e8s \u00e0 pr\u00e9sent le prochain mod\u00e8le m\u00e9t\u00e9o de M\u00e9t\u00e9o-France et approfondir ses m\u00e9thodes de pr\u00e9vision (le deep learning est notamment \u00e0 l&rsquo;\u00e9tude).<br \/>\nC\u00f4t\u00e9 \u00e9v\u00e9nementiel, apr\u00e8s une participation remarqu\u00e9e au salon Energa\u00efa mi-d\u00e9cembre, qui a permis de faire aboutir plusieurs discussions commerciales, meteo*swift intervenait le 2 mars dernier dans le workshop \u00ab\u00a0l\u2019intelligence artificielle au service de l\u2019environnement\u00a0\u00bb chez Demeter Partners.<br \/>\nEt parce qu\u2019il n\u2019y a pas fum\u00e9e sans feu, ou plut\u00f4t d\u2019\u00e9nergie sans vent (!), meteo*swift vient une fois de plus de d\u00e9crocher deux belles r\u00e9compenses. D\u2019abord\u00a0en remportant le Cleantech Open France o\u00f9 la start-up du Tarmac a \u00e9t\u00e9 d\u00e9sign\u00e9e comme l\u2019une des 10 entreprises fran\u00e7aise les plus innovantes et avec le plus d\u2019avenir dans les technologies propres (sur plus de 150 dossiers). Une r\u00e9compense qui lui vaut d\u2019\u00eatre d\u00e9sormais accompagn\u00e9e par l\u2019organisme europ\u00e9en Climate-KIC pour acc\u00e9l\u00e9rer son d\u00e9veloppement commercial. Enfin, en \u00e9tant reconnue Best Tech Start-up au concours de pitchs de l&rsquo;\u00e9v\u00e8nement EmTech France (Emerging Technologies, le conf\u00e9rence du MIT Technology Review en Europe).<\/p>","protected":false},"excerpt":{"rendered":"<p>meteo*swift, qui a d\u00e9j\u00e0 test\u00e9 sa solution sur plus de 150 \u00e9oliennes en France (3% du parc), vient de signer un contrat-partenariat avec un gros agr\u00e9gateur europ\u00e9en et m\u00e8ne plusieurs discussions pour des contrats qui pourraient lui ouvrir les portes de l\u2019international sur des parcs de grande envergure, . Sp\u00e9cialis\u00e9e dans la pr\u00e9vision de production [&hellip;]<\/p>\n","protected":false},"author":6,"featured_media":11369,"comment_status":"closed","ping_status":"open","sticky":false,"template":"","format":"standard","meta":{"footnotes":""},"categories":[45,44],"tags":[],"class_list":["post-11368","post","type-post","status-publish","format-standard","has-post-thumbnail","hentry","category-startup-tarmac","category-tarmac-incubator"],"yoast_head":"<!-- This site is optimized with the Yoast SEO plugin v27.4 - https:\/\/yoast.com\/product\/yoast-seo-wordpress\/ -->\n<title>Un d\u00e9but d\u2019ann\u00e9e sur les chapeaux de pales pour @meteo*swift qui a d\u00e9j\u00e0 travaill\u00e9 sur 3% du parc \u00e9olien fran\u00e7ais et attaque l\u2019international - inovall\u00e9e<\/title>\n<meta name=\"robots\" content=\"index, follow, max-snippet:-1, max-image-preview:large, max-video-preview:-1\" \/>\n<link rel=\"canonical\" href=\"https:\/\/www.inovallee.com\/en\/debut-dannee-chapeaux-de-pales-meteoswift-a-deja-travaille-3-parc-eolien-francais-attaque-linternational\/\" \/>\n<meta property=\"og:locale\" content=\"en_GB\" \/>\n<meta property=\"og:type\" content=\"article\" \/>\n<meta property=\"og:title\" content=\"Un d\u00e9but d\u2019ann\u00e9e sur les chapeaux de pales pour @meteo*swift qui a d\u00e9j\u00e0 travaill\u00e9 sur 3% du parc \u00e9olien fran\u00e7ais et attaque l\u2019international - inovall\u00e9e\" \/>\n<meta property=\"og:description\" content=\"meteo*swift, qui a d\u00e9j\u00e0 test\u00e9 sa solution sur plus de 150 \u00e9oliennes en France (3% du parc), vient de signer un contrat-partenariat avec un gros agr\u00e9gateur europ\u00e9en et m\u00e8ne plusieurs discussions pour des contrats qui pourraient lui ouvrir les portes de l\u2019international sur des parcs de grande envergure, . Sp\u00e9cialis\u00e9e dans la pr\u00e9vision de production [&hellip;]\" \/>\n<meta property=\"og:url\" content=\"https:\/\/www.inovallee.com\/en\/debut-dannee-chapeaux-de-pales-meteoswift-a-deja-travaille-3-parc-eolien-francais-attaque-linternational\/\" \/>\n<meta property=\"og:site_name\" content=\"inovall\u00e9e\" \/>\n<meta property=\"article:publisher\" content=\"https:\/\/www.facebook.com\/technopoleinovallee\/\" \/>\n<meta property=\"article:published_time\" content=\"2017-03-02T07:54:12+00:00\" \/>\n<meta property=\"og:image\" content=\"https:\/\/www.inovallee.com\/wp-content\/uploads\/2017\/03\/blog_une_meteoswift3.png\" \/>\n\t<meta property=\"og:image:width\" content=\"800\" \/>\n\t<meta property=\"og:image:height\" content=\"600\" \/>\n\t<meta property=\"og:image:type\" content=\"image\/png\" \/>\n<meta name=\"author\" content=\"Inovallee\" \/>\n<meta name=\"twitter:card\" content=\"summary_large_image\" \/>\n<meta name=\"twitter:creator\" content=\"@inovallee\" \/>\n<meta name=\"twitter:site\" content=\"@inovallee\" \/>\n<meta name=\"twitter:label1\" content=\"Written by\" \/>\n\t<meta name=\"twitter:data1\" content=\"Inovallee\" \/>\n\t<meta name=\"twitter:label2\" content=\"Estimated reading time\" \/>\n\t<meta name=\"twitter:data2\" content=\"2 minutes\" \/>\n<script type=\"application\/ld+json\" class=\"yoast-schema-graph\">{\"@context\":\"https:\\\/\\\/schema.org\",\"@graph\":[{\"@type\":\"Article\",\"@id\":\"https:\\\/\\\/www.inovallee.com\\\/debut-dannee-chapeaux-de-pales-meteoswift-a-deja-travaille-3-parc-eolien-francais-attaque-linternational\\\/#article\",\"isPartOf\":{\"@id\":\"https:\\\/\\\/www.inovallee.com\\\/debut-dannee-chapeaux-de-pales-meteoswift-a-deja-travaille-3-parc-eolien-francais-attaque-linternational\\\/\"},\"author\":{\"name\":\"Inovallee\",\"@id\":\"https:\\\/\\\/www.inovallee.com\\\/#\\\/schema\\\/person\\\/a45b15518aad3111b2d61d257a3e023b\"},\"headline\":\"Un d\u00e9but d\u2019ann\u00e9e sur les chapeaux de pales pour @meteo*swift qui a d\u00e9j\u00e0 travaill\u00e9 sur 3% du parc \u00e9olien fran\u00e7ais et attaque l\u2019international\",\"datePublished\":\"2017-03-02T07:54:12+00:00\",\"mainEntityOfPage\":{\"@id\":\"https:\\\/\\\/www.inovallee.com\\\/debut-dannee-chapeaux-de-pales-meteoswift-a-deja-travaille-3-parc-eolien-francais-attaque-linternational\\\/\"},\"wordCount\":339,\"publisher\":{\"@id\":\"https:\\\/\\\/www.inovallee.com\\\/#organization\"},\"image\":{\"@id\":\"https:\\\/\\\/www.inovallee.com\\\/debut-dannee-chapeaux-de-pales-meteoswift-a-deja-travaille-3-parc-eolien-francais-attaque-linternational\\\/#primaryimage\"},\"thumbnailUrl\":\"https:\\\/\\\/www.inovallee.com\\\/wp-content\\\/uploads\\\/2017\\\/03\\\/blog_une_meteoswift3.png\",\"articleSection\":[\"L'\u00e9cho des startups du Tarmac\",\"Tarmac incubator\"],\"inLanguage\":\"en-GB\"},{\"@type\":\"WebPage\",\"@id\":\"https:\\\/\\\/www.inovallee.com\\\/debut-dannee-chapeaux-de-pales-meteoswift-a-deja-travaille-3-parc-eolien-francais-attaque-linternational\\\/\",\"url\":\"https:\\\/\\\/www.inovallee.com\\\/debut-dannee-chapeaux-de-pales-meteoswift-a-deja-travaille-3-parc-eolien-francais-attaque-linternational\\\/\",\"name\":\"Un d\u00e9but d\u2019ann\u00e9e sur les chapeaux de pales pour @meteo*swift qui a d\u00e9j\u00e0 travaill\u00e9 sur 3% du parc \u00e9olien fran\u00e7ais et attaque l\u2019international - inovall\u00e9e\",\"isPartOf\":{\"@id\":\"https:\\\/\\\/www.inovallee.com\\\/#website\"},\"primaryImageOfPage\":{\"@id\":\"https:\\\/\\\/www.inovallee.com\\\/debut-dannee-chapeaux-de-pales-meteoswift-a-deja-travaille-3-parc-eolien-francais-attaque-linternational\\\/#primaryimage\"},\"image\":{\"@id\":\"https:\\\/\\\/www.inovallee.com\\\/debut-dannee-chapeaux-de-pales-meteoswift-a-deja-travaille-3-parc-eolien-francais-attaque-linternational\\\/#primaryimage\"},\"thumbnailUrl\":\"https:\\\/\\\/www.inovallee.com\\\/wp-content\\\/uploads\\\/2017\\\/03\\\/blog_une_meteoswift3.png\",\"datePublished\":\"2017-03-02T07:54:12+00:00\",\"breadcrumb\":{\"@id\":\"https:\\\/\\\/www.inovallee.com\\\/debut-dannee-chapeaux-de-pales-meteoswift-a-deja-travaille-3-parc-eolien-francais-attaque-linternational\\\/#breadcrumb\"},\"inLanguage\":\"en-GB\",\"potentialAction\":[{\"@type\":\"ReadAction\",\"target\":[\"https:\\\/\\\/www.inovallee.com\\\/debut-dannee-chapeaux-de-pales-meteoswift-a-deja-travaille-3-parc-eolien-francais-attaque-linternational\\\/\"]}]},{\"@type\":\"ImageObject\",\"inLanguage\":\"en-GB\",\"@id\":\"https:\\\/\\\/www.inovallee.com\\\/debut-dannee-chapeaux-de-pales-meteoswift-a-deja-travaille-3-parc-eolien-francais-attaque-linternational\\\/#primaryimage\",\"url\":\"https:\\\/\\\/www.inovallee.com\\\/wp-content\\\/uploads\\\/2017\\\/03\\\/blog_une_meteoswift3.png\",\"contentUrl\":\"https:\\\/\\\/www.inovallee.com\\\/wp-content\\\/uploads\\\/2017\\\/03\\\/blog_une_meteoswift3.png\",\"width\":800,\"height\":600},{\"@type\":\"BreadcrumbList\",\"@id\":\"https:\\\/\\\/www.inovallee.com\\\/debut-dannee-chapeaux-de-pales-meteoswift-a-deja-travaille-3-parc-eolien-francais-attaque-linternational\\\/#breadcrumb\",\"itemListElement\":[{\"@type\":\"ListItem\",\"position\":1,\"name\":\"Accueil\",\"item\":\"https:\\\/\\\/www.inovallee.com\\\/\"},{\"@type\":\"ListItem\",\"position\":2,\"name\":\"Un d\u00e9but d\u2019ann\u00e9e sur les chapeaux de pales pour @meteo*swift qui a d\u00e9j\u00e0 travaill\u00e9 sur 3% du parc \u00e9olien fran\u00e7ais et attaque l\u2019international\"}]},{\"@type\":\"WebSite\",\"@id\":\"https:\\\/\\\/www.inovallee.com\\\/#website\",\"url\":\"https:\\\/\\\/www.inovallee.com\\\/\",\"name\":\"inovall\u00e9e technopole, Home to software & smart technologies\",\"description\":\"Home to software &amp; smart technologies\",\"publisher\":{\"@id\":\"https:\\\/\\\/www.inovallee.com\\\/#organization\"},\"potentialAction\":[{\"@type\":\"SearchAction\",\"target\":{\"@type\":\"EntryPoint\",\"urlTemplate\":\"https:\\\/\\\/www.inovallee.com\\\/?s={search_term_string}\"},\"query-input\":{\"@type\":\"PropertyValueSpecification\",\"valueRequired\":true,\"valueName\":\"search_term_string\"}}],\"inLanguage\":\"en-GB\"},{\"@type\":\"Organization\",\"@id\":\"https:\\\/\\\/www.inovallee.com\\\/#organization\",\"name\":\"inovall\u00e9e\",\"url\":\"https:\\\/\\\/www.inovallee.com\\\/\",\"logo\":{\"@type\":\"ImageObject\",\"inLanguage\":\"en-GB\",\"@id\":\"https:\\\/\\\/www.inovallee.com\\\/#\\\/schema\\\/logo\\\/image\\\/\",\"url\":\"https:\\\/\\\/www.inovallee.com\\\/wp-content\\\/uploads\\\/2023\\\/08\\\/inovallee_2022_GrenobleAlpes.png\",\"contentUrl\":\"https:\\\/\\\/www.inovallee.com\\\/wp-content\\\/uploads\\\/2023\\\/08\\\/inovallee_2022_GrenobleAlpes.png\",\"width\":945,\"height\":369,\"caption\":\"inovall\u00e9e\"},\"image\":{\"@id\":\"https:\\\/\\\/www.inovallee.com\\\/#\\\/schema\\\/logo\\\/image\\\/\"},\"sameAs\":[\"https:\\\/\\\/www.facebook.com\\\/technopoleinovallee\\\/\",\"https:\\\/\\\/x.com\\\/inovallee\",\"https:\\\/\\\/www.linkedin.com\\\/company\\\/inovall-e\\\/\",\"https:\\\/\\\/www.youtube.com\\\/user\\\/inovallee?reload=9\"]},{\"@type\":\"Person\",\"@id\":\"https:\\\/\\\/www.inovallee.com\\\/#\\\/schema\\\/person\\\/a45b15518aad3111b2d61d257a3e023b\",\"name\":\"Inovallee\"}]}<\/script>\n<!-- \/ Yoast SEO plugin. -->","yoast_head_json":{"title":"Un d\u00e9but d\u2019ann\u00e9e sur les chapeaux de pales pour @meteo*swift qui a d\u00e9j\u00e0 travaill\u00e9 sur 3% du parc \u00e9olien fran\u00e7ais et attaque l\u2019international - inovall\u00e9e","robots":{"index":"index","follow":"follow","max-snippet":"max-snippet:-1","max-image-preview":"max-image-preview:large","max-video-preview":"max-video-preview:-1"},"canonical":"https:\/\/www.inovallee.com\/en\/debut-dannee-chapeaux-de-pales-meteoswift-a-deja-travaille-3-parc-eolien-francais-attaque-linternational\/","og_locale":"en_GB","og_type":"article","og_title":"Un d\u00e9but d\u2019ann\u00e9e sur les chapeaux de pales pour @meteo*swift qui a d\u00e9j\u00e0 travaill\u00e9 sur 3% du parc \u00e9olien fran\u00e7ais et attaque l\u2019international - inovall\u00e9e","og_description":"meteo*swift, qui a d\u00e9j\u00e0 test\u00e9 sa solution sur plus de 150 \u00e9oliennes en France (3% du parc), vient de signer un contrat-partenariat avec un gros agr\u00e9gateur europ\u00e9en et m\u00e8ne plusieurs discussions pour des contrats qui pourraient lui ouvrir les portes de l\u2019international sur des parcs de grande envergure, . Sp\u00e9cialis\u00e9e dans la pr\u00e9vision de production [&hellip;]","og_url":"https:\/\/www.inovallee.com\/en\/debut-dannee-chapeaux-de-pales-meteoswift-a-deja-travaille-3-parc-eolien-francais-attaque-linternational\/","og_site_name":"inovall\u00e9e","article_publisher":"https:\/\/www.facebook.com\/technopoleinovallee\/","article_published_time":"2017-03-02T07:54:12+00:00","og_image":[{"width":800,"height":600,"url":"https:\/\/www.inovallee.com\/wp-content\/uploads\/2017\/03\/blog_une_meteoswift3.png","type":"image\/png"}],"author":"Inovallee","twitter_card":"summary_large_image","twitter_creator":"@inovallee","twitter_site":"@inovallee","twitter_misc":{"Written by":"Inovallee","Estimated reading time":"2 minutes"},"schema":{"@context":"https:\/\/schema.org","@graph":[{"@type":"Article","@id":"https:\/\/www.inovallee.com\/debut-dannee-chapeaux-de-pales-meteoswift-a-deja-travaille-3-parc-eolien-francais-attaque-linternational\/#article","isPartOf":{"@id":"https:\/\/www.inovallee.com\/debut-dannee-chapeaux-de-pales-meteoswift-a-deja-travaille-3-parc-eolien-francais-attaque-linternational\/"},"author":{"name":"Inovallee","@id":"https:\/\/www.inovallee.com\/#\/schema\/person\/a45b15518aad3111b2d61d257a3e023b"},"headline":"Un d\u00e9but d\u2019ann\u00e9e sur les chapeaux de pales pour @meteo*swift qui a d\u00e9j\u00e0 travaill\u00e9 sur 3% du parc \u00e9olien fran\u00e7ais et attaque l\u2019international","datePublished":"2017-03-02T07:54:12+00:00","mainEntityOfPage":{"@id":"https:\/\/www.inovallee.com\/debut-dannee-chapeaux-de-pales-meteoswift-a-deja-travaille-3-parc-eolien-francais-attaque-linternational\/"},"wordCount":339,"publisher":{"@id":"https:\/\/www.inovallee.com\/#organization"},"image":{"@id":"https:\/\/www.inovallee.com\/debut-dannee-chapeaux-de-pales-meteoswift-a-deja-travaille-3-parc-eolien-francais-attaque-linternational\/#primaryimage"},"thumbnailUrl":"https:\/\/www.inovallee.com\/wp-content\/uploads\/2017\/03\/blog_une_meteoswift3.png","articleSection":["L'\u00e9cho des startups du Tarmac","Tarmac incubator"],"inLanguage":"en-GB"},{"@type":"WebPage","@id":"https:\/\/www.inovallee.com\/debut-dannee-chapeaux-de-pales-meteoswift-a-deja-travaille-3-parc-eolien-francais-attaque-linternational\/","url":"https:\/\/www.inovallee.com\/debut-dannee-chapeaux-de-pales-meteoswift-a-deja-travaille-3-parc-eolien-francais-attaque-linternational\/","name":"Un d\u00e9but d\u2019ann\u00e9e sur les chapeaux de pales pour @meteo*swift qui a d\u00e9j\u00e0 travaill\u00e9 sur 3% du parc \u00e9olien fran\u00e7ais et attaque l\u2019international - inovall\u00e9e","isPartOf":{"@id":"https:\/\/www.inovallee.com\/#website"},"primaryImageOfPage":{"@id":"https:\/\/www.inovallee.com\/debut-dannee-chapeaux-de-pales-meteoswift-a-deja-travaille-3-parc-eolien-francais-attaque-linternational\/#primaryimage"},"image":{"@id":"https:\/\/www.inovallee.com\/debut-dannee-chapeaux-de-pales-meteoswift-a-deja-travaille-3-parc-eolien-francais-attaque-linternational\/#primaryimage"},"thumbnailUrl":"https:\/\/www.inovallee.com\/wp-content\/uploads\/2017\/03\/blog_une_meteoswift3.png","datePublished":"2017-03-02T07:54:12+00:00","breadcrumb":{"@id":"https:\/\/www.inovallee.com\/debut-dannee-chapeaux-de-pales-meteoswift-a-deja-travaille-3-parc-eolien-francais-attaque-linternational\/#breadcrumb"},"inLanguage":"en-GB","potentialAction":[{"@type":"ReadAction","target":["https:\/\/www.inovallee.com\/debut-dannee-chapeaux-de-pales-meteoswift-a-deja-travaille-3-parc-eolien-francais-attaque-linternational\/"]}]},{"@type":"ImageObject","inLanguage":"en-GB","@id":"https:\/\/www.inovallee.com\/debut-dannee-chapeaux-de-pales-meteoswift-a-deja-travaille-3-parc-eolien-francais-attaque-linternational\/#primaryimage","url":"https:\/\/www.inovallee.com\/wp-content\/uploads\/2017\/03\/blog_une_meteoswift3.png","contentUrl":"https:\/\/www.inovallee.com\/wp-content\/uploads\/2017\/03\/blog_une_meteoswift3.png","width":800,"height":600},{"@type":"BreadcrumbList","@id":"https:\/\/www.inovallee.com\/debut-dannee-chapeaux-de-pales-meteoswift-a-deja-travaille-3-parc-eolien-francais-attaque-linternational\/#breadcrumb","itemListElement":[{"@type":"ListItem","position":1,"name":"Accueil","item":"https:\/\/www.inovallee.com\/"},{"@type":"ListItem","position":2,"name":"Un d\u00e9but d\u2019ann\u00e9e sur les chapeaux de pales pour @meteo*swift qui a d\u00e9j\u00e0 travaill\u00e9 sur 3% du parc \u00e9olien fran\u00e7ais et attaque l\u2019international"}]},{"@type":"WebSite","@id":"https:\/\/www.inovallee.com\/#website","url":"https:\/\/www.inovallee.com\/","name":"inovall\u00e9e technopole, Home to software & smart technologies","description":"Home to software &amp; smart technologies","publisher":{"@id":"https:\/\/www.inovallee.com\/#organization"},"potentialAction":[{"@type":"SearchAction","target":{"@type":"EntryPoint","urlTemplate":"https:\/\/www.inovallee.com\/?s={search_term_string}"},"query-input":{"@type":"PropertyValueSpecification","valueRequired":true,"valueName":"search_term_string"}}],"inLanguage":"en-GB"},{"@type":"Organization","@id":"https:\/\/www.inovallee.com\/#organization","name":"inovall\u00e9e","url":"https:\/\/www.inovallee.com\/","logo":{"@type":"ImageObject","inLanguage":"en-GB","@id":"https:\/\/www.inovallee.com\/#\/schema\/logo\/image\/","url":"https:\/\/www.inovallee.com\/wp-content\/uploads\/2023\/08\/inovallee_2022_GrenobleAlpes.png","contentUrl":"https:\/\/www.inovallee.com\/wp-content\/uploads\/2023\/08\/inovallee_2022_GrenobleAlpes.png","width":945,"height":369,"caption":"inovall\u00e9e"},"image":{"@id":"https:\/\/www.inovallee.com\/#\/schema\/logo\/image\/"},"sameAs":["https:\/\/www.facebook.com\/technopoleinovallee\/","https:\/\/x.com\/inovallee","https:\/\/www.linkedin.com\/company\/inovall-e\/","https:\/\/www.youtube.com\/user\/inovallee?reload=9"]},{"@type":"Person","@id":"https:\/\/www.inovallee.com\/#\/schema\/person\/a45b15518aad3111b2d61d257a3e023b","name":"Inovallee"}]}},"_links":{"self":[{"href":"https:\/\/www.inovallee.com\/en\/wp-json\/wp\/v2\/posts\/11368","targetHints":{"allow":["GET"]}}],"collection":[{"href":"https:\/\/www.inovallee.com\/en\/wp-json\/wp\/v2\/posts"}],"about":[{"href":"https:\/\/www.inovallee.com\/en\/wp-json\/wp\/v2\/types\/post"}],"author":[{"embeddable":true,"href":"https:\/\/www.inovallee.com\/en\/wp-json\/wp\/v2\/users\/6"}],"replies":[{"embeddable":true,"href":"https:\/\/www.inovallee.com\/en\/wp-json\/wp\/v2\/comments?post=11368"}],"version-history":[{"count":0,"href":"https:\/\/www.inovallee.com\/en\/wp-json\/wp\/v2\/posts\/11368\/revisions"}],"wp:featuredmedia":[{"embeddable":true,"href":"https:\/\/www.inovallee.com\/en\/wp-json\/wp\/v2\/media\/11369"}],"wp:attachment":[{"href":"https:\/\/www.inovallee.com\/en\/wp-json\/wp\/v2\/media?parent=11368"}],"wp:term":[{"taxonomy":"category","embeddable":true,"href":"https:\/\/www.inovallee.com\/en\/wp-json\/wp\/v2\/categories?post=11368"},{"taxonomy":"post_tag","embeddable":true,"href":"https:\/\/www.inovallee.com\/en\/wp-json\/wp\/v2\/tags?post=11368"}],"curies":[{"name":"wp","href":"https:\/\/api.w.org\/{rel}","templated":true}]}}