{"id":11879,"date":"2017-04-12T09:00:43","date_gmt":"2017-04-12T08:00:43","guid":{"rendered":"https:\/\/www.inovallee.com\/?p=11879\/"},"modified":"2017-04-12T09:00:43","modified_gmt":"2017-04-12T08:00:43","slug":"bientot-2-400-m2-de-bureaux-supplementaires-sur-inovallee","status":"publish","type":"post","link":"https:\/\/www.inovallee.com\/en\/bientot-2-400-m2-de-bureaux-supplementaires-sur-inovallee\/","title":{"rendered":"&quot;Projet Belledonne&quot; : 2 400 m2 de bureaux suppl\u00e9mentaires sur inovall\u00e9e"},"content":{"rendered":"<p><img fetchpriority=\"high\" decoding=\"async\" class=\"size-thumbnail wp-image-11881 alignleft\" src=\"https:\/\/www.inovallee.com\/wp-content\/uploads\/2017\/04\/blog_une-lancement-batiment-Belledonne-Ferrier-300x202.png\" alt=\"\" width=\"300\" height=\"202\" srcset=\"https:\/\/www.inovallee.com\/wp-content\/uploads\/2017\/04\/blog_une-lancement-batiment-Belledonne-Ferrier-300x202.png 300w, https:\/\/www.inovallee.com\/wp-content\/uploads\/2017\/04\/blog_une-lancement-batiment-Belledonne-Ferrier-768x516.png 768w, https:\/\/www.inovallee.com\/wp-content\/uploads\/2017\/04\/blog_une-lancement-batiment-Belledonne-Ferrier.png 800w\" sizes=\"(max-width: 300px) 100vw, 300px\" \/>Voil\u00e0 d\u00e9j\u00e0 quelques temps qu&rsquo;inovall\u00e9e amorce le changement&#8230; avec un paysage architectural qui se modernise, ann\u00e9es apr\u00e8s ann\u00e9es et mois apr\u00e8s mois. Il n&rsquo;est donc pas rare de voir les grues s&rsquo;installer, les b\u00e2timents pousser et de nouveaux occupants arriver ! La preuve en est avec le nouveau projet lanc\u00e9 par FERRIER Associ\u00e9s, baptis\u00e9 BELLEDONNE. Id\u00e9alement situ\u00e9 au sein d&rsquo;inovall\u00e9e, le long de l&rsquo;Avenue Jean Kuntzmann, le b\u00e2timent abritera 2 400 m2 de bureaux (divisibles \u00e0 partir de 200 m2) et 80 places de stationnement (dont 21 couvertes).<br \/>\nLa pr\u00e9sentation commerciale s&rsquo;est d\u00e9roul\u00e9e le lundi 10 avril dernier, dans les espaces de r\u00e9ception du Quartier Gabriel (\u00e0 Montbonnot). De nombreux partenaires ont fait le d\u00e9placement pour d\u00e9couvrir ce futur b\u00e2timent dont la performance \u00e9nerg\u00e9tique, environnementale et mat\u00e9rielle seront optimales.<br \/>\n<span style=\"color: #99cc00;\"><strong>A titre d&rsquo;exemples, on note :<\/strong><\/span><\/p>\n<ul>\n<li>la perm\u00e9abilit\u00e9 \u00e0 l\u2019air du b\u00e2timent, qui sera particuli\u00e8rement surveill\u00e9e et soign\u00e9e, avec la r\u00e9alisation de deux tests d&rsquo;\u00e9tanch\u00e9it\u00e9<\/li>\n<li>l&rsquo;isolation performante avec des fa\u00e7ades qui seront compos\u00e9es de murs en b\u00e9ton arm\u00e9 porteur \u00e0 isolation int\u00e9gr\u00e9e continue,\u00a0garantissant ainsi de l\u2019absence de ponts thermiques<\/li>\n<li>la qualit\u00e9 d&rsquo;utilisation des espaces de travail avec des syst\u00e8mes qui offriront aux occupants une capacit\u00e9 d\u2019agir individuellement sur l\u2019\u00e9clairage, la temp\u00e9rature et l\u2019\u00e9blouissement, depuis leurs postes de travail.<\/li>\n<\/ul>\n<p><img decoding=\"async\" class=\"size-thumbnail wp-image-11882 alignnone\" src=\"https:\/\/www.inovallee.com\/wp-content\/uploads\/2017\/04\/batiment-Belledonne-2-300x225.png\" alt=\"\" width=\"300\" height=\"225\" srcset=\"https:\/\/www.inovallee.com\/wp-content\/uploads\/2017\/04\/batiment-Belledonne-2-300x225.png 300w, https:\/\/www.inovallee.com\/wp-content\/uploads\/2017\/04\/batiment-Belledonne-2-768x577.png 768w, https:\/\/www.inovallee.com\/wp-content\/uploads\/2017\/04\/batiment-Belledonne-2-1024x769.png 1024w, https:\/\/www.inovallee.com\/wp-content\/uploads\/2017\/04\/batiment-Belledonne-2.png 1115w\" sizes=\"(max-width: 300px) 100vw, 300px\" \/><img decoding=\"async\" class=\"size-thumbnail wp-image-11883 alignnone\" src=\"https:\/\/www.inovallee.com\/wp-content\/uploads\/2017\/04\/batiment-Belledonne-300x225.png\" alt=\"\" width=\"300\" height=\"225\" srcset=\"https:\/\/www.inovallee.com\/wp-content\/uploads\/2017\/04\/batiment-Belledonne-300x225.png 300w, https:\/\/www.inovallee.com\/wp-content\/uploads\/2017\/04\/batiment-Belledonne-768x577.png 768w, https:\/\/www.inovallee.com\/wp-content\/uploads\/2017\/04\/batiment-Belledonne-1024x769.png 1024w, https:\/\/www.inovallee.com\/wp-content\/uploads\/2017\/04\/batiment-Belledonne.png 1117w\" sizes=\"(max-width: 300px) 100vw, 300px\" \/><img loading=\"lazy\" decoding=\"async\" class=\"size-thumbnail wp-image-11884 alignnone\" src=\"https:\/\/www.inovallee.com\/wp-content\/uploads\/2017\/04\/batiment-Belledonne-3-300x226.png\" alt=\"\" width=\"300\" height=\"226\" srcset=\"https:\/\/www.inovallee.com\/wp-content\/uploads\/2017\/04\/batiment-Belledonne-3-300x226.png 300w, https:\/\/www.inovallee.com\/wp-content\/uploads\/2017\/04\/batiment-Belledonne-3-768x578.png 768w, https:\/\/www.inovallee.com\/wp-content\/uploads\/2017\/04\/batiment-Belledonne-3-1024x770.png 1024w, https:\/\/www.inovallee.com\/wp-content\/uploads\/2017\/04\/batiment-Belledonne-3.png 1118w\" sizes=\"(max-width: 300px) 100vw, 300px\" \/><\/p>\n<hr \/>\n<p><em><strong>En bref<\/strong> : FERRIER Associ\u00e9s est une soci\u00e9t\u00e9 de promotion sp\u00e9cialis\u00e9e en immobilier d\u2019entreprise, implant\u00e9e \u00e0 Grenoble, qui a d\u00e9j\u00e0 r\u00e9alis\u00e9 plus de 3,5 millions de m2 de surfaces de bureaux et de locaux d&rsquo;activit\u00e9. Leurs op\u00e9rations sont certifi\u00e9es Haute Qualit\u00e9 Environnementale, labellis\u00e9es \u00e0 haute performance \u00e9nerg\u00e9tique, \u00e0 minima BBC et allant jusqu\u2019au b\u00e2timent \u00e0 \u00c9nergie positive. Depuis 2014, FERRIER Associ\u00e9s d\u00e9veloppe la m\u00e9thode Lean construction au sein de sa propre organisation et sur l\u2019ensemble de ses programmes. Conjointement \u00e0 cette d\u00e9marche, FERRIER Associ\u00e9s adopte le concept de la m\u00e9thode BIM pour la r\u00e9alisation de tous ses projets d\u00e8s la phase \u00e9tudes.<\/em><br \/>\nPour en savoir + : Laurie GAILLARD<br \/>\nT\u00e9l. 04 26 78 29 22 \/ <a href=\"mailto:laurie.gaillard@ferrier-associes.com\">laurie.gaillard@ferrier-associes.com<\/a><\/p>","protected":false},"excerpt":{"rendered":"<p>Voil\u00e0 d\u00e9j\u00e0 quelques temps qu&rsquo;inovall\u00e9e amorce le changement&#8230; avec un paysage architectural qui se modernise, ann\u00e9es apr\u00e8s ann\u00e9es et mois apr\u00e8s mois. Il n&rsquo;est donc pas rare de voir les grues s&rsquo;installer, les b\u00e2timents pousser et de nouveaux occupants arriver ! La preuve en est avec le nouveau projet lanc\u00e9 par FERRIER Associ\u00e9s, baptis\u00e9 BELLEDONNE. [&hellip;]<\/p>\n","protected":false},"author":6,"featured_media":11881,"comment_status":"closed","ping_status":"open","sticky":false,"template":"","format":"standard","meta":{"footnotes":""},"categories":[51,35],"tags":[],"class_list":["post-11879","post","type-post","status-publish","format-standard","has-post-thumbnail","hentry","category-ecosysteme-innovation","category-sports-loisirs-culture-inovallee"],"yoast_head":"<!-- This site is optimized with the Yoast SEO plugin v27.4 - https:\/\/yoast.com\/product\/yoast-seo-wordpress\/ -->\n<title>&quot;Projet Belledonne&quot; : 2 400 m2 de bureaux suppl\u00e9mentaires sur inovall\u00e9e - inovall\u00e9e<\/title>\n<meta name=\"description\" content=\"Id\u00e9alement situ\u00e9 au sein d&#039;inovall\u00e9e, le long de l&#039;Avenue Jean Kuntzmann, le b\u00e2timent abritera 2 400 m2 de bureaux (divisibles \u00e0 partir de 200 m2) et ...\" \/>\n<meta name=\"robots\" content=\"index, follow, max-snippet:-1, max-image-preview:large, max-video-preview:-1\" \/>\n<link rel=\"canonical\" href=\"https:\/\/www.inovallee.com\/en\/bientot-2-400-m2-de-bureaux-supplementaires-sur-inovallee\/\" \/>\n<meta property=\"og:locale\" content=\"en_GB\" \/>\n<meta property=\"og:type\" content=\"article\" \/>\n<meta property=\"og:title\" content=\"&quot;Projet Belledonne&quot; : 2 400 m2 de bureaux suppl\u00e9mentaires sur inovall\u00e9e - inovall\u00e9e\" \/>\n<meta property=\"og:description\" content=\"Id\u00e9alement situ\u00e9 au sein d&#039;inovall\u00e9e, le long de l&#039;Avenue Jean Kuntzmann, le b\u00e2timent abritera 2 400 m2 de bureaux (divisibles \u00e0 partir de 200 m2) et ...\" \/>\n<meta property=\"og:url\" content=\"https:\/\/www.inovallee.com\/en\/bientot-2-400-m2-de-bureaux-supplementaires-sur-inovallee\/\" \/>\n<meta property=\"og:site_name\" content=\"inovall\u00e9e\" \/>\n<meta property=\"article:publisher\" content=\"https:\/\/www.facebook.com\/technopoleinovallee\/\" \/>\n<meta property=\"article:published_time\" content=\"2017-04-12T08:00:43+00:00\" \/>\n<meta property=\"og:image\" content=\"https:\/\/www.inovallee.com\/wp-content\/uploads\/2017\/04\/blog_une-lancement-batiment-Belledonne-Ferrier.png\" \/>\n\t<meta property=\"og:image:width\" content=\"800\" \/>\n\t<meta property=\"og:image:height\" content=\"538\" \/>\n\t<meta property=\"og:image:type\" content=\"image\/png\" \/>\n<meta name=\"author\" content=\"Inovallee\" \/>\n<meta name=\"twitter:card\" content=\"summary_large_image\" \/>\n<meta name=\"twitter:creator\" content=\"@inovallee\" \/>\n<meta name=\"twitter:site\" content=\"@inovallee\" \/>\n<meta name=\"twitter:label1\" content=\"Written by\" \/>\n\t<meta name=\"twitter:data1\" content=\"Inovallee\" \/>\n\t<meta name=\"twitter:label2\" content=\"Estimated reading time\" \/>\n\t<meta name=\"twitter:data2\" content=\"2 minutes\" \/>\n<script type=\"application\/ld+json\" class=\"yoast-schema-graph\">{\"@context\":\"https:\\\/\\\/schema.org\",\"@graph\":[{\"@type\":\"Article\",\"@id\":\"https:\\\/\\\/www.inovallee.com\\\/bientot-2-400-m2-de-bureaux-supplementaires-sur-inovallee\\\/#article\",\"isPartOf\":{\"@id\":\"https:\\\/\\\/www.inovallee.com\\\/bientot-2-400-m2-de-bureaux-supplementaires-sur-inovallee\\\/\"},\"author\":{\"name\":\"Inovallee\",\"@id\":\"https:\\\/\\\/www.inovallee.com\\\/#\\\/schema\\\/person\\\/a45b15518aad3111b2d61d257a3e023b\"},\"headline\":\"&quot;Projet Belledonne&quot; : 2 400 m2 de bureaux suppl\u00e9mentaires sur inovall\u00e9e\",\"datePublished\":\"2017-04-12T08:00:43+00:00\",\"mainEntityOfPage\":{\"@id\":\"https:\\\/\\\/www.inovallee.com\\\/bientot-2-400-m2-de-bureaux-supplementaires-sur-inovallee\\\/\"},\"wordCount\":386,\"publisher\":{\"@id\":\"https:\\\/\\\/www.inovallee.com\\\/#organization\"},\"image\":{\"@id\":\"https:\\\/\\\/www.inovallee.com\\\/bientot-2-400-m2-de-bureaux-supplementaires-sur-inovallee\\\/#primaryimage\"},\"thumbnailUrl\":\"https:\\\/\\\/www.inovallee.com\\\/wp-content\\\/uploads\\\/2017\\\/04\\\/blog_une-lancement-batiment-Belledonne-Ferrier.png\",\"articleSection\":[\"Ecosyst\u00e8me de l'innovation\",\"Sports &amp; Loisirs\"],\"inLanguage\":\"en-GB\"},{\"@type\":\"WebPage\",\"@id\":\"https:\\\/\\\/www.inovallee.com\\\/bientot-2-400-m2-de-bureaux-supplementaires-sur-inovallee\\\/\",\"url\":\"https:\\\/\\\/www.inovallee.com\\\/bientot-2-400-m2-de-bureaux-supplementaires-sur-inovallee\\\/\",\"name\":\"&quot;Projet Belledonne&quot; : 2 400 m2 de bureaux suppl\u00e9mentaires sur inovall\u00e9e - inovall\u00e9e\",\"isPartOf\":{\"@id\":\"https:\\\/\\\/www.inovallee.com\\\/#website\"},\"primaryImageOfPage\":{\"@id\":\"https:\\\/\\\/www.inovallee.com\\\/bientot-2-400-m2-de-bureaux-supplementaires-sur-inovallee\\\/#primaryimage\"},\"image\":{\"@id\":\"https:\\\/\\\/www.inovallee.com\\\/bientot-2-400-m2-de-bureaux-supplementaires-sur-inovallee\\\/#primaryimage\"},\"thumbnailUrl\":\"https:\\\/\\\/www.inovallee.com\\\/wp-content\\\/uploads\\\/2017\\\/04\\\/blog_une-lancement-batiment-Belledonne-Ferrier.png\",\"datePublished\":\"2017-04-12T08:00:43+00:00\",\"description\":\"Id\u00e9alement situ\u00e9 au sein d'inovall\u00e9e, le long de l'Avenue Jean Kuntzmann, le b\u00e2timent abritera 2 400 m2 de bureaux (divisibles \u00e0 partir de 200 m2) et ...\",\"breadcrumb\":{\"@id\":\"https:\\\/\\\/www.inovallee.com\\\/bientot-2-400-m2-de-bureaux-supplementaires-sur-inovallee\\\/#breadcrumb\"},\"inLanguage\":\"en-GB\",\"potentialAction\":[{\"@type\":\"ReadAction\",\"target\":[\"https:\\\/\\\/www.inovallee.com\\\/bientot-2-400-m2-de-bureaux-supplementaires-sur-inovallee\\\/\"]}]},{\"@type\":\"ImageObject\",\"inLanguage\":\"en-GB\",\"@id\":\"https:\\\/\\\/www.inovallee.com\\\/bientot-2-400-m2-de-bureaux-supplementaires-sur-inovallee\\\/#primaryimage\",\"url\":\"https:\\\/\\\/www.inovallee.com\\\/wp-content\\\/uploads\\\/2017\\\/04\\\/blog_une-lancement-batiment-Belledonne-Ferrier.png\",\"contentUrl\":\"https:\\\/\\\/www.inovallee.com\\\/wp-content\\\/uploads\\\/2017\\\/04\\\/blog_une-lancement-batiment-Belledonne-Ferrier.png\",\"width\":800,\"height\":538},{\"@type\":\"BreadcrumbList\",\"@id\":\"https:\\\/\\\/www.inovallee.com\\\/bientot-2-400-m2-de-bureaux-supplementaires-sur-inovallee\\\/#breadcrumb\",\"itemListElement\":[{\"@type\":\"ListItem\",\"position\":1,\"name\":\"Accueil\",\"item\":\"https:\\\/\\\/www.inovallee.com\\\/\"},{\"@type\":\"ListItem\",\"position\":2,\"name\":\"&quot;Projet Belledonne&quot; : 2 400 m2 de bureaux suppl\u00e9mentaires sur inovall\u00e9e\"}]},{\"@type\":\"WebSite\",\"@id\":\"https:\\\/\\\/www.inovallee.com\\\/#website\",\"url\":\"https:\\\/\\\/www.inovallee.com\\\/\",\"name\":\"inovall\u00e9e technopole, Home to software & smart technologies\",\"description\":\"Home to software &amp; smart technologies\",\"publisher\":{\"@id\":\"https:\\\/\\\/www.inovallee.com\\\/#organization\"},\"potentialAction\":[{\"@type\":\"SearchAction\",\"target\":{\"@type\":\"EntryPoint\",\"urlTemplate\":\"https:\\\/\\\/www.inovallee.com\\\/?s={search_term_string}\"},\"query-input\":{\"@type\":\"PropertyValueSpecification\",\"valueRequired\":true,\"valueName\":\"search_term_string\"}}],\"inLanguage\":\"en-GB\"},{\"@type\":\"Organization\",\"@id\":\"https:\\\/\\\/www.inovallee.com\\\/#organization\",\"name\":\"inovall\u00e9e\",\"url\":\"https:\\\/\\\/www.inovallee.com\\\/\",\"logo\":{\"@type\":\"ImageObject\",\"inLanguage\":\"en-GB\",\"@id\":\"https:\\\/\\\/www.inovallee.com\\\/#\\\/schema\\\/logo\\\/image\\\/\",\"url\":\"https:\\\/\\\/www.inovallee.com\\\/wp-content\\\/uploads\\\/2023\\\/08\\\/inovallee_2022_GrenobleAlpes.png\",\"contentUrl\":\"https:\\\/\\\/www.inovallee.com\\\/wp-content\\\/uploads\\\/2023\\\/08\\\/inovallee_2022_GrenobleAlpes.png\",\"width\":945,\"height\":369,\"caption\":\"inovall\u00e9e\"},\"image\":{\"@id\":\"https:\\\/\\\/www.inovallee.com\\\/#\\\/schema\\\/logo\\\/image\\\/\"},\"sameAs\":[\"https:\\\/\\\/www.facebook.com\\\/technopoleinovallee\\\/\",\"https:\\\/\\\/x.com\\\/inovallee\",\"https:\\\/\\\/www.linkedin.com\\\/company\\\/inovall-e\\\/\",\"https:\\\/\\\/www.youtube.com\\\/user\\\/inovallee?reload=9\"]},{\"@type\":\"Person\",\"@id\":\"https:\\\/\\\/www.inovallee.com\\\/#\\\/schema\\\/person\\\/a45b15518aad3111b2d61d257a3e023b\",\"name\":\"Inovallee\"}]}<\/script>\n<!-- \/ Yoast SEO plugin. -->","yoast_head_json":{"title":"&quot;Projet Belledonne&quot; : 2 400 m2 de bureaux suppl\u00e9mentaires sur inovall\u00e9e - inovall\u00e9e","description":"Id\u00e9alement situ\u00e9 au sein d'inovall\u00e9e, le long de l'Avenue Jean Kuntzmann, le b\u00e2timent abritera 2 400 m2 de bureaux (divisibles \u00e0 partir de 200 m2) et ...","robots":{"index":"index","follow":"follow","max-snippet":"max-snippet:-1","max-image-preview":"max-image-preview:large","max-video-preview":"max-video-preview:-1"},"canonical":"https:\/\/www.inovallee.com\/en\/bientot-2-400-m2-de-bureaux-supplementaires-sur-inovallee\/","og_locale":"en_GB","og_type":"article","og_title":"&quot;Projet Belledonne&quot; : 2 400 m2 de bureaux suppl\u00e9mentaires sur inovall\u00e9e - inovall\u00e9e","og_description":"Id\u00e9alement situ\u00e9 au sein d'inovall\u00e9e, le long de l'Avenue Jean Kuntzmann, le b\u00e2timent abritera 2 400 m2 de bureaux (divisibles \u00e0 partir de 200 m2) et ...","og_url":"https:\/\/www.inovallee.com\/en\/bientot-2-400-m2-de-bureaux-supplementaires-sur-inovallee\/","og_site_name":"inovall\u00e9e","article_publisher":"https:\/\/www.facebook.com\/technopoleinovallee\/","article_published_time":"2017-04-12T08:00:43+00:00","og_image":[{"width":800,"height":538,"url":"https:\/\/www.inovallee.com\/wp-content\/uploads\/2017\/04\/blog_une-lancement-batiment-Belledonne-Ferrier.png","type":"image\/png"}],"author":"Inovallee","twitter_card":"summary_large_image","twitter_creator":"@inovallee","twitter_site":"@inovallee","twitter_misc":{"Written by":"Inovallee","Estimated reading time":"2 minutes"},"schema":{"@context":"https:\/\/schema.org","@graph":[{"@type":"Article","@id":"https:\/\/www.inovallee.com\/bientot-2-400-m2-de-bureaux-supplementaires-sur-inovallee\/#article","isPartOf":{"@id":"https:\/\/www.inovallee.com\/bientot-2-400-m2-de-bureaux-supplementaires-sur-inovallee\/"},"author":{"name":"Inovallee","@id":"https:\/\/www.inovallee.com\/#\/schema\/person\/a45b15518aad3111b2d61d257a3e023b"},"headline":"&quot;Projet Belledonne&quot; : 2 400 m2 de bureaux suppl\u00e9mentaires sur inovall\u00e9e","datePublished":"2017-04-12T08:00:43+00:00","mainEntityOfPage":{"@id":"https:\/\/www.inovallee.com\/bientot-2-400-m2-de-bureaux-supplementaires-sur-inovallee\/"},"wordCount":386,"publisher":{"@id":"https:\/\/www.inovallee.com\/#organization"},"image":{"@id":"https:\/\/www.inovallee.com\/bientot-2-400-m2-de-bureaux-supplementaires-sur-inovallee\/#primaryimage"},"thumbnailUrl":"https:\/\/www.inovallee.com\/wp-content\/uploads\/2017\/04\/blog_une-lancement-batiment-Belledonne-Ferrier.png","articleSection":["Ecosyst\u00e8me de l'innovation","Sports &amp; Loisirs"],"inLanguage":"en-GB"},{"@type":"WebPage","@id":"https:\/\/www.inovallee.com\/bientot-2-400-m2-de-bureaux-supplementaires-sur-inovallee\/","url":"https:\/\/www.inovallee.com\/bientot-2-400-m2-de-bureaux-supplementaires-sur-inovallee\/","name":"&quot;Projet Belledonne&quot; : 2 400 m2 de bureaux suppl\u00e9mentaires sur inovall\u00e9e - inovall\u00e9e","isPartOf":{"@id":"https:\/\/www.inovallee.com\/#website"},"primaryImageOfPage":{"@id":"https:\/\/www.inovallee.com\/bientot-2-400-m2-de-bureaux-supplementaires-sur-inovallee\/#primaryimage"},"image":{"@id":"https:\/\/www.inovallee.com\/bientot-2-400-m2-de-bureaux-supplementaires-sur-inovallee\/#primaryimage"},"thumbnailUrl":"https:\/\/www.inovallee.com\/wp-content\/uploads\/2017\/04\/blog_une-lancement-batiment-Belledonne-Ferrier.png","datePublished":"2017-04-12T08:00:43+00:00","description":"Id\u00e9alement situ\u00e9 au sein d'inovall\u00e9e, le long de l'Avenue Jean Kuntzmann, le b\u00e2timent abritera 2 400 m2 de bureaux (divisibles \u00e0 partir de 200 m2) et ...","breadcrumb":{"@id":"https:\/\/www.inovallee.com\/bientot-2-400-m2-de-bureaux-supplementaires-sur-inovallee\/#breadcrumb"},"inLanguage":"en-GB","potentialAction":[{"@type":"ReadAction","target":["https:\/\/www.inovallee.com\/bientot-2-400-m2-de-bureaux-supplementaires-sur-inovallee\/"]}]},{"@type":"ImageObject","inLanguage":"en-GB","@id":"https:\/\/www.inovallee.com\/bientot-2-400-m2-de-bureaux-supplementaires-sur-inovallee\/#primaryimage","url":"https:\/\/www.inovallee.com\/wp-content\/uploads\/2017\/04\/blog_une-lancement-batiment-Belledonne-Ferrier.png","contentUrl":"https:\/\/www.inovallee.com\/wp-content\/uploads\/2017\/04\/blog_une-lancement-batiment-Belledonne-Ferrier.png","width":800,"height":538},{"@type":"BreadcrumbList","@id":"https:\/\/www.inovallee.com\/bientot-2-400-m2-de-bureaux-supplementaires-sur-inovallee\/#breadcrumb","itemListElement":[{"@type":"ListItem","position":1,"name":"Accueil","item":"https:\/\/www.inovallee.com\/"},{"@type":"ListItem","position":2,"name":"&quot;Projet Belledonne&quot; : 2 400 m2 de bureaux suppl\u00e9mentaires sur inovall\u00e9e"}]},{"@type":"WebSite","@id":"https:\/\/www.inovallee.com\/#website","url":"https:\/\/www.inovallee.com\/","name":"inovall\u00e9e technopole, Home to software & smart technologies","description":"Home to software &amp; smart technologies","publisher":{"@id":"https:\/\/www.inovallee.com\/#organization"},"potentialAction":[{"@type":"SearchAction","target":{"@type":"EntryPoint","urlTemplate":"https:\/\/www.inovallee.com\/?s={search_term_string}"},"query-input":{"@type":"PropertyValueSpecification","valueRequired":true,"valueName":"search_term_string"}}],"inLanguage":"en-GB"},{"@type":"Organization","@id":"https:\/\/www.inovallee.com\/#organization","name":"inovall\u00e9e","url":"https:\/\/www.inovallee.com\/","logo":{"@type":"ImageObject","inLanguage":"en-GB","@id":"https:\/\/www.inovallee.com\/#\/schema\/logo\/image\/","url":"https:\/\/www.inovallee.com\/wp-content\/uploads\/2023\/08\/inovallee_2022_GrenobleAlpes.png","contentUrl":"https:\/\/www.inovallee.com\/wp-content\/uploads\/2023\/08\/inovallee_2022_GrenobleAlpes.png","width":945,"height":369,"caption":"inovall\u00e9e"},"image":{"@id":"https:\/\/www.inovallee.com\/#\/schema\/logo\/image\/"},"sameAs":["https:\/\/www.facebook.com\/technopoleinovallee\/","https:\/\/x.com\/inovallee","https:\/\/www.linkedin.com\/company\/inovall-e\/","https:\/\/www.youtube.com\/user\/inovallee?reload=9"]},{"@type":"Person","@id":"https:\/\/www.inovallee.com\/#\/schema\/person\/a45b15518aad3111b2d61d257a3e023b","name":"Inovallee"}]}},"_links":{"self":[{"href":"https:\/\/www.inovallee.com\/en\/wp-json\/wp\/v2\/posts\/11879","targetHints":{"allow":["GET"]}}],"collection":[{"href":"https:\/\/www.inovallee.com\/en\/wp-json\/wp\/v2\/posts"}],"about":[{"href":"https:\/\/www.inovallee.com\/en\/wp-json\/wp\/v2\/types\/post"}],"author":[{"embeddable":true,"href":"https:\/\/www.inovallee.com\/en\/wp-json\/wp\/v2\/users\/6"}],"replies":[{"embeddable":true,"href":"https:\/\/www.inovallee.com\/en\/wp-json\/wp\/v2\/comments?post=11879"}],"version-history":[{"count":0,"href":"https:\/\/www.inovallee.com\/en\/wp-json\/wp\/v2\/posts\/11879\/revisions"}],"wp:featuredmedia":[{"embeddable":true,"href":"https:\/\/www.inovallee.com\/en\/wp-json\/wp\/v2\/media\/11881"}],"wp:attachment":[{"href":"https:\/\/www.inovallee.com\/en\/wp-json\/wp\/v2\/media?parent=11879"}],"wp:term":[{"taxonomy":"category","embeddable":true,"href":"https:\/\/www.inovallee.com\/en\/wp-json\/wp\/v2\/categories?post=11879"},{"taxonomy":"post_tag","embeddable":true,"href":"https:\/\/www.inovallee.com\/en\/wp-json\/wp\/v2\/tags?post=11879"}],"curies":[{"name":"wp","href":"https:\/\/api.w.org\/{rel}","templated":true}]}}