{"id":12170,"date":"2017-05-11T07:20:53","date_gmt":"2017-05-11T06:20:53","guid":{"rendered":"https:\/\/www.inovallee.com\/?p=12170\/"},"modified":"2017-05-11T07:20:53","modified_gmt":"2017-05-11T06:20:53","slug":"trois-nouveaux-membres-pour-le-ca-dinovallee-qui-sont-ils-quels-sont-leurs-projets-pour-la-technopole","status":"publish","type":"post","link":"https:\/\/www.inovallee.com\/en\/trois-nouveaux-membres-pour-le-ca-dinovallee-qui-sont-ils-quels-sont-leurs-projets-pour-la-technopole\/","title":{"rendered":"Trois nouveaux membres pour le CA d&#039;inovall\u00e9e&#8230; qui sont-ils ? quels sont leurs projets pour la technopole ?"},"content":{"rendered":"<p><img fetchpriority=\"high\" decoding=\"async\" class=\"size-thumbnail wp-image-12233 alignleft\" src=\"https:\/\/www.inovallee.com\/wp-content\/uploads\/2017\/05\/blog_une-article-nouveaux-membres-ca-2017-300x202.png\" alt=\"\" width=\"300\" height=\"202\" srcset=\"https:\/\/www.inovallee.com\/wp-content\/uploads\/2017\/05\/blog_une-article-nouveaux-membres-ca-2017-300x202.png 300w, https:\/\/www.inovallee.com\/wp-content\/uploads\/2017\/05\/blog_une-article-nouveaux-membres-ca-2017-768x516.png 768w, https:\/\/www.inovallee.com\/wp-content\/uploads\/2017\/05\/blog_une-article-nouveaux-membres-ca-2017.png 800w\" sizes=\"(max-width: 300px) 100vw, 300px\" \/>Lors de l&rsquo;annuel d&rsquo;inovall\u00e9e (AG), le 14 mars dernier, trois nouveaux \u00e9lus ont rejoint le conseil d\u2019administration : <strong>Daphn\u00e9 Charpin-L\u00e8bre (ACS Traduction), Jean-Pascal&nbsp;Bost (eVaderis) et Cyril Hommel (H3C-\u00e9nergies)<\/strong>. Bien loin des campagnes pr\u00e9sidentielles que nous venons de vivre ces derni\u00e8res semaines&#8230; tous les trois sont anim\u00e9s par un m\u00eame souhait : faire rayonner les \u00e9cosyst\u00e8mes via des projets communs de mise en r\u00e9seau, de d\u00e9veloppements internationaux ou encore de transition \u00e9nerg\u00e9tique. Chacun d&rsquo;eux nous a pr\u00e9sent\u00e9 sa vision du futur pour inovall\u00e9e et ses app\u00e9tences.<br \/>\n&nbsp;<br \/>\n&nbsp;<\/p>\n<h3><span style=\"color: #99cc00;\"><img decoding=\"async\" class=\"size-thumbnail wp-image-12229 alignright\" src=\"https:\/\/www.inovallee.com\/wp-content\/uploads\/2017\/05\/blog_une-article-daphne-charpin-300x202.png\" alt=\"\" width=\"300\" height=\"202\" srcset=\"https:\/\/www.inovallee.com\/wp-content\/uploads\/2017\/05\/blog_une-article-daphne-charpin-300x202.png 300w, https:\/\/www.inovallee.com\/wp-content\/uploads\/2017\/05\/blog_une-article-daphne-charpin-768x516.png 768w, https:\/\/www.inovallee.com\/wp-content\/uploads\/2017\/05\/blog_une-article-daphne-charpin.png 800w\" sizes=\"(max-width: 300px) 100vw, 300px\" \/>Daphn\u00e9 Charpin-L\u00e8bre <a style=\"color: #99cc00;\" href=\"http:\/\/acs-traduction.com\/\" target=\"_blank\" rel=\"noopener noreferrer\">(ACS Traduction)<\/a> : la d\u00e9marche r\u00e9seau avant tout !<br \/>\n<\/span><\/h3>\n<p>Arriv\u00e9e chez ACS Traduction depuis 1 an, Daphn\u00e9 est traductrice de m\u00e9tier (Anglais &#8211; Allemand) mais s\u2019att\u00e8le d\u00e9sormais \u00e0 du d\u00e9veloppement d&rsquo;affaires. Son go\u00fbt pour l&rsquo;entrepreneuriat lui a permis de mettre en \u0153uvre une offre de services de traduction en ligne d\u00e9di\u00e9e aux entreprises, qui jusqu&rsquo;\u00e0 son arriv\u00e9e \u00e9tait tr\u00e8s orient\u00e9e BtoC. Ce tournant novateur pour l&rsquo;entreprise lui a permis de fortement d\u00e9velopper son r\u00e9seau mais \u00e9galement de maintenir un lien privil\u00e9gi\u00e9 avec le monde universitaire gr\u00e2ce aux conf\u00e9rences qu&rsquo;elle anime r\u00e9guli\u00e8rement.<br \/>\n<strong>Sa phrase<\/strong> :<em>\u00ab\u00a0C&rsquo;est la d\u00e9marche r\u00e9seau qui m&rsquo;a fait arriver chez ACS Traduction, qui est une approche f\u00e9d\u00e9ratrice \u00e0 laquelle je crois beaucoup. Et ce qui me pousse \u00e0 vouloir m&rsquo;investir, c&rsquo;est aussi de pouvoir incarner la diversit\u00e9 des entreprises pr\u00e9sentes sur inovall\u00e9e et favoriser le lien entre les \u00e9tudiants et le monde \u00e9conomique.\u00a0\u00bb<\/em><br \/>\n<strong>Ses ambitions pour inovall\u00e9e<\/strong> :<\/p>\n<ul>\n<li>assurer le lien entre les talents qui sont dans les universit\u00e9s et les entreprises du parc technologique<\/li>\n<li>repr\u00e9senter la diversit\u00e9 et d\u00e9velopper la d\u00e9marche r\u00e9seau<\/li>\n<\/ul>\n<p><strong>La commission qu&rsquo;elle rejoint : innovation sociale<\/strong><br \/>\n&nbsp;<\/p>\n<h3><span style=\"color: #99cc00;\"><img decoding=\"async\" class=\"size-thumbnail wp-image-12230 alignleft\" src=\"https:\/\/www.inovallee.com\/wp-content\/uploads\/2017\/05\/blog_une-article-jean-pascal-bost-1-300x202.png\" alt=\"\" width=\"300\" height=\"202\">Jean-Pascal Bost <a style=\"color: #99cc00;\" href=\"http:\/\/evaderis.com\/\" target=\"_blank\" rel=\"noopener noreferrer\">(eVaderis)<\/a> : faire rayonner les \u00e9cosyst\u00e8mes<br \/>\n<\/span><\/h3>\n<p>C&rsquo;est au sein du groupe Juva Sant\u00e9 (qui porte presque le m\u00eame nom que sa petite pastille vitamin\u00e9e\u2026) qu&rsquo;il d\u00e9marre sa carri\u00e8re, en tant que Charg\u00e9 d&rsquo;\u00e9tudes&nbsp;Marketing. Il quitte ensuite la capitale et un poste de consultant pour venir travailler sur Grenoble&nbsp;dans des fonctions&nbsp;financi\u00e8res chez Schneider Electric. 9 ans apr\u00e8s, il retourne chez Juva Sant\u00e9 pour y occuper des fonctions de Responsable du service interne de gestion de l\u2019innovation. La lassitude des allers-retours entre Paris et Grenoble le contraint finalement \u00e0 rester sur le bassin \u00e9conomique grenoblois et \u00e0 poursuivre sa carri\u00e8re en tant que DAF, aussi bien pour le monde de l&rsquo;industrie que pour la presse (Dauphin\u00e9 Lib\u00e9r\u00e9). Il se rapprochera, au fil des rencontres et des opportunit\u00e9s, de startups comme Crocus Technology et&#8230; eVaderis, sp\u00e9cialis\u00e9e dans la&nbsp;conception de m\u00e9moires non volatiles. Son objectif n\u00b01 en arrivant chez eVaderis (6 mois apr\u00e8s la cr\u00e9ation), \u00e9tait de chercher des financements et d&rsquo;aider la structure \u00e0&nbsp;se d\u00e9velopper. Depuis 2014, on peut dire que le pari est largement atteint puisqu\u2019il a permis \u00e0 la soci\u00e9t\u00e9 de faire de belles lev\u00e9es de fonds et s&rsquo;amuse \u00e0 dire qu&rsquo;il est un peu comme leur \u00ab\u00a0paratonnerre \u00e0 \u00e9motions et \u00e0 stress\u00a0\u00bb.<br \/>\n<strong>Sa phrase<\/strong> : <i>\u00ab\u00a0Aujourd&rsquo;hui 15% de mon activit\u00e9 est consacr\u00e9e \u00e0 des missions de soutien aupr\u00e8s des entreprises et \u00e0 du tutorat aupr\u00e8s d&rsquo;\u00e9tudiants. C&rsquo;est inscrit dans la pacte d&rsquo;actionnaires&nbsp;d&rsquo;eVaderis et je compte bien en faire profiter inovall\u00e9e.\u00a0\u00bb&nbsp;<\/i><br \/>\n<strong>Ses ambitions pour inovall\u00e9e<\/strong> :<\/p>\n<ul>\n<li>faire en sorte que les m\u00e9thodes de travail soient attractives pour&nbsp;r\u00e9pondre&nbsp;aux besoins de recrutement des entreprises<\/li>\n<li>participer au d\u00e9veloppement \u00e0 l&rsquo;international et au rayonnement d&rsquo;inovall\u00e9e au del\u00e0 des fronti\u00e8res<\/li>\n<\/ul>\n<p><strong>La commission qu&rsquo;il rejoint : innovation sociale<\/strong><br \/>\n&nbsp;<\/p>\n<h3><span style=\"color: #99cc00;\"><img loading=\"lazy\" decoding=\"async\" class=\"size-thumbnail wp-image-12231 alignright\" src=\"https:\/\/www.inovallee.com\/wp-content\/uploads\/2017\/05\/blog_une-article-cyril-hommel-300x202.png\" alt=\"\" width=\"300\" height=\"202\" srcset=\"https:\/\/www.inovallee.com\/wp-content\/uploads\/2017\/05\/blog_une-article-cyril-hommel-300x202.png 300w, https:\/\/www.inovallee.com\/wp-content\/uploads\/2017\/05\/blog_une-article-cyril-hommel-768x516.png 768w, https:\/\/www.inovallee.com\/wp-content\/uploads\/2017\/05\/blog_une-article-cyril-hommel.png 800w\" sizes=\"(max-width: 300px) 100vw, 300px\" \/>Cyril Hommel <a style=\"color: #99cc00;\" href=\"http:\/\/www.h3c-energies.com\/\" target=\"_blank\" rel=\"noopener noreferrer\">(H3C-\u00e9nergies)<\/a> : s&rsquo;unir autour de la RSE&#8230;<br \/>\n<\/span><\/h3>\n<p>Arriv\u00e9 sur Grenoble il y a tout juste 18 mois, il se d\u00e9crit comme \u00ab\u00a0un ing\u00e9nieur rat\u00e9\u00a0\u00bb. Apr\u00e8s des \u00e9tudes \u00e0 l\u2019EDHEC et \u00e0 l&rsquo;ESSEC, ce passionn\u00e9 des nouvelles technologies a oscill\u00e9 pendant 20 ans dans le domaine des t\u00e9l\u00e9coms, des logiciels, des solutions de stockage et dans l\u2019\u00e9nergie, sur des fonctions de d\u00e9veloppement d\u2019offres, puis de direction de Business Unit et de filiale. En questionnement sur l&rsquo;impact que peuvent avoir les nouvelles technologies sur l&rsquo;\u00e9nergie, il d\u00e9cide en 2010 de s\u2019associer au fondateur de Dapesco, \u00e0 l&rsquo;\u00e9poque toute jeune start-up, sp\u00e9cialis\u00e9e dans la supervision \u00e9nerg\u00e9tique. L&rsquo;ironie de l&rsquo;histoire lui fera choisir H3C \u00e9nergies comme bureau d&rsquo;\u00e9tude dans le cadre d&rsquo;un appel d&rsquo;offres pour le CHU de Grenoble. Ar\u00e8s un tr\u00e8s gros d\u00e9veloppement, il revend ses parts fin 2014 et int\u00e8gre l&rsquo;entreprise meylanaise, quelques mois plus tard, en charge du Business puis de la Direction G\u00e9n\u00e9rale. Aujourd&rsquo;hui<span style=\"text-decoration: line-through;\">, <\/span>il concentre son action sur le d\u00e9veloppement de nouveaux services en int\u00e9grant les technologies num\u00e9riques qui acc\u00e9l\u00e8rent la transition \u00e9nerg\u00e9tique des b\u00e2timents connect\u00e9s, des \u00e9co-quartiers et des villes intelligentes\u2026<br \/>\n<strong>Sa phrase<\/strong> : <em>\u00ab\u00a0C&rsquo;est tout ce que repr\u00e9sente inovall\u00e9e, \u00e0 la fois par son c\u00f4t\u00e9 novateur et sa vision pionni\u00e8re, qui me donne envie de travailler sur un projet commun&nbsp;; avec des hommes et des femmes qui veulent d\u00e9velopper la qualit\u00e9 sociale et environnementale en int\u00e9grant la RSE (Responsabilit\u00e9 Soci\u00e9tale des Entreprises) au c\u0153ur de leurs actions.\u00a0\u00bb<\/em><br \/>\n<strong>Ses ambitions pour inovall\u00e9e<\/strong> :<\/p>\n<ul>\n<li>mener des projets autour de la transition \u00e9nerg\u00e9tique et environnementale, auxquelles sont intimement li\u00e9s des sujets comme la mobilit\u00e9, la qualit\u00e9 de l&rsquo;environnement, les transports, la gestion des d\u00e9chets etc.<\/li>\n<li>f\u00e9d\u00e9rer les acteurs et mettre en place des services autour de la performance \u00e9nerg\u00e9tique<\/li>\n<\/ul>\n<p><strong>La commission qu&rsquo;il rejoint : services<\/strong><br \/>\n&nbsp;<br \/>\n<strong><em><a href=\"\/en\/?page_id=966\" target=\"_blank\" rel=\"noopener noreferrer\">Pour en savoir plus sur la gouvernance d&rsquo;inovall\u00e9e, son mod\u00e8le \u00e9conomique ou encore son r\u00e9seau de partenaires : cliquez ici !<\/a><\/em><\/strong><br \/>\n&nbsp;<\/p>","protected":false},"excerpt":{"rendered":"<p>Lors de l&rsquo;annuel d&rsquo;inovall\u00e9e (AG), le 14 mars dernier, trois nouveaux \u00e9lus ont rejoint le conseil d\u2019administration : Daphn\u00e9 Charpin-L\u00e8bre (ACS Traduction), Jean-Pascal&nbsp;Bost (eVaderis) et Cyril Hommel (H3C-\u00e9nergies). Bien loin des campagnes pr\u00e9sidentielles que nous venons de vivre ces derni\u00e8res semaines&#8230; tous les trois sont anim\u00e9s par un m\u00eame souhait : faire rayonner les \u00e9cosyst\u00e8mes [&hellip;]<\/p>\n","protected":false},"author":6,"featured_media":12233,"comment_status":"closed","ping_status":"open","sticky":false,"template":"","format":"standard","meta":{"footnotes":""},"categories":[62,29],"tags":[],"class_list":["post-12170","post","type-post","status-publish","format-standard","has-post-thumbnail","hentry","category-paroles-de-dirigeants","category-evenements"],"yoast_head":"<!-- This site is optimized with the Yoast SEO plugin v27.4 - https:\/\/yoast.com\/product\/yoast-seo-wordpress\/ -->\n<title>Trois nouveaux membres pour le CA d&#039;inovall\u00e9e... qui sont-ils ? quels sont leurs projets pour la technopole ? - inovall\u00e9e<\/title>\n<meta name=\"description\" content=\"Lors de l&#039;annuel d&#039;inovall\u00e9e (AG), le 14 mars dernier, trois nouveaux \u00e9lus ont rejoint le conseil d\u2019administration. Bien loin des campagnes pr\u00e9sidentielles\" \/>\n<meta name=\"robots\" content=\"index, follow, max-snippet:-1, max-image-preview:large, max-video-preview:-1\" \/>\n<link rel=\"canonical\" href=\"https:\/\/www.inovallee.com\/en\/trois-nouveaux-membres-pour-le-ca-dinovallee-qui-sont-ils-quels-sont-leurs-projets-pour-la-technopole\/\" \/>\n<meta property=\"og:locale\" content=\"en_GB\" \/>\n<meta property=\"og:type\" content=\"article\" \/>\n<meta property=\"og:title\" content=\"Trois nouveaux membres pour le CA d&#039;inovall\u00e9e... qui sont-ils ? quels sont leurs projets pour la technopole ? - inovall\u00e9e\" \/>\n<meta property=\"og:description\" content=\"Lors de l&#039;annuel d&#039;inovall\u00e9e (AG), le 14 mars dernier, trois nouveaux \u00e9lus ont rejoint le conseil d\u2019administration. Bien loin des campagnes pr\u00e9sidentielles\" \/>\n<meta property=\"og:url\" content=\"https:\/\/www.inovallee.com\/en\/trois-nouveaux-membres-pour-le-ca-dinovallee-qui-sont-ils-quels-sont-leurs-projets-pour-la-technopole\/\" \/>\n<meta property=\"og:site_name\" content=\"inovall\u00e9e\" \/>\n<meta property=\"article:publisher\" content=\"https:\/\/www.facebook.com\/technopoleinovallee\/\" \/>\n<meta property=\"article:published_time\" content=\"2017-05-11T06:20:53+00:00\" \/>\n<meta property=\"og:image\" content=\"https:\/\/www.inovallee.com\/wp-content\/uploads\/2017\/05\/blog_une-article-nouveaux-membres-ca-2017.png\" \/>\n\t<meta property=\"og:image:width\" content=\"800\" \/>\n\t<meta property=\"og:image:height\" content=\"538\" \/>\n\t<meta property=\"og:image:type\" content=\"image\/png\" \/>\n<meta name=\"author\" content=\"Inovallee\" \/>\n<meta name=\"twitter:card\" content=\"summary_large_image\" \/>\n<meta name=\"twitter:creator\" content=\"@inovallee\" \/>\n<meta name=\"twitter:site\" content=\"@inovallee\" \/>\n<meta name=\"twitter:label1\" content=\"Written by\" \/>\n\t<meta name=\"twitter:data1\" content=\"Inovallee\" \/>\n\t<meta name=\"twitter:label2\" content=\"Estimated reading time\" \/>\n\t<meta name=\"twitter:data2\" content=\"5 minutes\" \/>\n<script type=\"application\/ld+json\" class=\"yoast-schema-graph\">{\"@context\":\"https:\\\/\\\/schema.org\",\"@graph\":[{\"@type\":\"Article\",\"@id\":\"https:\\\/\\\/www.inovallee.com\\\/trois-nouveaux-membres-pour-le-ca-dinovallee-qui-sont-ils-quels-sont-leurs-projets-pour-la-technopole\\\/#article\",\"isPartOf\":{\"@id\":\"https:\\\/\\\/www.inovallee.com\\\/trois-nouveaux-membres-pour-le-ca-dinovallee-qui-sont-ils-quels-sont-leurs-projets-pour-la-technopole\\\/\"},\"author\":{\"name\":\"Inovallee\",\"@id\":\"https:\\\/\\\/www.inovallee.com\\\/#\\\/schema\\\/person\\\/a45b15518aad3111b2d61d257a3e023b\"},\"headline\":\"Trois nouveaux membres pour le CA d&#039;inovall\u00e9e&#8230; qui sont-ils ? quels sont leurs projets pour la technopole ?\",\"datePublished\":\"2017-05-11T06:20:53+00:00\",\"mainEntityOfPage\":{\"@id\":\"https:\\\/\\\/www.inovallee.com\\\/trois-nouveaux-membres-pour-le-ca-dinovallee-qui-sont-ils-quels-sont-leurs-projets-pour-la-technopole\\\/\"},\"wordCount\":1043,\"publisher\":{\"@id\":\"https:\\\/\\\/www.inovallee.com\\\/#organization\"},\"image\":{\"@id\":\"https:\\\/\\\/www.inovallee.com\\\/trois-nouveaux-membres-pour-le-ca-dinovallee-qui-sont-ils-quels-sont-leurs-projets-pour-la-technopole\\\/#primaryimage\"},\"thumbnailUrl\":\"https:\\\/\\\/www.inovallee.com\\\/wp-content\\\/uploads\\\/2017\\\/05\\\/blog_une-article-nouveaux-membres-ca-2017.png\",\"articleSection\":[\"Leaders inspirants\",\"Technopole inovall\u00e9e\"],\"inLanguage\":\"en-GB\"},{\"@type\":\"WebPage\",\"@id\":\"https:\\\/\\\/www.inovallee.com\\\/trois-nouveaux-membres-pour-le-ca-dinovallee-qui-sont-ils-quels-sont-leurs-projets-pour-la-technopole\\\/\",\"url\":\"https:\\\/\\\/www.inovallee.com\\\/trois-nouveaux-membres-pour-le-ca-dinovallee-qui-sont-ils-quels-sont-leurs-projets-pour-la-technopole\\\/\",\"name\":\"Trois nouveaux membres pour le CA d&#039;inovall\u00e9e... qui sont-ils ? quels sont leurs projets pour la technopole ? - inovall\u00e9e\",\"isPartOf\":{\"@id\":\"https:\\\/\\\/www.inovallee.com\\\/#website\"},\"primaryImageOfPage\":{\"@id\":\"https:\\\/\\\/www.inovallee.com\\\/trois-nouveaux-membres-pour-le-ca-dinovallee-qui-sont-ils-quels-sont-leurs-projets-pour-la-technopole\\\/#primaryimage\"},\"image\":{\"@id\":\"https:\\\/\\\/www.inovallee.com\\\/trois-nouveaux-membres-pour-le-ca-dinovallee-qui-sont-ils-quels-sont-leurs-projets-pour-la-technopole\\\/#primaryimage\"},\"thumbnailUrl\":\"https:\\\/\\\/www.inovallee.com\\\/wp-content\\\/uploads\\\/2017\\\/05\\\/blog_une-article-nouveaux-membres-ca-2017.png\",\"datePublished\":\"2017-05-11T06:20:53+00:00\",\"description\":\"Lors de l'annuel d'inovall\u00e9e (AG), le 14 mars dernier, trois nouveaux \u00e9lus ont rejoint le conseil d\u2019administration. Bien loin des campagnes pr\u00e9sidentielles\",\"breadcrumb\":{\"@id\":\"https:\\\/\\\/www.inovallee.com\\\/trois-nouveaux-membres-pour-le-ca-dinovallee-qui-sont-ils-quels-sont-leurs-projets-pour-la-technopole\\\/#breadcrumb\"},\"inLanguage\":\"en-GB\",\"potentialAction\":[{\"@type\":\"ReadAction\",\"target\":[\"https:\\\/\\\/www.inovallee.com\\\/trois-nouveaux-membres-pour-le-ca-dinovallee-qui-sont-ils-quels-sont-leurs-projets-pour-la-technopole\\\/\"]}]},{\"@type\":\"ImageObject\",\"inLanguage\":\"en-GB\",\"@id\":\"https:\\\/\\\/www.inovallee.com\\\/trois-nouveaux-membres-pour-le-ca-dinovallee-qui-sont-ils-quels-sont-leurs-projets-pour-la-technopole\\\/#primaryimage\",\"url\":\"https:\\\/\\\/www.inovallee.com\\\/wp-content\\\/uploads\\\/2017\\\/05\\\/blog_une-article-nouveaux-membres-ca-2017.png\",\"contentUrl\":\"https:\\\/\\\/www.inovallee.com\\\/wp-content\\\/uploads\\\/2017\\\/05\\\/blog_une-article-nouveaux-membres-ca-2017.png\",\"width\":800,\"height\":538},{\"@type\":\"BreadcrumbList\",\"@id\":\"https:\\\/\\\/www.inovallee.com\\\/trois-nouveaux-membres-pour-le-ca-dinovallee-qui-sont-ils-quels-sont-leurs-projets-pour-la-technopole\\\/#breadcrumb\",\"itemListElement\":[{\"@type\":\"ListItem\",\"position\":1,\"name\":\"Accueil\",\"item\":\"https:\\\/\\\/www.inovallee.com\\\/\"},{\"@type\":\"ListItem\",\"position\":2,\"name\":\"Trois nouveaux membres pour le CA d&#039;inovall\u00e9e&#8230; qui sont-ils ? quels sont leurs projets pour la technopole ?\"}]},{\"@type\":\"WebSite\",\"@id\":\"https:\\\/\\\/www.inovallee.com\\\/#website\",\"url\":\"https:\\\/\\\/www.inovallee.com\\\/\",\"name\":\"inovall\u00e9e technopole, Home to software & smart technologies\",\"description\":\"Home to software &amp; smart technologies\",\"publisher\":{\"@id\":\"https:\\\/\\\/www.inovallee.com\\\/#organization\"},\"potentialAction\":[{\"@type\":\"SearchAction\",\"target\":{\"@type\":\"EntryPoint\",\"urlTemplate\":\"https:\\\/\\\/www.inovallee.com\\\/?s={search_term_string}\"},\"query-input\":{\"@type\":\"PropertyValueSpecification\",\"valueRequired\":true,\"valueName\":\"search_term_string\"}}],\"inLanguage\":\"en-GB\"},{\"@type\":\"Organization\",\"@id\":\"https:\\\/\\\/www.inovallee.com\\\/#organization\",\"name\":\"inovall\u00e9e\",\"url\":\"https:\\\/\\\/www.inovallee.com\\\/\",\"logo\":{\"@type\":\"ImageObject\",\"inLanguage\":\"en-GB\",\"@id\":\"https:\\\/\\\/www.inovallee.com\\\/#\\\/schema\\\/logo\\\/image\\\/\",\"url\":\"https:\\\/\\\/www.inovallee.com\\\/wp-content\\\/uploads\\\/2023\\\/08\\\/inovallee_2022_GrenobleAlpes.png\",\"contentUrl\":\"https:\\\/\\\/www.inovallee.com\\\/wp-content\\\/uploads\\\/2023\\\/08\\\/inovallee_2022_GrenobleAlpes.png\",\"width\":945,\"height\":369,\"caption\":\"inovall\u00e9e\"},\"image\":{\"@id\":\"https:\\\/\\\/www.inovallee.com\\\/#\\\/schema\\\/logo\\\/image\\\/\"},\"sameAs\":[\"https:\\\/\\\/www.facebook.com\\\/technopoleinovallee\\\/\",\"https:\\\/\\\/x.com\\\/inovallee\",\"https:\\\/\\\/www.linkedin.com\\\/company\\\/inovall-e\\\/\",\"https:\\\/\\\/www.youtube.com\\\/user\\\/inovallee?reload=9\"]},{\"@type\":\"Person\",\"@id\":\"https:\\\/\\\/www.inovallee.com\\\/#\\\/schema\\\/person\\\/a45b15518aad3111b2d61d257a3e023b\",\"name\":\"Inovallee\"}]}<\/script>\n<!-- \/ Yoast SEO plugin. -->","yoast_head_json":{"title":"Trois nouveaux membres pour le CA d&#039;inovall\u00e9e... qui sont-ils ? quels sont leurs projets pour la technopole ? - inovall\u00e9e","description":"Lors de l'annuel d'inovall\u00e9e (AG), le 14 mars dernier, trois nouveaux \u00e9lus ont rejoint le conseil d\u2019administration. Bien loin des campagnes pr\u00e9sidentielles","robots":{"index":"index","follow":"follow","max-snippet":"max-snippet:-1","max-image-preview":"max-image-preview:large","max-video-preview":"max-video-preview:-1"},"canonical":"https:\/\/www.inovallee.com\/en\/trois-nouveaux-membres-pour-le-ca-dinovallee-qui-sont-ils-quels-sont-leurs-projets-pour-la-technopole\/","og_locale":"en_GB","og_type":"article","og_title":"Trois nouveaux membres pour le CA d&#039;inovall\u00e9e... qui sont-ils ? quels sont leurs projets pour la technopole ? - inovall\u00e9e","og_description":"Lors de l'annuel d'inovall\u00e9e (AG), le 14 mars dernier, trois nouveaux \u00e9lus ont rejoint le conseil d\u2019administration. Bien loin des campagnes pr\u00e9sidentielles","og_url":"https:\/\/www.inovallee.com\/en\/trois-nouveaux-membres-pour-le-ca-dinovallee-qui-sont-ils-quels-sont-leurs-projets-pour-la-technopole\/","og_site_name":"inovall\u00e9e","article_publisher":"https:\/\/www.facebook.com\/technopoleinovallee\/","article_published_time":"2017-05-11T06:20:53+00:00","og_image":[{"width":800,"height":538,"url":"https:\/\/www.inovallee.com\/wp-content\/uploads\/2017\/05\/blog_une-article-nouveaux-membres-ca-2017.png","type":"image\/png"}],"author":"Inovallee","twitter_card":"summary_large_image","twitter_creator":"@inovallee","twitter_site":"@inovallee","twitter_misc":{"Written by":"Inovallee","Estimated reading time":"5 minutes"},"schema":{"@context":"https:\/\/schema.org","@graph":[{"@type":"Article","@id":"https:\/\/www.inovallee.com\/trois-nouveaux-membres-pour-le-ca-dinovallee-qui-sont-ils-quels-sont-leurs-projets-pour-la-technopole\/#article","isPartOf":{"@id":"https:\/\/www.inovallee.com\/trois-nouveaux-membres-pour-le-ca-dinovallee-qui-sont-ils-quels-sont-leurs-projets-pour-la-technopole\/"},"author":{"name":"Inovallee","@id":"https:\/\/www.inovallee.com\/#\/schema\/person\/a45b15518aad3111b2d61d257a3e023b"},"headline":"Trois nouveaux membres pour le CA d&#039;inovall\u00e9e&#8230; qui sont-ils ? quels sont leurs projets pour la technopole ?","datePublished":"2017-05-11T06:20:53+00:00","mainEntityOfPage":{"@id":"https:\/\/www.inovallee.com\/trois-nouveaux-membres-pour-le-ca-dinovallee-qui-sont-ils-quels-sont-leurs-projets-pour-la-technopole\/"},"wordCount":1043,"publisher":{"@id":"https:\/\/www.inovallee.com\/#organization"},"image":{"@id":"https:\/\/www.inovallee.com\/trois-nouveaux-membres-pour-le-ca-dinovallee-qui-sont-ils-quels-sont-leurs-projets-pour-la-technopole\/#primaryimage"},"thumbnailUrl":"https:\/\/www.inovallee.com\/wp-content\/uploads\/2017\/05\/blog_une-article-nouveaux-membres-ca-2017.png","articleSection":["Leaders inspirants","Technopole inovall\u00e9e"],"inLanguage":"en-GB"},{"@type":"WebPage","@id":"https:\/\/www.inovallee.com\/trois-nouveaux-membres-pour-le-ca-dinovallee-qui-sont-ils-quels-sont-leurs-projets-pour-la-technopole\/","url":"https:\/\/www.inovallee.com\/trois-nouveaux-membres-pour-le-ca-dinovallee-qui-sont-ils-quels-sont-leurs-projets-pour-la-technopole\/","name":"Trois nouveaux membres pour le CA d&#039;inovall\u00e9e... qui sont-ils ? quels sont leurs projets pour la technopole ? - inovall\u00e9e","isPartOf":{"@id":"https:\/\/www.inovallee.com\/#website"},"primaryImageOfPage":{"@id":"https:\/\/www.inovallee.com\/trois-nouveaux-membres-pour-le-ca-dinovallee-qui-sont-ils-quels-sont-leurs-projets-pour-la-technopole\/#primaryimage"},"image":{"@id":"https:\/\/www.inovallee.com\/trois-nouveaux-membres-pour-le-ca-dinovallee-qui-sont-ils-quels-sont-leurs-projets-pour-la-technopole\/#primaryimage"},"thumbnailUrl":"https:\/\/www.inovallee.com\/wp-content\/uploads\/2017\/05\/blog_une-article-nouveaux-membres-ca-2017.png","datePublished":"2017-05-11T06:20:53+00:00","description":"Lors de l'annuel d'inovall\u00e9e (AG), le 14 mars dernier, trois nouveaux \u00e9lus ont rejoint le conseil d\u2019administration. Bien loin des campagnes pr\u00e9sidentielles","breadcrumb":{"@id":"https:\/\/www.inovallee.com\/trois-nouveaux-membres-pour-le-ca-dinovallee-qui-sont-ils-quels-sont-leurs-projets-pour-la-technopole\/#breadcrumb"},"inLanguage":"en-GB","potentialAction":[{"@type":"ReadAction","target":["https:\/\/www.inovallee.com\/trois-nouveaux-membres-pour-le-ca-dinovallee-qui-sont-ils-quels-sont-leurs-projets-pour-la-technopole\/"]}]},{"@type":"ImageObject","inLanguage":"en-GB","@id":"https:\/\/www.inovallee.com\/trois-nouveaux-membres-pour-le-ca-dinovallee-qui-sont-ils-quels-sont-leurs-projets-pour-la-technopole\/#primaryimage","url":"https:\/\/www.inovallee.com\/wp-content\/uploads\/2017\/05\/blog_une-article-nouveaux-membres-ca-2017.png","contentUrl":"https:\/\/www.inovallee.com\/wp-content\/uploads\/2017\/05\/blog_une-article-nouveaux-membres-ca-2017.png","width":800,"height":538},{"@type":"BreadcrumbList","@id":"https:\/\/www.inovallee.com\/trois-nouveaux-membres-pour-le-ca-dinovallee-qui-sont-ils-quels-sont-leurs-projets-pour-la-technopole\/#breadcrumb","itemListElement":[{"@type":"ListItem","position":1,"name":"Accueil","item":"https:\/\/www.inovallee.com\/"},{"@type":"ListItem","position":2,"name":"Trois nouveaux membres pour le CA d&#039;inovall\u00e9e&#8230; qui sont-ils ? quels sont leurs projets pour la technopole ?"}]},{"@type":"WebSite","@id":"https:\/\/www.inovallee.com\/#website","url":"https:\/\/www.inovallee.com\/","name":"inovall\u00e9e technopole, Home to software & smart technologies","description":"Home to software &amp; smart technologies","publisher":{"@id":"https:\/\/www.inovallee.com\/#organization"},"potentialAction":[{"@type":"SearchAction","target":{"@type":"EntryPoint","urlTemplate":"https:\/\/www.inovallee.com\/?s={search_term_string}"},"query-input":{"@type":"PropertyValueSpecification","valueRequired":true,"valueName":"search_term_string"}}],"inLanguage":"en-GB"},{"@type":"Organization","@id":"https:\/\/www.inovallee.com\/#organization","name":"inovall\u00e9e","url":"https:\/\/www.inovallee.com\/","logo":{"@type":"ImageObject","inLanguage":"en-GB","@id":"https:\/\/www.inovallee.com\/#\/schema\/logo\/image\/","url":"https:\/\/www.inovallee.com\/wp-content\/uploads\/2023\/08\/inovallee_2022_GrenobleAlpes.png","contentUrl":"https:\/\/www.inovallee.com\/wp-content\/uploads\/2023\/08\/inovallee_2022_GrenobleAlpes.png","width":945,"height":369,"caption":"inovall\u00e9e"},"image":{"@id":"https:\/\/www.inovallee.com\/#\/schema\/logo\/image\/"},"sameAs":["https:\/\/www.facebook.com\/technopoleinovallee\/","https:\/\/x.com\/inovallee","https:\/\/www.linkedin.com\/company\/inovall-e\/","https:\/\/www.youtube.com\/user\/inovallee?reload=9"]},{"@type":"Person","@id":"https:\/\/www.inovallee.com\/#\/schema\/person\/a45b15518aad3111b2d61d257a3e023b","name":"Inovallee"}]}},"_links":{"self":[{"href":"https:\/\/www.inovallee.com\/en\/wp-json\/wp\/v2\/posts\/12170","targetHints":{"allow":["GET"]}}],"collection":[{"href":"https:\/\/www.inovallee.com\/en\/wp-json\/wp\/v2\/posts"}],"about":[{"href":"https:\/\/www.inovallee.com\/en\/wp-json\/wp\/v2\/types\/post"}],"author":[{"embeddable":true,"href":"https:\/\/www.inovallee.com\/en\/wp-json\/wp\/v2\/users\/6"}],"replies":[{"embeddable":true,"href":"https:\/\/www.inovallee.com\/en\/wp-json\/wp\/v2\/comments?post=12170"}],"version-history":[{"count":0,"href":"https:\/\/www.inovallee.com\/en\/wp-json\/wp\/v2\/posts\/12170\/revisions"}],"wp:featuredmedia":[{"embeddable":true,"href":"https:\/\/www.inovallee.com\/en\/wp-json\/wp\/v2\/media\/12233"}],"wp:attachment":[{"href":"https:\/\/www.inovallee.com\/en\/wp-json\/wp\/v2\/media?parent=12170"}],"wp:term":[{"taxonomy":"category","embeddable":true,"href":"https:\/\/www.inovallee.com\/en\/wp-json\/wp\/v2\/categories?post=12170"},{"taxonomy":"post_tag","embeddable":true,"href":"https:\/\/www.inovallee.com\/en\/wp-json\/wp\/v2\/tags?post=12170"}],"curies":[{"name":"wp","href":"https:\/\/api.w.org\/{rel}","templated":true}]}}