{"id":12645,"date":"2017-06-15T14:15:37","date_gmt":"2017-06-15T13:15:37","guid":{"rendered":"https:\/\/www.inovallee.com\/?p=12645\/"},"modified":"2017-06-15T14:15:37","modified_gmt":"2017-06-15T13:15:37","slug":"depart-tour-de-france-digital-summr-ebikelabs-part-a-lassaut-de-nouveaux-sommets","status":"publish","type":"post","link":"https:\/\/www.inovallee.com\/en\/depart-tour-de-france-digital-summr-ebikelabs-part-a-lassaut-de-nouveaux-sommets\/","title":{"rendered":"Du d\u00e9part du Tour de France au Digital Summ\u2019R, eBikeLabs part \u00e0 l\u2019assaut des sommets europ\u00e9ens !"},"content":{"rendered":"<p><img fetchpriority=\"high\" decoding=\"async\" class=\"size-thumbnail wp-image-12648 alignleft\" src=\"https:\/\/www.inovallee.com\/wp-content\/uploads\/tourfrance-300x188.jpeg\" alt=\"\" width=\"300\" height=\"188\" \/>Pour acc\u00e9l\u00e9rer son d\u00e9veloppement commercial en Allemagne, <a href=\"http:\/\/ebikelabs.com\/\">eBikeLabs<\/a>, la jeune pousse du Tarmac qui con\u00e7oit et commercialise tout un panel de solutions technologiques d\u00e9di\u00e9es au v\u00e9lo \u00e9lectrique, sera pr\u00e9sente \u00e0 D\u00fcsseldorf le 30 juin prochain. Elle participera la veille du d\u00e9part du Tour de France \u00e0 <a href=\"http:\/\/events-export.businessfrance.fr\/b2b-tourdefrance\/\">Bike &amp; Sport, l&rsquo;\u00e9v\u00e8nement franco-allemand B2B<\/a>, organis\u00e9 par Business France, d\u00e9partement commercial de l&rsquo;ambassade de France.<br \/>\nCinq entreprises du secteur de la bicyclette, offrant des produits tr\u00e8s innovants avec un grand potentiel de march\u00e9, et une soci\u00e9t\u00e9 fran\u00e7aise leader sur le march\u00e9 de l&rsquo;\u00e9quipement des installations sportives int\u00e9rieures et ext\u00e9rieures, ont \u00e9t\u00e9 s\u00e9lectionn\u00e9s par Business France et ses partenaires, le Minist\u00e8re des Sports et l&rsquo;Association Fran\u00e7aise de l&rsquo;Industrie du Sport et de la V\u00e9lo.<br \/>\nL\u2019objectif\u00a0de cet \u00e9v\u00e9nement B2B ? Rassembler les fabricants fran\u00e7ais du secteur de la bicyclette et du sport, et des partenaires de distribution allemands. Une excellente opportunit\u00e9 pour eBikeLabs de trouver des partenaires de distribution exp\u00e9riment\u00e9s afin d\u2019\u00e9tablir ses solutions sur le march\u00e9 allemand. eBikeLabs a lanc\u00e9 pour l\u2019occasion tous ses supports de communication et son site web en <a href=\"https:\/\/www.ebikemaps.com\/de\/\">version allemande<\/a>.<br \/>\nS\u00e9lectionn\u00e9e pour \u00eatre accompagn\u00e9e par <a href=\"http:\/\/www.innoenergy.com\/\">InnoEnergy<\/a>, et r\u00e9cemment par <a href=\"http:\/\/www.mobilites-infrastructures-lab.fr\/?lipi=urn%3Ali%3Apage%3Ad_flagship3_detail_base%3BOGt8%2BlHXR9u9z1ddPnlHEg%3D%3D\">Impulse Labs<\/a> pour travailler avec les startups et les grands groupes les plus innovants en France sur la th\u00e9matique Mobilit\u00e9s et Infrastructure, la jeune startup n\u2019en finit pas d\u2019acc\u00e9l\u00e9rer\u00a0!<br \/>\n<strong>C\u2019est d\u2019ailleurs le <span style=\"color: #339966;\">DERNIER JOUR<\/span> pour participer \u00e0 la d\u00e9mocratisation du v\u00e9lo \u00e9lectrique en investissant dans cette startup prometteuse<\/strong>, qui a lanc\u00e9 une campagne de financement participatif sur <a href=\"http:\/\/www.raizers.com\">www.raizers.com<\/a>. Une opportunit\u00e9 accessible \u00e0 tous, particuliers et entreprises, d\u00e8s 500\u20ac via.<br \/>\n&nbsp;<\/p>\n<h4>eBikeLabs en finale du Startup French Tech Contest 2017 sur Digital Summ\u2019R le 6 juillet<\/h4>\n<p><img decoding=\"async\" class=\"wp-image-12646 alignleft\" src=\"https:\/\/www.inovallee.com\/wp-content\/uploads\/2017\/06\/Digital-summr-300x114.png\" alt=\"\" width=\"361\" height=\"137\" srcset=\"https:\/\/www.inovallee.com\/wp-content\/uploads\/2017\/06\/Digital-summr-300x114.png 300w, https:\/\/www.inovallee.com\/wp-content\/uploads\/2017\/06\/Digital-summr-768x292.png 768w, https:\/\/www.inovallee.com\/wp-content\/uploads\/2017\/06\/Digital-summr.png 828w\" sizes=\"(max-width: 361px) 100vw, 361px\" \/>Le 6 juin dernier, eBiklLabs a remport\u00e9 la finale du concours Pitch333, organis\u00e9 par DigitalLeague, le cluster des entreprises de la fili\u00e8re num\u00e9rique en Auvergne-Rh\u00f4ne-Alpes, \u00e0 Grenoble. Affrontant les 5 autres startups pr\u00e9s\u00e9lectionn\u00e9es (dont <a href=\"\/en\/?p=12156\">Bag-Era, autre startup du Tarmac<\/a>), elle a ainsi obtenu sa place pour la finale du Startup French Tech Contest 2017 sur <a href=\"https:\/\/www.digitalsummr.com\/\">Digital Summ\u2019R<\/a> le 6 juillet 2017 (Lyon) et repr\u00e9sentera les startups digitales de l\u2019Is\u00e8re.<br \/>\nDigital Summ\u2019R est le 1er \u00e9v\u00e9nement europ\u00e9en BtoB d\u00e9di\u00e9 \u00e0 la performance et \u00e0 l\u2019innovation des PME et des ETI des secteurs Logiciels &amp; Services Num\u00e9riques. 1000 personnes sont attendues et, avec 94% de satisfaction sur l\u2019\u00e9dition 2016, cet \u00e9v\u00e9nement f\u00e9d\u00e9rateur europ\u00e9en devrait attirer encore un plus large public.<\/p>","protected":false},"excerpt":{"rendered":"<p>Pour acc\u00e9l\u00e9rer son d\u00e9veloppement commercial en Allemagne, eBikeLabs, la jeune pousse du Tarmac qui con\u00e7oit et commercialise tout un panel de solutions technologiques d\u00e9di\u00e9es au v\u00e9lo \u00e9lectrique, sera pr\u00e9sente \u00e0 D\u00fcsseldorf le 30 juin prochain. Elle participera la veille du d\u00e9part du Tour de France \u00e0 Bike &amp; Sport, l&rsquo;\u00e9v\u00e8nement franco-allemand B2B, organis\u00e9 par Business [&hellip;]<\/p>\n","protected":false},"author":6,"featured_media":12648,"comment_status":"closed","ping_status":"open","sticky":false,"template":"","format":"standard","meta":{"footnotes":""},"categories":[45,44],"tags":[],"class_list":["post-12645","post","type-post","status-publish","format-standard","has-post-thumbnail","hentry","category-startup-tarmac","category-tarmac-incubator"],"yoast_head":"<!-- This site is optimized with the Yoast SEO plugin v27.4 - https:\/\/yoast.com\/product\/yoast-seo-wordpress\/ -->\n<title>Du d\u00e9part du Tour de France au Digital Summ\u2019R, eBikeLabs part \u00e0 l\u2019assaut des sommets europ\u00e9ens ! - inovall\u00e9e<\/title>\n<meta name=\"description\" content=\"eBikeLabs et ses solutions d\u00e9di\u00e9es au v\u00e9lo \u00e9lectrique seront au d\u00e9part du Tour de France et au Digital Summ\u2019R, l&#039;\u00e9v\u00e9nement phare du num\u00e9rique.\" \/>\n<meta name=\"robots\" content=\"index, follow, max-snippet:-1, max-image-preview:large, max-video-preview:-1\" \/>\n<link rel=\"canonical\" href=\"https:\/\/www.inovallee.com\/en\/depart-tour-de-france-digital-summr-ebikelabs-part-a-lassaut-de-nouveaux-sommets\/\" \/>\n<meta property=\"og:locale\" content=\"en_GB\" \/>\n<meta property=\"og:type\" content=\"article\" \/>\n<meta property=\"og:title\" content=\"Du d\u00e9part du Tour de France au Digital Summ\u2019R, eBikeLabs part \u00e0 l\u2019assaut des sommets europ\u00e9ens ! - inovall\u00e9e\" \/>\n<meta property=\"og:description\" content=\"eBikeLabs et ses solutions d\u00e9di\u00e9es au v\u00e9lo \u00e9lectrique seront au d\u00e9part du Tour de France et au Digital Summ\u2019R, l&#039;\u00e9v\u00e9nement phare du num\u00e9rique.\" \/>\n<meta property=\"og:url\" content=\"https:\/\/www.inovallee.com\/en\/depart-tour-de-france-digital-summr-ebikelabs-part-a-lassaut-de-nouveaux-sommets\/\" \/>\n<meta property=\"og:site_name\" content=\"inovall\u00e9e\" \/>\n<meta property=\"article:publisher\" content=\"https:\/\/www.facebook.com\/technopoleinovallee\/\" \/>\n<meta property=\"article:published_time\" content=\"2017-06-15T13:15:37+00:00\" \/>\n<meta property=\"og:image\" content=\"https:\/\/www.inovallee.com\/wp-content\/uploads\/2017\/06\/tourfrance-e1497532273268.jpeg\" \/>\n\t<meta property=\"og:image:width\" content=\"900\" \/>\n\t<meta property=\"og:image:height\" content=\"563\" \/>\n\t<meta property=\"og:image:type\" content=\"image\/jpeg\" \/>\n<meta name=\"author\" content=\"Inovallee\" \/>\n<meta name=\"twitter:card\" content=\"summary_large_image\" \/>\n<meta name=\"twitter:creator\" content=\"@inovallee\" \/>\n<meta name=\"twitter:site\" content=\"@inovallee\" \/>\n<meta name=\"twitter:label1\" content=\"Written by\" \/>\n\t<meta name=\"twitter:data1\" content=\"Inovallee\" \/>\n\t<meta name=\"twitter:label2\" content=\"Estimated reading time\" \/>\n\t<meta name=\"twitter:data2\" content=\"2 minutes\" \/>\n<script type=\"application\/ld+json\" class=\"yoast-schema-graph\">{\"@context\":\"https:\\\/\\\/schema.org\",\"@graph\":[{\"@type\":\"Article\",\"@id\":\"https:\\\/\\\/www.inovallee.com\\\/depart-tour-de-france-digital-summr-ebikelabs-part-a-lassaut-de-nouveaux-sommets\\\/#article\",\"isPartOf\":{\"@id\":\"https:\\\/\\\/www.inovallee.com\\\/depart-tour-de-france-digital-summr-ebikelabs-part-a-lassaut-de-nouveaux-sommets\\\/\"},\"author\":{\"name\":\"Inovallee\",\"@id\":\"https:\\\/\\\/www.inovallee.com\\\/#\\\/schema\\\/person\\\/a45b15518aad3111b2d61d257a3e023b\"},\"headline\":\"Du d\u00e9part du Tour de France au Digital Summ\u2019R, eBikeLabs part \u00e0 l\u2019assaut des sommets europ\u00e9ens !\",\"datePublished\":\"2017-06-15T13:15:37+00:00\",\"mainEntityOfPage\":{\"@id\":\"https:\\\/\\\/www.inovallee.com\\\/depart-tour-de-france-digital-summr-ebikelabs-part-a-lassaut-de-nouveaux-sommets\\\/\"},\"wordCount\":467,\"publisher\":{\"@id\":\"https:\\\/\\\/www.inovallee.com\\\/#organization\"},\"image\":{\"@id\":\"https:\\\/\\\/www.inovallee.com\\\/depart-tour-de-france-digital-summr-ebikelabs-part-a-lassaut-de-nouveaux-sommets\\\/#primaryimage\"},\"thumbnailUrl\":\"https:\\\/\\\/www.inovallee.com\\\/wp-content\\\/uploads\\\/2017\\\/06\\\/tourfrance-e1497532273268.jpeg\",\"articleSection\":[\"L'\u00e9cho des startups du Tarmac\",\"Tarmac incubator\"],\"inLanguage\":\"en-GB\"},{\"@type\":\"WebPage\",\"@id\":\"https:\\\/\\\/www.inovallee.com\\\/depart-tour-de-france-digital-summr-ebikelabs-part-a-lassaut-de-nouveaux-sommets\\\/\",\"url\":\"https:\\\/\\\/www.inovallee.com\\\/depart-tour-de-france-digital-summr-ebikelabs-part-a-lassaut-de-nouveaux-sommets\\\/\",\"name\":\"Du d\u00e9part du Tour de France au Digital Summ\u2019R, eBikeLabs part \u00e0 l\u2019assaut des sommets europ\u00e9ens ! - inovall\u00e9e\",\"isPartOf\":{\"@id\":\"https:\\\/\\\/www.inovallee.com\\\/#website\"},\"primaryImageOfPage\":{\"@id\":\"https:\\\/\\\/www.inovallee.com\\\/depart-tour-de-france-digital-summr-ebikelabs-part-a-lassaut-de-nouveaux-sommets\\\/#primaryimage\"},\"image\":{\"@id\":\"https:\\\/\\\/www.inovallee.com\\\/depart-tour-de-france-digital-summr-ebikelabs-part-a-lassaut-de-nouveaux-sommets\\\/#primaryimage\"},\"thumbnailUrl\":\"https:\\\/\\\/www.inovallee.com\\\/wp-content\\\/uploads\\\/2017\\\/06\\\/tourfrance-e1497532273268.jpeg\",\"datePublished\":\"2017-06-15T13:15:37+00:00\",\"description\":\"eBikeLabs et ses solutions d\u00e9di\u00e9es au v\u00e9lo \u00e9lectrique seront au d\u00e9part du Tour de France et au Digital Summ\u2019R, l'\u00e9v\u00e9nement phare du num\u00e9rique.\",\"breadcrumb\":{\"@id\":\"https:\\\/\\\/www.inovallee.com\\\/depart-tour-de-france-digital-summr-ebikelabs-part-a-lassaut-de-nouveaux-sommets\\\/#breadcrumb\"},\"inLanguage\":\"en-GB\",\"potentialAction\":[{\"@type\":\"ReadAction\",\"target\":[\"https:\\\/\\\/www.inovallee.com\\\/depart-tour-de-france-digital-summr-ebikelabs-part-a-lassaut-de-nouveaux-sommets\\\/\"]}]},{\"@type\":\"ImageObject\",\"inLanguage\":\"en-GB\",\"@id\":\"https:\\\/\\\/www.inovallee.com\\\/depart-tour-de-france-digital-summr-ebikelabs-part-a-lassaut-de-nouveaux-sommets\\\/#primaryimage\",\"url\":\"https:\\\/\\\/www.inovallee.com\\\/wp-content\\\/uploads\\\/2017\\\/06\\\/tourfrance-e1497532273268.jpeg\",\"contentUrl\":\"https:\\\/\\\/www.inovallee.com\\\/wp-content\\\/uploads\\\/2017\\\/06\\\/tourfrance-e1497532273268.jpeg\",\"width\":900,\"height\":563},{\"@type\":\"BreadcrumbList\",\"@id\":\"https:\\\/\\\/www.inovallee.com\\\/depart-tour-de-france-digital-summr-ebikelabs-part-a-lassaut-de-nouveaux-sommets\\\/#breadcrumb\",\"itemListElement\":[{\"@type\":\"ListItem\",\"position\":1,\"name\":\"Accueil\",\"item\":\"https:\\\/\\\/www.inovallee.com\\\/\"},{\"@type\":\"ListItem\",\"position\":2,\"name\":\"Du d\u00e9part du Tour de France au Digital Summ\u2019R, eBikeLabs part \u00e0 l\u2019assaut des sommets europ\u00e9ens !\"}]},{\"@type\":\"WebSite\",\"@id\":\"https:\\\/\\\/www.inovallee.com\\\/#website\",\"url\":\"https:\\\/\\\/www.inovallee.com\\\/\",\"name\":\"inovall\u00e9e technopole, Home to software & smart technologies\",\"description\":\"Home to software &amp; smart technologies\",\"publisher\":{\"@id\":\"https:\\\/\\\/www.inovallee.com\\\/#organization\"},\"potentialAction\":[{\"@type\":\"SearchAction\",\"target\":{\"@type\":\"EntryPoint\",\"urlTemplate\":\"https:\\\/\\\/www.inovallee.com\\\/?s={search_term_string}\"},\"query-input\":{\"@type\":\"PropertyValueSpecification\",\"valueRequired\":true,\"valueName\":\"search_term_string\"}}],\"inLanguage\":\"en-GB\"},{\"@type\":\"Organization\",\"@id\":\"https:\\\/\\\/www.inovallee.com\\\/#organization\",\"name\":\"inovall\u00e9e\",\"url\":\"https:\\\/\\\/www.inovallee.com\\\/\",\"logo\":{\"@type\":\"ImageObject\",\"inLanguage\":\"en-GB\",\"@id\":\"https:\\\/\\\/www.inovallee.com\\\/#\\\/schema\\\/logo\\\/image\\\/\",\"url\":\"https:\\\/\\\/www.inovallee.com\\\/wp-content\\\/uploads\\\/2023\\\/08\\\/inovallee_2022_GrenobleAlpes.png\",\"contentUrl\":\"https:\\\/\\\/www.inovallee.com\\\/wp-content\\\/uploads\\\/2023\\\/08\\\/inovallee_2022_GrenobleAlpes.png\",\"width\":945,\"height\":369,\"caption\":\"inovall\u00e9e\"},\"image\":{\"@id\":\"https:\\\/\\\/www.inovallee.com\\\/#\\\/schema\\\/logo\\\/image\\\/\"},\"sameAs\":[\"https:\\\/\\\/www.facebook.com\\\/technopoleinovallee\\\/\",\"https:\\\/\\\/x.com\\\/inovallee\",\"https:\\\/\\\/www.linkedin.com\\\/company\\\/inovall-e\\\/\",\"https:\\\/\\\/www.youtube.com\\\/user\\\/inovallee?reload=9\"]},{\"@type\":\"Person\",\"@id\":\"https:\\\/\\\/www.inovallee.com\\\/#\\\/schema\\\/person\\\/a45b15518aad3111b2d61d257a3e023b\",\"name\":\"Inovallee\"}]}<\/script>\n<!-- \/ Yoast SEO plugin. -->","yoast_head_json":{"title":"Du d\u00e9part du Tour de France au Digital Summ\u2019R, eBikeLabs part \u00e0 l\u2019assaut des sommets europ\u00e9ens ! - inovall\u00e9e","description":"eBikeLabs et ses solutions d\u00e9di\u00e9es au v\u00e9lo \u00e9lectrique seront au d\u00e9part du Tour de France et au Digital Summ\u2019R, l'\u00e9v\u00e9nement phare du num\u00e9rique.","robots":{"index":"index","follow":"follow","max-snippet":"max-snippet:-1","max-image-preview":"max-image-preview:large","max-video-preview":"max-video-preview:-1"},"canonical":"https:\/\/www.inovallee.com\/en\/depart-tour-de-france-digital-summr-ebikelabs-part-a-lassaut-de-nouveaux-sommets\/","og_locale":"en_GB","og_type":"article","og_title":"Du d\u00e9part du Tour de France au Digital Summ\u2019R, eBikeLabs part \u00e0 l\u2019assaut des sommets europ\u00e9ens ! - inovall\u00e9e","og_description":"eBikeLabs et ses solutions d\u00e9di\u00e9es au v\u00e9lo \u00e9lectrique seront au d\u00e9part du Tour de France et au Digital Summ\u2019R, l'\u00e9v\u00e9nement phare du num\u00e9rique.","og_url":"https:\/\/www.inovallee.com\/en\/depart-tour-de-france-digital-summr-ebikelabs-part-a-lassaut-de-nouveaux-sommets\/","og_site_name":"inovall\u00e9e","article_publisher":"https:\/\/www.facebook.com\/technopoleinovallee\/","article_published_time":"2017-06-15T13:15:37+00:00","og_image":[{"width":900,"height":563,"url":"https:\/\/www.inovallee.com\/wp-content\/uploads\/2017\/06\/tourfrance-e1497532273268.jpeg","type":"image\/jpeg"}],"author":"Inovallee","twitter_card":"summary_large_image","twitter_creator":"@inovallee","twitter_site":"@inovallee","twitter_misc":{"Written by":"Inovallee","Estimated reading time":"2 minutes"},"schema":{"@context":"https:\/\/schema.org","@graph":[{"@type":"Article","@id":"https:\/\/www.inovallee.com\/depart-tour-de-france-digital-summr-ebikelabs-part-a-lassaut-de-nouveaux-sommets\/#article","isPartOf":{"@id":"https:\/\/www.inovallee.com\/depart-tour-de-france-digital-summr-ebikelabs-part-a-lassaut-de-nouveaux-sommets\/"},"author":{"name":"Inovallee","@id":"https:\/\/www.inovallee.com\/#\/schema\/person\/a45b15518aad3111b2d61d257a3e023b"},"headline":"Du d\u00e9part du Tour de France au Digital Summ\u2019R, eBikeLabs part \u00e0 l\u2019assaut des sommets europ\u00e9ens !","datePublished":"2017-06-15T13:15:37+00:00","mainEntityOfPage":{"@id":"https:\/\/www.inovallee.com\/depart-tour-de-france-digital-summr-ebikelabs-part-a-lassaut-de-nouveaux-sommets\/"},"wordCount":467,"publisher":{"@id":"https:\/\/www.inovallee.com\/#organization"},"image":{"@id":"https:\/\/www.inovallee.com\/depart-tour-de-france-digital-summr-ebikelabs-part-a-lassaut-de-nouveaux-sommets\/#primaryimage"},"thumbnailUrl":"https:\/\/www.inovallee.com\/wp-content\/uploads\/2017\/06\/tourfrance-e1497532273268.jpeg","articleSection":["L'\u00e9cho des startups du Tarmac","Tarmac incubator"],"inLanguage":"en-GB"},{"@type":"WebPage","@id":"https:\/\/www.inovallee.com\/depart-tour-de-france-digital-summr-ebikelabs-part-a-lassaut-de-nouveaux-sommets\/","url":"https:\/\/www.inovallee.com\/depart-tour-de-france-digital-summr-ebikelabs-part-a-lassaut-de-nouveaux-sommets\/","name":"Du d\u00e9part du Tour de France au Digital Summ\u2019R, eBikeLabs part \u00e0 l\u2019assaut des sommets europ\u00e9ens ! - inovall\u00e9e","isPartOf":{"@id":"https:\/\/www.inovallee.com\/#website"},"primaryImageOfPage":{"@id":"https:\/\/www.inovallee.com\/depart-tour-de-france-digital-summr-ebikelabs-part-a-lassaut-de-nouveaux-sommets\/#primaryimage"},"image":{"@id":"https:\/\/www.inovallee.com\/depart-tour-de-france-digital-summr-ebikelabs-part-a-lassaut-de-nouveaux-sommets\/#primaryimage"},"thumbnailUrl":"https:\/\/www.inovallee.com\/wp-content\/uploads\/2017\/06\/tourfrance-e1497532273268.jpeg","datePublished":"2017-06-15T13:15:37+00:00","description":"eBikeLabs et ses solutions d\u00e9di\u00e9es au v\u00e9lo \u00e9lectrique seront au d\u00e9part du Tour de France et au Digital Summ\u2019R, l'\u00e9v\u00e9nement phare du num\u00e9rique.","breadcrumb":{"@id":"https:\/\/www.inovallee.com\/depart-tour-de-france-digital-summr-ebikelabs-part-a-lassaut-de-nouveaux-sommets\/#breadcrumb"},"inLanguage":"en-GB","potentialAction":[{"@type":"ReadAction","target":["https:\/\/www.inovallee.com\/depart-tour-de-france-digital-summr-ebikelabs-part-a-lassaut-de-nouveaux-sommets\/"]}]},{"@type":"ImageObject","inLanguage":"en-GB","@id":"https:\/\/www.inovallee.com\/depart-tour-de-france-digital-summr-ebikelabs-part-a-lassaut-de-nouveaux-sommets\/#primaryimage","url":"https:\/\/www.inovallee.com\/wp-content\/uploads\/2017\/06\/tourfrance-e1497532273268.jpeg","contentUrl":"https:\/\/www.inovallee.com\/wp-content\/uploads\/2017\/06\/tourfrance-e1497532273268.jpeg","width":900,"height":563},{"@type":"BreadcrumbList","@id":"https:\/\/www.inovallee.com\/depart-tour-de-france-digital-summr-ebikelabs-part-a-lassaut-de-nouveaux-sommets\/#breadcrumb","itemListElement":[{"@type":"ListItem","position":1,"name":"Accueil","item":"https:\/\/www.inovallee.com\/"},{"@type":"ListItem","position":2,"name":"Du d\u00e9part du Tour de France au Digital Summ\u2019R, eBikeLabs part \u00e0 l\u2019assaut des sommets europ\u00e9ens !"}]},{"@type":"WebSite","@id":"https:\/\/www.inovallee.com\/#website","url":"https:\/\/www.inovallee.com\/","name":"inovall\u00e9e technopole, Home to software & smart technologies","description":"Home to software &amp; smart technologies","publisher":{"@id":"https:\/\/www.inovallee.com\/#organization"},"potentialAction":[{"@type":"SearchAction","target":{"@type":"EntryPoint","urlTemplate":"https:\/\/www.inovallee.com\/?s={search_term_string}"},"query-input":{"@type":"PropertyValueSpecification","valueRequired":true,"valueName":"search_term_string"}}],"inLanguage":"en-GB"},{"@type":"Organization","@id":"https:\/\/www.inovallee.com\/#organization","name":"inovall\u00e9e","url":"https:\/\/www.inovallee.com\/","logo":{"@type":"ImageObject","inLanguage":"en-GB","@id":"https:\/\/www.inovallee.com\/#\/schema\/logo\/image\/","url":"https:\/\/www.inovallee.com\/wp-content\/uploads\/2023\/08\/inovallee_2022_GrenobleAlpes.png","contentUrl":"https:\/\/www.inovallee.com\/wp-content\/uploads\/2023\/08\/inovallee_2022_GrenobleAlpes.png","width":945,"height":369,"caption":"inovall\u00e9e"},"image":{"@id":"https:\/\/www.inovallee.com\/#\/schema\/logo\/image\/"},"sameAs":["https:\/\/www.facebook.com\/technopoleinovallee\/","https:\/\/x.com\/inovallee","https:\/\/www.linkedin.com\/company\/inovall-e\/","https:\/\/www.youtube.com\/user\/inovallee?reload=9"]},{"@type":"Person","@id":"https:\/\/www.inovallee.com\/#\/schema\/person\/a45b15518aad3111b2d61d257a3e023b","name":"Inovallee"}]}},"_links":{"self":[{"href":"https:\/\/www.inovallee.com\/en\/wp-json\/wp\/v2\/posts\/12645","targetHints":{"allow":["GET"]}}],"collection":[{"href":"https:\/\/www.inovallee.com\/en\/wp-json\/wp\/v2\/posts"}],"about":[{"href":"https:\/\/www.inovallee.com\/en\/wp-json\/wp\/v2\/types\/post"}],"author":[{"embeddable":true,"href":"https:\/\/www.inovallee.com\/en\/wp-json\/wp\/v2\/users\/6"}],"replies":[{"embeddable":true,"href":"https:\/\/www.inovallee.com\/en\/wp-json\/wp\/v2\/comments?post=12645"}],"version-history":[{"count":0,"href":"https:\/\/www.inovallee.com\/en\/wp-json\/wp\/v2\/posts\/12645\/revisions"}],"wp:featuredmedia":[{"embeddable":true,"href":"https:\/\/www.inovallee.com\/en\/wp-json\/wp\/v2\/media\/12648"}],"wp:attachment":[{"href":"https:\/\/www.inovallee.com\/en\/wp-json\/wp\/v2\/media?parent=12645"}],"wp:term":[{"taxonomy":"category","embeddable":true,"href":"https:\/\/www.inovallee.com\/en\/wp-json\/wp\/v2\/categories?post=12645"},{"taxonomy":"post_tag","embeddable":true,"href":"https:\/\/www.inovallee.com\/en\/wp-json\/wp\/v2\/tags?post=12645"}],"curies":[{"name":"wp","href":"https:\/\/api.w.org\/{rel}","templated":true}]}}