{"id":12850,"date":"2017-07-07T16:47:37","date_gmt":"2017-07-07T15:47:37","guid":{"rendered":"https:\/\/www.inovallee.com\/?p=12850\/"},"modified":"2017-07-07T16:47:37","modified_gmt":"2017-07-07T15:47:37","slug":"ebikelabs-decolle-du-tarmac-et-entame-son-developpement-international-en-allemagne-avec-le-soutien-dadieu-arche-b-marketing","status":"publish","type":"post","link":"https:\/\/www.inovallee.com\/en\/ebikelabs-decolle-du-tarmac-et-entame-son-developpement-international-en-allemagne-avec-le-soutien-dadieu-arche-b-marketing\/","title":{"rendered":"eBikeLabs d\u00e9colle du Tarmac et entame son d\u00e9veloppement international en Allemagne avec le soutien d\u2019Adieu-Arche-B Marketing !"},"content":{"rendered":"<p><img fetchpriority=\"high\" decoding=\"async\" class=\"alignleft wp-image-13017 size-medium\" title=\"d\u00e9veloppement international en Allemagne \" src=\"https:\/\/www.inovallee.com\/wp-content\/uploads\/2017\/07\/ebikelabs-allemand-AAB-marketing-600x306.png\" alt=\"\" width=\"600\" height=\"306\" \/>Apr\u00e8s une belle r\u00e9ussite de sa campagne de financement et pr\u00e8s de 450 K\u20ac r\u00e9colt\u00e9s sur <a href=\"https:\/\/www.raizers.com\/\">Raizers<\/a>, l\u2019\u00e9quipe d\u2019<a href=\"https:\/\/ebikelabs.com\/\">eBikeLabs<\/a> a atteint son objectif de financement participatif et se pr\u00e9pare \u00e0 d\u00e9coller du Tarmac pour rejoindre <a href=\"http:\/\/www.innoenergy.com\/\">InnoEnergy<\/a> afin d&rsquo;acc\u00e9l\u00e9rer son d\u00e9veloppement international.<br \/>\nUn d\u00e9veloppement international qui d\u00e9marre avec l\u2019Allemagne, o\u00f9 ebikelabs sera pr\u00e9sente \u00e0 Dusseldorf le 30 juin pour participer la veille du d\u00e9part du Tour de France \u00e0 <a href=\"http:\/\/events-export.businessfrance.fr\/b2b-tourdefrance\/\">Bike &amp; Sport, l\u2019\u00e9v\u00e8nement franco-allemand B2B<\/a>, organis\u00e9 par Business France. En rassemblant les fabricants fran\u00e7ais du secteur de la bicyclette et du sport, et des partenaires de distribution allemands. Une excellente opportunit\u00e9 pour eBikeLabs de trouver des partenaires de distribution exp\u00e9riment\u00e9s afin d\u2019\u00e9tablir ses solutions sur le march\u00e9 allemand. eBikeLabs a lanc\u00e9 pour l\u2019occasion tous ses supports de communication et son site web en <a href=\"https:\/\/www.ebikemaps.com\/de\/\">version allemande<\/a>.<br \/>\n<img decoding=\"async\" class=\"alignright wp-image-13018 size-full\" title=\"AAB Marketing\" src=\"https:\/\/www.inovallee.com\/wp-content\/uploads\/2017\/07\/frank-seidel-200x300-2.jpg\" alt=\"\" width=\"200\" height=\"300\" \/>Et preuve que la communaut\u00e9 Tarmac d\u00e9passe le cadre de la convivialit\u00e9 pour jouer celle de la collaboration intelligente, c\u2019est \u00e0 une ancienne startup de l\u2019incubateur qu\u2019eBikeMaps a fait appel pour assurer cette internationalisation de sa plateforme. En effet, <a href=\"http:\/\/www.aab-marketing.com\/\">Adieu-Arche-B Marketing<\/a>, qui a pris son envol l\u2019ann\u00e9e derni\u00e8re, a \u00e9t\u00e9 charg\u00e9e de la traduction du site en allemand, mais aussi et surtout de r\u00e9aliser un audit SEO pour am\u00e9liorer sa visibilit\u00e9 sur les moteurs de recherche en France comme en Allemagne.<br \/>\nD\u00e9but juillet, c\u2019est dans les locaux d\u2019InnoEnergy que les 11 collaborateurs d\u2019eBikeLabs poursuivront leur ascension (en v\u00e9lo \u00e9lectrique), vers les sommets, prenant le relais d\u2019une autre startup du Tarmac\u00a0: <a href=\"https:\/\/stimergy.com\/fr\/\">Stimergy\u00a0<\/a>! Toute l\u2019\u00e9quipe du Tarmac leur souhaite une bonne route, mais avec la qualit\u00e9 technologique de leur micro-contr\u00f4leur de batterie, et la belle \u00e9nergie de l\u2019\u00e9quipe, nul doute qu\u2019eBikeLabs est bien partie \u2026 pour atteindre sa destination\u00a0: &#8211; )<\/p>","protected":false},"excerpt":{"rendered":"<p>Apr\u00e8s une belle r\u00e9ussite de sa campagne de financement et pr\u00e8s de 450 K\u20ac r\u00e9colt\u00e9s sur Raizers, l\u2019\u00e9quipe d\u2019eBikeLabs a atteint son objectif de financement participatif et se pr\u00e9pare \u00e0 d\u00e9coller du Tarmac pour rejoindre InnoEnergy afin d&rsquo;acc\u00e9l\u00e9rer son d\u00e9veloppement international. Un d\u00e9veloppement international qui d\u00e9marre avec l\u2019Allemagne, o\u00f9 ebikelabs sera pr\u00e9sente \u00e0 Dusseldorf le [&hellip;]<\/p>\n","protected":false},"author":6,"featured_media":28961,"comment_status":"closed","ping_status":"open","sticky":false,"template":"","format":"standard","meta":{"footnotes":""},"categories":[53,43,44],"tags":[],"class_list":["post-12850","post","type-post","status-publish","format-standard","has-post-thumbnail","hentry","category-arrivees-departs-tarmac","category-tarmac-incubator-international","category-tarmac-incubator"],"yoast_head":"<!-- This site is optimized with the Yoast SEO plugin v27.4 - https:\/\/yoast.com\/product\/yoast-seo-wordpress\/ -->\n<title>eBikeLabs d\u00e9colle du Tarmac et entame son d\u00e9veloppement international en Allemagne avec le soutien d\u2019Adieu-Arche-B Marketing ! - inovall\u00e9e<\/title>\n<meta name=\"description\" content=\"eBikeLabs d\u00e9colle du Tarmac et entame son d\u00e9veloppement international en Allemagne avec le soutien d\u2019Adieu-Arche-B Marketing\" \/>\n<meta name=\"robots\" content=\"index, follow, max-snippet:-1, max-image-preview:large, max-video-preview:-1\" \/>\n<link rel=\"canonical\" href=\"https:\/\/www.inovallee.com\/en\/ebikelabs-decolle-du-tarmac-et-entame-son-developpement-international-en-allemagne-avec-le-soutien-dadieu-arche-b-marketing\/\" \/>\n<meta property=\"og:locale\" content=\"en_GB\" \/>\n<meta property=\"og:type\" content=\"article\" \/>\n<meta property=\"og:title\" content=\"eBikeLabs d\u00e9colle du Tarmac et entame son d\u00e9veloppement international en Allemagne avec le soutien d\u2019Adieu-Arche-B Marketing ! - inovall\u00e9e\" \/>\n<meta property=\"og:description\" content=\"eBikeLabs d\u00e9colle du Tarmac et entame son d\u00e9veloppement international en Allemagne avec le soutien d\u2019Adieu-Arche-B Marketing\" \/>\n<meta property=\"og:url\" content=\"https:\/\/www.inovallee.com\/en\/ebikelabs-decolle-du-tarmac-et-entame-son-developpement-international-en-allemagne-avec-le-soutien-dadieu-arche-b-marketing\/\" \/>\n<meta property=\"og:site_name\" content=\"inovall\u00e9e\" \/>\n<meta property=\"article:publisher\" content=\"https:\/\/www.facebook.com\/technopoleinovallee\/\" \/>\n<meta property=\"article:published_time\" content=\"2017-07-07T15:47:37+00:00\" \/>\n<meta property=\"og:image\" content=\"https:\/\/www.inovallee.com\/wp-content\/uploads\/2017\/07\/ebikelabs-allemand-AAB-marketing-1.png\" \/>\n\t<meta property=\"og:image:width\" content=\"1793\" \/>\n\t<meta property=\"og:image:height\" content=\"915\" \/>\n\t<meta property=\"og:image:type\" content=\"image\/png\" \/>\n<meta name=\"author\" content=\"Inovallee\" \/>\n<meta name=\"twitter:card\" content=\"summary_large_image\" \/>\n<meta name=\"twitter:creator\" content=\"@inovallee\" \/>\n<meta name=\"twitter:site\" content=\"@inovallee\" \/>\n<meta name=\"twitter:label1\" content=\"Written by\" \/>\n\t<meta name=\"twitter:data1\" content=\"Inovallee\" \/>\n\t<meta name=\"twitter:label2\" content=\"Estimated reading time\" \/>\n\t<meta name=\"twitter:data2\" content=\"2 minutes\" \/>\n<script type=\"application\/ld+json\" class=\"yoast-schema-graph\">{\"@context\":\"https:\\\/\\\/schema.org\",\"@graph\":[{\"@type\":\"Article\",\"@id\":\"https:\\\/\\\/www.inovallee.com\\\/ebikelabs-decolle-du-tarmac-et-entame-son-developpement-international-en-allemagne-avec-le-soutien-dadieu-arche-b-marketing\\\/#article\",\"isPartOf\":{\"@id\":\"https:\\\/\\\/www.inovallee.com\\\/ebikelabs-decolle-du-tarmac-et-entame-son-developpement-international-en-allemagne-avec-le-soutien-dadieu-arche-b-marketing\\\/\"},\"author\":{\"name\":\"Inovallee\",\"@id\":\"https:\\\/\\\/www.inovallee.com\\\/#\\\/schema\\\/person\\\/a45b15518aad3111b2d61d257a3e023b\"},\"headline\":\"eBikeLabs d\u00e9colle du Tarmac et entame son d\u00e9veloppement international en Allemagne avec le soutien d\u2019Adieu-Arche-B Marketing !\",\"datePublished\":\"2017-07-07T15:47:37+00:00\",\"mainEntityOfPage\":{\"@id\":\"https:\\\/\\\/www.inovallee.com\\\/ebikelabs-decolle-du-tarmac-et-entame-son-developpement-international-en-allemagne-avec-le-soutien-dadieu-arche-b-marketing\\\/\"},\"wordCount\":339,\"publisher\":{\"@id\":\"https:\\\/\\\/www.inovallee.com\\\/#organization\"},\"image\":{\"@id\":\"https:\\\/\\\/www.inovallee.com\\\/ebikelabs-decolle-du-tarmac-et-entame-son-developpement-international-en-allemagne-avec-le-soutien-dadieu-arche-b-marketing\\\/#primaryimage\"},\"thumbnailUrl\":\"https:\\\/\\\/www.inovallee.com\\\/wp-content\\\/uploads\\\/2017\\\/07\\\/ebikelabs-allemand-AAB-marketing-1.png\",\"articleSection\":[\"Arriv\u00e9es \\\/ d\u00e9parts (Tarmac)\",\"Le Tarmac et l'international\",\"Tarmac incubator\"],\"inLanguage\":\"en-GB\"},{\"@type\":\"WebPage\",\"@id\":\"https:\\\/\\\/www.inovallee.com\\\/ebikelabs-decolle-du-tarmac-et-entame-son-developpement-international-en-allemagne-avec-le-soutien-dadieu-arche-b-marketing\\\/\",\"url\":\"https:\\\/\\\/www.inovallee.com\\\/ebikelabs-decolle-du-tarmac-et-entame-son-developpement-international-en-allemagne-avec-le-soutien-dadieu-arche-b-marketing\\\/\",\"name\":\"eBikeLabs d\u00e9colle du Tarmac et entame son d\u00e9veloppement international en Allemagne avec le soutien d\u2019Adieu-Arche-B Marketing ! - inovall\u00e9e\",\"isPartOf\":{\"@id\":\"https:\\\/\\\/www.inovallee.com\\\/#website\"},\"primaryImageOfPage\":{\"@id\":\"https:\\\/\\\/www.inovallee.com\\\/ebikelabs-decolle-du-tarmac-et-entame-son-developpement-international-en-allemagne-avec-le-soutien-dadieu-arche-b-marketing\\\/#primaryimage\"},\"image\":{\"@id\":\"https:\\\/\\\/www.inovallee.com\\\/ebikelabs-decolle-du-tarmac-et-entame-son-developpement-international-en-allemagne-avec-le-soutien-dadieu-arche-b-marketing\\\/#primaryimage\"},\"thumbnailUrl\":\"https:\\\/\\\/www.inovallee.com\\\/wp-content\\\/uploads\\\/2017\\\/07\\\/ebikelabs-allemand-AAB-marketing-1.png\",\"datePublished\":\"2017-07-07T15:47:37+00:00\",\"description\":\"eBikeLabs d\u00e9colle du Tarmac et entame son d\u00e9veloppement international en Allemagne avec le soutien d\u2019Adieu-Arche-B Marketing\",\"breadcrumb\":{\"@id\":\"https:\\\/\\\/www.inovallee.com\\\/ebikelabs-decolle-du-tarmac-et-entame-son-developpement-international-en-allemagne-avec-le-soutien-dadieu-arche-b-marketing\\\/#breadcrumb\"},\"inLanguage\":\"en-GB\",\"potentialAction\":[{\"@type\":\"ReadAction\",\"target\":[\"https:\\\/\\\/www.inovallee.com\\\/ebikelabs-decolle-du-tarmac-et-entame-son-developpement-international-en-allemagne-avec-le-soutien-dadieu-arche-b-marketing\\\/\"]}]},{\"@type\":\"ImageObject\",\"inLanguage\":\"en-GB\",\"@id\":\"https:\\\/\\\/www.inovallee.com\\\/ebikelabs-decolle-du-tarmac-et-entame-son-developpement-international-en-allemagne-avec-le-soutien-dadieu-arche-b-marketing\\\/#primaryimage\",\"url\":\"https:\\\/\\\/www.inovallee.com\\\/wp-content\\\/uploads\\\/2017\\\/07\\\/ebikelabs-allemand-AAB-marketing-1.png\",\"contentUrl\":\"https:\\\/\\\/www.inovallee.com\\\/wp-content\\\/uploads\\\/2017\\\/07\\\/ebikelabs-allemand-AAB-marketing-1.png\",\"width\":1793,\"height\":915},{\"@type\":\"BreadcrumbList\",\"@id\":\"https:\\\/\\\/www.inovallee.com\\\/ebikelabs-decolle-du-tarmac-et-entame-son-developpement-international-en-allemagne-avec-le-soutien-dadieu-arche-b-marketing\\\/#breadcrumb\",\"itemListElement\":[{\"@type\":\"ListItem\",\"position\":1,\"name\":\"Accueil\",\"item\":\"https:\\\/\\\/www.inovallee.com\\\/\"},{\"@type\":\"ListItem\",\"position\":2,\"name\":\"eBikeLabs d\u00e9colle du Tarmac et entame son d\u00e9veloppement international en Allemagne avec le soutien d\u2019Adieu-Arche-B Marketing !\"}]},{\"@type\":\"WebSite\",\"@id\":\"https:\\\/\\\/www.inovallee.com\\\/#website\",\"url\":\"https:\\\/\\\/www.inovallee.com\\\/\",\"name\":\"inovall\u00e9e technopole, Home to software & smart technologies\",\"description\":\"Home to software &amp; smart technologies\",\"publisher\":{\"@id\":\"https:\\\/\\\/www.inovallee.com\\\/#organization\"},\"potentialAction\":[{\"@type\":\"SearchAction\",\"target\":{\"@type\":\"EntryPoint\",\"urlTemplate\":\"https:\\\/\\\/www.inovallee.com\\\/?s={search_term_string}\"},\"query-input\":{\"@type\":\"PropertyValueSpecification\",\"valueRequired\":true,\"valueName\":\"search_term_string\"}}],\"inLanguage\":\"en-GB\"},{\"@type\":\"Organization\",\"@id\":\"https:\\\/\\\/www.inovallee.com\\\/#organization\",\"name\":\"inovall\u00e9e\",\"url\":\"https:\\\/\\\/www.inovallee.com\\\/\",\"logo\":{\"@type\":\"ImageObject\",\"inLanguage\":\"en-GB\",\"@id\":\"https:\\\/\\\/www.inovallee.com\\\/#\\\/schema\\\/logo\\\/image\\\/\",\"url\":\"https:\\\/\\\/www.inovallee.com\\\/wp-content\\\/uploads\\\/2023\\\/08\\\/inovallee_2022_GrenobleAlpes.png\",\"contentUrl\":\"https:\\\/\\\/www.inovallee.com\\\/wp-content\\\/uploads\\\/2023\\\/08\\\/inovallee_2022_GrenobleAlpes.png\",\"width\":945,\"height\":369,\"caption\":\"inovall\u00e9e\"},\"image\":{\"@id\":\"https:\\\/\\\/www.inovallee.com\\\/#\\\/schema\\\/logo\\\/image\\\/\"},\"sameAs\":[\"https:\\\/\\\/www.facebook.com\\\/technopoleinovallee\\\/\",\"https:\\\/\\\/x.com\\\/inovallee\",\"https:\\\/\\\/www.linkedin.com\\\/company\\\/inovall-e\\\/\",\"https:\\\/\\\/www.youtube.com\\\/user\\\/inovallee?reload=9\"]},{\"@type\":\"Person\",\"@id\":\"https:\\\/\\\/www.inovallee.com\\\/#\\\/schema\\\/person\\\/a45b15518aad3111b2d61d257a3e023b\",\"name\":\"Inovallee\"}]}<\/script>\n<!-- \/ Yoast SEO plugin. -->","yoast_head_json":{"title":"eBikeLabs d\u00e9colle du Tarmac et entame son d\u00e9veloppement international en Allemagne avec le soutien d\u2019Adieu-Arche-B Marketing ! - inovall\u00e9e","description":"eBikeLabs d\u00e9colle du Tarmac et entame son d\u00e9veloppement international en Allemagne avec le soutien d\u2019Adieu-Arche-B Marketing","robots":{"index":"index","follow":"follow","max-snippet":"max-snippet:-1","max-image-preview":"max-image-preview:large","max-video-preview":"max-video-preview:-1"},"canonical":"https:\/\/www.inovallee.com\/en\/ebikelabs-decolle-du-tarmac-et-entame-son-developpement-international-en-allemagne-avec-le-soutien-dadieu-arche-b-marketing\/","og_locale":"en_GB","og_type":"article","og_title":"eBikeLabs d\u00e9colle du Tarmac et entame son d\u00e9veloppement international en Allemagne avec le soutien d\u2019Adieu-Arche-B Marketing ! - inovall\u00e9e","og_description":"eBikeLabs d\u00e9colle du Tarmac et entame son d\u00e9veloppement international en Allemagne avec le soutien d\u2019Adieu-Arche-B Marketing","og_url":"https:\/\/www.inovallee.com\/en\/ebikelabs-decolle-du-tarmac-et-entame-son-developpement-international-en-allemagne-avec-le-soutien-dadieu-arche-b-marketing\/","og_site_name":"inovall\u00e9e","article_publisher":"https:\/\/www.facebook.com\/technopoleinovallee\/","article_published_time":"2017-07-07T15:47:37+00:00","og_image":[{"width":1793,"height":915,"url":"https:\/\/www.inovallee.com\/wp-content\/uploads\/2017\/07\/ebikelabs-allemand-AAB-marketing-1.png","type":"image\/png"}],"author":"Inovallee","twitter_card":"summary_large_image","twitter_creator":"@inovallee","twitter_site":"@inovallee","twitter_misc":{"Written by":"Inovallee","Estimated reading time":"2 minutes"},"schema":{"@context":"https:\/\/schema.org","@graph":[{"@type":"Article","@id":"https:\/\/www.inovallee.com\/ebikelabs-decolle-du-tarmac-et-entame-son-developpement-international-en-allemagne-avec-le-soutien-dadieu-arche-b-marketing\/#article","isPartOf":{"@id":"https:\/\/www.inovallee.com\/ebikelabs-decolle-du-tarmac-et-entame-son-developpement-international-en-allemagne-avec-le-soutien-dadieu-arche-b-marketing\/"},"author":{"name":"Inovallee","@id":"https:\/\/www.inovallee.com\/#\/schema\/person\/a45b15518aad3111b2d61d257a3e023b"},"headline":"eBikeLabs d\u00e9colle du Tarmac et entame son d\u00e9veloppement international en Allemagne avec le soutien d\u2019Adieu-Arche-B Marketing !","datePublished":"2017-07-07T15:47:37+00:00","mainEntityOfPage":{"@id":"https:\/\/www.inovallee.com\/ebikelabs-decolle-du-tarmac-et-entame-son-developpement-international-en-allemagne-avec-le-soutien-dadieu-arche-b-marketing\/"},"wordCount":339,"publisher":{"@id":"https:\/\/www.inovallee.com\/#organization"},"image":{"@id":"https:\/\/www.inovallee.com\/ebikelabs-decolle-du-tarmac-et-entame-son-developpement-international-en-allemagne-avec-le-soutien-dadieu-arche-b-marketing\/#primaryimage"},"thumbnailUrl":"https:\/\/www.inovallee.com\/wp-content\/uploads\/2017\/07\/ebikelabs-allemand-AAB-marketing-1.png","articleSection":["Arriv\u00e9es \/ d\u00e9parts (Tarmac)","Le Tarmac et l'international","Tarmac incubator"],"inLanguage":"en-GB"},{"@type":"WebPage","@id":"https:\/\/www.inovallee.com\/ebikelabs-decolle-du-tarmac-et-entame-son-developpement-international-en-allemagne-avec-le-soutien-dadieu-arche-b-marketing\/","url":"https:\/\/www.inovallee.com\/ebikelabs-decolle-du-tarmac-et-entame-son-developpement-international-en-allemagne-avec-le-soutien-dadieu-arche-b-marketing\/","name":"eBikeLabs d\u00e9colle du Tarmac et entame son d\u00e9veloppement international en Allemagne avec le soutien d\u2019Adieu-Arche-B Marketing ! - inovall\u00e9e","isPartOf":{"@id":"https:\/\/www.inovallee.com\/#website"},"primaryImageOfPage":{"@id":"https:\/\/www.inovallee.com\/ebikelabs-decolle-du-tarmac-et-entame-son-developpement-international-en-allemagne-avec-le-soutien-dadieu-arche-b-marketing\/#primaryimage"},"image":{"@id":"https:\/\/www.inovallee.com\/ebikelabs-decolle-du-tarmac-et-entame-son-developpement-international-en-allemagne-avec-le-soutien-dadieu-arche-b-marketing\/#primaryimage"},"thumbnailUrl":"https:\/\/www.inovallee.com\/wp-content\/uploads\/2017\/07\/ebikelabs-allemand-AAB-marketing-1.png","datePublished":"2017-07-07T15:47:37+00:00","description":"eBikeLabs d\u00e9colle du Tarmac et entame son d\u00e9veloppement international en Allemagne avec le soutien d\u2019Adieu-Arche-B Marketing","breadcrumb":{"@id":"https:\/\/www.inovallee.com\/ebikelabs-decolle-du-tarmac-et-entame-son-developpement-international-en-allemagne-avec-le-soutien-dadieu-arche-b-marketing\/#breadcrumb"},"inLanguage":"en-GB","potentialAction":[{"@type":"ReadAction","target":["https:\/\/www.inovallee.com\/ebikelabs-decolle-du-tarmac-et-entame-son-developpement-international-en-allemagne-avec-le-soutien-dadieu-arche-b-marketing\/"]}]},{"@type":"ImageObject","inLanguage":"en-GB","@id":"https:\/\/www.inovallee.com\/ebikelabs-decolle-du-tarmac-et-entame-son-developpement-international-en-allemagne-avec-le-soutien-dadieu-arche-b-marketing\/#primaryimage","url":"https:\/\/www.inovallee.com\/wp-content\/uploads\/2017\/07\/ebikelabs-allemand-AAB-marketing-1.png","contentUrl":"https:\/\/www.inovallee.com\/wp-content\/uploads\/2017\/07\/ebikelabs-allemand-AAB-marketing-1.png","width":1793,"height":915},{"@type":"BreadcrumbList","@id":"https:\/\/www.inovallee.com\/ebikelabs-decolle-du-tarmac-et-entame-son-developpement-international-en-allemagne-avec-le-soutien-dadieu-arche-b-marketing\/#breadcrumb","itemListElement":[{"@type":"ListItem","position":1,"name":"Accueil","item":"https:\/\/www.inovallee.com\/"},{"@type":"ListItem","position":2,"name":"eBikeLabs d\u00e9colle du Tarmac et entame son d\u00e9veloppement international en Allemagne avec le soutien d\u2019Adieu-Arche-B Marketing !"}]},{"@type":"WebSite","@id":"https:\/\/www.inovallee.com\/#website","url":"https:\/\/www.inovallee.com\/","name":"inovall\u00e9e technopole, Home to software & smart technologies","description":"Home to software &amp; smart technologies","publisher":{"@id":"https:\/\/www.inovallee.com\/#organization"},"potentialAction":[{"@type":"SearchAction","target":{"@type":"EntryPoint","urlTemplate":"https:\/\/www.inovallee.com\/?s={search_term_string}"},"query-input":{"@type":"PropertyValueSpecification","valueRequired":true,"valueName":"search_term_string"}}],"inLanguage":"en-GB"},{"@type":"Organization","@id":"https:\/\/www.inovallee.com\/#organization","name":"inovall\u00e9e","url":"https:\/\/www.inovallee.com\/","logo":{"@type":"ImageObject","inLanguage":"en-GB","@id":"https:\/\/www.inovallee.com\/#\/schema\/logo\/image\/","url":"https:\/\/www.inovallee.com\/wp-content\/uploads\/2023\/08\/inovallee_2022_GrenobleAlpes.png","contentUrl":"https:\/\/www.inovallee.com\/wp-content\/uploads\/2023\/08\/inovallee_2022_GrenobleAlpes.png","width":945,"height":369,"caption":"inovall\u00e9e"},"image":{"@id":"https:\/\/www.inovallee.com\/#\/schema\/logo\/image\/"},"sameAs":["https:\/\/www.facebook.com\/technopoleinovallee\/","https:\/\/x.com\/inovallee","https:\/\/www.linkedin.com\/company\/inovall-e\/","https:\/\/www.youtube.com\/user\/inovallee?reload=9"]},{"@type":"Person","@id":"https:\/\/www.inovallee.com\/#\/schema\/person\/a45b15518aad3111b2d61d257a3e023b","name":"Inovallee"}]}},"_links":{"self":[{"href":"https:\/\/www.inovallee.com\/en\/wp-json\/wp\/v2\/posts\/12850","targetHints":{"allow":["GET"]}}],"collection":[{"href":"https:\/\/www.inovallee.com\/en\/wp-json\/wp\/v2\/posts"}],"about":[{"href":"https:\/\/www.inovallee.com\/en\/wp-json\/wp\/v2\/types\/post"}],"author":[{"embeddable":true,"href":"https:\/\/www.inovallee.com\/en\/wp-json\/wp\/v2\/users\/6"}],"replies":[{"embeddable":true,"href":"https:\/\/www.inovallee.com\/en\/wp-json\/wp\/v2\/comments?post=12850"}],"version-history":[{"count":0,"href":"https:\/\/www.inovallee.com\/en\/wp-json\/wp\/v2\/posts\/12850\/revisions"}],"wp:featuredmedia":[{"embeddable":true,"href":"https:\/\/www.inovallee.com\/en\/wp-json\/wp\/v2\/media\/28961"}],"wp:attachment":[{"href":"https:\/\/www.inovallee.com\/en\/wp-json\/wp\/v2\/media?parent=12850"}],"wp:term":[{"taxonomy":"category","embeddable":true,"href":"https:\/\/www.inovallee.com\/en\/wp-json\/wp\/v2\/categories?post=12850"},{"taxonomy":"post_tag","embeddable":true,"href":"https:\/\/www.inovallee.com\/en\/wp-json\/wp\/v2\/tags?post=12850"}],"curies":[{"name":"wp","href":"https:\/\/api.w.org\/{rel}","templated":true}]}}