{"id":1419,"date":"2015-05-12T10:25:00","date_gmt":"2015-05-12T09:25:00","guid":{"rendered":"https:\/\/www.inovallee.com\/portes-ouvertes-tarmac-m-le-8-juin-de-11h30-a-14h30-un-tour-du-monde-en-15-escales-des-technologies-du-futur\/"},"modified":"2015-05-12T10:25:00","modified_gmt":"2015-05-12T09:25:00","slug":"portes-ouvertes-tarmac-m-le-8-juin-de-11h30-a-14h30-un-tour-du-monde-en-15-escales-des-technologies-du-futur","status":"publish","type":"post","link":"https:\/\/www.inovallee.com\/en\/portes-ouvertes-tarmac-m-le-8-juin-de-11h30-a-14h30-un-tour-du-monde-en-15-escales-des-technologies-du-futur\/","title":{"rendered":"Portes ouvertes Tarmac M le 8 juin de 11h30 \u00e0 14h30 : un tour du monde en 15 escales des technologies du futur !"},"content":{"rendered":"<div dir=\"ltr\" style=\"text-align: left;\">\n<div>\n<div style=\"clear: both; text-align: center;\"><a href=\"http:\/\/4.bp.blogspot.com\/-O_aV8XlaUP0\/U7aiDOmrY6I\/AAAAAAAAMZE\/64urU9fMuYA\/s1600\/IMG_1567.JPG\" style=\"clear: left; float: left; margin-bottom: 1em; margin-right: 1em;\"><img fetchpriority=\"high\" decoding=\"async\" border=\"0\" height=\"213\" src=\"http:\/\/4.bp.blogspot.com\/-O_aV8XlaUP0\/U7aiDOmrY6I\/AAAAAAAAMZE\/64urU9fMuYA\/s320\/IMG_1567.JPG\" width=\"320\" \/><\/a><\/div>\n<p><span style=\"font-family: Verdana,sans-serif;\">Elles sont d\u00e9sormais 25 start-up \u00e0 d\u00e9velopper sur Meylan les technologies num\u00e9riques qui construisent notre avenir : objets connect\u00e9s, iot, applications web \/ mobiles, hydroliennes, \u00e9clairage LED, smartdata, technologies infra-rouge, reconnaissance d&rsquo;images et d&rsquo;\u00e9criture, robots cam\u00e9ramens, drones, etc.&nbsp;<\/span><br \/><span style=\"font-family: Verdana,sans-serif;\">Vous \u00eates un investisseur attir\u00e9 par des start-up prometteuses ? Un industriel en qu\u00eate de solutions technologiques ? Un entrepreneur innovant \u00e0 la recherche de partenaires ? R\u00e9servez votre billet pour un vol en 15 escales au sein du Tarmac et touchez du doigt les nombreuses applications innovantes des start-up du Tarmac !<\/span><br \/><span style=\"font-family: Verdana,sans-serif;\"><br \/><\/span><span style=\"font-family: Verdana,sans-serif;\">Au programme du voyage : 3 heures d&rsquo;immersion interactive en petits groupes et plus de 15 escales pour d\u00e9couvrir :<\/span><\/p>\n<ul style=\"text-align: left;\">\n<li><span style=\"font-family: Verdana,sans-serif;\">Irlynx et ses technologies infra-rouges de d\u00e9tection de pr\u00e9sence et de comptage de personnes<\/span><\/li>\n<li><span style=\"font-family: Verdana,sans-serif;\">Coriolys et ses syst\u00e8mes de monitoring industriel<\/span><\/li>\n<li><span style=\"font-family: Verdana,sans-serif;\">Easy Mountain et son application Mhikes de randonn\u00e9e connect\u00e9e<\/span><\/li>\n<li><span style=\"font-family: Verdana,sans-serif;\">Talaia Solutions et son logiciel antimalware<\/span><\/li>\n<li><span style=\"font-family: Verdana,sans-serif;\">Neovision et son application wineadvisor<\/span><\/li>\n<li><span style=\"font-family: Verdana,sans-serif;\">Webmarketing Booster et son interface de e-commerce<\/span><\/li>\n<li><span style=\"font-family: Verdana,sans-serif;\">Appliware et ses solutions de protection du travailleur isol\u00e9 ou de gestion de lits dans les h\u00f4pitaux<\/span><\/li>\n<li><span style=\"font-family: Verdana,sans-serif;\">Icalla et sa technologie de reconnaissance automatique d&rsquo;\u00e9critures manuscrites<\/span><\/li>\n<li><span style=\"font-family: Verdana,sans-serif;\">Minimento et ses vid\u00e9os didactiques<\/span><\/li>\n<li><span style=\"font-family: Verdana,sans-serif;\">Hydroquest et ses hydroliennes fluviales, estuariennes et marines<\/span><\/li>\n<li><span style=\"font-family: Verdana,sans-serif;\">ID\u00b2 Solutions et son drone multi-instrument\u00e9 pour des mesures environnementales comme pour la prise de vue<\/span><\/li>\n<li><span style=\"font-family: Verdana,sans-serif;\">Abeeway et sa balise de g\u00e9olocalisation Apy<\/span><\/li>\n<li><span style=\"font-family: Verdana,sans-serif;\">Warpidvision et sa nouvelle g\u00e9n\u00e9ration d&rsquo;instruments de musique modulaires&nbsp;<\/span><\/li>\n<li><span style=\"font-family: Verdana,sans-serif;\">Rocamroll et ses robots cam\u00e9ramens autonomes <\/span><\/li>\n<li><span style=\"font-family: Verdana,sans-serif;\">etc<\/span><\/li>\n<\/ul>\n<\/div>\n<div style=\"text-align: left;\"><span style=\"font-family: Verdana,sans-serif;\"><a href=\"https:\/\/docs.google.com\/forms\/d\/1BcXiNd9M11oQC2WoxESK6XVzFKEgat5Y8C8z6A4Nc5E\/viewform\" target=\"_blank\" rel=\"noopener noreferrer\">S&rsquo;inscrire<\/a> <\/span><\/div>\n<p><span style=\"font-family: Verdana,sans-serif;\"><br \/><\/span><\/div>","protected":false},"excerpt":{"rendered":"<p>Elles sont d\u00e9sormais 25 start-up \u00e0 d\u00e9velopper sur Meylan les technologies num\u00e9riques qui construisent notre avenir : objets connect\u00e9s, iot, applications web \/ mobiles, hydroliennes, \u00e9clairage LED, smartdata, technologies infra-rouge, reconnaissance d&rsquo;images et d&rsquo;\u00e9criture, robots cam\u00e9ramens, drones, etc.&nbsp;Vous \u00eates un investisseur attir\u00e9 par des start-up prometteuses ? Un industriel en qu\u00eate de solutions technologiques ? [&hellip;]<\/p>\n","protected":false},"author":6,"featured_media":0,"comment_status":"closed","ping_status":"open","sticky":false,"template":"","format":"standard","meta":{"footnotes":""},"categories":[46,44],"tags":[],"class_list":["post-1419","post","type-post","status-publish","format-standard","hentry","category-vie-du-tarmac","category-tarmac-incubator"],"yoast_head":"<!-- This site is optimized with the Yoast SEO plugin v27.4 - https:\/\/yoast.com\/product\/yoast-seo-wordpress\/ -->\n<title>Portes ouvertes Tarmac M le 8 juin de 11h30 \u00e0 14h30 : un tour du monde en 15 escales des technologies du futur ! - inovall\u00e9e<\/title>\n<meta name=\"robots\" content=\"index, follow, max-snippet:-1, max-image-preview:large, max-video-preview:-1\" \/>\n<link rel=\"canonical\" href=\"https:\/\/www.inovallee.com\/en\/portes-ouvertes-tarmac-m-le-8-juin-de-11h30-a-14h30-un-tour-du-monde-en-15-escales-des-technologies-du-futur\/\" \/>\n<meta property=\"og:locale\" content=\"en_GB\" \/>\n<meta property=\"og:type\" content=\"article\" \/>\n<meta property=\"og:title\" content=\"Portes ouvertes Tarmac M le 8 juin de 11h30 \u00e0 14h30 : un tour du monde en 15 escales des technologies du futur ! - inovall\u00e9e\" \/>\n<meta property=\"og:description\" content=\"Elles sont d\u00e9sormais 25 start-up \u00e0 d\u00e9velopper sur Meylan les technologies num\u00e9riques qui construisent notre avenir : objets connect\u00e9s, iot, applications web \/ mobiles, hydroliennes, \u00e9clairage LED, smartdata, technologies infra-rouge, reconnaissance d&rsquo;images et d&rsquo;\u00e9criture, robots cam\u00e9ramens, drones, etc.&nbsp;Vous \u00eates un investisseur attir\u00e9 par des start-up prometteuses ? Un industriel en qu\u00eate de solutions technologiques ? [&hellip;]\" \/>\n<meta property=\"og:url\" content=\"https:\/\/www.inovallee.com\/en\/portes-ouvertes-tarmac-m-le-8-juin-de-11h30-a-14h30-un-tour-du-monde-en-15-escales-des-technologies-du-futur\/\" \/>\n<meta property=\"og:site_name\" content=\"inovall\u00e9e\" \/>\n<meta property=\"article:publisher\" content=\"https:\/\/www.facebook.com\/technopoleinovallee\/\" \/>\n<meta property=\"article:published_time\" content=\"2015-05-12T09:25:00+00:00\" \/>\n<meta property=\"og:image\" content=\"http:\/\/4.bp.blogspot.com\/-O_aV8XlaUP0\/U7aiDOmrY6I\/AAAAAAAAMZE\/64urU9fMuYA\/s320\/IMG_1567.JPG\" \/>\n<meta name=\"author\" content=\"Inovallee\" \/>\n<meta name=\"twitter:card\" content=\"summary_large_image\" \/>\n<meta name=\"twitter:creator\" content=\"@inovallee\" \/>\n<meta name=\"twitter:site\" content=\"@inovallee\" \/>\n<meta name=\"twitter:label1\" content=\"Written by\" \/>\n\t<meta name=\"twitter:data1\" content=\"Inovallee\" \/>\n\t<meta name=\"twitter:label2\" content=\"Estimated reading time\" \/>\n\t<meta name=\"twitter:data2\" content=\"1 minute\" \/>\n<script type=\"application\/ld+json\" class=\"yoast-schema-graph\">{\"@context\":\"https:\\\/\\\/schema.org\",\"@graph\":[{\"@type\":\"Article\",\"@id\":\"https:\\\/\\\/www.inovallee.com\\\/portes-ouvertes-tarmac-m-le-8-juin-de-11h30-a-14h30-un-tour-du-monde-en-15-escales-des-technologies-du-futur\\\/#article\",\"isPartOf\":{\"@id\":\"https:\\\/\\\/www.inovallee.com\\\/portes-ouvertes-tarmac-m-le-8-juin-de-11h30-a-14h30-un-tour-du-monde-en-15-escales-des-technologies-du-futur\\\/\"},\"author\":{\"name\":\"Inovallee\",\"@id\":\"https:\\\/\\\/www.inovallee.com\\\/#\\\/schema\\\/person\\\/a45b15518aad3111b2d61d257a3e023b\"},\"headline\":\"Portes ouvertes Tarmac M le 8 juin de 11h30 \u00e0 14h30 : un tour du monde en 15 escales des technologies du futur !\",\"datePublished\":\"2015-05-12T09:25:00+00:00\",\"mainEntityOfPage\":{\"@id\":\"https:\\\/\\\/www.inovallee.com\\\/portes-ouvertes-tarmac-m-le-8-juin-de-11h30-a-14h30-un-tour-du-monde-en-15-escales-des-technologies-du-futur\\\/\"},\"wordCount\":270,\"publisher\":{\"@id\":\"https:\\\/\\\/www.inovallee.com\\\/#organization\"},\"image\":{\"@id\":\"https:\\\/\\\/www.inovallee.com\\\/portes-ouvertes-tarmac-m-le-8-juin-de-11h30-a-14h30-un-tour-du-monde-en-15-escales-des-technologies-du-futur\\\/#primaryimage\"},\"thumbnailUrl\":\"http:\\\/\\\/4.bp.blogspot.com\\\/-O_aV8XlaUP0\\\/U7aiDOmrY6I\\\/AAAAAAAAMZE\\\/64urU9fMuYA\\\/s320\\\/IMG_1567.JPG\",\"articleSection\":[\"La vie du Tarmac\",\"Tarmac incubator\"],\"inLanguage\":\"en-GB\"},{\"@type\":\"WebPage\",\"@id\":\"https:\\\/\\\/www.inovallee.com\\\/portes-ouvertes-tarmac-m-le-8-juin-de-11h30-a-14h30-un-tour-du-monde-en-15-escales-des-technologies-du-futur\\\/\",\"url\":\"https:\\\/\\\/www.inovallee.com\\\/portes-ouvertes-tarmac-m-le-8-juin-de-11h30-a-14h30-un-tour-du-monde-en-15-escales-des-technologies-du-futur\\\/\",\"name\":\"Portes ouvertes Tarmac M le 8 juin de 11h30 \u00e0 14h30 : un tour du monde en 15 escales des technologies du futur ! - inovall\u00e9e\",\"isPartOf\":{\"@id\":\"https:\\\/\\\/www.inovallee.com\\\/#website\"},\"primaryImageOfPage\":{\"@id\":\"https:\\\/\\\/www.inovallee.com\\\/portes-ouvertes-tarmac-m-le-8-juin-de-11h30-a-14h30-un-tour-du-monde-en-15-escales-des-technologies-du-futur\\\/#primaryimage\"},\"image\":{\"@id\":\"https:\\\/\\\/www.inovallee.com\\\/portes-ouvertes-tarmac-m-le-8-juin-de-11h30-a-14h30-un-tour-du-monde-en-15-escales-des-technologies-du-futur\\\/#primaryimage\"},\"thumbnailUrl\":\"http:\\\/\\\/4.bp.blogspot.com\\\/-O_aV8XlaUP0\\\/U7aiDOmrY6I\\\/AAAAAAAAMZE\\\/64urU9fMuYA\\\/s320\\\/IMG_1567.JPG\",\"datePublished\":\"2015-05-12T09:25:00+00:00\",\"breadcrumb\":{\"@id\":\"https:\\\/\\\/www.inovallee.com\\\/portes-ouvertes-tarmac-m-le-8-juin-de-11h30-a-14h30-un-tour-du-monde-en-15-escales-des-technologies-du-futur\\\/#breadcrumb\"},\"inLanguage\":\"en-GB\",\"potentialAction\":[{\"@type\":\"ReadAction\",\"target\":[\"https:\\\/\\\/www.inovallee.com\\\/portes-ouvertes-tarmac-m-le-8-juin-de-11h30-a-14h30-un-tour-du-monde-en-15-escales-des-technologies-du-futur\\\/\"]}]},{\"@type\":\"ImageObject\",\"inLanguage\":\"en-GB\",\"@id\":\"https:\\\/\\\/www.inovallee.com\\\/portes-ouvertes-tarmac-m-le-8-juin-de-11h30-a-14h30-un-tour-du-monde-en-15-escales-des-technologies-du-futur\\\/#primaryimage\",\"url\":\"http:\\\/\\\/4.bp.blogspot.com\\\/-O_aV8XlaUP0\\\/U7aiDOmrY6I\\\/AAAAAAAAMZE\\\/64urU9fMuYA\\\/s320\\\/IMG_1567.JPG\",\"contentUrl\":\"http:\\\/\\\/4.bp.blogspot.com\\\/-O_aV8XlaUP0\\\/U7aiDOmrY6I\\\/AAAAAAAAMZE\\\/64urU9fMuYA\\\/s320\\\/IMG_1567.JPG\"},{\"@type\":\"BreadcrumbList\",\"@id\":\"https:\\\/\\\/www.inovallee.com\\\/portes-ouvertes-tarmac-m-le-8-juin-de-11h30-a-14h30-un-tour-du-monde-en-15-escales-des-technologies-du-futur\\\/#breadcrumb\",\"itemListElement\":[{\"@type\":\"ListItem\",\"position\":1,\"name\":\"Accueil\",\"item\":\"https:\\\/\\\/www.inovallee.com\\\/\"},{\"@type\":\"ListItem\",\"position\":2,\"name\":\"Portes ouvertes Tarmac M le 8 juin de 11h30 \u00e0 14h30 : un tour du monde en 15 escales des technologies du futur !\"}]},{\"@type\":\"WebSite\",\"@id\":\"https:\\\/\\\/www.inovallee.com\\\/#website\",\"url\":\"https:\\\/\\\/www.inovallee.com\\\/\",\"name\":\"inovall\u00e9e technopole, Home to software & smart technologies\",\"description\":\"Home to software &amp; smart technologies\",\"publisher\":{\"@id\":\"https:\\\/\\\/www.inovallee.com\\\/#organization\"},\"potentialAction\":[{\"@type\":\"SearchAction\",\"target\":{\"@type\":\"EntryPoint\",\"urlTemplate\":\"https:\\\/\\\/www.inovallee.com\\\/?s={search_term_string}\"},\"query-input\":{\"@type\":\"PropertyValueSpecification\",\"valueRequired\":true,\"valueName\":\"search_term_string\"}}],\"inLanguage\":\"en-GB\"},{\"@type\":\"Organization\",\"@id\":\"https:\\\/\\\/www.inovallee.com\\\/#organization\",\"name\":\"inovall\u00e9e\",\"url\":\"https:\\\/\\\/www.inovallee.com\\\/\",\"logo\":{\"@type\":\"ImageObject\",\"inLanguage\":\"en-GB\",\"@id\":\"https:\\\/\\\/www.inovallee.com\\\/#\\\/schema\\\/logo\\\/image\\\/\",\"url\":\"https:\\\/\\\/www.inovallee.com\\\/wp-content\\\/uploads\\\/2023\\\/08\\\/inovallee_2022_GrenobleAlpes.png\",\"contentUrl\":\"https:\\\/\\\/www.inovallee.com\\\/wp-content\\\/uploads\\\/2023\\\/08\\\/inovallee_2022_GrenobleAlpes.png\",\"width\":945,\"height\":369,\"caption\":\"inovall\u00e9e\"},\"image\":{\"@id\":\"https:\\\/\\\/www.inovallee.com\\\/#\\\/schema\\\/logo\\\/image\\\/\"},\"sameAs\":[\"https:\\\/\\\/www.facebook.com\\\/technopoleinovallee\\\/\",\"https:\\\/\\\/x.com\\\/inovallee\",\"https:\\\/\\\/www.linkedin.com\\\/company\\\/inovall-e\\\/\",\"https:\\\/\\\/www.youtube.com\\\/user\\\/inovallee?reload=9\"]},{\"@type\":\"Person\",\"@id\":\"https:\\\/\\\/www.inovallee.com\\\/#\\\/schema\\\/person\\\/a45b15518aad3111b2d61d257a3e023b\",\"name\":\"Inovallee\"}]}<\/script>\n<!-- \/ Yoast SEO plugin. -->","yoast_head_json":{"title":"Portes ouvertes Tarmac M le 8 juin de 11h30 \u00e0 14h30 : un tour du monde en 15 escales des technologies du futur ! - inovall\u00e9e","robots":{"index":"index","follow":"follow","max-snippet":"max-snippet:-1","max-image-preview":"max-image-preview:large","max-video-preview":"max-video-preview:-1"},"canonical":"https:\/\/www.inovallee.com\/en\/portes-ouvertes-tarmac-m-le-8-juin-de-11h30-a-14h30-un-tour-du-monde-en-15-escales-des-technologies-du-futur\/","og_locale":"en_GB","og_type":"article","og_title":"Portes ouvertes Tarmac M le 8 juin de 11h30 \u00e0 14h30 : un tour du monde en 15 escales des technologies du futur ! - inovall\u00e9e","og_description":"Elles sont d\u00e9sormais 25 start-up \u00e0 d\u00e9velopper sur Meylan les technologies num\u00e9riques qui construisent notre avenir : objets connect\u00e9s, iot, applications web \/ mobiles, hydroliennes, \u00e9clairage LED, smartdata, technologies infra-rouge, reconnaissance d&rsquo;images et d&rsquo;\u00e9criture, robots cam\u00e9ramens, drones, etc.&nbsp;Vous \u00eates un investisseur attir\u00e9 par des start-up prometteuses ? Un industriel en qu\u00eate de solutions technologiques ? [&hellip;]","og_url":"https:\/\/www.inovallee.com\/en\/portes-ouvertes-tarmac-m-le-8-juin-de-11h30-a-14h30-un-tour-du-monde-en-15-escales-des-technologies-du-futur\/","og_site_name":"inovall\u00e9e","article_publisher":"https:\/\/www.facebook.com\/technopoleinovallee\/","article_published_time":"2015-05-12T09:25:00+00:00","og_image":[{"url":"http:\/\/4.bp.blogspot.com\/-O_aV8XlaUP0\/U7aiDOmrY6I\/AAAAAAAAMZE\/64urU9fMuYA\/s320\/IMG_1567.JPG","type":"","width":"","height":""}],"author":"Inovallee","twitter_card":"summary_large_image","twitter_creator":"@inovallee","twitter_site":"@inovallee","twitter_misc":{"Written by":"Inovallee","Estimated reading time":"1 minute"},"schema":{"@context":"https:\/\/schema.org","@graph":[{"@type":"Article","@id":"https:\/\/www.inovallee.com\/portes-ouvertes-tarmac-m-le-8-juin-de-11h30-a-14h30-un-tour-du-monde-en-15-escales-des-technologies-du-futur\/#article","isPartOf":{"@id":"https:\/\/www.inovallee.com\/portes-ouvertes-tarmac-m-le-8-juin-de-11h30-a-14h30-un-tour-du-monde-en-15-escales-des-technologies-du-futur\/"},"author":{"name":"Inovallee","@id":"https:\/\/www.inovallee.com\/#\/schema\/person\/a45b15518aad3111b2d61d257a3e023b"},"headline":"Portes ouvertes Tarmac M le 8 juin de 11h30 \u00e0 14h30 : un tour du monde en 15 escales des technologies du futur !","datePublished":"2015-05-12T09:25:00+00:00","mainEntityOfPage":{"@id":"https:\/\/www.inovallee.com\/portes-ouvertes-tarmac-m-le-8-juin-de-11h30-a-14h30-un-tour-du-monde-en-15-escales-des-technologies-du-futur\/"},"wordCount":270,"publisher":{"@id":"https:\/\/www.inovallee.com\/#organization"},"image":{"@id":"https:\/\/www.inovallee.com\/portes-ouvertes-tarmac-m-le-8-juin-de-11h30-a-14h30-un-tour-du-monde-en-15-escales-des-technologies-du-futur\/#primaryimage"},"thumbnailUrl":"http:\/\/4.bp.blogspot.com\/-O_aV8XlaUP0\/U7aiDOmrY6I\/AAAAAAAAMZE\/64urU9fMuYA\/s320\/IMG_1567.JPG","articleSection":["La vie du Tarmac","Tarmac incubator"],"inLanguage":"en-GB"},{"@type":"WebPage","@id":"https:\/\/www.inovallee.com\/portes-ouvertes-tarmac-m-le-8-juin-de-11h30-a-14h30-un-tour-du-monde-en-15-escales-des-technologies-du-futur\/","url":"https:\/\/www.inovallee.com\/portes-ouvertes-tarmac-m-le-8-juin-de-11h30-a-14h30-un-tour-du-monde-en-15-escales-des-technologies-du-futur\/","name":"Portes ouvertes Tarmac M le 8 juin de 11h30 \u00e0 14h30 : un tour du monde en 15 escales des technologies du futur ! - inovall\u00e9e","isPartOf":{"@id":"https:\/\/www.inovallee.com\/#website"},"primaryImageOfPage":{"@id":"https:\/\/www.inovallee.com\/portes-ouvertes-tarmac-m-le-8-juin-de-11h30-a-14h30-un-tour-du-monde-en-15-escales-des-technologies-du-futur\/#primaryimage"},"image":{"@id":"https:\/\/www.inovallee.com\/portes-ouvertes-tarmac-m-le-8-juin-de-11h30-a-14h30-un-tour-du-monde-en-15-escales-des-technologies-du-futur\/#primaryimage"},"thumbnailUrl":"http:\/\/4.bp.blogspot.com\/-O_aV8XlaUP0\/U7aiDOmrY6I\/AAAAAAAAMZE\/64urU9fMuYA\/s320\/IMG_1567.JPG","datePublished":"2015-05-12T09:25:00+00:00","breadcrumb":{"@id":"https:\/\/www.inovallee.com\/portes-ouvertes-tarmac-m-le-8-juin-de-11h30-a-14h30-un-tour-du-monde-en-15-escales-des-technologies-du-futur\/#breadcrumb"},"inLanguage":"en-GB","potentialAction":[{"@type":"ReadAction","target":["https:\/\/www.inovallee.com\/portes-ouvertes-tarmac-m-le-8-juin-de-11h30-a-14h30-un-tour-du-monde-en-15-escales-des-technologies-du-futur\/"]}]},{"@type":"ImageObject","inLanguage":"en-GB","@id":"https:\/\/www.inovallee.com\/portes-ouvertes-tarmac-m-le-8-juin-de-11h30-a-14h30-un-tour-du-monde-en-15-escales-des-technologies-du-futur\/#primaryimage","url":"http:\/\/4.bp.blogspot.com\/-O_aV8XlaUP0\/U7aiDOmrY6I\/AAAAAAAAMZE\/64urU9fMuYA\/s320\/IMG_1567.JPG","contentUrl":"http:\/\/4.bp.blogspot.com\/-O_aV8XlaUP0\/U7aiDOmrY6I\/AAAAAAAAMZE\/64urU9fMuYA\/s320\/IMG_1567.JPG"},{"@type":"BreadcrumbList","@id":"https:\/\/www.inovallee.com\/portes-ouvertes-tarmac-m-le-8-juin-de-11h30-a-14h30-un-tour-du-monde-en-15-escales-des-technologies-du-futur\/#breadcrumb","itemListElement":[{"@type":"ListItem","position":1,"name":"Accueil","item":"https:\/\/www.inovallee.com\/"},{"@type":"ListItem","position":2,"name":"Portes ouvertes Tarmac M le 8 juin de 11h30 \u00e0 14h30 : un tour du monde en 15 escales des technologies du futur !"}]},{"@type":"WebSite","@id":"https:\/\/www.inovallee.com\/#website","url":"https:\/\/www.inovallee.com\/","name":"inovall\u00e9e technopole, Home to software & smart technologies","description":"Home to software &amp; smart technologies","publisher":{"@id":"https:\/\/www.inovallee.com\/#organization"},"potentialAction":[{"@type":"SearchAction","target":{"@type":"EntryPoint","urlTemplate":"https:\/\/www.inovallee.com\/?s={search_term_string}"},"query-input":{"@type":"PropertyValueSpecification","valueRequired":true,"valueName":"search_term_string"}}],"inLanguage":"en-GB"},{"@type":"Organization","@id":"https:\/\/www.inovallee.com\/#organization","name":"inovall\u00e9e","url":"https:\/\/www.inovallee.com\/","logo":{"@type":"ImageObject","inLanguage":"en-GB","@id":"https:\/\/www.inovallee.com\/#\/schema\/logo\/image\/","url":"https:\/\/www.inovallee.com\/wp-content\/uploads\/2023\/08\/inovallee_2022_GrenobleAlpes.png","contentUrl":"https:\/\/www.inovallee.com\/wp-content\/uploads\/2023\/08\/inovallee_2022_GrenobleAlpes.png","width":945,"height":369,"caption":"inovall\u00e9e"},"image":{"@id":"https:\/\/www.inovallee.com\/#\/schema\/logo\/image\/"},"sameAs":["https:\/\/www.facebook.com\/technopoleinovallee\/","https:\/\/x.com\/inovallee","https:\/\/www.linkedin.com\/company\/inovall-e\/","https:\/\/www.youtube.com\/user\/inovallee?reload=9"]},{"@type":"Person","@id":"https:\/\/www.inovallee.com\/#\/schema\/person\/a45b15518aad3111b2d61d257a3e023b","name":"Inovallee"}]}},"_links":{"self":[{"href":"https:\/\/www.inovallee.com\/en\/wp-json\/wp\/v2\/posts\/1419","targetHints":{"allow":["GET"]}}],"collection":[{"href":"https:\/\/www.inovallee.com\/en\/wp-json\/wp\/v2\/posts"}],"about":[{"href":"https:\/\/www.inovallee.com\/en\/wp-json\/wp\/v2\/types\/post"}],"author":[{"embeddable":true,"href":"https:\/\/www.inovallee.com\/en\/wp-json\/wp\/v2\/users\/6"}],"replies":[{"embeddable":true,"href":"https:\/\/www.inovallee.com\/en\/wp-json\/wp\/v2\/comments?post=1419"}],"version-history":[{"count":0,"href":"https:\/\/www.inovallee.com\/en\/wp-json\/wp\/v2\/posts\/1419\/revisions"}],"wp:attachment":[{"href":"https:\/\/www.inovallee.com\/en\/wp-json\/wp\/v2\/media?parent=1419"}],"wp:term":[{"taxonomy":"category","embeddable":true,"href":"https:\/\/www.inovallee.com\/en\/wp-json\/wp\/v2\/categories?post=1419"},{"taxonomy":"post_tag","embeddable":true,"href":"https:\/\/www.inovallee.com\/en\/wp-json\/wp\/v2\/tags?post=1419"}],"curies":[{"name":"wp","href":"https:\/\/api.w.org\/{rel}","templated":true}]}}