{"id":1421,"date":"2015-05-12T10:03:00","date_gmt":"2015-05-12T09:03:00","guid":{"rendered":"https:\/\/www.inovallee.com\/inauguration-de-tarmac-g-la-seconde-piste-daccelaration-dinovallee-vendredi-5-juin\/"},"modified":"2015-05-12T10:03:00","modified_gmt":"2015-05-12T09:03:00","slug":"inauguration-de-tarmac-g-la-seconde-piste-daccelaration-dinovallee-vendredi-5-juin","status":"publish","type":"post","link":"https:\/\/www.inovallee.com\/en\/inauguration-de-tarmac-g-la-seconde-piste-daccelaration-dinovallee-vendredi-5-juin\/","title":{"rendered":"Inauguration de Tarmac G, la seconde piste d&#039;acc\u00e9laration d&#039;inovall\u00e9e : vendredi 5 juin"},"content":{"rendered":"<div dir=\"ltr\" style=\"text-align: left;\">\n<div style=\"clear: both; text-align: center;\"><a href=\"http:\/\/2.bp.blogspot.com\/-sgtyxp0rrhU\/VVHAReHVq2I\/AAAAAAAAQk8\/_I3NLyS4zg0\/s1600\/DSC01158.JPG\" style=\"clear: left; float: left; margin-bottom: 1em; margin-right: 1em;\"><img fetchpriority=\"high\" decoding=\"async\" border=\"0\" height=\"213\" src=\"http:\/\/2.bp.blogspot.com\/-sgtyxp0rrhU\/VVHAReHVq2I\/AAAAAAAAQk8\/_I3NLyS4zg0\/s320\/DSC01158.JPG\" width=\"320\" \/><\/a><\/div>\n<p><span style=\"font-family: Verdana,sans-serif;\">Le 5 juin prochain sera inaugur\u00e9 \u00ab\u00a0L&rsquo;atelier num\u00e9rique\u00a0\u00bb, nouvel outil de d\u00e9veloppement \u00e9conomique du Gr\u00e9sivaudan sur inovall\u00e9e Montbonnot : 1800 m\u00b2 de b\u00e2timent enti\u00e8rement consacr\u00e9s au num\u00e9rique, qui regroupent l&rsquo;Equipex Amiqual4Home, 14 bureaux de p\u00e9pini\u00e8re baptis\u00e9e Tarmac G (anim\u00e9e par inovall\u00e9e au m\u00eame titre que son ain\u00e9e devenue Tarmac M), et 14 bureaux d&rsquo;h\u00f4tel d&rsquo;entreprise.<\/span><br \/><span style=\"font-family: Verdana,sans-serif;\"><br \/><\/span><span style=\"font-family: Verdana,sans-serif;\">Au programme :&nbsp;<\/span><\/p>\n<ul style=\"text-align: left;\">\n<li><span style=\"font-family: Verdana,sans-serif;\">11h30 &#8211; 12h30    &#8211; C\u00e9r\u00e9monie d&rsquo;inauguration : discours de Genevi\u00e8ve Fioraso, Fran\u00e7ois Brottes, Pierre B\u00e9guery, Christophe Mathevet et Jean-Pierre Verjus, en pr\u00e9sence des \u00e9lus de la communaut\u00e9 de communes du Gr\u00e9sivaudan.&nbsp;<\/span><\/li>\n<li><span style=\"font-family: Verdana,sans-serif;\">12h30 &#8211; 14h00 &#8211;&nbsp;   Buffet, visite des locaux, d\u00e9couverte de l&rsquo;offre p\u00e9pini\u00e8re et d\u00e9monstrations de certaines start-up.<\/span><\/li>\n<li><span style=\"font-family: Verdana,sans-serif;\">14h00 &#8211; 14h30 &#8211;    C\u00e9r\u00e9monie d&rsquo;inauguration de l&rsquo;EquipEx Amiqual4Home. <\/span><\/li>\n<li><span style=\"font-family: Verdana,sans-serif;\">14h30 &#8211; 17h00 &#8211;&nbsp;   Visites de l&rsquo;EquipEx, stands de start-up et d\u00e9monstrations. <\/span><\/li>\n<\/ul>\n<p><span style=\"font-family: Verdana,sans-serif;\"><a href=\"http:\/\/www.inria.fr\/centre\/grenoble\/recherche\/inauguration-atelier-numerique\" target=\"_blank\" rel=\"noopener noreferrer\">S&rsquo;inscrire <\/a><\/span><\/p>\n<p><\/div>","protected":false},"excerpt":{"rendered":"<p>Le 5 juin prochain sera inaugur\u00e9 \u00ab\u00a0L&rsquo;atelier num\u00e9rique\u00a0\u00bb, nouvel outil de d\u00e9veloppement \u00e9conomique du Gr\u00e9sivaudan sur inovall\u00e9e Montbonnot : 1800 m\u00b2 de b\u00e2timent enti\u00e8rement consacr\u00e9s au num\u00e9rique, qui regroupent l&rsquo;Equipex Amiqual4Home, 14 bureaux de p\u00e9pini\u00e8re baptis\u00e9e Tarmac G (anim\u00e9e par inovall\u00e9e au m\u00eame titre que son ain\u00e9e devenue Tarmac M), et 14 bureaux d&rsquo;h\u00f4tel d&rsquo;entreprise.Au [&hellip;]<\/p>\n","protected":false},"author":6,"featured_media":0,"comment_status":"closed","ping_status":"open","sticky":false,"template":"","format":"standard","meta":{"footnotes":""},"categories":[46,44,29],"tags":[],"class_list":["post-1421","post","type-post","status-publish","format-standard","hentry","category-vie-du-tarmac","category-tarmac-incubator","category-evenements"],"yoast_head":"<!-- This site is optimized with the Yoast SEO plugin v27.4 - https:\/\/yoast.com\/product\/yoast-seo-wordpress\/ -->\n<title>Inauguration de Tarmac G, la seconde piste d&#039;acc\u00e9laration d&#039;inovall\u00e9e : vendredi 5 juin - inovall\u00e9e<\/title>\n<meta name=\"robots\" content=\"index, follow, max-snippet:-1, max-image-preview:large, max-video-preview:-1\" \/>\n<link rel=\"canonical\" href=\"https:\/\/www.inovallee.com\/en\/inauguration-de-tarmac-g-la-seconde-piste-daccelaration-dinovallee-vendredi-5-juin\/\" \/>\n<meta property=\"og:locale\" content=\"en_GB\" \/>\n<meta property=\"og:type\" content=\"article\" \/>\n<meta property=\"og:title\" content=\"Inauguration de Tarmac G, la seconde piste d&#039;acc\u00e9laration d&#039;inovall\u00e9e : vendredi 5 juin - inovall\u00e9e\" \/>\n<meta property=\"og:description\" content=\"Le 5 juin prochain sera inaugur\u00e9 \u00ab\u00a0L&rsquo;atelier num\u00e9rique\u00a0\u00bb, nouvel outil de d\u00e9veloppement \u00e9conomique du Gr\u00e9sivaudan sur inovall\u00e9e Montbonnot : 1800 m\u00b2 de b\u00e2timent enti\u00e8rement consacr\u00e9s au num\u00e9rique, qui regroupent l&rsquo;Equipex Amiqual4Home, 14 bureaux de p\u00e9pini\u00e8re baptis\u00e9e Tarmac G (anim\u00e9e par inovall\u00e9e au m\u00eame titre que son ain\u00e9e devenue Tarmac M), et 14 bureaux d&rsquo;h\u00f4tel d&rsquo;entreprise.Au [&hellip;]\" \/>\n<meta property=\"og:url\" content=\"https:\/\/www.inovallee.com\/en\/inauguration-de-tarmac-g-la-seconde-piste-daccelaration-dinovallee-vendredi-5-juin\/\" \/>\n<meta property=\"og:site_name\" content=\"inovall\u00e9e\" \/>\n<meta property=\"article:publisher\" content=\"https:\/\/www.facebook.com\/technopoleinovallee\/\" \/>\n<meta property=\"article:published_time\" content=\"2015-05-12T09:03:00+00:00\" \/>\n<meta property=\"og:image\" content=\"http:\/\/2.bp.blogspot.com\/-sgtyxp0rrhU\/VVHAReHVq2I\/AAAAAAAAQk8\/_I3NLyS4zg0\/s320\/DSC01158.JPG\" \/>\n<meta name=\"author\" content=\"Inovallee\" \/>\n<meta name=\"twitter:card\" content=\"summary_large_image\" \/>\n<meta name=\"twitter:creator\" content=\"@inovallee\" \/>\n<meta name=\"twitter:site\" content=\"@inovallee\" \/>\n<meta name=\"twitter:label1\" content=\"Written by\" \/>\n\t<meta name=\"twitter:data1\" content=\"Inovallee\" \/>\n\t<meta name=\"twitter:label2\" content=\"Estimated reading time\" \/>\n\t<meta name=\"twitter:data2\" content=\"1 minute\" \/>\n<script type=\"application\/ld+json\" class=\"yoast-schema-graph\">{\"@context\":\"https:\\\/\\\/schema.org\",\"@graph\":[{\"@type\":\"Article\",\"@id\":\"https:\\\/\\\/www.inovallee.com\\\/inauguration-de-tarmac-g-la-seconde-piste-daccelaration-dinovallee-vendredi-5-juin\\\/#article\",\"isPartOf\":{\"@id\":\"https:\\\/\\\/www.inovallee.com\\\/inauguration-de-tarmac-g-la-seconde-piste-daccelaration-dinovallee-vendredi-5-juin\\\/\"},\"author\":{\"name\":\"Inovallee\",\"@id\":\"https:\\\/\\\/www.inovallee.com\\\/#\\\/schema\\\/person\\\/a45b15518aad3111b2d61d257a3e023b\"},\"headline\":\"Inauguration de Tarmac G, la seconde piste d&#039;acc\u00e9laration d&#039;inovall\u00e9e : vendredi 5 juin\",\"datePublished\":\"2015-05-12T09:03:00+00:00\",\"mainEntityOfPage\":{\"@id\":\"https:\\\/\\\/www.inovallee.com\\\/inauguration-de-tarmac-g-la-seconde-piste-daccelaration-dinovallee-vendredi-5-juin\\\/\"},\"wordCount\":182,\"publisher\":{\"@id\":\"https:\\\/\\\/www.inovallee.com\\\/#organization\"},\"image\":{\"@id\":\"https:\\\/\\\/www.inovallee.com\\\/inauguration-de-tarmac-g-la-seconde-piste-daccelaration-dinovallee-vendredi-5-juin\\\/#primaryimage\"},\"thumbnailUrl\":\"http:\\\/\\\/2.bp.blogspot.com\\\/-sgtyxp0rrhU\\\/VVHAReHVq2I\\\/AAAAAAAAQk8\\\/_I3NLyS4zg0\\\/s320\\\/DSC01158.JPG\",\"articleSection\":[\"La vie du Tarmac\",\"Tarmac incubator\",\"Technopole inovall\u00e9e\"],\"inLanguage\":\"en-GB\"},{\"@type\":\"WebPage\",\"@id\":\"https:\\\/\\\/www.inovallee.com\\\/inauguration-de-tarmac-g-la-seconde-piste-daccelaration-dinovallee-vendredi-5-juin\\\/\",\"url\":\"https:\\\/\\\/www.inovallee.com\\\/inauguration-de-tarmac-g-la-seconde-piste-daccelaration-dinovallee-vendredi-5-juin\\\/\",\"name\":\"Inauguration de Tarmac G, la seconde piste d&#039;acc\u00e9laration d&#039;inovall\u00e9e : vendredi 5 juin - inovall\u00e9e\",\"isPartOf\":{\"@id\":\"https:\\\/\\\/www.inovallee.com\\\/#website\"},\"primaryImageOfPage\":{\"@id\":\"https:\\\/\\\/www.inovallee.com\\\/inauguration-de-tarmac-g-la-seconde-piste-daccelaration-dinovallee-vendredi-5-juin\\\/#primaryimage\"},\"image\":{\"@id\":\"https:\\\/\\\/www.inovallee.com\\\/inauguration-de-tarmac-g-la-seconde-piste-daccelaration-dinovallee-vendredi-5-juin\\\/#primaryimage\"},\"thumbnailUrl\":\"http:\\\/\\\/2.bp.blogspot.com\\\/-sgtyxp0rrhU\\\/VVHAReHVq2I\\\/AAAAAAAAQk8\\\/_I3NLyS4zg0\\\/s320\\\/DSC01158.JPG\",\"datePublished\":\"2015-05-12T09:03:00+00:00\",\"breadcrumb\":{\"@id\":\"https:\\\/\\\/www.inovallee.com\\\/inauguration-de-tarmac-g-la-seconde-piste-daccelaration-dinovallee-vendredi-5-juin\\\/#breadcrumb\"},\"inLanguage\":\"en-GB\",\"potentialAction\":[{\"@type\":\"ReadAction\",\"target\":[\"https:\\\/\\\/www.inovallee.com\\\/inauguration-de-tarmac-g-la-seconde-piste-daccelaration-dinovallee-vendredi-5-juin\\\/\"]}]},{\"@type\":\"ImageObject\",\"inLanguage\":\"en-GB\",\"@id\":\"https:\\\/\\\/www.inovallee.com\\\/inauguration-de-tarmac-g-la-seconde-piste-daccelaration-dinovallee-vendredi-5-juin\\\/#primaryimage\",\"url\":\"http:\\\/\\\/2.bp.blogspot.com\\\/-sgtyxp0rrhU\\\/VVHAReHVq2I\\\/AAAAAAAAQk8\\\/_I3NLyS4zg0\\\/s320\\\/DSC01158.JPG\",\"contentUrl\":\"http:\\\/\\\/2.bp.blogspot.com\\\/-sgtyxp0rrhU\\\/VVHAReHVq2I\\\/AAAAAAAAQk8\\\/_I3NLyS4zg0\\\/s320\\\/DSC01158.JPG\"},{\"@type\":\"BreadcrumbList\",\"@id\":\"https:\\\/\\\/www.inovallee.com\\\/inauguration-de-tarmac-g-la-seconde-piste-daccelaration-dinovallee-vendredi-5-juin\\\/#breadcrumb\",\"itemListElement\":[{\"@type\":\"ListItem\",\"position\":1,\"name\":\"Accueil\",\"item\":\"https:\\\/\\\/www.inovallee.com\\\/\"},{\"@type\":\"ListItem\",\"position\":2,\"name\":\"Inauguration de Tarmac G, la seconde piste d&#039;acc\u00e9laration d&#039;inovall\u00e9e : vendredi 5 juin\"}]},{\"@type\":\"WebSite\",\"@id\":\"https:\\\/\\\/www.inovallee.com\\\/#website\",\"url\":\"https:\\\/\\\/www.inovallee.com\\\/\",\"name\":\"inovall\u00e9e technopole, Home to software & smart technologies\",\"description\":\"Home to software &amp; smart technologies\",\"publisher\":{\"@id\":\"https:\\\/\\\/www.inovallee.com\\\/#organization\"},\"potentialAction\":[{\"@type\":\"SearchAction\",\"target\":{\"@type\":\"EntryPoint\",\"urlTemplate\":\"https:\\\/\\\/www.inovallee.com\\\/?s={search_term_string}\"},\"query-input\":{\"@type\":\"PropertyValueSpecification\",\"valueRequired\":true,\"valueName\":\"search_term_string\"}}],\"inLanguage\":\"en-GB\"},{\"@type\":\"Organization\",\"@id\":\"https:\\\/\\\/www.inovallee.com\\\/#organization\",\"name\":\"inovall\u00e9e\",\"url\":\"https:\\\/\\\/www.inovallee.com\\\/\",\"logo\":{\"@type\":\"ImageObject\",\"inLanguage\":\"en-GB\",\"@id\":\"https:\\\/\\\/www.inovallee.com\\\/#\\\/schema\\\/logo\\\/image\\\/\",\"url\":\"https:\\\/\\\/www.inovallee.com\\\/wp-content\\\/uploads\\\/2023\\\/08\\\/inovallee_2022_GrenobleAlpes.png\",\"contentUrl\":\"https:\\\/\\\/www.inovallee.com\\\/wp-content\\\/uploads\\\/2023\\\/08\\\/inovallee_2022_GrenobleAlpes.png\",\"width\":945,\"height\":369,\"caption\":\"inovall\u00e9e\"},\"image\":{\"@id\":\"https:\\\/\\\/www.inovallee.com\\\/#\\\/schema\\\/logo\\\/image\\\/\"},\"sameAs\":[\"https:\\\/\\\/www.facebook.com\\\/technopoleinovallee\\\/\",\"https:\\\/\\\/x.com\\\/inovallee\",\"https:\\\/\\\/www.linkedin.com\\\/company\\\/inovall-e\\\/\",\"https:\\\/\\\/www.youtube.com\\\/user\\\/inovallee?reload=9\"]},{\"@type\":\"Person\",\"@id\":\"https:\\\/\\\/www.inovallee.com\\\/#\\\/schema\\\/person\\\/a45b15518aad3111b2d61d257a3e023b\",\"name\":\"Inovallee\"}]}<\/script>\n<!-- \/ Yoast SEO plugin. -->","yoast_head_json":{"title":"Inauguration de Tarmac G, la seconde piste d&#039;acc\u00e9laration d&#039;inovall\u00e9e : vendredi 5 juin - inovall\u00e9e","robots":{"index":"index","follow":"follow","max-snippet":"max-snippet:-1","max-image-preview":"max-image-preview:large","max-video-preview":"max-video-preview:-1"},"canonical":"https:\/\/www.inovallee.com\/en\/inauguration-de-tarmac-g-la-seconde-piste-daccelaration-dinovallee-vendredi-5-juin\/","og_locale":"en_GB","og_type":"article","og_title":"Inauguration de Tarmac G, la seconde piste d&#039;acc\u00e9laration d&#039;inovall\u00e9e : vendredi 5 juin - inovall\u00e9e","og_description":"Le 5 juin prochain sera inaugur\u00e9 \u00ab\u00a0L&rsquo;atelier num\u00e9rique\u00a0\u00bb, nouvel outil de d\u00e9veloppement \u00e9conomique du Gr\u00e9sivaudan sur inovall\u00e9e Montbonnot : 1800 m\u00b2 de b\u00e2timent enti\u00e8rement consacr\u00e9s au num\u00e9rique, qui regroupent l&rsquo;Equipex Amiqual4Home, 14 bureaux de p\u00e9pini\u00e8re baptis\u00e9e Tarmac G (anim\u00e9e par inovall\u00e9e au m\u00eame titre que son ain\u00e9e devenue Tarmac M), et 14 bureaux d&rsquo;h\u00f4tel d&rsquo;entreprise.Au [&hellip;]","og_url":"https:\/\/www.inovallee.com\/en\/inauguration-de-tarmac-g-la-seconde-piste-daccelaration-dinovallee-vendredi-5-juin\/","og_site_name":"inovall\u00e9e","article_publisher":"https:\/\/www.facebook.com\/technopoleinovallee\/","article_published_time":"2015-05-12T09:03:00+00:00","og_image":[{"url":"http:\/\/2.bp.blogspot.com\/-sgtyxp0rrhU\/VVHAReHVq2I\/AAAAAAAAQk8\/_I3NLyS4zg0\/s320\/DSC01158.JPG","type":"","width":"","height":""}],"author":"Inovallee","twitter_card":"summary_large_image","twitter_creator":"@inovallee","twitter_site":"@inovallee","twitter_misc":{"Written by":"Inovallee","Estimated reading time":"1 minute"},"schema":{"@context":"https:\/\/schema.org","@graph":[{"@type":"Article","@id":"https:\/\/www.inovallee.com\/inauguration-de-tarmac-g-la-seconde-piste-daccelaration-dinovallee-vendredi-5-juin\/#article","isPartOf":{"@id":"https:\/\/www.inovallee.com\/inauguration-de-tarmac-g-la-seconde-piste-daccelaration-dinovallee-vendredi-5-juin\/"},"author":{"name":"Inovallee","@id":"https:\/\/www.inovallee.com\/#\/schema\/person\/a45b15518aad3111b2d61d257a3e023b"},"headline":"Inauguration de Tarmac G, la seconde piste d&#039;acc\u00e9laration d&#039;inovall\u00e9e : vendredi 5 juin","datePublished":"2015-05-12T09:03:00+00:00","mainEntityOfPage":{"@id":"https:\/\/www.inovallee.com\/inauguration-de-tarmac-g-la-seconde-piste-daccelaration-dinovallee-vendredi-5-juin\/"},"wordCount":182,"publisher":{"@id":"https:\/\/www.inovallee.com\/#organization"},"image":{"@id":"https:\/\/www.inovallee.com\/inauguration-de-tarmac-g-la-seconde-piste-daccelaration-dinovallee-vendredi-5-juin\/#primaryimage"},"thumbnailUrl":"http:\/\/2.bp.blogspot.com\/-sgtyxp0rrhU\/VVHAReHVq2I\/AAAAAAAAQk8\/_I3NLyS4zg0\/s320\/DSC01158.JPG","articleSection":["La vie du Tarmac","Tarmac incubator","Technopole inovall\u00e9e"],"inLanguage":"en-GB"},{"@type":"WebPage","@id":"https:\/\/www.inovallee.com\/inauguration-de-tarmac-g-la-seconde-piste-daccelaration-dinovallee-vendredi-5-juin\/","url":"https:\/\/www.inovallee.com\/inauguration-de-tarmac-g-la-seconde-piste-daccelaration-dinovallee-vendredi-5-juin\/","name":"Inauguration de Tarmac G, la seconde piste d&#039;acc\u00e9laration d&#039;inovall\u00e9e : vendredi 5 juin - inovall\u00e9e","isPartOf":{"@id":"https:\/\/www.inovallee.com\/#website"},"primaryImageOfPage":{"@id":"https:\/\/www.inovallee.com\/inauguration-de-tarmac-g-la-seconde-piste-daccelaration-dinovallee-vendredi-5-juin\/#primaryimage"},"image":{"@id":"https:\/\/www.inovallee.com\/inauguration-de-tarmac-g-la-seconde-piste-daccelaration-dinovallee-vendredi-5-juin\/#primaryimage"},"thumbnailUrl":"http:\/\/2.bp.blogspot.com\/-sgtyxp0rrhU\/VVHAReHVq2I\/AAAAAAAAQk8\/_I3NLyS4zg0\/s320\/DSC01158.JPG","datePublished":"2015-05-12T09:03:00+00:00","breadcrumb":{"@id":"https:\/\/www.inovallee.com\/inauguration-de-tarmac-g-la-seconde-piste-daccelaration-dinovallee-vendredi-5-juin\/#breadcrumb"},"inLanguage":"en-GB","potentialAction":[{"@type":"ReadAction","target":["https:\/\/www.inovallee.com\/inauguration-de-tarmac-g-la-seconde-piste-daccelaration-dinovallee-vendredi-5-juin\/"]}]},{"@type":"ImageObject","inLanguage":"en-GB","@id":"https:\/\/www.inovallee.com\/inauguration-de-tarmac-g-la-seconde-piste-daccelaration-dinovallee-vendredi-5-juin\/#primaryimage","url":"http:\/\/2.bp.blogspot.com\/-sgtyxp0rrhU\/VVHAReHVq2I\/AAAAAAAAQk8\/_I3NLyS4zg0\/s320\/DSC01158.JPG","contentUrl":"http:\/\/2.bp.blogspot.com\/-sgtyxp0rrhU\/VVHAReHVq2I\/AAAAAAAAQk8\/_I3NLyS4zg0\/s320\/DSC01158.JPG"},{"@type":"BreadcrumbList","@id":"https:\/\/www.inovallee.com\/inauguration-de-tarmac-g-la-seconde-piste-daccelaration-dinovallee-vendredi-5-juin\/#breadcrumb","itemListElement":[{"@type":"ListItem","position":1,"name":"Accueil","item":"https:\/\/www.inovallee.com\/"},{"@type":"ListItem","position":2,"name":"Inauguration de Tarmac G, la seconde piste d&#039;acc\u00e9laration d&#039;inovall\u00e9e : vendredi 5 juin"}]},{"@type":"WebSite","@id":"https:\/\/www.inovallee.com\/#website","url":"https:\/\/www.inovallee.com\/","name":"inovall\u00e9e technopole, Home to software & smart technologies","description":"Home to software &amp; smart technologies","publisher":{"@id":"https:\/\/www.inovallee.com\/#organization"},"potentialAction":[{"@type":"SearchAction","target":{"@type":"EntryPoint","urlTemplate":"https:\/\/www.inovallee.com\/?s={search_term_string}"},"query-input":{"@type":"PropertyValueSpecification","valueRequired":true,"valueName":"search_term_string"}}],"inLanguage":"en-GB"},{"@type":"Organization","@id":"https:\/\/www.inovallee.com\/#organization","name":"inovall\u00e9e","url":"https:\/\/www.inovallee.com\/","logo":{"@type":"ImageObject","inLanguage":"en-GB","@id":"https:\/\/www.inovallee.com\/#\/schema\/logo\/image\/","url":"https:\/\/www.inovallee.com\/wp-content\/uploads\/2023\/08\/inovallee_2022_GrenobleAlpes.png","contentUrl":"https:\/\/www.inovallee.com\/wp-content\/uploads\/2023\/08\/inovallee_2022_GrenobleAlpes.png","width":945,"height":369,"caption":"inovall\u00e9e"},"image":{"@id":"https:\/\/www.inovallee.com\/#\/schema\/logo\/image\/"},"sameAs":["https:\/\/www.facebook.com\/technopoleinovallee\/","https:\/\/x.com\/inovallee","https:\/\/www.linkedin.com\/company\/inovall-e\/","https:\/\/www.youtube.com\/user\/inovallee?reload=9"]},{"@type":"Person","@id":"https:\/\/www.inovallee.com\/#\/schema\/person\/a45b15518aad3111b2d61d257a3e023b","name":"Inovallee"}]}},"_links":{"self":[{"href":"https:\/\/www.inovallee.com\/en\/wp-json\/wp\/v2\/posts\/1421","targetHints":{"allow":["GET"]}}],"collection":[{"href":"https:\/\/www.inovallee.com\/en\/wp-json\/wp\/v2\/posts"}],"about":[{"href":"https:\/\/www.inovallee.com\/en\/wp-json\/wp\/v2\/types\/post"}],"author":[{"embeddable":true,"href":"https:\/\/www.inovallee.com\/en\/wp-json\/wp\/v2\/users\/6"}],"replies":[{"embeddable":true,"href":"https:\/\/www.inovallee.com\/en\/wp-json\/wp\/v2\/comments?post=1421"}],"version-history":[{"count":0,"href":"https:\/\/www.inovallee.com\/en\/wp-json\/wp\/v2\/posts\/1421\/revisions"}],"wp:attachment":[{"href":"https:\/\/www.inovallee.com\/en\/wp-json\/wp\/v2\/media?parent=1421"}],"wp:term":[{"taxonomy":"category","embeddable":true,"href":"https:\/\/www.inovallee.com\/en\/wp-json\/wp\/v2\/categories?post=1421"},{"taxonomy":"post_tag","embeddable":true,"href":"https:\/\/www.inovallee.com\/en\/wp-json\/wp\/v2\/tags?post=1421"}],"curies":[{"name":"wp","href":"https:\/\/api.w.org\/{rel}","templated":true}]}}