{"id":1426,"date":"2015-04-27T16:04:00","date_gmt":"2015-04-27T15:04:00","guid":{"rendered":"https:\/\/www.inovallee.com\/le-tarmac-recoit-sara-rauchwerger-fondatrice-de-laccelerateur-americain-techlab-innovation-center\/"},"modified":"2015-04-27T16:04:00","modified_gmt":"2015-04-27T15:04:00","slug":"le-tarmac-recoit-sara-rauchwerger-fondatrice-de-laccelerateur-americain-techlab-innovation-center","status":"publish","type":"post","link":"https:\/\/www.inovallee.com\/en\/le-tarmac-recoit-sara-rauchwerger-fondatrice-de-laccelerateur-americain-techlab-innovation-center\/","title":{"rendered":"Le Tarmac re\u00e7oit Sara Rauchwerger, fondatrice de l&#039;acc\u00e9l\u00e9rateur am\u00e9ricain Techlab Innovation Center"},"content":{"rendered":"<div dir=\"ltr\" style=\"text-align: left;\">\n<div style=\"clear: both; text-align: center;\"><a href=\"http:\/\/2.bp.blogspot.com\/-RACRP5Eb_Bk\/VT5OTGtsj2I\/AAAAAAAAQaU\/mijit2v1zO0\/s1600\/IMG_7434.JPG\" style=\"clear: left; float: left; margin-bottom: 1em; margin-right: 1em;\"><img fetchpriority=\"high\" decoding=\"async\" border=\"0\" src=\"http:\/\/2.bp.blogspot.com\/-RACRP5Eb_Bk\/VT5OTGtsj2I\/AAAAAAAAQaU\/mijit2v1zO0\/s1600\/IMG_7434.JPG\" height=\"213\" width=\"320\" \/><\/a><\/div>\n<p><span style=\"font-family: Verdana,sans-serif;\">Le 24 avril dernier, la p\u00e9pini\u00e8re Tarmac avait la chance d&rsquo;accueillir Sara Rauchwerger, une business woman am\u00e9ricaine, fondatrice et directrice de la CCICE de Californie (Chambre de Commerce International et Regroupement d\u2019Entrepreneurs).  Cette structure organise des \u00e9v\u00e9nements cl\u00e9s pour les entrepreneurs et les start up, et leur donne acc\u00e8s \u00e0 des ressources essentielles.&nbsp;<\/span><\/p>\n<div style=\"clear: both; text-align: center;\"><a href=\"http:\/\/3.bp.blogspot.com\/-h7Yyn_R8uk4\/VT5Or9AufPI\/AAAAAAAAQac\/zsB-8Mf-bws\/s1600\/IMG_7422.JPG\" style=\"clear: right; float: right; margin-bottom: 1em; margin-left: 1em;\"><img decoding=\"async\" border=\"0\" src=\"http:\/\/3.bp.blogspot.com\/-h7Yyn_R8uk4\/VT5Or9AufPI\/AAAAAAAAQac\/zsB-8Mf-bws\/s1600\/IMG_7422.JPG\" height=\"213\" width=\"320\" \/><\/a><\/div>\n<p><span style=\"font-family: Verdana,sans-serif;\">Sara est aussi fondatrice et co-g\u00e9rante de Tech Lab, un centre d\u2019innovation et acc\u00e9l\u00e9rateur d\u2019entreprises technologiques. Avec plus de 20 ann\u00e9es d\u2019exp\u00e9rience professionnelle en Business Development dans des domaines vari\u00e9es (t\u00e9l\u00e9communication, a\u00e9rospatial, technologies de l\u2019information), elle est venu rapidement \u00e9changer avec les start-upers du Tarmac sur les perspectives de la Silicon Valley, et pr\u00e9senter le <a href=\"http:\/\/techlabcenter.com\/index\/about\/\" target=\"_blank\" rel=\"noopener noreferrer\">Tech Lab Innovation Center<\/a>. Un moment d&rsquo;\u00e9changes et de rencontres int\u00e9ressant autour des grandes cl\u00e9s du succ\u00e8s comme les partenariats technologiques,&nbsp; le time to market ou le financement. Mais aussi l&rsquo;occasion de partager avec&nbsp; autour de la question de l\u2019identit\u00e9 visuelle des start-up avec ?, graphiste ind\u00e9pendante qui travaille avec les cr\u00e9ateurs.&nbsp;<\/span><\/p>\n<div style=\"clear: both; text-align: center;\"><a href=\"http:\/\/2.bp.blogspot.com\/-umTH3uWwP4Q\/VT5PYhmEwTI\/AAAAAAAAQak\/r675BaqP1eU\/s1600\/IMG_7438.JPG\" style=\"clear: left; float: left; margin-bottom: 1em; margin-right: 1em;\"><img decoding=\"async\" border=\"0\" src=\"http:\/\/2.bp.blogspot.com\/-umTH3uWwP4Q\/VT5PYhmEwTI\/AAAAAAAAQak\/r675BaqP1eU\/s1600\/IMG_7438.JPG\" height=\"213\" width=\"320\" \/><\/a><\/div>\n<p><span style=\"font-family: Verdana,sans-serif;\">L&rsquo;opportunit\u00e9 aussi et surtout de faire d\u00e9couvrir les p\u00e9pites de notre territoire et de nouer un premier contact constructif avec Sara Rauchwerger pour leur ouvrir les portes du march\u00e9 am\u00e9ricain.<\/span><\/div>","protected":false},"excerpt":{"rendered":"<p>Le 24 avril dernier, la p\u00e9pini\u00e8re Tarmac avait la chance d&rsquo;accueillir Sara Rauchwerger, une business woman am\u00e9ricaine, fondatrice et directrice de la CCICE de Californie (Chambre de Commerce International et Regroupement d\u2019Entrepreneurs). Cette structure organise des \u00e9v\u00e9nements cl\u00e9s pour les entrepreneurs et les start up, et leur donne acc\u00e8s \u00e0 des ressources essentielles.&nbsp; Sara est [&hellip;]<\/p>\n","protected":false},"author":6,"featured_media":0,"comment_status":"closed","ping_status":"open","sticky":false,"template":"","format":"standard","meta":{"footnotes":""},"categories":[46,44],"tags":[],"class_list":["post-1426","post","type-post","status-publish","format-standard","hentry","category-vie-du-tarmac","category-tarmac-incubator"],"yoast_head":"<!-- This site is optimized with the Yoast SEO plugin v27.4 - https:\/\/yoast.com\/product\/yoast-seo-wordpress\/ -->\n<title>Le Tarmac re\u00e7oit Sara Rauchwerger, fondatrice de l&#039;acc\u00e9l\u00e9rateur am\u00e9ricain Techlab Innovation Center - inovall\u00e9e<\/title>\n<meta name=\"robots\" content=\"index, follow, max-snippet:-1, max-image-preview:large, max-video-preview:-1\" \/>\n<link rel=\"canonical\" href=\"https:\/\/www.inovallee.com\/en\/le-tarmac-recoit-sara-rauchwerger-fondatrice-de-laccelerateur-americain-techlab-innovation-center\/\" \/>\n<meta property=\"og:locale\" content=\"en_GB\" \/>\n<meta property=\"og:type\" content=\"article\" \/>\n<meta property=\"og:title\" content=\"Le Tarmac re\u00e7oit Sara Rauchwerger, fondatrice de l&#039;acc\u00e9l\u00e9rateur am\u00e9ricain Techlab Innovation Center - inovall\u00e9e\" \/>\n<meta property=\"og:description\" content=\"Le 24 avril dernier, la p\u00e9pini\u00e8re Tarmac avait la chance d&rsquo;accueillir Sara Rauchwerger, une business woman am\u00e9ricaine, fondatrice et directrice de la CCICE de Californie (Chambre de Commerce International et Regroupement d\u2019Entrepreneurs). Cette structure organise des \u00e9v\u00e9nements cl\u00e9s pour les entrepreneurs et les start up, et leur donne acc\u00e8s \u00e0 des ressources essentielles.&nbsp; Sara est [&hellip;]\" \/>\n<meta property=\"og:url\" content=\"https:\/\/www.inovallee.com\/en\/le-tarmac-recoit-sara-rauchwerger-fondatrice-de-laccelerateur-americain-techlab-innovation-center\/\" \/>\n<meta property=\"og:site_name\" content=\"inovall\u00e9e\" \/>\n<meta property=\"article:publisher\" content=\"https:\/\/www.facebook.com\/technopoleinovallee\/\" \/>\n<meta property=\"article:published_time\" content=\"2015-04-27T15:04:00+00:00\" \/>\n<meta property=\"og:image\" content=\"http:\/\/2.bp.blogspot.com\/-RACRP5Eb_Bk\/VT5OTGtsj2I\/AAAAAAAAQaU\/mijit2v1zO0\/s1600\/IMG_7434.JPG\" \/>\n<meta name=\"author\" content=\"Inovallee\" \/>\n<meta name=\"twitter:card\" content=\"summary_large_image\" \/>\n<meta name=\"twitter:creator\" content=\"@inovallee\" \/>\n<meta name=\"twitter:site\" content=\"@inovallee\" \/>\n<meta name=\"twitter:label1\" content=\"Written by\" \/>\n\t<meta name=\"twitter:data1\" content=\"Inovallee\" \/>\n\t<meta name=\"twitter:label2\" content=\"Estimated reading time\" \/>\n\t<meta name=\"twitter:data2\" content=\"1 minute\" \/>\n<script type=\"application\/ld+json\" class=\"yoast-schema-graph\">{\"@context\":\"https:\\\/\\\/schema.org\",\"@graph\":[{\"@type\":\"Article\",\"@id\":\"https:\\\/\\\/www.inovallee.com\\\/le-tarmac-recoit-sara-rauchwerger-fondatrice-de-laccelerateur-americain-techlab-innovation-center\\\/#article\",\"isPartOf\":{\"@id\":\"https:\\\/\\\/www.inovallee.com\\\/le-tarmac-recoit-sara-rauchwerger-fondatrice-de-laccelerateur-americain-techlab-innovation-center\\\/\"},\"author\":{\"name\":\"Inovallee\",\"@id\":\"https:\\\/\\\/www.inovallee.com\\\/#\\\/schema\\\/person\\\/a45b15518aad3111b2d61d257a3e023b\"},\"headline\":\"Le Tarmac re\u00e7oit Sara Rauchwerger, fondatrice de l&#039;acc\u00e9l\u00e9rateur am\u00e9ricain Techlab Innovation Center\",\"datePublished\":\"2015-04-27T15:04:00+00:00\",\"mainEntityOfPage\":{\"@id\":\"https:\\\/\\\/www.inovallee.com\\\/le-tarmac-recoit-sara-rauchwerger-fondatrice-de-laccelerateur-americain-techlab-innovation-center\\\/\"},\"wordCount\":241,\"publisher\":{\"@id\":\"https:\\\/\\\/www.inovallee.com\\\/#organization\"},\"image\":{\"@id\":\"https:\\\/\\\/www.inovallee.com\\\/le-tarmac-recoit-sara-rauchwerger-fondatrice-de-laccelerateur-americain-techlab-innovation-center\\\/#primaryimage\"},\"thumbnailUrl\":\"http:\\\/\\\/2.bp.blogspot.com\\\/-RACRP5Eb_Bk\\\/VT5OTGtsj2I\\\/AAAAAAAAQaU\\\/mijit2v1zO0\\\/s1600\\\/IMG_7434.JPG\",\"articleSection\":[\"La vie du Tarmac\",\"Tarmac incubator\"],\"inLanguage\":\"en-GB\"},{\"@type\":\"WebPage\",\"@id\":\"https:\\\/\\\/www.inovallee.com\\\/le-tarmac-recoit-sara-rauchwerger-fondatrice-de-laccelerateur-americain-techlab-innovation-center\\\/\",\"url\":\"https:\\\/\\\/www.inovallee.com\\\/le-tarmac-recoit-sara-rauchwerger-fondatrice-de-laccelerateur-americain-techlab-innovation-center\\\/\",\"name\":\"Le Tarmac re\u00e7oit Sara Rauchwerger, fondatrice de l&#039;acc\u00e9l\u00e9rateur am\u00e9ricain Techlab Innovation Center - inovall\u00e9e\",\"isPartOf\":{\"@id\":\"https:\\\/\\\/www.inovallee.com\\\/#website\"},\"primaryImageOfPage\":{\"@id\":\"https:\\\/\\\/www.inovallee.com\\\/le-tarmac-recoit-sara-rauchwerger-fondatrice-de-laccelerateur-americain-techlab-innovation-center\\\/#primaryimage\"},\"image\":{\"@id\":\"https:\\\/\\\/www.inovallee.com\\\/le-tarmac-recoit-sara-rauchwerger-fondatrice-de-laccelerateur-americain-techlab-innovation-center\\\/#primaryimage\"},\"thumbnailUrl\":\"http:\\\/\\\/2.bp.blogspot.com\\\/-RACRP5Eb_Bk\\\/VT5OTGtsj2I\\\/AAAAAAAAQaU\\\/mijit2v1zO0\\\/s1600\\\/IMG_7434.JPG\",\"datePublished\":\"2015-04-27T15:04:00+00:00\",\"breadcrumb\":{\"@id\":\"https:\\\/\\\/www.inovallee.com\\\/le-tarmac-recoit-sara-rauchwerger-fondatrice-de-laccelerateur-americain-techlab-innovation-center\\\/#breadcrumb\"},\"inLanguage\":\"en-GB\",\"potentialAction\":[{\"@type\":\"ReadAction\",\"target\":[\"https:\\\/\\\/www.inovallee.com\\\/le-tarmac-recoit-sara-rauchwerger-fondatrice-de-laccelerateur-americain-techlab-innovation-center\\\/\"]}]},{\"@type\":\"ImageObject\",\"inLanguage\":\"en-GB\",\"@id\":\"https:\\\/\\\/www.inovallee.com\\\/le-tarmac-recoit-sara-rauchwerger-fondatrice-de-laccelerateur-americain-techlab-innovation-center\\\/#primaryimage\",\"url\":\"http:\\\/\\\/2.bp.blogspot.com\\\/-RACRP5Eb_Bk\\\/VT5OTGtsj2I\\\/AAAAAAAAQaU\\\/mijit2v1zO0\\\/s1600\\\/IMG_7434.JPG\",\"contentUrl\":\"http:\\\/\\\/2.bp.blogspot.com\\\/-RACRP5Eb_Bk\\\/VT5OTGtsj2I\\\/AAAAAAAAQaU\\\/mijit2v1zO0\\\/s1600\\\/IMG_7434.JPG\"},{\"@type\":\"BreadcrumbList\",\"@id\":\"https:\\\/\\\/www.inovallee.com\\\/le-tarmac-recoit-sara-rauchwerger-fondatrice-de-laccelerateur-americain-techlab-innovation-center\\\/#breadcrumb\",\"itemListElement\":[{\"@type\":\"ListItem\",\"position\":1,\"name\":\"Accueil\",\"item\":\"https:\\\/\\\/www.inovallee.com\\\/\"},{\"@type\":\"ListItem\",\"position\":2,\"name\":\"Le Tarmac re\u00e7oit Sara Rauchwerger, fondatrice de l&#039;acc\u00e9l\u00e9rateur am\u00e9ricain Techlab Innovation Center\"}]},{\"@type\":\"WebSite\",\"@id\":\"https:\\\/\\\/www.inovallee.com\\\/#website\",\"url\":\"https:\\\/\\\/www.inovallee.com\\\/\",\"name\":\"inovall\u00e9e technopole, Home to software & smart technologies\",\"description\":\"Home to software &amp; smart technologies\",\"publisher\":{\"@id\":\"https:\\\/\\\/www.inovallee.com\\\/#organization\"},\"potentialAction\":[{\"@type\":\"SearchAction\",\"target\":{\"@type\":\"EntryPoint\",\"urlTemplate\":\"https:\\\/\\\/www.inovallee.com\\\/?s={search_term_string}\"},\"query-input\":{\"@type\":\"PropertyValueSpecification\",\"valueRequired\":true,\"valueName\":\"search_term_string\"}}],\"inLanguage\":\"en-GB\"},{\"@type\":\"Organization\",\"@id\":\"https:\\\/\\\/www.inovallee.com\\\/#organization\",\"name\":\"inovall\u00e9e\",\"url\":\"https:\\\/\\\/www.inovallee.com\\\/\",\"logo\":{\"@type\":\"ImageObject\",\"inLanguage\":\"en-GB\",\"@id\":\"https:\\\/\\\/www.inovallee.com\\\/#\\\/schema\\\/logo\\\/image\\\/\",\"url\":\"https:\\\/\\\/www.inovallee.com\\\/wp-content\\\/uploads\\\/2023\\\/08\\\/inovallee_2022_GrenobleAlpes.png\",\"contentUrl\":\"https:\\\/\\\/www.inovallee.com\\\/wp-content\\\/uploads\\\/2023\\\/08\\\/inovallee_2022_GrenobleAlpes.png\",\"width\":945,\"height\":369,\"caption\":\"inovall\u00e9e\"},\"image\":{\"@id\":\"https:\\\/\\\/www.inovallee.com\\\/#\\\/schema\\\/logo\\\/image\\\/\"},\"sameAs\":[\"https:\\\/\\\/www.facebook.com\\\/technopoleinovallee\\\/\",\"https:\\\/\\\/x.com\\\/inovallee\",\"https:\\\/\\\/www.linkedin.com\\\/company\\\/inovall-e\\\/\",\"https:\\\/\\\/www.youtube.com\\\/user\\\/inovallee?reload=9\"]},{\"@type\":\"Person\",\"@id\":\"https:\\\/\\\/www.inovallee.com\\\/#\\\/schema\\\/person\\\/a45b15518aad3111b2d61d257a3e023b\",\"name\":\"Inovallee\"}]}<\/script>\n<!-- \/ Yoast SEO plugin. -->","yoast_head_json":{"title":"Le Tarmac re\u00e7oit Sara Rauchwerger, fondatrice de l&#039;acc\u00e9l\u00e9rateur am\u00e9ricain Techlab Innovation Center - inovall\u00e9e","robots":{"index":"index","follow":"follow","max-snippet":"max-snippet:-1","max-image-preview":"max-image-preview:large","max-video-preview":"max-video-preview:-1"},"canonical":"https:\/\/www.inovallee.com\/en\/le-tarmac-recoit-sara-rauchwerger-fondatrice-de-laccelerateur-americain-techlab-innovation-center\/","og_locale":"en_GB","og_type":"article","og_title":"Le Tarmac re\u00e7oit Sara Rauchwerger, fondatrice de l&#039;acc\u00e9l\u00e9rateur am\u00e9ricain Techlab Innovation Center - inovall\u00e9e","og_description":"Le 24 avril dernier, la p\u00e9pini\u00e8re Tarmac avait la chance d&rsquo;accueillir Sara Rauchwerger, une business woman am\u00e9ricaine, fondatrice et directrice de la CCICE de Californie (Chambre de Commerce International et Regroupement d\u2019Entrepreneurs). Cette structure organise des \u00e9v\u00e9nements cl\u00e9s pour les entrepreneurs et les start up, et leur donne acc\u00e8s \u00e0 des ressources essentielles.&nbsp; Sara est [&hellip;]","og_url":"https:\/\/www.inovallee.com\/en\/le-tarmac-recoit-sara-rauchwerger-fondatrice-de-laccelerateur-americain-techlab-innovation-center\/","og_site_name":"inovall\u00e9e","article_publisher":"https:\/\/www.facebook.com\/technopoleinovallee\/","article_published_time":"2015-04-27T15:04:00+00:00","og_image":[{"url":"http:\/\/2.bp.blogspot.com\/-RACRP5Eb_Bk\/VT5OTGtsj2I\/AAAAAAAAQaU\/mijit2v1zO0\/s1600\/IMG_7434.JPG","type":"","width":"","height":""}],"author":"Inovallee","twitter_card":"summary_large_image","twitter_creator":"@inovallee","twitter_site":"@inovallee","twitter_misc":{"Written by":"Inovallee","Estimated reading time":"1 minute"},"schema":{"@context":"https:\/\/schema.org","@graph":[{"@type":"Article","@id":"https:\/\/www.inovallee.com\/le-tarmac-recoit-sara-rauchwerger-fondatrice-de-laccelerateur-americain-techlab-innovation-center\/#article","isPartOf":{"@id":"https:\/\/www.inovallee.com\/le-tarmac-recoit-sara-rauchwerger-fondatrice-de-laccelerateur-americain-techlab-innovation-center\/"},"author":{"name":"Inovallee","@id":"https:\/\/www.inovallee.com\/#\/schema\/person\/a45b15518aad3111b2d61d257a3e023b"},"headline":"Le Tarmac re\u00e7oit Sara Rauchwerger, fondatrice de l&#039;acc\u00e9l\u00e9rateur am\u00e9ricain Techlab Innovation Center","datePublished":"2015-04-27T15:04:00+00:00","mainEntityOfPage":{"@id":"https:\/\/www.inovallee.com\/le-tarmac-recoit-sara-rauchwerger-fondatrice-de-laccelerateur-americain-techlab-innovation-center\/"},"wordCount":241,"publisher":{"@id":"https:\/\/www.inovallee.com\/#organization"},"image":{"@id":"https:\/\/www.inovallee.com\/le-tarmac-recoit-sara-rauchwerger-fondatrice-de-laccelerateur-americain-techlab-innovation-center\/#primaryimage"},"thumbnailUrl":"http:\/\/2.bp.blogspot.com\/-RACRP5Eb_Bk\/VT5OTGtsj2I\/AAAAAAAAQaU\/mijit2v1zO0\/s1600\/IMG_7434.JPG","articleSection":["La vie du Tarmac","Tarmac incubator"],"inLanguage":"en-GB"},{"@type":"WebPage","@id":"https:\/\/www.inovallee.com\/le-tarmac-recoit-sara-rauchwerger-fondatrice-de-laccelerateur-americain-techlab-innovation-center\/","url":"https:\/\/www.inovallee.com\/le-tarmac-recoit-sara-rauchwerger-fondatrice-de-laccelerateur-americain-techlab-innovation-center\/","name":"Le Tarmac re\u00e7oit Sara Rauchwerger, fondatrice de l&#039;acc\u00e9l\u00e9rateur am\u00e9ricain Techlab Innovation Center - inovall\u00e9e","isPartOf":{"@id":"https:\/\/www.inovallee.com\/#website"},"primaryImageOfPage":{"@id":"https:\/\/www.inovallee.com\/le-tarmac-recoit-sara-rauchwerger-fondatrice-de-laccelerateur-americain-techlab-innovation-center\/#primaryimage"},"image":{"@id":"https:\/\/www.inovallee.com\/le-tarmac-recoit-sara-rauchwerger-fondatrice-de-laccelerateur-americain-techlab-innovation-center\/#primaryimage"},"thumbnailUrl":"http:\/\/2.bp.blogspot.com\/-RACRP5Eb_Bk\/VT5OTGtsj2I\/AAAAAAAAQaU\/mijit2v1zO0\/s1600\/IMG_7434.JPG","datePublished":"2015-04-27T15:04:00+00:00","breadcrumb":{"@id":"https:\/\/www.inovallee.com\/le-tarmac-recoit-sara-rauchwerger-fondatrice-de-laccelerateur-americain-techlab-innovation-center\/#breadcrumb"},"inLanguage":"en-GB","potentialAction":[{"@type":"ReadAction","target":["https:\/\/www.inovallee.com\/le-tarmac-recoit-sara-rauchwerger-fondatrice-de-laccelerateur-americain-techlab-innovation-center\/"]}]},{"@type":"ImageObject","inLanguage":"en-GB","@id":"https:\/\/www.inovallee.com\/le-tarmac-recoit-sara-rauchwerger-fondatrice-de-laccelerateur-americain-techlab-innovation-center\/#primaryimage","url":"http:\/\/2.bp.blogspot.com\/-RACRP5Eb_Bk\/VT5OTGtsj2I\/AAAAAAAAQaU\/mijit2v1zO0\/s1600\/IMG_7434.JPG","contentUrl":"http:\/\/2.bp.blogspot.com\/-RACRP5Eb_Bk\/VT5OTGtsj2I\/AAAAAAAAQaU\/mijit2v1zO0\/s1600\/IMG_7434.JPG"},{"@type":"BreadcrumbList","@id":"https:\/\/www.inovallee.com\/le-tarmac-recoit-sara-rauchwerger-fondatrice-de-laccelerateur-americain-techlab-innovation-center\/#breadcrumb","itemListElement":[{"@type":"ListItem","position":1,"name":"Accueil","item":"https:\/\/www.inovallee.com\/"},{"@type":"ListItem","position":2,"name":"Le Tarmac re\u00e7oit Sara Rauchwerger, fondatrice de l&#039;acc\u00e9l\u00e9rateur am\u00e9ricain Techlab Innovation Center"}]},{"@type":"WebSite","@id":"https:\/\/www.inovallee.com\/#website","url":"https:\/\/www.inovallee.com\/","name":"inovall\u00e9e technopole, Home to software & smart technologies","description":"Home to software &amp; smart technologies","publisher":{"@id":"https:\/\/www.inovallee.com\/#organization"},"potentialAction":[{"@type":"SearchAction","target":{"@type":"EntryPoint","urlTemplate":"https:\/\/www.inovallee.com\/?s={search_term_string}"},"query-input":{"@type":"PropertyValueSpecification","valueRequired":true,"valueName":"search_term_string"}}],"inLanguage":"en-GB"},{"@type":"Organization","@id":"https:\/\/www.inovallee.com\/#organization","name":"inovall\u00e9e","url":"https:\/\/www.inovallee.com\/","logo":{"@type":"ImageObject","inLanguage":"en-GB","@id":"https:\/\/www.inovallee.com\/#\/schema\/logo\/image\/","url":"https:\/\/www.inovallee.com\/wp-content\/uploads\/2023\/08\/inovallee_2022_GrenobleAlpes.png","contentUrl":"https:\/\/www.inovallee.com\/wp-content\/uploads\/2023\/08\/inovallee_2022_GrenobleAlpes.png","width":945,"height":369,"caption":"inovall\u00e9e"},"image":{"@id":"https:\/\/www.inovallee.com\/#\/schema\/logo\/image\/"},"sameAs":["https:\/\/www.facebook.com\/technopoleinovallee\/","https:\/\/x.com\/inovallee","https:\/\/www.linkedin.com\/company\/inovall-e\/","https:\/\/www.youtube.com\/user\/inovallee?reload=9"]},{"@type":"Person","@id":"https:\/\/www.inovallee.com\/#\/schema\/person\/a45b15518aad3111b2d61d257a3e023b","name":"Inovallee"}]}},"_links":{"self":[{"href":"https:\/\/www.inovallee.com\/en\/wp-json\/wp\/v2\/posts\/1426","targetHints":{"allow":["GET"]}}],"collection":[{"href":"https:\/\/www.inovallee.com\/en\/wp-json\/wp\/v2\/posts"}],"about":[{"href":"https:\/\/www.inovallee.com\/en\/wp-json\/wp\/v2\/types\/post"}],"author":[{"embeddable":true,"href":"https:\/\/www.inovallee.com\/en\/wp-json\/wp\/v2\/users\/6"}],"replies":[{"embeddable":true,"href":"https:\/\/www.inovallee.com\/en\/wp-json\/wp\/v2\/comments?post=1426"}],"version-history":[{"count":0,"href":"https:\/\/www.inovallee.com\/en\/wp-json\/wp\/v2\/posts\/1426\/revisions"}],"wp:attachment":[{"href":"https:\/\/www.inovallee.com\/en\/wp-json\/wp\/v2\/media?parent=1426"}],"wp:term":[{"taxonomy":"category","embeddable":true,"href":"https:\/\/www.inovallee.com\/en\/wp-json\/wp\/v2\/categories?post=1426"},{"taxonomy":"post_tag","embeddable":true,"href":"https:\/\/www.inovallee.com\/en\/wp-json\/wp\/v2\/tags?post=1426"}],"curies":[{"name":"wp","href":"https:\/\/api.w.org\/{rel}","templated":true}]}}