{"id":1480,"date":"2014-12-22T17:01:00","date_gmt":"2014-12-22T16:01:00","guid":{"rendered":"https:\/\/www.inovallee.com\/2me-de-chiffre-daffaires-63-emplois-et-21-recrutements-une-belle-annee-pour-le-tarmac\/"},"modified":"2014-12-22T17:01:00","modified_gmt":"2014-12-22T16:01:00","slug":"2me-de-chiffre-daffaires-63-emplois-et-21-recrutements-une-belle-annee-pour-le-tarmac","status":"publish","type":"post","link":"https:\/\/www.inovallee.com\/en\/2me-de-chiffre-daffaires-63-emplois-et-21-recrutements-une-belle-annee-pour-le-tarmac\/","title":{"rendered":"2M\u20ac de chiffre d&#039;affaires, 63 emplois et 21 recrutements : une belle ann\u00e9e pour le Tarmac !"},"content":{"rendered":"<div dir=\"ltr\" style=\"text-align: left;\">\n<div style=\"clear: both; text-align: center;\"><a style=\"clear: left; float: left; margin-bottom: 1em; margin-right: 1em;\" href=\"http:\/\/1.bp.blogspot.com\/-vFNlocdm63o\/U61s-9wy-CI\/AAAAAAAAMTA\/N3FUsSNP3I8\/s1600\/IMG_2557.JPG\"><img fetchpriority=\"high\" decoding=\"async\" src=\"http:\/\/1.bp.blogspot.com\/-vFNlocdm63o\/U61s-9wy-CI\/AAAAAAAAMTA\/N3FUsSNP3I8\/s1600\/IMG_2557.JPG\" alt=\"\" width=\"320\" height=\"213\" border=\"0\" \/><\/a><\/div>\n<p><span style=\"font-family: Verdana,sans-serif;\">Le 6 janvier prochain, la p\u00e9pini\u00e8re anim\u00e9e par inovall\u00e9e f\u00eatera son premier anniversaire. L&rsquo;occasion d&rsquo;ouvrir une bouteille de champagne au vu des r\u00e9sultats exceptionnels enregistr\u00e9 au terme de son premier bilan d&rsquo;activit\u00e9.<\/span><br \/>\n<span style=\"font-family: Verdana,sans-serif;\"><br \/>\n<\/span><br \/>\n<span style=\"font-family: Verdana,sans-serif;\">Les chiffres cl\u00e9s 2014, au niveau des start-up accompagn\u00e9es :<\/span><\/p>\n<ul style=\"text-align: left;\">\n<li><span style=\"font-family: Verdana,sans-serif;\">62 entreprises rencontr\u00e9es<\/span><\/li>\n<li><span style=\"font-family: Verdana,sans-serif;\">27 start-up int\u00e9gr\u00e9es en 2014<\/span><\/li>\n<li><span style=\"font-family: Verdana,sans-serif;\">4 start-up sorties de p\u00e9pini\u00e8re pour poursuivre leur croissance : 2 sur inovall\u00e9e (Tenevia et 3W Factory), 2 sur Grenoble (Stimergy et ButterflyEffect)<\/span><\/li>\n<li><span style=\"font-family: Verdana,sans-serif;\">23 start-up accompagn\u00e9es<\/span><\/li>\n<li><span style=\"font-family: Verdana,sans-serif;\">63 emplois cr\u00e9\u00e9s ou consolid\u00e9s<\/span><\/li>\n<li><span style=\"font-family: Verdana,sans-serif;\">21 recrutements r\u00e9alis\u00e9s, dont 7 par Irlynx et 3 pour Webmarketing Booster, grands vainqueurs 2014 de la cr\u00e9ation d&#8217;emplois<\/span><\/li>\n<li><span style=\"font-family: Verdana,sans-serif;\">2 M\u20ac de chiffre d&rsquo;affaires, avec 5 start-up phares dans le top 6 (Hydroquest : 400 K\u20ac, Tenevia : 250 K\u20ac, Eumetrys : 250 K\u20ac, Appliware : 250 K\u20ac, Nexxled : 200 K\u20ac, et Webmarketig Booster : 165 K\u20ac)<\/span><\/li>\n<li><span style=\"font-family: Verdana,sans-serif;\">6 lev\u00e9es de fonds r\u00e9ussies pour un total de 1,45 M\u20ac<\/span><\/li>\n<li><span style=\"font-family: Verdana,sans-serif;\">9 partenariats strat\u00e9giques sign\u00e9s et une vingtaine de participation \u00e0 des grands salons internationaux<\/span><\/li>\n<li><span style=\"font-family: Verdana,sans-serif;\">Bref, une m\u00e9t\u00e9o 2014 sous le soleil pour 80% des start-up<\/span><\/li>\n<\/ul>\n<div style=\"clear: both; text-align: center;\"><a style=\"clear: left; float: left; margin-bottom: 1em; margin-right: 1em;\" href=\"http:\/\/3.bp.blogspot.com\/-1E87PG9wnMQ\/Uwd7xfvdeZI\/AAAAAAAAKJw\/65ljWUUNs_s\/s1600\/IMG_1729.JPG\"><img decoding=\"async\" src=\"http:\/\/3.bp.blogspot.com\/-1E87PG9wnMQ\/Uwd7xfvdeZI\/AAAAAAAAKJw\/65ljWUUNs_s\/s1600\/IMG_1729.JPG\" alt=\"\" width=\"320\" height=\"213\" border=\"0\" \/><\/a><\/div>\n<p><span style=\"font-family: Verdana,sans-serif;\">Concernant l&rsquo;accompagnement d&rsquo;inovall\u00e9e apport\u00e9 aux cr\u00e9ateurs de la p\u00e9pini\u00e8re, m\u00eame succ\u00e8s :<\/span><\/p>\n<ul style=\"text-align: left;\">\n<li><span style=\"font-family: Verdana,sans-serif;\">67 \u00e9v\u00e9nements organis\u00e9s (ateliers de formation, ap\u00e9ros entrepreneurs, conf\u00e9rences &#8230;)<\/span><\/li>\n<li><span style=\"font-family: Verdana,sans-serif;\">817 participants<\/span><\/li>\n<li><span style=\"font-family: Verdana,sans-serif;\">lancement du mentorat entrepreneurial avec 10 bin\u00f4mes constitu\u00e9s <\/span><\/li>\n<li><span style=\"font-family: Verdana,sans-serif;\">plus de 150 mises en relation individuelles avec des partenaires de l&rsquo;\u00e9cosyst\u00e8me<\/span><\/li>\n<li><span style=\"font-family: Verdana,sans-serif;\">Visibilit\u00e9 web : 900 articles post\u00e9s sur les m\u00e9dias sociaux et plus de 150 000 lectures<\/span><\/li>\n<li><span style=\"font-family: Verdana,sans-serif;\">Relais presse : 83 articles presse parus sur les start-up et 37 sur le Tarmac, via les actions de communication men\u00e9es par inovall\u00e9e<\/span><\/li>\n<li><span style=\"font-family: Verdana,sans-serif;\">95% de cr\u00e9ateurs satisfaits par l&rsquo;accompagnement propos\u00e9 et 100% par la qualit\u00e9 de l&rsquo;\u00e9quipe inovall\u00e9e<\/span><\/li>\n<\/ul>\n<p><span style=\"font-family: Verdana,sans-serif;\">Et de belles perspectives pour 2015, pour les start-up &#8230;.<\/span><\/p>\n<ul style=\"text-align: left;\">\n<li><span style=\"font-family: Verdana,sans-serif;\">\u00a021 entreprises envisagent de recruter : 36 cr\u00e9ations de poste potentielles<\/span><\/li>\n<li><span style=\"font-family: Verdana,sans-serif;\">CA 2015 esp\u00e9r\u00e9 : 5 M\u20ac<\/span><\/li>\n<li><span style=\"font-family: Verdana,sans-serif;\">14 lev\u00e9es de fonds pr\u00e9vues, pour un montant total de 3,3 M\u20ac<\/span><\/li>\n<li><span style=\"font-family: Verdana,sans-serif;\">De nombreux salons en pr\u00e9visions, dont Abeeway qui pr\u00e9pare le CES aux US en janvier<\/span><\/li>\n<\/ul>\n<p><a style=\"clear: left; float: left; margin-bottom: 1em; margin-right: 1em;\" href=\"http:\/\/3.bp.blogspot.com\/-vEoWeMCo8_0\/UtV5YqH5AzI\/AAAAAAAAJ98\/Qb95O_A-nF0\/s1600\/IMG_1196.JPG\"><img decoding=\"async\" src=\"http:\/\/3.bp.blogspot.com\/-vEoWeMCo8_0\/UtV5YqH5AzI\/AAAAAAAAJ98\/Qb95O_A-nF0\/s1600\/IMG_1196.JPG\" alt=\"\" width=\"320\" height=\"213\" border=\"0\" \/><\/a><span style=\"font-family: Verdana,sans-serif;\"> Comme pour la p\u00e9pini\u00e8re :<\/span><\/p>\n<ul style=\"text-align: left;\">\n<li><span style=\"font-family: Verdana,sans-serif;\">10 bureaux suppl\u00e9mentaires ouvrent au RDC du Tarmac en janvier<\/span><\/li>\n<li><span style=\"font-family: Verdana,sans-serif;\">prochain comit\u00e9 de s\u00e9lection : le 13 janvier (5 projets d\u00e9j\u00e0 dans le sstarting-blocks)<\/span><\/li>\n<li><span style=\"font-family: Verdana,sans-serif;\">14 bureaux suppl\u00e9mentaires au sein de l&rsquo;Atelier num\u00e9rique sur inovall\u00e9e Montbonnot<\/span><\/li>\n<li><span style=\"font-family: Verdana,sans-serif;\">de beaux \u00e9v\u00e9nements en pr\u00e9paration : failcon Chat le 22 janvier avec le fonds d&rsquo;investissement Breega, rencontre investisseurs \u00ab\u00a0Adopte une start-up\u00a0\u00bb au printemps, forum emploi le 2 avril, Frenchtech &#8230;<\/span><\/li>\n<li><span style=\"font-family: Verdana,sans-serif;\">et autant de projets dans les cartons : nouveau site Internet en 2015, projets vid\u00e9os de promotion des start-up et de la p\u00e9pini\u00e8re, nouveau format pour l&rsquo;Assembl\u00e9e G\u00e9n\u00e9rale annuelle, nouvelle recrue au sein de l&rsquo;\u00e9quipe avec l&rsquo;arriv\u00e9e d&rsquo;un assistant marketing, Alexis Brungs en janvier, etc.<\/span><\/li>\n<\/ul>\n<p><span style=\"font-family: Verdana,sans-serif;\">Bref, le tarmac termine l&rsquo;ann\u00e9e en 2014 en vous souhaitant de tr\u00e8s bonnes f\u00eates, et vous donne RDV d\u00e9but janvier pour d\u00e9ployer vos ailes dans le nouveau champ des possibles, vers l&rsquo;infini et au del\u00e0 : &#8211; )<\/span><br \/>\n<span style=\"font-family: Verdana,sans-serif;\"><br \/>\n<\/span><span style=\"font-family: Verdana,sans-serif;\"><br \/>\n<\/span><span style=\"font-family: Verdana,sans-serif;\">Le bilan d\u00e9taill\u00e9 ci-dessous : <\/span><br \/>\n<iframe src=\"\/\/www.slideshare.net\/slideshow\/embed_code\/42927304\" width=\"476\" height=\"400\" frameborder=\"0\" marginwidth=\"0\" marginheight=\"0\" scrolling=\"no\"><\/iframe>\n<\/div>","protected":false},"excerpt":{"rendered":"<p>Le 6 janvier prochain, la p\u00e9pini\u00e8re anim\u00e9e par inovall\u00e9e f\u00eatera son premier anniversaire. L&rsquo;occasion d&rsquo;ouvrir une bouteille de champagne au vu des r\u00e9sultats exceptionnels enregistr\u00e9 au terme de son premier bilan d&rsquo;activit\u00e9. Les chiffres cl\u00e9s 2014, au niveau des start-up accompagn\u00e9es : 62 entreprises rencontr\u00e9es 27 start-up int\u00e9gr\u00e9es en 2014 4 start-up sorties de p\u00e9pini\u00e8re [&hellip;]<\/p>\n","protected":false},"author":6,"featured_media":0,"comment_status":"closed","ping_status":"open","sticky":false,"template":"","format":"standard","meta":{"footnotes":""},"categories":[43,44],"tags":[],"class_list":["post-1480","post","type-post","status-publish","format-standard","hentry","category-tarmac-incubator-international","category-tarmac-incubator"],"yoast_head":"<!-- This site is optimized with the Yoast SEO plugin v27.4 - https:\/\/yoast.com\/product\/yoast-seo-wordpress\/ -->\n<title>2M\u20ac de chiffre d&#039;affaires, 63 emplois et 21 recrutements : une belle ann\u00e9e pour le Tarmac ! - inovall\u00e9e<\/title>\n<meta name=\"robots\" content=\"index, follow, max-snippet:-1, max-image-preview:large, max-video-preview:-1\" \/>\n<link rel=\"canonical\" href=\"https:\/\/www.inovallee.com\/en\/2me-de-chiffre-daffaires-63-emplois-et-21-recrutements-une-belle-annee-pour-le-tarmac\/\" \/>\n<meta property=\"og:locale\" content=\"en_GB\" \/>\n<meta property=\"og:type\" content=\"article\" \/>\n<meta property=\"og:title\" content=\"2M\u20ac de chiffre d&#039;affaires, 63 emplois et 21 recrutements : une belle ann\u00e9e pour le Tarmac ! - inovall\u00e9e\" \/>\n<meta property=\"og:description\" content=\"Le 6 janvier prochain, la p\u00e9pini\u00e8re anim\u00e9e par inovall\u00e9e f\u00eatera son premier anniversaire. L&rsquo;occasion d&rsquo;ouvrir une bouteille de champagne au vu des r\u00e9sultats exceptionnels enregistr\u00e9 au terme de son premier bilan d&rsquo;activit\u00e9. Les chiffres cl\u00e9s 2014, au niveau des start-up accompagn\u00e9es : 62 entreprises rencontr\u00e9es 27 start-up int\u00e9gr\u00e9es en 2014 4 start-up sorties de p\u00e9pini\u00e8re [&hellip;]\" \/>\n<meta property=\"og:url\" content=\"https:\/\/www.inovallee.com\/en\/2me-de-chiffre-daffaires-63-emplois-et-21-recrutements-une-belle-annee-pour-le-tarmac\/\" \/>\n<meta property=\"og:site_name\" content=\"inovall\u00e9e\" \/>\n<meta property=\"article:publisher\" content=\"https:\/\/www.facebook.com\/technopoleinovallee\/\" \/>\n<meta property=\"article:published_time\" content=\"2014-12-22T16:01:00+00:00\" \/>\n<meta property=\"og:image\" content=\"http:\/\/1.bp.blogspot.com\/-vFNlocdm63o\/U61s-9wy-CI\/AAAAAAAAMTA\/N3FUsSNP3I8\/s1600\/IMG_2557.JPG\" \/>\n<meta name=\"author\" content=\"Inovallee\" \/>\n<meta name=\"twitter:card\" content=\"summary_large_image\" \/>\n<meta name=\"twitter:creator\" content=\"@inovallee\" \/>\n<meta name=\"twitter:site\" content=\"@inovallee\" \/>\n<meta name=\"twitter:label1\" content=\"Written by\" \/>\n\t<meta name=\"twitter:data1\" content=\"Inovallee\" \/>\n\t<meta name=\"twitter:label2\" content=\"Estimated reading time\" \/>\n\t<meta name=\"twitter:data2\" content=\"2 minutes\" \/>\n<script type=\"application\/ld+json\" class=\"yoast-schema-graph\">{\"@context\":\"https:\\\/\\\/schema.org\",\"@graph\":[{\"@type\":\"Article\",\"@id\":\"https:\\\/\\\/www.inovallee.com\\\/2me-de-chiffre-daffaires-63-emplois-et-21-recrutements-une-belle-annee-pour-le-tarmac\\\/#article\",\"isPartOf\":{\"@id\":\"https:\\\/\\\/www.inovallee.com\\\/2me-de-chiffre-daffaires-63-emplois-et-21-recrutements-une-belle-annee-pour-le-tarmac\\\/\"},\"author\":{\"name\":\"Inovallee\",\"@id\":\"https:\\\/\\\/www.inovallee.com\\\/#\\\/schema\\\/person\\\/a45b15518aad3111b2d61d257a3e023b\"},\"headline\":\"2M\u20ac de chiffre d&#039;affaires, 63 emplois et 21 recrutements : une belle ann\u00e9e pour le Tarmac !\",\"datePublished\":\"2014-12-22T16:01:00+00:00\",\"mainEntityOfPage\":{\"@id\":\"https:\\\/\\\/www.inovallee.com\\\/2me-de-chiffre-daffaires-63-emplois-et-21-recrutements-une-belle-annee-pour-le-tarmac\\\/\"},\"wordCount\":514,\"publisher\":{\"@id\":\"https:\\\/\\\/www.inovallee.com\\\/#organization\"},\"image\":{\"@id\":\"https:\\\/\\\/www.inovallee.com\\\/2me-de-chiffre-daffaires-63-emplois-et-21-recrutements-une-belle-annee-pour-le-tarmac\\\/#primaryimage\"},\"thumbnailUrl\":\"http:\\\/\\\/1.bp.blogspot.com\\\/-vFNlocdm63o\\\/U61s-9wy-CI\\\/AAAAAAAAMTA\\\/N3FUsSNP3I8\\\/s1600\\\/IMG_2557.JPG\",\"articleSection\":[\"Le Tarmac et l'international\",\"Tarmac incubator\"],\"inLanguage\":\"en-GB\"},{\"@type\":\"WebPage\",\"@id\":\"https:\\\/\\\/www.inovallee.com\\\/2me-de-chiffre-daffaires-63-emplois-et-21-recrutements-une-belle-annee-pour-le-tarmac\\\/\",\"url\":\"https:\\\/\\\/www.inovallee.com\\\/2me-de-chiffre-daffaires-63-emplois-et-21-recrutements-une-belle-annee-pour-le-tarmac\\\/\",\"name\":\"2M\u20ac de chiffre d&#039;affaires, 63 emplois et 21 recrutements : une belle ann\u00e9e pour le Tarmac ! - inovall\u00e9e\",\"isPartOf\":{\"@id\":\"https:\\\/\\\/www.inovallee.com\\\/#website\"},\"primaryImageOfPage\":{\"@id\":\"https:\\\/\\\/www.inovallee.com\\\/2me-de-chiffre-daffaires-63-emplois-et-21-recrutements-une-belle-annee-pour-le-tarmac\\\/#primaryimage\"},\"image\":{\"@id\":\"https:\\\/\\\/www.inovallee.com\\\/2me-de-chiffre-daffaires-63-emplois-et-21-recrutements-une-belle-annee-pour-le-tarmac\\\/#primaryimage\"},\"thumbnailUrl\":\"http:\\\/\\\/1.bp.blogspot.com\\\/-vFNlocdm63o\\\/U61s-9wy-CI\\\/AAAAAAAAMTA\\\/N3FUsSNP3I8\\\/s1600\\\/IMG_2557.JPG\",\"datePublished\":\"2014-12-22T16:01:00+00:00\",\"breadcrumb\":{\"@id\":\"https:\\\/\\\/www.inovallee.com\\\/2me-de-chiffre-daffaires-63-emplois-et-21-recrutements-une-belle-annee-pour-le-tarmac\\\/#breadcrumb\"},\"inLanguage\":\"en-GB\",\"potentialAction\":[{\"@type\":\"ReadAction\",\"target\":[\"https:\\\/\\\/www.inovallee.com\\\/2me-de-chiffre-daffaires-63-emplois-et-21-recrutements-une-belle-annee-pour-le-tarmac\\\/\"]}]},{\"@type\":\"ImageObject\",\"inLanguage\":\"en-GB\",\"@id\":\"https:\\\/\\\/www.inovallee.com\\\/2me-de-chiffre-daffaires-63-emplois-et-21-recrutements-une-belle-annee-pour-le-tarmac\\\/#primaryimage\",\"url\":\"http:\\\/\\\/1.bp.blogspot.com\\\/-vFNlocdm63o\\\/U61s-9wy-CI\\\/AAAAAAAAMTA\\\/N3FUsSNP3I8\\\/s1600\\\/IMG_2557.JPG\",\"contentUrl\":\"http:\\\/\\\/1.bp.blogspot.com\\\/-vFNlocdm63o\\\/U61s-9wy-CI\\\/AAAAAAAAMTA\\\/N3FUsSNP3I8\\\/s1600\\\/IMG_2557.JPG\"},{\"@type\":\"BreadcrumbList\",\"@id\":\"https:\\\/\\\/www.inovallee.com\\\/2me-de-chiffre-daffaires-63-emplois-et-21-recrutements-une-belle-annee-pour-le-tarmac\\\/#breadcrumb\",\"itemListElement\":[{\"@type\":\"ListItem\",\"position\":1,\"name\":\"Accueil\",\"item\":\"https:\\\/\\\/www.inovallee.com\\\/\"},{\"@type\":\"ListItem\",\"position\":2,\"name\":\"2M\u20ac de chiffre d&#039;affaires, 63 emplois et 21 recrutements : une belle ann\u00e9e pour le Tarmac !\"}]},{\"@type\":\"WebSite\",\"@id\":\"https:\\\/\\\/www.inovallee.com\\\/#website\",\"url\":\"https:\\\/\\\/www.inovallee.com\\\/\",\"name\":\"inovall\u00e9e technopole, Home to software & smart technologies\",\"description\":\"Home to software &amp; smart technologies\",\"publisher\":{\"@id\":\"https:\\\/\\\/www.inovallee.com\\\/#organization\"},\"potentialAction\":[{\"@type\":\"SearchAction\",\"target\":{\"@type\":\"EntryPoint\",\"urlTemplate\":\"https:\\\/\\\/www.inovallee.com\\\/?s={search_term_string}\"},\"query-input\":{\"@type\":\"PropertyValueSpecification\",\"valueRequired\":true,\"valueName\":\"search_term_string\"}}],\"inLanguage\":\"en-GB\"},{\"@type\":\"Organization\",\"@id\":\"https:\\\/\\\/www.inovallee.com\\\/#organization\",\"name\":\"inovall\u00e9e\",\"url\":\"https:\\\/\\\/www.inovallee.com\\\/\",\"logo\":{\"@type\":\"ImageObject\",\"inLanguage\":\"en-GB\",\"@id\":\"https:\\\/\\\/www.inovallee.com\\\/#\\\/schema\\\/logo\\\/image\\\/\",\"url\":\"https:\\\/\\\/www.inovallee.com\\\/wp-content\\\/uploads\\\/2023\\\/08\\\/inovallee_2022_GrenobleAlpes.png\",\"contentUrl\":\"https:\\\/\\\/www.inovallee.com\\\/wp-content\\\/uploads\\\/2023\\\/08\\\/inovallee_2022_GrenobleAlpes.png\",\"width\":945,\"height\":369,\"caption\":\"inovall\u00e9e\"},\"image\":{\"@id\":\"https:\\\/\\\/www.inovallee.com\\\/#\\\/schema\\\/logo\\\/image\\\/\"},\"sameAs\":[\"https:\\\/\\\/www.facebook.com\\\/technopoleinovallee\\\/\",\"https:\\\/\\\/x.com\\\/inovallee\",\"https:\\\/\\\/www.linkedin.com\\\/company\\\/inovall-e\\\/\",\"https:\\\/\\\/www.youtube.com\\\/user\\\/inovallee?reload=9\"]},{\"@type\":\"Person\",\"@id\":\"https:\\\/\\\/www.inovallee.com\\\/#\\\/schema\\\/person\\\/a45b15518aad3111b2d61d257a3e023b\",\"name\":\"Inovallee\"}]}<\/script>\n<!-- \/ Yoast SEO plugin. -->","yoast_head_json":{"title":"2M\u20ac de chiffre d&#039;affaires, 63 emplois et 21 recrutements : une belle ann\u00e9e pour le Tarmac ! - inovall\u00e9e","robots":{"index":"index","follow":"follow","max-snippet":"max-snippet:-1","max-image-preview":"max-image-preview:large","max-video-preview":"max-video-preview:-1"},"canonical":"https:\/\/www.inovallee.com\/en\/2me-de-chiffre-daffaires-63-emplois-et-21-recrutements-une-belle-annee-pour-le-tarmac\/","og_locale":"en_GB","og_type":"article","og_title":"2M\u20ac de chiffre d&#039;affaires, 63 emplois et 21 recrutements : une belle ann\u00e9e pour le Tarmac ! - inovall\u00e9e","og_description":"Le 6 janvier prochain, la p\u00e9pini\u00e8re anim\u00e9e par inovall\u00e9e f\u00eatera son premier anniversaire. L&rsquo;occasion d&rsquo;ouvrir une bouteille de champagne au vu des r\u00e9sultats exceptionnels enregistr\u00e9 au terme de son premier bilan d&rsquo;activit\u00e9. Les chiffres cl\u00e9s 2014, au niveau des start-up accompagn\u00e9es : 62 entreprises rencontr\u00e9es 27 start-up int\u00e9gr\u00e9es en 2014 4 start-up sorties de p\u00e9pini\u00e8re [&hellip;]","og_url":"https:\/\/www.inovallee.com\/en\/2me-de-chiffre-daffaires-63-emplois-et-21-recrutements-une-belle-annee-pour-le-tarmac\/","og_site_name":"inovall\u00e9e","article_publisher":"https:\/\/www.facebook.com\/technopoleinovallee\/","article_published_time":"2014-12-22T16:01:00+00:00","og_image":[{"url":"http:\/\/1.bp.blogspot.com\/-vFNlocdm63o\/U61s-9wy-CI\/AAAAAAAAMTA\/N3FUsSNP3I8\/s1600\/IMG_2557.JPG","type":"","width":"","height":""}],"author":"Inovallee","twitter_card":"summary_large_image","twitter_creator":"@inovallee","twitter_site":"@inovallee","twitter_misc":{"Written by":"Inovallee","Estimated reading time":"2 minutes"},"schema":{"@context":"https:\/\/schema.org","@graph":[{"@type":"Article","@id":"https:\/\/www.inovallee.com\/2me-de-chiffre-daffaires-63-emplois-et-21-recrutements-une-belle-annee-pour-le-tarmac\/#article","isPartOf":{"@id":"https:\/\/www.inovallee.com\/2me-de-chiffre-daffaires-63-emplois-et-21-recrutements-une-belle-annee-pour-le-tarmac\/"},"author":{"name":"Inovallee","@id":"https:\/\/www.inovallee.com\/#\/schema\/person\/a45b15518aad3111b2d61d257a3e023b"},"headline":"2M\u20ac de chiffre d&#039;affaires, 63 emplois et 21 recrutements : une belle ann\u00e9e pour le Tarmac !","datePublished":"2014-12-22T16:01:00+00:00","mainEntityOfPage":{"@id":"https:\/\/www.inovallee.com\/2me-de-chiffre-daffaires-63-emplois-et-21-recrutements-une-belle-annee-pour-le-tarmac\/"},"wordCount":514,"publisher":{"@id":"https:\/\/www.inovallee.com\/#organization"},"image":{"@id":"https:\/\/www.inovallee.com\/2me-de-chiffre-daffaires-63-emplois-et-21-recrutements-une-belle-annee-pour-le-tarmac\/#primaryimage"},"thumbnailUrl":"http:\/\/1.bp.blogspot.com\/-vFNlocdm63o\/U61s-9wy-CI\/AAAAAAAAMTA\/N3FUsSNP3I8\/s1600\/IMG_2557.JPG","articleSection":["Le Tarmac et l'international","Tarmac incubator"],"inLanguage":"en-GB"},{"@type":"WebPage","@id":"https:\/\/www.inovallee.com\/2me-de-chiffre-daffaires-63-emplois-et-21-recrutements-une-belle-annee-pour-le-tarmac\/","url":"https:\/\/www.inovallee.com\/2me-de-chiffre-daffaires-63-emplois-et-21-recrutements-une-belle-annee-pour-le-tarmac\/","name":"2M\u20ac de chiffre d&#039;affaires, 63 emplois et 21 recrutements : une belle ann\u00e9e pour le Tarmac ! - inovall\u00e9e","isPartOf":{"@id":"https:\/\/www.inovallee.com\/#website"},"primaryImageOfPage":{"@id":"https:\/\/www.inovallee.com\/2me-de-chiffre-daffaires-63-emplois-et-21-recrutements-une-belle-annee-pour-le-tarmac\/#primaryimage"},"image":{"@id":"https:\/\/www.inovallee.com\/2me-de-chiffre-daffaires-63-emplois-et-21-recrutements-une-belle-annee-pour-le-tarmac\/#primaryimage"},"thumbnailUrl":"http:\/\/1.bp.blogspot.com\/-vFNlocdm63o\/U61s-9wy-CI\/AAAAAAAAMTA\/N3FUsSNP3I8\/s1600\/IMG_2557.JPG","datePublished":"2014-12-22T16:01:00+00:00","breadcrumb":{"@id":"https:\/\/www.inovallee.com\/2me-de-chiffre-daffaires-63-emplois-et-21-recrutements-une-belle-annee-pour-le-tarmac\/#breadcrumb"},"inLanguage":"en-GB","potentialAction":[{"@type":"ReadAction","target":["https:\/\/www.inovallee.com\/2me-de-chiffre-daffaires-63-emplois-et-21-recrutements-une-belle-annee-pour-le-tarmac\/"]}]},{"@type":"ImageObject","inLanguage":"en-GB","@id":"https:\/\/www.inovallee.com\/2me-de-chiffre-daffaires-63-emplois-et-21-recrutements-une-belle-annee-pour-le-tarmac\/#primaryimage","url":"http:\/\/1.bp.blogspot.com\/-vFNlocdm63o\/U61s-9wy-CI\/AAAAAAAAMTA\/N3FUsSNP3I8\/s1600\/IMG_2557.JPG","contentUrl":"http:\/\/1.bp.blogspot.com\/-vFNlocdm63o\/U61s-9wy-CI\/AAAAAAAAMTA\/N3FUsSNP3I8\/s1600\/IMG_2557.JPG"},{"@type":"BreadcrumbList","@id":"https:\/\/www.inovallee.com\/2me-de-chiffre-daffaires-63-emplois-et-21-recrutements-une-belle-annee-pour-le-tarmac\/#breadcrumb","itemListElement":[{"@type":"ListItem","position":1,"name":"Accueil","item":"https:\/\/www.inovallee.com\/"},{"@type":"ListItem","position":2,"name":"2M\u20ac de chiffre d&#039;affaires, 63 emplois et 21 recrutements : une belle ann\u00e9e pour le Tarmac !"}]},{"@type":"WebSite","@id":"https:\/\/www.inovallee.com\/#website","url":"https:\/\/www.inovallee.com\/","name":"inovall\u00e9e technopole, Home to software & smart technologies","description":"Home to software &amp; smart technologies","publisher":{"@id":"https:\/\/www.inovallee.com\/#organization"},"potentialAction":[{"@type":"SearchAction","target":{"@type":"EntryPoint","urlTemplate":"https:\/\/www.inovallee.com\/?s={search_term_string}"},"query-input":{"@type":"PropertyValueSpecification","valueRequired":true,"valueName":"search_term_string"}}],"inLanguage":"en-GB"},{"@type":"Organization","@id":"https:\/\/www.inovallee.com\/#organization","name":"inovall\u00e9e","url":"https:\/\/www.inovallee.com\/","logo":{"@type":"ImageObject","inLanguage":"en-GB","@id":"https:\/\/www.inovallee.com\/#\/schema\/logo\/image\/","url":"https:\/\/www.inovallee.com\/wp-content\/uploads\/2023\/08\/inovallee_2022_GrenobleAlpes.png","contentUrl":"https:\/\/www.inovallee.com\/wp-content\/uploads\/2023\/08\/inovallee_2022_GrenobleAlpes.png","width":945,"height":369,"caption":"inovall\u00e9e"},"image":{"@id":"https:\/\/www.inovallee.com\/#\/schema\/logo\/image\/"},"sameAs":["https:\/\/www.facebook.com\/technopoleinovallee\/","https:\/\/x.com\/inovallee","https:\/\/www.linkedin.com\/company\/inovall-e\/","https:\/\/www.youtube.com\/user\/inovallee?reload=9"]},{"@type":"Person","@id":"https:\/\/www.inovallee.com\/#\/schema\/person\/a45b15518aad3111b2d61d257a3e023b","name":"Inovallee"}]}},"_links":{"self":[{"href":"https:\/\/www.inovallee.com\/en\/wp-json\/wp\/v2\/posts\/1480","targetHints":{"allow":["GET"]}}],"collection":[{"href":"https:\/\/www.inovallee.com\/en\/wp-json\/wp\/v2\/posts"}],"about":[{"href":"https:\/\/www.inovallee.com\/en\/wp-json\/wp\/v2\/types\/post"}],"author":[{"embeddable":true,"href":"https:\/\/www.inovallee.com\/en\/wp-json\/wp\/v2\/users\/6"}],"replies":[{"embeddable":true,"href":"https:\/\/www.inovallee.com\/en\/wp-json\/wp\/v2\/comments?post=1480"}],"version-history":[{"count":0,"href":"https:\/\/www.inovallee.com\/en\/wp-json\/wp\/v2\/posts\/1480\/revisions"}],"wp:attachment":[{"href":"https:\/\/www.inovallee.com\/en\/wp-json\/wp\/v2\/media?parent=1480"}],"wp:term":[{"taxonomy":"category","embeddable":true,"href":"https:\/\/www.inovallee.com\/en\/wp-json\/wp\/v2\/categories?post=1480"},{"taxonomy":"post_tag","embeddable":true,"href":"https:\/\/www.inovallee.com\/en\/wp-json\/wp\/v2\/tags?post=1480"}],"curies":[{"name":"wp","href":"https:\/\/api.w.org\/{rel}","templated":true}]}}