{"id":1627,"date":"2014-02-12T16:38:00","date_gmt":"2014-02-12T15:38:00","guid":{"rendered":"https:\/\/www.inovallee.com\/nouveau-ouverture-dun-espace-de-coworking-a-inovallee\/"},"modified":"2014-02-12T16:38:00","modified_gmt":"2014-02-12T15:38:00","slug":"nouveau-ouverture-dun-espace-de-coworking-a-inovallee","status":"publish","type":"post","link":"https:\/\/www.inovallee.com\/en\/nouveau-ouverture-dun-espace-de-coworking-a-inovallee\/","title":{"rendered":"Nouveau : ouverture d&#039;un espace de coworking \u00e0 inovall\u00e9e !"},"content":{"rendered":"<div dir=\"ltr\" style=\"text-align: left;\">\n<div style=\"clear: both; text-align: center;\"><a href=\"http:\/\/2.bp.blogspot.com\/-8DG8Hsf2HOI\/UvuNWYsAtEI\/AAAAAAAAKHU\/A89k2ldSQrI\/s1600\/IMG_1392.JPG\" style=\"clear: left; float: left; margin-bottom: 1em; margin-right: 1em;\"><img fetchpriority=\"high\" decoding=\"async\" border=\"0\" src=\"http:\/\/2.bp.blogspot.com\/-8DG8Hsf2HOI\/UvuNWYsAtEI\/AAAAAAAAKHU\/A89k2ldSQrI\/s1600\/IMG_1392.JPG\" height=\"213\" width=\"320\" \/><\/a><\/div>\n<p><span style=\"font-family: Verdana,sans-serif;\">Vous  souhaitez pouvoir disposer d\u2019un bureau \u00e0 la carte dans un espace  professionnel de qualit\u00e9 o\u00f9 vous pourrez nourrir votre r\u00e9seau et  int\u00e9grer une dynamique entrepreneuriale ?&nbsp;<\/span><br \/><span style=\"font-family: Verdana,sans-serif;\">inovall\u00e9e  ouvre un tout nouvel espace de coworking au sein de son \u00ab\u00a0a\u00e9rop\u00f4le  entrepreneurial\u00a0\u00bb, qui abrite la structure d&rsquo;animation de la technopole,  la p\u00e9pini\u00e8re Tarmac et la MIE-MIFE.&nbsp;<\/span><br \/><span style=\"font-family: Verdana,sans-serif;\">70  m\u00b2 am\u00e9nag\u00e9s dans un esprit \u00ab\u00a0workfriendly\u00a0\u00bb alliant esth\u00e9tique et  ergonomie, et ce gr\u00e2ce au partenariat de la Banque Populaire des Alpes,  pour offrir un cadre de travail et de rencontres aux consultants,  ind\u00e9pendants, porteurs de projets, auto-entrepreneurs, salari\u00e9s, et  dirigeants.&nbsp;<\/span><\/p>\n<div style=\"clear: both; text-align: center;\"><a href=\"http:\/\/2.bp.blogspot.com\/-X1E4AbVTask\/UvuNd4W2M5I\/AAAAAAAAKHg\/qrOKTZZajvo\/s1600\/IMG_1395.JPG\" style=\"margin-left: 1em; margin-right: 1em;\"><img decoding=\"async\" border=\"0\" src=\"http:\/\/2.bp.blogspot.com\/-X1E4AbVTask\/UvuNd4W2M5I\/AAAAAAAAKHg\/qrOKTZZajvo\/s1600\/IMG_1395.JPG\" height=\"213\" width=\"320\" \/><\/a><\/div>\n<p><\/p>\n<div style=\"clear: both; text-align: center;\"><a href=\"http:\/\/3.bp.blogspot.com\/-VcaAvV7_FtM\/UvuN6LKINXI\/AAAAAAAAKHo\/CpzQn5_MjbU\/s1600\/IMG_1401.JPG\" style=\"margin-left: 1em; margin-right: 1em;\"><img decoding=\"async\" border=\"0\" src=\"http:\/\/3.bp.blogspot.com\/-VcaAvV7_FtM\/UvuN6LKINXI\/AAAAAAAAKHo\/CpzQn5_MjbU\/s1600\/IMG_1401.JPG\" height=\"213\" width=\"320\" \/><\/a><\/div>\n<p><span style=\"font-family: Verdana,sans-serif;\">Deux formules au choix avec une grande souplesse (possibilit\u00e9 de passer librement d&rsquo;une formule \u00e0 l&rsquo;autre) :<\/span><\/p>\n<ul style=\"text-align: left;\">\n<li><span style=\"font-family: Verdana,sans-serif;\">abonnement mensuel : 90\u20ac HT \u00e0 mi-temps \/ 140\u20ac HT en illimit\u00e9 (payable d&rsquo;avance par ch\u00e8que ou esp\u00e8ce<\/span><\/li>\n<li><span style=\"font-family: Verdana,sans-serif;\">\u00e0 la carte : 8\u20ac la demi-journ\u00e9e \/ 60\u20ac le carnet de 10 demi-journ\u00e9es (paiement imm\u00e9diat par ch\u00e8que ou esp\u00e8ces)<\/span><\/li>\n<\/ul>\n<p><span style=\"font-family: Verdana,sans-serif;\">Inclus dans la formule :<\/span><\/p>\n<ul style=\"text-align: left;\">\n<li><span style=\"font-family: Verdana,sans-serif;\">17 bureaux en openspace 100% plug&amp;play&nbsp;<\/span><\/li>\n<li><span style=\"font-family: Verdana,sans-serif;\">acc\u00e8s internet wifi&nbsp;<\/span><\/li>\n<li><span style=\"font-family: Verdana,sans-serif;\">pour les r\u00e9sidents temps plein : un caisson avec cl\u00e9 pour stocker vos documents <\/span><\/li>\n<li><span style=\"font-family: Verdana,sans-serif;\">acc\u00e8s libre \u00e0 deux salles de RDV (sous r\u00e9serve de disponibilit\u00e9)<\/span><\/li>\n<li><span style=\"font-family: Verdana,sans-serif;\">acc\u00e8s  libre aux espaces communs : salon d&rsquo;accueil avec machines \u00e0 caf\u00e9 et \u00e0  eau, caf\u00e9t\u00e9ria avec vaisselle, micro-ondes et r\u00e9frig\u00e9rateurs<\/span><\/li>\n<li><span style=\"font-family: Verdana,sans-serif;\">acc\u00e8s  libre et gratuit \u00e0 tous les \u00e9v\u00e9nements du r\u00e9seau inovall\u00e9e : petits  d\u00e9jeuners, conf\u00e9rences, ap\u00e9ro hebdomadaire, portes ouvertes, ateliers et  workshops, \u00e9v\u00e9nements festifs &#8230; etc <\/span><\/li>\n<\/ul>\n<p><span style=\"font-family: Verdana,sans-serif;\">Services \u00e0 la carte <\/span><\/p>\n<ul style=\"text-align: left;\">\n<li><span style=\"font-family: Verdana,sans-serif;\">4 salles de r\u00e9union de 5 \u00e0 40 personnes&nbsp;<\/span><\/li>\n<li><span style=\"font-family: Verdana,sans-serif;\">des services mutualis\u00e9s&nbsp; : domiciliation,     reprographie, location de mat\u00e9riel, secr\u00e9tariat, formations, stockage d&rsquo;archives, etc)&nbsp;<\/span><\/li>\n<\/ul>\n<p><span style=\"font-family: Verdana,sans-serif;\">&nbsp;<\/p>\n<div style=\"clear: both; text-align: center;\"><a href=\"http:\/\/4.bp.blogspot.com\/-HqrIcSlhoB0\/UvuOYkaDJ5I\/AAAAAAAAKIA\/2Dxs6o8UJ5c\/s1600\/IMG_1311.JPG\" style=\"margin-left: 1em; margin-right: 1em;\"><img loading=\"lazy\" decoding=\"async\" border=\"0\" src=\"http:\/\/4.bp.blogspot.com\/-HqrIcSlhoB0\/UvuOYkaDJ5I\/AAAAAAAAKIA\/2Dxs6o8UJ5c\/s1600\/IMG_1311.JPG\" height=\"213\" width=\"320\" \/><\/a><\/div>\n<p><\/p>\n<div style=\"clear: both; text-align: center;\"><a href=\"http:\/\/2.bp.blogspot.com\/-psVgFaSWo1k\/UvuOydVmSFI\/AAAAAAAAKIQ\/iLreK6xA8Do\/s1600\/IMG_1315.JPG\" style=\"margin-left: 1em; margin-right: 1em;\"><img loading=\"lazy\" decoding=\"async\" border=\"0\" src=\"http:\/\/2.bp.blogspot.com\/-psVgFaSWo1k\/UvuOydVmSFI\/AAAAAAAAKIQ\/iLreK6xA8Do\/s1600\/IMG_1315.JPG\" height=\"213\" width=\"320\" \/><\/a><\/div>\n<p><\/p>\n<div style=\"clear: both; text-align: center;\"><a href=\"http:\/\/2.bp.blogspot.com\/-Hq1Pvnmk3-g\/UvuPGnsJm2I\/AAAAAAAAKIY\/tmKW7VvvyXw\/s1600\/IMG_1316.JPG\" style=\"margin-left: 1em; margin-right: 1em;\"><img loading=\"lazy\" decoding=\"async\" border=\"0\" src=\"http:\/\/2.bp.blogspot.com\/-Hq1Pvnmk3-g\/UvuPGnsJm2I\/AAAAAAAAKIY\/tmKW7VvvyXw\/s1600\/IMG_1316.JPG\" height=\"213\" width=\"320\" \/><\/a><\/div>\n<p><\/p>\n<div style=\"clear: both; text-align: center;\"><a href=\"http:\/\/4.bp.blogspot.com\/-NKRPijoeasA\/UvuPV1VF0iI\/AAAAAAAAKIg\/2pWEVtnjbic\/s1600\/IMG_1361.JPG\" style=\"margin-left: 1em; margin-right: 1em;\"><img loading=\"lazy\" decoding=\"async\" border=\"0\" src=\"http:\/\/4.bp.blogspot.com\/-NKRPijoeasA\/UvuPV1VF0iI\/AAAAAAAAKIg\/2pWEVtnjbic\/s1600\/IMG_1361.JPG\" height=\"213\" width=\"320\" \/><\/a><\/div>\n<p><\/span><\/div>","protected":false},"excerpt":{"rendered":"<p>Vous souhaitez pouvoir disposer d\u2019un bureau \u00e0 la carte dans un espace professionnel de qualit\u00e9 o\u00f9 vous pourrez nourrir votre r\u00e9seau et int\u00e9grer une dynamique entrepreneuriale ?&nbsp;inovall\u00e9e ouvre un tout nouvel espace de coworking au sein de son \u00ab\u00a0a\u00e9rop\u00f4le entrepreneurial\u00a0\u00bb, qui abrite la structure d&rsquo;animation de la technopole, la p\u00e9pini\u00e8re Tarmac et la MIE-MIFE.&nbsp;70 m\u00b2 [&hellip;]<\/p>\n","protected":false},"author":6,"featured_media":0,"comment_status":"closed","ping_status":"open","sticky":false,"template":"","format":"standard","meta":{"footnotes":""},"categories":[57],"tags":[],"class_list":["post-1627","post","type-post","status-publish","format-standard","hentry","category-services-mutualises"],"yoast_head":"<!-- This site is optimized with the Yoast SEO plugin v27.4 - https:\/\/yoast.com\/product\/yoast-seo-wordpress\/ -->\n<title>Nouveau : ouverture d&#039;un espace de coworking \u00e0 inovall\u00e9e ! - inovall\u00e9e<\/title>\n<meta name=\"robots\" content=\"index, follow, max-snippet:-1, max-image-preview:large, max-video-preview:-1\" \/>\n<link rel=\"canonical\" href=\"https:\/\/www.inovallee.com\/en\/nouveau-ouverture-dun-espace-de-coworking-a-inovallee\/\" \/>\n<meta property=\"og:locale\" content=\"en_GB\" \/>\n<meta property=\"og:type\" content=\"article\" \/>\n<meta property=\"og:title\" content=\"Nouveau : ouverture d&#039;un espace de coworking \u00e0 inovall\u00e9e ! - inovall\u00e9e\" \/>\n<meta property=\"og:description\" content=\"Vous souhaitez pouvoir disposer d\u2019un bureau \u00e0 la carte dans un espace professionnel de qualit\u00e9 o\u00f9 vous pourrez nourrir votre r\u00e9seau et int\u00e9grer une dynamique entrepreneuriale ?&nbsp;inovall\u00e9e ouvre un tout nouvel espace de coworking au sein de son \u00ab\u00a0a\u00e9rop\u00f4le entrepreneurial\u00a0\u00bb, qui abrite la structure d&rsquo;animation de la technopole, la p\u00e9pini\u00e8re Tarmac et la MIE-MIFE.&nbsp;70 m\u00b2 [&hellip;]\" \/>\n<meta property=\"og:url\" content=\"https:\/\/www.inovallee.com\/en\/nouveau-ouverture-dun-espace-de-coworking-a-inovallee\/\" \/>\n<meta property=\"og:site_name\" content=\"inovall\u00e9e\" \/>\n<meta property=\"article:publisher\" content=\"https:\/\/www.facebook.com\/technopoleinovallee\/\" \/>\n<meta property=\"article:published_time\" content=\"2014-02-12T15:38:00+00:00\" \/>\n<meta property=\"og:image\" content=\"http:\/\/2.bp.blogspot.com\/-8DG8Hsf2HOI\/UvuNWYsAtEI\/AAAAAAAAKHU\/A89k2ldSQrI\/s1600\/IMG_1392.JPG\" \/>\n<meta name=\"author\" content=\"Inovallee\" \/>\n<meta name=\"twitter:card\" content=\"summary_large_image\" \/>\n<meta name=\"twitter:creator\" content=\"@inovallee\" \/>\n<meta name=\"twitter:site\" content=\"@inovallee\" \/>\n<meta name=\"twitter:label1\" content=\"Written by\" \/>\n\t<meta name=\"twitter:data1\" content=\"Inovallee\" \/>\n\t<meta name=\"twitter:label2\" content=\"Estimated reading time\" \/>\n\t<meta name=\"twitter:data2\" content=\"1 minute\" \/>\n<script type=\"application\/ld+json\" class=\"yoast-schema-graph\">{\"@context\":\"https:\\\/\\\/schema.org\",\"@graph\":[{\"@type\":\"Article\",\"@id\":\"https:\\\/\\\/www.inovallee.com\\\/nouveau-ouverture-dun-espace-de-coworking-a-inovallee\\\/#article\",\"isPartOf\":{\"@id\":\"https:\\\/\\\/www.inovallee.com\\\/nouveau-ouverture-dun-espace-de-coworking-a-inovallee\\\/\"},\"author\":{\"name\":\"Inovallee\",\"@id\":\"https:\\\/\\\/www.inovallee.com\\\/#\\\/schema\\\/person\\\/a45b15518aad3111b2d61d257a3e023b\"},\"headline\":\"Nouveau : ouverture d&#039;un espace de coworking \u00e0 inovall\u00e9e !\",\"datePublished\":\"2014-02-12T15:38:00+00:00\",\"mainEntityOfPage\":{\"@id\":\"https:\\\/\\\/www.inovallee.com\\\/nouveau-ouverture-dun-espace-de-coworking-a-inovallee\\\/\"},\"wordCount\":299,\"publisher\":{\"@id\":\"https:\\\/\\\/www.inovallee.com\\\/#organization\"},\"image\":{\"@id\":\"https:\\\/\\\/www.inovallee.com\\\/nouveau-ouverture-dun-espace-de-coworking-a-inovallee\\\/#primaryimage\"},\"thumbnailUrl\":\"http:\\\/\\\/2.bp.blogspot.com\\\/-8DG8Hsf2HOI\\\/UvuNWYsAtEI\\\/AAAAAAAAKHU\\\/A89k2ldSQrI\\\/s1600\\\/IMG_1392.JPG\",\"articleSection\":[\"Achats et services mutualis\u00e9s\"],\"inLanguage\":\"en-GB\"},{\"@type\":\"WebPage\",\"@id\":\"https:\\\/\\\/www.inovallee.com\\\/nouveau-ouverture-dun-espace-de-coworking-a-inovallee\\\/\",\"url\":\"https:\\\/\\\/www.inovallee.com\\\/nouveau-ouverture-dun-espace-de-coworking-a-inovallee\\\/\",\"name\":\"Nouveau : ouverture d&#039;un espace de coworking \u00e0 inovall\u00e9e ! - inovall\u00e9e\",\"isPartOf\":{\"@id\":\"https:\\\/\\\/www.inovallee.com\\\/#website\"},\"primaryImageOfPage\":{\"@id\":\"https:\\\/\\\/www.inovallee.com\\\/nouveau-ouverture-dun-espace-de-coworking-a-inovallee\\\/#primaryimage\"},\"image\":{\"@id\":\"https:\\\/\\\/www.inovallee.com\\\/nouveau-ouverture-dun-espace-de-coworking-a-inovallee\\\/#primaryimage\"},\"thumbnailUrl\":\"http:\\\/\\\/2.bp.blogspot.com\\\/-8DG8Hsf2HOI\\\/UvuNWYsAtEI\\\/AAAAAAAAKHU\\\/A89k2ldSQrI\\\/s1600\\\/IMG_1392.JPG\",\"datePublished\":\"2014-02-12T15:38:00+00:00\",\"breadcrumb\":{\"@id\":\"https:\\\/\\\/www.inovallee.com\\\/nouveau-ouverture-dun-espace-de-coworking-a-inovallee\\\/#breadcrumb\"},\"inLanguage\":\"en-GB\",\"potentialAction\":[{\"@type\":\"ReadAction\",\"target\":[\"https:\\\/\\\/www.inovallee.com\\\/nouveau-ouverture-dun-espace-de-coworking-a-inovallee\\\/\"]}]},{\"@type\":\"ImageObject\",\"inLanguage\":\"en-GB\",\"@id\":\"https:\\\/\\\/www.inovallee.com\\\/nouveau-ouverture-dun-espace-de-coworking-a-inovallee\\\/#primaryimage\",\"url\":\"http:\\\/\\\/2.bp.blogspot.com\\\/-8DG8Hsf2HOI\\\/UvuNWYsAtEI\\\/AAAAAAAAKHU\\\/A89k2ldSQrI\\\/s1600\\\/IMG_1392.JPG\",\"contentUrl\":\"http:\\\/\\\/2.bp.blogspot.com\\\/-8DG8Hsf2HOI\\\/UvuNWYsAtEI\\\/AAAAAAAAKHU\\\/A89k2ldSQrI\\\/s1600\\\/IMG_1392.JPG\"},{\"@type\":\"BreadcrumbList\",\"@id\":\"https:\\\/\\\/www.inovallee.com\\\/nouveau-ouverture-dun-espace-de-coworking-a-inovallee\\\/#breadcrumb\",\"itemListElement\":[{\"@type\":\"ListItem\",\"position\":1,\"name\":\"Accueil\",\"item\":\"https:\\\/\\\/www.inovallee.com\\\/\"},{\"@type\":\"ListItem\",\"position\":2,\"name\":\"Nouveau : ouverture d&#039;un espace de coworking \u00e0 inovall\u00e9e !\"}]},{\"@type\":\"WebSite\",\"@id\":\"https:\\\/\\\/www.inovallee.com\\\/#website\",\"url\":\"https:\\\/\\\/www.inovallee.com\\\/\",\"name\":\"inovall\u00e9e technopole, Home to software & smart technologies\",\"description\":\"Home to software &amp; smart technologies\",\"publisher\":{\"@id\":\"https:\\\/\\\/www.inovallee.com\\\/#organization\"},\"potentialAction\":[{\"@type\":\"SearchAction\",\"target\":{\"@type\":\"EntryPoint\",\"urlTemplate\":\"https:\\\/\\\/www.inovallee.com\\\/?s={search_term_string}\"},\"query-input\":{\"@type\":\"PropertyValueSpecification\",\"valueRequired\":true,\"valueName\":\"search_term_string\"}}],\"inLanguage\":\"en-GB\"},{\"@type\":\"Organization\",\"@id\":\"https:\\\/\\\/www.inovallee.com\\\/#organization\",\"name\":\"inovall\u00e9e\",\"url\":\"https:\\\/\\\/www.inovallee.com\\\/\",\"logo\":{\"@type\":\"ImageObject\",\"inLanguage\":\"en-GB\",\"@id\":\"https:\\\/\\\/www.inovallee.com\\\/#\\\/schema\\\/logo\\\/image\\\/\",\"url\":\"https:\\\/\\\/www.inovallee.com\\\/wp-content\\\/uploads\\\/2023\\\/08\\\/inovallee_2022_GrenobleAlpes.png\",\"contentUrl\":\"https:\\\/\\\/www.inovallee.com\\\/wp-content\\\/uploads\\\/2023\\\/08\\\/inovallee_2022_GrenobleAlpes.png\",\"width\":945,\"height\":369,\"caption\":\"inovall\u00e9e\"},\"image\":{\"@id\":\"https:\\\/\\\/www.inovallee.com\\\/#\\\/schema\\\/logo\\\/image\\\/\"},\"sameAs\":[\"https:\\\/\\\/www.facebook.com\\\/technopoleinovallee\\\/\",\"https:\\\/\\\/x.com\\\/inovallee\",\"https:\\\/\\\/www.linkedin.com\\\/company\\\/inovall-e\\\/\",\"https:\\\/\\\/www.youtube.com\\\/user\\\/inovallee?reload=9\"]},{\"@type\":\"Person\",\"@id\":\"https:\\\/\\\/www.inovallee.com\\\/#\\\/schema\\\/person\\\/a45b15518aad3111b2d61d257a3e023b\",\"name\":\"Inovallee\"}]}<\/script>\n<!-- \/ Yoast SEO plugin. -->","yoast_head_json":{"title":"Nouveau : ouverture d&#039;un espace de coworking \u00e0 inovall\u00e9e ! - inovall\u00e9e","robots":{"index":"index","follow":"follow","max-snippet":"max-snippet:-1","max-image-preview":"max-image-preview:large","max-video-preview":"max-video-preview:-1"},"canonical":"https:\/\/www.inovallee.com\/en\/nouveau-ouverture-dun-espace-de-coworking-a-inovallee\/","og_locale":"en_GB","og_type":"article","og_title":"Nouveau : ouverture d&#039;un espace de coworking \u00e0 inovall\u00e9e ! - inovall\u00e9e","og_description":"Vous souhaitez pouvoir disposer d\u2019un bureau \u00e0 la carte dans un espace professionnel de qualit\u00e9 o\u00f9 vous pourrez nourrir votre r\u00e9seau et int\u00e9grer une dynamique entrepreneuriale ?&nbsp;inovall\u00e9e ouvre un tout nouvel espace de coworking au sein de son \u00ab\u00a0a\u00e9rop\u00f4le entrepreneurial\u00a0\u00bb, qui abrite la structure d&rsquo;animation de la technopole, la p\u00e9pini\u00e8re Tarmac et la MIE-MIFE.&nbsp;70 m\u00b2 [&hellip;]","og_url":"https:\/\/www.inovallee.com\/en\/nouveau-ouverture-dun-espace-de-coworking-a-inovallee\/","og_site_name":"inovall\u00e9e","article_publisher":"https:\/\/www.facebook.com\/technopoleinovallee\/","article_published_time":"2014-02-12T15:38:00+00:00","og_image":[{"url":"http:\/\/2.bp.blogspot.com\/-8DG8Hsf2HOI\/UvuNWYsAtEI\/AAAAAAAAKHU\/A89k2ldSQrI\/s1600\/IMG_1392.JPG","type":"","width":"","height":""}],"author":"Inovallee","twitter_card":"summary_large_image","twitter_creator":"@inovallee","twitter_site":"@inovallee","twitter_misc":{"Written by":"Inovallee","Estimated reading time":"1 minute"},"schema":{"@context":"https:\/\/schema.org","@graph":[{"@type":"Article","@id":"https:\/\/www.inovallee.com\/nouveau-ouverture-dun-espace-de-coworking-a-inovallee\/#article","isPartOf":{"@id":"https:\/\/www.inovallee.com\/nouveau-ouverture-dun-espace-de-coworking-a-inovallee\/"},"author":{"name":"Inovallee","@id":"https:\/\/www.inovallee.com\/#\/schema\/person\/a45b15518aad3111b2d61d257a3e023b"},"headline":"Nouveau : ouverture d&#039;un espace de coworking \u00e0 inovall\u00e9e !","datePublished":"2014-02-12T15:38:00+00:00","mainEntityOfPage":{"@id":"https:\/\/www.inovallee.com\/nouveau-ouverture-dun-espace-de-coworking-a-inovallee\/"},"wordCount":299,"publisher":{"@id":"https:\/\/www.inovallee.com\/#organization"},"image":{"@id":"https:\/\/www.inovallee.com\/nouveau-ouverture-dun-espace-de-coworking-a-inovallee\/#primaryimage"},"thumbnailUrl":"http:\/\/2.bp.blogspot.com\/-8DG8Hsf2HOI\/UvuNWYsAtEI\/AAAAAAAAKHU\/A89k2ldSQrI\/s1600\/IMG_1392.JPG","articleSection":["Achats et services mutualis\u00e9s"],"inLanguage":"en-GB"},{"@type":"WebPage","@id":"https:\/\/www.inovallee.com\/nouveau-ouverture-dun-espace-de-coworking-a-inovallee\/","url":"https:\/\/www.inovallee.com\/nouveau-ouverture-dun-espace-de-coworking-a-inovallee\/","name":"Nouveau : ouverture d&#039;un espace de coworking \u00e0 inovall\u00e9e ! - inovall\u00e9e","isPartOf":{"@id":"https:\/\/www.inovallee.com\/#website"},"primaryImageOfPage":{"@id":"https:\/\/www.inovallee.com\/nouveau-ouverture-dun-espace-de-coworking-a-inovallee\/#primaryimage"},"image":{"@id":"https:\/\/www.inovallee.com\/nouveau-ouverture-dun-espace-de-coworking-a-inovallee\/#primaryimage"},"thumbnailUrl":"http:\/\/2.bp.blogspot.com\/-8DG8Hsf2HOI\/UvuNWYsAtEI\/AAAAAAAAKHU\/A89k2ldSQrI\/s1600\/IMG_1392.JPG","datePublished":"2014-02-12T15:38:00+00:00","breadcrumb":{"@id":"https:\/\/www.inovallee.com\/nouveau-ouverture-dun-espace-de-coworking-a-inovallee\/#breadcrumb"},"inLanguage":"en-GB","potentialAction":[{"@type":"ReadAction","target":["https:\/\/www.inovallee.com\/nouveau-ouverture-dun-espace-de-coworking-a-inovallee\/"]}]},{"@type":"ImageObject","inLanguage":"en-GB","@id":"https:\/\/www.inovallee.com\/nouveau-ouverture-dun-espace-de-coworking-a-inovallee\/#primaryimage","url":"http:\/\/2.bp.blogspot.com\/-8DG8Hsf2HOI\/UvuNWYsAtEI\/AAAAAAAAKHU\/A89k2ldSQrI\/s1600\/IMG_1392.JPG","contentUrl":"http:\/\/2.bp.blogspot.com\/-8DG8Hsf2HOI\/UvuNWYsAtEI\/AAAAAAAAKHU\/A89k2ldSQrI\/s1600\/IMG_1392.JPG"},{"@type":"BreadcrumbList","@id":"https:\/\/www.inovallee.com\/nouveau-ouverture-dun-espace-de-coworking-a-inovallee\/#breadcrumb","itemListElement":[{"@type":"ListItem","position":1,"name":"Accueil","item":"https:\/\/www.inovallee.com\/"},{"@type":"ListItem","position":2,"name":"Nouveau : ouverture d&#039;un espace de coworking \u00e0 inovall\u00e9e !"}]},{"@type":"WebSite","@id":"https:\/\/www.inovallee.com\/#website","url":"https:\/\/www.inovallee.com\/","name":"inovall\u00e9e technopole, Home to software & smart technologies","description":"Home to software &amp; smart technologies","publisher":{"@id":"https:\/\/www.inovallee.com\/#organization"},"potentialAction":[{"@type":"SearchAction","target":{"@type":"EntryPoint","urlTemplate":"https:\/\/www.inovallee.com\/?s={search_term_string}"},"query-input":{"@type":"PropertyValueSpecification","valueRequired":true,"valueName":"search_term_string"}}],"inLanguage":"en-GB"},{"@type":"Organization","@id":"https:\/\/www.inovallee.com\/#organization","name":"inovall\u00e9e","url":"https:\/\/www.inovallee.com\/","logo":{"@type":"ImageObject","inLanguage":"en-GB","@id":"https:\/\/www.inovallee.com\/#\/schema\/logo\/image\/","url":"https:\/\/www.inovallee.com\/wp-content\/uploads\/2023\/08\/inovallee_2022_GrenobleAlpes.png","contentUrl":"https:\/\/www.inovallee.com\/wp-content\/uploads\/2023\/08\/inovallee_2022_GrenobleAlpes.png","width":945,"height":369,"caption":"inovall\u00e9e"},"image":{"@id":"https:\/\/www.inovallee.com\/#\/schema\/logo\/image\/"},"sameAs":["https:\/\/www.facebook.com\/technopoleinovallee\/","https:\/\/x.com\/inovallee","https:\/\/www.linkedin.com\/company\/inovall-e\/","https:\/\/www.youtube.com\/user\/inovallee?reload=9"]},{"@type":"Person","@id":"https:\/\/www.inovallee.com\/#\/schema\/person\/a45b15518aad3111b2d61d257a3e023b","name":"Inovallee"}]}},"_links":{"self":[{"href":"https:\/\/www.inovallee.com\/en\/wp-json\/wp\/v2\/posts\/1627","targetHints":{"allow":["GET"]}}],"collection":[{"href":"https:\/\/www.inovallee.com\/en\/wp-json\/wp\/v2\/posts"}],"about":[{"href":"https:\/\/www.inovallee.com\/en\/wp-json\/wp\/v2\/types\/post"}],"author":[{"embeddable":true,"href":"https:\/\/www.inovallee.com\/en\/wp-json\/wp\/v2\/users\/6"}],"replies":[{"embeddable":true,"href":"https:\/\/www.inovallee.com\/en\/wp-json\/wp\/v2\/comments?post=1627"}],"version-history":[{"count":0,"href":"https:\/\/www.inovallee.com\/en\/wp-json\/wp\/v2\/posts\/1627\/revisions"}],"wp:attachment":[{"href":"https:\/\/www.inovallee.com\/en\/wp-json\/wp\/v2\/media?parent=1627"}],"wp:term":[{"taxonomy":"category","embeddable":true,"href":"https:\/\/www.inovallee.com\/en\/wp-json\/wp\/v2\/categories?post=1627"},{"taxonomy":"post_tag","embeddable":true,"href":"https:\/\/www.inovallee.com\/en\/wp-json\/wp\/v2\/tags?post=1627"}],"curies":[{"name":"wp","href":"https:\/\/api.w.org\/{rel}","templated":true}]}}