{"id":1810,"date":"2015-09-03T07:09:00","date_gmt":"2015-09-03T06:09:00","guid":{"rendered":"https:\/\/www.inovallee.com\/lactualite-du-territoire-inscrivez-vous-aux-2e-rencontres-de-lelectromobilite-organisees-par-citelec-grenoble-jeudi-17-septembre\/"},"modified":"2015-09-03T07:09:00","modified_gmt":"2015-09-03T06:09:00","slug":"lactualite-du-territoire-inscrivez-vous-aux-2e-rencontres-de-lelectromobilite-organisees-par-citelec-grenoble-jeudi-17-septembre","status":"publish","type":"post","link":"https:\/\/www.inovallee.com\/en\/lactualite-du-territoire-inscrivez-vous-aux-2e-rencontres-de-lelectromobilite-organisees-par-citelec-grenoble-jeudi-17-septembre\/","title":{"rendered":"L&#039;actualit\u00e9 du territoire : Inscrivez-vous aux 2e rencontres de l&#039;\u00e9lectromobilit\u00e9 organis\u00e9es par CitElec-Grenoble jeudi 17 septembre"},"content":{"rendered":"<div dir=\"ltr\" style=\"text-align: left;\">\n<div style=\"clear: both; text-align: center;\"><span style=\"background-color: white;\"><a href=\"http:\/\/3.bp.blogspot.com\/-rfLJGiR39Rg\/Veb0VN00pQI\/AAAAAAAASik\/OcxQ9mdw404\/s1600\/elctromobilit%25C3%25A9.jpg\" style=\"clear: left; float: left; margin-bottom: 1em; margin-right: 1em;\"><img decoding=\"async\" border=\"0\" height=\"41\" src=\"http:\/\/3.bp.blogspot.com\/-rfLJGiR39Rg\/Veb0VN00pQI\/AAAAAAAASik\/OcxQ9mdw404\/s200\/elctromobilit%25C3%25A9.jpg\" width=\"200\" \/><\/a><\/span><\/div>\n<p><span style=\"font-family: Arial, Helvetica, sans-serif; font-size: x-small;\"><span style=\"background-color: white;\"><b>Et si vous participiez aux rencontres de l&rsquo;\u00e9lectromobilit\u00e9 jeudi 17&nbsp;septembre&nbsp;? L\u2019association Cit\u00e9lec, qui s\u2019est&nbsp;donn\u00e9e pour mission de faire la promotion de l\u2019\u00e9lectromobilit\u00e9 a boucl\u00e9 son programme pour la deuxi\u00e8me \u00e9dition de ses rencontres.<\/b><\/span><br style=\"background-color: #f4f4f4;\" \/><span style=\"background-color: white;\"><br \/>La premi\u00e8re \u00e9dition fut une totale r\u00e9ussite. Elle avait eu lieu dans le cadre de la Journ\u00e9e de la mobilit\u00e9 durable 2014. C\u2019est dans l\u2019amphith\u00e9\u00e2tre de Minatec et au cours de cette m\u00eame journ\u00e9e qu\u2019elles auront lieu cette ann\u00e9e encore, le 17 septembre.<\/span><br style=\"background-color: #f4f4f4;\" \/><br style=\"background-color: #f4f4f4;\" \/><span style=\"background-color: white;\">Apr\u00e8s avoir enregistr\u00e9 plus de 400 participants l\u2019ann\u00e9e derni\u00e8re pour des prises de paroles tr\u00e8s riches sur le sujet, l\u2019association a choisi d\u2019ouvrir les d\u00e9bats sous la forme de tables rondes et de discussions autour de trois th\u00e9matiques : les initiatives majeures pour l&rsquo;\u00e9lectromobilit\u00e9 et les retours d&rsquo;exp\u00e9rience, les solutions industrielles, nouvelles technologies et innovation.&nbsp;<\/span><\/span><br \/><span style=\"font-family: Arial, Helvetica, sans-serif; font-size: x-small;\"><span style=\"background-color: #f4f4f4;\"><br \/><\/span><\/span><span style=\"background-color: white;\"><span style=\"font-family: Arial, Helvetica, sans-serif; font-size: x-small;\"><b>HORAIRES :<\/b><\/span><\/span><br \/><span style=\"background-color: white;\"><span style=\"font-family: Arial, Helvetica, sans-serif; font-size: x-small;\">Jeudi 17 septembre de 8h \u00e0 18h non-stop<\/span><\/span><br \/><span style=\"background-color: white;\"><span style=\"font-family: Arial, Helvetica, sans-serif; font-size: x-small;\"><br \/><\/span><span style=\"font-family: Arial, Helvetica, sans-serif; font-size: x-small;\">&nbsp;&#8211; Le Village de la mobilit\u00e9 (ouvert au public) : de 8h \u00e0 18h<br \/>&nbsp;&#8211; Les 1\u00e8res Assises des PDE-PDIE (sur inscription) : 9h \u00e0 12h30<br \/>&nbsp;&#8211; Les 2\u00e8mes Rencontres de l\u2019\u00e9lectromobilit\u00e9 (sur inscription)&nbsp;: 14h \u00e0 18h<br \/>&nbsp;&#8211; C\u00e9r\u00e9monie de cl\u00f4ture (sur invitation) : \u00e0 partir de 19h<\/span><\/span><br \/><span style=\"font-family: Arial, Helvetica, sans-serif; font-size: x-small;\"><span style=\"background-color: #f4f4f4;\"><br \/><\/span><\/span><span style=\"background-color: white;\"><span style=\"font-family: Arial, Helvetica, sans-serif; font-size: x-small;\"><b>LIEU :&nbsp;<\/b>Sur le site du CEA Grenoble (entr\u00e9e Minatec) en plein c\u0153ur de la presqu\u2019\u00eele<\/span><\/span><br \/><span style=\"font-family: Arial, Helvetica, sans-serif; font-size: x-small;\"><span style=\"background-color: #f4f4f4;\"><br \/><\/span><\/span><span style=\"font-family: Arial, Helvetica, sans-serif; font-size: x-small;\"><span style=\"background-color: #f4f4f4;\"><b>PROGRAMME :&nbsp;<\/b><\/span><\/span><br \/><span style=\"font-family: Arial, Helvetica, sans-serif; font-size: x-small;\">Cliquez <a href=\"http:\/\/www.journee-mobilite-durable.fr\/index.php?onglet=9&amp;langue=fr#module2\" target=\"_blank\" rel=\"noopener noreferrer\">ici<\/a><\/span><br \/><span style=\"font-family: Arial, Helvetica, sans-serif; font-size: x-small;\"><span style=\"background-color: #f4f4f4;\"><br \/><\/span><\/span><span style=\"font-family: Arial, Helvetica, sans-serif; font-size: x-small;\"><span style=\"background-color: #f4f4f4;\"><b>VOUS INSCRIRE :&nbsp;<\/b><\/span><\/span><br \/><span style=\"font-family: Arial, Helvetica, sans-serif; font-size: x-small;\"><span style=\"background-color: #f4f4f4;\">Cliquez <a href=\"http:\/\/www.journee-mobilite-durable.fr\/index.php?onglet=0\" target=\"_blank\" rel=\"noopener noreferrer\">ici<\/a><\/span><\/span><br \/><span style=\"font-family: Arial, Helvetica, sans-serif; font-size: x-small;\"><span style=\"background-color: #f4f4f4;\">(inscription gratuite mais obligatoire &#8211; nombre de places limit\u00e9)<\/span><\/span><br \/><span style=\"font-family: Arial, Helvetica, sans-serif; font-size: x-small;\"><span style=\"background-color: #f4f4f4;\"><br \/><\/span><\/span><\/div>","protected":false},"excerpt":{"rendered":"<p>Et si vous participiez aux rencontres de l&rsquo;\u00e9lectromobilit\u00e9 jeudi 17&nbsp;septembre&nbsp;? L\u2019association Cit\u00e9lec, qui s\u2019est&nbsp;donn\u00e9e pour mission de faire la promotion de l\u2019\u00e9lectromobilit\u00e9 a boucl\u00e9 son programme pour la deuxi\u00e8me \u00e9dition de ses rencontres.La premi\u00e8re \u00e9dition fut une totale r\u00e9ussite. Elle avait eu lieu dans le cadre de la Journ\u00e9e de la mobilit\u00e9 durable 2014. C\u2019est [&hellip;]<\/p>\n","protected":false},"author":6,"featured_media":0,"comment_status":"closed","ping_status":"open","sticky":false,"template":"","format":"standard","meta":{"footnotes":""},"categories":[35],"tags":[],"class_list":["post-1810","post","type-post","status-publish","format-standard","hentry","category-sports-loisirs-culture-inovallee"],"yoast_head":"<!-- This site is optimized with the Yoast SEO plugin v27.4 - https:\/\/yoast.com\/product\/yoast-seo-wordpress\/ -->\n<title>L&#039;actualit\u00e9 du territoire : Inscrivez-vous aux 2e rencontres de l&#039;\u00e9lectromobilit\u00e9 organis\u00e9es par CitElec-Grenoble jeudi 17 septembre - inovall\u00e9e<\/title>\n<meta name=\"robots\" content=\"index, follow, max-snippet:-1, max-image-preview:large, max-video-preview:-1\" \/>\n<link rel=\"canonical\" href=\"https:\/\/www.inovallee.com\/en\/lactualite-du-territoire-inscrivez-vous-aux-2e-rencontres-de-lelectromobilite-organisees-par-citelec-grenoble-jeudi-17-septembre\/\" \/>\n<meta property=\"og:locale\" content=\"en_GB\" \/>\n<meta property=\"og:type\" content=\"article\" \/>\n<meta property=\"og:title\" content=\"L&#039;actualit\u00e9 du territoire : Inscrivez-vous aux 2e rencontres de l&#039;\u00e9lectromobilit\u00e9 organis\u00e9es par CitElec-Grenoble jeudi 17 septembre - inovall\u00e9e\" \/>\n<meta property=\"og:description\" content=\"Et si vous participiez aux rencontres de l&rsquo;\u00e9lectromobilit\u00e9 jeudi 17&nbsp;septembre&nbsp;? L\u2019association Cit\u00e9lec, qui s\u2019est&nbsp;donn\u00e9e pour mission de faire la promotion de l\u2019\u00e9lectromobilit\u00e9 a boucl\u00e9 son programme pour la deuxi\u00e8me \u00e9dition de ses rencontres.La premi\u00e8re \u00e9dition fut une totale r\u00e9ussite. Elle avait eu lieu dans le cadre de la Journ\u00e9e de la mobilit\u00e9 durable 2014. C\u2019est [&hellip;]\" \/>\n<meta property=\"og:url\" content=\"https:\/\/www.inovallee.com\/en\/lactualite-du-territoire-inscrivez-vous-aux-2e-rencontres-de-lelectromobilite-organisees-par-citelec-grenoble-jeudi-17-septembre\/\" \/>\n<meta property=\"og:site_name\" content=\"inovall\u00e9e\" \/>\n<meta property=\"article:publisher\" content=\"https:\/\/www.facebook.com\/technopoleinovallee\/\" \/>\n<meta property=\"article:published_time\" content=\"2015-09-03T06:09:00+00:00\" \/>\n<meta property=\"og:image\" content=\"http:\/\/3.bp.blogspot.com\/-rfLJGiR39Rg\/Veb0VN00pQI\/AAAAAAAASik\/OcxQ9mdw404\/s200\/elctromobilit%25C3%25A9.jpg\" \/>\n<meta name=\"author\" content=\"Inovallee\" \/>\n<meta name=\"twitter:card\" content=\"summary_large_image\" \/>\n<meta name=\"twitter:creator\" content=\"@inovallee\" \/>\n<meta name=\"twitter:site\" content=\"@inovallee\" \/>\n<meta name=\"twitter:label1\" content=\"Written by\" \/>\n\t<meta name=\"twitter:data1\" content=\"Inovallee\" \/>\n\t<meta name=\"twitter:label2\" content=\"Estimated reading time\" \/>\n\t<meta name=\"twitter:data2\" content=\"1 minute\" \/>\n<script type=\"application\/ld+json\" class=\"yoast-schema-graph\">{\"@context\":\"https:\\\/\\\/schema.org\",\"@graph\":[{\"@type\":\"Article\",\"@id\":\"https:\\\/\\\/www.inovallee.com\\\/lactualite-du-territoire-inscrivez-vous-aux-2e-rencontres-de-lelectromobilite-organisees-par-citelec-grenoble-jeudi-17-septembre\\\/#article\",\"isPartOf\":{\"@id\":\"https:\\\/\\\/www.inovallee.com\\\/lactualite-du-territoire-inscrivez-vous-aux-2e-rencontres-de-lelectromobilite-organisees-par-citelec-grenoble-jeudi-17-septembre\\\/\"},\"author\":{\"name\":\"Inovallee\",\"@id\":\"https:\\\/\\\/www.inovallee.com\\\/#\\\/schema\\\/person\\\/a45b15518aad3111b2d61d257a3e023b\"},\"headline\":\"L&#039;actualit\u00e9 du territoire : Inscrivez-vous aux 2e rencontres de l&#039;\u00e9lectromobilit\u00e9 organis\u00e9es par CitElec-Grenoble jeudi 17 septembre\",\"datePublished\":\"2015-09-03T06:09:00+00:00\",\"mainEntityOfPage\":{\"@id\":\"https:\\\/\\\/www.inovallee.com\\\/lactualite-du-territoire-inscrivez-vous-aux-2e-rencontres-de-lelectromobilite-organisees-par-citelec-grenoble-jeudi-17-septembre\\\/\"},\"wordCount\":272,\"publisher\":{\"@id\":\"https:\\\/\\\/www.inovallee.com\\\/#organization\"},\"image\":{\"@id\":\"https:\\\/\\\/www.inovallee.com\\\/lactualite-du-territoire-inscrivez-vous-aux-2e-rencontres-de-lelectromobilite-organisees-par-citelec-grenoble-jeudi-17-septembre\\\/#primaryimage\"},\"thumbnailUrl\":\"http:\\\/\\\/3.bp.blogspot.com\\\/-rfLJGiR39Rg\\\/Veb0VN00pQI\\\/AAAAAAAASik\\\/OcxQ9mdw404\\\/s200\\\/elctromobilit%25C3%25A9.jpg\",\"articleSection\":[\"Sports &amp; Loisirs\"],\"inLanguage\":\"en-GB\"},{\"@type\":\"WebPage\",\"@id\":\"https:\\\/\\\/www.inovallee.com\\\/lactualite-du-territoire-inscrivez-vous-aux-2e-rencontres-de-lelectromobilite-organisees-par-citelec-grenoble-jeudi-17-septembre\\\/\",\"url\":\"https:\\\/\\\/www.inovallee.com\\\/lactualite-du-territoire-inscrivez-vous-aux-2e-rencontres-de-lelectromobilite-organisees-par-citelec-grenoble-jeudi-17-septembre\\\/\",\"name\":\"L&#039;actualit\u00e9 du territoire : Inscrivez-vous aux 2e rencontres de l&#039;\u00e9lectromobilit\u00e9 organis\u00e9es par CitElec-Grenoble jeudi 17 septembre - inovall\u00e9e\",\"isPartOf\":{\"@id\":\"https:\\\/\\\/www.inovallee.com\\\/#website\"},\"primaryImageOfPage\":{\"@id\":\"https:\\\/\\\/www.inovallee.com\\\/lactualite-du-territoire-inscrivez-vous-aux-2e-rencontres-de-lelectromobilite-organisees-par-citelec-grenoble-jeudi-17-septembre\\\/#primaryimage\"},\"image\":{\"@id\":\"https:\\\/\\\/www.inovallee.com\\\/lactualite-du-territoire-inscrivez-vous-aux-2e-rencontres-de-lelectromobilite-organisees-par-citelec-grenoble-jeudi-17-septembre\\\/#primaryimage\"},\"thumbnailUrl\":\"http:\\\/\\\/3.bp.blogspot.com\\\/-rfLJGiR39Rg\\\/Veb0VN00pQI\\\/AAAAAAAASik\\\/OcxQ9mdw404\\\/s200\\\/elctromobilit%25C3%25A9.jpg\",\"datePublished\":\"2015-09-03T06:09:00+00:00\",\"breadcrumb\":{\"@id\":\"https:\\\/\\\/www.inovallee.com\\\/lactualite-du-territoire-inscrivez-vous-aux-2e-rencontres-de-lelectromobilite-organisees-par-citelec-grenoble-jeudi-17-septembre\\\/#breadcrumb\"},\"inLanguage\":\"en-GB\",\"potentialAction\":[{\"@type\":\"ReadAction\",\"target\":[\"https:\\\/\\\/www.inovallee.com\\\/lactualite-du-territoire-inscrivez-vous-aux-2e-rencontres-de-lelectromobilite-organisees-par-citelec-grenoble-jeudi-17-septembre\\\/\"]}]},{\"@type\":\"ImageObject\",\"inLanguage\":\"en-GB\",\"@id\":\"https:\\\/\\\/www.inovallee.com\\\/lactualite-du-territoire-inscrivez-vous-aux-2e-rencontres-de-lelectromobilite-organisees-par-citelec-grenoble-jeudi-17-septembre\\\/#primaryimage\",\"url\":\"http:\\\/\\\/3.bp.blogspot.com\\\/-rfLJGiR39Rg\\\/Veb0VN00pQI\\\/AAAAAAAASik\\\/OcxQ9mdw404\\\/s200\\\/elctromobilit%25C3%25A9.jpg\",\"contentUrl\":\"http:\\\/\\\/3.bp.blogspot.com\\\/-rfLJGiR39Rg\\\/Veb0VN00pQI\\\/AAAAAAAASik\\\/OcxQ9mdw404\\\/s200\\\/elctromobilit%25C3%25A9.jpg\"},{\"@type\":\"BreadcrumbList\",\"@id\":\"https:\\\/\\\/www.inovallee.com\\\/lactualite-du-territoire-inscrivez-vous-aux-2e-rencontres-de-lelectromobilite-organisees-par-citelec-grenoble-jeudi-17-septembre\\\/#breadcrumb\",\"itemListElement\":[{\"@type\":\"ListItem\",\"position\":1,\"name\":\"Accueil\",\"item\":\"https:\\\/\\\/www.inovallee.com\\\/\"},{\"@type\":\"ListItem\",\"position\":2,\"name\":\"L&#039;actualit\u00e9 du territoire : Inscrivez-vous aux 2e rencontres de l&#039;\u00e9lectromobilit\u00e9 organis\u00e9es par CitElec-Grenoble jeudi 17 septembre\"}]},{\"@type\":\"WebSite\",\"@id\":\"https:\\\/\\\/www.inovallee.com\\\/#website\",\"url\":\"https:\\\/\\\/www.inovallee.com\\\/\",\"name\":\"inovall\u00e9e technopole, Home to software & smart technologies\",\"description\":\"Home to software &amp; smart technologies\",\"publisher\":{\"@id\":\"https:\\\/\\\/www.inovallee.com\\\/#organization\"},\"potentialAction\":[{\"@type\":\"SearchAction\",\"target\":{\"@type\":\"EntryPoint\",\"urlTemplate\":\"https:\\\/\\\/www.inovallee.com\\\/?s={search_term_string}\"},\"query-input\":{\"@type\":\"PropertyValueSpecification\",\"valueRequired\":true,\"valueName\":\"search_term_string\"}}],\"inLanguage\":\"en-GB\"},{\"@type\":\"Organization\",\"@id\":\"https:\\\/\\\/www.inovallee.com\\\/#organization\",\"name\":\"inovall\u00e9e\",\"url\":\"https:\\\/\\\/www.inovallee.com\\\/\",\"logo\":{\"@type\":\"ImageObject\",\"inLanguage\":\"en-GB\",\"@id\":\"https:\\\/\\\/www.inovallee.com\\\/#\\\/schema\\\/logo\\\/image\\\/\",\"url\":\"https:\\\/\\\/www.inovallee.com\\\/wp-content\\\/uploads\\\/2023\\\/08\\\/inovallee_2022_GrenobleAlpes.png\",\"contentUrl\":\"https:\\\/\\\/www.inovallee.com\\\/wp-content\\\/uploads\\\/2023\\\/08\\\/inovallee_2022_GrenobleAlpes.png\",\"width\":945,\"height\":369,\"caption\":\"inovall\u00e9e\"},\"image\":{\"@id\":\"https:\\\/\\\/www.inovallee.com\\\/#\\\/schema\\\/logo\\\/image\\\/\"},\"sameAs\":[\"https:\\\/\\\/www.facebook.com\\\/technopoleinovallee\\\/\",\"https:\\\/\\\/x.com\\\/inovallee\",\"https:\\\/\\\/www.linkedin.com\\\/company\\\/inovall-e\\\/\",\"https:\\\/\\\/www.youtube.com\\\/user\\\/inovallee?reload=9\"]},{\"@type\":\"Person\",\"@id\":\"https:\\\/\\\/www.inovallee.com\\\/#\\\/schema\\\/person\\\/a45b15518aad3111b2d61d257a3e023b\",\"name\":\"Inovallee\"}]}<\/script>\n<!-- \/ Yoast SEO plugin. -->","yoast_head_json":{"title":"L&#039;actualit\u00e9 du territoire : Inscrivez-vous aux 2e rencontres de l&#039;\u00e9lectromobilit\u00e9 organis\u00e9es par CitElec-Grenoble jeudi 17 septembre - inovall\u00e9e","robots":{"index":"index","follow":"follow","max-snippet":"max-snippet:-1","max-image-preview":"max-image-preview:large","max-video-preview":"max-video-preview:-1"},"canonical":"https:\/\/www.inovallee.com\/en\/lactualite-du-territoire-inscrivez-vous-aux-2e-rencontres-de-lelectromobilite-organisees-par-citelec-grenoble-jeudi-17-septembre\/","og_locale":"en_GB","og_type":"article","og_title":"L&#039;actualit\u00e9 du territoire : Inscrivez-vous aux 2e rencontres de l&#039;\u00e9lectromobilit\u00e9 organis\u00e9es par CitElec-Grenoble jeudi 17 septembre - inovall\u00e9e","og_description":"Et si vous participiez aux rencontres de l&rsquo;\u00e9lectromobilit\u00e9 jeudi 17&nbsp;septembre&nbsp;? L\u2019association Cit\u00e9lec, qui s\u2019est&nbsp;donn\u00e9e pour mission de faire la promotion de l\u2019\u00e9lectromobilit\u00e9 a boucl\u00e9 son programme pour la deuxi\u00e8me \u00e9dition de ses rencontres.La premi\u00e8re \u00e9dition fut une totale r\u00e9ussite. Elle avait eu lieu dans le cadre de la Journ\u00e9e de la mobilit\u00e9 durable 2014. C\u2019est [&hellip;]","og_url":"https:\/\/www.inovallee.com\/en\/lactualite-du-territoire-inscrivez-vous-aux-2e-rencontres-de-lelectromobilite-organisees-par-citelec-grenoble-jeudi-17-septembre\/","og_site_name":"inovall\u00e9e","article_publisher":"https:\/\/www.facebook.com\/technopoleinovallee\/","article_published_time":"2015-09-03T06:09:00+00:00","og_image":[{"url":"http:\/\/3.bp.blogspot.com\/-rfLJGiR39Rg\/Veb0VN00pQI\/AAAAAAAASik\/OcxQ9mdw404\/s200\/elctromobilit%25C3%25A9.jpg","type":"","width":"","height":""}],"author":"Inovallee","twitter_card":"summary_large_image","twitter_creator":"@inovallee","twitter_site":"@inovallee","twitter_misc":{"Written by":"Inovallee","Estimated reading time":"1 minute"},"schema":{"@context":"https:\/\/schema.org","@graph":[{"@type":"Article","@id":"https:\/\/www.inovallee.com\/lactualite-du-territoire-inscrivez-vous-aux-2e-rencontres-de-lelectromobilite-organisees-par-citelec-grenoble-jeudi-17-septembre\/#article","isPartOf":{"@id":"https:\/\/www.inovallee.com\/lactualite-du-territoire-inscrivez-vous-aux-2e-rencontres-de-lelectromobilite-organisees-par-citelec-grenoble-jeudi-17-septembre\/"},"author":{"name":"Inovallee","@id":"https:\/\/www.inovallee.com\/#\/schema\/person\/a45b15518aad3111b2d61d257a3e023b"},"headline":"L&#039;actualit\u00e9 du territoire : Inscrivez-vous aux 2e rencontres de l&#039;\u00e9lectromobilit\u00e9 organis\u00e9es par CitElec-Grenoble jeudi 17 septembre","datePublished":"2015-09-03T06:09:00+00:00","mainEntityOfPage":{"@id":"https:\/\/www.inovallee.com\/lactualite-du-territoire-inscrivez-vous-aux-2e-rencontres-de-lelectromobilite-organisees-par-citelec-grenoble-jeudi-17-septembre\/"},"wordCount":272,"publisher":{"@id":"https:\/\/www.inovallee.com\/#organization"},"image":{"@id":"https:\/\/www.inovallee.com\/lactualite-du-territoire-inscrivez-vous-aux-2e-rencontres-de-lelectromobilite-organisees-par-citelec-grenoble-jeudi-17-septembre\/#primaryimage"},"thumbnailUrl":"http:\/\/3.bp.blogspot.com\/-rfLJGiR39Rg\/Veb0VN00pQI\/AAAAAAAASik\/OcxQ9mdw404\/s200\/elctromobilit%25C3%25A9.jpg","articleSection":["Sports &amp; Loisirs"],"inLanguage":"en-GB"},{"@type":"WebPage","@id":"https:\/\/www.inovallee.com\/lactualite-du-territoire-inscrivez-vous-aux-2e-rencontres-de-lelectromobilite-organisees-par-citelec-grenoble-jeudi-17-septembre\/","url":"https:\/\/www.inovallee.com\/lactualite-du-territoire-inscrivez-vous-aux-2e-rencontres-de-lelectromobilite-organisees-par-citelec-grenoble-jeudi-17-septembre\/","name":"L&#039;actualit\u00e9 du territoire : Inscrivez-vous aux 2e rencontres de l&#039;\u00e9lectromobilit\u00e9 organis\u00e9es par CitElec-Grenoble jeudi 17 septembre - inovall\u00e9e","isPartOf":{"@id":"https:\/\/www.inovallee.com\/#website"},"primaryImageOfPage":{"@id":"https:\/\/www.inovallee.com\/lactualite-du-territoire-inscrivez-vous-aux-2e-rencontres-de-lelectromobilite-organisees-par-citelec-grenoble-jeudi-17-septembre\/#primaryimage"},"image":{"@id":"https:\/\/www.inovallee.com\/lactualite-du-territoire-inscrivez-vous-aux-2e-rencontres-de-lelectromobilite-organisees-par-citelec-grenoble-jeudi-17-septembre\/#primaryimage"},"thumbnailUrl":"http:\/\/3.bp.blogspot.com\/-rfLJGiR39Rg\/Veb0VN00pQI\/AAAAAAAASik\/OcxQ9mdw404\/s200\/elctromobilit%25C3%25A9.jpg","datePublished":"2015-09-03T06:09:00+00:00","breadcrumb":{"@id":"https:\/\/www.inovallee.com\/lactualite-du-territoire-inscrivez-vous-aux-2e-rencontres-de-lelectromobilite-organisees-par-citelec-grenoble-jeudi-17-septembre\/#breadcrumb"},"inLanguage":"en-GB","potentialAction":[{"@type":"ReadAction","target":["https:\/\/www.inovallee.com\/lactualite-du-territoire-inscrivez-vous-aux-2e-rencontres-de-lelectromobilite-organisees-par-citelec-grenoble-jeudi-17-septembre\/"]}]},{"@type":"ImageObject","inLanguage":"en-GB","@id":"https:\/\/www.inovallee.com\/lactualite-du-territoire-inscrivez-vous-aux-2e-rencontres-de-lelectromobilite-organisees-par-citelec-grenoble-jeudi-17-septembre\/#primaryimage","url":"http:\/\/3.bp.blogspot.com\/-rfLJGiR39Rg\/Veb0VN00pQI\/AAAAAAAASik\/OcxQ9mdw404\/s200\/elctromobilit%25C3%25A9.jpg","contentUrl":"http:\/\/3.bp.blogspot.com\/-rfLJGiR39Rg\/Veb0VN00pQI\/AAAAAAAASik\/OcxQ9mdw404\/s200\/elctromobilit%25C3%25A9.jpg"},{"@type":"BreadcrumbList","@id":"https:\/\/www.inovallee.com\/lactualite-du-territoire-inscrivez-vous-aux-2e-rencontres-de-lelectromobilite-organisees-par-citelec-grenoble-jeudi-17-septembre\/#breadcrumb","itemListElement":[{"@type":"ListItem","position":1,"name":"Accueil","item":"https:\/\/www.inovallee.com\/"},{"@type":"ListItem","position":2,"name":"L&#039;actualit\u00e9 du territoire : Inscrivez-vous aux 2e rencontres de l&#039;\u00e9lectromobilit\u00e9 organis\u00e9es par CitElec-Grenoble jeudi 17 septembre"}]},{"@type":"WebSite","@id":"https:\/\/www.inovallee.com\/#website","url":"https:\/\/www.inovallee.com\/","name":"inovall\u00e9e technopole, Home to software & smart technologies","description":"Home to software &amp; smart technologies","publisher":{"@id":"https:\/\/www.inovallee.com\/#organization"},"potentialAction":[{"@type":"SearchAction","target":{"@type":"EntryPoint","urlTemplate":"https:\/\/www.inovallee.com\/?s={search_term_string}"},"query-input":{"@type":"PropertyValueSpecification","valueRequired":true,"valueName":"search_term_string"}}],"inLanguage":"en-GB"},{"@type":"Organization","@id":"https:\/\/www.inovallee.com\/#organization","name":"inovall\u00e9e","url":"https:\/\/www.inovallee.com\/","logo":{"@type":"ImageObject","inLanguage":"en-GB","@id":"https:\/\/www.inovallee.com\/#\/schema\/logo\/image\/","url":"https:\/\/www.inovallee.com\/wp-content\/uploads\/2023\/08\/inovallee_2022_GrenobleAlpes.png","contentUrl":"https:\/\/www.inovallee.com\/wp-content\/uploads\/2023\/08\/inovallee_2022_GrenobleAlpes.png","width":945,"height":369,"caption":"inovall\u00e9e"},"image":{"@id":"https:\/\/www.inovallee.com\/#\/schema\/logo\/image\/"},"sameAs":["https:\/\/www.facebook.com\/technopoleinovallee\/","https:\/\/x.com\/inovallee","https:\/\/www.linkedin.com\/company\/inovall-e\/","https:\/\/www.youtube.com\/user\/inovallee?reload=9"]},{"@type":"Person","@id":"https:\/\/www.inovallee.com\/#\/schema\/person\/a45b15518aad3111b2d61d257a3e023b","name":"Inovallee"}]}},"_links":{"self":[{"href":"https:\/\/www.inovallee.com\/en\/wp-json\/wp\/v2\/posts\/1810","targetHints":{"allow":["GET"]}}],"collection":[{"href":"https:\/\/www.inovallee.com\/en\/wp-json\/wp\/v2\/posts"}],"about":[{"href":"https:\/\/www.inovallee.com\/en\/wp-json\/wp\/v2\/types\/post"}],"author":[{"embeddable":true,"href":"https:\/\/www.inovallee.com\/en\/wp-json\/wp\/v2\/users\/6"}],"replies":[{"embeddable":true,"href":"https:\/\/www.inovallee.com\/en\/wp-json\/wp\/v2\/comments?post=1810"}],"version-history":[{"count":0,"href":"https:\/\/www.inovallee.com\/en\/wp-json\/wp\/v2\/posts\/1810\/revisions"}],"wp:attachment":[{"href":"https:\/\/www.inovallee.com\/en\/wp-json\/wp\/v2\/media?parent=1810"}],"wp:term":[{"taxonomy":"category","embeddable":true,"href":"https:\/\/www.inovallee.com\/en\/wp-json\/wp\/v2\/categories?post=1810"},{"taxonomy":"post_tag","embeddable":true,"href":"https:\/\/www.inovallee.com\/en\/wp-json\/wp\/v2\/tags?post=1810"}],"curies":[{"name":"wp","href":"https:\/\/api.w.org\/{rel}","templated":true}]}}