{"id":1830,"date":"2015-07-09T15:17:00","date_gmt":"2015-07-09T14:17:00","guid":{"rendered":"https:\/\/www.inovallee.com\/lactualite-des-entreprises-dinovallee-5-ans-de-croissance-pour-emisys\/"},"modified":"2015-07-09T15:17:00","modified_gmt":"2015-07-09T14:17:00","slug":"lactualite-des-entreprises-dinovallee-5-ans-de-croissance-pour-emisys","status":"publish","type":"post","link":"https:\/\/www.inovallee.com\/en\/lactualite-des-entreprises-dinovallee-5-ans-de-croissance-pour-emisys\/","title":{"rendered":"L&#039;actualit\u00e9 des entreprises d&#039;inovall\u00e9e : 5 ans de croissance pour Emisys"},"content":{"rendered":"<div dir=\"ltr\" style=\"text-align: left;\">\n<div style=\"clear: both; text-align: center;\"><a href=\"http:\/\/4.bp.blogspot.com\/-z4IM5UB1W4c\/VZ0ZtYK2cDI\/AAAAAAAARnU\/FKfm_ee32_c\/s1600\/emisys_logo_final.jpg\" style=\"clear: left; float: left; margin-bottom: 1em; margin-right: 1em;\"><img decoding=\"async\" border=\"0\" height=\"40\" src=\"http:\/\/4.bp.blogspot.com\/-z4IM5UB1W4c\/VZ0ZtYK2cDI\/AAAAAAAARnU\/FKfm_ee32_c\/s200\/emisys_logo_final.jpg\" width=\"200\" \/><\/a><\/div>\n<p><span style=\"font-family: Arial, Helvetica, sans-serif; font-size: x-small;\"><b>Le cabinet de conseil et d&rsquo;ing\u00e9nierie en management de projets Emisys vient de f\u00eater ses 5 ans d&rsquo;existence avec un bilan tr\u00e8s positif !&nbsp;<\/b><\/span><br \/><span style=\"font-family: Arial, Helvetica, sans-serif; font-size: x-small;\"><br \/><\/span><span style=\"font-family: Arial, Helvetica, sans-serif; font-size: x-small;\">L&rsquo;entreprise, dont les r\u00e9f\u00e9rences vont d&rsquo;Airbus \u00e0 Thal\u00e8s en passant par Alstom, Air Liquide, Rolls Royce ou Schneider a \u00e9t\u00e9 initi\u00e9e par Renaud Chanard en 2010. L&rsquo;attention particuli\u00e8re qu&rsquo;il porte aux valeurs humaines (il associe le management participatif et l&rsquo;entreprise \u00ab\u00a0lib\u00e9r\u00e9e\u00a0\u00bb) lui permet de f\u00e9d\u00e9rer des conseillers rapidement. Tant et si bien que deux ans plus tard, l&rsquo;entreprise booste son chiffre d&rsquo;affaire de 135 % ! Aujourd&rsquo;hui, le CA d&rsquo;Emisys est stabilis\u00e9 \u00e0 30 % et 115 collaborateurs ing\u00e9nieurs et cadres sp\u00e9cialis\u00e9s constituent l&rsquo;entreprise&#8230; Collaborateurs et clients ont pu f\u00eater ensemble ces tr\u00e8s bons r\u00e9sultats du haut de la Bastille le 2 juillet dernier.&nbsp;<\/span><br \/><span style=\"font-family: Arial, Helvetica, sans-serif; font-size: x-small;\"><br \/><\/span><span style=\"font-family: Arial, Helvetica, sans-serif; font-size: x-small;\">Un beau bilan, pour seulement 5 ann\u00e9es d&rsquo;existence, non ?&nbsp;<\/span><br \/><span style=\"font-family: Arial, Helvetica, sans-serif; font-size: x-small;\"><br \/><\/span><\/p>\n<div style=\"clear: both; text-align: center;\"><a href=\"http:\/\/3.bp.blogspot.com\/-YjuvyHtvMas\/VZ5-uOjt1eI\/AAAAAAAARoU\/j3vm8qucxZc\/s1600\/IMGP0031.JPG\" style=\"margin-left: 1em; margin-right: 1em;\"><img fetchpriority=\"high\" decoding=\"async\" border=\"0\" height=\"263\" src=\"http:\/\/3.bp.blogspot.com\/-YjuvyHtvMas\/VZ5-uOjt1eI\/AAAAAAAARoU\/j3vm8qucxZc\/s400\/IMGP0031.JPG\" width=\"400\" \/><\/a><\/div>\n<p><\/p>\n<div style=\"clear: both; text-align: center;\"><a href=\"http:\/\/4.bp.blogspot.com\/-zNz2kKxA0do\/VZ5-s0WgHaI\/AAAAAAAARoM\/h-MXrsTbn50\/s1600\/IMGP0065.JPG\" style=\"margin-left: 1em; margin-right: 1em;\"><img decoding=\"async\" border=\"0\" height=\"263\" src=\"http:\/\/4.bp.blogspot.com\/-zNz2kKxA0do\/VZ5-s0WgHaI\/AAAAAAAARoM\/h-MXrsTbn50\/s400\/IMGP0065.JPG\" width=\"400\" \/><\/a><\/div>\n<p><span style=\"font-family: Arial, Helvetica, sans-serif; font-size: x-small;\"><br \/><\/span><\/div>","protected":false},"excerpt":{"rendered":"<p>Le cabinet de conseil et d&rsquo;ing\u00e9nierie en management de projets Emisys vient de f\u00eater ses 5 ans d&rsquo;existence avec un bilan tr\u00e8s positif !&nbsp;L&rsquo;entreprise, dont les r\u00e9f\u00e9rences vont d&rsquo;Airbus \u00e0 Thal\u00e8s en passant par Alstom, Air Liquide, Rolls Royce ou Schneider a \u00e9t\u00e9 initi\u00e9e par Renaud Chanard en 2010. L&rsquo;attention particuli\u00e8re qu&rsquo;il porte aux valeurs [&hellip;]<\/p>\n","protected":false},"author":6,"featured_media":0,"comment_status":"closed","ping_status":"open","sticky":false,"template":"","format":"standard","meta":{"footnotes":""},"categories":[28],"tags":[],"class_list":["post-1830","post","type-post","status-publish","format-standard","hentry","category-actus-entreprises"],"yoast_head":"<!-- This site is optimized with the Yoast SEO plugin v27.4 - https:\/\/yoast.com\/product\/yoast-seo-wordpress\/ -->\n<title>L&#039;actualit\u00e9 des entreprises d&#039;inovall\u00e9e : 5 ans de croissance pour Emisys - inovall\u00e9e<\/title>\n<meta name=\"robots\" content=\"index, follow, max-snippet:-1, max-image-preview:large, max-video-preview:-1\" \/>\n<link rel=\"canonical\" href=\"https:\/\/www.inovallee.com\/en\/lactualite-des-entreprises-dinovallee-5-ans-de-croissance-pour-emisys\/\" \/>\n<meta property=\"og:locale\" content=\"en_GB\" \/>\n<meta property=\"og:type\" content=\"article\" \/>\n<meta property=\"og:title\" content=\"L&#039;actualit\u00e9 des entreprises d&#039;inovall\u00e9e : 5 ans de croissance pour Emisys - inovall\u00e9e\" \/>\n<meta property=\"og:description\" content=\"Le cabinet de conseil et d&rsquo;ing\u00e9nierie en management de projets Emisys vient de f\u00eater ses 5 ans d&rsquo;existence avec un bilan tr\u00e8s positif !&nbsp;L&rsquo;entreprise, dont les r\u00e9f\u00e9rences vont d&rsquo;Airbus \u00e0 Thal\u00e8s en passant par Alstom, Air Liquide, Rolls Royce ou Schneider a \u00e9t\u00e9 initi\u00e9e par Renaud Chanard en 2010. L&rsquo;attention particuli\u00e8re qu&rsquo;il porte aux valeurs [&hellip;]\" \/>\n<meta property=\"og:url\" content=\"https:\/\/www.inovallee.com\/en\/lactualite-des-entreprises-dinovallee-5-ans-de-croissance-pour-emisys\/\" \/>\n<meta property=\"og:site_name\" content=\"inovall\u00e9e\" \/>\n<meta property=\"article:publisher\" content=\"https:\/\/www.facebook.com\/technopoleinovallee\/\" \/>\n<meta property=\"article:published_time\" content=\"2015-07-09T14:17:00+00:00\" \/>\n<meta property=\"og:image\" content=\"http:\/\/4.bp.blogspot.com\/-z4IM5UB1W4c\/VZ0ZtYK2cDI\/AAAAAAAARnU\/FKfm_ee32_c\/s200\/emisys_logo_final.jpg\" \/>\n<meta name=\"author\" content=\"Inovallee\" \/>\n<meta name=\"twitter:card\" content=\"summary_large_image\" \/>\n<meta name=\"twitter:creator\" content=\"@inovallee\" \/>\n<meta name=\"twitter:site\" content=\"@inovallee\" \/>\n<meta name=\"twitter:label1\" content=\"Written by\" \/>\n\t<meta name=\"twitter:data1\" content=\"Inovallee\" \/>\n\t<meta name=\"twitter:label2\" content=\"Estimated reading time\" \/>\n\t<meta name=\"twitter:data2\" content=\"1 minute\" \/>\n<script type=\"application\/ld+json\" class=\"yoast-schema-graph\">{\"@context\":\"https:\\\/\\\/schema.org\",\"@graph\":[{\"@type\":\"Article\",\"@id\":\"https:\\\/\\\/www.inovallee.com\\\/lactualite-des-entreprises-dinovallee-5-ans-de-croissance-pour-emisys\\\/#article\",\"isPartOf\":{\"@id\":\"https:\\\/\\\/www.inovallee.com\\\/lactualite-des-entreprises-dinovallee-5-ans-de-croissance-pour-emisys\\\/\"},\"author\":{\"name\":\"Inovallee\",\"@id\":\"https:\\\/\\\/www.inovallee.com\\\/#\\\/schema\\\/person\\\/a45b15518aad3111b2d61d257a3e023b\"},\"headline\":\"L&#039;actualit\u00e9 des entreprises d&#039;inovall\u00e9e : 5 ans de croissance pour Emisys\",\"datePublished\":\"2015-07-09T14:17:00+00:00\",\"mainEntityOfPage\":{\"@id\":\"https:\\\/\\\/www.inovallee.com\\\/lactualite-des-entreprises-dinovallee-5-ans-de-croissance-pour-emisys\\\/\"},\"wordCount\":171,\"publisher\":{\"@id\":\"https:\\\/\\\/www.inovallee.com\\\/#organization\"},\"image\":{\"@id\":\"https:\\\/\\\/www.inovallee.com\\\/lactualite-des-entreprises-dinovallee-5-ans-de-croissance-pour-emisys\\\/#primaryimage\"},\"thumbnailUrl\":\"http:\\\/\\\/4.bp.blogspot.com\\\/-z4IM5UB1W4c\\\/VZ0ZtYK2cDI\\\/AAAAAAAARnU\\\/FKfm_ee32_c\\\/s200\\\/emisys_logo_final.jpg\",\"articleSection\":[\"Sucess stories des entreprises d'inovall\u00e9e\"],\"inLanguage\":\"en-GB\"},{\"@type\":\"WebPage\",\"@id\":\"https:\\\/\\\/www.inovallee.com\\\/lactualite-des-entreprises-dinovallee-5-ans-de-croissance-pour-emisys\\\/\",\"url\":\"https:\\\/\\\/www.inovallee.com\\\/lactualite-des-entreprises-dinovallee-5-ans-de-croissance-pour-emisys\\\/\",\"name\":\"L&#039;actualit\u00e9 des entreprises d&#039;inovall\u00e9e : 5 ans de croissance pour Emisys - inovall\u00e9e\",\"isPartOf\":{\"@id\":\"https:\\\/\\\/www.inovallee.com\\\/#website\"},\"primaryImageOfPage\":{\"@id\":\"https:\\\/\\\/www.inovallee.com\\\/lactualite-des-entreprises-dinovallee-5-ans-de-croissance-pour-emisys\\\/#primaryimage\"},\"image\":{\"@id\":\"https:\\\/\\\/www.inovallee.com\\\/lactualite-des-entreprises-dinovallee-5-ans-de-croissance-pour-emisys\\\/#primaryimage\"},\"thumbnailUrl\":\"http:\\\/\\\/4.bp.blogspot.com\\\/-z4IM5UB1W4c\\\/VZ0ZtYK2cDI\\\/AAAAAAAARnU\\\/FKfm_ee32_c\\\/s200\\\/emisys_logo_final.jpg\",\"datePublished\":\"2015-07-09T14:17:00+00:00\",\"breadcrumb\":{\"@id\":\"https:\\\/\\\/www.inovallee.com\\\/lactualite-des-entreprises-dinovallee-5-ans-de-croissance-pour-emisys\\\/#breadcrumb\"},\"inLanguage\":\"en-GB\",\"potentialAction\":[{\"@type\":\"ReadAction\",\"target\":[\"https:\\\/\\\/www.inovallee.com\\\/lactualite-des-entreprises-dinovallee-5-ans-de-croissance-pour-emisys\\\/\"]}]},{\"@type\":\"ImageObject\",\"inLanguage\":\"en-GB\",\"@id\":\"https:\\\/\\\/www.inovallee.com\\\/lactualite-des-entreprises-dinovallee-5-ans-de-croissance-pour-emisys\\\/#primaryimage\",\"url\":\"http:\\\/\\\/4.bp.blogspot.com\\\/-z4IM5UB1W4c\\\/VZ0ZtYK2cDI\\\/AAAAAAAARnU\\\/FKfm_ee32_c\\\/s200\\\/emisys_logo_final.jpg\",\"contentUrl\":\"http:\\\/\\\/4.bp.blogspot.com\\\/-z4IM5UB1W4c\\\/VZ0ZtYK2cDI\\\/AAAAAAAARnU\\\/FKfm_ee32_c\\\/s200\\\/emisys_logo_final.jpg\"},{\"@type\":\"BreadcrumbList\",\"@id\":\"https:\\\/\\\/www.inovallee.com\\\/lactualite-des-entreprises-dinovallee-5-ans-de-croissance-pour-emisys\\\/#breadcrumb\",\"itemListElement\":[{\"@type\":\"ListItem\",\"position\":1,\"name\":\"Accueil\",\"item\":\"https:\\\/\\\/www.inovallee.com\\\/\"},{\"@type\":\"ListItem\",\"position\":2,\"name\":\"L&#039;actualit\u00e9 des entreprises d&#039;inovall\u00e9e : 5 ans de croissance pour Emisys\"}]},{\"@type\":\"WebSite\",\"@id\":\"https:\\\/\\\/www.inovallee.com\\\/#website\",\"url\":\"https:\\\/\\\/www.inovallee.com\\\/\",\"name\":\"inovall\u00e9e technopole, Home to software & smart technologies\",\"description\":\"Home to software &amp; smart technologies\",\"publisher\":{\"@id\":\"https:\\\/\\\/www.inovallee.com\\\/#organization\"},\"potentialAction\":[{\"@type\":\"SearchAction\",\"target\":{\"@type\":\"EntryPoint\",\"urlTemplate\":\"https:\\\/\\\/www.inovallee.com\\\/?s={search_term_string}\"},\"query-input\":{\"@type\":\"PropertyValueSpecification\",\"valueRequired\":true,\"valueName\":\"search_term_string\"}}],\"inLanguage\":\"en-GB\"},{\"@type\":\"Organization\",\"@id\":\"https:\\\/\\\/www.inovallee.com\\\/#organization\",\"name\":\"inovall\u00e9e\",\"url\":\"https:\\\/\\\/www.inovallee.com\\\/\",\"logo\":{\"@type\":\"ImageObject\",\"inLanguage\":\"en-GB\",\"@id\":\"https:\\\/\\\/www.inovallee.com\\\/#\\\/schema\\\/logo\\\/image\\\/\",\"url\":\"https:\\\/\\\/www.inovallee.com\\\/wp-content\\\/uploads\\\/2023\\\/08\\\/inovallee_2022_GrenobleAlpes.png\",\"contentUrl\":\"https:\\\/\\\/www.inovallee.com\\\/wp-content\\\/uploads\\\/2023\\\/08\\\/inovallee_2022_GrenobleAlpes.png\",\"width\":945,\"height\":369,\"caption\":\"inovall\u00e9e\"},\"image\":{\"@id\":\"https:\\\/\\\/www.inovallee.com\\\/#\\\/schema\\\/logo\\\/image\\\/\"},\"sameAs\":[\"https:\\\/\\\/www.facebook.com\\\/technopoleinovallee\\\/\",\"https:\\\/\\\/x.com\\\/inovallee\",\"https:\\\/\\\/www.linkedin.com\\\/company\\\/inovall-e\\\/\",\"https:\\\/\\\/www.youtube.com\\\/user\\\/inovallee?reload=9\"]},{\"@type\":\"Person\",\"@id\":\"https:\\\/\\\/www.inovallee.com\\\/#\\\/schema\\\/person\\\/a45b15518aad3111b2d61d257a3e023b\",\"name\":\"Inovallee\"}]}<\/script>\n<!-- \/ Yoast SEO plugin. -->","yoast_head_json":{"title":"L&#039;actualit\u00e9 des entreprises d&#039;inovall\u00e9e : 5 ans de croissance pour Emisys - inovall\u00e9e","robots":{"index":"index","follow":"follow","max-snippet":"max-snippet:-1","max-image-preview":"max-image-preview:large","max-video-preview":"max-video-preview:-1"},"canonical":"https:\/\/www.inovallee.com\/en\/lactualite-des-entreprises-dinovallee-5-ans-de-croissance-pour-emisys\/","og_locale":"en_GB","og_type":"article","og_title":"L&#039;actualit\u00e9 des entreprises d&#039;inovall\u00e9e : 5 ans de croissance pour Emisys - inovall\u00e9e","og_description":"Le cabinet de conseil et d&rsquo;ing\u00e9nierie en management de projets Emisys vient de f\u00eater ses 5 ans d&rsquo;existence avec un bilan tr\u00e8s positif !&nbsp;L&rsquo;entreprise, dont les r\u00e9f\u00e9rences vont d&rsquo;Airbus \u00e0 Thal\u00e8s en passant par Alstom, Air Liquide, Rolls Royce ou Schneider a \u00e9t\u00e9 initi\u00e9e par Renaud Chanard en 2010. L&rsquo;attention particuli\u00e8re qu&rsquo;il porte aux valeurs [&hellip;]","og_url":"https:\/\/www.inovallee.com\/en\/lactualite-des-entreprises-dinovallee-5-ans-de-croissance-pour-emisys\/","og_site_name":"inovall\u00e9e","article_publisher":"https:\/\/www.facebook.com\/technopoleinovallee\/","article_published_time":"2015-07-09T14:17:00+00:00","og_image":[{"url":"http:\/\/4.bp.blogspot.com\/-z4IM5UB1W4c\/VZ0ZtYK2cDI\/AAAAAAAARnU\/FKfm_ee32_c\/s200\/emisys_logo_final.jpg","type":"","width":"","height":""}],"author":"Inovallee","twitter_card":"summary_large_image","twitter_creator":"@inovallee","twitter_site":"@inovallee","twitter_misc":{"Written by":"Inovallee","Estimated reading time":"1 minute"},"schema":{"@context":"https:\/\/schema.org","@graph":[{"@type":"Article","@id":"https:\/\/www.inovallee.com\/lactualite-des-entreprises-dinovallee-5-ans-de-croissance-pour-emisys\/#article","isPartOf":{"@id":"https:\/\/www.inovallee.com\/lactualite-des-entreprises-dinovallee-5-ans-de-croissance-pour-emisys\/"},"author":{"name":"Inovallee","@id":"https:\/\/www.inovallee.com\/#\/schema\/person\/a45b15518aad3111b2d61d257a3e023b"},"headline":"L&#039;actualit\u00e9 des entreprises d&#039;inovall\u00e9e : 5 ans de croissance pour Emisys","datePublished":"2015-07-09T14:17:00+00:00","mainEntityOfPage":{"@id":"https:\/\/www.inovallee.com\/lactualite-des-entreprises-dinovallee-5-ans-de-croissance-pour-emisys\/"},"wordCount":171,"publisher":{"@id":"https:\/\/www.inovallee.com\/#organization"},"image":{"@id":"https:\/\/www.inovallee.com\/lactualite-des-entreprises-dinovallee-5-ans-de-croissance-pour-emisys\/#primaryimage"},"thumbnailUrl":"http:\/\/4.bp.blogspot.com\/-z4IM5UB1W4c\/VZ0ZtYK2cDI\/AAAAAAAARnU\/FKfm_ee32_c\/s200\/emisys_logo_final.jpg","articleSection":["Sucess stories des entreprises d'inovall\u00e9e"],"inLanguage":"en-GB"},{"@type":"WebPage","@id":"https:\/\/www.inovallee.com\/lactualite-des-entreprises-dinovallee-5-ans-de-croissance-pour-emisys\/","url":"https:\/\/www.inovallee.com\/lactualite-des-entreprises-dinovallee-5-ans-de-croissance-pour-emisys\/","name":"L&#039;actualit\u00e9 des entreprises d&#039;inovall\u00e9e : 5 ans de croissance pour Emisys - inovall\u00e9e","isPartOf":{"@id":"https:\/\/www.inovallee.com\/#website"},"primaryImageOfPage":{"@id":"https:\/\/www.inovallee.com\/lactualite-des-entreprises-dinovallee-5-ans-de-croissance-pour-emisys\/#primaryimage"},"image":{"@id":"https:\/\/www.inovallee.com\/lactualite-des-entreprises-dinovallee-5-ans-de-croissance-pour-emisys\/#primaryimage"},"thumbnailUrl":"http:\/\/4.bp.blogspot.com\/-z4IM5UB1W4c\/VZ0ZtYK2cDI\/AAAAAAAARnU\/FKfm_ee32_c\/s200\/emisys_logo_final.jpg","datePublished":"2015-07-09T14:17:00+00:00","breadcrumb":{"@id":"https:\/\/www.inovallee.com\/lactualite-des-entreprises-dinovallee-5-ans-de-croissance-pour-emisys\/#breadcrumb"},"inLanguage":"en-GB","potentialAction":[{"@type":"ReadAction","target":["https:\/\/www.inovallee.com\/lactualite-des-entreprises-dinovallee-5-ans-de-croissance-pour-emisys\/"]}]},{"@type":"ImageObject","inLanguage":"en-GB","@id":"https:\/\/www.inovallee.com\/lactualite-des-entreprises-dinovallee-5-ans-de-croissance-pour-emisys\/#primaryimage","url":"http:\/\/4.bp.blogspot.com\/-z4IM5UB1W4c\/VZ0ZtYK2cDI\/AAAAAAAARnU\/FKfm_ee32_c\/s200\/emisys_logo_final.jpg","contentUrl":"http:\/\/4.bp.blogspot.com\/-z4IM5UB1W4c\/VZ0ZtYK2cDI\/AAAAAAAARnU\/FKfm_ee32_c\/s200\/emisys_logo_final.jpg"},{"@type":"BreadcrumbList","@id":"https:\/\/www.inovallee.com\/lactualite-des-entreprises-dinovallee-5-ans-de-croissance-pour-emisys\/#breadcrumb","itemListElement":[{"@type":"ListItem","position":1,"name":"Accueil","item":"https:\/\/www.inovallee.com\/"},{"@type":"ListItem","position":2,"name":"L&#039;actualit\u00e9 des entreprises d&#039;inovall\u00e9e : 5 ans de croissance pour Emisys"}]},{"@type":"WebSite","@id":"https:\/\/www.inovallee.com\/#website","url":"https:\/\/www.inovallee.com\/","name":"inovall\u00e9e technopole, Home to software & smart technologies","description":"Home to software &amp; smart technologies","publisher":{"@id":"https:\/\/www.inovallee.com\/#organization"},"potentialAction":[{"@type":"SearchAction","target":{"@type":"EntryPoint","urlTemplate":"https:\/\/www.inovallee.com\/?s={search_term_string}"},"query-input":{"@type":"PropertyValueSpecification","valueRequired":true,"valueName":"search_term_string"}}],"inLanguage":"en-GB"},{"@type":"Organization","@id":"https:\/\/www.inovallee.com\/#organization","name":"inovall\u00e9e","url":"https:\/\/www.inovallee.com\/","logo":{"@type":"ImageObject","inLanguage":"en-GB","@id":"https:\/\/www.inovallee.com\/#\/schema\/logo\/image\/","url":"https:\/\/www.inovallee.com\/wp-content\/uploads\/2023\/08\/inovallee_2022_GrenobleAlpes.png","contentUrl":"https:\/\/www.inovallee.com\/wp-content\/uploads\/2023\/08\/inovallee_2022_GrenobleAlpes.png","width":945,"height":369,"caption":"inovall\u00e9e"},"image":{"@id":"https:\/\/www.inovallee.com\/#\/schema\/logo\/image\/"},"sameAs":["https:\/\/www.facebook.com\/technopoleinovallee\/","https:\/\/x.com\/inovallee","https:\/\/www.linkedin.com\/company\/inovall-e\/","https:\/\/www.youtube.com\/user\/inovallee?reload=9"]},{"@type":"Person","@id":"https:\/\/www.inovallee.com\/#\/schema\/person\/a45b15518aad3111b2d61d257a3e023b","name":"Inovallee"}]}},"_links":{"self":[{"href":"https:\/\/www.inovallee.com\/en\/wp-json\/wp\/v2\/posts\/1830","targetHints":{"allow":["GET"]}}],"collection":[{"href":"https:\/\/www.inovallee.com\/en\/wp-json\/wp\/v2\/posts"}],"about":[{"href":"https:\/\/www.inovallee.com\/en\/wp-json\/wp\/v2\/types\/post"}],"author":[{"embeddable":true,"href":"https:\/\/www.inovallee.com\/en\/wp-json\/wp\/v2\/users\/6"}],"replies":[{"embeddable":true,"href":"https:\/\/www.inovallee.com\/en\/wp-json\/wp\/v2\/comments?post=1830"}],"version-history":[{"count":0,"href":"https:\/\/www.inovallee.com\/en\/wp-json\/wp\/v2\/posts\/1830\/revisions"}],"wp:attachment":[{"href":"https:\/\/www.inovallee.com\/en\/wp-json\/wp\/v2\/media?parent=1830"}],"wp:term":[{"taxonomy":"category","embeddable":true,"href":"https:\/\/www.inovallee.com\/en\/wp-json\/wp\/v2\/categories?post=1830"},{"taxonomy":"post_tag","embeddable":true,"href":"https:\/\/www.inovallee.com\/en\/wp-json\/wp\/v2\/tags?post=1830"}],"curies":[{"name":"wp","href":"https:\/\/api.w.org\/{rel}","templated":true}]}}