{"id":1878,"date":"2015-06-08T16:32:00","date_gmt":"2015-06-08T15:32:00","guid":{"rendered":"https:\/\/www.inovallee.com\/lactualite-des-partenaires-dinovallee-participez-aux-letidays-du-22-au-26-juin\/"},"modified":"2015-06-08T16:32:00","modified_gmt":"2015-06-08T15:32:00","slug":"lactualite-des-partenaires-dinovallee-participez-aux-letidays-du-22-au-26-juin","status":"publish","type":"post","link":"https:\/\/www.inovallee.com\/en\/lactualite-des-partenaires-dinovallee-participez-aux-letidays-du-22-au-26-juin\/","title":{"rendered":"L&#039;actualit\u00e9 des partenaires d&#039;inovall\u00e9e : participez aux LetiDays du 22 au 26 juin !"},"content":{"rendered":"<div dir=\"ltr\" style=\"text-align: left;\">\n<div style=\"clear: both; text-align: center;\"><a href=\"http:\/\/1.bp.blogspot.com\/-40deLSGajLA\/VXWsI1MTwxI\/AAAAAAAAQ7A\/2qJMHHDSXG8\/s1600\/Leti%2Bdays%2B2015.JPG\" style=\"clear: left; float: left; margin-bottom: 1em; margin-right: 1em;\"><span style=\"font-family: Arial, Helvetica, sans-serif; font-size: x-small;\"><img decoding=\"async\" border=\"0\" height=\"56\" src=\"http:\/\/1.bp.blogspot.com\/-40deLSGajLA\/VXWsI1MTwxI\/AAAAAAAAQ7A\/2qJMHHDSXG8\/s200\/Leti%2Bdays%2B2015.JPG\" width=\"200\" \/><\/span><\/a><\/div>\n<p><b><span style=\"font-family: Arial, Helvetica, sans-serif; font-size: x-small;\">Du 22 au 26 juin aura lieu la 17eme \u00e9dition des Leti Days. Au programme : s\u00e9minaires et ateliers ax\u00e9s entre autres sur la mobilit\u00e9 augment\u00e9e de l&rsquo;Internet des objets, les avanc\u00e9es technologiques li\u00e9es au silicium&#8230;<\/span><\/b><br \/><span style=\"font-family: Arial, Helvetica, sans-serif; font-size: x-small;\"><br \/><\/span><span style=\"font-family: Arial, Helvetica, sans-serif; font-size: x-small;\">Le rassemblement de cette ann\u00e9e inclura les th\u00e9matiques de la mobilit\u00e9 augment\u00e9e de l&rsquo;Internet des objets, qui r\u00e9volutionne litt\u00e9ralement la mani\u00e8re dont nous agissons avec les appareils, les infrastructures et autres innombrables objets qui font partie int\u00e9grante de notre quotidien.&nbsp;<\/span><br \/><span style=\"font-family: Arial, Helvetica, sans-serif; font-size: x-small;\"><br \/><\/span><span style=\"font-family: Arial, Helvetica, sans-serif; font-size: x-small;\">Au del\u00e0 du d\u00e9fi croissant qu&rsquo;apportent la gestion de ces p\u00e9riph\u00e9riques connect\u00e9s, l&rsquo;Internet des Objets fournit un large \u00e9ventail de possibilit\u00e9s pour l&rsquo;\u00e9conomie.&nbsp;<\/span><br \/><span style=\"font-family: Arial, Helvetica, sans-serif; font-size: x-small;\"><br \/><\/span><span style=\"font-family: Arial, Helvetica, sans-serif; font-size: x-small;\">L&rsquo;\u00e9v\u00e9nement, qui a lieu sur deux jours, proposera plus de 40 conf\u00e9rences, des ateliers, des showrooms et <\/span><\/p>\n<div style=\"clear: both; text-align: center;\"><span style=\"font-family: Arial, Helvetica, sans-serif; font-size: x-small;\"><a href=\"http:\/\/1.bp.blogspot.com\/-xemBih24ga8\/VXWxuz3bAFI\/AAAAAAAAQ7U\/b0QM5V6ZN4w\/s1600\/logos-leti.jpg\" style=\"clear: right; float: right; margin-bottom: 1em; margin-left: 1em;\"><img decoding=\"async\" border=\"0\" height=\"142\" src=\"http:\/\/1.bp.blogspot.com\/-xemBih24ga8\/VXWxuz3bAFI\/AAAAAAAAQ7U\/b0QM5V6ZN4w\/s200\/logos-leti.jpg\" width=\"200\" \/><\/a><\/span><\/div>\n<p><span style=\"font-family: Arial, Helvetica, sans-serif; font-size: x-small;\">permettra de nombreuses opportunit\u00e9s pour cr\u00e9er du r\u00e9seau&#8230;&nbsp;<\/span><br \/><span style=\"font-family: Arial, Helvetica, sans-serif; font-size: x-small;\"><br \/><\/span><span style=\"font-family: Arial, Helvetica, sans-serif; font-size: x-small;\"><b><span style=\"color: orange;\">S\u00c9MINAIRES ET ATELIERS :&nbsp;<\/span><\/b><b style=\"background-color: #f4f4f4;\"><br \/>D43D&rsquo;2015 : <\/b><span style=\"background-color: #f4f4f4;\">le 7\u00e8me atelier sur le design pour l&rsquo;int\u00e9gration silicon 3D aura lieu \u00e0 Minatec les 22 et 23 juin<\/span><\/span><br \/><span style=\"background-color: #f4f4f4;\"><span style=\"font-family: Arial, Helvetica, sans-serif; font-size: x-small;\"><br \/><\/span><\/span><span style=\"font-family: Arial, Helvetica, sans-serif; font-size: x-small;\"><b style=\"background-color: #f4f4f4;\">IRT\/C2MI Paradigms for 3D workshop : <\/b><span style=\"background-color: #f4f4f4;\">pour la premi\u00e8re fois, cet atelier sera d\u00e9di\u00e9 \u00e0 la technologie 3D, co-organis\u00e9 par le Leti,&nbsp;<\/span><span style=\"background-color: #f4f4f4;\">C2MI&nbsp;<\/span><span style=\"background-color: #f4f4f4;\">(MiQro Innovation Collaborative Center) et l&rsquo;universit\u00e9 de Sherbrooke aura lieu le 22 juin<\/span><\/span><br \/><span style=\"background-color: #f4f4f4;\"><span style=\"font-family: Arial, Helvetica, sans-serif; font-size: x-small;\"><br \/><\/span><\/span><span style=\"background-color: #f4f4f4;\"><span style=\"font-family: Arial, Helvetica, sans-serif; font-size: x-small;\">Le 26 juin, le LETI va pr\u00e9senter son 7\u00e8me workshop annuel d\u00e9di\u00e9 aux derni\u00e8res r\u00e9alisations en mati\u00e8re de technologies des technologies de m\u00e9moire semi-conductrice &nbsp;avec en parall\u00e8le, un atelier d\u00e9di\u00e9 \u00e0 l&rsquo;\u00e9clairage intelligent, de la LED aux syst\u00e8mes de conditionnement et d&rsquo;\u00e9clairage.&nbsp;<\/span><\/span><br \/><span style=\"background-color: #f4f4f4;\"><span style=\"font-family: Arial, Helvetica, sans-serif; font-size: x-small;\"><br \/><\/span><\/span><b style=\"background-color: #f4f4f4;\"><span style=\"font-family: Arial, Helvetica, sans-serif; font-size: x-small;\"><br \/><\/span><\/b><\/p>\n<div style=\"clear: both; text-align: center;\"><a href=\"http:\/\/1.bp.blogspot.com\/-UGsXe2OJdr0\/VXWtbB85j9I\/AAAAAAAAQ7I\/Di2r67wKkiQ\/s1600\/programme_globalv3.jpg\" style=\"clear: left; float: left; margin-bottom: 1em; margin-right: 1em;\"><span style=\"font-family: Arial, Helvetica, sans-serif; font-size: x-small;\"><img fetchpriority=\"high\" decoding=\"async\" border=\"0\" height=\"259\" src=\"http:\/\/1.bp.blogspot.com\/-UGsXe2OJdr0\/VXWtbB85j9I\/AAAAAAAAQ7I\/Di2r67wKkiQ\/s400\/programme_globalv3.jpg\" width=\"400\" \/><\/span><\/a><\/div>\n<p><span style=\"font-family: Arial, Helvetica, sans-serif; font-size: x-small;\"><br \/><\/span><span style=\"font-family: Arial, Helvetica, sans-serif; font-size: x-small;\"><br \/><\/span><span style=\"font-family: Arial, Helvetica, sans-serif; font-size: x-small;\"><br \/><\/span><span style=\"font-family: Arial, Helvetica, sans-serif; font-size: x-small;\"><br \/><\/span><span style=\"font-family: Arial, Helvetica, sans-serif; font-size: x-small;\"><br \/><\/span><span style=\"font-family: Arial, Helvetica, sans-serif; font-size: x-small;\"><br \/><\/span><span style=\"font-family: Arial, Helvetica, sans-serif; font-size: x-small;\"><br \/><\/span><span style=\"font-family: Arial, Helvetica, sans-serif; font-size: x-small;\"><br \/><\/span><span style=\"font-family: Arial, Helvetica, sans-serif; font-size: x-small;\"><br \/><\/span><span style=\"font-family: Arial, Helvetica, sans-serif; font-size: x-small;\"><br \/><\/span><span style=\"font-family: Arial, Helvetica, sans-serif; font-size: x-small;\"><br \/><\/span><span style=\"font-family: Arial, Helvetica, sans-serif; font-size: x-small;\"><br \/><\/span><span style=\"font-family: Arial, Helvetica, sans-serif; font-size: x-small;\"><br \/><\/span><span style=\"font-family: Arial, Helvetica, sans-serif; font-size: x-small;\"><br \/><\/span><span style=\"font-family: Arial, Helvetica, sans-serif; font-size: x-small;\"><br \/><\/span><span style=\"font-family: Arial, Helvetica, sans-serif; font-size: x-small;\"><br \/><\/span><span style=\"font-family: Arial, Helvetica, sans-serif; font-size: x-small;\"><br \/><\/span><span style=\"font-family: Arial, Helvetica, sans-serif; font-size: x-small;\"><br \/><\/span><b><span style=\"color: orange;\"><br \/><span style=\"font-family: Arial, Helvetica, sans-serif; font-size: x-small;\">POUR VOUS INSCRIRE :<\/span><\/span><\/b><\/p>\n<div style=\"text-align: left;\"><b><b style=\"text-align: center;\"><span style=\"font-family: Arial, Helvetica, sans-serif; font-size: x-small;\">INSIGHT OUTSIDE<\/span><\/b><\/b><\/div>\n<p><span style=\"font-family: Arial, Helvetica, sans-serif; font-size: x-small;\"><span style=\"background-color: #f4f4f4; text-align: center;\">39 chemin du vieux ch\u00eane &#8211; 38240 Meylan&nbsp;<\/span><br style=\"background-color: #f4f4f4; text-align: center;\" \/><span style=\"background-color: #f4f4f4; text-align: center;\">Tel: +33 825 595 525&nbsp;<\/span><span style=\"background-color: #f4f4f4; text-align: center;\">(0,15\u20ac\/min*)<\/span><span style=\"background-color: #f4f4f4; text-align: center;\">&nbsp;&#8211; Fax: +33 4 38 38 18 19<\/span><br style=\"background-color: #f4f4f4; text-align: center;\" \/><a href=\"mailto:contact@letidays.com\" style=\"background-color: #f4f4f4; color: #91c30a; text-align: center; text-decoration: none;\">contact@letidays.com<\/a><br style=\"background-color: #f4f4f4; text-align: center;\" \/><a href=\"http:\/\/www.insight-outside.fr\/\" style=\"background-color: #f4f4f4; color: #91c30a; text-align: center;\" target=\"_blank\" rel=\"noopener noreferrer\">http:\/\/www.insight-outside.fr<\/a><\/span><br \/><span style=\"font-family: Arial, Helvetica, sans-serif; font-size: x-small;\">Du lundi au vendredi de 14h \u00e0 17h<\/span><br \/><span style=\"color: orange; font-family: Arial, Helvetica, sans-serif; font-size: x-small;\"><b><br \/><\/b><\/span><span style=\"color: orange; font-family: Arial, Helvetica, sans-serif; font-size: x-small;\"><b>POUR PLUS D&rsquo;INFORMATIONS :&nbsp;<\/b><\/span><br \/><span style=\"font-family: Arial, Helvetica, sans-serif; font-size: x-small;\">cliquez <a href=\"http:\/\/www.letidays.com\/2015\/\">ici<\/a><\/span><\/div>","protected":false},"excerpt":{"rendered":"<p>Du 22 au 26 juin aura lieu la 17eme \u00e9dition des Leti Days. Au programme : s\u00e9minaires et ateliers ax\u00e9s entre autres sur la mobilit\u00e9 augment\u00e9e de l&rsquo;Internet des objets, les avanc\u00e9es technologiques li\u00e9es au silicium&#8230;Le rassemblement de cette ann\u00e9e inclura les th\u00e9matiques de la mobilit\u00e9 augment\u00e9e de l&rsquo;Internet des objets, qui r\u00e9volutionne litt\u00e9ralement la [&hellip;]<\/p>\n","protected":false},"author":6,"featured_media":0,"comment_status":"closed","ping_status":"open","sticky":false,"template":"","format":"standard","meta":{"footnotes":""},"categories":[51],"tags":[],"class_list":["post-1878","post","type-post","status-publish","format-standard","hentry","category-ecosysteme-innovation"],"yoast_head":"<!-- This site is optimized with the Yoast SEO plugin v27.4 - https:\/\/yoast.com\/product\/yoast-seo-wordpress\/ -->\n<title>L&#039;actualit\u00e9 des partenaires d&#039;inovall\u00e9e : participez aux LetiDays du 22 au 26 juin ! - inovall\u00e9e<\/title>\n<meta name=\"robots\" content=\"index, follow, max-snippet:-1, max-image-preview:large, max-video-preview:-1\" \/>\n<link rel=\"canonical\" href=\"https:\/\/www.inovallee.com\/en\/lactualite-des-partenaires-dinovallee-participez-aux-letidays-du-22-au-26-juin\/\" \/>\n<meta property=\"og:locale\" content=\"en_GB\" \/>\n<meta property=\"og:type\" content=\"article\" \/>\n<meta property=\"og:title\" content=\"L&#039;actualit\u00e9 des partenaires d&#039;inovall\u00e9e : participez aux LetiDays du 22 au 26 juin ! - inovall\u00e9e\" \/>\n<meta property=\"og:description\" content=\"Du 22 au 26 juin aura lieu la 17eme \u00e9dition des Leti Days. Au programme : s\u00e9minaires et ateliers ax\u00e9s entre autres sur la mobilit\u00e9 augment\u00e9e de l&rsquo;Internet des objets, les avanc\u00e9es technologiques li\u00e9es au silicium&#8230;Le rassemblement de cette ann\u00e9e inclura les th\u00e9matiques de la mobilit\u00e9 augment\u00e9e de l&rsquo;Internet des objets, qui r\u00e9volutionne litt\u00e9ralement la [&hellip;]\" \/>\n<meta property=\"og:url\" content=\"https:\/\/www.inovallee.com\/en\/lactualite-des-partenaires-dinovallee-participez-aux-letidays-du-22-au-26-juin\/\" \/>\n<meta property=\"og:site_name\" content=\"inovall\u00e9e\" \/>\n<meta property=\"article:publisher\" content=\"https:\/\/www.facebook.com\/technopoleinovallee\/\" \/>\n<meta property=\"article:published_time\" content=\"2015-06-08T15:32:00+00:00\" \/>\n<meta property=\"og:image\" content=\"http:\/\/1.bp.blogspot.com\/-40deLSGajLA\/VXWsI1MTwxI\/AAAAAAAAQ7A\/2qJMHHDSXG8\/s200\/Leti%2Bdays%2B2015.JPG\" \/>\n<meta name=\"author\" content=\"Inovallee\" \/>\n<meta name=\"twitter:card\" content=\"summary_large_image\" \/>\n<meta name=\"twitter:creator\" content=\"@inovallee\" \/>\n<meta name=\"twitter:site\" content=\"@inovallee\" \/>\n<meta name=\"twitter:label1\" content=\"Written by\" \/>\n\t<meta name=\"twitter:data1\" content=\"Inovallee\" \/>\n\t<meta name=\"twitter:label2\" content=\"Estimated reading time\" \/>\n\t<meta name=\"twitter:data2\" content=\"1 minute\" \/>\n<script type=\"application\/ld+json\" class=\"yoast-schema-graph\">{\"@context\":\"https:\\\/\\\/schema.org\",\"@graph\":[{\"@type\":\"Article\",\"@id\":\"https:\\\/\\\/www.inovallee.com\\\/lactualite-des-partenaires-dinovallee-participez-aux-letidays-du-22-au-26-juin\\\/#article\",\"isPartOf\":{\"@id\":\"https:\\\/\\\/www.inovallee.com\\\/lactualite-des-partenaires-dinovallee-participez-aux-letidays-du-22-au-26-juin\\\/\"},\"author\":{\"name\":\"Inovallee\",\"@id\":\"https:\\\/\\\/www.inovallee.com\\\/#\\\/schema\\\/person\\\/a45b15518aad3111b2d61d257a3e023b\"},\"headline\":\"L&#039;actualit\u00e9 des partenaires d&#039;inovall\u00e9e : participez aux LetiDays du 22 au 26 juin !\",\"datePublished\":\"2015-06-08T15:32:00+00:00\",\"mainEntityOfPage\":{\"@id\":\"https:\\\/\\\/www.inovallee.com\\\/lactualite-des-partenaires-dinovallee-participez-aux-letidays-du-22-au-26-juin\\\/\"},\"wordCount\":323,\"publisher\":{\"@id\":\"https:\\\/\\\/www.inovallee.com\\\/#organization\"},\"image\":{\"@id\":\"https:\\\/\\\/www.inovallee.com\\\/lactualite-des-partenaires-dinovallee-participez-aux-letidays-du-22-au-26-juin\\\/#primaryimage\"},\"thumbnailUrl\":\"http:\\\/\\\/1.bp.blogspot.com\\\/-40deLSGajLA\\\/VXWsI1MTwxI\\\/AAAAAAAAQ7A\\\/2qJMHHDSXG8\\\/s200\\\/Leti%2Bdays%2B2015.JPG\",\"articleSection\":[\"Ecosyst\u00e8me de l'innovation\"],\"inLanguage\":\"en-GB\"},{\"@type\":\"WebPage\",\"@id\":\"https:\\\/\\\/www.inovallee.com\\\/lactualite-des-partenaires-dinovallee-participez-aux-letidays-du-22-au-26-juin\\\/\",\"url\":\"https:\\\/\\\/www.inovallee.com\\\/lactualite-des-partenaires-dinovallee-participez-aux-letidays-du-22-au-26-juin\\\/\",\"name\":\"L&#039;actualit\u00e9 des partenaires d&#039;inovall\u00e9e : participez aux LetiDays du 22 au 26 juin ! - inovall\u00e9e\",\"isPartOf\":{\"@id\":\"https:\\\/\\\/www.inovallee.com\\\/#website\"},\"primaryImageOfPage\":{\"@id\":\"https:\\\/\\\/www.inovallee.com\\\/lactualite-des-partenaires-dinovallee-participez-aux-letidays-du-22-au-26-juin\\\/#primaryimage\"},\"image\":{\"@id\":\"https:\\\/\\\/www.inovallee.com\\\/lactualite-des-partenaires-dinovallee-participez-aux-letidays-du-22-au-26-juin\\\/#primaryimage\"},\"thumbnailUrl\":\"http:\\\/\\\/1.bp.blogspot.com\\\/-40deLSGajLA\\\/VXWsI1MTwxI\\\/AAAAAAAAQ7A\\\/2qJMHHDSXG8\\\/s200\\\/Leti%2Bdays%2B2015.JPG\",\"datePublished\":\"2015-06-08T15:32:00+00:00\",\"breadcrumb\":{\"@id\":\"https:\\\/\\\/www.inovallee.com\\\/lactualite-des-partenaires-dinovallee-participez-aux-letidays-du-22-au-26-juin\\\/#breadcrumb\"},\"inLanguage\":\"en-GB\",\"potentialAction\":[{\"@type\":\"ReadAction\",\"target\":[\"https:\\\/\\\/www.inovallee.com\\\/lactualite-des-partenaires-dinovallee-participez-aux-letidays-du-22-au-26-juin\\\/\"]}]},{\"@type\":\"ImageObject\",\"inLanguage\":\"en-GB\",\"@id\":\"https:\\\/\\\/www.inovallee.com\\\/lactualite-des-partenaires-dinovallee-participez-aux-letidays-du-22-au-26-juin\\\/#primaryimage\",\"url\":\"http:\\\/\\\/1.bp.blogspot.com\\\/-40deLSGajLA\\\/VXWsI1MTwxI\\\/AAAAAAAAQ7A\\\/2qJMHHDSXG8\\\/s200\\\/Leti%2Bdays%2B2015.JPG\",\"contentUrl\":\"http:\\\/\\\/1.bp.blogspot.com\\\/-40deLSGajLA\\\/VXWsI1MTwxI\\\/AAAAAAAAQ7A\\\/2qJMHHDSXG8\\\/s200\\\/Leti%2Bdays%2B2015.JPG\"},{\"@type\":\"BreadcrumbList\",\"@id\":\"https:\\\/\\\/www.inovallee.com\\\/lactualite-des-partenaires-dinovallee-participez-aux-letidays-du-22-au-26-juin\\\/#breadcrumb\",\"itemListElement\":[{\"@type\":\"ListItem\",\"position\":1,\"name\":\"Accueil\",\"item\":\"https:\\\/\\\/www.inovallee.com\\\/\"},{\"@type\":\"ListItem\",\"position\":2,\"name\":\"L&#039;actualit\u00e9 des partenaires d&#039;inovall\u00e9e : participez aux LetiDays du 22 au 26 juin !\"}]},{\"@type\":\"WebSite\",\"@id\":\"https:\\\/\\\/www.inovallee.com\\\/#website\",\"url\":\"https:\\\/\\\/www.inovallee.com\\\/\",\"name\":\"inovall\u00e9e technopole, Home to software & smart technologies\",\"description\":\"Home to software &amp; smart technologies\",\"publisher\":{\"@id\":\"https:\\\/\\\/www.inovallee.com\\\/#organization\"},\"potentialAction\":[{\"@type\":\"SearchAction\",\"target\":{\"@type\":\"EntryPoint\",\"urlTemplate\":\"https:\\\/\\\/www.inovallee.com\\\/?s={search_term_string}\"},\"query-input\":{\"@type\":\"PropertyValueSpecification\",\"valueRequired\":true,\"valueName\":\"search_term_string\"}}],\"inLanguage\":\"en-GB\"},{\"@type\":\"Organization\",\"@id\":\"https:\\\/\\\/www.inovallee.com\\\/#organization\",\"name\":\"inovall\u00e9e\",\"url\":\"https:\\\/\\\/www.inovallee.com\\\/\",\"logo\":{\"@type\":\"ImageObject\",\"inLanguage\":\"en-GB\",\"@id\":\"https:\\\/\\\/www.inovallee.com\\\/#\\\/schema\\\/logo\\\/image\\\/\",\"url\":\"https:\\\/\\\/www.inovallee.com\\\/wp-content\\\/uploads\\\/2023\\\/08\\\/inovallee_2022_GrenobleAlpes.png\",\"contentUrl\":\"https:\\\/\\\/www.inovallee.com\\\/wp-content\\\/uploads\\\/2023\\\/08\\\/inovallee_2022_GrenobleAlpes.png\",\"width\":945,\"height\":369,\"caption\":\"inovall\u00e9e\"},\"image\":{\"@id\":\"https:\\\/\\\/www.inovallee.com\\\/#\\\/schema\\\/logo\\\/image\\\/\"},\"sameAs\":[\"https:\\\/\\\/www.facebook.com\\\/technopoleinovallee\\\/\",\"https:\\\/\\\/x.com\\\/inovallee\",\"https:\\\/\\\/www.linkedin.com\\\/company\\\/inovall-e\\\/\",\"https:\\\/\\\/www.youtube.com\\\/user\\\/inovallee?reload=9\"]},{\"@type\":\"Person\",\"@id\":\"https:\\\/\\\/www.inovallee.com\\\/#\\\/schema\\\/person\\\/a45b15518aad3111b2d61d257a3e023b\",\"name\":\"Inovallee\"}]}<\/script>\n<!-- \/ Yoast SEO plugin. -->","yoast_head_json":{"title":"L&#039;actualit\u00e9 des partenaires d&#039;inovall\u00e9e : participez aux LetiDays du 22 au 26 juin ! - inovall\u00e9e","robots":{"index":"index","follow":"follow","max-snippet":"max-snippet:-1","max-image-preview":"max-image-preview:large","max-video-preview":"max-video-preview:-1"},"canonical":"https:\/\/www.inovallee.com\/en\/lactualite-des-partenaires-dinovallee-participez-aux-letidays-du-22-au-26-juin\/","og_locale":"en_GB","og_type":"article","og_title":"L&#039;actualit\u00e9 des partenaires d&#039;inovall\u00e9e : participez aux LetiDays du 22 au 26 juin ! - inovall\u00e9e","og_description":"Du 22 au 26 juin aura lieu la 17eme \u00e9dition des Leti Days. Au programme : s\u00e9minaires et ateliers ax\u00e9s entre autres sur la mobilit\u00e9 augment\u00e9e de l&rsquo;Internet des objets, les avanc\u00e9es technologiques li\u00e9es au silicium&#8230;Le rassemblement de cette ann\u00e9e inclura les th\u00e9matiques de la mobilit\u00e9 augment\u00e9e de l&rsquo;Internet des objets, qui r\u00e9volutionne litt\u00e9ralement la [&hellip;]","og_url":"https:\/\/www.inovallee.com\/en\/lactualite-des-partenaires-dinovallee-participez-aux-letidays-du-22-au-26-juin\/","og_site_name":"inovall\u00e9e","article_publisher":"https:\/\/www.facebook.com\/technopoleinovallee\/","article_published_time":"2015-06-08T15:32:00+00:00","og_image":[{"url":"http:\/\/1.bp.blogspot.com\/-40deLSGajLA\/VXWsI1MTwxI\/AAAAAAAAQ7A\/2qJMHHDSXG8\/s200\/Leti%2Bdays%2B2015.JPG","type":"","width":"","height":""}],"author":"Inovallee","twitter_card":"summary_large_image","twitter_creator":"@inovallee","twitter_site":"@inovallee","twitter_misc":{"Written by":"Inovallee","Estimated reading time":"1 minute"},"schema":{"@context":"https:\/\/schema.org","@graph":[{"@type":"Article","@id":"https:\/\/www.inovallee.com\/lactualite-des-partenaires-dinovallee-participez-aux-letidays-du-22-au-26-juin\/#article","isPartOf":{"@id":"https:\/\/www.inovallee.com\/lactualite-des-partenaires-dinovallee-participez-aux-letidays-du-22-au-26-juin\/"},"author":{"name":"Inovallee","@id":"https:\/\/www.inovallee.com\/#\/schema\/person\/a45b15518aad3111b2d61d257a3e023b"},"headline":"L&#039;actualit\u00e9 des partenaires d&#039;inovall\u00e9e : participez aux LetiDays du 22 au 26 juin !","datePublished":"2015-06-08T15:32:00+00:00","mainEntityOfPage":{"@id":"https:\/\/www.inovallee.com\/lactualite-des-partenaires-dinovallee-participez-aux-letidays-du-22-au-26-juin\/"},"wordCount":323,"publisher":{"@id":"https:\/\/www.inovallee.com\/#organization"},"image":{"@id":"https:\/\/www.inovallee.com\/lactualite-des-partenaires-dinovallee-participez-aux-letidays-du-22-au-26-juin\/#primaryimage"},"thumbnailUrl":"http:\/\/1.bp.blogspot.com\/-40deLSGajLA\/VXWsI1MTwxI\/AAAAAAAAQ7A\/2qJMHHDSXG8\/s200\/Leti%2Bdays%2B2015.JPG","articleSection":["Ecosyst\u00e8me de l'innovation"],"inLanguage":"en-GB"},{"@type":"WebPage","@id":"https:\/\/www.inovallee.com\/lactualite-des-partenaires-dinovallee-participez-aux-letidays-du-22-au-26-juin\/","url":"https:\/\/www.inovallee.com\/lactualite-des-partenaires-dinovallee-participez-aux-letidays-du-22-au-26-juin\/","name":"L&#039;actualit\u00e9 des partenaires d&#039;inovall\u00e9e : participez aux LetiDays du 22 au 26 juin ! - inovall\u00e9e","isPartOf":{"@id":"https:\/\/www.inovallee.com\/#website"},"primaryImageOfPage":{"@id":"https:\/\/www.inovallee.com\/lactualite-des-partenaires-dinovallee-participez-aux-letidays-du-22-au-26-juin\/#primaryimage"},"image":{"@id":"https:\/\/www.inovallee.com\/lactualite-des-partenaires-dinovallee-participez-aux-letidays-du-22-au-26-juin\/#primaryimage"},"thumbnailUrl":"http:\/\/1.bp.blogspot.com\/-40deLSGajLA\/VXWsI1MTwxI\/AAAAAAAAQ7A\/2qJMHHDSXG8\/s200\/Leti%2Bdays%2B2015.JPG","datePublished":"2015-06-08T15:32:00+00:00","breadcrumb":{"@id":"https:\/\/www.inovallee.com\/lactualite-des-partenaires-dinovallee-participez-aux-letidays-du-22-au-26-juin\/#breadcrumb"},"inLanguage":"en-GB","potentialAction":[{"@type":"ReadAction","target":["https:\/\/www.inovallee.com\/lactualite-des-partenaires-dinovallee-participez-aux-letidays-du-22-au-26-juin\/"]}]},{"@type":"ImageObject","inLanguage":"en-GB","@id":"https:\/\/www.inovallee.com\/lactualite-des-partenaires-dinovallee-participez-aux-letidays-du-22-au-26-juin\/#primaryimage","url":"http:\/\/1.bp.blogspot.com\/-40deLSGajLA\/VXWsI1MTwxI\/AAAAAAAAQ7A\/2qJMHHDSXG8\/s200\/Leti%2Bdays%2B2015.JPG","contentUrl":"http:\/\/1.bp.blogspot.com\/-40deLSGajLA\/VXWsI1MTwxI\/AAAAAAAAQ7A\/2qJMHHDSXG8\/s200\/Leti%2Bdays%2B2015.JPG"},{"@type":"BreadcrumbList","@id":"https:\/\/www.inovallee.com\/lactualite-des-partenaires-dinovallee-participez-aux-letidays-du-22-au-26-juin\/#breadcrumb","itemListElement":[{"@type":"ListItem","position":1,"name":"Accueil","item":"https:\/\/www.inovallee.com\/"},{"@type":"ListItem","position":2,"name":"L&#039;actualit\u00e9 des partenaires d&#039;inovall\u00e9e : participez aux LetiDays du 22 au 26 juin !"}]},{"@type":"WebSite","@id":"https:\/\/www.inovallee.com\/#website","url":"https:\/\/www.inovallee.com\/","name":"inovall\u00e9e technopole, Home to software & smart technologies","description":"Home to software &amp; smart technologies","publisher":{"@id":"https:\/\/www.inovallee.com\/#organization"},"potentialAction":[{"@type":"SearchAction","target":{"@type":"EntryPoint","urlTemplate":"https:\/\/www.inovallee.com\/?s={search_term_string}"},"query-input":{"@type":"PropertyValueSpecification","valueRequired":true,"valueName":"search_term_string"}}],"inLanguage":"en-GB"},{"@type":"Organization","@id":"https:\/\/www.inovallee.com\/#organization","name":"inovall\u00e9e","url":"https:\/\/www.inovallee.com\/","logo":{"@type":"ImageObject","inLanguage":"en-GB","@id":"https:\/\/www.inovallee.com\/#\/schema\/logo\/image\/","url":"https:\/\/www.inovallee.com\/wp-content\/uploads\/2023\/08\/inovallee_2022_GrenobleAlpes.png","contentUrl":"https:\/\/www.inovallee.com\/wp-content\/uploads\/2023\/08\/inovallee_2022_GrenobleAlpes.png","width":945,"height":369,"caption":"inovall\u00e9e"},"image":{"@id":"https:\/\/www.inovallee.com\/#\/schema\/logo\/image\/"},"sameAs":["https:\/\/www.facebook.com\/technopoleinovallee\/","https:\/\/x.com\/inovallee","https:\/\/www.linkedin.com\/company\/inovall-e\/","https:\/\/www.youtube.com\/user\/inovallee?reload=9"]},{"@type":"Person","@id":"https:\/\/www.inovallee.com\/#\/schema\/person\/a45b15518aad3111b2d61d257a3e023b","name":"Inovallee"}]}},"_links":{"self":[{"href":"https:\/\/www.inovallee.com\/en\/wp-json\/wp\/v2\/posts\/1878","targetHints":{"allow":["GET"]}}],"collection":[{"href":"https:\/\/www.inovallee.com\/en\/wp-json\/wp\/v2\/posts"}],"about":[{"href":"https:\/\/www.inovallee.com\/en\/wp-json\/wp\/v2\/types\/post"}],"author":[{"embeddable":true,"href":"https:\/\/www.inovallee.com\/en\/wp-json\/wp\/v2\/users\/6"}],"replies":[{"embeddable":true,"href":"https:\/\/www.inovallee.com\/en\/wp-json\/wp\/v2\/comments?post=1878"}],"version-history":[{"count":0,"href":"https:\/\/www.inovallee.com\/en\/wp-json\/wp\/v2\/posts\/1878\/revisions"}],"wp:attachment":[{"href":"https:\/\/www.inovallee.com\/en\/wp-json\/wp\/v2\/media?parent=1878"}],"wp:term":[{"taxonomy":"category","embeddable":true,"href":"https:\/\/www.inovallee.com\/en\/wp-json\/wp\/v2\/categories?post=1878"},{"taxonomy":"post_tag","embeddable":true,"href":"https:\/\/www.inovallee.com\/en\/wp-json\/wp\/v2\/tags?post=1878"}],"curies":[{"name":"wp","href":"https:\/\/api.w.org\/{rel}","templated":true}]}}