{"id":1893,"date":"2015-05-20T16:05:00","date_gmt":"2015-05-20T15:05:00","guid":{"rendered":"https:\/\/www.inovallee.com\/lactualite-dinovallee-mardi-2-juin-inovallee-vous-invite-a-sa-matinee-developpement-durable\/"},"modified":"2015-05-20T16:05:00","modified_gmt":"2015-05-20T15:05:00","slug":"lactualite-dinovallee-mardi-2-juin-inovallee-vous-invite-a-sa-matinee-developpement-durable","status":"publish","type":"post","link":"https:\/\/www.inovallee.com\/en\/lactualite-dinovallee-mardi-2-juin-inovallee-vous-invite-a-sa-matinee-developpement-durable\/","title":{"rendered":"L&#039;actualit\u00e9 d&#039;inovall\u00e9e : mardi 2 juin, inovall\u00e9e vous invite \u00e0 sa matin\u00e9e d\u00e9veloppement durable !"},"content":{"rendered":"<div dir=\"ltr\" style=\"text-align: left;\">\n<div style=\"clear: both; text-align: center;\"><a href=\"http:\/\/1.bp.blogspot.com\/-YlB53X33hLw\/VVtWbTzUndI\/AAAAAAAAQow\/WEcoC9vaQDo\/s1600\/rubon6917.png\" style=\"clear: left; float: left; margin-bottom: 1em; margin-right: 1em;\"><img decoding=\"async\" border=\"0\" height=\"58\" src=\"http:\/\/1.bp.blogspot.com\/-YlB53X33hLw\/VVtWbTzUndI\/AAAAAAAAQow\/WEcoC9vaQDo\/s200\/rubon6917.png\" width=\"200\" \/><\/a><\/div>\n<p><span style=\"font-family: Arial, Helvetica, sans-serif; font-size: x-small;\">La semaine europ\u00e9enne du d\u00e9veloppement durable a lieu du 30 mai au 5 juin et s&rsquo;invite dans les locaux d&rsquo;inovall\u00e9e le <u><b>mardi 2 juin<\/b><\/u> pour une matin\u00e9e sp\u00e9ciale lors de laquelle vous pourrez d\u00e9couvrir les entreprises de la technopole sp\u00e9cialis\u00e9es sur les th\u00e9matiques du d\u00e9veloppement durable.&nbsp;<\/span><br \/><span style=\"font-family: Arial, Helvetica, sans-serif; font-size: x-small;\"><br \/><\/span><span style=\"font-family: Arial, Helvetica, sans-serif; font-size: x-small;\"><br \/><\/span><span style=\"font-family: Arial, Helvetica, sans-serif; font-size: x-small;\">Pour cette matin\u00e9e, 6 entreprises de la technopole seront pr\u00e9sentes pour montrer leur savoir faire et leur exp\u00e9rience. <b>Deltadore, Ecosphere, H3C-\u00e9nergies, Nexxled, ID2 solutions innovantes et Micasys<\/b> viendront vous pr\u00e9senter leurs missions et projets, et se pr\u00eateront aussi \u00e0 quelques d\u00e9monstrations de solutions concr\u00e8tes et innovantes.&nbsp;<\/span><\/p>\n<p><span style=\"font-family: Arial, Helvetica, sans-serif; font-size: x-small;\">Vous pourrez \u00e9galement rencontrer, \u00e9changer et assister \u00e0 des d\u00e9monstrations sur le parking d&rsquo;inovall\u00e9e de LAVEO, sp\u00e9cialiste du lavage sans eau tant pour l&rsquo;automobile que pour les bureaux et de CITELIB qui pr\u00e9sentera ses solutions d&rsquo;autopartage et dont vous pourrez tester les v\u00e9hicules.<\/span><br \/><span style=\"font-family: Arial, Helvetica, sans-serif; font-size: x-small;\"><br \/><\/span><span style=\"font-family: Arial, Helvetica, sans-serif; font-size: x-small;\">\u00c0 l&rsquo;occasion de cette matin\u00e9e, inovall\u00e9e sera fi\u00e8re de vous pr\u00e9senter son nouveau service \u00e0 destination des entreprise de la technopole : <b><span style=\"color: #38761d;\">son Label Eco-Durable (LED)<\/span>,<\/b> qui permettra aux entreprises de la technopole d&rsquo;\u00e9valuer les actions qu&rsquo;ellent d\u00e9ploient en termes de d\u00e9veloppement durable mais aussi sur le plan soci\u00e9tal. <\/span><br \/><span style=\"font-family: Arial, Helvetica, sans-serif; font-size: x-small;\"><br \/><\/span><span style=\"font-family: Arial, Helvetica, sans-serif; font-size: x-small;\"><b>HORAIRES :&nbsp;<\/b><\/span><br \/><span style=\"font-family: Arial, Helvetica, sans-serif; font-size: x-small;\">Mardi 2 juin de 8h30 \u00e0 12h<\/span><br \/><span style=\"font-family: Arial, Helvetica, sans-serif; font-size: x-small;\"><br \/><\/span><b><span style=\"font-family: Arial, Helvetica, sans-serif; font-size: x-small;\">LIEU :&nbsp;<\/span><\/b><br \/><span style=\"font-family: Arial, Helvetica, sans-serif; font-size: x-small;\">inovall\u00e9e &#8211; 29, chemin du Vieux Ch\u00eane &#8211; 38240 Meylan<\/span><br \/><span style=\"font-family: Arial, Helvetica, sans-serif; font-size: x-small;\"><br \/><\/span><span style=\"font-family: Arial, Helvetica, sans-serif; font-size: x-small;\"><b>INSCRIPTIONS :&nbsp;<\/b><\/span><br \/><span style=\"font-family: Arial, Helvetica, sans-serif; font-size: x-small;\">Vous souhaitez participer \u00e0 toute ou partie de cette matin\u00e9e, merci de bien vouloir vous inscrire aupr\u00e8s de Christine Afonso <a href=\"mailto:mailto:accueil@inovallee.com\" target=\"_blank\" rel=\"noopener noreferrer\">par mail<\/a><\/span><br \/><span style=\"font-family: Arial, Helvetica, sans-serif; font-size: x-small;\"><a href=\"mailto:mailto:accueil@inovallee.com\" target=\"_blank\" rel=\"noopener noreferrer\"><br \/><\/a><\/span><\/p>\n<div style=\"clear: both; text-align: center;\"><a href=\"http:\/\/3.bp.blogspot.com\/-v8n92jrhn4E\/VWRnNZbAwmI\/AAAAAAAAQsk\/Fch2JNKS4Qc\/s1600\/affiche_matinee_dd_inovallee.jpg\" style=\"margin-left: 1em; margin-right: 1em;\"><img fetchpriority=\"high\" decoding=\"async\" border=\"0\" height=\"320\" src=\"http:\/\/3.bp.blogspot.com\/-v8n92jrhn4E\/VWRnNZbAwmI\/AAAAAAAAQsk\/Fch2JNKS4Qc\/s320\/affiche_matinee_dd_inovallee.jpg\" width=\"226\" \/><\/a><\/div>\n<p><span style=\"font-family: Arial, Helvetica, sans-serif; font-size: x-small;\"><a href=\"mailto:mailto:accueil@inovallee.com\" target=\"_blank\" rel=\"noopener noreferrer\"><br \/><\/a><\/span><\/div>","protected":false},"excerpt":{"rendered":"<p>La semaine europ\u00e9enne du d\u00e9veloppement durable a lieu du 30 mai au 5 juin et s&rsquo;invite dans les locaux d&rsquo;inovall\u00e9e le mardi 2 juin pour une matin\u00e9e sp\u00e9ciale lors de laquelle vous pourrez d\u00e9couvrir les entreprises de la technopole sp\u00e9cialis\u00e9es sur les th\u00e9matiques du d\u00e9veloppement durable.&nbsp;Pour cette matin\u00e9e, 6 entreprises de la technopole seront pr\u00e9sentes [&hellip;]<\/p>\n","protected":false},"author":6,"featured_media":0,"comment_status":"closed","ping_status":"open","sticky":false,"template":"","format":"standard","meta":{"footnotes":""},"categories":[29,31],"tags":[],"class_list":["post-1893","post","type-post","status-publish","format-standard","hentry","category-evenements","category-vie-technopole-inovallee"],"yoast_head":"<!-- This site is optimized with the Yoast SEO plugin v27.4 - https:\/\/yoast.com\/product\/yoast-seo-wordpress\/ -->\n<title>L&#039;actualit\u00e9 d&#039;inovall\u00e9e : mardi 2 juin, inovall\u00e9e vous invite \u00e0 sa matin\u00e9e d\u00e9veloppement durable ! - inovall\u00e9e<\/title>\n<meta name=\"robots\" content=\"index, follow, max-snippet:-1, max-image-preview:large, max-video-preview:-1\" \/>\n<link rel=\"canonical\" href=\"https:\/\/www.inovallee.com\/en\/lactualite-dinovallee-mardi-2-juin-inovallee-vous-invite-a-sa-matinee-developpement-durable\/\" \/>\n<meta property=\"og:locale\" content=\"en_GB\" \/>\n<meta property=\"og:type\" content=\"article\" \/>\n<meta property=\"og:title\" content=\"L&#039;actualit\u00e9 d&#039;inovall\u00e9e : mardi 2 juin, inovall\u00e9e vous invite \u00e0 sa matin\u00e9e d\u00e9veloppement durable ! - inovall\u00e9e\" \/>\n<meta property=\"og:description\" content=\"La semaine europ\u00e9enne du d\u00e9veloppement durable a lieu du 30 mai au 5 juin et s&rsquo;invite dans les locaux d&rsquo;inovall\u00e9e le mardi 2 juin pour une matin\u00e9e sp\u00e9ciale lors de laquelle vous pourrez d\u00e9couvrir les entreprises de la technopole sp\u00e9cialis\u00e9es sur les th\u00e9matiques du d\u00e9veloppement durable.&nbsp;Pour cette matin\u00e9e, 6 entreprises de la technopole seront pr\u00e9sentes [&hellip;]\" \/>\n<meta property=\"og:url\" content=\"https:\/\/www.inovallee.com\/en\/lactualite-dinovallee-mardi-2-juin-inovallee-vous-invite-a-sa-matinee-developpement-durable\/\" \/>\n<meta property=\"og:site_name\" content=\"inovall\u00e9e\" \/>\n<meta property=\"article:publisher\" content=\"https:\/\/www.facebook.com\/technopoleinovallee\/\" \/>\n<meta property=\"article:published_time\" content=\"2015-05-20T15:05:00+00:00\" \/>\n<meta property=\"og:image\" content=\"http:\/\/1.bp.blogspot.com\/-YlB53X33hLw\/VVtWbTzUndI\/AAAAAAAAQow\/WEcoC9vaQDo\/s200\/rubon6917.png\" \/>\n<meta name=\"author\" content=\"Inovallee\" \/>\n<meta name=\"twitter:card\" content=\"summary_large_image\" \/>\n<meta name=\"twitter:creator\" content=\"@inovallee\" \/>\n<meta name=\"twitter:site\" content=\"@inovallee\" \/>\n<meta name=\"twitter:label1\" content=\"Written by\" \/>\n\t<meta name=\"twitter:data1\" content=\"Inovallee\" \/>\n\t<meta name=\"twitter:label2\" content=\"Estimated reading time\" \/>\n\t<meta name=\"twitter:data2\" content=\"1 minute\" \/>\n<script type=\"application\/ld+json\" class=\"yoast-schema-graph\">{\"@context\":\"https:\\\/\\\/schema.org\",\"@graph\":[{\"@type\":\"Article\",\"@id\":\"https:\\\/\\\/www.inovallee.com\\\/lactualite-dinovallee-mardi-2-juin-inovallee-vous-invite-a-sa-matinee-developpement-durable\\\/#article\",\"isPartOf\":{\"@id\":\"https:\\\/\\\/www.inovallee.com\\\/lactualite-dinovallee-mardi-2-juin-inovallee-vous-invite-a-sa-matinee-developpement-durable\\\/\"},\"author\":{\"name\":\"Inovallee\",\"@id\":\"https:\\\/\\\/www.inovallee.com\\\/#\\\/schema\\\/person\\\/a45b15518aad3111b2d61d257a3e023b\"},\"headline\":\"L&#039;actualit\u00e9 d&#039;inovall\u00e9e : mardi 2 juin, inovall\u00e9e vous invite \u00e0 sa matin\u00e9e d\u00e9veloppement durable !\",\"datePublished\":\"2015-05-20T15:05:00+00:00\",\"mainEntityOfPage\":{\"@id\":\"https:\\\/\\\/www.inovallee.com\\\/lactualite-dinovallee-mardi-2-juin-inovallee-vous-invite-a-sa-matinee-developpement-durable\\\/\"},\"wordCount\":277,\"publisher\":{\"@id\":\"https:\\\/\\\/www.inovallee.com\\\/#organization\"},\"image\":{\"@id\":\"https:\\\/\\\/www.inovallee.com\\\/lactualite-dinovallee-mardi-2-juin-inovallee-vous-invite-a-sa-matinee-developpement-durable\\\/#primaryimage\"},\"thumbnailUrl\":\"http:\\\/\\\/1.bp.blogspot.com\\\/-YlB53X33hLw\\\/VVtWbTzUndI\\\/AAAAAAAAQow\\\/WEcoC9vaQDo\\\/s200\\\/rubon6917.png\",\"articleSection\":[\"Technopole inovall\u00e9e\",\"Vie de la technopole inovall\u00e9e\"],\"inLanguage\":\"en-GB\"},{\"@type\":\"WebPage\",\"@id\":\"https:\\\/\\\/www.inovallee.com\\\/lactualite-dinovallee-mardi-2-juin-inovallee-vous-invite-a-sa-matinee-developpement-durable\\\/\",\"url\":\"https:\\\/\\\/www.inovallee.com\\\/lactualite-dinovallee-mardi-2-juin-inovallee-vous-invite-a-sa-matinee-developpement-durable\\\/\",\"name\":\"L&#039;actualit\u00e9 d&#039;inovall\u00e9e : mardi 2 juin, inovall\u00e9e vous invite \u00e0 sa matin\u00e9e d\u00e9veloppement durable ! - inovall\u00e9e\",\"isPartOf\":{\"@id\":\"https:\\\/\\\/www.inovallee.com\\\/#website\"},\"primaryImageOfPage\":{\"@id\":\"https:\\\/\\\/www.inovallee.com\\\/lactualite-dinovallee-mardi-2-juin-inovallee-vous-invite-a-sa-matinee-developpement-durable\\\/#primaryimage\"},\"image\":{\"@id\":\"https:\\\/\\\/www.inovallee.com\\\/lactualite-dinovallee-mardi-2-juin-inovallee-vous-invite-a-sa-matinee-developpement-durable\\\/#primaryimage\"},\"thumbnailUrl\":\"http:\\\/\\\/1.bp.blogspot.com\\\/-YlB53X33hLw\\\/VVtWbTzUndI\\\/AAAAAAAAQow\\\/WEcoC9vaQDo\\\/s200\\\/rubon6917.png\",\"datePublished\":\"2015-05-20T15:05:00+00:00\",\"breadcrumb\":{\"@id\":\"https:\\\/\\\/www.inovallee.com\\\/lactualite-dinovallee-mardi-2-juin-inovallee-vous-invite-a-sa-matinee-developpement-durable\\\/#breadcrumb\"},\"inLanguage\":\"en-GB\",\"potentialAction\":[{\"@type\":\"ReadAction\",\"target\":[\"https:\\\/\\\/www.inovallee.com\\\/lactualite-dinovallee-mardi-2-juin-inovallee-vous-invite-a-sa-matinee-developpement-durable\\\/\"]}]},{\"@type\":\"ImageObject\",\"inLanguage\":\"en-GB\",\"@id\":\"https:\\\/\\\/www.inovallee.com\\\/lactualite-dinovallee-mardi-2-juin-inovallee-vous-invite-a-sa-matinee-developpement-durable\\\/#primaryimage\",\"url\":\"http:\\\/\\\/1.bp.blogspot.com\\\/-YlB53X33hLw\\\/VVtWbTzUndI\\\/AAAAAAAAQow\\\/WEcoC9vaQDo\\\/s200\\\/rubon6917.png\",\"contentUrl\":\"http:\\\/\\\/1.bp.blogspot.com\\\/-YlB53X33hLw\\\/VVtWbTzUndI\\\/AAAAAAAAQow\\\/WEcoC9vaQDo\\\/s200\\\/rubon6917.png\"},{\"@type\":\"BreadcrumbList\",\"@id\":\"https:\\\/\\\/www.inovallee.com\\\/lactualite-dinovallee-mardi-2-juin-inovallee-vous-invite-a-sa-matinee-developpement-durable\\\/#breadcrumb\",\"itemListElement\":[{\"@type\":\"ListItem\",\"position\":1,\"name\":\"Accueil\",\"item\":\"https:\\\/\\\/www.inovallee.com\\\/\"},{\"@type\":\"ListItem\",\"position\":2,\"name\":\"L&#039;actualit\u00e9 d&#039;inovall\u00e9e : mardi 2 juin, inovall\u00e9e vous invite \u00e0 sa matin\u00e9e d\u00e9veloppement durable !\"}]},{\"@type\":\"WebSite\",\"@id\":\"https:\\\/\\\/www.inovallee.com\\\/#website\",\"url\":\"https:\\\/\\\/www.inovallee.com\\\/\",\"name\":\"inovall\u00e9e technopole, Home to software & smart technologies\",\"description\":\"Home to software &amp; smart technologies\",\"publisher\":{\"@id\":\"https:\\\/\\\/www.inovallee.com\\\/#organization\"},\"potentialAction\":[{\"@type\":\"SearchAction\",\"target\":{\"@type\":\"EntryPoint\",\"urlTemplate\":\"https:\\\/\\\/www.inovallee.com\\\/?s={search_term_string}\"},\"query-input\":{\"@type\":\"PropertyValueSpecification\",\"valueRequired\":true,\"valueName\":\"search_term_string\"}}],\"inLanguage\":\"en-GB\"},{\"@type\":\"Organization\",\"@id\":\"https:\\\/\\\/www.inovallee.com\\\/#organization\",\"name\":\"inovall\u00e9e\",\"url\":\"https:\\\/\\\/www.inovallee.com\\\/\",\"logo\":{\"@type\":\"ImageObject\",\"inLanguage\":\"en-GB\",\"@id\":\"https:\\\/\\\/www.inovallee.com\\\/#\\\/schema\\\/logo\\\/image\\\/\",\"url\":\"https:\\\/\\\/www.inovallee.com\\\/wp-content\\\/uploads\\\/2023\\\/08\\\/inovallee_2022_GrenobleAlpes.png\",\"contentUrl\":\"https:\\\/\\\/www.inovallee.com\\\/wp-content\\\/uploads\\\/2023\\\/08\\\/inovallee_2022_GrenobleAlpes.png\",\"width\":945,\"height\":369,\"caption\":\"inovall\u00e9e\"},\"image\":{\"@id\":\"https:\\\/\\\/www.inovallee.com\\\/#\\\/schema\\\/logo\\\/image\\\/\"},\"sameAs\":[\"https:\\\/\\\/www.facebook.com\\\/technopoleinovallee\\\/\",\"https:\\\/\\\/x.com\\\/inovallee\",\"https:\\\/\\\/www.linkedin.com\\\/company\\\/inovall-e\\\/\",\"https:\\\/\\\/www.youtube.com\\\/user\\\/inovallee?reload=9\"]},{\"@type\":\"Person\",\"@id\":\"https:\\\/\\\/www.inovallee.com\\\/#\\\/schema\\\/person\\\/a45b15518aad3111b2d61d257a3e023b\",\"name\":\"Inovallee\"}]}<\/script>\n<!-- \/ Yoast SEO plugin. -->","yoast_head_json":{"title":"L&#039;actualit\u00e9 d&#039;inovall\u00e9e : mardi 2 juin, inovall\u00e9e vous invite \u00e0 sa matin\u00e9e d\u00e9veloppement durable ! - inovall\u00e9e","robots":{"index":"index","follow":"follow","max-snippet":"max-snippet:-1","max-image-preview":"max-image-preview:large","max-video-preview":"max-video-preview:-1"},"canonical":"https:\/\/www.inovallee.com\/en\/lactualite-dinovallee-mardi-2-juin-inovallee-vous-invite-a-sa-matinee-developpement-durable\/","og_locale":"en_GB","og_type":"article","og_title":"L&#039;actualit\u00e9 d&#039;inovall\u00e9e : mardi 2 juin, inovall\u00e9e vous invite \u00e0 sa matin\u00e9e d\u00e9veloppement durable ! - inovall\u00e9e","og_description":"La semaine europ\u00e9enne du d\u00e9veloppement durable a lieu du 30 mai au 5 juin et s&rsquo;invite dans les locaux d&rsquo;inovall\u00e9e le mardi 2 juin pour une matin\u00e9e sp\u00e9ciale lors de laquelle vous pourrez d\u00e9couvrir les entreprises de la technopole sp\u00e9cialis\u00e9es sur les th\u00e9matiques du d\u00e9veloppement durable.&nbsp;Pour cette matin\u00e9e, 6 entreprises de la technopole seront pr\u00e9sentes [&hellip;]","og_url":"https:\/\/www.inovallee.com\/en\/lactualite-dinovallee-mardi-2-juin-inovallee-vous-invite-a-sa-matinee-developpement-durable\/","og_site_name":"inovall\u00e9e","article_publisher":"https:\/\/www.facebook.com\/technopoleinovallee\/","article_published_time":"2015-05-20T15:05:00+00:00","og_image":[{"url":"http:\/\/1.bp.blogspot.com\/-YlB53X33hLw\/VVtWbTzUndI\/AAAAAAAAQow\/WEcoC9vaQDo\/s200\/rubon6917.png","type":"","width":"","height":""}],"author":"Inovallee","twitter_card":"summary_large_image","twitter_creator":"@inovallee","twitter_site":"@inovallee","twitter_misc":{"Written by":"Inovallee","Estimated reading time":"1 minute"},"schema":{"@context":"https:\/\/schema.org","@graph":[{"@type":"Article","@id":"https:\/\/www.inovallee.com\/lactualite-dinovallee-mardi-2-juin-inovallee-vous-invite-a-sa-matinee-developpement-durable\/#article","isPartOf":{"@id":"https:\/\/www.inovallee.com\/lactualite-dinovallee-mardi-2-juin-inovallee-vous-invite-a-sa-matinee-developpement-durable\/"},"author":{"name":"Inovallee","@id":"https:\/\/www.inovallee.com\/#\/schema\/person\/a45b15518aad3111b2d61d257a3e023b"},"headline":"L&#039;actualit\u00e9 d&#039;inovall\u00e9e : mardi 2 juin, inovall\u00e9e vous invite \u00e0 sa matin\u00e9e d\u00e9veloppement durable !","datePublished":"2015-05-20T15:05:00+00:00","mainEntityOfPage":{"@id":"https:\/\/www.inovallee.com\/lactualite-dinovallee-mardi-2-juin-inovallee-vous-invite-a-sa-matinee-developpement-durable\/"},"wordCount":277,"publisher":{"@id":"https:\/\/www.inovallee.com\/#organization"},"image":{"@id":"https:\/\/www.inovallee.com\/lactualite-dinovallee-mardi-2-juin-inovallee-vous-invite-a-sa-matinee-developpement-durable\/#primaryimage"},"thumbnailUrl":"http:\/\/1.bp.blogspot.com\/-YlB53X33hLw\/VVtWbTzUndI\/AAAAAAAAQow\/WEcoC9vaQDo\/s200\/rubon6917.png","articleSection":["Technopole inovall\u00e9e","Vie de la technopole inovall\u00e9e"],"inLanguage":"en-GB"},{"@type":"WebPage","@id":"https:\/\/www.inovallee.com\/lactualite-dinovallee-mardi-2-juin-inovallee-vous-invite-a-sa-matinee-developpement-durable\/","url":"https:\/\/www.inovallee.com\/lactualite-dinovallee-mardi-2-juin-inovallee-vous-invite-a-sa-matinee-developpement-durable\/","name":"L&#039;actualit\u00e9 d&#039;inovall\u00e9e : mardi 2 juin, inovall\u00e9e vous invite \u00e0 sa matin\u00e9e d\u00e9veloppement durable ! - inovall\u00e9e","isPartOf":{"@id":"https:\/\/www.inovallee.com\/#website"},"primaryImageOfPage":{"@id":"https:\/\/www.inovallee.com\/lactualite-dinovallee-mardi-2-juin-inovallee-vous-invite-a-sa-matinee-developpement-durable\/#primaryimage"},"image":{"@id":"https:\/\/www.inovallee.com\/lactualite-dinovallee-mardi-2-juin-inovallee-vous-invite-a-sa-matinee-developpement-durable\/#primaryimage"},"thumbnailUrl":"http:\/\/1.bp.blogspot.com\/-YlB53X33hLw\/VVtWbTzUndI\/AAAAAAAAQow\/WEcoC9vaQDo\/s200\/rubon6917.png","datePublished":"2015-05-20T15:05:00+00:00","breadcrumb":{"@id":"https:\/\/www.inovallee.com\/lactualite-dinovallee-mardi-2-juin-inovallee-vous-invite-a-sa-matinee-developpement-durable\/#breadcrumb"},"inLanguage":"en-GB","potentialAction":[{"@type":"ReadAction","target":["https:\/\/www.inovallee.com\/lactualite-dinovallee-mardi-2-juin-inovallee-vous-invite-a-sa-matinee-developpement-durable\/"]}]},{"@type":"ImageObject","inLanguage":"en-GB","@id":"https:\/\/www.inovallee.com\/lactualite-dinovallee-mardi-2-juin-inovallee-vous-invite-a-sa-matinee-developpement-durable\/#primaryimage","url":"http:\/\/1.bp.blogspot.com\/-YlB53X33hLw\/VVtWbTzUndI\/AAAAAAAAQow\/WEcoC9vaQDo\/s200\/rubon6917.png","contentUrl":"http:\/\/1.bp.blogspot.com\/-YlB53X33hLw\/VVtWbTzUndI\/AAAAAAAAQow\/WEcoC9vaQDo\/s200\/rubon6917.png"},{"@type":"BreadcrumbList","@id":"https:\/\/www.inovallee.com\/lactualite-dinovallee-mardi-2-juin-inovallee-vous-invite-a-sa-matinee-developpement-durable\/#breadcrumb","itemListElement":[{"@type":"ListItem","position":1,"name":"Accueil","item":"https:\/\/www.inovallee.com\/"},{"@type":"ListItem","position":2,"name":"L&#039;actualit\u00e9 d&#039;inovall\u00e9e : mardi 2 juin, inovall\u00e9e vous invite \u00e0 sa matin\u00e9e d\u00e9veloppement durable !"}]},{"@type":"WebSite","@id":"https:\/\/www.inovallee.com\/#website","url":"https:\/\/www.inovallee.com\/","name":"inovall\u00e9e technopole, Home to software & smart technologies","description":"Home to software &amp; smart technologies","publisher":{"@id":"https:\/\/www.inovallee.com\/#organization"},"potentialAction":[{"@type":"SearchAction","target":{"@type":"EntryPoint","urlTemplate":"https:\/\/www.inovallee.com\/?s={search_term_string}"},"query-input":{"@type":"PropertyValueSpecification","valueRequired":true,"valueName":"search_term_string"}}],"inLanguage":"en-GB"},{"@type":"Organization","@id":"https:\/\/www.inovallee.com\/#organization","name":"inovall\u00e9e","url":"https:\/\/www.inovallee.com\/","logo":{"@type":"ImageObject","inLanguage":"en-GB","@id":"https:\/\/www.inovallee.com\/#\/schema\/logo\/image\/","url":"https:\/\/www.inovallee.com\/wp-content\/uploads\/2023\/08\/inovallee_2022_GrenobleAlpes.png","contentUrl":"https:\/\/www.inovallee.com\/wp-content\/uploads\/2023\/08\/inovallee_2022_GrenobleAlpes.png","width":945,"height":369,"caption":"inovall\u00e9e"},"image":{"@id":"https:\/\/www.inovallee.com\/#\/schema\/logo\/image\/"},"sameAs":["https:\/\/www.facebook.com\/technopoleinovallee\/","https:\/\/x.com\/inovallee","https:\/\/www.linkedin.com\/company\/inovall-e\/","https:\/\/www.youtube.com\/user\/inovallee?reload=9"]},{"@type":"Person","@id":"https:\/\/www.inovallee.com\/#\/schema\/person\/a45b15518aad3111b2d61d257a3e023b","name":"Inovallee"}]}},"_links":{"self":[{"href":"https:\/\/www.inovallee.com\/en\/wp-json\/wp\/v2\/posts\/1893","targetHints":{"allow":["GET"]}}],"collection":[{"href":"https:\/\/www.inovallee.com\/en\/wp-json\/wp\/v2\/posts"}],"about":[{"href":"https:\/\/www.inovallee.com\/en\/wp-json\/wp\/v2\/types\/post"}],"author":[{"embeddable":true,"href":"https:\/\/www.inovallee.com\/en\/wp-json\/wp\/v2\/users\/6"}],"replies":[{"embeddable":true,"href":"https:\/\/www.inovallee.com\/en\/wp-json\/wp\/v2\/comments?post=1893"}],"version-history":[{"count":0,"href":"https:\/\/www.inovallee.com\/en\/wp-json\/wp\/v2\/posts\/1893\/revisions"}],"wp:attachment":[{"href":"https:\/\/www.inovallee.com\/en\/wp-json\/wp\/v2\/media?parent=1893"}],"wp:term":[{"taxonomy":"category","embeddable":true,"href":"https:\/\/www.inovallee.com\/en\/wp-json\/wp\/v2\/categories?post=1893"},{"taxonomy":"post_tag","embeddable":true,"href":"https:\/\/www.inovallee.com\/en\/wp-json\/wp\/v2\/tags?post=1893"}],"curies":[{"name":"wp","href":"https:\/\/api.w.org\/{rel}","templated":true}]}}