{"id":19027,"date":"2018-08-20T13:03:47","date_gmt":"2018-08-20T12:03:47","guid":{"rendered":"https:\/\/www.inovallee.com\/?p=19027"},"modified":"2018-08-20T13:03:47","modified_gmt":"2018-08-20T12:03:47","slug":"evenement-partenaires-rendez-assises-de-lachat-public-osons-linnovation","status":"publish","type":"post","link":"https:\/\/www.inovallee.com\/en\/evenement-partenaires-rendez-assises-de-lachat-public-osons-linnovation\/","title":{"rendered":"[\u00c9V\u00c9NEMENT PARTENAIRES] Les Rendez-vous des Assises de l&#039;achat public : Osons l&#039;innovation"},"content":{"rendered":"<p><img fetchpriority=\"high\" decoding=\"async\" class=\"alignleft size-medium wp-image-19028\" src=\"https:\/\/www.inovallee.com\/wp-content\/uploads\/2018\/08\/event_les-rendez-vous-des-assises-de-l-achat-public-osons-l-innovation_450_141133-600x387.jpg\" alt=\"\" width=\"600\" height=\"387\" \/>ENTREPRISES, les acheteurs publics ont besoin de vos comp\u00e9tences (service, technologie, usages) !<br \/>\n<strong>Apr\u00e8s le succ\u00e8s de la premi\u00e8re \u00e9dition en 2017, Grenoble-Alpes M\u00e9tropole, la Ville de Grenoble, le D\u00e9partement de l\u2019Is\u00e8re, l\u2019UGAP, en partenariat avec Minalogic, Tenerrdis, la CCI et la CMA, vous convient aux Rendez-vous des Assises de l&rsquo;achat public :<br \/>\n<\/strong><\/p>\n<h3 class=\"rtecenter\" style=\"text-align: center;\"><strong>Mardi 16 octobre 2018 de 9h \u00e0 17h<\/strong><\/h3>\n<h3 class=\"rtecenter\" style=\"text-align: center;\"><strong>&#8211; Grenoble, Alpexpo &#8211;<\/strong><\/h3>\n<p>&nbsp;<br \/>\n&nbsp;<br \/>\nCette ann\u00e9e les organisateurs et partenaires de l&rsquo;\u00e9v\u00e9nement vous proposent :<\/p>\n<ul>\n<li>Des rendez-vous BtoB pr\u00e9-programm\u00e9s avec les acheteurs publics<\/li>\n<li>De pr\u00e9senter votre soci\u00e9t\u00e9 en pl\u00e9ni\u00e8re durant une session de pitchs<\/li>\n<li>D&rsquo;exposer vos solutions innovantes sur un showroom<\/li>\n<\/ul>\n<p><strong>Ils ont d\u00e9j\u00e0 dit oui :<\/strong><br \/>\nActis &#8211; CEA &#8211; CHU &#8211; D\u00e9partement de l\u2019Is\u00e8re &#8211; EDF Une Rivi\u00e8re Un Territoire &#8211; GEG (Gaz \u00e9lectricit\u00e9 de Grenoble) &#8211; Grenoble-Alpes M\u00e9tropole &#8211; Grenoble Habitat &#8211; OPAC38 &#8211; Pluralis &#8211; Universit\u00e9 Grenoble Alpes &#8211; Ville d\u2019\u00c9chirolles &#8211; Ville d\u2019Eybens &#8211; Ville de Grenoble\/CCAS de Grenoble &#8211; Ville de Meylan &#8211; Ville de Pont-de Claix &#8211; Ville de Saint-Martin-d\u2019H\u00e8res &#8211; Ville de Vif<br \/>\nVenez les rencontrer !<br \/>\n&nbsp;<br \/>\n<strong>Program<\/strong><\/p>\n<ul>\n<li>Retour d\u2019exp\u00e9riences sur des achats innovants : des territoires et des entreprises t\u00e9moignent<\/li>\n<li>Pitchs d\u2019entreprises<\/li>\n<li>D\u00e9jeuner networking<\/li>\n<li>Ateliers, RDV BtoB, showroom des solutions innovates et stands des acheteurs publics<\/li>\n<\/ul>\n<hr \/>\n<p><strong>Votre contact<\/strong><br \/>\nPour toute demande concernant les Assises de l&rsquo;achat public : Erasmia Dupenloup &#8211; <a href=\"mailto:erasmia.dupenloup@minalogic.com\">erasmia.dupenloup@minalogic.com<\/a> &#8211; 06 45 59 10 57<br \/>\n&nbsp;<br \/>\n<strong>D\u00e9couvrez les sujets d&rsquo;int\u00e9r\u00eats des acheteurs publics et candidatez d\u00e8s maintenant !<\/strong><br \/>\n<a href=\"http:\/\/www.minalogic.com\/evenement\/les-rendez-vous-des-assises-de-lachat-public-osons-linnovation\" target=\"_blank\" rel=\"noopener noreferrer\">http:\/\/www.minalogic.com\/evenement\/les-rendez-vous-des-assises-de-lachat-public-osons-linnovation<\/a><br \/>\n<em>L&rsquo;\u00e9v\u00e9nement est gratuit mais l&rsquo;inscription est obligatoire<\/em><\/p>","protected":false},"excerpt":{"rendered":"<p>ENTREPRISES, les acheteurs publics ont besoin de vos comp\u00e9tences (service, technologie, usages) ! Apr\u00e8s le succ\u00e8s de la premi\u00e8re \u00e9dition en 2017, Grenoble-Alpes M\u00e9tropole, la Ville de Grenoble, le D\u00e9partement de l\u2019Is\u00e8re, l\u2019UGAP, en partenariat avec Minalogic, Tenerrdis, la CCI et la CMA, vous convient aux Rendez-vous des Assises de l&rsquo;achat public : Mardi 16 [&hellip;]<\/p>\n","protected":false},"author":6,"featured_media":0,"comment_status":"closed","ping_status":"open","sticky":false,"template":"","format":"standard","meta":{"footnotes":""},"categories":[51,29],"tags":[],"class_list":["post-19027","post","type-post","status-publish","format-standard","hentry","category-ecosysteme-innovation","category-evenements"],"yoast_head":"<!-- This site is optimized with the Yoast SEO plugin v27.4 - https:\/\/yoast.com\/product\/yoast-seo-wordpress\/ -->\n<title>[\u00c9V\u00c9NEMENT PARTENAIRES] Les Rendez-vous des Assises de l&#039;achat public : Osons l&#039;innovation - inovall\u00e9e<\/title>\n<meta name=\"robots\" content=\"index, follow, max-snippet:-1, max-image-preview:large, max-video-preview:-1\" \/>\n<link rel=\"canonical\" href=\"https:\/\/www.inovallee.com\/en\/evenement-partenaires-rendez-assises-de-lachat-public-osons-linnovation\/\" \/>\n<meta property=\"og:locale\" content=\"en_GB\" \/>\n<meta property=\"og:type\" content=\"article\" \/>\n<meta property=\"og:title\" content=\"[\u00c9V\u00c9NEMENT PARTENAIRES] Les Rendez-vous des Assises de l&#039;achat public : Osons l&#039;innovation - inovall\u00e9e\" \/>\n<meta property=\"og:description\" content=\"ENTREPRISES, les acheteurs publics ont besoin de vos comp\u00e9tences (service, technologie, usages) ! Apr\u00e8s le succ\u00e8s de la premi\u00e8re \u00e9dition en 2017, Grenoble-Alpes M\u00e9tropole, la Ville de Grenoble, le D\u00e9partement de l\u2019Is\u00e8re, l\u2019UGAP, en partenariat avec Minalogic, Tenerrdis, la CCI et la CMA, vous convient aux Rendez-vous des Assises de l&rsquo;achat public : Mardi 16 [&hellip;]\" \/>\n<meta property=\"og:url\" content=\"https:\/\/www.inovallee.com\/en\/evenement-partenaires-rendez-assises-de-lachat-public-osons-linnovation\/\" \/>\n<meta property=\"og:site_name\" content=\"inovall\u00e9e\" \/>\n<meta property=\"article:publisher\" content=\"https:\/\/www.facebook.com\/technopoleinovallee\/\" \/>\n<meta property=\"article:published_time\" content=\"2018-08-20T12:03:47+00:00\" \/>\n<meta property=\"og:image\" content=\"https:\/\/www.inovallee.com\/wp-content\/uploads\/2018\/08\/event_les-rendez-vous-des-assises-de-l-achat-public-osons-l-innovation_450_141133-600x387.jpg\" \/>\n<meta name=\"author\" content=\"Inovallee\" \/>\n<meta name=\"twitter:card\" content=\"summary_large_image\" \/>\n<meta name=\"twitter:creator\" content=\"@inovallee\" \/>\n<meta name=\"twitter:site\" content=\"@inovallee\" \/>\n<meta name=\"twitter:label1\" content=\"Written by\" \/>\n\t<meta name=\"twitter:data1\" content=\"Inovallee\" \/>\n\t<meta name=\"twitter:label2\" content=\"Estimated reading time\" \/>\n\t<meta name=\"twitter:data2\" content=\"1 minute\" \/>\n<script type=\"application\/ld+json\" class=\"yoast-schema-graph\">{\"@context\":\"https:\\\/\\\/schema.org\",\"@graph\":[{\"@type\":\"Article\",\"@id\":\"https:\\\/\\\/www.inovallee.com\\\/evenement-partenaires-rendez-assises-de-lachat-public-osons-linnovation\\\/#article\",\"isPartOf\":{\"@id\":\"https:\\\/\\\/www.inovallee.com\\\/evenement-partenaires-rendez-assises-de-lachat-public-osons-linnovation\\\/\"},\"author\":{\"name\":\"Inovallee\",\"@id\":\"https:\\\/\\\/www.inovallee.com\\\/#\\\/schema\\\/person\\\/a45b15518aad3111b2d61d257a3e023b\"},\"headline\":\"[\u00c9V\u00c9NEMENT PARTENAIRES] Les Rendez-vous des Assises de l&#039;achat public : Osons l&#039;innovation\",\"datePublished\":\"2018-08-20T12:03:47+00:00\",\"mainEntityOfPage\":{\"@id\":\"https:\\\/\\\/www.inovallee.com\\\/evenement-partenaires-rendez-assises-de-lachat-public-osons-linnovation\\\/\"},\"wordCount\":302,\"publisher\":{\"@id\":\"https:\\\/\\\/www.inovallee.com\\\/#organization\"},\"image\":{\"@id\":\"https:\\\/\\\/www.inovallee.com\\\/evenement-partenaires-rendez-assises-de-lachat-public-osons-linnovation\\\/#primaryimage\"},\"thumbnailUrl\":\"https:\\\/\\\/www.inovallee.com\\\/wp-content\\\/uploads\\\/2018\\\/08\\\/event_les-rendez-vous-des-assises-de-l-achat-public-osons-l-innovation_450_141133-600x387.jpg\",\"articleSection\":[\"Ecosyst\u00e8me de l'innovation\",\"Technopole inovall\u00e9e\"],\"inLanguage\":\"en-GB\"},{\"@type\":\"WebPage\",\"@id\":\"https:\\\/\\\/www.inovallee.com\\\/evenement-partenaires-rendez-assises-de-lachat-public-osons-linnovation\\\/\",\"url\":\"https:\\\/\\\/www.inovallee.com\\\/evenement-partenaires-rendez-assises-de-lachat-public-osons-linnovation\\\/\",\"name\":\"[\u00c9V\u00c9NEMENT PARTENAIRES] Les Rendez-vous des Assises de l&#039;achat public : Osons l&#039;innovation - inovall\u00e9e\",\"isPartOf\":{\"@id\":\"https:\\\/\\\/www.inovallee.com\\\/#website\"},\"primaryImageOfPage\":{\"@id\":\"https:\\\/\\\/www.inovallee.com\\\/evenement-partenaires-rendez-assises-de-lachat-public-osons-linnovation\\\/#primaryimage\"},\"image\":{\"@id\":\"https:\\\/\\\/www.inovallee.com\\\/evenement-partenaires-rendez-assises-de-lachat-public-osons-linnovation\\\/#primaryimage\"},\"thumbnailUrl\":\"https:\\\/\\\/www.inovallee.com\\\/wp-content\\\/uploads\\\/2018\\\/08\\\/event_les-rendez-vous-des-assises-de-l-achat-public-osons-l-innovation_450_141133-600x387.jpg\",\"datePublished\":\"2018-08-20T12:03:47+00:00\",\"breadcrumb\":{\"@id\":\"https:\\\/\\\/www.inovallee.com\\\/evenement-partenaires-rendez-assises-de-lachat-public-osons-linnovation\\\/#breadcrumb\"},\"inLanguage\":\"en-GB\",\"potentialAction\":[{\"@type\":\"ReadAction\",\"target\":[\"https:\\\/\\\/www.inovallee.com\\\/evenement-partenaires-rendez-assises-de-lachat-public-osons-linnovation\\\/\"]}]},{\"@type\":\"ImageObject\",\"inLanguage\":\"en-GB\",\"@id\":\"https:\\\/\\\/www.inovallee.com\\\/evenement-partenaires-rendez-assises-de-lachat-public-osons-linnovation\\\/#primaryimage\",\"url\":\"https:\\\/\\\/www.inovallee.com\\\/wp-content\\\/uploads\\\/2018\\\/08\\\/event_les-rendez-vous-des-assises-de-l-achat-public-osons-l-innovation_450_141133-600x387.jpg\",\"contentUrl\":\"https:\\\/\\\/www.inovallee.com\\\/wp-content\\\/uploads\\\/2018\\\/08\\\/event_les-rendez-vous-des-assises-de-l-achat-public-osons-l-innovation_450_141133-600x387.jpg\"},{\"@type\":\"BreadcrumbList\",\"@id\":\"https:\\\/\\\/www.inovallee.com\\\/evenement-partenaires-rendez-assises-de-lachat-public-osons-linnovation\\\/#breadcrumb\",\"itemListElement\":[{\"@type\":\"ListItem\",\"position\":1,\"name\":\"Accueil\",\"item\":\"https:\\\/\\\/www.inovallee.com\\\/\"},{\"@type\":\"ListItem\",\"position\":2,\"name\":\"[\u00c9V\u00c9NEMENT PARTENAIRES] Les Rendez-vous des Assises de l&#039;achat public : Osons l&#039;innovation\"}]},{\"@type\":\"WebSite\",\"@id\":\"https:\\\/\\\/www.inovallee.com\\\/#website\",\"url\":\"https:\\\/\\\/www.inovallee.com\\\/\",\"name\":\"inovall\u00e9e technopole, Home to software & smart technologies\",\"description\":\"Home to software &amp; smart technologies\",\"publisher\":{\"@id\":\"https:\\\/\\\/www.inovallee.com\\\/#organization\"},\"potentialAction\":[{\"@type\":\"SearchAction\",\"target\":{\"@type\":\"EntryPoint\",\"urlTemplate\":\"https:\\\/\\\/www.inovallee.com\\\/?s={search_term_string}\"},\"query-input\":{\"@type\":\"PropertyValueSpecification\",\"valueRequired\":true,\"valueName\":\"search_term_string\"}}],\"inLanguage\":\"en-GB\"},{\"@type\":\"Organization\",\"@id\":\"https:\\\/\\\/www.inovallee.com\\\/#organization\",\"name\":\"inovall\u00e9e\",\"url\":\"https:\\\/\\\/www.inovallee.com\\\/\",\"logo\":{\"@type\":\"ImageObject\",\"inLanguage\":\"en-GB\",\"@id\":\"https:\\\/\\\/www.inovallee.com\\\/#\\\/schema\\\/logo\\\/image\\\/\",\"url\":\"https:\\\/\\\/www.inovallee.com\\\/wp-content\\\/uploads\\\/2023\\\/08\\\/inovallee_2022_GrenobleAlpes.png\",\"contentUrl\":\"https:\\\/\\\/www.inovallee.com\\\/wp-content\\\/uploads\\\/2023\\\/08\\\/inovallee_2022_GrenobleAlpes.png\",\"width\":945,\"height\":369,\"caption\":\"inovall\u00e9e\"},\"image\":{\"@id\":\"https:\\\/\\\/www.inovallee.com\\\/#\\\/schema\\\/logo\\\/image\\\/\"},\"sameAs\":[\"https:\\\/\\\/www.facebook.com\\\/technopoleinovallee\\\/\",\"https:\\\/\\\/x.com\\\/inovallee\",\"https:\\\/\\\/www.linkedin.com\\\/company\\\/inovall-e\\\/\",\"https:\\\/\\\/www.youtube.com\\\/user\\\/inovallee?reload=9\"]},{\"@type\":\"Person\",\"@id\":\"https:\\\/\\\/www.inovallee.com\\\/#\\\/schema\\\/person\\\/a45b15518aad3111b2d61d257a3e023b\",\"name\":\"Inovallee\"}]}<\/script>\n<!-- \/ Yoast SEO plugin. -->","yoast_head_json":{"title":"[\u00c9V\u00c9NEMENT PARTENAIRES] Les Rendez-vous des Assises de l&#039;achat public : Osons l&#039;innovation - inovall\u00e9e","robots":{"index":"index","follow":"follow","max-snippet":"max-snippet:-1","max-image-preview":"max-image-preview:large","max-video-preview":"max-video-preview:-1"},"canonical":"https:\/\/www.inovallee.com\/en\/evenement-partenaires-rendez-assises-de-lachat-public-osons-linnovation\/","og_locale":"en_GB","og_type":"article","og_title":"[\u00c9V\u00c9NEMENT PARTENAIRES] Les Rendez-vous des Assises de l&#039;achat public : Osons l&#039;innovation - inovall\u00e9e","og_description":"ENTREPRISES, les acheteurs publics ont besoin de vos comp\u00e9tences (service, technologie, usages) ! Apr\u00e8s le succ\u00e8s de la premi\u00e8re \u00e9dition en 2017, Grenoble-Alpes M\u00e9tropole, la Ville de Grenoble, le D\u00e9partement de l\u2019Is\u00e8re, l\u2019UGAP, en partenariat avec Minalogic, Tenerrdis, la CCI et la CMA, vous convient aux Rendez-vous des Assises de l&rsquo;achat public : Mardi 16 [&hellip;]","og_url":"https:\/\/www.inovallee.com\/en\/evenement-partenaires-rendez-assises-de-lachat-public-osons-linnovation\/","og_site_name":"inovall\u00e9e","article_publisher":"https:\/\/www.facebook.com\/technopoleinovallee\/","article_published_time":"2018-08-20T12:03:47+00:00","og_image":[{"url":"https:\/\/www.inovallee.com\/wp-content\/uploads\/2018\/08\/event_les-rendez-vous-des-assises-de-l-achat-public-osons-l-innovation_450_141133-600x387.jpg","type":"","width":"","height":""}],"author":"Inovallee","twitter_card":"summary_large_image","twitter_creator":"@inovallee","twitter_site":"@inovallee","twitter_misc":{"Written by":"Inovallee","Estimated reading time":"1 minute"},"schema":{"@context":"https:\/\/schema.org","@graph":[{"@type":"Article","@id":"https:\/\/www.inovallee.com\/evenement-partenaires-rendez-assises-de-lachat-public-osons-linnovation\/#article","isPartOf":{"@id":"https:\/\/www.inovallee.com\/evenement-partenaires-rendez-assises-de-lachat-public-osons-linnovation\/"},"author":{"name":"Inovallee","@id":"https:\/\/www.inovallee.com\/#\/schema\/person\/a45b15518aad3111b2d61d257a3e023b"},"headline":"[\u00c9V\u00c9NEMENT PARTENAIRES] Les Rendez-vous des Assises de l&#039;achat public : Osons l&#039;innovation","datePublished":"2018-08-20T12:03:47+00:00","mainEntityOfPage":{"@id":"https:\/\/www.inovallee.com\/evenement-partenaires-rendez-assises-de-lachat-public-osons-linnovation\/"},"wordCount":302,"publisher":{"@id":"https:\/\/www.inovallee.com\/#organization"},"image":{"@id":"https:\/\/www.inovallee.com\/evenement-partenaires-rendez-assises-de-lachat-public-osons-linnovation\/#primaryimage"},"thumbnailUrl":"https:\/\/www.inovallee.com\/wp-content\/uploads\/2018\/08\/event_les-rendez-vous-des-assises-de-l-achat-public-osons-l-innovation_450_141133-600x387.jpg","articleSection":["Ecosyst\u00e8me de l'innovation","Technopole inovall\u00e9e"],"inLanguage":"en-GB"},{"@type":"WebPage","@id":"https:\/\/www.inovallee.com\/evenement-partenaires-rendez-assises-de-lachat-public-osons-linnovation\/","url":"https:\/\/www.inovallee.com\/evenement-partenaires-rendez-assises-de-lachat-public-osons-linnovation\/","name":"[\u00c9V\u00c9NEMENT PARTENAIRES] Les Rendez-vous des Assises de l&#039;achat public : Osons l&#039;innovation - inovall\u00e9e","isPartOf":{"@id":"https:\/\/www.inovallee.com\/#website"},"primaryImageOfPage":{"@id":"https:\/\/www.inovallee.com\/evenement-partenaires-rendez-assises-de-lachat-public-osons-linnovation\/#primaryimage"},"image":{"@id":"https:\/\/www.inovallee.com\/evenement-partenaires-rendez-assises-de-lachat-public-osons-linnovation\/#primaryimage"},"thumbnailUrl":"https:\/\/www.inovallee.com\/wp-content\/uploads\/2018\/08\/event_les-rendez-vous-des-assises-de-l-achat-public-osons-l-innovation_450_141133-600x387.jpg","datePublished":"2018-08-20T12:03:47+00:00","breadcrumb":{"@id":"https:\/\/www.inovallee.com\/evenement-partenaires-rendez-assises-de-lachat-public-osons-linnovation\/#breadcrumb"},"inLanguage":"en-GB","potentialAction":[{"@type":"ReadAction","target":["https:\/\/www.inovallee.com\/evenement-partenaires-rendez-assises-de-lachat-public-osons-linnovation\/"]}]},{"@type":"ImageObject","inLanguage":"en-GB","@id":"https:\/\/www.inovallee.com\/evenement-partenaires-rendez-assises-de-lachat-public-osons-linnovation\/#primaryimage","url":"https:\/\/www.inovallee.com\/wp-content\/uploads\/2018\/08\/event_les-rendez-vous-des-assises-de-l-achat-public-osons-l-innovation_450_141133-600x387.jpg","contentUrl":"https:\/\/www.inovallee.com\/wp-content\/uploads\/2018\/08\/event_les-rendez-vous-des-assises-de-l-achat-public-osons-l-innovation_450_141133-600x387.jpg"},{"@type":"BreadcrumbList","@id":"https:\/\/www.inovallee.com\/evenement-partenaires-rendez-assises-de-lachat-public-osons-linnovation\/#breadcrumb","itemListElement":[{"@type":"ListItem","position":1,"name":"Accueil","item":"https:\/\/www.inovallee.com\/"},{"@type":"ListItem","position":2,"name":"[\u00c9V\u00c9NEMENT PARTENAIRES] Les Rendez-vous des Assises de l&#039;achat public : Osons l&#039;innovation"}]},{"@type":"WebSite","@id":"https:\/\/www.inovallee.com\/#website","url":"https:\/\/www.inovallee.com\/","name":"inovall\u00e9e technopole, Home to software & smart technologies","description":"Home to software &amp; smart technologies","publisher":{"@id":"https:\/\/www.inovallee.com\/#organization"},"potentialAction":[{"@type":"SearchAction","target":{"@type":"EntryPoint","urlTemplate":"https:\/\/www.inovallee.com\/?s={search_term_string}"},"query-input":{"@type":"PropertyValueSpecification","valueRequired":true,"valueName":"search_term_string"}}],"inLanguage":"en-GB"},{"@type":"Organization","@id":"https:\/\/www.inovallee.com\/#organization","name":"inovall\u00e9e","url":"https:\/\/www.inovallee.com\/","logo":{"@type":"ImageObject","inLanguage":"en-GB","@id":"https:\/\/www.inovallee.com\/#\/schema\/logo\/image\/","url":"https:\/\/www.inovallee.com\/wp-content\/uploads\/2023\/08\/inovallee_2022_GrenobleAlpes.png","contentUrl":"https:\/\/www.inovallee.com\/wp-content\/uploads\/2023\/08\/inovallee_2022_GrenobleAlpes.png","width":945,"height":369,"caption":"inovall\u00e9e"},"image":{"@id":"https:\/\/www.inovallee.com\/#\/schema\/logo\/image\/"},"sameAs":["https:\/\/www.facebook.com\/technopoleinovallee\/","https:\/\/x.com\/inovallee","https:\/\/www.linkedin.com\/company\/inovall-e\/","https:\/\/www.youtube.com\/user\/inovallee?reload=9"]},{"@type":"Person","@id":"https:\/\/www.inovallee.com\/#\/schema\/person\/a45b15518aad3111b2d61d257a3e023b","name":"Inovallee"}]}},"_links":{"self":[{"href":"https:\/\/www.inovallee.com\/en\/wp-json\/wp\/v2\/posts\/19027","targetHints":{"allow":["GET"]}}],"collection":[{"href":"https:\/\/www.inovallee.com\/en\/wp-json\/wp\/v2\/posts"}],"about":[{"href":"https:\/\/www.inovallee.com\/en\/wp-json\/wp\/v2\/types\/post"}],"author":[{"embeddable":true,"href":"https:\/\/www.inovallee.com\/en\/wp-json\/wp\/v2\/users\/6"}],"replies":[{"embeddable":true,"href":"https:\/\/www.inovallee.com\/en\/wp-json\/wp\/v2\/comments?post=19027"}],"version-history":[{"count":0,"href":"https:\/\/www.inovallee.com\/en\/wp-json\/wp\/v2\/posts\/19027\/revisions"}],"wp:attachment":[{"href":"https:\/\/www.inovallee.com\/en\/wp-json\/wp\/v2\/media?parent=19027"}],"wp:term":[{"taxonomy":"category","embeddable":true,"href":"https:\/\/www.inovallee.com\/en\/wp-json\/wp\/v2\/categories?post=19027"},{"taxonomy":"post_tag","embeddable":true,"href":"https:\/\/www.inovallee.com\/en\/wp-json\/wp\/v2\/tags?post=19027"}],"curies":[{"name":"wp","href":"https:\/\/api.w.org\/{rel}","templated":true}]}}