{"id":1921,"date":"2015-04-29T17:37:00","date_gmt":"2015-04-29T16:37:00","guid":{"rendered":"https:\/\/www.inovallee.com\/retour-sur-lag-dinovallee-acte-iii-hommage-a-la-communaute-de-benevoles-de-la-technopole\/"},"modified":"2015-04-29T17:37:00","modified_gmt":"2015-04-29T16:37:00","slug":"retour-sur-lag-dinovallee-acte-iii-hommage-a-la-communaute-de-benevoles-de-la-technopole","status":"publish","type":"post","link":"https:\/\/www.inovallee.com\/en\/retour-sur-lag-dinovallee-acte-iii-hommage-a-la-communaute-de-benevoles-de-la-technopole\/","title":{"rendered":"Retour sur l&#039;AG d&#039;inovall\u00e9e &#8211; Acte III : hommage \u00e0 la communaut\u00e9 de b\u00e9n\u00e9voles de la technopole"},"content":{"rendered":"<div dir=\"ltr\" style=\"text-align: left;\">\n<div style=\"clear: both; text-align: center;\"><a href=\"http:\/\/1.bp.blogspot.com\/-Z2vHHclPY9I\/VTT8_NRX0xI\/AAAAAAAAQUk\/2ZLGSOq6d2M\/s1600\/DSC_2726%2B(2).jpg\" style=\"clear: left; float: left; margin-bottom: 1em; margin-right: 1em;\"><img decoding=\"async\" border=\"0\" src=\"http:\/\/1.bp.blogspot.com\/-Z2vHHclPY9I\/VTT8_NRX0xI\/AAAAAAAAQUk\/2ZLGSOq6d2M\/s1600\/DSC_2726%2B(2).jpg\" height=\"132\" width=\"200\" \/><\/a><\/div>\n<p><span style=\"font-family: Arial, Helvetica, sans-serif; font-size: x-small;\"><b>Que serait inovall\u00e9e sans la communaut\u00e9 de b\u00e9n\u00e9voles qui l&rsquo;anime ? L&rsquo;assembl\u00e9e g\u00e9n\u00e9rale a voulu rendre la part belle \u00e0 tous les b\u00e9n\u00e9voles qui s&rsquo;investissent au quotidien pour renforcer l&rsquo;\u00e9quipe permanente d&rsquo;inovall\u00e9e.&nbsp;<\/b><\/span><br \/><span style=\"font-family: Arial, Helvetica, sans-serif; font-size: x-small;\"><br \/><\/span><span style=\"font-family: Arial, Helvetica, sans-serif; font-size: x-small;\">Objectifs ? Brainstormer, proposer, rester innovant et percutant au sein des commissions, lieu d\u2019\u00e9change unique qui a souvent fait surgir de brillantes nouvelles id\u00e9es toujours destin\u00e9es \u00e0 am\u00e9liorer la mission d\u2019inovall\u00e9e.&nbsp;Le b\u00e9n\u00e9volat n\u2019est donc pas un moindre mot pour la technopole : avec ses 150 b\u00e9n\u00e9voles, inovall\u00e9e le place au&nbsp;c\u0153ur&nbsp;m\u00eame de sa gouvernance depuis sa cr\u00e9ation. &nbsp;<\/span><br \/><span style=\"font-family: Arial, Helvetica, sans-serif; font-size: x-small;\"><br \/><\/span><span style=\"font-family: Arial, Helvetica, sans-serif; font-size: x-small;\">Beaucoup d&rsquo;entre eux \u00e9taient pr\u00e9sents le soir du 24 mars et lorsqu\u2019\u00e0&nbsp;l&rsquo;appel de&nbsp;Christophe Mathevet, Pr\u00e9sident d&rsquo;inovall\u00e9e, tous se sont lev\u00e9s&#8230; Les participants ont pu r\u00e9aliser \u00e0 quel point inovall\u00e9e est une grande aventure. Une grande aventure collective ! Une grande aventure humaine&#8230;<\/span><br \/><span style=\"font-family: Arial, Helvetica, sans-serif; font-size: x-small;\"><br \/><\/span><span style=\"font-family: Arial, Helvetica, sans-serif; font-size: x-small;\"><b>\u00c0 suivre :&nbsp;<\/b><\/span><br \/><span style=\"font-family: Arial, Helvetica, sans-serif; font-size: x-small;\">Acte IV : red\u00e9couvrez la vid\u00e9o \u00ab\u00a0draw my life\u00a0\u00bb r\u00e9alis\u00e9e par Minimento !<\/span><\/p>\n<p><span style=\"font-family: Arial, Helvetica, sans-serif; font-size: x-small;\"><br \/><\/span><\/p>\n<div style=\"clear: both; text-align: center;\"><a href=\"http:\/\/1.bp.blogspot.com\/-eXNEuQ5U3MA\/VTT9RKLZMMI\/AAAAAAAAQUs\/TFzlOJ5_QqQ\/s1600\/DSC_2705.jpg\" style=\"margin-left: 1em; margin-right: 1em;\"><img fetchpriority=\"high\" decoding=\"async\" border=\"0\" src=\"http:\/\/1.bp.blogspot.com\/-eXNEuQ5U3MA\/VTT9RKLZMMI\/AAAAAAAAQUs\/TFzlOJ5_QqQ\/s1600\/DSC_2705.jpg\" height=\"265\" width=\"400\" \/><\/a><\/div>\n<p><\/p>\n<div style=\"clear: both; text-align: center;\"><a href=\"http:\/\/2.bp.blogspot.com\/-uOlE1DQTt-U\/VTT9RxAIm0I\/AAAAAAAAQUw\/S_wdxIL5hJI\/s1600\/DSC_2706.jpg\" style=\"margin-left: 1em; margin-right: 1em;\"><img decoding=\"async\" border=\"0\" src=\"http:\/\/2.bp.blogspot.com\/-uOlE1DQTt-U\/VTT9RxAIm0I\/AAAAAAAAQUw\/S_wdxIL5hJI\/s1600\/DSC_2706.jpg\" height=\"262\" width=\"400\" \/><\/a><\/div>\n<p><\/p>\n<div style=\"clear: both; text-align: center;\"><a href=\"http:\/\/4.bp.blogspot.com\/--kpGatsbCOg\/VTT9W2lAl0I\/AAAAAAAAQVM\/7CfdHEFq9kc\/s1600\/DSC_2728.jpg\" style=\"margin-left: 1em; margin-right: 1em;\"><img loading=\"lazy\" decoding=\"async\" border=\"0\" src=\"http:\/\/4.bp.blogspot.com\/--kpGatsbCOg\/VTT9W2lAl0I\/AAAAAAAAQVM\/7CfdHEFq9kc\/s1600\/DSC_2728.jpg\" height=\"265\" width=\"400\" \/><\/a><\/div>\n<p><\/p>\n<div style=\"clear: both; text-align: center;\"><a href=\"http:\/\/3.bp.blogspot.com\/-zwq_PBjkQF8\/VTT9Wo7fIrI\/AAAAAAAAQVI\/PVyTQWXPjW8\/s1600\/DSC_2729.jpg\" style=\"margin-left: 1em; margin-right: 1em;\"><img loading=\"lazy\" decoding=\"async\" border=\"0\" src=\"http:\/\/3.bp.blogspot.com\/-zwq_PBjkQF8\/VTT9Wo7fIrI\/AAAAAAAAQVI\/PVyTQWXPjW8\/s1600\/DSC_2729.jpg\" height=\"265\" width=\"400\" \/><\/a><\/div>\n<p><\/p>\n<div style=\"clear: both; text-align: center;\"><a href=\"http:\/\/2.bp.blogspot.com\/-odP8wzNCPgg\/VTT9WoA3IjI\/AAAAAAAAQVE\/_5eTW7RV2yA\/s1600\/DSC_2760.jpg\" style=\"margin-left: 1em; margin-right: 1em;\"><img loading=\"lazy\" decoding=\"async\" border=\"0\" src=\"http:\/\/2.bp.blogspot.com\/-odP8wzNCPgg\/VTT9WoA3IjI\/AAAAAAAAQVE\/_5eTW7RV2yA\/s1600\/DSC_2760.jpg\" height=\"265\" width=\"400\" \/><\/a><\/div>\n<p><\/p>\n<div style=\"clear: both; text-align: center;\"><a href=\"http:\/\/2.bp.blogspot.com\/-xoPVaVWFxBM\/VTT9YnWwxmI\/AAAAAAAAQVc\/ZGd4zX10kLg\/s1600\/DSC_2769.jpg\" style=\"margin-left: 1em; margin-right: 1em;\"><img loading=\"lazy\" decoding=\"async\" border=\"0\" src=\"http:\/\/2.bp.blogspot.com\/-xoPVaVWFxBM\/VTT9YnWwxmI\/AAAAAAAAQVc\/ZGd4zX10kLg\/s1600\/DSC_2769.jpg\" height=\"265\" width=\"400\" \/><\/a><\/div>\n<p><\/div>","protected":false},"excerpt":{"rendered":"<p>Que serait inovall\u00e9e sans la communaut\u00e9 de b\u00e9n\u00e9voles qui l&rsquo;anime ? L&rsquo;assembl\u00e9e g\u00e9n\u00e9rale a voulu rendre la part belle \u00e0 tous les b\u00e9n\u00e9voles qui s&rsquo;investissent au quotidien pour renforcer l&rsquo;\u00e9quipe permanente d&rsquo;inovall\u00e9e.&nbsp;Objectifs ? Brainstormer, proposer, rester innovant et percutant au sein des commissions, lieu d\u2019\u00e9change unique qui a souvent fait surgir de brillantes nouvelles id\u00e9es [&hellip;]<\/p>\n","protected":false},"author":6,"featured_media":0,"comment_status":"closed","ping_status":"open","sticky":false,"template":"","format":"standard","meta":{"footnotes":""},"categories":[29],"tags":[],"class_list":["post-1921","post","type-post","status-publish","format-standard","hentry","category-evenements"],"yoast_head":"<!-- This site is optimized with the Yoast SEO plugin v27.4 - https:\/\/yoast.com\/product\/yoast-seo-wordpress\/ -->\n<title>Retour sur l&#039;AG d&#039;inovall\u00e9e - Acte III : hommage \u00e0 la communaut\u00e9 de b\u00e9n\u00e9voles de la technopole - inovall\u00e9e<\/title>\n<meta name=\"robots\" content=\"index, follow, max-snippet:-1, max-image-preview:large, max-video-preview:-1\" \/>\n<link rel=\"canonical\" href=\"https:\/\/www.inovallee.com\/en\/retour-sur-lag-dinovallee-acte-iii-hommage-a-la-communaute-de-benevoles-de-la-technopole\/\" \/>\n<meta property=\"og:locale\" content=\"en_GB\" \/>\n<meta property=\"og:type\" content=\"article\" \/>\n<meta property=\"og:title\" content=\"Retour sur l&#039;AG d&#039;inovall\u00e9e - Acte III : hommage \u00e0 la communaut\u00e9 de b\u00e9n\u00e9voles de la technopole - inovall\u00e9e\" \/>\n<meta property=\"og:description\" content=\"Que serait inovall\u00e9e sans la communaut\u00e9 de b\u00e9n\u00e9voles qui l&rsquo;anime ? L&rsquo;assembl\u00e9e g\u00e9n\u00e9rale a voulu rendre la part belle \u00e0 tous les b\u00e9n\u00e9voles qui s&rsquo;investissent au quotidien pour renforcer l&rsquo;\u00e9quipe permanente d&rsquo;inovall\u00e9e.&nbsp;Objectifs ? Brainstormer, proposer, rester innovant et percutant au sein des commissions, lieu d\u2019\u00e9change unique qui a souvent fait surgir de brillantes nouvelles id\u00e9es [&hellip;]\" \/>\n<meta property=\"og:url\" content=\"https:\/\/www.inovallee.com\/en\/retour-sur-lag-dinovallee-acte-iii-hommage-a-la-communaute-de-benevoles-de-la-technopole\/\" \/>\n<meta property=\"og:site_name\" content=\"inovall\u00e9e\" \/>\n<meta property=\"article:publisher\" content=\"https:\/\/www.facebook.com\/technopoleinovallee\/\" \/>\n<meta property=\"article:published_time\" content=\"2015-04-29T16:37:00+00:00\" \/>\n<meta property=\"og:image\" content=\"http:\/\/1.bp.blogspot.com\/-Z2vHHclPY9I\/VTT8_NRX0xI\/AAAAAAAAQUk\/2ZLGSOq6d2M\/s1600\/DSC_2726%2B(2).jpg\" \/>\n<meta name=\"author\" content=\"Inovallee\" \/>\n<meta name=\"twitter:card\" content=\"summary_large_image\" \/>\n<meta name=\"twitter:creator\" content=\"@inovallee\" \/>\n<meta name=\"twitter:site\" content=\"@inovallee\" \/>\n<meta name=\"twitter:label1\" content=\"Written by\" \/>\n\t<meta name=\"twitter:data1\" content=\"Inovallee\" \/>\n\t<meta name=\"twitter:label2\" content=\"Estimated reading time\" \/>\n\t<meta name=\"twitter:data2\" content=\"1 minute\" \/>\n<script type=\"application\/ld+json\" class=\"yoast-schema-graph\">{\"@context\":\"https:\\\/\\\/schema.org\",\"@graph\":[{\"@type\":\"Article\",\"@id\":\"https:\\\/\\\/www.inovallee.com\\\/retour-sur-lag-dinovallee-acte-iii-hommage-a-la-communaute-de-benevoles-de-la-technopole\\\/#article\",\"isPartOf\":{\"@id\":\"https:\\\/\\\/www.inovallee.com\\\/retour-sur-lag-dinovallee-acte-iii-hommage-a-la-communaute-de-benevoles-de-la-technopole\\\/\"},\"author\":{\"name\":\"Inovallee\",\"@id\":\"https:\\\/\\\/www.inovallee.com\\\/#\\\/schema\\\/person\\\/a45b15518aad3111b2d61d257a3e023b\"},\"headline\":\"Retour sur l&#039;AG d&#039;inovall\u00e9e &#8211; Acte III : hommage \u00e0 la communaut\u00e9 de b\u00e9n\u00e9voles de la technopole\",\"datePublished\":\"2015-04-29T16:37:00+00:00\",\"mainEntityOfPage\":{\"@id\":\"https:\\\/\\\/www.inovallee.com\\\/retour-sur-lag-dinovallee-acte-iii-hommage-a-la-communaute-de-benevoles-de-la-technopole\\\/\"},\"wordCount\":208,\"publisher\":{\"@id\":\"https:\\\/\\\/www.inovallee.com\\\/#organization\"},\"image\":{\"@id\":\"https:\\\/\\\/www.inovallee.com\\\/retour-sur-lag-dinovallee-acte-iii-hommage-a-la-communaute-de-benevoles-de-la-technopole\\\/#primaryimage\"},\"thumbnailUrl\":\"http:\\\/\\\/1.bp.blogspot.com\\\/-Z2vHHclPY9I\\\/VTT8_NRX0xI\\\/AAAAAAAAQUk\\\/2ZLGSOq6d2M\\\/s1600\\\/DSC_2726%2B(2).jpg\",\"articleSection\":[\"Technopole inovall\u00e9e\"],\"inLanguage\":\"en-GB\"},{\"@type\":\"WebPage\",\"@id\":\"https:\\\/\\\/www.inovallee.com\\\/retour-sur-lag-dinovallee-acte-iii-hommage-a-la-communaute-de-benevoles-de-la-technopole\\\/\",\"url\":\"https:\\\/\\\/www.inovallee.com\\\/retour-sur-lag-dinovallee-acte-iii-hommage-a-la-communaute-de-benevoles-de-la-technopole\\\/\",\"name\":\"Retour sur l&#039;AG d&#039;inovall\u00e9e - Acte III : hommage \u00e0 la communaut\u00e9 de b\u00e9n\u00e9voles de la technopole - inovall\u00e9e\",\"isPartOf\":{\"@id\":\"https:\\\/\\\/www.inovallee.com\\\/#website\"},\"primaryImageOfPage\":{\"@id\":\"https:\\\/\\\/www.inovallee.com\\\/retour-sur-lag-dinovallee-acte-iii-hommage-a-la-communaute-de-benevoles-de-la-technopole\\\/#primaryimage\"},\"image\":{\"@id\":\"https:\\\/\\\/www.inovallee.com\\\/retour-sur-lag-dinovallee-acte-iii-hommage-a-la-communaute-de-benevoles-de-la-technopole\\\/#primaryimage\"},\"thumbnailUrl\":\"http:\\\/\\\/1.bp.blogspot.com\\\/-Z2vHHclPY9I\\\/VTT8_NRX0xI\\\/AAAAAAAAQUk\\\/2ZLGSOq6d2M\\\/s1600\\\/DSC_2726%2B(2).jpg\",\"datePublished\":\"2015-04-29T16:37:00+00:00\",\"breadcrumb\":{\"@id\":\"https:\\\/\\\/www.inovallee.com\\\/retour-sur-lag-dinovallee-acte-iii-hommage-a-la-communaute-de-benevoles-de-la-technopole\\\/#breadcrumb\"},\"inLanguage\":\"en-GB\",\"potentialAction\":[{\"@type\":\"ReadAction\",\"target\":[\"https:\\\/\\\/www.inovallee.com\\\/retour-sur-lag-dinovallee-acte-iii-hommage-a-la-communaute-de-benevoles-de-la-technopole\\\/\"]}]},{\"@type\":\"ImageObject\",\"inLanguage\":\"en-GB\",\"@id\":\"https:\\\/\\\/www.inovallee.com\\\/retour-sur-lag-dinovallee-acte-iii-hommage-a-la-communaute-de-benevoles-de-la-technopole\\\/#primaryimage\",\"url\":\"http:\\\/\\\/1.bp.blogspot.com\\\/-Z2vHHclPY9I\\\/VTT8_NRX0xI\\\/AAAAAAAAQUk\\\/2ZLGSOq6d2M\\\/s1600\\\/DSC_2726%2B(2).jpg\",\"contentUrl\":\"http:\\\/\\\/1.bp.blogspot.com\\\/-Z2vHHclPY9I\\\/VTT8_NRX0xI\\\/AAAAAAAAQUk\\\/2ZLGSOq6d2M\\\/s1600\\\/DSC_2726%2B(2).jpg\"},{\"@type\":\"BreadcrumbList\",\"@id\":\"https:\\\/\\\/www.inovallee.com\\\/retour-sur-lag-dinovallee-acte-iii-hommage-a-la-communaute-de-benevoles-de-la-technopole\\\/#breadcrumb\",\"itemListElement\":[{\"@type\":\"ListItem\",\"position\":1,\"name\":\"Accueil\",\"item\":\"https:\\\/\\\/www.inovallee.com\\\/\"},{\"@type\":\"ListItem\",\"position\":2,\"name\":\"Retour sur l&#039;AG d&#039;inovall\u00e9e &#8211; Acte III : hommage \u00e0 la communaut\u00e9 de b\u00e9n\u00e9voles de la technopole\"}]},{\"@type\":\"WebSite\",\"@id\":\"https:\\\/\\\/www.inovallee.com\\\/#website\",\"url\":\"https:\\\/\\\/www.inovallee.com\\\/\",\"name\":\"inovall\u00e9e technopole, Home to software & smart technologies\",\"description\":\"Home to software &amp; smart technologies\",\"publisher\":{\"@id\":\"https:\\\/\\\/www.inovallee.com\\\/#organization\"},\"potentialAction\":[{\"@type\":\"SearchAction\",\"target\":{\"@type\":\"EntryPoint\",\"urlTemplate\":\"https:\\\/\\\/www.inovallee.com\\\/?s={search_term_string}\"},\"query-input\":{\"@type\":\"PropertyValueSpecification\",\"valueRequired\":true,\"valueName\":\"search_term_string\"}}],\"inLanguage\":\"en-GB\"},{\"@type\":\"Organization\",\"@id\":\"https:\\\/\\\/www.inovallee.com\\\/#organization\",\"name\":\"inovall\u00e9e\",\"url\":\"https:\\\/\\\/www.inovallee.com\\\/\",\"logo\":{\"@type\":\"ImageObject\",\"inLanguage\":\"en-GB\",\"@id\":\"https:\\\/\\\/www.inovallee.com\\\/#\\\/schema\\\/logo\\\/image\\\/\",\"url\":\"https:\\\/\\\/www.inovallee.com\\\/wp-content\\\/uploads\\\/2023\\\/08\\\/inovallee_2022_GrenobleAlpes.png\",\"contentUrl\":\"https:\\\/\\\/www.inovallee.com\\\/wp-content\\\/uploads\\\/2023\\\/08\\\/inovallee_2022_GrenobleAlpes.png\",\"width\":945,\"height\":369,\"caption\":\"inovall\u00e9e\"},\"image\":{\"@id\":\"https:\\\/\\\/www.inovallee.com\\\/#\\\/schema\\\/logo\\\/image\\\/\"},\"sameAs\":[\"https:\\\/\\\/www.facebook.com\\\/technopoleinovallee\\\/\",\"https:\\\/\\\/x.com\\\/inovallee\",\"https:\\\/\\\/www.linkedin.com\\\/company\\\/inovall-e\\\/\",\"https:\\\/\\\/www.youtube.com\\\/user\\\/inovallee?reload=9\"]},{\"@type\":\"Person\",\"@id\":\"https:\\\/\\\/www.inovallee.com\\\/#\\\/schema\\\/person\\\/a45b15518aad3111b2d61d257a3e023b\",\"name\":\"Inovallee\"}]}<\/script>\n<!-- \/ Yoast SEO plugin. -->","yoast_head_json":{"title":"Retour sur l&#039;AG d&#039;inovall\u00e9e - Acte III : hommage \u00e0 la communaut\u00e9 de b\u00e9n\u00e9voles de la technopole - inovall\u00e9e","robots":{"index":"index","follow":"follow","max-snippet":"max-snippet:-1","max-image-preview":"max-image-preview:large","max-video-preview":"max-video-preview:-1"},"canonical":"https:\/\/www.inovallee.com\/en\/retour-sur-lag-dinovallee-acte-iii-hommage-a-la-communaute-de-benevoles-de-la-technopole\/","og_locale":"en_GB","og_type":"article","og_title":"Retour sur l&#039;AG d&#039;inovall\u00e9e - Acte III : hommage \u00e0 la communaut\u00e9 de b\u00e9n\u00e9voles de la technopole - inovall\u00e9e","og_description":"Que serait inovall\u00e9e sans la communaut\u00e9 de b\u00e9n\u00e9voles qui l&rsquo;anime ? L&rsquo;assembl\u00e9e g\u00e9n\u00e9rale a voulu rendre la part belle \u00e0 tous les b\u00e9n\u00e9voles qui s&rsquo;investissent au quotidien pour renforcer l&rsquo;\u00e9quipe permanente d&rsquo;inovall\u00e9e.&nbsp;Objectifs ? Brainstormer, proposer, rester innovant et percutant au sein des commissions, lieu d\u2019\u00e9change unique qui a souvent fait surgir de brillantes nouvelles id\u00e9es [&hellip;]","og_url":"https:\/\/www.inovallee.com\/en\/retour-sur-lag-dinovallee-acte-iii-hommage-a-la-communaute-de-benevoles-de-la-technopole\/","og_site_name":"inovall\u00e9e","article_publisher":"https:\/\/www.facebook.com\/technopoleinovallee\/","article_published_time":"2015-04-29T16:37:00+00:00","og_image":[{"url":"http:\/\/1.bp.blogspot.com\/-Z2vHHclPY9I\/VTT8_NRX0xI\/AAAAAAAAQUk\/2ZLGSOq6d2M\/s1600\/DSC_2726%2B(2).jpg","type":"","width":"","height":""}],"author":"Inovallee","twitter_card":"summary_large_image","twitter_creator":"@inovallee","twitter_site":"@inovallee","twitter_misc":{"Written by":"Inovallee","Estimated reading time":"1 minute"},"schema":{"@context":"https:\/\/schema.org","@graph":[{"@type":"Article","@id":"https:\/\/www.inovallee.com\/retour-sur-lag-dinovallee-acte-iii-hommage-a-la-communaute-de-benevoles-de-la-technopole\/#article","isPartOf":{"@id":"https:\/\/www.inovallee.com\/retour-sur-lag-dinovallee-acte-iii-hommage-a-la-communaute-de-benevoles-de-la-technopole\/"},"author":{"name":"Inovallee","@id":"https:\/\/www.inovallee.com\/#\/schema\/person\/a45b15518aad3111b2d61d257a3e023b"},"headline":"Retour sur l&#039;AG d&#039;inovall\u00e9e &#8211; Acte III : hommage \u00e0 la communaut\u00e9 de b\u00e9n\u00e9voles de la technopole","datePublished":"2015-04-29T16:37:00+00:00","mainEntityOfPage":{"@id":"https:\/\/www.inovallee.com\/retour-sur-lag-dinovallee-acte-iii-hommage-a-la-communaute-de-benevoles-de-la-technopole\/"},"wordCount":208,"publisher":{"@id":"https:\/\/www.inovallee.com\/#organization"},"image":{"@id":"https:\/\/www.inovallee.com\/retour-sur-lag-dinovallee-acte-iii-hommage-a-la-communaute-de-benevoles-de-la-technopole\/#primaryimage"},"thumbnailUrl":"http:\/\/1.bp.blogspot.com\/-Z2vHHclPY9I\/VTT8_NRX0xI\/AAAAAAAAQUk\/2ZLGSOq6d2M\/s1600\/DSC_2726%2B(2).jpg","articleSection":["Technopole inovall\u00e9e"],"inLanguage":"en-GB"},{"@type":"WebPage","@id":"https:\/\/www.inovallee.com\/retour-sur-lag-dinovallee-acte-iii-hommage-a-la-communaute-de-benevoles-de-la-technopole\/","url":"https:\/\/www.inovallee.com\/retour-sur-lag-dinovallee-acte-iii-hommage-a-la-communaute-de-benevoles-de-la-technopole\/","name":"Retour sur l&#039;AG d&#039;inovall\u00e9e - Acte III : hommage \u00e0 la communaut\u00e9 de b\u00e9n\u00e9voles de la technopole - inovall\u00e9e","isPartOf":{"@id":"https:\/\/www.inovallee.com\/#website"},"primaryImageOfPage":{"@id":"https:\/\/www.inovallee.com\/retour-sur-lag-dinovallee-acte-iii-hommage-a-la-communaute-de-benevoles-de-la-technopole\/#primaryimage"},"image":{"@id":"https:\/\/www.inovallee.com\/retour-sur-lag-dinovallee-acte-iii-hommage-a-la-communaute-de-benevoles-de-la-technopole\/#primaryimage"},"thumbnailUrl":"http:\/\/1.bp.blogspot.com\/-Z2vHHclPY9I\/VTT8_NRX0xI\/AAAAAAAAQUk\/2ZLGSOq6d2M\/s1600\/DSC_2726%2B(2).jpg","datePublished":"2015-04-29T16:37:00+00:00","breadcrumb":{"@id":"https:\/\/www.inovallee.com\/retour-sur-lag-dinovallee-acte-iii-hommage-a-la-communaute-de-benevoles-de-la-technopole\/#breadcrumb"},"inLanguage":"en-GB","potentialAction":[{"@type":"ReadAction","target":["https:\/\/www.inovallee.com\/retour-sur-lag-dinovallee-acte-iii-hommage-a-la-communaute-de-benevoles-de-la-technopole\/"]}]},{"@type":"ImageObject","inLanguage":"en-GB","@id":"https:\/\/www.inovallee.com\/retour-sur-lag-dinovallee-acte-iii-hommage-a-la-communaute-de-benevoles-de-la-technopole\/#primaryimage","url":"http:\/\/1.bp.blogspot.com\/-Z2vHHclPY9I\/VTT8_NRX0xI\/AAAAAAAAQUk\/2ZLGSOq6d2M\/s1600\/DSC_2726%2B(2).jpg","contentUrl":"http:\/\/1.bp.blogspot.com\/-Z2vHHclPY9I\/VTT8_NRX0xI\/AAAAAAAAQUk\/2ZLGSOq6d2M\/s1600\/DSC_2726%2B(2).jpg"},{"@type":"BreadcrumbList","@id":"https:\/\/www.inovallee.com\/retour-sur-lag-dinovallee-acte-iii-hommage-a-la-communaute-de-benevoles-de-la-technopole\/#breadcrumb","itemListElement":[{"@type":"ListItem","position":1,"name":"Accueil","item":"https:\/\/www.inovallee.com\/"},{"@type":"ListItem","position":2,"name":"Retour sur l&#039;AG d&#039;inovall\u00e9e &#8211; Acte III : hommage \u00e0 la communaut\u00e9 de b\u00e9n\u00e9voles de la technopole"}]},{"@type":"WebSite","@id":"https:\/\/www.inovallee.com\/#website","url":"https:\/\/www.inovallee.com\/","name":"inovall\u00e9e technopole, Home to software & smart technologies","description":"Home to software &amp; smart technologies","publisher":{"@id":"https:\/\/www.inovallee.com\/#organization"},"potentialAction":[{"@type":"SearchAction","target":{"@type":"EntryPoint","urlTemplate":"https:\/\/www.inovallee.com\/?s={search_term_string}"},"query-input":{"@type":"PropertyValueSpecification","valueRequired":true,"valueName":"search_term_string"}}],"inLanguage":"en-GB"},{"@type":"Organization","@id":"https:\/\/www.inovallee.com\/#organization","name":"inovall\u00e9e","url":"https:\/\/www.inovallee.com\/","logo":{"@type":"ImageObject","inLanguage":"en-GB","@id":"https:\/\/www.inovallee.com\/#\/schema\/logo\/image\/","url":"https:\/\/www.inovallee.com\/wp-content\/uploads\/2023\/08\/inovallee_2022_GrenobleAlpes.png","contentUrl":"https:\/\/www.inovallee.com\/wp-content\/uploads\/2023\/08\/inovallee_2022_GrenobleAlpes.png","width":945,"height":369,"caption":"inovall\u00e9e"},"image":{"@id":"https:\/\/www.inovallee.com\/#\/schema\/logo\/image\/"},"sameAs":["https:\/\/www.facebook.com\/technopoleinovallee\/","https:\/\/x.com\/inovallee","https:\/\/www.linkedin.com\/company\/inovall-e\/","https:\/\/www.youtube.com\/user\/inovallee?reload=9"]},{"@type":"Person","@id":"https:\/\/www.inovallee.com\/#\/schema\/person\/a45b15518aad3111b2d61d257a3e023b","name":"Inovallee"}]}},"_links":{"self":[{"href":"https:\/\/www.inovallee.com\/en\/wp-json\/wp\/v2\/posts\/1921","targetHints":{"allow":["GET"]}}],"collection":[{"href":"https:\/\/www.inovallee.com\/en\/wp-json\/wp\/v2\/posts"}],"about":[{"href":"https:\/\/www.inovallee.com\/en\/wp-json\/wp\/v2\/types\/post"}],"author":[{"embeddable":true,"href":"https:\/\/www.inovallee.com\/en\/wp-json\/wp\/v2\/users\/6"}],"replies":[{"embeddable":true,"href":"https:\/\/www.inovallee.com\/en\/wp-json\/wp\/v2\/comments?post=1921"}],"version-history":[{"count":0,"href":"https:\/\/www.inovallee.com\/en\/wp-json\/wp\/v2\/posts\/1921\/revisions"}],"wp:attachment":[{"href":"https:\/\/www.inovallee.com\/en\/wp-json\/wp\/v2\/media?parent=1921"}],"wp:term":[{"taxonomy":"category","embeddable":true,"href":"https:\/\/www.inovallee.com\/en\/wp-json\/wp\/v2\/categories?post=1921"},{"taxonomy":"post_tag","embeddable":true,"href":"https:\/\/www.inovallee.com\/en\/wp-json\/wp\/v2\/tags?post=1921"}],"curies":[{"name":"wp","href":"https:\/\/api.w.org\/{rel}","templated":true}]}}