{"id":1933,"date":"2015-04-27T11:59:00","date_gmt":"2015-04-27T10:59:00","guid":{"rendered":"https:\/\/www.inovallee.com\/lactualite-des-partenaires-dinovallee-le-pepite-ozer-organise-un-atelier-la-personnalite-de-lentrepreneur-un-facteur-de-reussite-mardi-5-mai\/"},"modified":"2015-04-27T11:59:00","modified_gmt":"2015-04-27T10:59:00","slug":"lactualite-des-partenaires-dinovallee-le-pepite-ozer-organise-un-atelier-la-personnalite-de-lentrepreneur-un-facteur-de-reussite-mardi-5-mai","status":"publish","type":"post","link":"https:\/\/www.inovallee.com\/en\/lactualite-des-partenaires-dinovallee-le-pepite-ozer-organise-un-atelier-la-personnalite-de-lentrepreneur-un-facteur-de-reussite-mardi-5-mai\/","title":{"rendered":"L&#039;actualit\u00e9 des partenaires d&#039;inovall\u00e9e : le P\u00e9pite oZer organise un atelier &quot;la personnalit\u00e9 de l&#039;entrepreneur, un facteur de r\u00e9ussite ?&quot; mardi 5 mai"},"content":{"rendered":"<div dir=\"ltr\" style=\"text-align: left;\">\n<div style=\"clear: both; text-align: center;\"><a href=\"http:\/\/4.bp.blogspot.com\/-3PuSJ4CiSrQ\/VTUagwH_lLI\/AAAAAAAAQWM\/jpyxI2QgKGE\/s1600\/oZer.tif\" style=\"clear: left; float: left; margin-bottom: 1em; margin-right: 1em;\"><img decoding=\"async\" border=\"0\" src=\"http:\/\/4.bp.blogspot.com\/-3PuSJ4CiSrQ\/VTUagwH_lLI\/AAAAAAAAQWM\/jpyxI2QgKGE\/s1600\/oZer.tif\" height=\"200\" width=\"200\" \/><\/a><\/div>\n<div style=\"background: #FDFDFD;\"><span style=\"font-family: Arial, Helvetica, sans-serif; font-size: x-small;\"><b>Vous \u00eates \u00e9tudiant entrepreneur et vous vous demandez si votre personnalit\u00e9 peut faire partie des facteurs cl\u00e9s de votre r\u00e9ussite ? Rendez-vous mardi 5 mai prochain \u00e0 Saint Martin d&rsquo;H\u00e8res pour une matin\u00e9e organis\u00e9e par oZer Entreprendre.&nbsp;<\/b><\/span><\/div>\n<p><span data-mce-style=\"font-family: trebuchet ms,sans-serif; font-size: medium;\"><span style=\"font-family: Arial, Helvetica, sans-serif; font-size: x-small;\"><span data-mce-style=\"font-family: trebuchet ms,sans-serif; font-size: medium;\"><\/span><\/span><\/span><\/p>\n<h2 style=\"background-attachment: initial; background-clip: initial; background-image: initial; background-origin: initial; background-position: initial; background-repeat: initial; background-size: initial; text-align: center;\"><span style=\"color: orange; font-family: Arial, Helvetica, sans-serif; font-size: x-small;\"><span data-mce-style=\"font-family: trebuchet ms,sans-serif; font-size: medium;\"><span data-mce-style=\"font-family: trebuchet ms,sans-serif; font-size: medium;\" style=\"background-color: white;\">\u00ab\u00a0La personnalit\u00e9 de l&rsquo;entrepreneur, un facteur de r\u00e9ussite ?\u00a0\u00bb<\/span><\/span><\/span><\/h2>\n<div style=\"background: #FDFDFD;\"><span style=\"font-family: Arial, Helvetica, sans-serif; font-size: x-small;\">Les entrepreneurs qui r\u00e9ussissent ont-ils certains traits de caract\u00e8re en commun?&nbsp;Comment la personnalit\u00e9 d&rsquo;un entrepreneur, la compl\u00e9mentarit\u00e9 et la coh\u00e9rence d&rsquo;une \u00e9quipe sont-elles \u00e9valu\u00e9es?&nbsp;Au-del\u00e0 de la personnalit\u00e9, quelles comp\u00e9tences sont n\u00e9cessaires pour entreprendre et r\u00e9ussir?<\/span><\/div>\n<div style=\"background: #FDFDFD;\"><span style=\"font-family: Arial, Helvetica, sans-serif; font-size: x-small;\"><br \/>Michel Cezon, coach professionnel certifi\u00e9 et sp\u00e9cialis\u00e9 en entrepreneuriat, tentera de r\u00e9pondre \u00e0 ces questions et \u00e0 toutes les autres que vous vous posez sur la personnalit\u00e9 des entrepreneurs.<\/span><\/div>\n<div style=\"background: #FDFDFD;\"><span style=\"font-family: Arial, Helvetica, sans-serif; font-size: x-small;\"><span data-mce-style=\"font-size: 12pt;\"><span data-mce-style=\"font-family: trebuchet ms,sans-serif; font-size: medium;\"><span data-mce-style=\"font-family: trebuchet ms,sans-serif; font-size: medium;\">Des t\u00e9moignages de jeunes dipl\u00f4m\u00e9s cr\u00e9ateurs illustreront ensuite ses propos.<\/span><\/span><\/span><\/span><\/div>\n<div style=\"background: #FDFDFD;\"><\/div>\n<div data-mce-style=\"margin: 0px;\" style=\"background: rgb(253, 253, 253); margin: 0cm 0cm 0.0001pt;\"><span data-mce-style=\"font-family: 'trebuchet ms', sans-serif; font-size: medium;\"><span style=\"font-family: Arial, Helvetica, sans-serif; font-size: x-small;\"><b><span style=\"color: orange;\">PROGRAMME :<\/span><\/b><o:p><\/o:p><\/span><\/span><\/div>\n<ul data-mce-style=\"list-style-type: disc;\" type=\"disc\">\n<li style=\"background: rgb(253, 253, 253);\"><span data-mce-style=\"font-family: 'trebuchet ms', sans-serif; font-size: medium;\"><span style=\"font-family: Arial, Helvetica, sans-serif; font-size: x-small;\">8h30 &#8211; 9h&nbsp;: Accueil et petit d\u00e9jeuner (<span data-mce-style=\"font-family: 'trebuchet ms', sans-serif; font-size: medium;\">\u00e0 la caf\u00e9t\u00e9ria du Crous dans le hall de la biblioth\u00e8que interuniversitaire des Sciences du Campus de Saint Martin d\u2019H\u00e8res &#8211;&nbsp;<a data-mce-href=\"http:\/\/www.ozer-entrepreneuriat.fr\/fr\/le-pepite-ozer\/contact\/\" href=\"http:\/\/www.ozer-entrepreneuriat.fr\/fr\/le-pepite-ozer\/contact\/\" target=\"_blank\" rel=\"noopener noreferrer\">plan d&rsquo;acc\u00e8s<\/a><\/span>)<br \/><o:p><\/o:p><\/span><\/span><\/li>\n<li style=\"background: rgb(253, 253, 253);\"><span data-mce-style=\"font-family: 'trebuchet ms', sans-serif; font-size: medium;\"><span style=\"font-family: Arial, Helvetica, sans-serif; font-size: x-small;\">9h &#8211; 9h45 :&nbsp;Pr\u00e9sentation par l&rsquo;intervenant\/expert sur le th\u00e8me de l\u2019atelier (\u00e0 l&rsquo;auditorium)<br \/><o:p><\/o:p><\/span><\/span><\/li>\n<li style=\"background: rgb(253, 253, 253);\"><span style=\"font-family: Arial, Helvetica, sans-serif; font-size: x-small;\"><span data-mce-style=\"font-family: 'trebuchet ms', sans-serif; font-size: medium;\">9h45 &#8211; 10h : Questions\/r\u00e9ponses&nbsp;<\/span><o:p><\/o:p><\/span><\/li>\n<li style=\"background: rgb(253, 253, 253);\"><span data-mce-style=\"font-family: trebuchet ms,sans-serif;\"><span style=\"font-family: Arial, Helvetica, sans-serif; font-size: x-small;\">10h &#8211; 10h30 : T\u00e9moignage de jeunes dipl\u00f4m\u00e9s entrepreneurs<o:p><\/o:p><\/span><\/span><\/li>\n<li style=\"background: rgb(253, 253, 253);\"><span data-mce-style=\"font-family: trebuchet ms,sans-serif;\"><span style=\"font-family: Arial, Helvetica, sans-serif; font-size: x-small;\">10h30 &#8211; 11h&nbsp;: D\u00e9bat et \u00e9change de bonnes pratiques entre les participants<\/span><\/span><\/li>\n<\/ul>\n<div style=\"background: #FDFDFD;\"><span style=\"color: orange; font-family: Arial, Helvetica, sans-serif; font-size: x-small;\"><span data-mce-style=\"font-size: 12pt;\"><span data-mce-style=\"font-family: trebuchet ms,sans-serif; font-size: medium;\"><b><br \/><\/b><\/span><\/span><\/span><\/div>\n<div><span style=\"font-family: Arial, Helvetica, sans-serif; font-size: x-small;\"><span style=\"color: orange;\"><b>PLUS D&rsquo;INFOS :<\/b> <\/span><br \/>Cliquez<a href=\"http:\/\/www.ozer-entrepreneuriat.fr\/fr\/temps-forts\/nos-actualites\/atelier-la-personnalite-de-l-entrepreneur-un-facteur-de-reussite--642618.htm?RH=GUMENFR_ACTUALITES\"> ici<\/a><o:p><\/o:p><\/span><\/div>\n<div><span style=\"color: orange;\"><br \/><\/span><\/div>\n<div><span style=\"color: orange; font-family: Arial, Helvetica, sans-serif; font-size: x-small;\"><b>VOUS INSCRIRE :&nbsp;<\/b><\/span><\/div>\n<div data-mce-style=\"margin: 0px;\" style=\"background: #FDFDFD; margin-bottom: .0001pt; margin: 0cm;\"><span style=\"font-family: Arial, Helvetica, sans-serif; font-size: x-small;\"><span data-mce-style=\"font-family: 'trebuchet ms', sans-serif; font-size: medium;\">Pour participer \u00e0 cet atelier, merci de vous inscrire avant le <b><u>27 avril dernier d\u00e9lai<\/u><\/b>, en cliquant sur le lien suivant&nbsp;:&nbsp;<span><span data-mce-style=\"cursor: pointer;\" style=\"cursor: pointer;\"><span style=\"color: #336699; text-decoration: none;\"><span data-mce-style=\"color: #336699; text-decoration: none; cursor: pointer;\" style=\"cursor: pointer;\"><a data-mce-href=\"https:\/\/docs.google.com\/forms\/d\/17WfJmWlj77wjZrOBYT3hxkZPWkbkrw5rUjsYYXbKcsI\/viewform\" href=\"https:\/\/docs.google.com\/forms\/d\/17WfJmWlj77wjZrOBYT3hxkZPWkbkrw5rUjsYYXbKcsI\/viewform\" target=\"_blank\" rel=\"noopener noreferrer\"><span data-mce-style=\"color: #336699; cursor: pointer;\" style=\"cursor: pointer;\">Inscription \u00ab&nbsp;Ateliers oZer Entreprendre&nbsp;\u00bb<\/span><span data-mce-style=\"color: #336699; text-decoration: none; cursor: pointer;\" style=\"cursor: pointer;\">.<\/span><span data-mce-style=\"color: #336699; text-decoration: none; cursor: pointer;\" style=\"cursor: pointer;\">&nbsp;<\/span><\/a><\/span><\/span><\/span><\/span><\/span><\/span><\/div>\n<div style=\"background: #FDFDFD;\"><span style=\"font-family: Arial, Helvetica, sans-serif; font-size: x-small;\"><!--[if !supportLineBreakNewLine]--><br \/><!--[endif]--><span data-mce-style=\"font-family: 'trebuchet ms', sans-serif; font-size: medium;\"><\/span><o:p><\/o:p><\/span><\/div>\n<div style=\"background: #FDFDFD;\"><span style=\"font-family: Arial, Helvetica, sans-serif; font-size: x-small;\"><b><span style=\"color: orange;\">CONTACT :&nbsp;<\/span><\/b><o:p><\/o:p><\/span><\/div>\n<div style=\"background: #FDFDFD;\"><span style=\"font-family: Arial, Helvetica, sans-serif; font-size: x-small;\">Jean-Luc FINCK, directeur adjoint <o:p><\/o:p><\/span><\/div>\n<div style=\"background: #FDFDFD;\"><span style=\"font-family: Arial, Helvetica, sans-serif; font-size: x-small;\"><a data-mce-href=\"mailto:jean-luc.finck@grenoble-univ.fr\" href=\"mailto:jean-luc.finck@grenoble-univ.fr\" target=\"_blank\" rel=\"noopener noreferrer\"><span data-mce-\nstyle=\"font-family: trebuchet ms,sans-serif;\">jean-luc.finck@grenoble-univ.fr<\/span><\/a><o:p><\/o:p><\/span><\/div>\n<div style=\"background: #FDFDFD;\"><span style=\"font-family: Arial, Helvetica, sans-serif; font-size: x-small;\">Tel : +33 (0)4 76 82 84 94 \/ Mobile : +33 (0)6 69 78 36 15<o:p><\/o:p><\/span><\/div>\n<div style=\"background: #FDFDFD;\"><span style=\"font-family: Arial, Helvetica, sans-serif; font-size: x-small;\">P\u00e9pite oZer &#8211; P\u00f4le \u00e9tudiants pour l\u2019innovation, le transfert et l\u2019entrepreneuriat<o:p><\/o:p><\/span><\/div>\n<div style=\"background: #FDFDFD;\"><span style=\"font-family: Arial, Helvetica, sans-serif; font-size: x-small;\">Universit\u00e9 Grenoble Alpes <o:p><\/o:p><\/span><\/div>\n<div style=\"background: #FDFDFD;\"><span style=\"color: #0000ee;\"><span data-mce-style=\"font-family: trebuchet ms,sans-serif;\"><a data-mce-href=\"http:\/\/www.ozer-entrepreneuriat.fr\/\" href=\"http:\/\/www.ozer-entrepreneuriat.fr\/\" target=\"_blank\" rel=\"noopener noreferrer\"><span data-mce-style=\"font-family: trebuchet ms,sans-serif; color: #0000ee;\"><span style=\"font-family: Arial, Helvetica, sans-serif; font-size: x-small;\">http:\/\/www.ozer-entrepreneuriat.fr\/<\/span><\/span><\/a><\/span><\/span><o:p><\/o:p><\/div>\n<div style=\"background: #FDFDFD;\"><span data-mce-style=\"font-family: trebuchet ms,sans-serif; color: #0000ee;\"><span data-mce-style=\"font-size: small;\"><\/span><\/span><\/div>\n<div style=\"background: #FDFDFD;\"><b><span style=\"color: black; font-family: &quot;Trebuchet MS&quot;,sans-serif; mso-fareast-font-family: &quot;Times New Roman&quot;;\"><span data-mce-style=\"font-family: trebuchet ms,sans-serif;\"><br style=\"mso-special-character: line-break;\" \/><!--[if !supportLineBreakNewLine]--><br style=\"mso-special-character: line-break;\" \/><!--[endif]--><span data-mce-style=\"font-family: trebuchet ms,sans-serif;\"><\/span><\/span><\/span><\/b><span style=\"color: black; mso-fareast-font-family: &quot;Times New Roman&quot;;\"><span data-mce-style=\"white-space: pre;\"><o:p><\/o:p><\/span><\/span><\/div>\n<\/div>\n","protected":false},"excerpt":{"rendered":"<p>Vous \u00eates \u00e9tudiant entrepreneur et vous vous demandez si votre personnalit\u00e9 peut faire partie des facteurs cl\u00e9s de votre r\u00e9ussite ? Rendez-vous mardi 5 mai prochain \u00e0 Saint Martin d&rsquo;H\u00e8res pour une matin\u00e9e organis\u00e9e par oZer Entreprendre.&nbsp; \u00ab\u00a0La personnalit\u00e9 de l&rsquo;entrepreneur, un facteur de r\u00e9ussite ?\u00a0\u00bb Les entrepreneurs qui r\u00e9ussissent ont-ils certains traits de caract\u00e8re [&hellip;]<\/p>\n","protected":false},"author":6,"featured_media":0,"comment_status":"closed","ping_status":"open","sticky":false,"template":"","format":"standard","meta":{"footnotes":""},"categories":[51,41,42],"tags":[],"class_list":["post-1933","post","type-post","status-publish","format-standard","hentry","category-ecosysteme-innovation","category-entrepreneur-competences","category-entrepreneur-strategie-innovation"],"yoast_head":"<!-- This site is optimized with the Yoast SEO plugin v27.4 - https:\/\/yoast.com\/product\/yoast-seo-wordpress\/ -->\n<title>L&#039;actualit\u00e9 des partenaires d&#039;inovall\u00e9e : le P\u00e9pite oZer organise un atelier &quot;la personnalit\u00e9 de l&#039;entrepreneur, un facteur de r\u00e9ussite ?&quot; mardi 5 mai - inovall\u00e9e<\/title>\n<meta name=\"robots\" content=\"index, follow, max-snippet:-1, max-image-preview:large, max-video-preview:-1\" \/>\n<link rel=\"canonical\" href=\"https:\/\/www.inovallee.com\/en\/lactualite-des-partenaires-dinovallee-le-pepite-ozer-organise-un-atelier-la-personnalite-de-lentrepreneur-un-facteur-de-reussite-mardi-5-mai\/\" \/>\n<meta property=\"og:locale\" content=\"en_GB\" \/>\n<meta property=\"og:type\" content=\"article\" \/>\n<meta property=\"og:title\" content=\"L&#039;actualit\u00e9 des partenaires d&#039;inovall\u00e9e : le P\u00e9pite oZer organise un atelier &quot;la personnalit\u00e9 de l&#039;entrepreneur, un facteur de r\u00e9ussite ?&quot; mardi 5 mai - inovall\u00e9e\" \/>\n<meta property=\"og:description\" content=\"Vous \u00eates \u00e9tudiant entrepreneur et vous vous demandez si votre personnalit\u00e9 peut faire partie des facteurs cl\u00e9s de votre r\u00e9ussite ? Rendez-vous mardi 5 mai prochain \u00e0 Saint Martin d&rsquo;H\u00e8res pour une matin\u00e9e organis\u00e9e par oZer Entreprendre.&nbsp; \u00ab\u00a0La personnalit\u00e9 de l&rsquo;entrepreneur, un facteur de r\u00e9ussite ?\u00a0\u00bb Les entrepreneurs qui r\u00e9ussissent ont-ils certains traits de caract\u00e8re [&hellip;]\" \/>\n<meta property=\"og:url\" content=\"https:\/\/www.inovallee.com\/en\/lactualite-des-partenaires-dinovallee-le-pepite-ozer-organise-un-atelier-la-personnalite-de-lentrepreneur-un-facteur-de-reussite-mardi-5-mai\/\" \/>\n<meta property=\"og:site_name\" content=\"inovall\u00e9e\" \/>\n<meta property=\"article:publisher\" content=\"https:\/\/www.facebook.com\/technopoleinovallee\/\" \/>\n<meta property=\"article:published_time\" content=\"2015-04-27T10:59:00+00:00\" \/>\n<meta property=\"og:image\" content=\"http:\/\/4.bp.blogspot.com\/-3PuSJ4CiSrQ\/VTUagwH_lLI\/AAAAAAAAQWM\/jpyxI2QgKGE\/s1600\/oZer.tif\" \/>\n<meta name=\"author\" content=\"Inovallee\" \/>\n<meta name=\"twitter:card\" content=\"summary_large_image\" \/>\n<meta name=\"twitter:creator\" content=\"@inovallee\" \/>\n<meta name=\"twitter:site\" content=\"@inovallee\" \/>\n<meta name=\"twitter:label1\" content=\"Written by\" \/>\n\t<meta name=\"twitter:data1\" content=\"Inovallee\" \/>\n\t<meta name=\"twitter:label2\" content=\"Estimated reading time\" \/>\n\t<meta name=\"twitter:data2\" content=\"1 minute\" \/>\n<script type=\"application\/ld+json\" class=\"yoast-schema-graph\">{\"@context\":\"https:\\\/\\\/schema.org\",\"@graph\":[{\"@type\":\"Article\",\"@id\":\"https:\\\/\\\/www.inovallee.com\\\/lactualite-des-partenaires-dinovallee-le-pepite-ozer-organise-un-atelier-la-personnalite-de-lentrepreneur-un-facteur-de-reussite-mardi-5-mai\\\/#article\",\"isPartOf\":{\"@id\":\"https:\\\/\\\/www.inovallee.com\\\/lactualite-des-partenaires-dinovallee-le-pepite-ozer-organise-un-atelier-la-personnalite-de-lentrepreneur-un-facteur-de-reussite-mardi-5-mai\\\/\"},\"author\":{\"name\":\"Inovallee\",\"@id\":\"https:\\\/\\\/www.inovallee.com\\\/#\\\/schema\\\/person\\\/a45b15518aad3111b2d61d257a3e023b\"},\"headline\":\"L&#039;actualit\u00e9 des partenaires d&#039;inovall\u00e9e : le P\u00e9pite oZer organise un atelier &quot;la personnalit\u00e9 de l&#039;entrepreneur, un facteur de r\u00e9ussite ?&quot; mardi 5 mai\",\"datePublished\":\"2015-04-27T10:59:00+00:00\",\"mainEntityOfPage\":{\"@id\":\"https:\\\/\\\/www.inovallee.com\\\/lactualite-des-partenaires-dinovallee-le-pepite-ozer-organise-un-atelier-la-personnalite-de-lentrepreneur-un-facteur-de-reussite-mardi-5-mai\\\/\"},\"wordCount\":333,\"publisher\":{\"@id\":\"https:\\\/\\\/www.inovallee.com\\\/#organization\"},\"image\":{\"@id\":\"https:\\\/\\\/www.inovallee.com\\\/lactualite-des-partenaires-dinovallee-le-pepite-ozer-organise-un-atelier-la-personnalite-de-lentrepreneur-un-facteur-de-reussite-mardi-5-mai\\\/#primaryimage\"},\"thumbnailUrl\":\"http:\\\/\\\/4.bp.blogspot.com\\\/-3PuSJ4CiSrQ\\\/VTUagwH_lLI\\\/AAAAAAAAQWM\\\/jpyxI2QgKGE\\\/s1600\\\/oZer.tif\",\"articleSection\":[\"Ecosyst\u00e8me de l'innovation\",\"Entreprendre et d\u00e9velopper ses comp\u00e9tences\",\"Entrepreneuriat et strat\u00e9gie d'innovation\"],\"inLanguage\":\"en-GB\"},{\"@type\":\"WebPage\",\"@id\":\"https:\\\/\\\/www.inovallee.com\\\/lactualite-des-partenaires-dinovallee-le-pepite-ozer-organise-un-atelier-la-personnalite-de-lentrepreneur-un-facteur-de-reussite-mardi-5-mai\\\/\",\"url\":\"https:\\\/\\\/www.inovallee.com\\\/lactualite-des-partenaires-dinovallee-le-pepite-ozer-organise-un-atelier-la-personnalite-de-lentrepreneur-un-facteur-de-reussite-mardi-5-mai\\\/\",\"name\":\"L&#039;actualit\u00e9 des partenaires d&#039;inovall\u00e9e : le P\u00e9pite oZer organise un atelier &quot;la personnalit\u00e9 de l&#039;entrepreneur, un facteur de r\u00e9ussite ?&quot; mardi 5 mai - inovall\u00e9e\",\"isPartOf\":{\"@id\":\"https:\\\/\\\/www.inovallee.com\\\/#website\"},\"primaryImageOfPage\":{\"@id\":\"https:\\\/\\\/www.inovallee.com\\\/lactualite-des-partenaires-dinovallee-le-pepite-ozer-organise-un-atelier-la-personnalite-de-lentrepreneur-un-facteur-de-reussite-mardi-5-mai\\\/#primaryimage\"},\"image\":{\"@id\":\"https:\\\/\\\/www.inovallee.com\\\/lactualite-des-partenaires-dinovallee-le-pepite-ozer-organise-un-atelier-la-personnalite-de-lentrepreneur-un-facteur-de-reussite-mardi-5-mai\\\/#primaryimage\"},\"thumbnailUrl\":\"http:\\\/\\\/4.bp.blogspot.com\\\/-3PuSJ4CiSrQ\\\/VTUagwH_lLI\\\/AAAAAAAAQWM\\\/jpyxI2QgKGE\\\/s1600\\\/oZer.tif\",\"datePublished\":\"2015-04-27T10:59:00+00:00\",\"breadcrumb\":{\"@id\":\"https:\\\/\\\/www.inovallee.com\\\/lactualite-des-partenaires-dinovallee-le-pepite-ozer-organise-un-atelier-la-personnalite-de-lentrepreneur-un-facteur-de-reussite-mardi-5-mai\\\/#breadcrumb\"},\"inLanguage\":\"en-GB\",\"potentialAction\":[{\"@type\":\"ReadAction\",\"target\":[\"https:\\\/\\\/www.inovallee.com\\\/lactualite-des-partenaires-dinovallee-le-pepite-ozer-organise-un-atelier-la-personnalite-de-lentrepreneur-un-facteur-de-reussite-mardi-5-mai\\\/\"]}]},{\"@type\":\"ImageObject\",\"inLanguage\":\"en-GB\",\"@id\":\"https:\\\/\\\/www.inovallee.com\\\/lactualite-des-partenaires-dinovallee-le-pepite-ozer-organise-un-atelier-la-personnalite-de-lentrepreneur-un-facteur-de-reussite-mardi-5-mai\\\/#primaryimage\",\"url\":\"http:\\\/\\\/4.bp.blogspot.com\\\/-3PuSJ4CiSrQ\\\/VTUagwH_lLI\\\/AAAAAAAAQWM\\\/jpyxI2QgKGE\\\/s1600\\\/oZer.tif\",\"contentUrl\":\"http:\\\/\\\/4.bp.blogspot.com\\\/-3PuSJ4CiSrQ\\\/VTUagwH_lLI\\\/AAAAAAAAQWM\\\/jpyxI2QgKGE\\\/s1600\\\/oZer.tif\"},{\"@type\":\"BreadcrumbList\",\"@id\":\"https:\\\/\\\/www.inovallee.com\\\/lactualite-des-partenaires-dinovallee-le-pepite-ozer-organise-un-atelier-la-personnalite-de-lentrepreneur-un-facteur-de-reussite-mardi-5-mai\\\/#breadcrumb\",\"itemListElement\":[{\"@type\":\"ListItem\",\"position\":1,\"name\":\"Accueil\",\"item\":\"https:\\\/\\\/www.inovallee.com\\\/\"},{\"@type\":\"ListItem\",\"position\":2,\"name\":\"L&#039;actualit\u00e9 des partenaires d&#039;inovall\u00e9e : le P\u00e9pite oZer organise un atelier &quot;la personnalit\u00e9 de l&#039;entrepreneur, un facteur de r\u00e9ussite ?&quot; mardi 5 mai\"}]},{\"@type\":\"WebSite\",\"@id\":\"https:\\\/\\\/www.inovallee.com\\\/#website\",\"url\":\"https:\\\/\\\/www.inovallee.com\\\/\",\"name\":\"inovall\u00e9e technopole, Home to software & smart technologies\",\"description\":\"Home to software &amp; smart technologies\",\"publisher\":{\"@id\":\"https:\\\/\\\/www.inovallee.com\\\/#organization\"},\"potentialAction\":[{\"@type\":\"SearchAction\",\"target\":{\"@type\":\"EntryPoint\",\"urlTemplate\":\"https:\\\/\\\/www.inovallee.com\\\/?s={search_term_string}\"},\"query-input\":{\"@type\":\"PropertyValueSpecification\",\"valueRequired\":true,\"valueName\":\"search_term_string\"}}],\"inLanguage\":\"en-GB\"},{\"@type\":\"Organization\",\"@id\":\"https:\\\/\\\/www.inovallee.com\\\/#organization\",\"name\":\"inovall\u00e9e\",\"url\":\"https:\\\/\\\/www.inovallee.com\\\/\",\"logo\":{\"@type\":\"ImageObject\",\"inLanguage\":\"en-GB\",\"@id\":\"https:\\\/\\\/www.inovallee.com\\\/#\\\/schema\\\/logo\\\/image\\\/\",\"url\":\"https:\\\/\\\/www.inovallee.com\\\/wp-content\\\/uploads\\\/2023\\\/08\\\/inovallee_2022_GrenobleAlpes.png\",\"contentUrl\":\"https:\\\/\\\/www.inovallee.com\\\/wp-content\\\/uploads\\\/2023\\\/08\\\/inovallee_2022_GrenobleAlpes.png\",\"width\":945,\"height\":369,\"caption\":\"inovall\u00e9e\"},\"image\":{\"@id\":\"https:\\\/\\\/www.inovallee.com\\\/#\\\/schema\\\/logo\\\/image\\\/\"},\"sameAs\":[\"https:\\\/\\\/www.facebook.com\\\/technopoleinovallee\\\/\",\"https:\\\/\\\/x.com\\\/inovallee\",\"https:\\\/\\\/www.linkedin.com\\\/company\\\/inovall-e\\\/\",\"https:\\\/\\\/www.youtube.com\\\/user\\\/inovallee?reload=9\"]},{\"@type\":\"Person\",\"@id\":\"https:\\\/\\\/www.inovallee.com\\\/#\\\/schema\\\/person\\\/a45b15518aad3111b2d61d257a3e023b\",\"name\":\"Inovallee\"}]}<\/script>\n<!-- \/ Yoast SEO plugin. -->","yoast_head_json":{"title":"L&#039;actualit\u00e9 des partenaires d&#039;inovall\u00e9e : le P\u00e9pite oZer organise un atelier &quot;la personnalit\u00e9 de l&#039;entrepreneur, un facteur de r\u00e9ussite ?&quot; mardi 5 mai - inovall\u00e9e","robots":{"index":"index","follow":"follow","max-snippet":"max-snippet:-1","max-image-preview":"max-image-preview:large","max-video-preview":"max-video-preview:-1"},"canonical":"https:\/\/www.inovallee.com\/en\/lactualite-des-partenaires-dinovallee-le-pepite-ozer-organise-un-atelier-la-personnalite-de-lentrepreneur-un-facteur-de-reussite-mardi-5-mai\/","og_locale":"en_GB","og_type":"article","og_title":"L&#039;actualit\u00e9 des partenaires d&#039;inovall\u00e9e : le P\u00e9pite oZer organise un atelier &quot;la personnalit\u00e9 de l&#039;entrepreneur, un facteur de r\u00e9ussite ?&quot; mardi 5 mai - inovall\u00e9e","og_description":"Vous \u00eates \u00e9tudiant entrepreneur et vous vous demandez si votre personnalit\u00e9 peut faire partie des facteurs cl\u00e9s de votre r\u00e9ussite ? Rendez-vous mardi 5 mai prochain \u00e0 Saint Martin d&rsquo;H\u00e8res pour une matin\u00e9e organis\u00e9e par oZer Entreprendre.&nbsp; \u00ab\u00a0La personnalit\u00e9 de l&rsquo;entrepreneur, un facteur de r\u00e9ussite ?\u00a0\u00bb Les entrepreneurs qui r\u00e9ussissent ont-ils certains traits de caract\u00e8re [&hellip;]","og_url":"https:\/\/www.inovallee.com\/en\/lactualite-des-partenaires-dinovallee-le-pepite-ozer-organise-un-atelier-la-personnalite-de-lentrepreneur-un-facteur-de-reussite-mardi-5-mai\/","og_site_name":"inovall\u00e9e","article_publisher":"https:\/\/www.facebook.com\/technopoleinovallee\/","article_published_time":"2015-04-27T10:59:00+00:00","og_image":[{"url":"http:\/\/4.bp.blogspot.com\/-3PuSJ4CiSrQ\/VTUagwH_lLI\/AAAAAAAAQWM\/jpyxI2QgKGE\/s1600\/oZer.tif","type":"","width":"","height":""}],"author":"Inovallee","twitter_card":"summary_large_image","twitter_creator":"@inovallee","twitter_site":"@inovallee","twitter_misc":{"Written by":"Inovallee","Estimated reading time":"1 minute"},"schema":{"@context":"https:\/\/schema.org","@graph":[{"@type":"Article","@id":"https:\/\/www.inovallee.com\/lactualite-des-partenaires-dinovallee-le-pepite-ozer-organise-un-atelier-la-personnalite-de-lentrepreneur-un-facteur-de-reussite-mardi-5-mai\/#article","isPartOf":{"@id":"https:\/\/www.inovallee.com\/lactualite-des-partenaires-dinovallee-le-pepite-ozer-organise-un-atelier-la-personnalite-de-lentrepreneur-un-facteur-de-reussite-mardi-5-mai\/"},"author":{"name":"Inovallee","@id":"https:\/\/www.inovallee.com\/#\/schema\/person\/a45b15518aad3111b2d61d257a3e023b"},"headline":"L&#039;actualit\u00e9 des partenaires d&#039;inovall\u00e9e : le P\u00e9pite oZer organise un atelier &quot;la personnalit\u00e9 de l&#039;entrepreneur, un facteur de r\u00e9ussite ?&quot; mardi 5 mai","datePublished":"2015-04-27T10:59:00+00:00","mainEntityOfPage":{"@id":"https:\/\/www.inovallee.com\/lactualite-des-partenaires-dinovallee-le-pepite-ozer-organise-un-atelier-la-personnalite-de-lentrepreneur-un-facteur-de-reussite-mardi-5-mai\/"},"wordCount":333,"publisher":{"@id":"https:\/\/www.inovallee.com\/#organization"},"image":{"@id":"https:\/\/www.inovallee.com\/lactualite-des-partenaires-dinovallee-le-pepite-ozer-organise-un-atelier-la-personnalite-de-lentrepreneur-un-facteur-de-reussite-mardi-5-mai\/#primaryimage"},"thumbnailUrl":"http:\/\/4.bp.blogspot.com\/-3PuSJ4CiSrQ\/VTUagwH_lLI\/AAAAAAAAQWM\/jpyxI2QgKGE\/s1600\/oZer.tif","articleSection":["Ecosyst\u00e8me de l'innovation","Entreprendre et d\u00e9velopper ses comp\u00e9tences","Entrepreneuriat et strat\u00e9gie d'innovation"],"inLanguage":"en-GB"},{"@type":"WebPage","@id":"https:\/\/www.inovallee.com\/lactualite-des-partenaires-dinovallee-le-pepite-ozer-organise-un-atelier-la-personnalite-de-lentrepreneur-un-facteur-de-reussite-mardi-5-mai\/","url":"https:\/\/www.inovallee.com\/lactualite-des-partenaires-dinovallee-le-pepite-ozer-organise-un-atelier-la-personnalite-de-lentrepreneur-un-facteur-de-reussite-mardi-5-mai\/","name":"L&#039;actualit\u00e9 des partenaires d&#039;inovall\u00e9e : le P\u00e9pite oZer organise un atelier &quot;la personnalit\u00e9 de l&#039;entrepreneur, un facteur de r\u00e9ussite ?&quot; mardi 5 mai - inovall\u00e9e","isPartOf":{"@id":"https:\/\/www.inovallee.com\/#website"},"primaryImageOfPage":{"@id":"https:\/\/www.inovallee.com\/lactualite-des-partenaires-dinovallee-le-pepite-ozer-organise-un-atelier-la-personnalite-de-lentrepreneur-un-facteur-de-reussite-mardi-5-mai\/#primaryimage"},"image":{"@id":"https:\/\/www.inovallee.com\/lactualite-des-partenaires-dinovallee-le-pepite-ozer-organise-un-atelier-la-personnalite-de-lentrepreneur-un-facteur-de-reussite-mardi-5-mai\/#primaryimage"},"thumbnailUrl":"http:\/\/4.bp.blogspot.com\/-3PuSJ4CiSrQ\/VTUagwH_lLI\/AAAAAAAAQWM\/jpyxI2QgKGE\/s1600\/oZer.tif","datePublished":"2015-04-27T10:59:00+00:00","breadcrumb":{"@id":"https:\/\/www.inovallee.com\/lactualite-des-partenaires-dinovallee-le-pepite-ozer-organise-un-atelier-la-personnalite-de-lentrepreneur-un-facteur-de-reussite-mardi-5-mai\/#breadcrumb"},"inLanguage":"en-GB","potentialAction":[{"@type":"ReadAction","target":["https:\/\/www.inovallee.com\/lactualite-des-partenaires-dinovallee-le-pepite-ozer-organise-un-atelier-la-personnalite-de-lentrepreneur-un-facteur-de-reussite-mardi-5-mai\/"]}]},{"@type":"ImageObject","inLanguage":"en-GB","@id":"https:\/\/www.inovallee.com\/lactualite-des-partenaires-dinovallee-le-pepite-ozer-organise-un-atelier-la-personnalite-de-lentrepreneur-un-facteur-de-reussite-mardi-5-mai\/#primaryimage","url":"http:\/\/4.bp.blogspot.com\/-3PuSJ4CiSrQ\/VTUagwH_lLI\/AAAAAAAAQWM\/jpyxI2QgKGE\/s1600\/oZer.tif","contentUrl":"http:\/\/4.bp.blogspot.com\/-3PuSJ4CiSrQ\/VTUagwH_lLI\/AAAAAAAAQWM\/jpyxI2QgKGE\/s1600\/oZer.tif"},{"@type":"BreadcrumbList","@id":"https:\/\/www.inovallee.com\/lactualite-des-partenaires-dinovallee-le-pepite-ozer-organise-un-atelier-la-personnalite-de-lentrepreneur-un-facteur-de-reussite-mardi-5-mai\/#breadcrumb","itemListElement":[{"@type":"ListItem","position":1,"name":"Accueil","item":"https:\/\/www.inovallee.com\/"},{"@type":"ListItem","position":2,"name":"L&#039;actualit\u00e9 des partenaires d&#039;inovall\u00e9e : le P\u00e9pite oZer organise un atelier &quot;la personnalit\u00e9 de l&#039;entrepreneur, un facteur de r\u00e9ussite ?&quot; mardi 5 mai"}]},{"@type":"WebSite","@id":"https:\/\/www.inovallee.com\/#website","url":"https:\/\/www.inovallee.com\/","name":"inovall\u00e9e technopole, Home to software & smart technologies","description":"Home to software &amp; smart technologies","publisher":{"@id":"https:\/\/www.inovallee.com\/#organization"},"potentialAction":[{"@type":"SearchAction","target":{"@type":"EntryPoint","urlTemplate":"https:\/\/www.inovallee.com\/?s={search_term_string}"},"query-input":{"@type":"PropertyValueSpecification","valueRequired":true,"valueName":"search_term_string"}}],"inLanguage":"en-GB"},{"@type":"Organization","@id":"https:\/\/www.inovallee.com\/#organization","name":"inovall\u00e9e","url":"https:\/\/www.inovallee.com\/","logo":{"@type":"ImageObject","inLanguage":"en-GB","@id":"https:\/\/www.inovallee.com\/#\/schema\/logo\/image\/","url":"https:\/\/www.inovallee.com\/wp-content\/uploads\/2023\/08\/inovallee_2022_GrenobleAlpes.png","contentUrl":"https:\/\/www.inovallee.com\/wp-content\/uploads\/2023\/08\/inovallee_2022_GrenobleAlpes.png","width":945,"height":369,"caption":"inovall\u00e9e"},"image":{"@id":"https:\/\/www.inovallee.com\/#\/schema\/logo\/image\/"},"sameAs":["https:\/\/www.facebook.com\/technopoleinovallee\/","https:\/\/x.com\/inovallee","https:\/\/www.linkedin.com\/company\/inovall-e\/","https:\/\/www.youtube.com\/user\/inovallee?reload=9"]},{"@type":"Person","@id":"https:\/\/www.inovallee.com\/#\/schema\/person\/a45b15518aad3111b2d61d257a3e023b","name":"Inovallee"}]}},"_links":{"self":[{"href":"https:\/\/www.inovallee.com\/en\/wp-json\/wp\/v2\/posts\/1933","targetHints":{"allow":["GET"]}}],"collection":[{"href":"https:\/\/www.inovallee.com\/en\/wp-json\/wp\/v2\/posts"}],"about":[{"href":"https:\/\/www.inovallee.com\/en\/wp-json\/wp\/v2\/types\/post"}],"author":[{"embeddable":true,"href":"https:\/\/www.inovallee.com\/en\/wp-json\/wp\/v2\/users\/6"}],"replies":[{"embeddable":true,"href":"https:\/\/www.inovallee.com\/en\/wp-json\/wp\/v2\/comments?post=1933"}],"version-history":[{"count":0,"href":"https:\/\/www.inovallee.com\/en\/wp-json\/wp\/v2\/posts\/1933\/revisions"}],"wp:attachment":[{"href":"https:\/\/www.inovallee.com\/en\/wp-json\/wp\/v2\/media?parent=1933"}],"wp:term":[{"taxonomy":"category","embeddable":true,"href":"https:\/\/www.inovallee.com\/en\/wp-json\/wp\/v2\/categories?post=1933"},{"taxonomy":"post_tag","embeddable":true,"href":"https:\/\/www.inovallee.com\/en\/wp-json\/wp\/v2\/tags?post=1933"}],"curies":[{"name":"wp","href":"https:\/\/api.w.org\/{rel}","templated":true}]}}