{"id":2001,"date":"2015-02-25T16:25:00","date_gmt":"2015-02-25T15:25:00","guid":{"rendered":"https:\/\/www.inovallee.com\/lactualite-des-entreprises-dinovallee-lintervention-de-delta-dore-le-19-mars-a-paris-a-la-conference-eclairages-connectes-dans-les-smart-buildings-et-les-smart-cities\/"},"modified":"2015-02-25T16:25:00","modified_gmt":"2015-02-25T15:25:00","slug":"lactualite-des-entreprises-dinovallee-lintervention-de-delta-dore-le-19-mars-a-paris-a-la-conference-eclairages-connectes-dans-les-smart-buildings-et-les-smart-cities","status":"publish","type":"post","link":"https:\/\/www.inovallee.com\/en\/lactualite-des-entreprises-dinovallee-lintervention-de-delta-dore-le-19-mars-a-paris-a-la-conference-eclairages-connectes-dans-les-smart-buildings-et-les-smart-cities\/","title":{"rendered":"L&#039;actualit\u00e9 des entreprises d\u2019inovall\u00e9e : L&#039;intervention de DELTA DORE le 19 mars \u00e0 Paris \u00e0 la conf\u00e9rence &quot;\u00c9clairages connect\u00e9s dans les Smart Buildings et les Smart Cities&quot;"},"content":{"rendered":"<div dir=\"ltr\" style=\"text-align: left;\">\n<div><\/div>\n<div style=\"clear: both; text-align: center;\"><span style=\"font-family: Arial, Helvetica, sans-serif; font-size: x-small;\"><a href=\"http:\/\/2.bp.blogspot.com\/-CkYZfM0e32A\/VO27BI7acwI\/AAAAAAAAPl4\/r9tMrjWC1CY\/s1600\/Deltadore%2B1200pxl.jpg\" style=\"clear: left; float: left; margin-bottom: 1em; margin-right: 1em;\"><b><img decoding=\"async\" border=\"0\" src=\"http:\/\/2.bp.blogspot.com\/-CkYZfM0e32A\/VO27BI7acwI\/AAAAAAAAPl4\/r9tMrjWC1CY\/s1600\/Deltadore%2B1200pxl.jpg\" height=\"76\" width=\"200\" \/><\/b><\/a><\/span><\/div>\n<p><span style=\"font-family: Arial, Helvetica, sans-serif; font-size: x-small;\"><b><span style=\"line-height: 107%;\">Le <\/span><span style=\"background-color: white;\">19 mars \u00e0 Paris, venez \u00e9couter l&rsquo;intervention de <a href=\"http:\/\/www.deltadore.com\/france\/fr\/maitrise-energies-gtb\/delta-dore-ems.html\">DELTA DORE&nbsp;EMS<\/a> \u00e0 la conf\u00e9rence nationale \u00ab\u00a0\u00c9clairages connect\u00e9s dans les smart buildings et les smart cities\u00a0\u00bb. I<\/span><span style=\"line-height: 107%;\">mplant\u00e9e sur la technopole et filiale de DELTA DORE, DELTA DORE EMS est sp\u00e9cialis\u00e9e dans la fabrication et la commercialisation des solutions intelligentes pour piloter le confort et ma\u00eetriser les consommations d\u2019\u00e9nergie dans les logements individuels ou collectifs et les b\u00e2timents tertiaires et industriels.<\/span><\/b><\/span><\/p>\n<div><span style=\"font-family: Arial, Helvetica, sans-serif; font-size: x-small;\"><span style=\"line-height: 107%;\"><br \/><\/span><\/span><span style=\"font-family: Arial, Helvetica, sans-serif; font-size: x-small;\">La conf\u00e9rence&nbsp;<\/span><span style=\"background-color: white; font-family: Arial, Helvetica, sans-serif; font-size: x-small;\">\u00ab\u00a0\u00c9clairages connect\u00e9s dans les smart buildings et les smart cities\u00a0\u00bb est o<\/span><span style=\"background-color: white; font-family: Arial, Helvetica, sans-serif; font-size: x-small;\">rganis\u00e9e en partenariat avec LumiVille et l\u2019AFE. Les experts et professionnels du Cluster Lumi\u00e8re interviendront sur les r\u00e9glementations, pr\u00e9requis, bonnes pratiques, r\u00e9alisations et \u00e9valuations des innovations en \u00e9clairage urbain et des b\u00e2timents.&nbsp;<\/span><br \/><span style=\"background-color: white; font-family: Arial, Helvetica, sans-serif; font-size: x-small;\"><br \/><\/span><\/div>\n<div><span style=\"font-family: Arial, Helvetica, sans-serif; font-size: x-small;\">Avec plus de 30 ans d&rsquo;exp\u00e9rience dans la ma\u00eetrise de \u00e9nergies, les 150 collaborateurs de DELTA DORE EMS s&rsquo;attachent \u00e0 proposer des solutions compl\u00e8tes (syst\u00e8mes et services) afin de combiner une d\u00e9marche environnementale \u00e0 tr\u00e8s long terme avec des objectifs imm\u00e9diats de rentabilit\u00e9 et de croissance. C&rsquo;est la raison pour laquelle l&rsquo;expertise de la soci\u00e9t\u00e9 est sollicit\u00e9e pour cette conf\u00e9rence regroupant de nombreux sp\u00e9cialistes de l&rsquo;\u00e9clairage.&nbsp;<\/span><br \/><span style=\"font-family: Arial, Helvetica, sans-serif; font-size: x-small;\"><br \/><\/span><span style=\"font-family: Arial, Helvetica, sans-serif; font-size: x-small;\">Venez d\u00e9couvrir ou red\u00e9couvrir DELTA DORE EMS \u00e0 l&rsquo;occasion de cette conf\u00e9rence !<\/span><br \/><b style=\"background-color: white; font-family: Arial, Helvetica, sans-serif; font-size: small;\"><br \/>Programme de la conf\u00e9rence :<\/b><\/p>\n<ul style=\"background-color: white; clear: both; list-style-type: none; margin: 0px 0px 22px 15px; padding: 0px;\">\n<li style=\"background-attachment: initial; background-clip: initial; background-image: url(http:\/\/www.clusterlumiere.com\/images\/puce-violette.gif); background-origin: initial; background-position: 0% 4px; background-repeat: no-repeat; background-size: initial; list-style: none; margin: 0px; padding: 0px 0px 0px 14px;\"><b style=\"margin: 0px; padding: 0px;\"><span style=\"font-family: Arial, Helvetica, sans-serif; font-size: x-small;\">Cadre r\u00e9glementaire<\/span><\/b><\/li>\n<li style=\"background-attachment: initial; background-clip: initial; background-image: url(http:\/\/www.clusterlumiere.com\/images\/puce-violette.gif); background-origin: initial; background-position: 0% 4px; background-repeat: no-repeat; background-size: initial; list-style: none; margin: 0px; padding: 0px 0px 0px 14px;\"><span style=\"font-family: Arial, Helvetica, sans-serif; font-size: x-small;\"><b style=\"margin: 0px; padding: 0px;\">Le luminaire r\u00e9actif&nbsp;<\/b>&nbsp;: Les atouts de la LED, les fonctionnalit\u00e9s des capteurs et r\u00e9cepteurs associ\u00e9s&nbsp;; Technologies li\u00e9es au Smart Lighting&nbsp;; Lumi\u00e8re communicante &#8211; LiFi<\/span><\/li>\n<li style=\"background-attachment: initial; background-clip: initial; background-image: url(http:\/\/www.clusterlumiere.com\/images\/puce-violette.gif); background-origin: initial; background-position: 0% 4px; background-repeat: no-repeat; background-size: initial; list-style: none; margin: 0px; padding: 0px 0px 0px 14px;\"><span style=\"font-family: Arial, Helvetica, sans-serif; font-size: x-small;\"><b style=\"margin: 0px; padding: 0px;\">Le Smart Building pour connecter la lumi\u00e8re<\/b>&nbsp;: Quoi, pourquoi, comment&nbsp;? Les pr\u00e9requis pour une solution d\u2019\u00e9clairage efficace&nbsp;; Ouverture et interop\u00e9rabilit\u00e9 \u00e0 l\u2019\u00e9chelle du b\u00e2timent<\/span><\/li>\n<li style=\"background-attachment: initial; background-clip: initial; background-image: url(http:\/\/www.clusterlumiere.com\/images\/puce-violette.gif); background-origin: initial; background-position: 0% 4px; background-repeat: no-repeat; background-size: initial; list-style: none; margin: 0px; padding: 0px 0px 0px 14px;\"><span style=\"font-family: Arial, Helvetica, sans-serif; font-size: x-small;\"><b style=\"margin: 0px; padding: 0px;\">Solutions d\u2019\u00e9clairage connect\u00e9 \u00e0 l\u2019usage des b\u00e2timents<\/b>&nbsp;: Les Smart Buildings du projet Smart Electric LYON&nbsp;; Etablissements d\u2019enseignement&nbsp;; Bureaux et Centres logistiques<\/span><\/li>\n<li style=\"background-attachment: initial; background-clip: initial; background-image: url(http:\/\/www.clusterlumiere.com\/images\/puce-violette.gif); background-origin: initial; background-position: 0% 4px; background-repeat: no-repeat; background-size: initial; list-style: none; margin: 0px; padding: 0px 0px 0px 14px;\"><b style=\"margin: 0px; padding: 0px;\"><span style=\"font-family: Arial, Helvetica, sans-serif; font-size: x-small;\">Evaluation de r\u00e9alisation de projets d\u2019\u00e9clairage concrets<\/span><\/b><\/li>\n<li style=\"background-attachment: initial; background-clip: initial; background-image: url(http:\/\/www.clusterlumiere.com\/images\/puce-violette.gif); background-origin: initial; background-position: 0% 4px; background-repeat: no-repeat; background-size: initial; list-style: none; margin: 0px; padding: 0px 0px 0px 14px;\"><span style=\"font-family: Arial, Helvetica, sans-serif; font-size: x-small;\">Synth\u00e8se<\/span><\/li>\n<\/ul>\n<div style=\"background-color: white; clear: both; margin-bottom: 10px; padding: 0px; width: 624px;\"><span style=\"font-family: Arial, Helvetica, sans-serif; font-size: x-small;\"><b>Horaires :&nbsp;<\/b><\/span><br \/><span style=\"font-family: Arial, Helvetica, sans-serif; font-size: x-small;\">De 9H \u00e0 17H<\/span><br \/><span style=\"font-family: Arial, Helvetica, sans-serif; font-size: x-small;\"><br \/><\/span><span style=\"font-family: Arial, Helvetica, sans-serif; font-size: x-small;\"><b>Lieu :&nbsp;<\/b><br \/>Fondation Biermans-Lap\u00f4tre, Cit\u00e9 Internationale Universitaire &#8211; 9A boulevard Jourdan &#8211; 75014 PARIS<\/span><\/div>\n<p><span style=\"font-size: x-small;\"><span style=\"font-family: Arial, Helvetica, sans-serif;\"><a href=\"http:\/\/www.clusterlumiere.com\/Conference-Eclairages-connectes.html\" target=\"_blank\" rel=\"noopener noreferrer\">Plus d&rsquo;informations et inscription<\/a><\/span><\/span><span style=\"background-color: white; font-family: Arial, Helvetica, sans-serif; font-size: x-small;\"><br \/><\/span><span style=\"background-color: white; font-family: Arial, Helvetica, sans-serif; font-size: x-small;\"><b>Contact :&nbsp;<\/b><\/span><br \/><span style=\"background-color: white; font-family: Arial, Helvetica, sans-serif; font-size: x-small;\"><span style=\"margin: 0px; padding: 0px;\"><span style=\"margin: 0px; padding: 0px;\">Ga\u00eblle VEROT<\/span><\/span><\/span><br \/><span style=\"background-color: white; font-family: Arial, Helvetica, sans-serif; font-size: x-small;\"><span style=\"margin: 0px; padding: 0px;\"><span style=\"margin: 0px; padding: 0px;\">T\u00e9l : 04 72 40 82 61<\/span><\/span><\/span><br \/><span style=\"background-color: white; font-family: Arial, Helvetica, sans-serif; font-size: x-small;\"><span style=\"margin: 0px; padding: 0px;\"><span style=\"margin: 0px; padding: 0px;\">Mail :&nbsp;<a href=\"mailto:clusterlumiere@lyon.cci.fr\">clusterlumiere@lyon.cci.fr<\/a><\/span><\/span><\/span><\/p>\n<p><span style=\"background-color: white;\"><span style=\"color: #58316b; font-family: 'Trebuchet MS', Arial, Helvetica, sans-serif; font-size: 14.2560005187988px;\"><br \/><\/span><\/span><\/div>\n<div><span style=\"font-family: Arial, Helvetica, sans-serif; font-size: x-small;\"><\/span><\/div>\n<div><\/div>\n<\/div>","protected":false},"excerpt":{"rendered":"<p>Le 19 mars \u00e0 Paris, venez \u00e9couter l&rsquo;intervention de DELTA DORE&nbsp;EMS \u00e0 la conf\u00e9rence nationale \u00ab\u00a0\u00c9clairages connect\u00e9s dans les smart buildings et les smart cities\u00a0\u00bb. Implant\u00e9e sur la technopole et filiale de DELTA DORE, DELTA DORE EMS est sp\u00e9cialis\u00e9e dans la fabrication et la commercialisation des solutions intelligentes pour piloter le confort et ma\u00eetriser les [&hellip;]<\/p>\n","protected":false},"author":6,"featured_media":0,"comment_status":"closed","ping_status":"open","sticky":false,"template":"","format":"standard","meta":{"footnotes":""},"categories":[28],"tags":[],"class_list":["post-2001","post","type-post","status-publish","format-standard","hentry","category-actus-entreprises"],"yoast_head":"<!-- This site is optimized with the Yoast SEO plugin v27.4 - https:\/\/yoast.com\/product\/yoast-seo-wordpress\/ -->\n<title>L&#039;actualit\u00e9 des entreprises d\u2019inovall\u00e9e : L&#039;intervention de DELTA DORE le 19 mars \u00e0 Paris \u00e0 la conf\u00e9rence &quot;\u00c9clairages connect\u00e9s dans les Smart Buildings et les Smart Cities&quot; - inovall\u00e9e<\/title>\n<meta name=\"robots\" content=\"index, follow, max-snippet:-1, max-image-preview:large, max-video-preview:-1\" \/>\n<link rel=\"canonical\" href=\"https:\/\/www.inovallee.com\/en\/lactualite-des-entreprises-dinovallee-lintervention-de-delta-dore-le-19-mars-a-paris-a-la-conference-eclairages-connectes-dans-les-smart-buildings-et-les-smart-cities\/\" \/>\n<meta property=\"og:locale\" content=\"en_GB\" \/>\n<meta property=\"og:type\" content=\"article\" \/>\n<meta property=\"og:title\" content=\"L&#039;actualit\u00e9 des entreprises d\u2019inovall\u00e9e : L&#039;intervention de DELTA DORE le 19 mars \u00e0 Paris \u00e0 la conf\u00e9rence &quot;\u00c9clairages connect\u00e9s dans les Smart Buildings et les Smart Cities&quot; - inovall\u00e9e\" \/>\n<meta property=\"og:description\" content=\"Le 19 mars \u00e0 Paris, venez \u00e9couter l&rsquo;intervention de DELTA DORE&nbsp;EMS \u00e0 la conf\u00e9rence nationale \u00ab\u00a0\u00c9clairages connect\u00e9s dans les smart buildings et les smart cities\u00a0\u00bb. Implant\u00e9e sur la technopole et filiale de DELTA DORE, DELTA DORE EMS est sp\u00e9cialis\u00e9e dans la fabrication et la commercialisation des solutions intelligentes pour piloter le confort et ma\u00eetriser les [&hellip;]\" \/>\n<meta property=\"og:url\" content=\"https:\/\/www.inovallee.com\/en\/lactualite-des-entreprises-dinovallee-lintervention-de-delta-dore-le-19-mars-a-paris-a-la-conference-eclairages-connectes-dans-les-smart-buildings-et-les-smart-cities\/\" \/>\n<meta property=\"og:site_name\" content=\"inovall\u00e9e\" \/>\n<meta property=\"article:publisher\" content=\"https:\/\/www.facebook.com\/technopoleinovallee\/\" \/>\n<meta property=\"article:published_time\" content=\"2015-02-25T15:25:00+00:00\" \/>\n<meta property=\"og:image\" content=\"http:\/\/2.bp.blogspot.com\/-CkYZfM0e32A\/VO27BI7acwI\/AAAAAAAAPl4\/r9tMrjWC1CY\/s1600\/Deltadore%2B1200pxl.jpg\" \/>\n<meta name=\"author\" content=\"Inovallee\" \/>\n<meta name=\"twitter:card\" content=\"summary_large_image\" \/>\n<meta name=\"twitter:creator\" content=\"@inovallee\" \/>\n<meta name=\"twitter:site\" content=\"@inovallee\" \/>\n<meta name=\"twitter:label1\" content=\"Written by\" \/>\n\t<meta name=\"twitter:data1\" content=\"Inovallee\" \/>\n\t<meta name=\"twitter:label2\" content=\"Estimated reading time\" \/>\n\t<meta name=\"twitter:data2\" content=\"2 minutes\" \/>\n<script type=\"application\/ld+json\" class=\"yoast-schema-graph\">{\"@context\":\"https:\\\/\\\/schema.org\",\"@graph\":[{\"@type\":\"Article\",\"@id\":\"https:\\\/\\\/www.inovallee.com\\\/lactualite-des-entreprises-dinovallee-lintervention-de-delta-dore-le-19-mars-a-paris-a-la-conference-eclairages-connectes-dans-les-smart-buildings-et-les-smart-cities\\\/#article\",\"isPartOf\":{\"@id\":\"https:\\\/\\\/www.inovallee.com\\\/lactualite-des-entreprises-dinovallee-lintervention-de-delta-dore-le-19-mars-a-paris-a-la-conference-eclairages-connectes-dans-les-smart-buildings-et-les-smart-cities\\\/\"},\"author\":{\"name\":\"Inovallee\",\"@id\":\"https:\\\/\\\/www.inovallee.com\\\/#\\\/schema\\\/person\\\/a45b15518aad3111b2d61d257a3e023b\"},\"headline\":\"L&#039;actualit\u00e9 des entreprises d\u2019inovall\u00e9e : L&#039;intervention de DELTA DORE le 19 mars \u00e0 Paris \u00e0 la conf\u00e9rence &quot;\u00c9clairages connect\u00e9s dans les Smart Buildings et les Smart Cities&quot;\",\"datePublished\":\"2015-02-25T15:25:00+00:00\",\"mainEntityOfPage\":{\"@id\":\"https:\\\/\\\/www.inovallee.com\\\/lactualite-des-entreprises-dinovallee-lintervention-de-delta-dore-le-19-mars-a-paris-a-la-conference-eclairages-connectes-dans-les-smart-buildings-et-les-smart-cities\\\/\"},\"wordCount\":409,\"publisher\":{\"@id\":\"https:\\\/\\\/www.inovallee.com\\\/#organization\"},\"image\":{\"@id\":\"https:\\\/\\\/www.inovallee.com\\\/lactualite-des-entreprises-dinovallee-lintervention-de-delta-dore-le-19-mars-a-paris-a-la-conference-eclairages-connectes-dans-les-smart-buildings-et-les-smart-cities\\\/#primaryimage\"},\"thumbnailUrl\":\"http:\\\/\\\/2.bp.blogspot.com\\\/-CkYZfM0e32A\\\/VO27BI7acwI\\\/AAAAAAAAPl4\\\/r9tMrjWC1CY\\\/s1600\\\/Deltadore%2B1200pxl.jpg\",\"articleSection\":[\"Sucess stories des entreprises d'inovall\u00e9e\"],\"inLanguage\":\"en-GB\"},{\"@type\":\"WebPage\",\"@id\":\"https:\\\/\\\/www.inovallee.com\\\/lactualite-des-entreprises-dinovallee-lintervention-de-delta-dore-le-19-mars-a-paris-a-la-conference-eclairages-connectes-dans-les-smart-buildings-et-les-smart-cities\\\/\",\"url\":\"https:\\\/\\\/www.inovallee.com\\\/lactualite-des-entreprises-dinovallee-lintervention-de-delta-dore-le-19-mars-a-paris-a-la-conference-eclairages-connectes-dans-les-smart-buildings-et-les-smart-cities\\\/\",\"name\":\"L&#039;actualit\u00e9 des entreprises d\u2019inovall\u00e9e : L&#039;intervention de DELTA DORE le 19 mars \u00e0 Paris \u00e0 la conf\u00e9rence &quot;\u00c9clairages connect\u00e9s dans les Smart Buildings et les Smart Cities&quot; - inovall\u00e9e\",\"isPartOf\":{\"@id\":\"https:\\\/\\\/www.inovallee.com\\\/#website\"},\"primaryImageOfPage\":{\"@id\":\"https:\\\/\\\/www.inovallee.com\\\/lactualite-des-entreprises-dinovallee-lintervention-de-delta-dore-le-19-mars-a-paris-a-la-conference-eclairages-connectes-dans-les-smart-buildings-et-les-smart-cities\\\/#primaryimage\"},\"image\":{\"@id\":\"https:\\\/\\\/www.inovallee.com\\\/lactualite-des-entreprises-dinovallee-lintervention-de-delta-dore-le-19-mars-a-paris-a-la-conference-eclairages-connectes-dans-les-smart-buildings-et-les-smart-cities\\\/#primaryimage\"},\"thumbnailUrl\":\"http:\\\/\\\/2.bp.blogspot.com\\\/-CkYZfM0e32A\\\/VO27BI7acwI\\\/AAAAAAAAPl4\\\/r9tMrjWC1CY\\\/s1600\\\/Deltadore%2B1200pxl.jpg\",\"datePublished\":\"2015-02-25T15:25:00+00:00\",\"breadcrumb\":{\"@id\":\"https:\\\/\\\/www.inovallee.com\\\/lactualite-des-entreprises-dinovallee-lintervention-de-delta-dore-le-19-mars-a-paris-a-la-conference-eclairages-connectes-dans-les-smart-buildings-et-les-smart-cities\\\/#breadcrumb\"},\"inLanguage\":\"en-GB\",\"potentialAction\":[{\"@type\":\"ReadAction\",\"target\":[\"https:\\\/\\\/www.inovallee.com\\\/lactualite-des-entreprises-dinovallee-lintervention-de-delta-dore-le-19-mars-a-paris-a-la-conference-eclairages-connectes-dans-les-smart-buildings-et-les-smart-cities\\\/\"]}]},{\"@type\":\"ImageObject\",\"inLanguage\":\"en-GB\",\"@id\":\"https:\\\/\\\/www.inovallee.com\\\/lactualite-des-entreprises-dinovallee-lintervention-de-delta-dore-le-19-mars-a-paris-a-la-conference-eclairages-connectes-dans-les-smart-buildings-et-les-smart-cities\\\/#primaryimage\",\"url\":\"http:\\\/\\\/2.bp.blogspot.com\\\/-CkYZfM0e32A\\\/VO27BI7acwI\\\/AAAAAAAAPl4\\\/r9tMrjWC1CY\\\/s1600\\\/Deltadore%2B1200pxl.jpg\",\"contentUrl\":\"http:\\\/\\\/2.bp.blogspot.com\\\/-CkYZfM0e32A\\\/VO27BI7acwI\\\/AAAAAAAAPl4\\\/r9tMrjWC1CY\\\/s1600\\\/Deltadore%2B1200pxl.jpg\"},{\"@type\":\"BreadcrumbList\",\"@id\":\"https:\\\/\\\/www.inovallee.com\\\/lactualite-des-entreprises-dinovallee-lintervention-de-delta-dore-le-19-mars-a-paris-a-la-conference-eclairages-connectes-dans-les-smart-buildings-et-les-smart-cities\\\/#breadcrumb\",\"itemListElement\":[{\"@type\":\"ListItem\",\"position\":1,\"name\":\"Accueil\",\"item\":\"https:\\\/\\\/www.inovallee.com\\\/\"},{\"@type\":\"ListItem\",\"position\":2,\"name\":\"L&#039;actualit\u00e9 des entreprises d\u2019inovall\u00e9e : L&#039;intervention de DELTA DORE le 19 mars \u00e0 Paris \u00e0 la conf\u00e9rence &quot;\u00c9clairages connect\u00e9s dans les Smart Buildings et les Smart Cities&quot;\"}]},{\"@type\":\"WebSite\",\"@id\":\"https:\\\/\\\/www.inovallee.com\\\/#website\",\"url\":\"https:\\\/\\\/www.inovallee.com\\\/\",\"name\":\"inovall\u00e9e technopole, Home to software & smart technologies\",\"description\":\"Home to software &amp; smart technologies\",\"publisher\":{\"@id\":\"https:\\\/\\\/www.inovallee.com\\\/#organization\"},\"potentialAction\":[{\"@type\":\"SearchAction\",\"target\":{\"@type\":\"EntryPoint\",\"urlTemplate\":\"https:\\\/\\\/www.inovallee.com\\\/?s={search_term_string}\"},\"query-input\":{\"@type\":\"PropertyValueSpecification\",\"valueRequired\":true,\"valueName\":\"search_term_string\"}}],\"inLanguage\":\"en-GB\"},{\"@type\":\"Organization\",\"@id\":\"https:\\\/\\\/www.inovallee.com\\\/#organization\",\"name\":\"inovall\u00e9e\",\"url\":\"https:\\\/\\\/www.inovallee.com\\\/\",\"logo\":{\"@type\":\"ImageObject\",\"inLanguage\":\"en-GB\",\"@id\":\"https:\\\/\\\/www.inovallee.com\\\/#\\\/schema\\\/logo\\\/image\\\/\",\"url\":\"https:\\\/\\\/www.inovallee.com\\\/wp-content\\\/uploads\\\/2023\\\/08\\\/inovallee_2022_GrenobleAlpes.png\",\"contentUrl\":\"https:\\\/\\\/www.inovallee.com\\\/wp-content\\\/uploads\\\/2023\\\/08\\\/inovallee_2022_GrenobleAlpes.png\",\"width\":945,\"height\":369,\"caption\":\"inovall\u00e9e\"},\"image\":{\"@id\":\"https:\\\/\\\/www.inovallee.com\\\/#\\\/schema\\\/logo\\\/image\\\/\"},\"sameAs\":[\"https:\\\/\\\/www.facebook.com\\\/technopoleinovallee\\\/\",\"https:\\\/\\\/x.com\\\/inovallee\",\"https:\\\/\\\/www.linkedin.com\\\/company\\\/inovall-e\\\/\",\"https:\\\/\\\/www.youtube.com\\\/user\\\/inovallee?reload=9\"]},{\"@type\":\"Person\",\"@id\":\"https:\\\/\\\/www.inovallee.com\\\/#\\\/schema\\\/person\\\/a45b15518aad3111b2d61d257a3e023b\",\"name\":\"Inovallee\"}]}<\/script>\n<!-- \/ Yoast SEO plugin. -->","yoast_head_json":{"title":"L&#039;actualit\u00e9 des entreprises d\u2019inovall\u00e9e : L&#039;intervention de DELTA DORE le 19 mars \u00e0 Paris \u00e0 la conf\u00e9rence &quot;\u00c9clairages connect\u00e9s dans les Smart Buildings et les Smart Cities&quot; - inovall\u00e9e","robots":{"index":"index","follow":"follow","max-snippet":"max-snippet:-1","max-image-preview":"max-image-preview:large","max-video-preview":"max-video-preview:-1"},"canonical":"https:\/\/www.inovallee.com\/en\/lactualite-des-entreprises-dinovallee-lintervention-de-delta-dore-le-19-mars-a-paris-a-la-conference-eclairages-connectes-dans-les-smart-buildings-et-les-smart-cities\/","og_locale":"en_GB","og_type":"article","og_title":"L&#039;actualit\u00e9 des entreprises d\u2019inovall\u00e9e : L&#039;intervention de DELTA DORE le 19 mars \u00e0 Paris \u00e0 la conf\u00e9rence &quot;\u00c9clairages connect\u00e9s dans les Smart Buildings et les Smart Cities&quot; - inovall\u00e9e","og_description":"Le 19 mars \u00e0 Paris, venez \u00e9couter l&rsquo;intervention de DELTA DORE&nbsp;EMS \u00e0 la conf\u00e9rence nationale \u00ab\u00a0\u00c9clairages connect\u00e9s dans les smart buildings et les smart cities\u00a0\u00bb. Implant\u00e9e sur la technopole et filiale de DELTA DORE, DELTA DORE EMS est sp\u00e9cialis\u00e9e dans la fabrication et la commercialisation des solutions intelligentes pour piloter le confort et ma\u00eetriser les [&hellip;]","og_url":"https:\/\/www.inovallee.com\/en\/lactualite-des-entreprises-dinovallee-lintervention-de-delta-dore-le-19-mars-a-paris-a-la-conference-eclairages-connectes-dans-les-smart-buildings-et-les-smart-cities\/","og_site_name":"inovall\u00e9e","article_publisher":"https:\/\/www.facebook.com\/technopoleinovallee\/","article_published_time":"2015-02-25T15:25:00+00:00","og_image":[{"url":"http:\/\/2.bp.blogspot.com\/-CkYZfM0e32A\/VO27BI7acwI\/AAAAAAAAPl4\/r9tMrjWC1CY\/s1600\/Deltadore%2B1200pxl.jpg","type":"","width":"","height":""}],"author":"Inovallee","twitter_card":"summary_large_image","twitter_creator":"@inovallee","twitter_site":"@inovallee","twitter_misc":{"Written by":"Inovallee","Estimated reading time":"2 minutes"},"schema":{"@context":"https:\/\/schema.org","@graph":[{"@type":"Article","@id":"https:\/\/www.inovallee.com\/lactualite-des-entreprises-dinovallee-lintervention-de-delta-dore-le-19-mars-a-paris-a-la-conference-eclairages-connectes-dans-les-smart-buildings-et-les-smart-cities\/#article","isPartOf":{"@id":"https:\/\/www.inovallee.com\/lactualite-des-entreprises-dinovallee-lintervention-de-delta-dore-le-19-mars-a-paris-a-la-conference-eclairages-connectes-dans-les-smart-buildings-et-les-smart-cities\/"},"author":{"name":"Inovallee","@id":"https:\/\/www.inovallee.com\/#\/schema\/person\/a45b15518aad3111b2d61d257a3e023b"},"headline":"L&#039;actualit\u00e9 des entreprises d\u2019inovall\u00e9e : L&#039;intervention de DELTA DORE le 19 mars \u00e0 Paris \u00e0 la conf\u00e9rence &quot;\u00c9clairages connect\u00e9s dans les Smart Buildings et les Smart Cities&quot;","datePublished":"2015-02-25T15:25:00+00:00","mainEntityOfPage":{"@id":"https:\/\/www.inovallee.com\/lactualite-des-entreprises-dinovallee-lintervention-de-delta-dore-le-19-mars-a-paris-a-la-conference-eclairages-connectes-dans-les-smart-buildings-et-les-smart-cities\/"},"wordCount":409,"publisher":{"@id":"https:\/\/www.inovallee.com\/#organization"},"image":{"@id":"https:\/\/www.inovallee.com\/lactualite-des-entreprises-dinovallee-lintervention-de-delta-dore-le-19-mars-a-paris-a-la-conference-eclairages-connectes-dans-les-smart-buildings-et-les-smart-cities\/#primaryimage"},"thumbnailUrl":"http:\/\/2.bp.blogspot.com\/-CkYZfM0e32A\/VO27BI7acwI\/AAAAAAAAPl4\/r9tMrjWC1CY\/s1600\/Deltadore%2B1200pxl.jpg","articleSection":["Sucess stories des entreprises d'inovall\u00e9e"],"inLanguage":"en-GB"},{"@type":"WebPage","@id":"https:\/\/www.inovallee.com\/lactualite-des-entreprises-dinovallee-lintervention-de-delta-dore-le-19-mars-a-paris-a-la-conference-eclairages-connectes-dans-les-smart-buildings-et-les-smart-cities\/","url":"https:\/\/www.inovallee.com\/lactualite-des-entreprises-dinovallee-lintervention-de-delta-dore-le-19-mars-a-paris-a-la-conference-eclairages-connectes-dans-les-smart-buildings-et-les-smart-cities\/","name":"L&#039;actualit\u00e9 des entreprises d\u2019inovall\u00e9e : L&#039;intervention de DELTA DORE le 19 mars \u00e0 Paris \u00e0 la conf\u00e9rence &quot;\u00c9clairages connect\u00e9s dans les Smart Buildings et les Smart Cities&quot; - inovall\u00e9e","isPartOf":{"@id":"https:\/\/www.inovallee.com\/#website"},"primaryImageOfPage":{"@id":"https:\/\/www.inovallee.com\/lactualite-des-entreprises-dinovallee-lintervention-de-delta-dore-le-19-mars-a-paris-a-la-conference-eclairages-connectes-dans-les-smart-buildings-et-les-smart-cities\/#primaryimage"},"image":{"@id":"https:\/\/www.inovallee.com\/lactualite-des-entreprises-dinovallee-lintervention-de-delta-dore-le-19-mars-a-paris-a-la-conference-eclairages-connectes-dans-les-smart-buildings-et-les-smart-cities\/#primaryimage"},"thumbnailUrl":"http:\/\/2.bp.blogspot.com\/-CkYZfM0e32A\/VO27BI7acwI\/AAAAAAAAPl4\/r9tMrjWC1CY\/s1600\/Deltadore%2B1200pxl.jpg","datePublished":"2015-02-25T15:25:00+00:00","breadcrumb":{"@id":"https:\/\/www.inovallee.com\/lactualite-des-entreprises-dinovallee-lintervention-de-delta-dore-le-19-mars-a-paris-a-la-conference-eclairages-connectes-dans-les-smart-buildings-et-les-smart-cities\/#breadcrumb"},"inLanguage":"en-GB","potentialAction":[{"@type":"ReadAction","target":["https:\/\/www.inovallee.com\/lactualite-des-entreprises-dinovallee-lintervention-de-delta-dore-le-19-mars-a-paris-a-la-conference-eclairages-connectes-dans-les-smart-buildings-et-les-smart-cities\/"]}]},{"@type":"ImageObject","inLanguage":"en-GB","@id":"https:\/\/www.inovallee.com\/lactualite-des-entreprises-dinovallee-lintervention-de-delta-dore-le-19-mars-a-paris-a-la-conference-eclairages-connectes-dans-les-smart-buildings-et-les-smart-cities\/#primaryimage","url":"http:\/\/2.bp.blogspot.com\/-CkYZfM0e32A\/VO27BI7acwI\/AAAAAAAAPl4\/r9tMrjWC1CY\/s1600\/Deltadore%2B1200pxl.jpg","contentUrl":"http:\/\/2.bp.blogspot.com\/-CkYZfM0e32A\/VO27BI7acwI\/AAAAAAAAPl4\/r9tMrjWC1CY\/s1600\/Deltadore%2B1200pxl.jpg"},{"@type":"BreadcrumbList","@id":"https:\/\/www.inovallee.com\/lactualite-des-entreprises-dinovallee-lintervention-de-delta-dore-le-19-mars-a-paris-a-la-conference-eclairages-connectes-dans-les-smart-buildings-et-les-smart-cities\/#breadcrumb","itemListElement":[{"@type":"ListItem","position":1,"name":"Accueil","item":"https:\/\/www.inovallee.com\/"},{"@type":"ListItem","position":2,"name":"L&#039;actualit\u00e9 des entreprises d\u2019inovall\u00e9e : L&#039;intervention de DELTA DORE le 19 mars \u00e0 Paris \u00e0 la conf\u00e9rence &quot;\u00c9clairages connect\u00e9s dans les Smart Buildings et les Smart Cities&quot;"}]},{"@type":"WebSite","@id":"https:\/\/www.inovallee.com\/#website","url":"https:\/\/www.inovallee.com\/","name":"inovall\u00e9e technopole, Home to software & smart technologies","description":"Home to software &amp; smart technologies","publisher":{"@id":"https:\/\/www.inovallee.com\/#organization"},"potentialAction":[{"@type":"SearchAction","target":{"@type":"EntryPoint","urlTemplate":"https:\/\/www.inovallee.com\/?s={search_term_string}"},"query-input":{"@type":"PropertyValueSpecification","valueRequired":true,"valueName":"search_term_string"}}],"inLanguage":"en-GB"},{"@type":"Organization","@id":"https:\/\/www.inovallee.com\/#organization","name":"inovall\u00e9e","url":"https:\/\/www.inovallee.com\/","logo":{"@type":"ImageObject","inLanguage":"en-GB","@id":"https:\/\/www.inovallee.com\/#\/schema\/logo\/image\/","url":"https:\/\/www.inovallee.com\/wp-content\/uploads\/2023\/08\/inovallee_2022_GrenobleAlpes.png","contentUrl":"https:\/\/www.inovallee.com\/wp-content\/uploads\/2023\/08\/inovallee_2022_GrenobleAlpes.png","width":945,"height":369,"caption":"inovall\u00e9e"},"image":{"@id":"https:\/\/www.inovallee.com\/#\/schema\/logo\/image\/"},"sameAs":["https:\/\/www.facebook.com\/technopoleinovallee\/","https:\/\/x.com\/inovallee","https:\/\/www.linkedin.com\/company\/inovall-e\/","https:\/\/www.youtube.com\/user\/inovallee?reload=9"]},{"@type":"Person","@id":"https:\/\/www.inovallee.com\/#\/schema\/person\/a45b15518aad3111b2d61d257a3e023b","name":"Inovallee"}]}},"_links":{"self":[{"href":"https:\/\/www.inovallee.com\/en\/wp-json\/wp\/v2\/posts\/2001","targetHints":{"allow":["GET"]}}],"collection":[{"href":"https:\/\/www.inovallee.com\/en\/wp-json\/wp\/v2\/posts"}],"about":[{"href":"https:\/\/www.inovallee.com\/en\/wp-json\/wp\/v2\/types\/post"}],"author":[{"embeddable":true,"href":"https:\/\/www.inovallee.com\/en\/wp-json\/wp\/v2\/users\/6"}],"replies":[{"embeddable":true,"href":"https:\/\/www.inovallee.com\/en\/wp-json\/wp\/v2\/comments?post=2001"}],"version-history":[{"count":0,"href":"https:\/\/www.inovallee.com\/en\/wp-json\/wp\/v2\/posts\/2001\/revisions"}],"wp:attachment":[{"href":"https:\/\/www.inovallee.com\/en\/wp-json\/wp\/v2\/media?parent=2001"}],"wp:term":[{"taxonomy":"category","embeddable":true,"href":"https:\/\/www.inovallee.com\/en\/wp-json\/wp\/v2\/categories?post=2001"},{"taxonomy":"post_tag","embeddable":true,"href":"https:\/\/www.inovallee.com\/en\/wp-json\/wp\/v2\/tags?post=2001"}],"curies":[{"name":"wp","href":"https:\/\/api.w.org\/{rel}","templated":true}]}}