{"id":20270,"date":"2018-12-21T14:25:19","date_gmt":"2018-12-21T13:25:19","guid":{"rendered":"https:\/\/www.inovallee.com\/?p=20270"},"modified":"2018-12-21T14:25:19","modified_gmt":"2018-12-21T13:25:19","slug":"ne-ratez-5eme-edition-sido-levenement-fondateur-dedie-a-liot-10-11-avril-2019","status":"publish","type":"post","link":"https:\/\/www.inovallee.com\/en\/ne-ratez-5eme-edition-sido-levenement-fondateur-dedie-a-liot-10-11-avril-2019\/","title":{"rendered":"Ne ratez pas la 5\u00e8me \u00e9dition du SIDO, l\u2019\u00e9v\u00e9nement fondateur d\u00e9di\u00e9 \u00e0 l\u2019IoT, les 10 et 11 avril 2019"},"content":{"rendered":"<p>SIDO, 5e \u00e9dition &#8211; 10 &amp; 11 Avril 2019 \u2013 Cit\u00e9 internationale de Lyon \u2013 France Think. Build. Your tomorrow connected &amp; robotics innovations<br \/>\n<img decoding=\"async\" class=\"alignleft size-medium wp-image-20273\" src=\"https:\/\/www.inovallee.com\/wp-content\/uploads\/2018\/12\/ANIM-SIDO19-728x90-1-600x74.gif\" alt=\"\" width=\"600\" height=\"74\" \/><img fetchpriority=\"high\" decoding=\"async\" class=\"alignleft size-full wp-image-20272\" src=\"https:\/\/www.inovallee.com\/wp-content\/uploads\/2018\/12\/ANIM-SIDO19-250x250-1.gif\" alt=\"\" width=\"250\" height=\"250\" \/><img decoding=\"async\" class=\"alignleft size-medium wp-image-20274\" src=\"https:\/\/www.inovallee.com\/wp-content\/uploads\/2018\/12\/SIGNATURE2019.png\" alt=\"\" width=\"400\" height=\"165\" srcset=\"https:\/\/www.inovallee.com\/wp-content\/uploads\/2018\/12\/SIGNATURE2019.png 400w, https:\/\/www.inovallee.com\/wp-content\/uploads\/2018\/12\/SIGNATURE2019-300x124.png 300w\" sizes=\"(max-width: 400px) 100vw, 400px\" \/>Depuis 4 ans, SIDO structure la fili\u00e8re europ\u00e9enne de l\u2019IoT et aide les entreprises \u00e0 innover et \u00e0 r\u00e9inventer leurs business models en int\u00e9grant l\u2019IoT.<br \/>\nAvec l\u2019accroissement de la puissance de calcul et l\u2019intelligence embarqu\u00e9e\u2026L\u2019IoT, l\u2019Intelligence Artificielle et la robotique s\u2019associent pour des applications toujours plus autonomes et intelligentes.<br \/>\n<strong>Pour sa 5\u00e8me \u00e9dition, SIDO accueille la communaut\u00e9 Robotique.<\/strong><br \/>\nParce que l\u2019apport de la robotique collaborative et de l\u2019IA bouleversent profond\u00e9ment la mani\u00e8re d\u2019exploiter l\u2019IoT et que la combinaison de ces trois technologies repr\u00e9sente un gisement de valeur \u00e9norme\u2026SIDO enrichit son offre pour 2019 et propose, pour la premi\u00e8re fois sur la sc\u00e8ne internationale, la convergence des trois \u00e9cosyst\u00e8mes IoT, IA et Robotique. Une r\u00e9ponse in\u00e9dite aux nouveaux d\u00e9fis technologiques et organisationnels auxquels sont d\u00e9sormais confront\u00e9es toutes les entreprises industrielles et de services.<br \/>\nV\u00e9ritable \u00ab Creuset \u00bb de l\u2019innovation, SIDO poursuit sa vocation de R\u00c9UNIR et F\u00c9D\u00c9RER les acteurs internationaux de toute la cha\u00eene de valeur de l\u2019IoT et de la Robotique. SIDO aspire \u00e0 IMPULSER le progr\u00e8s et r\u00e9unir ceux qui imaginent et cr\u00e9ent les applications intelligentes de demain dans les univers industrie, supply chain, transport, logistique, \u00e9nergie, mobilit\u00e9, sant\u00e9, bien-\u00eatre, smart home et smart building, agritech.<br \/>\nSIDO vous donne rendez-vous les 10 et 11 Avril 2019 \u00e0 la Cit\u00e9 Internationale de Lyon pour le plus grand showroom de l\u2019innovation en libre acc\u00e8s pour les professionnels. V\u00e9ritable bulle de networking, profitez du SIDO pour rencontrer ceux qui aident \u00e0 concevoir et concr\u00e9tiser des objets, machines, robots et syst\u00e8mes connect\u00e9s et intelligents.<br \/>\n+ 450 exposants experts IoT, Robotique, IA &amp; Machine Learning et\/ou r\u00e9alit\u00e9 mixte<br \/>\nUne repr\u00e9sentation exhaustive de solutions et produits n\u00e9cessaires \u00e0 la conception d\u2019un projet connect\u00e9, autonome et intelligent.<br \/>\n+ 10.000 professionnels, les d\u00e9cideurs PDG\/DG, Strat\u00e9gie, Innovation, Marketing, Transformation Digitale, R&amp;D, Marketing\u2026et les op\u00e9rationnels m\u00e9tiers issus des secteurs priv\u00e9s et publics.<br \/>\n+ 200 speakers internationaux pour animer un programme de 50 conf\u00e9rences en libre acc\u00e8s ! Ils seront l\u00e0 pour faire le point sur la m\u00e9thodologie de r\u00e9ussite de projet et valoriser les meilleurs cas d\u2019application IoT et robotiques.<br \/>\n*NEW ! Le Lab des Top Executives IoT + IA + Robotique : Un programme sp\u00e9cialement con\u00e7u pour favoriser des rencontres privil\u00e9gi\u00e9es entre experts internationaux, PDG visionnaires et personnalit\u00e9s du monde \u00e9conomique avec pour objectif d\u2019anticiper les enjeux technologiques de demain.<br \/>\n+ Startup Valley : + 50 startups internationales, les p\u00e9pites de l\u2019IoT et de la Robotique qui feront les usages de demain, s\u00e9lectionn\u00e9es sur dossier par notre comit\u00e9 d\u2019experts.<br \/>\n+ Les vitrines des innovations &amp; d\u00e9mos zones sectorielles pour mettre en lumi\u00e8re des solutions strat\u00e9giques IoT, IA et\/ou Robotiques. B to B = Transformation des organisations et des m\u00e9tiers dans les univers du Manufacturing, Logistique, Transport, Utilities, Smart Building, Agritech \/ B to B to C = Qualit\u00e9 et confort de vie : sant\u00e9, bien-\u00eatre, mobilit\u00e9, smart home, sport, loisirs, Retail\u2026<\/p>","protected":false},"excerpt":{"rendered":"<p>SIDO, 5e \u00e9dition &#8211; 10 &amp; 11 Avril 2019 \u2013 Cit\u00e9 internationale de Lyon \u2013 France Think. Build. Your tomorrow connected &amp; robotics innovations Depuis 4 ans, SIDO structure la fili\u00e8re europ\u00e9enne de l\u2019IoT et aide les entreprises \u00e0 innover et \u00e0 r\u00e9inventer leurs business models en int\u00e9grant l\u2019IoT. Avec l\u2019accroissement de la puissance de [&hellip;]<\/p>\n","protected":false},"author":6,"featured_media":20274,"comment_status":"closed","ping_status":"open","sticky":false,"template":"","format":"standard","meta":{"footnotes":""},"categories":[37],"tags":[],"class_list":["post-20270","post","type-post","status-publish","format-standard","has-post-thumbnail","hentry","category-my-ino"],"yoast_head":"<!-- This site is optimized with the Yoast SEO plugin v27.4 - https:\/\/yoast.com\/product\/yoast-seo-wordpress\/ -->\n<title>Ne ratez pas la 5\u00e8me \u00e9dition du SIDO, l\u2019\u00e9v\u00e9nement fondateur d\u00e9di\u00e9 \u00e0 l\u2019IoT, les 10 et 11 avril 2019 - inovall\u00e9e<\/title>\n<meta name=\"robots\" content=\"index, follow, max-snippet:-1, max-image-preview:large, max-video-preview:-1\" \/>\n<link rel=\"canonical\" href=\"https:\/\/www.inovallee.com\/en\/ne-ratez-5eme-edition-sido-levenement-fondateur-dedie-a-liot-10-11-avril-2019\/\" \/>\n<meta property=\"og:locale\" content=\"en_GB\" \/>\n<meta property=\"og:type\" content=\"article\" \/>\n<meta property=\"og:title\" content=\"Ne ratez pas la 5\u00e8me \u00e9dition du SIDO, l\u2019\u00e9v\u00e9nement fondateur d\u00e9di\u00e9 \u00e0 l\u2019IoT, les 10 et 11 avril 2019 - inovall\u00e9e\" \/>\n<meta property=\"og:description\" content=\"SIDO, 5e \u00e9dition &#8211; 10 &amp; 11 Avril 2019 \u2013 Cit\u00e9 internationale de Lyon \u2013 France Think. Build. Your tomorrow connected &amp; robotics innovations Depuis 4 ans, SIDO structure la fili\u00e8re europ\u00e9enne de l\u2019IoT et aide les entreprises \u00e0 innover et \u00e0 r\u00e9inventer leurs business models en int\u00e9grant l\u2019IoT. Avec l\u2019accroissement de la puissance de [&hellip;]\" \/>\n<meta property=\"og:url\" content=\"https:\/\/www.inovallee.com\/en\/ne-ratez-5eme-edition-sido-levenement-fondateur-dedie-a-liot-10-11-avril-2019\/\" \/>\n<meta property=\"og:site_name\" content=\"inovall\u00e9e\" \/>\n<meta property=\"article:publisher\" content=\"https:\/\/www.facebook.com\/technopoleinovallee\/\" \/>\n<meta property=\"article:published_time\" content=\"2018-12-21T13:25:19+00:00\" \/>\n<meta property=\"og:image\" content=\"https:\/\/www.inovallee.com\/wp-content\/uploads\/2018\/12\/SIGNATURE2019.png\" \/>\n\t<meta property=\"og:image:width\" content=\"400\" \/>\n\t<meta property=\"og:image:height\" content=\"165\" \/>\n\t<meta property=\"og:image:type\" content=\"image\/png\" \/>\n<meta name=\"author\" content=\"Inovallee\" \/>\n<meta name=\"twitter:card\" content=\"summary_large_image\" \/>\n<meta name=\"twitter:creator\" content=\"@inovallee\" \/>\n<meta name=\"twitter:site\" content=\"@inovallee\" \/>\n<meta name=\"twitter:label1\" content=\"Written by\" \/>\n\t<meta name=\"twitter:data1\" content=\"Inovallee\" \/>\n\t<meta name=\"twitter:label2\" content=\"Estimated reading time\" \/>\n\t<meta name=\"twitter:data2\" content=\"3 minutes\" \/>\n<script type=\"application\/ld+json\" class=\"yoast-schema-graph\">{\"@context\":\"https:\\\/\\\/schema.org\",\"@graph\":[{\"@type\":\"Article\",\"@id\":\"https:\\\/\\\/www.inovallee.com\\\/ne-ratez-5eme-edition-sido-levenement-fondateur-dedie-a-liot-10-11-avril-2019\\\/#article\",\"isPartOf\":{\"@id\":\"https:\\\/\\\/www.inovallee.com\\\/ne-ratez-5eme-edition-sido-levenement-fondateur-dedie-a-liot-10-11-avril-2019\\\/\"},\"author\":{\"name\":\"Inovallee\",\"@id\":\"https:\\\/\\\/www.inovallee.com\\\/#\\\/schema\\\/person\\\/a45b15518aad3111b2d61d257a3e023b\"},\"headline\":\"Ne ratez pas la 5\u00e8me \u00e9dition du SIDO, l\u2019\u00e9v\u00e9nement fondateur d\u00e9di\u00e9 \u00e0 l\u2019IoT, les 10 et 11 avril 2019\",\"datePublished\":\"2018-12-21T13:25:19+00:00\",\"mainEntityOfPage\":{\"@id\":\"https:\\\/\\\/www.inovallee.com\\\/ne-ratez-5eme-edition-sido-levenement-fondateur-dedie-a-liot-10-11-avril-2019\\\/\"},\"wordCount\":559,\"publisher\":{\"@id\":\"https:\\\/\\\/www.inovallee.com\\\/#organization\"},\"image\":{\"@id\":\"https:\\\/\\\/www.inovallee.com\\\/ne-ratez-5eme-edition-sido-levenement-fondateur-dedie-a-liot-10-11-avril-2019\\\/#primaryimage\"},\"thumbnailUrl\":\"https:\\\/\\\/www.inovallee.com\\\/wp-content\\\/uploads\\\/2018\\\/12\\\/SIGNATURE2019.png\",\"articleSection\":[\"My Ino : Vivre &amp; travailler sur inovall\u00e9e\"],\"inLanguage\":\"en-GB\"},{\"@type\":\"WebPage\",\"@id\":\"https:\\\/\\\/www.inovallee.com\\\/ne-ratez-5eme-edition-sido-levenement-fondateur-dedie-a-liot-10-11-avril-2019\\\/\",\"url\":\"https:\\\/\\\/www.inovallee.com\\\/ne-ratez-5eme-edition-sido-levenement-fondateur-dedie-a-liot-10-11-avril-2019\\\/\",\"name\":\"Ne ratez pas la 5\u00e8me \u00e9dition du SIDO, l\u2019\u00e9v\u00e9nement fondateur d\u00e9di\u00e9 \u00e0 l\u2019IoT, les 10 et 11 avril 2019 - inovall\u00e9e\",\"isPartOf\":{\"@id\":\"https:\\\/\\\/www.inovallee.com\\\/#website\"},\"primaryImageOfPage\":{\"@id\":\"https:\\\/\\\/www.inovallee.com\\\/ne-ratez-5eme-edition-sido-levenement-fondateur-dedie-a-liot-10-11-avril-2019\\\/#primaryimage\"},\"image\":{\"@id\":\"https:\\\/\\\/www.inovallee.com\\\/ne-ratez-5eme-edition-sido-levenement-fondateur-dedie-a-liot-10-11-avril-2019\\\/#primaryimage\"},\"thumbnailUrl\":\"https:\\\/\\\/www.inovallee.com\\\/wp-content\\\/uploads\\\/2018\\\/12\\\/SIGNATURE2019.png\",\"datePublished\":\"2018-12-21T13:25:19+00:00\",\"breadcrumb\":{\"@id\":\"https:\\\/\\\/www.inovallee.com\\\/ne-ratez-5eme-edition-sido-levenement-fondateur-dedie-a-liot-10-11-avril-2019\\\/#breadcrumb\"},\"inLanguage\":\"en-GB\",\"potentialAction\":[{\"@type\":\"ReadAction\",\"target\":[\"https:\\\/\\\/www.inovallee.com\\\/ne-ratez-5eme-edition-sido-levenement-fondateur-dedie-a-liot-10-11-avril-2019\\\/\"]}]},{\"@type\":\"ImageObject\",\"inLanguage\":\"en-GB\",\"@id\":\"https:\\\/\\\/www.inovallee.com\\\/ne-ratez-5eme-edition-sido-levenement-fondateur-dedie-a-liot-10-11-avril-2019\\\/#primaryimage\",\"url\":\"https:\\\/\\\/www.inovallee.com\\\/wp-content\\\/uploads\\\/2018\\\/12\\\/SIGNATURE2019.png\",\"contentUrl\":\"https:\\\/\\\/www.inovallee.com\\\/wp-content\\\/uploads\\\/2018\\\/12\\\/SIGNATURE2019.png\",\"width\":400,\"height\":165},{\"@type\":\"BreadcrumbList\",\"@id\":\"https:\\\/\\\/www.inovallee.com\\\/ne-ratez-5eme-edition-sido-levenement-fondateur-dedie-a-liot-10-11-avril-2019\\\/#breadcrumb\",\"itemListElement\":[{\"@type\":\"ListItem\",\"position\":1,\"name\":\"Accueil\",\"item\":\"https:\\\/\\\/www.inovallee.com\\\/\"},{\"@type\":\"ListItem\",\"position\":2,\"name\":\"Ne ratez pas la 5\u00e8me \u00e9dition du SIDO, l\u2019\u00e9v\u00e9nement fondateur d\u00e9di\u00e9 \u00e0 l\u2019IoT, les 10 et 11 avril 2019\"}]},{\"@type\":\"WebSite\",\"@id\":\"https:\\\/\\\/www.inovallee.com\\\/#website\",\"url\":\"https:\\\/\\\/www.inovallee.com\\\/\",\"name\":\"inovall\u00e9e technopole, Home to software & smart technologies\",\"description\":\"Home to software &amp; smart technologies\",\"publisher\":{\"@id\":\"https:\\\/\\\/www.inovallee.com\\\/#organization\"},\"potentialAction\":[{\"@type\":\"SearchAction\",\"target\":{\"@type\":\"EntryPoint\",\"urlTemplate\":\"https:\\\/\\\/www.inovallee.com\\\/?s={search_term_string}\"},\"query-input\":{\"@type\":\"PropertyValueSpecification\",\"valueRequired\":true,\"valueName\":\"search_term_string\"}}],\"inLanguage\":\"en-GB\"},{\"@type\":\"Organization\",\"@id\":\"https:\\\/\\\/www.inovallee.com\\\/#organization\",\"name\":\"inovall\u00e9e\",\"url\":\"https:\\\/\\\/www.inovallee.com\\\/\",\"logo\":{\"@type\":\"ImageObject\",\"inLanguage\":\"en-GB\",\"@id\":\"https:\\\/\\\/www.inovallee.com\\\/#\\\/schema\\\/logo\\\/image\\\/\",\"url\":\"https:\\\/\\\/www.inovallee.com\\\/wp-content\\\/uploads\\\/2023\\\/08\\\/inovallee_2022_GrenobleAlpes.png\",\"contentUrl\":\"https:\\\/\\\/www.inovallee.com\\\/wp-content\\\/uploads\\\/2023\\\/08\\\/inovallee_2022_GrenobleAlpes.png\",\"width\":945,\"height\":369,\"caption\":\"inovall\u00e9e\"},\"image\":{\"@id\":\"https:\\\/\\\/www.inovallee.com\\\/#\\\/schema\\\/logo\\\/image\\\/\"},\"sameAs\":[\"https:\\\/\\\/www.facebook.com\\\/technopoleinovallee\\\/\",\"https:\\\/\\\/x.com\\\/inovallee\",\"https:\\\/\\\/www.linkedin.com\\\/company\\\/inovall-e\\\/\",\"https:\\\/\\\/www.youtube.com\\\/user\\\/inovallee?reload=9\"]},{\"@type\":\"Person\",\"@id\":\"https:\\\/\\\/www.inovallee.com\\\/#\\\/schema\\\/person\\\/a45b15518aad3111b2d61d257a3e023b\",\"name\":\"Inovallee\"}]}<\/script>\n<!-- \/ Yoast SEO plugin. -->","yoast_head_json":{"title":"Ne ratez pas la 5\u00e8me \u00e9dition du SIDO, l\u2019\u00e9v\u00e9nement fondateur d\u00e9di\u00e9 \u00e0 l\u2019IoT, les 10 et 11 avril 2019 - inovall\u00e9e","robots":{"index":"index","follow":"follow","max-snippet":"max-snippet:-1","max-image-preview":"max-image-preview:large","max-video-preview":"max-video-preview:-1"},"canonical":"https:\/\/www.inovallee.com\/en\/ne-ratez-5eme-edition-sido-levenement-fondateur-dedie-a-liot-10-11-avril-2019\/","og_locale":"en_GB","og_type":"article","og_title":"Ne ratez pas la 5\u00e8me \u00e9dition du SIDO, l\u2019\u00e9v\u00e9nement fondateur d\u00e9di\u00e9 \u00e0 l\u2019IoT, les 10 et 11 avril 2019 - inovall\u00e9e","og_description":"SIDO, 5e \u00e9dition &#8211; 10 &amp; 11 Avril 2019 \u2013 Cit\u00e9 internationale de Lyon \u2013 France Think. Build. Your tomorrow connected &amp; robotics innovations Depuis 4 ans, SIDO structure la fili\u00e8re europ\u00e9enne de l\u2019IoT et aide les entreprises \u00e0 innover et \u00e0 r\u00e9inventer leurs business models en int\u00e9grant l\u2019IoT. Avec l\u2019accroissement de la puissance de [&hellip;]","og_url":"https:\/\/www.inovallee.com\/en\/ne-ratez-5eme-edition-sido-levenement-fondateur-dedie-a-liot-10-11-avril-2019\/","og_site_name":"inovall\u00e9e","article_publisher":"https:\/\/www.facebook.com\/technopoleinovallee\/","article_published_time":"2018-12-21T13:25:19+00:00","og_image":[{"width":400,"height":165,"url":"https:\/\/www.inovallee.com\/wp-content\/uploads\/2018\/12\/SIGNATURE2019.png","type":"image\/png"}],"author":"Inovallee","twitter_card":"summary_large_image","twitter_creator":"@inovallee","twitter_site":"@inovallee","twitter_misc":{"Written by":"Inovallee","Estimated reading time":"3 minutes"},"schema":{"@context":"https:\/\/schema.org","@graph":[{"@type":"Article","@id":"https:\/\/www.inovallee.com\/ne-ratez-5eme-edition-sido-levenement-fondateur-dedie-a-liot-10-11-avril-2019\/#article","isPartOf":{"@id":"https:\/\/www.inovallee.com\/ne-ratez-5eme-edition-sido-levenement-fondateur-dedie-a-liot-10-11-avril-2019\/"},"author":{"name":"Inovallee","@id":"https:\/\/www.inovallee.com\/#\/schema\/person\/a45b15518aad3111b2d61d257a3e023b"},"headline":"Ne ratez pas la 5\u00e8me \u00e9dition du SIDO, l\u2019\u00e9v\u00e9nement fondateur d\u00e9di\u00e9 \u00e0 l\u2019IoT, les 10 et 11 avril 2019","datePublished":"2018-12-21T13:25:19+00:00","mainEntityOfPage":{"@id":"https:\/\/www.inovallee.com\/ne-ratez-5eme-edition-sido-levenement-fondateur-dedie-a-liot-10-11-avril-2019\/"},"wordCount":559,"publisher":{"@id":"https:\/\/www.inovallee.com\/#organization"},"image":{"@id":"https:\/\/www.inovallee.com\/ne-ratez-5eme-edition-sido-levenement-fondateur-dedie-a-liot-10-11-avril-2019\/#primaryimage"},"thumbnailUrl":"https:\/\/www.inovallee.com\/wp-content\/uploads\/2018\/12\/SIGNATURE2019.png","articleSection":["My Ino : Vivre &amp; travailler sur inovall\u00e9e"],"inLanguage":"en-GB"},{"@type":"WebPage","@id":"https:\/\/www.inovallee.com\/ne-ratez-5eme-edition-sido-levenement-fondateur-dedie-a-liot-10-11-avril-2019\/","url":"https:\/\/www.inovallee.com\/ne-ratez-5eme-edition-sido-levenement-fondateur-dedie-a-liot-10-11-avril-2019\/","name":"Ne ratez pas la 5\u00e8me \u00e9dition du SIDO, l\u2019\u00e9v\u00e9nement fondateur d\u00e9di\u00e9 \u00e0 l\u2019IoT, les 10 et 11 avril 2019 - inovall\u00e9e","isPartOf":{"@id":"https:\/\/www.inovallee.com\/#website"},"primaryImageOfPage":{"@id":"https:\/\/www.inovallee.com\/ne-ratez-5eme-edition-sido-levenement-fondateur-dedie-a-liot-10-11-avril-2019\/#primaryimage"},"image":{"@id":"https:\/\/www.inovallee.com\/ne-ratez-5eme-edition-sido-levenement-fondateur-dedie-a-liot-10-11-avril-2019\/#primaryimage"},"thumbnailUrl":"https:\/\/www.inovallee.com\/wp-content\/uploads\/2018\/12\/SIGNATURE2019.png","datePublished":"2018-12-21T13:25:19+00:00","breadcrumb":{"@id":"https:\/\/www.inovallee.com\/ne-ratez-5eme-edition-sido-levenement-fondateur-dedie-a-liot-10-11-avril-2019\/#breadcrumb"},"inLanguage":"en-GB","potentialAction":[{"@type":"ReadAction","target":["https:\/\/www.inovallee.com\/ne-ratez-5eme-edition-sido-levenement-fondateur-dedie-a-liot-10-11-avril-2019\/"]}]},{"@type":"ImageObject","inLanguage":"en-GB","@id":"https:\/\/www.inovallee.com\/ne-ratez-5eme-edition-sido-levenement-fondateur-dedie-a-liot-10-11-avril-2019\/#primaryimage","url":"https:\/\/www.inovallee.com\/wp-content\/uploads\/2018\/12\/SIGNATURE2019.png","contentUrl":"https:\/\/www.inovallee.com\/wp-content\/uploads\/2018\/12\/SIGNATURE2019.png","width":400,"height":165},{"@type":"BreadcrumbList","@id":"https:\/\/www.inovallee.com\/ne-ratez-5eme-edition-sido-levenement-fondateur-dedie-a-liot-10-11-avril-2019\/#breadcrumb","itemListElement":[{"@type":"ListItem","position":1,"name":"Accueil","item":"https:\/\/www.inovallee.com\/"},{"@type":"ListItem","position":2,"name":"Ne ratez pas la 5\u00e8me \u00e9dition du SIDO, l\u2019\u00e9v\u00e9nement fondateur d\u00e9di\u00e9 \u00e0 l\u2019IoT, les 10 et 11 avril 2019"}]},{"@type":"WebSite","@id":"https:\/\/www.inovallee.com\/#website","url":"https:\/\/www.inovallee.com\/","name":"inovall\u00e9e technopole, Home to software & smart technologies","description":"Home to software &amp; smart technologies","publisher":{"@id":"https:\/\/www.inovallee.com\/#organization"},"potentialAction":[{"@type":"SearchAction","target":{"@type":"EntryPoint","urlTemplate":"https:\/\/www.inovallee.com\/?s={search_term_string}"},"query-input":{"@type":"PropertyValueSpecification","valueRequired":true,"valueName":"search_term_string"}}],"inLanguage":"en-GB"},{"@type":"Organization","@id":"https:\/\/www.inovallee.com\/#organization","name":"inovall\u00e9e","url":"https:\/\/www.inovallee.com\/","logo":{"@type":"ImageObject","inLanguage":"en-GB","@id":"https:\/\/www.inovallee.com\/#\/schema\/logo\/image\/","url":"https:\/\/www.inovallee.com\/wp-content\/uploads\/2023\/08\/inovallee_2022_GrenobleAlpes.png","contentUrl":"https:\/\/www.inovallee.com\/wp-content\/uploads\/2023\/08\/inovallee_2022_GrenobleAlpes.png","width":945,"height":369,"caption":"inovall\u00e9e"},"image":{"@id":"https:\/\/www.inovallee.com\/#\/schema\/logo\/image\/"},"sameAs":["https:\/\/www.facebook.com\/technopoleinovallee\/","https:\/\/x.com\/inovallee","https:\/\/www.linkedin.com\/company\/inovall-e\/","https:\/\/www.youtube.com\/user\/inovallee?reload=9"]},{"@type":"Person","@id":"https:\/\/www.inovallee.com\/#\/schema\/person\/a45b15518aad3111b2d61d257a3e023b","name":"Inovallee"}]}},"_links":{"self":[{"href":"https:\/\/www.inovallee.com\/en\/wp-json\/wp\/v2\/posts\/20270","targetHints":{"allow":["GET"]}}],"collection":[{"href":"https:\/\/www.inovallee.com\/en\/wp-json\/wp\/v2\/posts"}],"about":[{"href":"https:\/\/www.inovallee.com\/en\/wp-json\/wp\/v2\/types\/post"}],"author":[{"embeddable":true,"href":"https:\/\/www.inovallee.com\/en\/wp-json\/wp\/v2\/users\/6"}],"replies":[{"embeddable":true,"href":"https:\/\/www.inovallee.com\/en\/wp-json\/wp\/v2\/comments?post=20270"}],"version-history":[{"count":0,"href":"https:\/\/www.inovallee.com\/en\/wp-json\/wp\/v2\/posts\/20270\/revisions"}],"wp:featuredmedia":[{"embeddable":true,"href":"https:\/\/www.inovallee.com\/en\/wp-json\/wp\/v2\/media\/20274"}],"wp:attachment":[{"href":"https:\/\/www.inovallee.com\/en\/wp-json\/wp\/v2\/media?parent=20270"}],"wp:term":[{"taxonomy":"category","embeddable":true,"href":"https:\/\/www.inovallee.com\/en\/wp-json\/wp\/v2\/categories?post=20270"},{"taxonomy":"post_tag","embeddable":true,"href":"https:\/\/www.inovallee.com\/en\/wp-json\/wp\/v2\/tags?post=20270"}],"curies":[{"name":"wp","href":"https:\/\/api.w.org\/{rel}","templated":true}]}}