{"id":2040,"date":"2015-01-13T16:20:00","date_gmt":"2015-01-13T15:20:00","guid":{"rendered":"https:\/\/www.inovallee.com\/inovallee-la-cci-de-grenoble-propose-une-journee-dediee-a-la-transmission-et-a-la-reprise-dentreprises-le-lundi19-janvier-2015\/"},"modified":"2020-06-23T15:37:51","modified_gmt":"2020-06-23T13:37:51","slug":"inovallee-la-cci-de-grenoble-propose-une-journee-dediee-a-la-transmission-et-a-la-reprise-dentreprises-le-lundi19-janvier-2015","status":"publish","type":"post","link":"https:\/\/www.inovallee.com\/en\/inovallee-la-cci-de-grenoble-propose-une-journee-dediee-a-la-transmission-et-a-la-reprise-dentreprises-le-lundi19-janvier-2015\/","title":{"rendered":"Inovall\u00e9e: La CCI de Grenoble propose une journ\u00e9e d\u00e9di\u00e9e \u00e0 la transmission et \u00e0 la reprise d&#039;entreprises le lundi19 janvier 2015"},"content":{"rendered":"<div dir=\"ltr\" style=\"text-align: left;\">\n<div style=\"clear: both; text-align: center;\"><a href=\"http:\/\/1.bp.blogspot.com\/-UrkAXr6y684\/VLPqtePw4FI\/AAAAAAAAPUc\/uO2TWyjz0a4\/s1600\/logo_CCIG_nv.png\" style=\"clear: left; float: left; margin-bottom: 1em; margin-right: 1em;\"><img decoding=\"async\" border=\"0\" src=\"http:\/\/1.bp.blogspot.com\/-UrkAXr6y684\/VLPqtePw4FI\/AAAAAAAAPUc\/uO2TWyjz0a4\/s1600\/logo_CCIG_nv.png\" height=\"44\" width=\"200\" \/><\/a><\/div>\n<div>\n<div style=\"text-align: justify;\"><span style=\"font-family: Arial, Helvetica, sans-serif; font-size: x-small;\">Le p\u00f4le transmission et le r\u00e9seau Ecobiz vous proposent la seconde \u00e9dition&nbsp;<\/span><span style=\"font-family: Arial, Helvetica, sans-serif; font-size: x-small;\">de la<\/span><span style=\"font-family: Arial, Helvetica, sans-serif; font-size: x-small;\"> journ\u00e9e d\u00e9di\u00e9e \u00e0 la transmission et \u00e0 la reprise d&rsquo;entreprises.&nbsp;<\/span><span style=\"font-family: Arial, Helvetica, sans-serif; font-size: x-small;\">L&rsquo;objectif est de vous permettre d&rsquo;anticiper et de collecter les informations n\u00e9cessaires \u00e0 l&rsquo;aboutissement de votre projet.&nbsp;<\/span><span style=\"font-family: Arial, Helvetica, sans-serif; font-size: x-small;\">L&rsquo;occasion d&rsquo;obtenir des r\u00e9ponses au travers de conf\u00e9rences, d&rsquo;ateliers et de rencontrer des experts&nbsp;<\/span><\/div>\n<\/div>\n<div><span style=\"font-family: Arial, Helvetica, sans-serif; font-size: x-small;\"><br \/><\/span><\/div>\n<div><span style=\"font-family: Arial, Helvetica, sans-serif; font-size: x-small;\"><b><span style=\"color: #6fa8dc;\">Conf\u00e9rence<\/span><\/b> <span style=\"color: #6fa8dc;\"><b>de 13 h 30 \u00e0 15 h 00<\/b><\/span><\/span><\/div>\n<div><span style=\"background-color: white;\"><span style=\"font-family: Arial, Helvetica, sans-serif; font-size: x-small;\">Transmission d&rsquo;une entreprise : anticiper pour optimiser sa fiscalit\u00e9<\/span><\/span><br \/><span style=\"background-color: white;\"><span style=\"font-family: Arial, Helvetica, sans-serif; font-size: x-small;\"><br \/><\/span><\/span><\/div>\n<div><span style=\"color: #6fa8dc; font-family: Arial, Helvetica, sans-serif; font-size: x-small;\"><b>Networking de 15 h 00 \u00e0 15 h 30<\/b><\/span><br \/><span style=\"color: #6fa8dc; font-family: Arial, Helvetica, sans-serif; font-size: x-small;\"><b><br \/><\/b><\/span><\/div>\n<div><span style=\"color: #6fa8dc; font-family: Arial, Helvetica, sans-serif; font-size: x-small;\"><b>Ateliers de 15 h 30 \u00e0 17 h 00<\/b><\/span><\/div>\n<div><span style=\"font-family: Arial, Helvetica, sans-serif; font-size: x-small;\">Reprendre un commerce, un restaurant, un h\u00f4tel, une entreprise de service : le financement d&rsquo;un projet<\/span><\/div>\n<div><span style=\"font-family: Arial, Helvetica, sans-serif; font-size: x-small;\">Quels moyens financiers mobiliser pour le rachat d&rsquo;une entreprise ?<\/span><br \/><span style=\"font-family: Arial, Helvetica, sans-serif; font-size: x-small;\"><br \/><\/span><\/div>\n<div><span style=\"color: #6fa8dc; font-family: Arial, Helvetica, sans-serif; font-size: x-small;\"><b>Conf\u00e9rence de 17 h 15 \u00e0 18 h 00<\/b><\/span><\/div>\n<div><span style=\"font-family: Arial, Helvetica, sans-serif; font-size: x-small;\">Reprendre une entreprise : bien d\u00e9finir son projet, o\u00f9 et comment trouver les cibles ?<\/span><\/div>\n<div><b style=\"background-color: white; color: #333333; line-height: 12.6000003814697px; text-align: justify;\"><span style=\"font-family: Arial, Helvetica, sans-serif; font-size: x-small;\"><br \/>Informations pratiques :<\/span><\/b><\/p>\n<p><span style=\"font-family: Arial, Helvetica, sans-serif; font-size: x-small;\">Pour vous inscrire cliquez sur: <a href=\"http:\/\/inscriptions.grenoble.cci.fr\/Formulaires_ecobiz\/createur-repreneur\/F_createurs-repreneurs4.htm\" target=\"_blank\" rel=\"noopener noreferrer\">Transmettre, reprendre une entreprise<\/a><\/span><br \/><span style=\"font-family: Arial, Helvetica, sans-serif; font-size: x-small;\"><span style=\"color: #6fa8dc;\">Contact<\/span>&nbsp;<\/span><span style=\"font-family: Arial, Helvetica, sans-serif; font-size: x-small;\">Anne-Marie Mosnier &#8211;&nbsp;04 76 28 27 58 &#8211;&nbsp;<\/span><a href=\"mailto:anne-marie.mosnier@grenoble.cci.fr\" style=\"font-family: Arial, Helvetica, sans-serif; font-size: small;\" target=\"_blank\" rel=\"noopener noreferrer\">anne-marie.mosnier@grenoble.cci.fr<\/a><\/div>\n<div><span style=\"font-family: Arial, sans-serif; font-size: 10.5pt;\"><br \/><\/span><\/div>\n<\/div>","protected":false},"excerpt":{"rendered":"<p>Le p\u00f4le transmission et le r\u00e9seau Ecobiz vous proposent la seconde \u00e9dition&nbsp;de la journ\u00e9e d\u00e9di\u00e9e \u00e0 la transmission et \u00e0 la reprise d&rsquo;entreprises.&nbsp;L&rsquo;objectif est de vous permettre d&rsquo;anticiper et de collecter les informations n\u00e9cessaires \u00e0 l&rsquo;aboutissement de votre projet.&nbsp;L&rsquo;occasion d&rsquo;obtenir des r\u00e9ponses au travers de conf\u00e9rences, d&rsquo;ateliers et de rencontrer des experts&nbsp; Conf\u00e9rence de 13 [&hellip;]<\/p>\n","protected":false},"author":6,"featured_media":0,"comment_status":"closed","ping_status":"open","sticky":false,"template":"","format":"standard","meta":{"footnotes":""},"categories":[35],"tags":[],"class_list":["post-2040","post","type-post","status-publish","format-standard","hentry","category-sports-loisirs-culture-inovallee"],"yoast_head":"<!-- This site is optimized with the Yoast SEO plugin v27.4 - https:\/\/yoast.com\/product\/yoast-seo-wordpress\/ -->\n<title>Inovall\u00e9e: La CCI de Grenoble propose une journ\u00e9e d\u00e9di\u00e9e \u00e0 la transmission et \u00e0 la reprise d&#039;entreprises le lundi19 janvier 2015 - inovall\u00e9e<\/title>\n<meta name=\"robots\" content=\"index, follow, max-snippet:-1, max-image-preview:large, max-video-preview:-1\" \/>\n<link rel=\"canonical\" href=\"https:\/\/www.inovallee.com\/en\/inovallee-la-cci-de-grenoble-propose-une-journee-dediee-a-la-transmission-et-a-la-reprise-dentreprises-le-lundi19-janvier-2015\/\" \/>\n<meta property=\"og:locale\" content=\"en_GB\" \/>\n<meta property=\"og:type\" content=\"article\" \/>\n<meta property=\"og:title\" content=\"Inovall\u00e9e: La CCI de Grenoble propose une journ\u00e9e d\u00e9di\u00e9e \u00e0 la transmission et \u00e0 la reprise d&#039;entreprises le lundi19 janvier 2015 - inovall\u00e9e\" \/>\n<meta property=\"og:description\" content=\"Le p\u00f4le transmission et le r\u00e9seau Ecobiz vous proposent la seconde \u00e9dition&nbsp;de la journ\u00e9e d\u00e9di\u00e9e \u00e0 la transmission et \u00e0 la reprise d&rsquo;entreprises.&nbsp;L&rsquo;objectif est de vous permettre d&rsquo;anticiper et de collecter les informations n\u00e9cessaires \u00e0 l&rsquo;aboutissement de votre projet.&nbsp;L&rsquo;occasion d&rsquo;obtenir des r\u00e9ponses au travers de conf\u00e9rences, d&rsquo;ateliers et de rencontrer des experts&nbsp; Conf\u00e9rence de 13 [&hellip;]\" \/>\n<meta property=\"og:url\" content=\"https:\/\/www.inovallee.com\/en\/inovallee-la-cci-de-grenoble-propose-une-journee-dediee-a-la-transmission-et-a-la-reprise-dentreprises-le-lundi19-janvier-2015\/\" \/>\n<meta property=\"og:site_name\" content=\"inovall\u00e9e\" \/>\n<meta property=\"article:publisher\" content=\"https:\/\/www.facebook.com\/technopoleinovallee\/\" \/>\n<meta property=\"article:published_time\" content=\"2015-01-13T15:20:00+00:00\" \/>\n<meta property=\"article:modified_time\" content=\"2020-06-23T13:37:51+00:00\" \/>\n<meta property=\"og:image\" content=\"http:\/\/1.bp.blogspot.com\/-UrkAXr6y684\/VLPqtePw4FI\/AAAAAAAAPUc\/uO2TWyjz0a4\/s1600\/logo_CCIG_nv.png\" \/>\n<meta name=\"author\" content=\"Inovallee\" \/>\n<meta name=\"twitter:card\" content=\"summary_large_image\" \/>\n<meta name=\"twitter:creator\" content=\"@inovallee\" \/>\n<meta name=\"twitter:site\" content=\"@inovallee\" \/>\n<meta name=\"twitter:label1\" content=\"Written by\" \/>\n\t<meta name=\"twitter:data1\" content=\"Inovallee\" \/>\n\t<meta name=\"twitter:label2\" content=\"Estimated reading time\" \/>\n\t<meta name=\"twitter:data2\" content=\"1 minute\" \/>\n<script type=\"application\/ld+json\" class=\"yoast-schema-graph\">{\"@context\":\"https:\\\/\\\/schema.org\",\"@graph\":[{\"@type\":\"Article\",\"@id\":\"https:\\\/\\\/www.inovallee.com\\\/inovallee-la-cci-de-grenoble-propose-une-journee-dediee-a-la-transmission-et-a-la-reprise-dentreprises-le-lundi19-janvier-2015\\\/#article\",\"isPartOf\":{\"@id\":\"https:\\\/\\\/www.inovallee.com\\\/inovallee-la-cci-de-grenoble-propose-une-journee-dediee-a-la-transmission-et-a-la-reprise-dentreprises-le-lundi19-janvier-2015\\\/\"},\"author\":{\"name\":\"Inovallee\",\"@id\":\"https:\\\/\\\/www.inovallee.com\\\/#\\\/schema\\\/person\\\/a45b15518aad3111b2d61d257a3e023b\"},\"headline\":\"Inovall\u00e9e: La CCI de Grenoble propose une journ\u00e9e d\u00e9di\u00e9e \u00e0 la transmission et \u00e0 la reprise d&#039;entreprises le lundi19 janvier 2015\",\"datePublished\":\"2015-01-13T15:20:00+00:00\",\"dateModified\":\"2020-06-23T13:37:51+00:00\",\"mainEntityOfPage\":{\"@id\":\"https:\\\/\\\/www.inovallee.com\\\/inovallee-la-cci-de-grenoble-propose-une-journee-dediee-a-la-transmission-et-a-la-reprise-dentreprises-le-lundi19-janvier-2015\\\/\"},\"wordCount\":186,\"publisher\":{\"@id\":\"https:\\\/\\\/www.inovallee.com\\\/#organization\"},\"image\":{\"@id\":\"https:\\\/\\\/www.inovallee.com\\\/inovallee-la-cci-de-grenoble-propose-une-journee-dediee-a-la-transmission-et-a-la-reprise-dentreprises-le-lundi19-janvier-2015\\\/#primaryimage\"},\"thumbnailUrl\":\"http:\\\/\\\/1.bp.blogspot.com\\\/-UrkAXr6y684\\\/VLPqtePw4FI\\\/AAAAAAAAPUc\\\/uO2TWyjz0a4\\\/s1600\\\/logo_CCIG_nv.png\",\"articleSection\":[\"Sports &amp; Loisirs\"],\"inLanguage\":\"en-GB\"},{\"@type\":\"WebPage\",\"@id\":\"https:\\\/\\\/www.inovallee.com\\\/inovallee-la-cci-de-grenoble-propose-une-journee-dediee-a-la-transmission-et-a-la-reprise-dentreprises-le-lundi19-janvier-2015\\\/\",\"url\":\"https:\\\/\\\/www.inovallee.com\\\/inovallee-la-cci-de-grenoble-propose-une-journee-dediee-a-la-transmission-et-a-la-reprise-dentreprises-le-lundi19-janvier-2015\\\/\",\"name\":\"Inovall\u00e9e: La CCI de Grenoble propose une journ\u00e9e d\u00e9di\u00e9e \u00e0 la transmission et \u00e0 la reprise d&#039;entreprises le lundi19 janvier 2015 - inovall\u00e9e\",\"isPartOf\":{\"@id\":\"https:\\\/\\\/www.inovallee.com\\\/#website\"},\"primaryImageOfPage\":{\"@id\":\"https:\\\/\\\/www.inovallee.com\\\/inovallee-la-cci-de-grenoble-propose-une-journee-dediee-a-la-transmission-et-a-la-reprise-dentreprises-le-lundi19-janvier-2015\\\/#primaryimage\"},\"image\":{\"@id\":\"https:\\\/\\\/www.inovallee.com\\\/inovallee-la-cci-de-grenoble-propose-une-journee-dediee-a-la-transmission-et-a-la-reprise-dentreprises-le-lundi19-janvier-2015\\\/#primaryimage\"},\"thumbnailUrl\":\"http:\\\/\\\/1.bp.blogspot.com\\\/-UrkAXr6y684\\\/VLPqtePw4FI\\\/AAAAAAAAPUc\\\/uO2TWyjz0a4\\\/s1600\\\/logo_CCIG_nv.png\",\"datePublished\":\"2015-01-13T15:20:00+00:00\",\"dateModified\":\"2020-06-23T13:37:51+00:00\",\"breadcrumb\":{\"@id\":\"https:\\\/\\\/www.inovallee.com\\\/inovallee-la-cci-de-grenoble-propose-une-journee-dediee-a-la-transmission-et-a-la-reprise-dentreprises-le-lundi19-janvier-2015\\\/#breadcrumb\"},\"inLanguage\":\"en-GB\",\"potentialAction\":[{\"@type\":\"ReadAction\",\"target\":[\"https:\\\/\\\/www.inovallee.com\\\/inovallee-la-cci-de-grenoble-propose-une-journee-dediee-a-la-transmission-et-a-la-reprise-dentreprises-le-lundi19-janvier-2015\\\/\"]}]},{\"@type\":\"ImageObject\",\"inLanguage\":\"en-GB\",\"@id\":\"https:\\\/\\\/www.inovallee.com\\\/inovallee-la-cci-de-grenoble-propose-une-journee-dediee-a-la-transmission-et-a-la-reprise-dentreprises-le-lundi19-janvier-2015\\\/#primaryimage\",\"url\":\"http:\\\/\\\/1.bp.blogspot.com\\\/-UrkAXr6y684\\\/VLPqtePw4FI\\\/AAAAAAAAPUc\\\/uO2TWyjz0a4\\\/s1600\\\/logo_CCIG_nv.png\",\"contentUrl\":\"http:\\\/\\\/1.bp.blogspot.com\\\/-UrkAXr6y684\\\/VLPqtePw4FI\\\/AAAAAAAAPUc\\\/uO2TWyjz0a4\\\/s1600\\\/logo_CCIG_nv.png\"},{\"@type\":\"BreadcrumbList\",\"@id\":\"https:\\\/\\\/www.inovallee.com\\\/inovallee-la-cci-de-grenoble-propose-une-journee-dediee-a-la-transmission-et-a-la-reprise-dentreprises-le-lundi19-janvier-2015\\\/#breadcrumb\",\"itemListElement\":[{\"@type\":\"ListItem\",\"position\":1,\"name\":\"Accueil\",\"item\":\"https:\\\/\\\/www.inovallee.com\\\/\"},{\"@type\":\"ListItem\",\"position\":2,\"name\":\"Inovall\u00e9e: La CCI de Grenoble propose une journ\u00e9e d\u00e9di\u00e9e \u00e0 la transmission et \u00e0 la reprise d&#039;entreprises le lundi19 janvier 2015\"}]},{\"@type\":\"WebSite\",\"@id\":\"https:\\\/\\\/www.inovallee.com\\\/#website\",\"url\":\"https:\\\/\\\/www.inovallee.com\\\/\",\"name\":\"inovall\u00e9e technopole, Home to software & smart technologies\",\"description\":\"Home to software &amp; smart technologies\",\"publisher\":{\"@id\":\"https:\\\/\\\/www.inovallee.com\\\/#organization\"},\"potentialAction\":[{\"@type\":\"SearchAction\",\"target\":{\"@type\":\"EntryPoint\",\"urlTemplate\":\"https:\\\/\\\/www.inovallee.com\\\/?s={search_term_string}\"},\"query-input\":{\"@type\":\"PropertyValueSpecification\",\"valueRequired\":true,\"valueName\":\"search_term_string\"}}],\"inLanguage\":\"en-GB\"},{\"@type\":\"Organization\",\"@id\":\"https:\\\/\\\/www.inovallee.com\\\/#organization\",\"name\":\"inovall\u00e9e\",\"url\":\"https:\\\/\\\/www.inovallee.com\\\/\",\"logo\":{\"@type\":\"ImageObject\",\"inLanguage\":\"en-GB\",\"@id\":\"https:\\\/\\\/www.inovallee.com\\\/#\\\/schema\\\/logo\\\/image\\\/\",\"url\":\"https:\\\/\\\/www.inovallee.com\\\/wp-content\\\/uploads\\\/2023\\\/08\\\/inovallee_2022_GrenobleAlpes.png\",\"contentUrl\":\"https:\\\/\\\/www.inovallee.com\\\/wp-content\\\/uploads\\\/2023\\\/08\\\/inovallee_2022_GrenobleAlpes.png\",\"width\":945,\"height\":369,\"caption\":\"inovall\u00e9e\"},\"image\":{\"@id\":\"https:\\\/\\\/www.inovallee.com\\\/#\\\/schema\\\/logo\\\/image\\\/\"},\"sameAs\":[\"https:\\\/\\\/www.facebook.com\\\/technopoleinovallee\\\/\",\"https:\\\/\\\/x.com\\\/inovallee\",\"https:\\\/\\\/www.linkedin.com\\\/company\\\/inovall-e\\\/\",\"https:\\\/\\\/www.youtube.com\\\/user\\\/inovallee?reload=9\"]},{\"@type\":\"Person\",\"@id\":\"https:\\\/\\\/www.inovallee.com\\\/#\\\/schema\\\/person\\\/a45b15518aad3111b2d61d257a3e023b\",\"name\":\"Inovallee\"}]}<\/script>\n<!-- \/ Yoast SEO plugin. -->","yoast_head_json":{"title":"Inovall\u00e9e: La CCI de Grenoble propose une journ\u00e9e d\u00e9di\u00e9e \u00e0 la transmission et \u00e0 la reprise d&#039;entreprises le lundi19 janvier 2015 - inovall\u00e9e","robots":{"index":"index","follow":"follow","max-snippet":"max-snippet:-1","max-image-preview":"max-image-preview:large","max-video-preview":"max-video-preview:-1"},"canonical":"https:\/\/www.inovallee.com\/en\/inovallee-la-cci-de-grenoble-propose-une-journee-dediee-a-la-transmission-et-a-la-reprise-dentreprises-le-lundi19-janvier-2015\/","og_locale":"en_GB","og_type":"article","og_title":"Inovall\u00e9e: La CCI de Grenoble propose une journ\u00e9e d\u00e9di\u00e9e \u00e0 la transmission et \u00e0 la reprise d&#039;entreprises le lundi19 janvier 2015 - inovall\u00e9e","og_description":"Le p\u00f4le transmission et le r\u00e9seau Ecobiz vous proposent la seconde \u00e9dition&nbsp;de la journ\u00e9e d\u00e9di\u00e9e \u00e0 la transmission et \u00e0 la reprise d&rsquo;entreprises.&nbsp;L&rsquo;objectif est de vous permettre d&rsquo;anticiper et de collecter les informations n\u00e9cessaires \u00e0 l&rsquo;aboutissement de votre projet.&nbsp;L&rsquo;occasion d&rsquo;obtenir des r\u00e9ponses au travers de conf\u00e9rences, d&rsquo;ateliers et de rencontrer des experts&nbsp; Conf\u00e9rence de 13 [&hellip;]","og_url":"https:\/\/www.inovallee.com\/en\/inovallee-la-cci-de-grenoble-propose-une-journee-dediee-a-la-transmission-et-a-la-reprise-dentreprises-le-lundi19-janvier-2015\/","og_site_name":"inovall\u00e9e","article_publisher":"https:\/\/www.facebook.com\/technopoleinovallee\/","article_published_time":"2015-01-13T15:20:00+00:00","article_modified_time":"2020-06-23T13:37:51+00:00","og_image":[{"url":"http:\/\/1.bp.blogspot.com\/-UrkAXr6y684\/VLPqtePw4FI\/AAAAAAAAPUc\/uO2TWyjz0a4\/s1600\/logo_CCIG_nv.png","type":"","width":"","height":""}],"author":"Inovallee","twitter_card":"summary_large_image","twitter_creator":"@inovallee","twitter_site":"@inovallee","twitter_misc":{"Written by":"Inovallee","Estimated reading time":"1 minute"},"schema":{"@context":"https:\/\/schema.org","@graph":[{"@type":"Article","@id":"https:\/\/www.inovallee.com\/inovallee-la-cci-de-grenoble-propose-une-journee-dediee-a-la-transmission-et-a-la-reprise-dentreprises-le-lundi19-janvier-2015\/#article","isPartOf":{"@id":"https:\/\/www.inovallee.com\/inovallee-la-cci-de-grenoble-propose-une-journee-dediee-a-la-transmission-et-a-la-reprise-dentreprises-le-lundi19-janvier-2015\/"},"author":{"name":"Inovallee","@id":"https:\/\/www.inovallee.com\/#\/schema\/person\/a45b15518aad3111b2d61d257a3e023b"},"headline":"Inovall\u00e9e: La CCI de Grenoble propose une journ\u00e9e d\u00e9di\u00e9e \u00e0 la transmission et \u00e0 la reprise d&#039;entreprises le lundi19 janvier 2015","datePublished":"2015-01-13T15:20:00+00:00","dateModified":"2020-06-23T13:37:51+00:00","mainEntityOfPage":{"@id":"https:\/\/www.inovallee.com\/inovallee-la-cci-de-grenoble-propose-une-journee-dediee-a-la-transmission-et-a-la-reprise-dentreprises-le-lundi19-janvier-2015\/"},"wordCount":186,"publisher":{"@id":"https:\/\/www.inovallee.com\/#organization"},"image":{"@id":"https:\/\/www.inovallee.com\/inovallee-la-cci-de-grenoble-propose-une-journee-dediee-a-la-transmission-et-a-la-reprise-dentreprises-le-lundi19-janvier-2015\/#primaryimage"},"thumbnailUrl":"http:\/\/1.bp.blogspot.com\/-UrkAXr6y684\/VLPqtePw4FI\/AAAAAAAAPUc\/uO2TWyjz0a4\/s1600\/logo_CCIG_nv.png","articleSection":["Sports &amp; Loisirs"],"inLanguage":"en-GB"},{"@type":"WebPage","@id":"https:\/\/www.inovallee.com\/inovallee-la-cci-de-grenoble-propose-une-journee-dediee-a-la-transmission-et-a-la-reprise-dentreprises-le-lundi19-janvier-2015\/","url":"https:\/\/www.inovallee.com\/inovallee-la-cci-de-grenoble-propose-une-journee-dediee-a-la-transmission-et-a-la-reprise-dentreprises-le-lundi19-janvier-2015\/","name":"Inovall\u00e9e: La CCI de Grenoble propose une journ\u00e9e d\u00e9di\u00e9e \u00e0 la transmission et \u00e0 la reprise d&#039;entreprises le lundi19 janvier 2015 - inovall\u00e9e","isPartOf":{"@id":"https:\/\/www.inovallee.com\/#website"},"primaryImageOfPage":{"@id":"https:\/\/www.inovallee.com\/inovallee-la-cci-de-grenoble-propose-une-journee-dediee-a-la-transmission-et-a-la-reprise-dentreprises-le-lundi19-janvier-2015\/#primaryimage"},"image":{"@id":"https:\/\/www.inovallee.com\/inovallee-la-cci-de-grenoble-propose-une-journee-dediee-a-la-transmission-et-a-la-reprise-dentreprises-le-lundi19-janvier-2015\/#primaryimage"},"thumbnailUrl":"http:\/\/1.bp.blogspot.com\/-UrkAXr6y684\/VLPqtePw4FI\/AAAAAAAAPUc\/uO2TWyjz0a4\/s1600\/logo_CCIG_nv.png","datePublished":"2015-01-13T15:20:00+00:00","dateModified":"2020-06-23T13:37:51+00:00","breadcrumb":{"@id":"https:\/\/www.inovallee.com\/inovallee-la-cci-de-grenoble-propose-une-journee-dediee-a-la-transmission-et-a-la-reprise-dentreprises-le-lundi19-janvier-2015\/#breadcrumb"},"inLanguage":"en-GB","potentialAction":[{"@type":"ReadAction","target":["https:\/\/www.inovallee.com\/inovallee-la-cci-de-grenoble-propose-une-journee-dediee-a-la-transmission-et-a-la-reprise-dentreprises-le-lundi19-janvier-2015\/"]}]},{"@type":"ImageObject","inLanguage":"en-GB","@id":"https:\/\/www.inovallee.com\/inovallee-la-cci-de-grenoble-propose-une-journee-dediee-a-la-transmission-et-a-la-reprise-dentreprises-le-lundi19-janvier-2015\/#primaryimage","url":"http:\/\/1.bp.blogspot.com\/-UrkAXr6y684\/VLPqtePw4FI\/AAAAAAAAPUc\/uO2TWyjz0a4\/s1600\/logo_CCIG_nv.png","contentUrl":"http:\/\/1.bp.blogspot.com\/-UrkAXr6y684\/VLPqtePw4FI\/AAAAAAAAPUc\/uO2TWyjz0a4\/s1600\/logo_CCIG_nv.png"},{"@type":"BreadcrumbList","@id":"https:\/\/www.inovallee.com\/inovallee-la-cci-de-grenoble-propose-une-journee-dediee-a-la-transmission-et-a-la-reprise-dentreprises-le-lundi19-janvier-2015\/#breadcrumb","itemListElement":[{"@type":"ListItem","position":1,"name":"Accueil","item":"https:\/\/www.inovallee.com\/"},{"@type":"ListItem","position":2,"name":"Inovall\u00e9e: La CCI de Grenoble propose une journ\u00e9e d\u00e9di\u00e9e \u00e0 la transmission et \u00e0 la reprise d&#039;entreprises le lundi19 janvier 2015"}]},{"@type":"WebSite","@id":"https:\/\/www.inovallee.com\/#website","url":"https:\/\/www.inovallee.com\/","name":"inovall\u00e9e technopole, Home to software & smart technologies","description":"Home to software &amp; smart technologies","publisher":{"@id":"https:\/\/www.inovallee.com\/#organization"},"potentialAction":[{"@type":"SearchAction","target":{"@type":"EntryPoint","urlTemplate":"https:\/\/www.inovallee.com\/?s={search_term_string}"},"query-input":{"@type":"PropertyValueSpecification","valueRequired":true,"valueName":"search_term_string"}}],"inLanguage":"en-GB"},{"@type":"Organization","@id":"https:\/\/www.inovallee.com\/#organization","name":"inovall\u00e9e","url":"https:\/\/www.inovallee.com\/","logo":{"@type":"ImageObject","inLanguage":"en-GB","@id":"https:\/\/www.inovallee.com\/#\/schema\/logo\/image\/","url":"https:\/\/www.inovallee.com\/wp-content\/uploads\/2023\/08\/inovallee_2022_GrenobleAlpes.png","contentUrl":"https:\/\/www.inovallee.com\/wp-content\/uploads\/2023\/08\/inovallee_2022_GrenobleAlpes.png","width":945,"height":369,"caption":"inovall\u00e9e"},"image":{"@id":"https:\/\/www.inovallee.com\/#\/schema\/logo\/image\/"},"sameAs":["https:\/\/www.facebook.com\/technopoleinovallee\/","https:\/\/x.com\/inovallee","https:\/\/www.linkedin.com\/company\/inovall-e\/","https:\/\/www.youtube.com\/user\/inovallee?reload=9"]},{"@type":"Person","@id":"https:\/\/www.inovallee.com\/#\/schema\/person\/a45b15518aad3111b2d61d257a3e023b","name":"Inovallee"}]}},"_links":{"self":[{"href":"https:\/\/www.inovallee.com\/en\/wp-json\/wp\/v2\/posts\/2040","targetHints":{"allow":["GET"]}}],"collection":[{"href":"https:\/\/www.inovallee.com\/en\/wp-json\/wp\/v2\/posts"}],"about":[{"href":"https:\/\/www.inovallee.com\/en\/wp-json\/wp\/v2\/types\/post"}],"author":[{"embeddable":true,"href":"https:\/\/www.inovallee.com\/en\/wp-json\/wp\/v2\/users\/6"}],"replies":[{"embeddable":true,"href":"https:\/\/www.inovallee.com\/en\/wp-json\/wp\/v2\/comments?post=2040"}],"version-history":[{"count":0,"href":"https:\/\/www.inovallee.com\/en\/wp-json\/wp\/v2\/posts\/2040\/revisions"}],"wp:attachment":[{"href":"https:\/\/www.inovallee.com\/en\/wp-json\/wp\/v2\/media?parent=2040"}],"wp:term":[{"taxonomy":"category","embeddable":true,"href":"https:\/\/www.inovallee.com\/en\/wp-json\/wp\/v2\/categories?post=2040"},{"taxonomy":"post_tag","embeddable":true,"href":"https:\/\/www.inovallee.com\/en\/wp-json\/wp\/v2\/tags?post=2040"}],"curies":[{"name":"wp","href":"https:\/\/api.w.org\/{rel}","templated":true}]}}