{"id":2041,"date":"2015-01-13T16:18:00","date_gmt":"2015-01-13T15:18:00","guid":{"rendered":"https:\/\/www.inovallee.com\/les-entreprises-dinovallee-recrutent-plus2sens-recherche-un-stagiaire\/"},"modified":"2015-01-13T16:18:00","modified_gmt":"2015-01-13T15:18:00","slug":"les-entreprises-dinovallee-recrutent-plus2sens-recherche-un-stagiaire","status":"publish","type":"post","link":"https:\/\/www.inovallee.com\/en\/les-entreprises-dinovallee-recrutent-plus2sens-recherche-un-stagiaire\/","title":{"rendered":"Les entreprises d&#039;inovall\u00e9e recrutent : plus2sens recherche un stagiaire"},"content":{"rendered":"<div dir=\"ltr\" style=\"text-align: left;\">\n<div style=\"clear: both; text-align: center;\"><a href=\"http:\/\/4.bp.blogspot.com\/-Gbg-sj9IYPg\/VLUSLaWftdI\/AAAAAAAAPVg\/d7awcqngwUk\/s1600\/plus2sens.jpg\" style=\"clear: left; float: left; margin-bottom: 1em; margin-right: 1em;\"><img decoding=\"async\" border=\"0\" src=\"http:\/\/4.bp.blogspot.com\/-Gbg-sj9IYPg\/VLUSLaWftdI\/AAAAAAAAPVg\/d7awcqngwUk\/s1600\/plus2sens.jpg\" height=\"185\" width=\"200\" \/><\/a><\/div>\n<div style=\"text-align: justify;\"><span style=\"background-color: white;\"><span style=\"font-family: Arial, Helvetica, sans-serif; font-size: x-small;\">L\u00b9agence de relations presse&nbsp;\u2013&nbsp;relations publiques PLUS<b>2<\/b>SENS se positionne aujourd&rsquo;hui comme une agence pluridisciplinaire r\u00e9active et experte sur son domaine d\u00b9activit\u00e9 et&nbsp;comme la 1\u00e9re agence de RP Rh\u00f4nalpine.<u5:p><\/u5:p><o:p><\/o:p><\/span><\/span><\/div>\n<div style=\"text-align: justify;\"><span style=\"background-color: white;\"><span style=\"font-family: Arial, Helvetica, sans-serif; font-size: x-small;\">Son \u00e9quipe de consultants (12 personnes sur Lyon et Grenoble) a su tisser au fil des ann\u00e9es des relations de confiance avec les m\u00e9dias et r\u00e9seaux influents r\u00e9gionaux et nationaux, relations dont elle fait b\u00e9n\u00e9ficier l\u00b9ensemble de ses clients.<u5:p><\/u5:p><o:p><\/o:p><\/span><\/span><\/div>\n<div style=\"text-align: justify;\"><span style=\"font-family: Arial, Helvetica, sans-serif; font-size: x-small;\"><br \/><\/span><\/div>\n<div style=\"text-align: justify;\"><span style=\"background-color: white;\"><span style=\"font-family: Arial, Helvetica, sans-serif; font-size: x-small;\">Nous accompagnons depuis 2007 de nombreuses entreprises (PME et grands groupes), collectivit\u00e9s territoriales et locales mais \u00e9galement de nombreux \u00e9v\u00e9nements r\u00e9gionaux, nationaux et internationaux dans la gestion de leurs relations presse et publiques : ADEME Rh\u00f4ne-Alpes, EDF&nbsp;Commerce&nbsp;RAA, agence d\u2019architecture Espace Ga\u00efa, Alpina Savoie, Harmonie Mutuelle Sud-Est, Apicil, Foire de Lyon\u2026<u5:p><\/u5:p><o:p><\/o:p><\/span><\/span><\/div>\n<div style=\"text-align: justify;\"><span style=\"background-color: white;\"><span style=\"font-family: Arial, Helvetica, sans-serif; font-size: x-small;\"><b><br \/><\/b><\/span><\/span><\/div>\n<div style=\"text-align: justify;\"><span style=\"background-color: white;\"><span style=\"font-family: Arial, Helvetica, sans-serif; font-size: x-small;\"><b>Pour accompagner notre d\u00e9veloppement, nous recherchons des stagiaires, tout au long de l\u2019ann\u00e9e, que nous impliquons dans nos missions quotidiennes.<\/b><u5:p><\/u5:p><o:p><\/o:p><\/span><\/span><\/div>\n<div style=\"text-align: justify;\"><span style=\"font-family: Arial, Helvetica, sans-serif; font-size: x-small;\"><br \/><\/span><\/div>\n<div style=\"text-align: justify;\"><span style=\"background-color: white;\"><span style=\"font-family: Arial, Helvetica, sans-serif; font-size: x-small;\"><b><span style=\"background-attachment: initial; background-clip: initial; background-image: initial; background-origin: initial; background-position: initial; background-repeat: initial; background-size: initial;\"><span style=\"color: #6fa8dc;\">Profil recherch\u00e9:<\/span><\/span><\/b><span style=\"background-attachment: initial; background-clip: initial; background-image: initial; background-origin: initial; background-position: initial; background-repeat: initial; background-size: initial;\">&nbsp;Etudiant(e) motiv\u00e9(e), curieux(se) et enthousiaste, avec un fort int\u00e9r\u00eat pour le monde des m\u00e9dias et l&rsquo;univers de la communication digitale, de pr\u00e9f\u00e9rence 3\u00e8 ou 4\u00e8 ann\u00e9e.<\/span><u5:p><\/u5:p><o:p><\/o:p><\/span><\/span><\/div>\n<div style=\"text-align: justify;\"><span style=\"font-family: Arial, Helvetica, sans-serif; font-size: x-small;\"><br \/><\/span><\/div>\n<div style=\"text-align: justify;\"><span style=\"background-color: white;\"><span style=\"font-family: Arial, Helvetica, sans-serif; font-size: x-small;\"><b><span style=\"color: #6fa8dc;\">Missions:<\/span><\/b><b>&nbsp;<\/b>Assister la directrice d&rsquo;agence dans les relations presse et le suivi op\u00e9rationnel des dossiers (r\u00e9daction de dossiers et communiqu\u00e9s de presse, organisation de conf\u00e9rences de presse et \u00e9v\u00e9nements presse en tous genre, relances t\u00e9l\u00e9phoniques, cr\u00e9ation de revues de presse, veille presse), community management (Facebook, Twitter, Youtube), communication digitale.&nbsp;<u5:p><\/u5:p><o:p><\/o:p><\/span><\/span><\/div>\n<div style=\"text-align: justify;\"><span style=\"font-family: Arial, Helvetica, sans-serif; font-size: x-small;\"><br \/><\/span><\/div>\n<div style=\"text-align: justify;\"><span style=\"background-color: white;\"><span style=\"font-family: Arial, Helvetica, sans-serif; font-size: x-small;\"><span style=\"color: #6fa8dc;\"><b>P\u00e9riode de stage<\/b><\/span> : toute l&rsquo;ann\u00e9e, dur\u00e9e modulable selon convention de stage<u5:p><\/u5:p><o:p><\/o:p><\/span><\/span><\/div>\n<div style=\"text-align: justify;\"><span style=\"background-color: white;\"><span style=\"font-family: Arial, Helvetica, sans-serif; font-size: x-small;\"><b><span style=\"color: #6fa8dc;\">Lieu du stage<\/span><\/b> : Parc d&rsquo;activit\u00e9 Inovall\u00e9e, 45 chemin du Vieux Ch\u00eane &#8211; 38240 MEYLAN&nbsp;<u5:p><\/u5:p><o:p><\/o:p><\/span><\/span><\/div>\n<div style=\"text-align: justify;\"><span style=\"font-family: Arial, Helvetica, sans-serif; font-size: x-small;\"><b><span style=\"color: #6fa8dc;\">Contact <\/span><\/b>: Claire-Marie Signouret &#8211;&nbsp;<a href=\"mailto:cm@plus2sens.com\">cm@plus2sens.com<\/a> \/ 04 38 38 01 01<\/span><\/p>\n<div><span style=\"font-family: 'Helvetica Neue'; font-size: 9pt;\"><o:p><\/o:p><\/span><\/div>\n<\/div>\n<div style=\"text-align: justify;\"><span style=\"background-color: white;\"><span style=\"font-family: Arial, Helvetica, sans-serif; font-size: x-small;\"><br \/><\/span><\/span><span style=\"background-color: white;\"><span style=\"font-family: Arial, Helvetica, sans-serif; font-size: x-small;\">Site internet :&nbsp;<a href=\"http:\/\/www.plus2sens.com\/accueil.html\">http:\/\/www.plus2sens.com\/accueil.html<\/a><u5:p><\/u5:p><o:p><\/o:p><\/span><\/span><\/div>\n<p><span style=\"background-color: white;\"><span style=\"font-family: Arial, Helvetica, sans-serif; font-size: x-small;\"><u5:p><\/u5:p><\/span><\/span><\/p>\n<div style=\"text-align: justify;\"><span style=\"background-color: white;\"><span style=\"font-family: Arial, Helvetica, sans-serif; font-size: x-small;\">@CMSignouret<\/span><\/span><span style=\"font-family: Helvetica Neue, serif; font-size: 9pt;\"><u5:p><\/u5:p><\/span><span style=\"color: black;\"><o:p><\/o:p><\/span><\/div>\n<\/div>","protected":false},"excerpt":{"rendered":"<p>L\u00b9agence de relations presse&nbsp;\u2013&nbsp;relations publiques PLUS2SENS se positionne aujourd&rsquo;hui comme une agence pluridisciplinaire r\u00e9active et experte sur son domaine d\u00b9activit\u00e9 et&nbsp;comme la 1\u00e9re agence de RP Rh\u00f4nalpine. Son \u00e9quipe de consultants (12 personnes sur Lyon et Grenoble) a su tisser au fil des ann\u00e9es des relations de confiance avec les m\u00e9dias et r\u00e9seaux influents r\u00e9gionaux [&hellip;]<\/p>\n","protected":false},"author":6,"featured_media":0,"comment_status":"closed","ping_status":"open","sticky":false,"template":"","format":"standard","meta":{"footnotes":""},"categories":[40,28],"tags":[],"class_list":["post-2041","post","type-post","status-publish","format-standard","hentry","category-rh-recrutement","category-actus-entreprises"],"yoast_head":"<!-- This site is optimized with the Yoast SEO plugin v27.4 - https:\/\/yoast.com\/product\/yoast-seo-wordpress\/ -->\n<title>Les entreprises d&#039;inovall\u00e9e recrutent : plus2sens recherche un stagiaire - inovall\u00e9e<\/title>\n<meta name=\"robots\" content=\"index, follow, max-snippet:-1, max-image-preview:large, max-video-preview:-1\" \/>\n<link rel=\"canonical\" href=\"https:\/\/www.inovallee.com\/en\/les-entreprises-dinovallee-recrutent-plus2sens-recherche-un-stagiaire\/\" \/>\n<meta property=\"og:locale\" content=\"en_GB\" \/>\n<meta property=\"og:type\" content=\"article\" \/>\n<meta property=\"og:title\" content=\"Les entreprises d&#039;inovall\u00e9e recrutent : plus2sens recherche un stagiaire - inovall\u00e9e\" \/>\n<meta property=\"og:description\" content=\"L\u00b9agence de relations presse&nbsp;\u2013&nbsp;relations publiques PLUS2SENS se positionne aujourd&rsquo;hui comme une agence pluridisciplinaire r\u00e9active et experte sur son domaine d\u00b9activit\u00e9 et&nbsp;comme la 1\u00e9re agence de RP Rh\u00f4nalpine. Son \u00e9quipe de consultants (12 personnes sur Lyon et Grenoble) a su tisser au fil des ann\u00e9es des relations de confiance avec les m\u00e9dias et r\u00e9seaux influents r\u00e9gionaux [&hellip;]\" \/>\n<meta property=\"og:url\" content=\"https:\/\/www.inovallee.com\/en\/les-entreprises-dinovallee-recrutent-plus2sens-recherche-un-stagiaire\/\" \/>\n<meta property=\"og:site_name\" content=\"inovall\u00e9e\" \/>\n<meta property=\"article:publisher\" content=\"https:\/\/www.facebook.com\/technopoleinovallee\/\" \/>\n<meta property=\"article:published_time\" content=\"2015-01-13T15:18:00+00:00\" \/>\n<meta property=\"og:image\" content=\"http:\/\/4.bp.blogspot.com\/-Gbg-sj9IYPg\/VLUSLaWftdI\/AAAAAAAAPVg\/d7awcqngwUk\/s1600\/plus2sens.jpg\" \/>\n<meta name=\"author\" content=\"Inovallee\" \/>\n<meta name=\"twitter:card\" content=\"summary_large_image\" \/>\n<meta name=\"twitter:creator\" content=\"@inovallee\" \/>\n<meta name=\"twitter:site\" content=\"@inovallee\" \/>\n<meta name=\"twitter:label1\" content=\"Written by\" \/>\n\t<meta name=\"twitter:data1\" content=\"Inovallee\" \/>\n\t<meta name=\"twitter:label2\" content=\"Estimated reading time\" \/>\n\t<meta name=\"twitter:data2\" content=\"2 minutes\" \/>\n<script type=\"application\/ld+json\" class=\"yoast-schema-graph\">{\"@context\":\"https:\\\/\\\/schema.org\",\"@graph\":[{\"@type\":\"Article\",\"@id\":\"https:\\\/\\\/www.inovallee.com\\\/les-entreprises-dinovallee-recrutent-plus2sens-recherche-un-stagiaire\\\/#article\",\"isPartOf\":{\"@id\":\"https:\\\/\\\/www.inovallee.com\\\/les-entreprises-dinovallee-recrutent-plus2sens-recherche-un-stagiaire\\\/\"},\"author\":{\"name\":\"Inovallee\",\"@id\":\"https:\\\/\\\/www.inovallee.com\\\/#\\\/schema\\\/person\\\/a45b15518aad3111b2d61d257a3e023b\"},\"headline\":\"Les entreprises d&#039;inovall\u00e9e recrutent : plus2sens recherche un stagiaire\",\"datePublished\":\"2015-01-13T15:18:00+00:00\",\"mainEntityOfPage\":{\"@id\":\"https:\\\/\\\/www.inovallee.com\\\/les-entreprises-dinovallee-recrutent-plus2sens-recherche-un-stagiaire\\\/\"},\"wordCount\":323,\"publisher\":{\"@id\":\"https:\\\/\\\/www.inovallee.com\\\/#organization\"},\"image\":{\"@id\":\"https:\\\/\\\/www.inovallee.com\\\/les-entreprises-dinovallee-recrutent-plus2sens-recherche-un-stagiaire\\\/#primaryimage\"},\"thumbnailUrl\":\"http:\\\/\\\/4.bp.blogspot.com\\\/-Gbg-sj9IYPg\\\/VLUSLaWftdI\\\/AAAAAAAAPVg\\\/d7awcqngwUk\\\/s1600\\\/plus2sens.jpg\",\"articleSection\":[\"RH \\\/ Recrutement\",\"Sucess stories des entreprises d'inovall\u00e9e\"],\"inLanguage\":\"en-GB\"},{\"@type\":\"WebPage\",\"@id\":\"https:\\\/\\\/www.inovallee.com\\\/les-entreprises-dinovallee-recrutent-plus2sens-recherche-un-stagiaire\\\/\",\"url\":\"https:\\\/\\\/www.inovallee.com\\\/les-entreprises-dinovallee-recrutent-plus2sens-recherche-un-stagiaire\\\/\",\"name\":\"Les entreprises d&#039;inovall\u00e9e recrutent : plus2sens recherche un stagiaire - inovall\u00e9e\",\"isPartOf\":{\"@id\":\"https:\\\/\\\/www.inovallee.com\\\/#website\"},\"primaryImageOfPage\":{\"@id\":\"https:\\\/\\\/www.inovallee.com\\\/les-entreprises-dinovallee-recrutent-plus2sens-recherche-un-stagiaire\\\/#primaryimage\"},\"image\":{\"@id\":\"https:\\\/\\\/www.inovallee.com\\\/les-entreprises-dinovallee-recrutent-plus2sens-recherche-un-stagiaire\\\/#primaryimage\"},\"thumbnailUrl\":\"http:\\\/\\\/4.bp.blogspot.com\\\/-Gbg-sj9IYPg\\\/VLUSLaWftdI\\\/AAAAAAAAPVg\\\/d7awcqngwUk\\\/s1600\\\/plus2sens.jpg\",\"datePublished\":\"2015-01-13T15:18:00+00:00\",\"breadcrumb\":{\"@id\":\"https:\\\/\\\/www.inovallee.com\\\/les-entreprises-dinovallee-recrutent-plus2sens-recherche-un-stagiaire\\\/#breadcrumb\"},\"inLanguage\":\"en-GB\",\"potentialAction\":[{\"@type\":\"ReadAction\",\"target\":[\"https:\\\/\\\/www.inovallee.com\\\/les-entreprises-dinovallee-recrutent-plus2sens-recherche-un-stagiaire\\\/\"]}]},{\"@type\":\"ImageObject\",\"inLanguage\":\"en-GB\",\"@id\":\"https:\\\/\\\/www.inovallee.com\\\/les-entreprises-dinovallee-recrutent-plus2sens-recherche-un-stagiaire\\\/#primaryimage\",\"url\":\"http:\\\/\\\/4.bp.blogspot.com\\\/-Gbg-sj9IYPg\\\/VLUSLaWftdI\\\/AAAAAAAAPVg\\\/d7awcqngwUk\\\/s1600\\\/plus2sens.jpg\",\"contentUrl\":\"http:\\\/\\\/4.bp.blogspot.com\\\/-Gbg-sj9IYPg\\\/VLUSLaWftdI\\\/AAAAAAAAPVg\\\/d7awcqngwUk\\\/s1600\\\/plus2sens.jpg\"},{\"@type\":\"BreadcrumbList\",\"@id\":\"https:\\\/\\\/www.inovallee.com\\\/les-entreprises-dinovallee-recrutent-plus2sens-recherche-un-stagiaire\\\/#breadcrumb\",\"itemListElement\":[{\"@type\":\"ListItem\",\"position\":1,\"name\":\"Accueil\",\"item\":\"https:\\\/\\\/www.inovallee.com\\\/\"},{\"@type\":\"ListItem\",\"position\":2,\"name\":\"Les entreprises d&#039;inovall\u00e9e recrutent : plus2sens recherche un stagiaire\"}]},{\"@type\":\"WebSite\",\"@id\":\"https:\\\/\\\/www.inovallee.com\\\/#website\",\"url\":\"https:\\\/\\\/www.inovallee.com\\\/\",\"name\":\"inovall\u00e9e technopole, Home to software & smart technologies\",\"description\":\"Home to software &amp; smart technologies\",\"publisher\":{\"@id\":\"https:\\\/\\\/www.inovallee.com\\\/#organization\"},\"potentialAction\":[{\"@type\":\"SearchAction\",\"target\":{\"@type\":\"EntryPoint\",\"urlTemplate\":\"https:\\\/\\\/www.inovallee.com\\\/?s={search_term_string}\"},\"query-input\":{\"@type\":\"PropertyValueSpecification\",\"valueRequired\":true,\"valueName\":\"search_term_string\"}}],\"inLanguage\":\"en-GB\"},{\"@type\":\"Organization\",\"@id\":\"https:\\\/\\\/www.inovallee.com\\\/#organization\",\"name\":\"inovall\u00e9e\",\"url\":\"https:\\\/\\\/www.inovallee.com\\\/\",\"logo\":{\"@type\":\"ImageObject\",\"inLanguage\":\"en-GB\",\"@id\":\"https:\\\/\\\/www.inovallee.com\\\/#\\\/schema\\\/logo\\\/image\\\/\",\"url\":\"https:\\\/\\\/www.inovallee.com\\\/wp-content\\\/uploads\\\/2023\\\/08\\\/inovallee_2022_GrenobleAlpes.png\",\"contentUrl\":\"https:\\\/\\\/www.inovallee.com\\\/wp-content\\\/uploads\\\/2023\\\/08\\\/inovallee_2022_GrenobleAlpes.png\",\"width\":945,\"height\":369,\"caption\":\"inovall\u00e9e\"},\"image\":{\"@id\":\"https:\\\/\\\/www.inovallee.com\\\/#\\\/schema\\\/logo\\\/image\\\/\"},\"sameAs\":[\"https:\\\/\\\/www.facebook.com\\\/technopoleinovallee\\\/\",\"https:\\\/\\\/x.com\\\/inovallee\",\"https:\\\/\\\/www.linkedin.com\\\/company\\\/inovall-e\\\/\",\"https:\\\/\\\/www.youtube.com\\\/user\\\/inovallee?reload=9\"]},{\"@type\":\"Person\",\"@id\":\"https:\\\/\\\/www.inovallee.com\\\/#\\\/schema\\\/person\\\/a45b15518aad3111b2d61d257a3e023b\",\"name\":\"Inovallee\"}]}<\/script>\n<!-- \/ Yoast SEO plugin. -->","yoast_head_json":{"title":"Les entreprises d&#039;inovall\u00e9e recrutent : plus2sens recherche un stagiaire - inovall\u00e9e","robots":{"index":"index","follow":"follow","max-snippet":"max-snippet:-1","max-image-preview":"max-image-preview:large","max-video-preview":"max-video-preview:-1"},"canonical":"https:\/\/www.inovallee.com\/en\/les-entreprises-dinovallee-recrutent-plus2sens-recherche-un-stagiaire\/","og_locale":"en_GB","og_type":"article","og_title":"Les entreprises d&#039;inovall\u00e9e recrutent : plus2sens recherche un stagiaire - inovall\u00e9e","og_description":"L\u00b9agence de relations presse&nbsp;\u2013&nbsp;relations publiques PLUS2SENS se positionne aujourd&rsquo;hui comme une agence pluridisciplinaire r\u00e9active et experte sur son domaine d\u00b9activit\u00e9 et&nbsp;comme la 1\u00e9re agence de RP Rh\u00f4nalpine. Son \u00e9quipe de consultants (12 personnes sur Lyon et Grenoble) a su tisser au fil des ann\u00e9es des relations de confiance avec les m\u00e9dias et r\u00e9seaux influents r\u00e9gionaux [&hellip;]","og_url":"https:\/\/www.inovallee.com\/en\/les-entreprises-dinovallee-recrutent-plus2sens-recherche-un-stagiaire\/","og_site_name":"inovall\u00e9e","article_publisher":"https:\/\/www.facebook.com\/technopoleinovallee\/","article_published_time":"2015-01-13T15:18:00+00:00","og_image":[{"url":"http:\/\/4.bp.blogspot.com\/-Gbg-sj9IYPg\/VLUSLaWftdI\/AAAAAAAAPVg\/d7awcqngwUk\/s1600\/plus2sens.jpg","type":"","width":"","height":""}],"author":"Inovallee","twitter_card":"summary_large_image","twitter_creator":"@inovallee","twitter_site":"@inovallee","twitter_misc":{"Written by":"Inovallee","Estimated reading time":"2 minutes"},"schema":{"@context":"https:\/\/schema.org","@graph":[{"@type":"Article","@id":"https:\/\/www.inovallee.com\/les-entreprises-dinovallee-recrutent-plus2sens-recherche-un-stagiaire\/#article","isPartOf":{"@id":"https:\/\/www.inovallee.com\/les-entreprises-dinovallee-recrutent-plus2sens-recherche-un-stagiaire\/"},"author":{"name":"Inovallee","@id":"https:\/\/www.inovallee.com\/#\/schema\/person\/a45b15518aad3111b2d61d257a3e023b"},"headline":"Les entreprises d&#039;inovall\u00e9e recrutent : plus2sens recherche un stagiaire","datePublished":"2015-01-13T15:18:00+00:00","mainEntityOfPage":{"@id":"https:\/\/www.inovallee.com\/les-entreprises-dinovallee-recrutent-plus2sens-recherche-un-stagiaire\/"},"wordCount":323,"publisher":{"@id":"https:\/\/www.inovallee.com\/#organization"},"image":{"@id":"https:\/\/www.inovallee.com\/les-entreprises-dinovallee-recrutent-plus2sens-recherche-un-stagiaire\/#primaryimage"},"thumbnailUrl":"http:\/\/4.bp.blogspot.com\/-Gbg-sj9IYPg\/VLUSLaWftdI\/AAAAAAAAPVg\/d7awcqngwUk\/s1600\/plus2sens.jpg","articleSection":["RH \/ Recrutement","Sucess stories des entreprises d'inovall\u00e9e"],"inLanguage":"en-GB"},{"@type":"WebPage","@id":"https:\/\/www.inovallee.com\/les-entreprises-dinovallee-recrutent-plus2sens-recherche-un-stagiaire\/","url":"https:\/\/www.inovallee.com\/les-entreprises-dinovallee-recrutent-plus2sens-recherche-un-stagiaire\/","name":"Les entreprises d&#039;inovall\u00e9e recrutent : plus2sens recherche un stagiaire - inovall\u00e9e","isPartOf":{"@id":"https:\/\/www.inovallee.com\/#website"},"primaryImageOfPage":{"@id":"https:\/\/www.inovallee.com\/les-entreprises-dinovallee-recrutent-plus2sens-recherche-un-stagiaire\/#primaryimage"},"image":{"@id":"https:\/\/www.inovallee.com\/les-entreprises-dinovallee-recrutent-plus2sens-recherche-un-stagiaire\/#primaryimage"},"thumbnailUrl":"http:\/\/4.bp.blogspot.com\/-Gbg-sj9IYPg\/VLUSLaWftdI\/AAAAAAAAPVg\/d7awcqngwUk\/s1600\/plus2sens.jpg","datePublished":"2015-01-13T15:18:00+00:00","breadcrumb":{"@id":"https:\/\/www.inovallee.com\/les-entreprises-dinovallee-recrutent-plus2sens-recherche-un-stagiaire\/#breadcrumb"},"inLanguage":"en-GB","potentialAction":[{"@type":"ReadAction","target":["https:\/\/www.inovallee.com\/les-entreprises-dinovallee-recrutent-plus2sens-recherche-un-stagiaire\/"]}]},{"@type":"ImageObject","inLanguage":"en-GB","@id":"https:\/\/www.inovallee.com\/les-entreprises-dinovallee-recrutent-plus2sens-recherche-un-stagiaire\/#primaryimage","url":"http:\/\/4.bp.blogspot.com\/-Gbg-sj9IYPg\/VLUSLaWftdI\/AAAAAAAAPVg\/d7awcqngwUk\/s1600\/plus2sens.jpg","contentUrl":"http:\/\/4.bp.blogspot.com\/-Gbg-sj9IYPg\/VLUSLaWftdI\/AAAAAAAAPVg\/d7awcqngwUk\/s1600\/plus2sens.jpg"},{"@type":"BreadcrumbList","@id":"https:\/\/www.inovallee.com\/les-entreprises-dinovallee-recrutent-plus2sens-recherche-un-stagiaire\/#breadcrumb","itemListElement":[{"@type":"ListItem","position":1,"name":"Accueil","item":"https:\/\/www.inovallee.com\/"},{"@type":"ListItem","position":2,"name":"Les entreprises d&#039;inovall\u00e9e recrutent : plus2sens recherche un stagiaire"}]},{"@type":"WebSite","@id":"https:\/\/www.inovallee.com\/#website","url":"https:\/\/www.inovallee.com\/","name":"inovall\u00e9e technopole, Home to software & smart technologies","description":"Home to software &amp; smart technologies","publisher":{"@id":"https:\/\/www.inovallee.com\/#organization"},"potentialAction":[{"@type":"SearchAction","target":{"@type":"EntryPoint","urlTemplate":"https:\/\/www.inovallee.com\/?s={search_term_string}"},"query-input":{"@type":"PropertyValueSpecification","valueRequired":true,"valueName":"search_term_string"}}],"inLanguage":"en-GB"},{"@type":"Organization","@id":"https:\/\/www.inovallee.com\/#organization","name":"inovall\u00e9e","url":"https:\/\/www.inovallee.com\/","logo":{"@type":"ImageObject","inLanguage":"en-GB","@id":"https:\/\/www.inovallee.com\/#\/schema\/logo\/image\/","url":"https:\/\/www.inovallee.com\/wp-content\/uploads\/2023\/08\/inovallee_2022_GrenobleAlpes.png","contentUrl":"https:\/\/www.inovallee.com\/wp-content\/uploads\/2023\/08\/inovallee_2022_GrenobleAlpes.png","width":945,"height":369,"caption":"inovall\u00e9e"},"image":{"@id":"https:\/\/www.inovallee.com\/#\/schema\/logo\/image\/"},"sameAs":["https:\/\/www.facebook.com\/technopoleinovallee\/","https:\/\/x.com\/inovallee","https:\/\/www.linkedin.com\/company\/inovall-e\/","https:\/\/www.youtube.com\/user\/inovallee?reload=9"]},{"@type":"Person","@id":"https:\/\/www.inovallee.com\/#\/schema\/person\/a45b15518aad3111b2d61d257a3e023b","name":"Inovallee"}]}},"_links":{"self":[{"href":"https:\/\/www.inovallee.com\/en\/wp-json\/wp\/v2\/posts\/2041","targetHints":{"allow":["GET"]}}],"collection":[{"href":"https:\/\/www.inovallee.com\/en\/wp-json\/wp\/v2\/posts"}],"about":[{"href":"https:\/\/www.inovallee.com\/en\/wp-json\/wp\/v2\/types\/post"}],"author":[{"embeddable":true,"href":"https:\/\/www.inovallee.com\/en\/wp-json\/wp\/v2\/users\/6"}],"replies":[{"embeddable":true,"href":"https:\/\/www.inovallee.com\/en\/wp-json\/wp\/v2\/comments?post=2041"}],"version-history":[{"count":0,"href":"https:\/\/www.inovallee.com\/en\/wp-json\/wp\/v2\/posts\/2041\/revisions"}],"wp:attachment":[{"href":"https:\/\/www.inovallee.com\/en\/wp-json\/wp\/v2\/media?parent=2041"}],"wp:term":[{"taxonomy":"category","embeddable":true,"href":"https:\/\/www.inovallee.com\/en\/wp-json\/wp\/v2\/categories?post=2041"},{"taxonomy":"post_tag","embeddable":true,"href":"https:\/\/www.inovallee.com\/en\/wp-json\/wp\/v2\/tags?post=2041"}],"curies":[{"name":"wp","href":"https:\/\/api.w.org\/{rel}","templated":true}]}}